{"id":10153,"date":"2024-04-22T08:57:05","date_gmt":"2024-04-22T06:57:05","guid":{"rendered":"https:\/\/www.lespetitsbaroudeurs.com\/blog\/?p=10153"},"modified":"2024-05-21T10:15:17","modified_gmt":"2024-05-21T08:15:17","slug":"la-traversee-des-ardennes-et-de-largonne-a-pied","status":"publish","type":"post","link":"https:\/\/www.lespetitsbaroudeurs.com\/blog\/la-traversee-des-ardennes-et-de-largonne-a-pied\/","title":{"rendered":"L&rsquo;\u00e9pop\u00e9e d&rsquo;Hom\u00e8re : La travers\u00e9e des Ardennes et de l&rsquo;Argonne \u00e0 pied"},"content":{"rendered":"\n<p><em>Romain&nbsp;et Justine, la trentaine, sont parents depuis d\u00e9cembre 2023 d\u2019un petit Hom\u00e8re. Amoureux d\u2019aventures, ils se sont lanc\u00e9s, le premier avril 2024 (sans blague), dans la travers\u00e9e de la \u00ab&nbsp;diagonale du Vide&nbsp;\u00bb, \u00e0 pied, avec Hom\u00e8re ! Ainsi, depuis Sedan jusqu\u2019\u00e0 Saint-Jean-Pied-de-Port, ils vont parcourir 1700km \u00e0 travers la France, du nord-est au sud-ouest. La plus grande odyss\u00e9e qu&rsquo;il n&rsquo;ait jamais envisag\u00e9e de r\u00e9aliser, port\u00e9s par leur petit Hom\u00e8re, qui leur donne moult \u00e9nergie et leur ouvre bien des portes. Car il esp\u00e8re compter sur l\u2019hospitalit\u00e9 de leurs compatriotes !<\/em><br>Voici un premier t\u00e9moignage de leur passage dans l\u2019est, r\u00e9gion qu&rsquo;ils ont d\u00e9couvert pour l\u2019occasion, pour la travers\u00e9e des Ardennes et de l&rsquo;Argonne \u00e0 pied !&nbsp;<\/p>\n\n\n\n<h2>Le parcours en bref de la travers\u00e9e des Ardennes et de l&rsquo;Argonne \u00e0 pied<\/h2>\n\n\n\n<p>Depuis Sedan, nous suivrons le trac\u00e9 du GR14 au maximum, avec des \u00e9carts pour contourner les points infranchissables pour notre chariot.<\/p>\n\n\n\n<ul><li>1er jour : Sedan &#8211; Bulson &#8211; 10km<\/li><li>2\u00e8me jour : Bulson &#8211; Artaise &#8211; 13km<\/li><li>3\u00e8me jour : Artaise &#8211; Bar-les-Buzancy &#8211; 21km<\/li><li>4\u00e8me jour : Bar-les-Buzancy &#8211; Chevi\u00e8res &#8211; 20km<\/li><li>5\u00e8me jour : Chevi\u00e8res &#8211; Chatel-Ch\u00e9h\u00e9ry &#8211; 8km<\/li><li>6\u00e8me jour : Chatel-Ch\u00e9h\u00e9ry &#8211; Varennes 14km<\/li><\/ul>\n\n\n\n<figure class=\"wp-block-image size-large\"><img loading=\"lazy\" width=\"1024\" height=\"768\" src=\"https:\/\/www.lespetitsbaroudeurs.com\/blog\/wp-content\/uploads\/2024\/04\/Traversee-des-Ardennes-et-de-lArgonne-a-pied-8.jpg\" alt=\"Travers\u00e9e des Ardennes et de l'Argonne \u00e0 pied - Champ\" class=\"wp-image-10171\" srcset=\"https:\/\/www.lespetitsbaroudeurs.com\/blog\/wp-content\/uploads\/2024\/04\/Traversee-des-Ardennes-et-de-lArgonne-a-pied-8.jpg 1024w, https:\/\/www.lespetitsbaroudeurs.com\/blog\/wp-content\/uploads\/2024\/04\/Traversee-des-Ardennes-et-de-lArgonne-a-pied-8-300x225.jpg 300w, https:\/\/www.lespetitsbaroudeurs.com\/blog\/wp-content\/uploads\/2024\/04\/Traversee-des-Ardennes-et-de-lArgonne-a-pied-8-768x576.jpg 768w\" sizes=\"(max-width: 1024px) 100vw, 1024px\" \/><\/figure>\n\n\n\n<h2>Les coups de c\u0153ur de la travers\u00e9e des Ardennes et de l&rsquo;Argonne \u00e0 pied<\/h2>\n\n\n\n<h3>Visiter Sedan en demeurant au G\u00eete la Citadine<\/h3>\n\n\n\n<p>\u00c0 Sedan, nous ne saurions que trop vous recommander de rester, pour la veille de votre d\u00e9part, ou plus, au <a href=\"https:\/\/www.ardennes.com\/chambre-hotes\/gite-la-citadine\/\" target=\"_blank\" rel=\"noreferrer noopener\">G\u00eete la Citadine<\/a>, sur l\u2019avenue du G\u00e9n\u00e9ral Margueritte. C\u2019est en effet un petit \u00e9crin de chaleur, magnifiquement d\u00e9cor\u00e9, tenu par un couple adorable et attentionn\u00e9. Disposant d\u2019un lit \u00e0 b\u00e9b\u00e9 et d\u2019un landeau, Hom\u00e8re y a d&rsquo;ailleurs \u00e9t\u00e9 re\u00e7u comme un roi. Tout y est pour cuisiner et se poser avant d\u2019entamer la route ! Nous avons pass\u00e9 de beaux moments sur leur terrasse couverte qui nous a bien prot\u00e9g\u00e9 de la pluie.&nbsp;<\/p>\n\n\n\n<p>Avant le d\u00e9part : petit tour dans Sedan. Vous trouverez de quoi vous ravitailler ais\u00e9ment \u00e0 l\u2019Intermarch\u00e9, qui dispose d\u2019un rayon boucherie.&nbsp; Nous vous conseillons aussi de visiter le ch\u00e2teau, monument pr\u00e9f\u00e9r\u00e9 des Fran\u00e7ais en 2023 ! Entrez en poussette par la Porte des Princes, ce sera plus simple !&nbsp; Profitez-en pour d\u00e9guster du carolo, la p\u00e2tisserie locale !&nbsp;<\/p>\n\n\n\n<h3>Franchir les c\u00f4tes des Ardennes et d\u00e9couvrir le beau village de Bulson<\/h3>\n\n\n\n<p>Autre coup de c\u0153ur : le village de Bulson.&nbsp;Nous y arrivons assez facilement depuis Sedan avec notre belle poussette aux allures de char d\u2019assaut. Mais attention, cela monte quelque peu ! Des tables de pique-nique jouxtent le cimeti\u00e8re militaire au-dessus de Noyers, ce qui nous a permis de nourrir Hom\u00e8re et de nous nourrir avec un peu de confort !&nbsp; De plus, depuis l\u00e0-haut, la vue sur Sedan est imprenable ! Prenez-en plein la vue.<\/p>\n\n\n\n<figure class=\"wp-block-image size-large\"><img loading=\"lazy\" width=\"1024\" height=\"768\" src=\"https:\/\/www.lespetitsbaroudeurs.com\/blog\/wp-content\/uploads\/2024\/04\/Traversee-des-Ardennes-et-de-lArgonne-a-pied-1.jpg\" alt=\"Travers\u00e9e des Ardennes et de l'Argonne \u00e0 pied - Cimeti\u00e8re militaire\" class=\"wp-image-10164\" srcset=\"https:\/\/www.lespetitsbaroudeurs.com\/blog\/wp-content\/uploads\/2024\/04\/Traversee-des-Ardennes-et-de-lArgonne-a-pied-1.jpg 1024w, https:\/\/www.lespetitsbaroudeurs.com\/blog\/wp-content\/uploads\/2024\/04\/Traversee-des-Ardennes-et-de-lArgonne-a-pied-1-300x225.jpg 300w, https:\/\/www.lespetitsbaroudeurs.com\/blog\/wp-content\/uploads\/2024\/04\/Traversee-des-Ardennes-et-de-lArgonne-a-pied-1-768x576.jpg 768w\" sizes=\"(max-width: 1024px) 100vw, 1024px\" \/><\/figure>\n\n\n\n<p>Vous arriverez rapidement \u00e0 Bulson mais avant, \u00e0 Chaumont, on peut remarquer de belles gravures sur les devantures des maisons, gravures r\u00e9alis\u00e9es pendant la Premi\u00e8re Guerre mondiale. Bulson est un magnifique petit village, le maire est agr\u00e9able, accueillant, tout comme le jeune boulanger qui s\u2019est r\u00e9cemment install\u00e9 dans ce hameau de 130 habitants ! L\u2019\u00e9glise aussi est belle, toute r\u00e9nov\u00e9e.<\/p>\n\n\n\n<p>Vous resterez au g\u00eete McArthur, \u00e0 la riche histoire et totalement \u00e9quip\u00e9 pour accueillir jeunes et moins jeunes. Aurore, qui le g\u00e8re, est touchante d\u2019attention et pleine d\u2019\u00e9nergie ! Elle est elle-m\u00eame une baroudeuse !&nbsp;<\/p>\n\n\n\n<h3>Les champs et vallons des Ardennes<\/h3>\n\n\n\n<p>De Bulson \u00e0 Artaise, vous passerez par Ch\u00e9mery-sur-Bar. Pique-nique en famille dans les Halles du village, \u00e0 c\u00f4t\u00e9 de sa belle \u00e9glise ! M\u00eame Hom\u00e8re prend un court bain de soleil, rare pendant les jours o\u00f9 nous traverserons la r\u00e9gion !&nbsp; Vous pourrez vous ravitailler et d\u00e9jeuner \u00e0 l\u2019Escale ou au Coin d\u2019Enfer. Profitez encore de la beaut\u00e9 des champs, notamment de colza, qui en font voir de toutes les couleurs \u00e0 nos pupilles, et \u00e0 celles d\u2019Hom\u00e8re.<\/p>\n\n\n\n<figure class=\"wp-block-image size-large\"><img loading=\"lazy\" width=\"768\" height=\"1024\" src=\"https:\/\/www.lespetitsbaroudeurs.com\/blog\/wp-content\/uploads\/2024\/04\/Traversee-des-Ardennes-et-de-lArgonne-a-pied-5.jpg\" alt=\"Travers\u00e9e des Ardennes et de l'Argonne \u00e0 pied - Pause pour Hom\u00e8re\" class=\"wp-image-10163\" srcset=\"https:\/\/www.lespetitsbaroudeurs.com\/blog\/wp-content\/uploads\/2024\/04\/Traversee-des-Ardennes-et-de-lArgonne-a-pied-5.jpg 768w, https:\/\/www.lespetitsbaroudeurs.com\/blog\/wp-content\/uploads\/2024\/04\/Traversee-des-Ardennes-et-de-lArgonne-a-pied-5-225x300.jpg 225w\" sizes=\"(max-width: 768px) 100vw, 768px\" \/><\/figure>\n\n\n\n<h3>L\u2019\u00e9glise de Stonne et la fresque de Calka&nbsp;<\/h3>\n\n\n\n<p>Depuis Artaise, les amoureux d\u2019histoire pourront se rendre facilement \u00e0 Stonne. Les routes sont bonnes et permettent une avanc\u00e9e rapide malgr\u00e9 le poids des sacs et du Thule, charg\u00e9 d\u2019Hom\u00e8re !<\/p>\n\n\n\n<p>Nous arrivons ensuite \u00e0 Stonne : le \u00ab&nbsp;Verdun de 1940&nbsp;\u00bb, t\u00e9moin d\u2019une grande bataille de chars en mai 1940. Toute la r\u00e9gion regorge d\u2019incroyables monuments et cimeti\u00e8res militaires. Un AMX-13 garde la butte, inaccessible en poussette h\u00e9las.&nbsp;Mais depuis les hauteurs, vous aurez une vue panoramique sur toute la r\u00e9gion. \u00c0 voir ! Dans l\u2019\u00e9glise du petit village, une fresque de Calka, \u00e9tonnante, met en valeur tout le c\u0153ur. Sa restauration est d&rsquo;ailleurs promue par l\u2019association \u00ab&nbsp;Calka \u00e0 Stonne&nbsp;\u00bb, anim\u00e9e par des personnes remarquables.&nbsp; De plus, un mus\u00e9e relate l\u2019histoire de cette pro\u00e9minence du relief pour laquelle tant d\u2019hommes sont tomb\u00e9s.<\/p>\n\n\n\n<figure class=\"wp-block-image size-large\"><img loading=\"lazy\" width=\"1024\" height=\"768\" src=\"https:\/\/www.lespetitsbaroudeurs.com\/blog\/wp-content\/uploads\/2024\/04\/Traversee-des-Ardennes-et-de-lArgonne-a-pied-6.jpg\" alt=\"Travers\u00e9e des Ardennes et de l'Argonne \u00e0 pied - Char\" class=\"wp-image-10165\" srcset=\"https:\/\/www.lespetitsbaroudeurs.com\/blog\/wp-content\/uploads\/2024\/04\/Traversee-des-Ardennes-et-de-lArgonne-a-pied-6.jpg 1024w, https:\/\/www.lespetitsbaroudeurs.com\/blog\/wp-content\/uploads\/2024\/04\/Traversee-des-Ardennes-et-de-lArgonne-a-pied-6-300x225.jpg 300w, https:\/\/www.lespetitsbaroudeurs.com\/blog\/wp-content\/uploads\/2024\/04\/Traversee-des-Ardennes-et-de-lArgonne-a-pied-6-768x576.jpg 768w\" sizes=\"(max-width: 1024px) 100vw, 1024px\" \/><\/figure>\n\n\n\n<p>Une petite table permet l\u00e0-aussi, un pique-nique confortable !&nbsp; La route est belle jusqu\u2019\u00e0 Bar-les-Buzancy. Le village d\u2019Oches vaut le coup d\u2019\u0153il. \u00c0 Bar et Harricourt, des habitants engag\u00e9s proposent de beaux petits chemins de randonn\u00e9es permettant de d\u00e9couvrir \u00e9tangs et rivi\u00e8res \u00e0 proximit\u00e9, mais aussi les \u00e9glises et les lavoirs des villages. Tr\u00e8s sympa !<\/p>\n\n\n\n<h3>La classe de Grandpr\u00e9 !<\/h3>\n\n\n\n<p>De Bar-les-Buzancy, nous irons ensuite jusqu\u2019\u00e0 Chevi\u00e8res, en passant par Grandpr\u00e9. Un Carrefour et des boulangeries permettent un ravitaillement bienvenu. Un rayon boucherie vous offre fuson lorrain et p\u00e2t\u00e9 ardennais, on adore !<br>Le ch\u00e2teau et la ville sont vraiment remarquables avec leurs briques rouges. L\u2019\u00e9glise Saint-M\u00e9dard vaut le coup d\u2019\u0153il, tout comme celle de Chevi\u00e8res. Ce petit village l\u2019entretient avec soin. Entre les deux bourgs, les champs, les champs et les champs. Hom\u00e8re aussi en prend plein les yeux !&nbsp;<\/p>\n\n\n\n<figure class=\"wp-block-image size-large\"><img loading=\"lazy\" width=\"1024\" height=\"768\" src=\"https:\/\/www.lespetitsbaroudeurs.com\/blog\/wp-content\/uploads\/2024\/04\/Traversee-des-Ardennes-et-de-lArgonne-a-pied-4.jpg\" alt=\"Travers\u00e9e des Ardennes et de l'Argonne \u00e0 pied - Paysages\" class=\"wp-image-10166\" srcset=\"https:\/\/www.lespetitsbaroudeurs.com\/blog\/wp-content\/uploads\/2024\/04\/Traversee-des-Ardennes-et-de-lArgonne-a-pied-4.jpg 1024w, https:\/\/www.lespetitsbaroudeurs.com\/blog\/wp-content\/uploads\/2024\/04\/Traversee-des-Ardennes-et-de-lArgonne-a-pied-4-300x225.jpg 300w, https:\/\/www.lespetitsbaroudeurs.com\/blog\/wp-content\/uploads\/2024\/04\/Traversee-des-Ardennes-et-de-lArgonne-a-pied-4-768x576.jpg 768w\" sizes=\"(max-width: 1024px) 100vw, 1024px\" \/><\/figure>\n\n\n\n<h3>La splendide Abbaye de Ch\u00e9h\u00e9ry !&nbsp;<\/h3>\n\n\n\n<p>Pour parvenir \u00e0 Chatel, retour dans les bois et entr\u00e9e dans le massif de l\u2019Argonne.&nbsp; L\u2019\u00e9tang de la Besogne est un havre de paix et de verdure. Une table, signal\u00e9e sur les cartes IGN, est bien pr\u00e9sente l\u00e0-aussi sur les hauteurs de Ch\u00e2tel. Toujours bienvenu pour pique-niquer. \u00c0 Ch\u00e9h\u00e9ry, passez voir l\u2019abbaye en cours de restauration, elle est magnifique et de nombreuses activit\u00e9s sont propos\u00e9es toute l\u2019ann\u00e9e pour la mettre en valeur. Une association assure sa restauration, \u00ab&nbsp;Les Amis de l\u2019Abbaye de Ch\u00e9h\u00e9ry&nbsp;\u00bb. De belles rencontres \u00e0 faire !&nbsp;<\/p>\n\n\n\n<figure class=\"wp-block-image size-large\"><img loading=\"lazy\" width=\"1024\" height=\"768\" src=\"https:\/\/www.lespetitsbaroudeurs.com\/blog\/wp-content\/uploads\/2024\/04\/Traversee-des-Ardennes-et-de-lArgonne-a-pied-9.jpg\" alt=\"Travers\u00e9e des Ardennes et de l'Argonne \u00e0 pied - Abbaye de Ch\u00e9h\u00e9ry\" class=\"wp-image-10169\" srcset=\"https:\/\/www.lespetitsbaroudeurs.com\/blog\/wp-content\/uploads\/2024\/04\/Traversee-des-Ardennes-et-de-lArgonne-a-pied-9.jpg 1024w, https:\/\/www.lespetitsbaroudeurs.com\/blog\/wp-content\/uploads\/2024\/04\/Traversee-des-Ardennes-et-de-lArgonne-a-pied-9-300x225.jpg 300w, https:\/\/www.lespetitsbaroudeurs.com\/blog\/wp-content\/uploads\/2024\/04\/Traversee-des-Ardennes-et-de-lArgonne-a-pied-9-768x576.jpg 768w\" sizes=\"(max-width: 1024px) 100vw, 1024px\" \/><\/figure>\n\n\n\n<h3>Dans les gorges de l\u2019Argonne<\/h3>\n\n\n\n<p>De Ch\u00e2tel-Ch\u00e9h\u00e9ry, nous reprenons la route, ou plut\u00f4t les bois, direction Varennes. Jusqu\u2019\u00e0 la ville qui vit la fuite de Louis XVI se r\u00e9v\u00e9ler vaine, vous ne trouverez que des tron\u00e7ons de bois, sur lesquels un casse-cro\u00fbte n\u2019est pas d\u00e9sagr\u00e9able !&nbsp;Nous voici sortis des Ardennes pour entrer dans la Meuse.<\/p>\n\n\n\n<p>\u00c0 Varennes, on visite la Tour de Louis XVI, et profitons du joli petit march\u00e9 dominical pour glaner quelques produits locaux.&nbsp; C\u2019\u00e9tait alors une premi\u00e8re pour nous dans cette r\u00e9gion de France, fort accueillante et au patrimoine historique remarquable ! On poursuit notre route vers le sud ! Le chemin est encore long ! &nbsp;<\/p>\n\n\n\n<figure class=\"wp-block-gallery columns-2 is-cropped\"><ul class=\"blocks-gallery-grid\"><li class=\"blocks-gallery-item\"><figure><img loading=\"lazy\" width=\"768\" height=\"1024\" src=\"https:\/\/www.lespetitsbaroudeurs.com\/blog\/wp-content\/uploads\/2024\/04\/Traversee-des-Ardennes-et-de-lArgonne-a-pied-2.jpg\" alt=\"Travers\u00e9e des Ardennes et de l'Argonne \u00e0 pied - Mont\u00e9e dans la for\u00eat\" data-id=\"10167\" data-full-url=\"https:\/\/www.lespetitsbaroudeurs.com\/blog\/wp-content\/uploads\/2024\/04\/Traversee-des-Ardennes-et-de-lArgonne-a-pied-2.jpg\" data-link=\"https:\/\/www.lespetitsbaroudeurs.com\/blog\/?attachment_id=10167\" class=\"wp-image-10167\" srcset=\"https:\/\/www.lespetitsbaroudeurs.com\/blog\/wp-content\/uploads\/2024\/04\/Traversee-des-Ardennes-et-de-lArgonne-a-pied-2.jpg 768w, https:\/\/www.lespetitsbaroudeurs.com\/blog\/wp-content\/uploads\/2024\/04\/Traversee-des-Ardennes-et-de-lArgonne-a-pied-2-225x300.jpg 225w\" sizes=\"(max-width: 768px) 100vw, 768px\" \/><\/figure><\/li><li class=\"blocks-gallery-item\"><figure><img loading=\"lazy\" width=\"1024\" height=\"768\" src=\"https:\/\/www.lespetitsbaroudeurs.com\/blog\/wp-content\/uploads\/2024\/04\/Traversee-des-Ardennes-et-de-lArgonne-a-pied-7.jpg\" alt=\"Travers\u00e9e des Ardennes et de l'Argonne \u00e0 pied\" data-id=\"10168\" data-full-url=\"https:\/\/www.lespetitsbaroudeurs.com\/blog\/wp-content\/uploads\/2024\/04\/Traversee-des-Ardennes-et-de-lArgonne-a-pied-7.jpg\" data-link=\"https:\/\/www.lespetitsbaroudeurs.com\/blog\/?attachment_id=10168\" class=\"wp-image-10168\" srcset=\"https:\/\/www.lespetitsbaroudeurs.com\/blog\/wp-content\/uploads\/2024\/04\/Traversee-des-Ardennes-et-de-lArgonne-a-pied-7.jpg 1024w, https:\/\/www.lespetitsbaroudeurs.com\/blog\/wp-content\/uploads\/2024\/04\/Traversee-des-Ardennes-et-de-lArgonne-a-pied-7-300x225.jpg 300w, https:\/\/www.lespetitsbaroudeurs.com\/blog\/wp-content\/uploads\/2024\/04\/Traversee-des-Ardennes-et-de-lArgonne-a-pied-7-768x576.jpg 768w\" sizes=\"(max-width: 1024px) 100vw, 1024px\" \/><\/figure><\/li><\/ul><\/figure>\n\n\n\n<h2>Conseils et infos pratiques pour la travers\u00e9e des Ardennes et de l&rsquo;Argonne \u00e0 pied<\/h2>\n\n\n\n<h3>Conseils pour g\u00e9rer les distances et les trajets avec un b\u00e9b\u00e9 lors de la travers\u00e9e des Ardennes et de l&rsquo;Argonne \u00e0 pied<\/h3>\n\n\n\n<p>Hom\u00e8re a trois mois, sa s\u00e9curit\u00e9 et son bien-\u00eatre \u00e9tant nos priorit\u00e9s, nous ne sommes pas regardants sur le rythme donn\u00e9 \u00e0 notre marche. Tout prend plus de temps qu\u2019\u00e0 deux, et les t\u00e9t\u00e9es allongent les pauses mais encore une fois, l\u2019important, c\u2019est Hom\u00e8re.<\/p>\n\n\n\n<p>En d\u00e9marrant \u00e0 la belle saison nous avons quand m\u00eame assez de temps pour bien avancer et d\u00e9passer les 20km parcourus en une journ\u00e9e ! Les pluies diluviennes avaient litt\u00e9ralement inond\u00e9 de bonnes parties du GR14, aussi nous avons privil\u00e9gi\u00e9 les routes communales pour pouvoir progresser. Une \u00e9tude pr\u00e9alable du terrain est n\u00e9cessaire, comme avant toute randonn\u00e9e d\u2019ailleurs ! Dans le bois du Pont \u00e0 l\u2019Aune au-dessus de Varennes, les sentiers \u00e9taient gorg\u00e9s d\u2019eau et difficilement praticables avec une poussette, fusse-t-elle de l\u2019acabit d\u2019un Chariot Cab de chez Thule.<\/p>\n\n\n\n<h3>Notre avis sur le chariot Cab 2 de Thule<\/h3>\n\n\n\n<p>Pour ce bout de travers\u00e9e de la France, nous voulons mettre l\u2019accent sur l\u2019extr\u00eame qualit\u00e9 du Chariot Cab 2 de Thule.&nbsp;<\/p>\n\n\n\n<p>Il est pass\u00e9 dans des endroits tr\u00e8s boueux, \u00e0 la limite du praticable mais rien, ou presque, ne l\u2019a arr\u00eat\u00e9. Sa facture est de qualit\u00e9. Le kit randonn\u00e9e nous a permis de passer partout alors que les roues livr\u00e9es dans le paquet initial permettent un usage citadin bien commode quand on se retrouve en agglom\u00e9ration.<\/p>\n\n\n\n<p>Les accessoires comme la b\u00e2che de pluie sont de qualit\u00e9. Cette derni\u00e8re a prot\u00e9g\u00e9 Hom\u00e8re alors que nous avons essuy\u00e9 deux jours de pluie cons\u00e9cutifs. Aucune goutte d\u2019eau n\u2019a parl\u00e9 dans l\u2019habitacle. Le fond de ce dernier, en mati\u00e8re rigide, assure la robustesse de l\u2019ensemble et son \u00e9tanch\u00e9it\u00e9. C\u2019est pour l\u2019instant notre meilleur alli\u00e9 dans cette odyss\u00e9e.&nbsp; Une protection UV vient facilement s\u2019int\u00e9grer quand H\u00e9lios perce \u00e0 travers les nuages.&nbsp; Le coffre est lui aussi bien prot\u00e9g\u00e9 de la pluie et sa contenance de 40l est bien appr\u00e9ciable, permettant le stockage d\u2019un important volume de mat\u00e9riel. Cela fait autant de poids en moins dans le sac mais attention aux risques d\u2019embourbement avec un chariot plus lourd\u2026<\/p>\n\n\n\n<p>On peut juste regretter l\u2019absence de frein \u00e0 poign\u00e9e, pour g\u00e9rer les descentes un peu raides car on a t\u00f4t fait de se laisser emporter par le chariot. Les descentes en fort d\u00e9nivel\u00e9 n\u00e9gatif sont donc \u00e0 appr\u00e9hender avec attention et concentration, notamment en terrain humide.<\/p>\n\n\n\n<p>Sinon pour l\u2019heure, ce Chariot Cab est un vrai cocon pour Hom\u00e8re, qui pionce royalement dans son hamac quand les parents triment sous des hallebardes !<\/p>\n\n\n\n<figure class=\"wp-block-image size-large\"><img loading=\"lazy\" width=\"768\" height=\"1024\" src=\"https:\/\/www.lespetitsbaroudeurs.com\/blog\/wp-content\/uploads\/2024\/04\/Traversee-des-Ardennes-et-de-lArgonne-a-pied-3.jpg\" alt=\"Travers\u00e9e des Ardennes et de l'Argonne \u00e0 pied - Chariot Cab Thule\" class=\"wp-image-10170\" srcset=\"https:\/\/www.lespetitsbaroudeurs.com\/blog\/wp-content\/uploads\/2024\/04\/Traversee-des-Ardennes-et-de-lArgonne-a-pied-3.jpg 768w, https:\/\/www.lespetitsbaroudeurs.com\/blog\/wp-content\/uploads\/2024\/04\/Traversee-des-Ardennes-et-de-lArgonne-a-pied-3-225x300.jpg 225w\" sizes=\"(max-width: 768px) 100vw, 768px\" \/><\/figure>\n\n\n\n<h3>Infos pratiques<\/h3>\n\n\n\n<p>Les g\u00eetes la Citadine \u00e0 Sedan et McArthur \u00e0 Bulson sont des havres de paix pour parents avec enfants en bas-\u00e2ge et m\u00eame tout petits b\u00e9b\u00e9s comme Hom\u00e8re. Nous les recommandons chaleureusement tant nous avons \u00e9t\u00e9 bien re\u00e7us !&nbsp;<\/p>\n\n\n\n<p><em>Cet article relate une aventure en famille en avril 2024. Il fait partie du programme Ambassadeurs o\u00f9 nous invitons des familles baroudeuses \u00e0 partager leurs exp\u00e9riences avec la communaut\u00e9 des Petits Baroudeurs.<\/em><\/p>\n\n\n\n<p><em><a href=\"https:\/\/www.lespetitsbaroudeurs.com\/blog\/ambassadeurs-familles-baroudeuses\/?utm_source=Blog&amp;utm_medium=Article&amp;utm_campaign=ambassadeur-workaway-famille&amp;utm_content=lien-texte\"><strong>Retrouvez&nbsp;ici&nbsp;tous&nbsp;les&nbsp;d\u00e9tails&nbsp;de&nbsp;notre programme&nbsp;Ambassadeurs.<\/strong><\/a><\/em><\/p>\n\n\n\n<p><strong>Retrouvez tous le mat\u00e9riel \u00e0 avoir&nbsp;pour traverser les Ardennes et l&rsquo;Argonne \u00e0 pied :<\/strong><\/p>\n\n\n\n<div class=\"wp-block-group alignwide\"><div class=\"wp-block-group__inner-container\">\n<div class=\"wp-block-group alignwide\"><div class=\"wp-block-group__inner-container\">\n<div class=\"wp-block-columns alignwide\">\n<div class=\"wp-block-column is-vertically-aligned-center\">\n<div class=\"wp-block-image\"><figure class=\"aligncenter size-large\"><img loading=\"lazy\" width=\"300\" height=\"300\" src=\"https:\/\/www.lespetitsbaroudeurs.com\/blog\/wp-content\/uploads\/2024\/04\/thule-chariot-cab-e1713262467230.jpg\" alt=\"\" class=\"wp-image-10156\"\/><\/figure><\/div>\n\n\n\n<p class=\"has-text-align-center\"><em>Chariot<\/em><br><em><a href=\"https:\/\/www.lespetitsbaroudeurs.com\/remorque-velo-enfant-80\" target=\"_blank\" rel=\"noreferrer noopener\">\u27b3Je d\u00e9couvre<\/a><\/em><\/p>\n<\/div>\n\n\n\n<div class=\"wp-block-column\">\n<div class=\"wp-block-image\"><figure class=\"aligncenter size-large\"><img loading=\"lazy\" width=\"300\" height=\"300\" src=\"https:\/\/www.lespetitsbaroudeurs.com\/blog\/wp-content\/uploads\/2024\/04\/combinaison-bebe-hiver-duvet-columbia-snuggly-bunny-e1713262571919.jpg\" alt=\"\" class=\"wp-image-10157\"\/><\/figure><\/div>\n\n\n\n<p class=\"has-text-align-center\"><em>Combinaison<\/em><br><em><a href=\"https:\/\/www.lespetitsbaroudeurs.com\/combinaisons-bebe-et-enfant-63\" target=\"_blank\" rel=\"noreferrer noopener\">\u27b3Je d\u00e9couvre<\/a><\/em><\/p>\n<\/div>\n\n\n\n<div class=\"wp-block-column\">\n<div class=\"wp-block-image\"><figure class=\"aligncenter size-large\"><img loading=\"lazy\" width=\"300\" height=\"300\" src=\"https:\/\/www.lespetitsbaroudeurs.com\/blog\/wp-content\/uploads\/2024\/04\/sac-de-couchage-bebe-little-star-exp-de-deuter-1-e1713262628210.jpg\" alt=\"\" class=\"wp-image-10158\"\/><\/figure><\/div>\n\n\n\n<p class=\"has-text-align-center\"><em>Sac de couchage<\/em><br><em><a href=\"https:\/\/www.lespetitsbaroudeurs.com\/veste-impermeable-enfant-bebe-39\" target=\"_blank\" rel=\"noreferrer noopener\">\u27b3Je <\/a><a href=\"https:\/\/www.lespetitsbaroudeurs.com\/sac-couchage-bebe-enfant-duvet-53\" target=\"_blank\" rel=\"noreferrer noopener\">d\u00e9couvre<\/a><\/em><\/p>\n<\/div>\n<\/div>\n<\/div><\/div>\n<\/div><\/div>\n\n\n\n<div class=\"wp-block-group alignwide\"><div class=\"wp-block-group__inner-container\">\n<div class=\"wp-block-group alignwide\"><div class=\"wp-block-group__inner-container\">\n<div class=\"wp-block-columns alignwide\">\n<div class=\"wp-block-column\">\n<div class=\"wp-block-image\"><figure class=\"aligncenter size-large\"><img loading=\"lazy\" width=\"300\" height=\"300\" src=\"https:\/\/www.lespetitsbaroudeurs.com\/blog\/wp-content\/uploads\/2024\/04\/gigoteuse-evolutive-laine-manymonths-blue-mist-e1713262722123.jpg\" alt=\"\" class=\"wp-image-10159\"\/><\/figure><\/div>\n\n\n\n<p class=\"has-text-align-center\"><em>Gigoteuse<\/em><br><em><a href=\"https:\/\/www.lespetitsbaroudeurs.com\/gigoteuse-nomade-273\" target=\"_blank\" rel=\"noreferrer noopener\">\u27b3Je d\u00e9couvre<\/a><\/em><\/p>\n<\/div>\n\n\n\n<div class=\"wp-block-column\">\n<div class=\"wp-block-image\"><figure class=\"aligncenter size-large\"><img loading=\"lazy\" width=\"300\" height=\"300\" src=\"https:\/\/www.lespetitsbaroudeurs.com\/blog\/wp-content\/uploads\/2024\/04\/bob-bebe-block-the-sun-hat-patagonia-e1713262786812.jpg\" alt=\"\" class=\"wp-image-10160\"\/><\/figure><\/div>\n\n\n\n<p class=\"has-text-align-center\"><em>Chapeau<\/em><br><em><a href=\"https:\/\/www.lespetitsbaroudeurs.com\/chapeaux-soleil-bebe-48\" target=\"_blank\" rel=\"noreferrer noopener\">\u27b3Je d\u00e9couvre<\/a><\/em><\/p>\n<\/div>\n\n\n\n<div class=\"wp-block-column\">\n<div class=\"wp-block-image\"><figure class=\"aligncenter size-large\"><img loading=\"lazy\" width=\"300\" height=\"300\" src=\"https:\/\/www.lespetitsbaroudeurs.com\/blog\/wp-content\/uploads\/2024\/04\/lunettes-soleil-bebe-sans-branche-chouka-de-cebe-e1713262841281.jpg\" alt=\"\" class=\"wp-image-10161\"\/><\/figure><\/div>\n\n\n\n<p class=\"has-text-align-center\"><em>Lunettes de soleil<\/em><br><em><a href=\"https:\/\/www.lespetitsbaroudeurs.com\/veste-impermeable-enfant-bebe-39\" target=\"_blank\" rel=\"noreferrer noopener\">\u27b3Je <\/a><a href=\"https:\/\/www.lespetitsbaroudeurs.com\/lunettes-soleil-bebe-enfant-13\" target=\"_blank\" rel=\"noreferrer noopener\">d\u00e9couvre<\/a><\/em><\/p>\n<\/div>\n<\/div>\n<\/div><\/div>\n<\/div><\/div>\n\n\n\n<p><\/p>\n","protected":false},"excerpt":{"rendered":"<p>Romain&nbsp;et Justine, la trentaine, sont parents depuis d\u00e9cembre 2023 d\u2019un petit Hom\u00e8re. Amoureux d\u2019aventures, ils se sont lanc\u00e9s, le premier avril 2024 (sans blague), dans la travers\u00e9e de la \u00ab&nbsp;diagonale du Vide&nbsp;\u00bb, \u00e0 pied, avec Hom\u00e8re ! Ainsi, depuis Sedan jusqu\u2019\u00e0 Saint-Jean-Pied-de-Port, ils vont parcourir 1700km \u00e0 travers la France, du nord-est au sud-ouest. La [&hellip;]<\/p>\n","protected":false},"author":95,"featured_media":10154,"comment_status":"open","ping_status":"open","sticky":false,"template":"","format":"standard","meta":[],"categories":[150,184],"tags":[160],"yoast_head":"<!-- This site is optimized with the Yoast SEO plugin v14.9 - https:\/\/yoast.com\/wordpress\/plugins\/seo\/ -->\n<title>L&#039;\u00e9pop\u00e9e d&#039;Hom\u00e8re : La travers\u00e9e des Ardennes et de l&#039;Argonne \u00e0 pied - Les Petits Baroudeurs<\/title>\n<meta name=\"description\" content=\"Romain et Justine nous emm\u00e8nent \u00e0 la travers\u00e9e des Ardennes et de l&#039;Argonne \u00e0 pied sur le GR14 avec leur petit Hom\u00e8re \u00e2g\u00e9 de 5 mois\" \/>\n<meta name=\"robots\" content=\"index, follow, max-snippet:-1, max-image-preview:large, max-video-preview:-1\" \/>\n<link rel=\"canonical\" href=\"https:\/\/www.lespetitsbaroudeurs.com\/blog\/la-traversee-des-ardennes-et-de-largonne-a-pied\/\" \/>\n<meta property=\"og:locale\" content=\"fr_FR\" \/>\n<meta property=\"og:type\" content=\"article\" \/>\n<meta property=\"og:title\" content=\"L&#039;\u00e9pop\u00e9e d&#039;Hom\u00e8re : La travers\u00e9e des Ardennes et de l&#039;Argonne \u00e0 pied - Les Petits Baroudeurs\" \/>\n<meta property=\"og:description\" content=\"Romain et Justine nous emm\u00e8nent \u00e0 la travers\u00e9e des Ardennes et de l&#039;Argonne \u00e0 pied sur le GR14 avec leur petit Hom\u00e8re \u00e2g\u00e9 de 5 mois\" \/>\n<meta property=\"og:url\" content=\"https:\/\/www.lespetitsbaroudeurs.com\/blog\/la-traversee-des-ardennes-et-de-largonne-a-pied\/\" \/>\n<meta property=\"og:site_name\" content=\"Les Petits Baroudeurs\" \/>\n<meta property=\"article:publisher\" content=\"https:\/\/www.facebook.com\/lespetitsbaroudeurs\/\" \/>\n<meta property=\"article:published_time\" content=\"2024-04-22T06:57:05+00:00\" \/>\n<meta property=\"article:modified_time\" content=\"2024-05-21T08:15:17+00:00\" \/>\n<meta property=\"og:image\" content=\"https:\/\/www.lespetitsbaroudeurs.com\/blog\/wp-content\/uploads\/2024\/04\/Traversee-des-Ardennes-et-de-lArgonne-a-pied.jpg\" \/>\n\t<meta property=\"og:image:width\" content=\"1500\" \/>\n\t<meta property=\"og:image:height\" content=\"700\" \/>\n<meta name=\"twitter:card\" content=\"summary_large_image\" \/>\n<script type=\"application\/ld+json\" class=\"yoast-schema-graph\">{\"@context\":\"https:\/\/schema.org\",\"@graph\":[{\"@type\":\"WebSite\",\"@id\":\"https:\/\/www.lespetitsbaroudeurs.com\/blog\/#website\",\"url\":\"https:\/\/www.lespetitsbaroudeurs.com\/blog\/\",\"name\":\"Les Petits Baroudeurs\",\"description\":\"Le Blog de l&#039;aventure en famille !\",\"potentialAction\":[{\"@type\":\"SearchAction\",\"target\":\"https:\/\/www.lespetitsbaroudeurs.com\/blog\/?s={search_term_string}\",\"query-input\":\"required name=search_term_string\"}],\"inLanguage\":\"fr-FR\"},{\"@type\":\"ImageObject\",\"@id\":\"https:\/\/www.lespetitsbaroudeurs.com\/blog\/la-traversee-des-ardennes-et-de-largonne-a-pied\/#primaryimage\",\"inLanguage\":\"fr-FR\",\"url\":\"https:\/\/www.lespetitsbaroudeurs.com\/blog\/wp-content\/uploads\/2024\/04\/Traversee-des-Ardennes-et-de-lArgonne-a-pied.jpg\",\"width\":1500,\"height\":700,\"caption\":\"Traversee-des-Ardennes-et-de-lArgonne-a-pied\"},{\"@type\":\"WebPage\",\"@id\":\"https:\/\/www.lespetitsbaroudeurs.com\/blog\/la-traversee-des-ardennes-et-de-largonne-a-pied\/#webpage\",\"url\":\"https:\/\/www.lespetitsbaroudeurs.com\/blog\/la-traversee-des-ardennes-et-de-largonne-a-pied\/\",\"name\":\"L'\\u00e9pop\\u00e9e d'Hom\\u00e8re : La travers\\u00e9e des Ardennes et de l'Argonne \\u00e0 pied - Les Petits Baroudeurs\",\"isPartOf\":{\"@id\":\"https:\/\/www.lespetitsbaroudeurs.com\/blog\/#website\"},\"primaryImageOfPage\":{\"@id\":\"https:\/\/www.lespetitsbaroudeurs.com\/blog\/la-traversee-des-ardennes-et-de-largonne-a-pied\/#primaryimage\"},\"author\":{\"@id\":\"https:\/\/www.lespetitsbaroudeurs.com\/blog\/#\/schema\/person\/8af38583c86c0d4532e783e9b9b2f32b\"},\"description\":\"Romain et Justine nous emm\\u00e8nent \\u00e0 la travers\\u00e9e des Ardennes et de l'Argonne \\u00e0 pied sur le GR14 avec leur petit Hom\\u00e8re \\u00e2g\\u00e9 de 5 mois\",\"inLanguage\":\"fr-FR\",\"potentialAction\":[{\"@type\":\"ReadAction\",\"target\":[\"https:\/\/www.lespetitsbaroudeurs.com\/blog\/la-traversee-des-ardennes-et-de-largonne-a-pied\/\"]}]},{\"@type\":\"Person\",\"@id\":\"https:\/\/www.lespetitsbaroudeurs.com\/blog\/#\/schema\/person\/8af38583c86c0d4532e783e9b9b2f32b\",\"name\":\"La famille d'Hom\\u00e8re\",\"image\":{\"@type\":\"ImageObject\",\"@id\":\"https:\/\/www.lespetitsbaroudeurs.com\/blog\/#personlogo\",\"inLanguage\":\"fr-FR\",\"url\":\"https:\/\/secure.gravatar.com\/avatar\/17ab750d0fa7bf4f38ff4a4e4dd4f412?s=96&d=mm&r=g\",\"caption\":\"La famille d'Hom\\u00e8re\"},\"description\":\"Romain et Justine se sont connus il y a dix ans sur les bancs de l'universit\\u00e9. Les \\u00e9tudes n'ont fait qu'accro\\u00eetre leur curiosit\\u00e9, les poussant \\u00e0 voyager jusqu'aux confins de l'Asie. L'\\u00e9pisode \\\"Covid-19\\\" et quelques lectures d\\u00e9cisives les ont convaincus de se lancer dans les bivouacs et la randonn\\u00e9e en autonomie. En d\\u00e9cembre 2023, leur couple devint famille quand vint au monde leur petit Hom\\u00e8re. Son arriv\\u00e9e co\\u00efncide avec un changement de vie radical. Quittant Paris en mars, ils se lancent, en famille, dans une travers\\u00e9e de la France \\u00e0 pied, de Sedan \\u00e0 Saint-Jean-Pied-de-Port ! Plus de 1700 kilom\\u00e8tres pour d\\u00e9couvrir une France que l'on dit \\\"p\\u00e9riph\\u00e9rique\\\", une itin\\u00e9rance de cinq mois environ \\u00e0 travers ce que l'administration a su appeler la diagonale du \\\"Vide\\\". Ils comptent sur l'hospitalit\\u00e9 des Fran\\u00e7ais pour trouver de quoi se loger apr\\u00e8s chaque \\u00e9tape, sinon ce sera la tente et le bivouac ! La famille d\\u2019Hom\\u00e8re, pour cette travers\\u00e9e de la France \\u00e0 pied, fait partie des laur\\u00e9ats des Bourses de l\\u2019Aventure 2024 de La Guilde\"}]}<\/script>\n<!-- \/ Yoast SEO plugin. -->","_links":{"self":[{"href":"https:\/\/www.lespetitsbaroudeurs.com\/blog\/wp-json\/wp\/v2\/posts\/10153"}],"collection":[{"href":"https:\/\/www.lespetitsbaroudeurs.com\/blog\/wp-json\/wp\/v2\/posts"}],"about":[{"href":"https:\/\/www.lespetitsbaroudeurs.com\/blog\/wp-json\/wp\/v2\/types\/post"}],"author":[{"embeddable":true,"href":"https:\/\/www.lespetitsbaroudeurs.com\/blog\/wp-json\/wp\/v2\/users\/95"}],"replies":[{"embeddable":true,"href":"https:\/\/www.lespetitsbaroudeurs.com\/blog\/wp-json\/wp\/v2\/comments?post=10153"}],"version-history":[{"count":7,"href":"https:\/\/www.lespetitsbaroudeurs.com\/blog\/wp-json\/wp\/v2\/posts\/10153\/revisions"}],"predecessor-version":[{"id":10298,"href":"https:\/\/www.lespetitsbaroudeurs.com\/blog\/wp-json\/wp\/v2\/posts\/10153\/revisions\/10298"}],"wp:featuredmedia":[{"embeddable":true,"href":"https:\/\/www.lespetitsbaroudeurs.com\/blog\/wp-json\/wp\/v2\/media\/10154"}],"wp:attachment":[{"href":"https:\/\/www.lespetitsbaroudeurs.com\/blog\/wp-json\/wp\/v2\/media?parent=10153"}],"wp:term":[{"taxonomy":"category","embeddable":true,"href":"https:\/\/www.lespetitsbaroudeurs.com\/blog\/wp-json\/wp\/v2\/categories?post=10153"},{"taxonomy":"post_tag","embeddable":true,"href":"https:\/\/www.lespetitsbaroudeurs.com\/blog\/wp-json\/wp\/v2\/tags?post=10153"}],"curies":[{"name":"wp","href":"https:\/\/api.w.org\/{rel}","templated":true}]}}