{"id":10441,"date":"2024-06-24T17:00:24","date_gmt":"2024-06-24T15:00:24","guid":{"rendered":"https:\/\/www.lespetitsbaroudeurs.com\/blog\/?p=10441"},"modified":"2024-06-24T14:07:38","modified_gmt":"2024-06-24T12:07:38","slug":"decouvrir-minorque-en-famille","status":"publish","type":"post","link":"https:\/\/www.lespetitsbaroudeurs.com\/blog\/decouvrir-minorque-en-famille\/","title":{"rendered":"D\u00e9couvrir Minorque en famille"},"content":{"rendered":"\n<p><em>Habitu\u00e9s des micro aventures \u00e0 pied et \u00e0 v\u00e9lo, Vanessa, Beno\u00eet et leurs 4 enfants nous emm\u00e8nent cette fois d\u00e9couvrir Minorque en famille.<\/em><\/p>\n\n\n\n<p>A d\u00e9faut de pouvoir faire le tour de l\u2019Ile \u00e0 cheval, sur le <a href=\"https:\/\/www.camidecavalls.com\/portal.aspx?IDIOMA=5\" target=\"_blank\" rel=\"noreferrer noopener\">Cami de Cavalls <\/a>(chemin des chevaux), un ancien chemin c\u00f4tier qui serpente le tour de Minorque, (compter 20 \u00e9tapes de 5 \u00e0 14km sur le GR 223 \u2013 200 km et 4000m de d\u00e9nivel\u00e9), la famille Niaudet a d\u00e9cid\u00e9 de profiter des plus beaux coins de randonn\u00e9es pour go\u00fbter au calme et \u00e0 la nature qu\u2019offre Minorque, \u00e0 P\u00e2ques. Un espace vraiment magique o\u00f9 le ciel, la mer et la terre se m\u00ealent \u00e9troitement, d\u00e9clar\u00e9 r\u00e9serve de la biosph\u00e8re en 1993 avec 17 zones d&rsquo;int\u00e9r\u00eat sp\u00e9cial et une r\u00e9serve naturelle qui couvre l&rsquo;ensemble de l&rsquo;\u00eele. Allez, on vous y emm\u00e8ne\u00a0!<\/p>\n\n\n\n<figure class=\"wp-block-image size-large\"><img loading=\"lazy\" width=\"1024\" height=\"768\" src=\"https:\/\/www.lespetitsbaroudeurs.com\/blog\/wp-content\/uploads\/2024\/06\/Decouvrir-Minorque-en-famille-3.jpg\" alt=\"D\u00e9couvrir Minorque en famille - plage\" class=\"wp-image-10447\" srcset=\"https:\/\/www.lespetitsbaroudeurs.com\/blog\/wp-content\/uploads\/2024\/06\/Decouvrir-Minorque-en-famille-3.jpg 1024w, https:\/\/www.lespetitsbaroudeurs.com\/blog\/wp-content\/uploads\/2024\/06\/Decouvrir-Minorque-en-famille-3-300x225.jpg 300w, https:\/\/www.lespetitsbaroudeurs.com\/blog\/wp-content\/uploads\/2024\/06\/Decouvrir-Minorque-en-famille-3-768x576.jpg 768w\" sizes=\"(max-width: 1024px) 100vw, 1024px\" \/><\/figure>\n\n\n\n<h2><strong>En bref<\/strong> pour d\u00e9couvrir Minorque en famille<\/h2>\n\n\n\n<ul><li>Les aventuriers\u00a0: la famille Niaudet avec leurs 4 enfants de 9, 7, 4 et 1 an.<\/li><li>L\u2019objectif\u00a0: partir randonner, \u00eatre d\u00e9pays\u00e9, sans prendre l\u2019avion\u00a0!<\/li><li>Point de chute\u00a0: Calla en Blanes \u00e0 l\u2019ouest de l\u2019Ile de Minorque, Bal\u00e9ares, Espagne<\/li><li>Dur\u00e9e de la travers\u00e9e\u00a0: 14h de Toulon (de nuit) \u00e0 Ciutadella.<\/li><\/ul>\n\n\n\n<figure class=\"wp-block-image size-large\"><img loading=\"lazy\" width=\"1024\" height=\"768\" src=\"https:\/\/www.lespetitsbaroudeurs.com\/blog\/wp-content\/uploads\/2024\/06\/Decouvrir-Minorque-en-famille-1.jpg\" alt=\"D\u00e9couvrir Minorque en famille - bateau\" class=\"wp-image-10448\" srcset=\"https:\/\/www.lespetitsbaroudeurs.com\/blog\/wp-content\/uploads\/2024\/06\/Decouvrir-Minorque-en-famille-1.jpg 1024w, https:\/\/www.lespetitsbaroudeurs.com\/blog\/wp-content\/uploads\/2024\/06\/Decouvrir-Minorque-en-famille-1-300x225.jpg 300w, https:\/\/www.lespetitsbaroudeurs.com\/blog\/wp-content\/uploads\/2024\/06\/Decouvrir-Minorque-en-famille-1-768x576.jpg 768w\" sizes=\"(max-width: 1024px) 100vw, 1024px\" \/><\/figure>\n\n\n\n<h2><strong>Nos coups de c\u0153ur<\/strong> pour d\u00e9couvrir Minorque en famille<\/h2>\n\n\n\n<h3><strong>C\u00f4t\u00e9 parents<\/strong><\/h3>\n\n\n\n<ul><li>La diversit\u00e9 des paysages dans un petit espace\u00a0: une campagne pr\u00e9serv\u00e9e, des plateaux calcaires gris et des plages paradisiaques et lunaires de sable blanc ou rouge. La plus grande distance \u00e0 l\u2019int\u00e9rieur des terres ne d\u00e9passe d&rsquo;ailleurs pas 48 kilom\u00e8tres\u00a0!<\/li><li>L\u2019am\u00e9nagement des sentiers et des chemins c\u00f4tiers.<\/li><li>La tranquillit\u00e9 et le climat m\u00e9diterran\u00e9en de Minorque \u00e0 P\u00e2ques.<\/li><li>Le fromage AOP \u00ab Mah\u00f3n-Menorca \u00bb.<\/li><li>Les impressionnantes processions dans toute l\u2019\u00eele pour P\u00e2ques.<\/li><\/ul>\n\n\n\n<h3><strong>C\u00f4t\u00e9 enfants<\/strong><\/h3>\n\n\n\n<ul><li>L\u2019aventure d\u2019une nuit de travers\u00e9e en bateau, et d\u2019entrer enfin dans le club VIP des voitures logotyp\u00e9es Corsica Ferries.<\/li><li>La tarte aux sucre.<\/li><li>Faire des ch\u00e2teaux de sable et se baigner \u00e0 P\u00e2ques.<\/li><li>Jouer autour de pi\u00e8ces d\u2019histoire en pierre\u00a0: taulas, navetas, talayots, n\u00e9cropoles, tombeaux m\u00e9galithiques\u2026<\/li><\/ul>\n\n\n\n<figure class=\"wp-block-image size-large\"><img loading=\"lazy\" width=\"1024\" height=\"768\" src=\"https:\/\/www.lespetitsbaroudeurs.com\/blog\/wp-content\/uploads\/2024\/06\/Decouvrir-Minorque-en-famille-4.jpg\" alt=\"D\u00e9couvrir Minorque en famille - randonn\u00e9e\" class=\"wp-image-10449\" srcset=\"https:\/\/www.lespetitsbaroudeurs.com\/blog\/wp-content\/uploads\/2024\/06\/Decouvrir-Minorque-en-famille-4.jpg 1024w, https:\/\/www.lespetitsbaroudeurs.com\/blog\/wp-content\/uploads\/2024\/06\/Decouvrir-Minorque-en-famille-4-300x225.jpg 300w, https:\/\/www.lespetitsbaroudeurs.com\/blog\/wp-content\/uploads\/2024\/06\/Decouvrir-Minorque-en-famille-4-768x576.jpg 768w\" sizes=\"(max-width: 1024px) 100vw, 1024px\" \/><\/figure>\n\n\n\n<h3><strong>Ce que nous avons moins aim\u00e9<\/strong><\/h3>\n\n\n\n<ul><li>Le bateau, \u00e7a passe ou \u00e7a casse\u2026 Le ma\u00eetre mot, c\u2019est la patience. Entre l\u2019attente au port, l\u2019attente pour rejoindre la soute et le d\u00e9part du bateau. Ensuite, si on n\u2019est pas sujet au mal de mer, on est pr\u00eat pour un remake de la croisi\u00e8re s\u2019amuse en famille\u00a0: salle de jeux pour les enfants, piscine \u00e0 bord (malheureusement hors d\u2019usage pour nous), restaurants de luxe, suite correcte\u2026 Mais quand on n\u2019a pas le pied marin, la nuit peut vite paraitre longue\u00a0et l\u2019envie pressante de retrouver la terre, interminable.<\/li><li>L\u2019impression dans certaine cit\u00e9e baln\u00e9aire d\u2019\u00eatre dans un parc d\u2019attraction abandonn\u00e9 en morte-saison.<\/li><li>Le manque de relief\u2026 le point le plus \u00e9lev\u00e9 de l\u2019\u00eele est le mont Toro, \u00e0 358 m\u00e8tres et le vent y souffle fort, mais plus encore la difficult\u00e9 \u00e0 trouver des randonn\u00e9es en boucle, il faut souvent rebrousser chemin ou s\u2019aventurer au risque de passer dans une propri\u00e9t\u00e9 priv\u00e9e.<\/li><\/ul>\n\n\n\n<h2><strong>Les 5 plus belles randonn\u00e9es\u00a0pour d\u00e9couvrir Minorque en famille<\/strong><\/h2>\n\n\n\n<h3>Le Cami de Cavalls de Es Grau \u00e0 Cala Rambles<\/h3>\n\n\n\n<p>Emprunter le Cami de Cavalls du village de p\u00eacheur de Es Grau \u00e0 la plage de Sa Torreta (aussi appel\u00e9e Cala Rambles), dans le parc de S\u2019Albufera des Grau, le plus grand parc naturel de l\u2019\u00eele o\u00f9 des centaines d\u2019animaux, oiseaux, esp\u00e8ces v\u00e9g\u00e9tales vivent tout au long de l\u2019ann\u00e9e. Entre dunes, lagunes et marais, au c\u0153ur de la r\u00e9serve de biosph\u00e8re, on se r\u00e9gale alors des vues plongeantes sur la mer turquoise et de voir au loin, le phare de Favaritx qui nous fait de l&rsquo;\u0153il. Sur le promontoire de la Rambla, qui s\u00e9pare les criques de Sa Torreta et des Tamarells, se trouve une tour de D\u00e9fense construite \u00e0 la fin du XVIIIe et au d\u00e9but du XIXe si\u00e8cle par les Britanniques, face de l\u2019Illa d\u2019en Colom. Le long du parcours, nous pouvons observer les flux migratoires d&rsquo;oiseaux entre l&rsquo;Europe et l&rsquo;Afrique.<\/p>\n\n\n\n<p>Enfin, comptez 2h30 pour faire les 9km A\/R. Aussi, pour aller jusqu\u2019au phare, c\u2019est 9km aller-simple.<\/p>\n\n\n\n<figure class=\"wp-block-gallery columns-2 is-cropped\"><ul class=\"blocks-gallery-grid\"><li class=\"blocks-gallery-item\"><figure><img loading=\"lazy\" width=\"1024\" height=\"768\" src=\"https:\/\/www.lespetitsbaroudeurs.com\/blog\/wp-content\/uploads\/2024\/06\/Decouvrir-Minorque-en-famille-1-1.jpg\" alt=\"D\u00e9couvrir Minorque en famille - Cami de Cavalls\" data-id=\"10451\" data-full-url=\"https:\/\/www.lespetitsbaroudeurs.com\/blog\/wp-content\/uploads\/2024\/06\/Decouvrir-Minorque-en-famille-1-1.jpg\" data-link=\"https:\/\/www.lespetitsbaroudeurs.com\/blog\/?attachment_id=10451\" class=\"wp-image-10451\" srcset=\"https:\/\/www.lespetitsbaroudeurs.com\/blog\/wp-content\/uploads\/2024\/06\/Decouvrir-Minorque-en-famille-1-1.jpg 1024w, https:\/\/www.lespetitsbaroudeurs.com\/blog\/wp-content\/uploads\/2024\/06\/Decouvrir-Minorque-en-famille-1-1-300x225.jpg 300w, https:\/\/www.lespetitsbaroudeurs.com\/blog\/wp-content\/uploads\/2024\/06\/Decouvrir-Minorque-en-famille-1-1-768x576.jpg 768w\" sizes=\"(max-width: 1024px) 100vw, 1024px\" \/><\/figure><\/li><li class=\"blocks-gallery-item\"><figure><img loading=\"lazy\" width=\"1024\" height=\"768\" src=\"https:\/\/www.lespetitsbaroudeurs.com\/blog\/wp-content\/uploads\/2024\/06\/Decouvrir-Minorque-en-famille-2-1.jpg\" alt=\"D\u00e9couvrir Minorque en famille - Cami de Cavalls\" data-id=\"10452\" data-full-url=\"https:\/\/www.lespetitsbaroudeurs.com\/blog\/wp-content\/uploads\/2024\/06\/Decouvrir-Minorque-en-famille-2-1.jpg\" data-link=\"https:\/\/www.lespetitsbaroudeurs.com\/blog\/?attachment_id=10452\" class=\"wp-image-10452\" srcset=\"https:\/\/www.lespetitsbaroudeurs.com\/blog\/wp-content\/uploads\/2024\/06\/Decouvrir-Minorque-en-famille-2-1.jpg 1024w, https:\/\/www.lespetitsbaroudeurs.com\/blog\/wp-content\/uploads\/2024\/06\/Decouvrir-Minorque-en-famille-2-1-300x225.jpg 300w, https:\/\/www.lespetitsbaroudeurs.com\/blog\/wp-content\/uploads\/2024\/06\/Decouvrir-Minorque-en-famille-2-1-768x576.jpg 768w\" sizes=\"(max-width: 1024px) 100vw, 1024px\" \/><\/figure><\/li><li class=\"blocks-gallery-item\"><figure><img loading=\"lazy\" width=\"1024\" height=\"768\" src=\"https:\/\/www.lespetitsbaroudeurs.com\/blog\/wp-content\/uploads\/2024\/06\/Decouvrir-Minorque-en-famille-3-1.jpg\" alt=\"D\u00e9couvrir Minorque en famille - Cami de Cavalls\" data-id=\"10453\" data-full-url=\"https:\/\/www.lespetitsbaroudeurs.com\/blog\/wp-content\/uploads\/2024\/06\/Decouvrir-Minorque-en-famille-3-1.jpg\" data-link=\"https:\/\/www.lespetitsbaroudeurs.com\/blog\/?attachment_id=10453\" class=\"wp-image-10453\" srcset=\"https:\/\/www.lespetitsbaroudeurs.com\/blog\/wp-content\/uploads\/2024\/06\/Decouvrir-Minorque-en-famille-3-1.jpg 1024w, https:\/\/www.lespetitsbaroudeurs.com\/blog\/wp-content\/uploads\/2024\/06\/Decouvrir-Minorque-en-famille-3-1-300x225.jpg 300w, https:\/\/www.lespetitsbaroudeurs.com\/blog\/wp-content\/uploads\/2024\/06\/Decouvrir-Minorque-en-famille-3-1-768x576.jpg 768w\" sizes=\"(max-width: 1024px) 100vw, 1024px\" \/><\/figure><\/li><\/ul><\/figure>\n\n\n\n<h3>La grotte La Cath\u00e9drale<\/h3>\n\n\n\n<p>Au d\u00e9part du village de campagne d\u2019Es Migjorn Gran, dans le jardin du canyon qui conduit \u00e0 la plage de Binigaus, se trouve la plus grande grotte de l\u2019\u00eele de Minorque, la Cath\u00e9drale. Haute de 24m, large de 15m et profonde de 110m, sa salle centrale a longtemps abrit\u00e9 de nombreux pigeons qui ont donn\u00e9 son surnom, la cova des Coloms. C\u2019est d&rsquo;ailleurs un site arch\u00e9ologique majeur qui a fait l\u2019objet de plusieurs d\u00e9couvertes de vestiges. Cette grotte aurait \u00e9t\u00e9 utilis\u00e9e notamment comme espace fun\u00e9raire durant la p\u00e9riode post-talayotique du 6e au 2e si\u00e8cles avant J.-C.<\/p>\n\n\n\n<p>Pour rejoindre la plage de sable fin de Binigaus et ses eaux turquoises, il faut marcher ensuite une trentaine de minutes \u00e0 travers un jardin luxuriant. De la plage, on gagne le joli bourg de Sant Tomas. Une petite station baln\u00e9aire avec quelques options de restaurants pour finir la boucle et remonter, par les r\u00e9sidences, au point de d\u00e9part. Comptez au total 17km de marche.<\/p>\n\n\n\n<figure class=\"wp-block-gallery columns-2 is-cropped\"><ul class=\"blocks-gallery-grid\"><li class=\"blocks-gallery-item\"><figure><img loading=\"lazy\" width=\"768\" height=\"1024\" src=\"https:\/\/www.lespetitsbaroudeurs.com\/blog\/wp-content\/uploads\/2024\/06\/Decouvrir-Minorque-en-famille-4-1.jpg\" alt=\"D\u00e9couvrir Minorque en famille - La Cathedrale\" data-id=\"10454\" data-full-url=\"https:\/\/www.lespetitsbaroudeurs.com\/blog\/wp-content\/uploads\/2024\/06\/Decouvrir-Minorque-en-famille-4-1.jpg\" data-link=\"https:\/\/www.lespetitsbaroudeurs.com\/blog\/?attachment_id=10454\" class=\"wp-image-10454\" srcset=\"https:\/\/www.lespetitsbaroudeurs.com\/blog\/wp-content\/uploads\/2024\/06\/Decouvrir-Minorque-en-famille-4-1.jpg 768w, https:\/\/www.lespetitsbaroudeurs.com\/blog\/wp-content\/uploads\/2024\/06\/Decouvrir-Minorque-en-famille-4-1-225x300.jpg 225w\" sizes=\"(max-width: 768px) 100vw, 768px\" \/><\/figure><\/li><li class=\"blocks-gallery-item\"><figure><img loading=\"lazy\" width=\"1024\" height=\"768\" src=\"https:\/\/www.lespetitsbaroudeurs.com\/blog\/wp-content\/uploads\/2024\/06\/Decouvrir-Minorque-en-famille-5.jpg\" alt=\"D\u00e9couvrir Minorque en famille - La Cathedrale\" data-id=\"10455\" data-full-url=\"https:\/\/www.lespetitsbaroudeurs.com\/blog\/wp-content\/uploads\/2024\/06\/Decouvrir-Minorque-en-famille-5.jpg\" data-link=\"https:\/\/www.lespetitsbaroudeurs.com\/blog\/?attachment_id=10455\" class=\"wp-image-10455\" srcset=\"https:\/\/www.lespetitsbaroudeurs.com\/blog\/wp-content\/uploads\/2024\/06\/Decouvrir-Minorque-en-famille-5.jpg 1024w, https:\/\/www.lespetitsbaroudeurs.com\/blog\/wp-content\/uploads\/2024\/06\/Decouvrir-Minorque-en-famille-5-300x225.jpg 300w, https:\/\/www.lespetitsbaroudeurs.com\/blog\/wp-content\/uploads\/2024\/06\/Decouvrir-Minorque-en-famille-5-768x576.jpg 768w\" sizes=\"(max-width: 1024px) 100vw, 1024px\" \/><\/figure><\/li><li class=\"blocks-gallery-item\"><figure><img loading=\"lazy\" width=\"1024\" height=\"768\" src=\"https:\/\/www.lespetitsbaroudeurs.com\/blog\/wp-content\/uploads\/2024\/06\/Decouvrir-Minorque-en-famille-6.jpg\" alt=\"D\u00e9couvrir Minorque en famille - La Cathedrale\" data-id=\"10456\" data-full-url=\"https:\/\/www.lespetitsbaroudeurs.com\/blog\/wp-content\/uploads\/2024\/06\/Decouvrir-Minorque-en-famille-6.jpg\" data-link=\"https:\/\/www.lespetitsbaroudeurs.com\/blog\/?attachment_id=10456\" class=\"wp-image-10456\" srcset=\"https:\/\/www.lespetitsbaroudeurs.com\/blog\/wp-content\/uploads\/2024\/06\/Decouvrir-Minorque-en-famille-6.jpg 1024w, https:\/\/www.lespetitsbaroudeurs.com\/blog\/wp-content\/uploads\/2024\/06\/Decouvrir-Minorque-en-famille-6-300x225.jpg 300w, https:\/\/www.lespetitsbaroudeurs.com\/blog\/wp-content\/uploads\/2024\/06\/Decouvrir-Minorque-en-famille-6-768x576.jpg 768w\" sizes=\"(max-width: 1024px) 100vw, 1024px\" \/><\/figure><\/li><\/ul><\/figure>\n\n\n\n<h3>Le Cami des Cavalls de Cavalleria \u00e0 Cala Pregonda<\/h3>\n\n\n\n<p>Au d\u00e9part de Cavalleria, dans la r\u00e9serve marine du nord de l\u2019\u00eele, on peut rejoindre Cala Pregonda. Une des plus belles plages de Minorque, accessible uniquement \u00e0 pied, par les criques de Farragut et Binimel-la. Du haut du Cap de Cavalleria, sur des falaises hautes de 89m, on profite alors du panorama. Des escaliers permettent de rejoindre la plage. Dans la baie, on peut rejoindre le petit ilot Escull de Farragut \u00e0 la nage. Sinon suivre le chemin c\u00f4tier par le Cami des Cavalls \u00e0 travers des roches multicolores. Sur ces terres, il r\u00e8gne une ambiance lunaire, dans un d\u00e9cor de pierres rouges, noires, grises et jaunes, sans ombre. Si vous aimez la plong\u00e9e, cette c\u00f4te est vraiment un paradis\u00a0! A l\u2019approche de la Cala Pregonda, on retrouve plus de visiteurs car un autre parking permet de rejoindre la plage, en moins de 30 minutes.<\/p>\n\n\n\n<p>Compter 4h pour faire l\u2019aller-retour &#8211; 11km.<\/p>\n\n\n\n<figure class=\"wp-block-gallery columns-2 is-cropped\"><ul class=\"blocks-gallery-grid\"><li class=\"blocks-gallery-item\"><figure><img loading=\"lazy\" width=\"1024\" height=\"768\" src=\"https:\/\/www.lespetitsbaroudeurs.com\/blog\/wp-content\/uploads\/2024\/06\/Decouvrir-Minorque-en-famille-7.jpg\" alt=\"D\u00e9couvrir Minorque en famille - Cami des Cavalls \" data-id=\"10457\" data-full-url=\"https:\/\/www.lespetitsbaroudeurs.com\/blog\/wp-content\/uploads\/2024\/06\/Decouvrir-Minorque-en-famille-7.jpg\" data-link=\"https:\/\/www.lespetitsbaroudeurs.com\/blog\/?attachment_id=10457\" class=\"wp-image-10457\" srcset=\"https:\/\/www.lespetitsbaroudeurs.com\/blog\/wp-content\/uploads\/2024\/06\/Decouvrir-Minorque-en-famille-7.jpg 1024w, https:\/\/www.lespetitsbaroudeurs.com\/blog\/wp-content\/uploads\/2024\/06\/Decouvrir-Minorque-en-famille-7-300x225.jpg 300w, https:\/\/www.lespetitsbaroudeurs.com\/blog\/wp-content\/uploads\/2024\/06\/Decouvrir-Minorque-en-famille-7-768x576.jpg 768w\" sizes=\"(max-width: 1024px) 100vw, 1024px\" \/><\/figure><\/li><li class=\"blocks-gallery-item\"><figure><img loading=\"lazy\" width=\"1024\" height=\"768\" src=\"https:\/\/www.lespetitsbaroudeurs.com\/blog\/wp-content\/uploads\/2024\/06\/Decouvrir-Minorque-en-famille-8.jpg\" alt=\"D\u00e9couvrir Minorque en famille - Cami des Cavalls \" data-id=\"10458\" data-full-url=\"https:\/\/www.lespetitsbaroudeurs.com\/blog\/wp-content\/uploads\/2024\/06\/Decouvrir-Minorque-en-famille-8.jpg\" data-link=\"https:\/\/www.lespetitsbaroudeurs.com\/blog\/?attachment_id=10458\" class=\"wp-image-10458\" srcset=\"https:\/\/www.lespetitsbaroudeurs.com\/blog\/wp-content\/uploads\/2024\/06\/Decouvrir-Minorque-en-famille-8.jpg 1024w, https:\/\/www.lespetitsbaroudeurs.com\/blog\/wp-content\/uploads\/2024\/06\/Decouvrir-Minorque-en-famille-8-300x225.jpg 300w, https:\/\/www.lespetitsbaroudeurs.com\/blog\/wp-content\/uploads\/2024\/06\/Decouvrir-Minorque-en-famille-8-768x576.jpg 768w\" sizes=\"(max-width: 1024px) 100vw, 1024px\" \/><\/figure><\/li><li class=\"blocks-gallery-item\"><figure><img loading=\"lazy\" width=\"1024\" height=\"768\" src=\"https:\/\/www.lespetitsbaroudeurs.com\/blog\/wp-content\/uploads\/2024\/06\/Decouvrir-Minorque-en-famille-9.jpg\" alt=\"D\u00e9couvrir Minorque en famille - Cami des Cavalls \" data-id=\"10459\" data-full-url=\"https:\/\/www.lespetitsbaroudeurs.com\/blog\/wp-content\/uploads\/2024\/06\/Decouvrir-Minorque-en-famille-9.jpg\" data-link=\"https:\/\/www.lespetitsbaroudeurs.com\/blog\/?attachment_id=10459\" class=\"wp-image-10459\" srcset=\"https:\/\/www.lespetitsbaroudeurs.com\/blog\/wp-content\/uploads\/2024\/06\/Decouvrir-Minorque-en-famille-9.jpg 1024w, https:\/\/www.lespetitsbaroudeurs.com\/blog\/wp-content\/uploads\/2024\/06\/Decouvrir-Minorque-en-famille-9-300x225.jpg 300w, https:\/\/www.lespetitsbaroudeurs.com\/blog\/wp-content\/uploads\/2024\/06\/Decouvrir-Minorque-en-famille-9-768x576.jpg 768w\" sizes=\"(max-width: 1024px) 100vw, 1024px\" \/><\/figure><\/li><\/ul><\/figure>\n\n\n\n<h3>La plage de Cala Pilar<\/h3>\n\n\n\n<p>Cala Pilar est une magnifique plage sauvage de sable rouge-or, situ\u00e9e entre Ferreries et Ciutadella. Pour l\u2019atteindre, il faut marcher le long d\u2019un chemin entour\u00e9 de pin\u00e8des pendant environ 45 minutes. Cette plage, orient\u00e9e vers le nord, subit parfois de fortes rafales de vent. Lors de notre visite, la mer \u00e9tait d\u00e9cha\u00een\u00e9e. Les enfants comptaient les m\u00e9duses abandonn\u00e9es par les vagues, sur le sable. Nous avons continu\u00e9 sur le Cami di Cavalls, jusqu\u2019\u00e0 la crique suivante. Puis sommes remont\u00e9s dans les terres, entour\u00e9s de murets. On a fini par se perdre sur une belle propri\u00e9t\u00e9 priv\u00e9e pour rejoindre le parking. Pour finir la journ\u00e9e, nous nous sommes rendus \u00e0 Cala Morell pour d\u00e9couvrir la n\u00e9cropole pr\u00e9-talayotique, un mus\u00e9e en plein air.<\/p>\n\n\n\n<figure class=\"wp-block-gallery columns-2 is-cropped\"><ul class=\"blocks-gallery-grid\"><li class=\"blocks-gallery-item\"><figure><img loading=\"lazy\" width=\"1024\" height=\"768\" src=\"https:\/\/www.lespetitsbaroudeurs.com\/blog\/wp-content\/uploads\/2024\/06\/Decouvrir-Minorque-en-famille-10.jpg\" alt=\"D\u00e9couvrir Minorque en famille - Cala Pilar\" data-id=\"10460\" data-full-url=\"https:\/\/www.lespetitsbaroudeurs.com\/blog\/wp-content\/uploads\/2024\/06\/Decouvrir-Minorque-en-famille-10.jpg\" data-link=\"https:\/\/www.lespetitsbaroudeurs.com\/blog\/?attachment_id=10460\" class=\"wp-image-10460\" srcset=\"https:\/\/www.lespetitsbaroudeurs.com\/blog\/wp-content\/uploads\/2024\/06\/Decouvrir-Minorque-en-famille-10.jpg 1024w, https:\/\/www.lespetitsbaroudeurs.com\/blog\/wp-content\/uploads\/2024\/06\/Decouvrir-Minorque-en-famille-10-300x225.jpg 300w, https:\/\/www.lespetitsbaroudeurs.com\/blog\/wp-content\/uploads\/2024\/06\/Decouvrir-Minorque-en-famille-10-768x576.jpg 768w\" sizes=\"(max-width: 1024px) 100vw, 1024px\" \/><\/figure><\/li><li class=\"blocks-gallery-item\"><figure><img loading=\"lazy\" width=\"1024\" height=\"768\" src=\"https:\/\/www.lespetitsbaroudeurs.com\/blog\/wp-content\/uploads\/2024\/06\/Decouvrir-Minorque-en-famille-11.jpg\" alt=\"D\u00e9couvrir Minorque en famille - Cala Pilar\" data-id=\"10461\" data-full-url=\"https:\/\/www.lespetitsbaroudeurs.com\/blog\/wp-content\/uploads\/2024\/06\/Decouvrir-Minorque-en-famille-11.jpg\" data-link=\"https:\/\/www.lespetitsbaroudeurs.com\/blog\/?attachment_id=10461\" class=\"wp-image-10461\" srcset=\"https:\/\/www.lespetitsbaroudeurs.com\/blog\/wp-content\/uploads\/2024\/06\/Decouvrir-Minorque-en-famille-11.jpg 1024w, https:\/\/www.lespetitsbaroudeurs.com\/blog\/wp-content\/uploads\/2024\/06\/Decouvrir-Minorque-en-famille-11-300x225.jpg 300w, https:\/\/www.lespetitsbaroudeurs.com\/blog\/wp-content\/uploads\/2024\/06\/Decouvrir-Minorque-en-famille-11-768x576.jpg 768w\" sizes=\"(max-width: 1024px) 100vw, 1024px\" \/><\/figure><\/li><\/ul><\/figure>\n\n\n\n<h3>Le Cami Reial<\/h3>\n\n\n\n<p>En plus du Cami de Cavalls, il existe un autre chemin qui traverse l&rsquo;\u00eele par l&rsquo;int\u00e9rieur, de Mahon \u00e0 Ciutadella. Au d\u00e9part du cimeti\u00e8re de Ferreries, le Cami Reial serpente \u00e0 travers les oliveraies sauvages. Il nous r\u00e9v\u00e8le ses l\u00e9gendes, ses puits historiques, la Croix de Son Gorn\u00e9s, la grotte, en passant par la vall\u00e9e d\u2019Algendar, la plus grande gorge de l\u2019\u00eele et l\u2019\u00e9tonnant petit canyon du Pas d&rsquo;En Revull (Passage de boucles), une promenade fantasmagorique, ombrag\u00e9e et humide, dans d\u2019\u00e9tonnantes formations rocheuses.<\/p>\n\n\n\n<p>Compter 4h pour faire les 10km.<\/p>\n\n\n\n<figure class=\"wp-block-gallery columns-2 is-cropped\"><ul class=\"blocks-gallery-grid\"><li class=\"blocks-gallery-item\"><figure><img loading=\"lazy\" width=\"1024\" height=\"768\" src=\"https:\/\/www.lespetitsbaroudeurs.com\/blog\/wp-content\/uploads\/2024\/06\/Decouvrir-Minorque-en-famille-12.jpg\" alt=\"D\u00e9couvrir Minorque en famille - Cami Reial\" data-id=\"10462\" data-full-url=\"https:\/\/www.lespetitsbaroudeurs.com\/blog\/wp-content\/uploads\/2024\/06\/Decouvrir-Minorque-en-famille-12.jpg\" data-link=\"https:\/\/www.lespetitsbaroudeurs.com\/blog\/?attachment_id=10462\" class=\"wp-image-10462\" srcset=\"https:\/\/www.lespetitsbaroudeurs.com\/blog\/wp-content\/uploads\/2024\/06\/Decouvrir-Minorque-en-famille-12.jpg 1024w, https:\/\/www.lespetitsbaroudeurs.com\/blog\/wp-content\/uploads\/2024\/06\/Decouvrir-Minorque-en-famille-12-300x225.jpg 300w, https:\/\/www.lespetitsbaroudeurs.com\/blog\/wp-content\/uploads\/2024\/06\/Decouvrir-Minorque-en-famille-12-768x576.jpg 768w\" sizes=\"(max-width: 1024px) 100vw, 1024px\" \/><\/figure><\/li><li class=\"blocks-gallery-item\"><figure><img loading=\"lazy\" width=\"1024\" height=\"768\" src=\"https:\/\/www.lespetitsbaroudeurs.com\/blog\/wp-content\/uploads\/2024\/06\/Decouvrir-Minorque-en-famille-13.jpg\" alt=\"D\u00e9couvrir Minorque en famille - Cami Reial\" data-id=\"10463\" data-full-url=\"https:\/\/www.lespetitsbaroudeurs.com\/blog\/wp-content\/uploads\/2024\/06\/Decouvrir-Minorque-en-famille-13.jpg\" data-link=\"https:\/\/www.lespetitsbaroudeurs.com\/blog\/?attachment_id=10463\" class=\"wp-image-10463\" srcset=\"https:\/\/www.lespetitsbaroudeurs.com\/blog\/wp-content\/uploads\/2024\/06\/Decouvrir-Minorque-en-famille-13.jpg 1024w, https:\/\/www.lespetitsbaroudeurs.com\/blog\/wp-content\/uploads\/2024\/06\/Decouvrir-Minorque-en-famille-13-300x225.jpg 300w, https:\/\/www.lespetitsbaroudeurs.com\/blog\/wp-content\/uploads\/2024\/06\/Decouvrir-Minorque-en-famille-13-768x576.jpg 768w\" sizes=\"(max-width: 1024px) 100vw, 1024px\" \/><\/figure><\/li><\/ul><\/figure>\n\n\n\n<p>Autre lieu \u00e9tonnant\u00a0: En faisant une boucle autour d&rsquo;Alaior pour d\u00e9couvrir sa campagne, nous avons fait un peu d&rsquo;urbex dans une poudri\u00e8re et une ancienne carri\u00e8re abandonn\u00e9e, proche de celles payantes du Jardin botanique Lithica et les Carri\u00e8res de s\u2019Hostal.<\/p>\n\n\n\n<figure class=\"wp-block-image size-large\"><img loading=\"lazy\" width=\"1024\" height=\"768\" src=\"https:\/\/www.lespetitsbaroudeurs.com\/blog\/wp-content\/uploads\/2024\/06\/Decouvrir-Minorque-en-famille-2.jpg\" alt=\"\" class=\"wp-image-10450\" srcset=\"https:\/\/www.lespetitsbaroudeurs.com\/blog\/wp-content\/uploads\/2024\/06\/Decouvrir-Minorque-en-famille-2.jpg 1024w, https:\/\/www.lespetitsbaroudeurs.com\/blog\/wp-content\/uploads\/2024\/06\/Decouvrir-Minorque-en-famille-2-300x225.jpg 300w, https:\/\/www.lespetitsbaroudeurs.com\/blog\/wp-content\/uploads\/2024\/06\/Decouvrir-Minorque-en-famille-2-768x576.jpg 768w\" sizes=\"(max-width: 1024px) 100vw, 1024px\" \/><\/figure>\n\n\n\n<h3>La randonn\u00e9e bonus<\/h3>\n\n\n\n<p>Juste pour le plaisir des yeux et un d\u00e9paysement total, au d\u00e9part de la Cala Galdana, il est facile de rejoindre les Cara\u00efbes gr\u00e2ce aux plages de Mitjana et Mitjaneta \u2013 en vingt minutes, en prenant \u00e0 gauche. Si vous pr\u00e9f\u00e9rez prendre \u00e0 droite, vous pourrez rejoindre au milieu des pins, la Cala Macarella (30 min &#8211; 2km). Ou \u00e0 quelques pas, la crique Macarelleta, r\u00e9serv\u00e9e pour le nudisme, qui rivalise avec la Cala Turqueta (1h &#8211; 4km) gr\u00e2ce au bleu de ses eaux.<\/p>\n\n\n\n<p>Ces criques condensent l&rsquo;essence m\u00e9diterran\u00e9enne de Minorque\u00a0!<\/p>\n\n\n\n<figure class=\"wp-block-gallery columns-2 is-cropped\"><ul class=\"blocks-gallery-grid\"><li class=\"blocks-gallery-item\"><figure><img loading=\"lazy\" width=\"1024\" height=\"768\" src=\"https:\/\/www.lespetitsbaroudeurs.com\/blog\/wp-content\/uploads\/2024\/06\/Decouvrir-Minorque-en-famille-14.jpg\" alt=\"\" data-id=\"10464\" data-full-url=\"https:\/\/www.lespetitsbaroudeurs.com\/blog\/wp-content\/uploads\/2024\/06\/Decouvrir-Minorque-en-famille-14.jpg\" data-link=\"https:\/\/www.lespetitsbaroudeurs.com\/blog\/?attachment_id=10464\" class=\"wp-image-10464\" srcset=\"https:\/\/www.lespetitsbaroudeurs.com\/blog\/wp-content\/uploads\/2024\/06\/Decouvrir-Minorque-en-famille-14.jpg 1024w, https:\/\/www.lespetitsbaroudeurs.com\/blog\/wp-content\/uploads\/2024\/06\/Decouvrir-Minorque-en-famille-14-300x225.jpg 300w, https:\/\/www.lespetitsbaroudeurs.com\/blog\/wp-content\/uploads\/2024\/06\/Decouvrir-Minorque-en-famille-14-768x576.jpg 768w\" sizes=\"(max-width: 1024px) 100vw, 1024px\" \/><\/figure><\/li><li class=\"blocks-gallery-item\"><figure><img loading=\"lazy\" width=\"1024\" height=\"768\" src=\"https:\/\/www.lespetitsbaroudeurs.com\/blog\/wp-content\/uploads\/2024\/06\/Decouvrir-Minorque-en-famille-15.jpg\" alt=\"\" data-id=\"10465\" data-full-url=\"https:\/\/www.lespetitsbaroudeurs.com\/blog\/wp-content\/uploads\/2024\/06\/Decouvrir-Minorque-en-famille-15.jpg\" data-link=\"https:\/\/www.lespetitsbaroudeurs.com\/blog\/?attachment_id=10465\" class=\"wp-image-10465\" srcset=\"https:\/\/www.lespetitsbaroudeurs.com\/blog\/wp-content\/uploads\/2024\/06\/Decouvrir-Minorque-en-famille-15.jpg 1024w, https:\/\/www.lespetitsbaroudeurs.com\/blog\/wp-content\/uploads\/2024\/06\/Decouvrir-Minorque-en-famille-15-300x225.jpg 300w, https:\/\/www.lespetitsbaroudeurs.com\/blog\/wp-content\/uploads\/2024\/06\/Decouvrir-Minorque-en-famille-15-768x576.jpg 768w\" sizes=\"(max-width: 1024px) 100vw, 1024px\" \/><\/figure><\/li><\/ul><\/figure>\n\n\n\n<h2><strong>Le mat\u00e9riel pour d\u00e9couvrir Minorque en famille<\/strong><\/h2>\n\n\n\n<p><em>Cet article relate une aventure en famille en avril 2023. Il fait partie du programme Ambassadeurs o\u00f9 nous invitons des familles baroudeuses \u00e0 partager leurs exp\u00e9riences avec la communaut\u00e9 des Petits Baroudeurs.<\/em><\/p>\n\n\n\n<div class=\"wp-block-group alignwide\"><div class=\"wp-block-group__inner-container\">\n<div class=\"wp-block-columns alignwide\">\n<div class=\"wp-block-column\">\n<figure class=\"wp-block-image size-large\"><img loading=\"lazy\" width=\"300\" height=\"300\" src=\"https:\/\/www.lespetitsbaroudeurs.com\/blog\/wp-content\/uploads\/2024\/02\/chaussure-multisport-enfant-kimberfeel-gokart-turquoise-e1708333109433.jpg\" alt=\"Chaussure multisport Kimberfeel\" class=\"wp-image-9639\"\/><\/figure>\n\n\n\n<p class=\"has-text-align-center\"><em><em>Chaussures de marche<\/em><\/em><br><em><a href=\"https:\/\/www.lespetitsbaroudeurs.com\/chaussure-randonnee-enfant-51\" target=\"_blank\" rel=\"noreferrer noopener\">\u27b3Je d\u00e9couvre<\/a><\/em><\/p>\n<\/div>\n\n\n\n<div class=\"wp-block-column\">\n<figure class=\"wp-block-image size-large\"><img loading=\"lazy\" width=\"300\" height=\"300\" src=\"https:\/\/www.lespetitsbaroudeurs.com\/blog\/wp-content\/uploads\/2024\/02\/sac-rando-enfant-deuter-waldfuchs-e1709130486970.jpg\" alt=\"\" class=\"wp-image-9761\"\/><\/figure>\n\n\n\n<p class=\"has-text-align-center\"><em>Sac \u00e0 dos<\/em><br><em><a href=\"https:\/\/www.lespetitsbaroudeurs.com\/sac-a-dos-randonnee-enfant-17\" target=\"_blank\" rel=\"noreferrer noopener\">\u27b3Je d\u00e9couvre<\/a><\/em><\/p>\n<\/div>\n\n\n\n<div class=\"wp-block-column\">\n<figure class=\"wp-block-image size-large\"><img loading=\"lazy\" width=\"300\" height=\"300\" src=\"https:\/\/www.lespetitsbaroudeurs.com\/blog\/wp-content\/uploads\/2024\/03\/gourde-camelbak-enfant-eddy-kids-jungle-e1710363016899.jpg\" alt=\"\" class=\"wp-image-9855\"\/><\/figure>\n\n\n\n<p class=\"has-text-align-center\"><em>Gourde<\/em><br><em><a href=\"https:\/\/www.lespetitsbaroudeurs.com\/veste-impermeable-enfant-bebe-39\" target=\"_blank\" rel=\"noreferrer noopener\">\u27b3Je <\/a><a href=\"https:\/\/www.lespetitsbaroudeurs.com\/gourdes-enfants-15\" target=\"_blank\" rel=\"noreferrer noopener\">d\u00e9couvre<\/a><\/em><\/p>\n<\/div>\n<\/div>\n\n\n\n<p><\/p>\n<\/div><\/div>\n\n\n\n<div class=\"wp-block-group alignwide\"><div class=\"wp-block-group__inner-container\">\n<div class=\"wp-block-columns alignwide\">\n<div class=\"wp-block-column\">\n<figure class=\"wp-block-image size-large\"><img loading=\"lazy\" width=\"300\" height=\"300\" src=\"https:\/\/www.lespetitsbaroudeurs.com\/blog\/wp-content\/uploads\/2024\/03\/lunettes-hello-hossy-mini-jerry-e1711456037792.jpg\" alt=\"\" class=\"wp-image-9982\"\/><\/figure>\n\n\n\n<p class=\"has-text-align-center\"><em>Lunettes de soleil<\/em><br><em><a href=\"https:\/\/www.lespetitsbaroudeurs.com\/lunettes-soleil-bebe-enfant-13\" target=\"_blank\" rel=\"noreferrer noopener\">\u27b3Je d\u00e9couvre<\/a><\/em><\/p>\n<\/div>\n\n\n\n<div class=\"wp-block-column\">\n<figure class=\"wp-block-image size-large\"><img loading=\"lazy\" width=\"300\" height=\"300\" src=\"https:\/\/www.lespetitsbaroudeurs.com\/blog\/wp-content\/uploads\/2024\/02\/casquette-enfant-patagonia-kids-trucker-p6-logo-oar-tan-e1708333033703.jpg\" alt=\"Casquette enfant Patagonia\" class=\"wp-image-9638\"\/><\/figure>\n\n\n\n<p class=\"has-text-align-center\"><em>Chapeaux<\/em><br><em><a href=\"https:\/\/www.lespetitsbaroudeurs.com\/chapeaux-soleil-bebe-48\" target=\"_blank\" rel=\"noreferrer noopener\">\u27b3Je d\u00e9couvre<\/a><\/em><\/p>\n<\/div>\n\n\n\n<div class=\"wp-block-column\">\n<figure class=\"wp-block-image size-large\"><img loading=\"lazy\" width=\"300\" height=\"300\" src=\"https:\/\/www.lespetitsbaroudeurs.com\/blog\/wp-content\/uploads\/2024\/06\/batons-marche-junior-guidetti-rouge-e1719229208646.jpg\" alt=\"\" class=\"wp-image-10443\"\/><\/figure>\n\n\n\n<p class=\"has-text-align-center\"><em><em>B\u00e2tons de randonn\u00e9e<\/em><\/em><br><em><a href=\"https:\/\/www.lespetitsbaroudeurs.com\/veste-impermeable-enfant-bebe-39\" target=\"_blank\" rel=\"noreferrer noopener\">\u27b3Je <\/a><a href=\"https:\/\/www.lespetitsbaroudeurs.com\/baton-marche-enfant-junior-54\" target=\"_blank\" rel=\"noreferrer noopener\">d\u00e9couvre<\/a><\/em><\/p>\n<\/div>\n<\/div>\n<\/div><\/div>\n","protected":false},"excerpt":{"rendered":"<p>Habitu\u00e9s des micro aventures \u00e0 pied et \u00e0 v\u00e9lo, Vanessa, Beno\u00eet et leurs 4 enfants nous emm\u00e8nent cette fois d\u00e9couvrir Minorque en famille. A d\u00e9faut de pouvoir faire le tour de l\u2019Ile \u00e0 cheval, sur le Cami de Cavalls (chemin des chevaux), un ancien chemin c\u00f4tier qui serpente le tour de Minorque, (compter 20 \u00e9tapes [&hellip;]<\/p>\n","protected":false},"author":41,"featured_media":10445,"comment_status":"open","ping_status":"open","sticky":false,"template":"","format":"standard","meta":[],"categories":[151,184],"tags":[160],"yoast_head":"<!-- This site is optimized with the Yoast SEO plugin v14.9 - https:\/\/yoast.com\/wordpress\/plugins\/seo\/ -->\n<title>D\u00e9couvrir Minorque en famille - Les Petits Baroudeurs<\/title>\n<meta name=\"description\" content=\"La famille Niaudet nous emm\u00e8nent d\u00e9couvrir l&#039;\u00eele de Minorque avec leurs 4 enfants. D\u00e9couvrez leurs coups de coeur et leurs randos pr\u00e9f\u00e9r\u00e9es\" \/>\n<meta name=\"robots\" content=\"index, follow, max-snippet:-1, max-image-preview:large, max-video-preview:-1\" \/>\n<link rel=\"canonical\" href=\"https:\/\/www.lespetitsbaroudeurs.com\/blog\/decouvrir-minorque-en-famille\/\" \/>\n<meta property=\"og:locale\" content=\"fr_FR\" \/>\n<meta property=\"og:type\" content=\"article\" \/>\n<meta property=\"og:title\" content=\"D\u00e9couvrir Minorque en famille - Les Petits Baroudeurs\" \/>\n<meta property=\"og:description\" content=\"La famille Niaudet nous emm\u00e8nent d\u00e9couvrir l&#039;\u00eele de Minorque avec leurs 4 enfants. D\u00e9couvrez leurs coups de coeur et leurs randos pr\u00e9f\u00e9r\u00e9es\" \/>\n<meta property=\"og:url\" content=\"https:\/\/www.lespetitsbaroudeurs.com\/blog\/decouvrir-minorque-en-famille\/\" \/>\n<meta property=\"og:site_name\" content=\"Les Petits Baroudeurs\" \/>\n<meta property=\"article:publisher\" content=\"https:\/\/www.facebook.com\/lespetitsbaroudeurs\/\" \/>\n<meta property=\"article:published_time\" content=\"2024-06-24T15:00:24+00:00\" \/>\n<meta property=\"article:modified_time\" content=\"2024-06-24T12:07:38+00:00\" \/>\n<meta property=\"og:image\" content=\"https:\/\/www.lespetitsbaroudeurs.com\/blog\/wp-content\/uploads\/2024\/06\/Couverture-blog-LPB-2.jpg\" \/>\n\t<meta property=\"og:image:width\" content=\"1500\" \/>\n\t<meta property=\"og:image:height\" content=\"700\" \/>\n<meta name=\"twitter:card\" content=\"summary_large_image\" \/>\n<script type=\"application\/ld+json\" class=\"yoast-schema-graph\">{\"@context\":\"https:\/\/schema.org\",\"@graph\":[{\"@type\":\"WebSite\",\"@id\":\"https:\/\/www.lespetitsbaroudeurs.com\/blog\/#website\",\"url\":\"https:\/\/www.lespetitsbaroudeurs.com\/blog\/\",\"name\":\"Les Petits Baroudeurs\",\"description\":\"Le Blog de l&#039;aventure en famille !\",\"potentialAction\":[{\"@type\":\"SearchAction\",\"target\":\"https:\/\/www.lespetitsbaroudeurs.com\/blog\/?s={search_term_string}\",\"query-input\":\"required name=search_term_string\"}],\"inLanguage\":\"fr-FR\"},{\"@type\":\"ImageObject\",\"@id\":\"https:\/\/www.lespetitsbaroudeurs.com\/blog\/decouvrir-minorque-en-famille\/#primaryimage\",\"inLanguage\":\"fr-FR\",\"url\":\"https:\/\/www.lespetitsbaroudeurs.com\/blog\/wp-content\/uploads\/2024\/06\/Couverture-blog-LPB-2.jpg\",\"width\":1500,\"height\":700},{\"@type\":\"WebPage\",\"@id\":\"https:\/\/www.lespetitsbaroudeurs.com\/blog\/decouvrir-minorque-en-famille\/#webpage\",\"url\":\"https:\/\/www.lespetitsbaroudeurs.com\/blog\/decouvrir-minorque-en-famille\/\",\"name\":\"D\\u00e9couvrir Minorque en famille - Les Petits Baroudeurs\",\"isPartOf\":{\"@id\":\"https:\/\/www.lespetitsbaroudeurs.com\/blog\/#website\"},\"primaryImageOfPage\":{\"@id\":\"https:\/\/www.lespetitsbaroudeurs.com\/blog\/decouvrir-minorque-en-famille\/#primaryimage\"},\"author\":{\"@id\":\"https:\/\/www.lespetitsbaroudeurs.com\/blog\/#\/schema\/person\/f3473036f50f1384f22606bf6ac1dc9d\"},\"description\":\"La famille Niaudet nous emm\\u00e8nent d\\u00e9couvrir l'\\u00eele de Minorque avec leurs 4 enfants. D\\u00e9couvrez leurs coups de coeur et leurs randos pr\\u00e9f\\u00e9r\\u00e9es\",\"inLanguage\":\"fr-FR\",\"potentialAction\":[{\"@type\":\"ReadAction\",\"target\":[\"https:\/\/www.lespetitsbaroudeurs.com\/blog\/decouvrir-minorque-en-famille\/\"]}]},{\"@type\":\"Person\",\"@id\":\"https:\/\/www.lespetitsbaroudeurs.com\/blog\/#\/schema\/person\/f3473036f50f1384f22606bf6ac1dc9d\",\"name\":\"La famille Niaudet\",\"image\":{\"@type\":\"ImageObject\",\"@id\":\"https:\/\/www.lespetitsbaroudeurs.com\/blog\/#personlogo\",\"inLanguage\":\"fr-FR\",\"url\":\"https:\/\/secure.gravatar.com\/avatar\/6e7c55c7bd63327b4f23e71e5f7e9b8b?s=96&d=mm&r=g\",\"caption\":\"La famille Niaudet\"},\"description\":\"Moi, c\\u2019est Vanessa, lui, c\\u2019est Benoit. Mordus de nature, on est tomb\\u00e9 amoureux l\\u2019un de l\\u2019autre gr\\u00e2ce \\u00e0 nos passions communes pour la marche, la montagne et la d\\u00e9couverte d\\u2019autres cultures et de nouveaux horizons. Apr\\u00e8s avoir bien profit\\u00e9 des sentiers \\u00e0 deux, nous sommes rentr\\u00e9s du Cameroun \\u00e0 3... D'abord, Anouck, n\\u00e9e en 2013, a \\u00e9t\\u00e9 de toutes nos excursions, en \\u00e9charpe, \\u00e0 pied puis \\u00e0 v\\u00e9lo. Elle aime \\u00eatre libre, r\\u00eave de traverser un pays \\u00e0 pied, moins arr\\u00eater de sucer ses deux doigts. Deux ans apr\\u00e8s, Niels est arriv\\u00e9 ! Apr\\u00e8s la marche, le v\\u00e9lo, l'accrobranche, le ski lui r\\u00e9ussit! Le ski aussi, le ski aussi\\u2026 Il aime passer des heures dans la nature et jardiner, moins le centre a\\u00e9r\\u00e9. Deux ans plus tard, c'est Swann qui rejoint la tribu. Le sourire aux l\\u00e8vres, il a d\\u00e9j\\u00e0 vadrouill\\u00e9 sur les Chemins de Compostelle, puis du Pays Basque \\u00e0 la Galice, pris l\\u2019air des Alpes Italiennes et Helv\\u00e8tes avant d'atterrir \\u00e0 Chamb\\u00e9ry. Il aime les myrtilles sauvages, moins le soleil \\u2013 Shame la peau de roux ! Le dernier de la cord\\u00e9e nous a rejoint cet hiver. Grace \\u00e0 notre amour des Alpes et des grands espaces, S\\u00f6ren sera le seul \\u00e0 pouvoir revendiquer son origine savoyarde. Il aime les promenades en portage et cumule d\\u00e9j\\u00e0 bon nombre de kilom\\u00e8tres \\u00e0 son podom\\u00e8tre !\"}]}<\/script>\n<!-- \/ Yoast SEO plugin. -->","_links":{"self":[{"href":"https:\/\/www.lespetitsbaroudeurs.com\/blog\/wp-json\/wp\/v2\/posts\/10441"}],"collection":[{"href":"https:\/\/www.lespetitsbaroudeurs.com\/blog\/wp-json\/wp\/v2\/posts"}],"about":[{"href":"https:\/\/www.lespetitsbaroudeurs.com\/blog\/wp-json\/wp\/v2\/types\/post"}],"author":[{"embeddable":true,"href":"https:\/\/www.lespetitsbaroudeurs.com\/blog\/wp-json\/wp\/v2\/users\/41"}],"replies":[{"embeddable":true,"href":"https:\/\/www.lespetitsbaroudeurs.com\/blog\/wp-json\/wp\/v2\/comments?post=10441"}],"version-history":[{"count":2,"href":"https:\/\/www.lespetitsbaroudeurs.com\/blog\/wp-json\/wp\/v2\/posts\/10441\/revisions"}],"predecessor-version":[{"id":10466,"href":"https:\/\/www.lespetitsbaroudeurs.com\/blog\/wp-json\/wp\/v2\/posts\/10441\/revisions\/10466"}],"wp:featuredmedia":[{"embeddable":true,"href":"https:\/\/www.lespetitsbaroudeurs.com\/blog\/wp-json\/wp\/v2\/media\/10445"}],"wp:attachment":[{"href":"https:\/\/www.lespetitsbaroudeurs.com\/blog\/wp-json\/wp\/v2\/media?parent=10441"}],"wp:term":[{"taxonomy":"category","embeddable":true,"href":"https:\/\/www.lespetitsbaroudeurs.com\/blog\/wp-json\/wp\/v2\/categories?post=10441"},{"taxonomy":"post_tag","embeddable":true,"href":"https:\/\/www.lespetitsbaroudeurs.com\/blog\/wp-json\/wp\/v2\/tags?post=10441"}],"curies":[{"name":"wp","href":"https:\/\/api.w.org\/{rel}","templated":true}]}}