{"id":10499,"date":"2024-07-15T17:00:31","date_gmt":"2024-07-15T15:00:31","guid":{"rendered":"https:\/\/www.lespetitsbaroudeurs.com\/blog\/?p=10499"},"modified":"2024-07-15T09:47:52","modified_gmt":"2024-07-15T07:47:52","slug":"la-traversee-de-lauvergne-a-pied-lepopee-dhomere-avance","status":"publish","type":"post","link":"https:\/\/www.lespetitsbaroudeurs.com\/blog\/la-traversee-de-lauvergne-a-pied-lepopee-dhomere-avance\/","title":{"rendered":"La travers\u00e9e de l&rsquo;Auvergne \u00e0 pied, l&rsquo;\u00e9pop\u00e9e d&rsquo;Hom\u00e8re avance !"},"content":{"rendered":"\n<p><em>Romain&nbsp;et Justine, la trentaine, sont parents depuis d\u00e9cembre 2023 d\u2019un petit Hom\u00e8re. Amoureux d\u2019aventures, ils se sont lanc\u00e9s, le 1er avril 2024 (sans blague), dans la travers\u00e9e de la \u00ab&nbsp;diagonale du Vide&nbsp;\u00bb, \u00e0 pied, avec Hom\u00e8re ! Ainsi, depuis Sedan jusqu\u2019\u00e0 Saint-Jean-Pied-de-Port, ils vont parcourir 1700km \u00e0 travers la France, du nord-est au sud-ouest. La plus grande odyss\u00e9e qu&rsquo;ils n&rsquo;aient jamais envisag\u00e9e de r\u00e9aliser, port\u00e9s par leur petit Hom\u00e8re, qui leur donne moult \u00e9nergie et leur ouvre bien des portes. Car ils esp\u00e8rent compter sur l\u2019hospitalit\u00e9 de leurs compatriotes !<\/em><br><em>Apr\u00e8s, <a rel=\"noreferrer noopener\" href=\"https:\/\/www.lespetitsbaroudeurs.com\/blog\/la-traversee-des-ardennes-et-de-largonne-a-pied\/\" target=\"_blank\">la travers\u00e9e des Ardennes et de l&rsquo;Argonne<\/a>, <a rel=\"noreferrer noopener\" href=\"https:\/\/www.lespetitsbaroudeurs.com\/blog\/de-la-meuse-a-laube-a-pied-lepopee-dhomere-continue\/\" target=\"_blank\">la travers\u00e9e de la Meuse \u00e0 l&rsquo;Aube<\/a> et <a href=\"https:\/\/www.lespetitsbaroudeurs.com\/blog\/traversee-de-la-champagne-et-du-morvan-a-pied\/\" target=\"_blank\" rel=\"noreferrer noopener\">la travers\u00e9e de la Champagne et du Morvan<\/a>, voici la suite de leur t\u00e9moignage sur leur travers\u00e9e de l&rsquo;Auvergne \u00e0 pied.<\/em><\/p>\n\n\n\n<h2>Le parcours en bref de la travers\u00e9e de l&rsquo;Auvergne \u00e0 pied<\/h2>\n\n\n\n<p>Suivant toujours les GR (13, 463 et 46), la pluie ne nous l\u00e2che pas, mais sans nous emp\u00eacher de profiter des magnifiques paysages du Bourbonnais.<\/p>\n\n\n\n<p>Notre itin\u00e9raire nous fait passer par l\u2019abbaye de Sept-Fons, Saint-L\u00e9on, Montcombroux-les-Mines, Barrais-Bussoles, Droiturier, Arfeuilles, Ch\u00e2tel-Montagne, le Mayet-de-Montagne, Saint-Yorre, Vichy, Banelle, Saint-Germain-de-Salles, Veauce, \u00c9chassi\u00e8res, La Celle, N\u00e9ris-les-Bains, \u00c9vaux-les-Bains, Sannat,<\/p>\n\n\n\n<h2>Les coups de c\u0153ur de la travers\u00e9e de l&rsquo;Auvergne \u00e0 pied<\/h2>\n\n\n\n<h3>\u00catre h\u00e9berg\u00e9s au sein de communaut\u00e9s religieuses<\/h3>\n\n\n\n<p>Hom\u00e8re, en Auvergne, dormit dans plusieurs maisons de Dieu, ou b\u00e2timents conventuels.<\/p>\n\n\n\n<p>De Bourbon-Lancy \u00e0 l\u2019Abbaye de Sept-Fons, on peut suivre une agr\u00e9able voie verte. Une vraie autoroute pour v\u00e9los, parsem\u00e9e de tables de pique-nique couvertes, important pour s\u2019abriter. Suivant cette voie vierge de toute voiture, on progresse facilement jusqu\u2019\u00e0 la fameuse abbaye de Sept-Fons. Y vit une communaut\u00e9 de moines cisterciens disposant d\u2019une h\u00f4tellerie. Les moines se sont d&rsquo;ailleurs d\u00e9men\u00e9s pour trouver \u00e0 Hom\u00e8re un lit parapluie ! Il ne manque rien pour garantir un accueil simple mais chaleureux, avec la possibilit\u00e9 d\u2019assister aux offices, une exp\u00e9rience remarquable.<\/p>\n\n\n\n<p>Il en ira de m\u00eame \u00e0 Vichy, o\u00f9 les s\u0153urs apostoliques de Saint-Jean disposent aussi d\u2019une petite h\u00f4tellerie. Point de lit pour b\u00e9b\u00e9, mais une petite cohorte de religieuses qui seront aux petits soins pour Hom\u00e8re, qui aura \u00e9t\u00e9 trait\u00e9 comme un coq en p\u00e2te dans cette sublime ville thermale qui vaut sinc\u00e8rement le d\u00e9tour.<\/p>\n\n\n\n<p>\u00c0 quelques kilom\u00e8tres \u00e0 l\u2019ouest de Vichy, le lieu-dit de Banelle abrite un sanctuaire dont l\u2019entretien et la restauration sont assur\u00e9s par les paroissiens fort impliqu\u00e9s. Hom\u00e8re y passera alors une nuit exceptionnelle l\u00e0 encore, \u00e0 quelques jours des 400 ans du sanctuaire. Le jardin est sublime et offre un beau terrain de jeu pour les scouts !<\/p>\n\n\n\n<figure class=\"wp-block-image size-large\"><img loading=\"lazy\" width=\"1024\" height=\"768\" src=\"https:\/\/www.lespetitsbaroudeurs.com\/blog\/wp-content\/uploads\/2024\/07\/La-traversee-de-lAuvergne-a-pied-5.jpg\" alt=\"La travers\u00e9e de l'Auvergne \u00e0 pied - dormir au sein d'une communaut\u00e9 religieuse\" class=\"wp-image-10505\" srcset=\"https:\/\/www.lespetitsbaroudeurs.com\/blog\/wp-content\/uploads\/2024\/07\/La-traversee-de-lAuvergne-a-pied-5.jpg 1024w, https:\/\/www.lespetitsbaroudeurs.com\/blog\/wp-content\/uploads\/2024\/07\/La-traversee-de-lAuvergne-a-pied-5-300x225.jpg 300w, https:\/\/www.lespetitsbaroudeurs.com\/blog\/wp-content\/uploads\/2024\/07\/La-traversee-de-lAuvergne-a-pied-5-768x576.jpg 768w\" sizes=\"(max-width: 1024px) 100vw, 1024px\" \/><\/figure>\n\n\n\n<h3>Les petits villages o\u00f9 rien ne manque pour recevoir des familles<\/h3>\n\n\n\n<p>Rien ne manque dans les villages de la diagonale du \u00ab vide \u00bb. Par exemple, \u00e0 Saint-L\u00e9on, la mairie entretient un beau g\u00eete d\u2019\u00e9tape. Un super restaurant, <a href=\"https:\/\/m.facebook.com\/100063586983454\/\" target=\"_blank\" rel=\"noreferrer noopener\">le Petit Poucet<\/a>, y fait vivre un esprit guinguette.<\/p>\n\n\n\n<h4>Le village de Barrais-Bussoles<\/h4>\n\n\n\n<p>Barrais-Bussolles, tout petit village, offre n\u00e9anmoins tables de pique-nique et abris contre la pluie pour se restaurer et allaiter en \u00e9tant prot\u00e9g\u00e9 des \u00e9l\u00e9ments. Ce patelin est le c\u0153ur d\u2019un festival de th\u00e9\u00e2tre \u00e0 l\u2019ampleur impressionnante, la Barizi\u00e8re des Possibles.<\/p>\n\n\n\n<h4>Le village de Droiturier<\/h4>\n\n\n\n<p>\u00c0 Droiturier, un magnifique jardin public vous attend pour pique-niquer sur l\u2019herbe avec vos petits ! Dans ce village, Hom\u00e8re aura m\u00eame pu dormir dans le dortoir de l\u2019\u00e9cole. Une exp\u00e9rience qui le propulse ainsi quelques ann\u00e9es en avant, quand il devra entrer au primaire ! De nombreux panneaux explicatifs d\u00e9taillent les diff\u00e9rents itin\u00e9raires p\u00e9destres r\u00e9alisables pour qui veut approfondir l\u2019histoire des environs.<\/p>\n\n\n\n<h4>Le village d&rsquo;Arfeuilles<\/h4>\n\n\n\n<p>Arfeuilles offre une aire de jeu aux dimensions incroyables, jouxtant un beau stade. L\u00e0 aussi, les emplacements de pique-nique sont l\u00e9gion. La mairie poss\u00e8de aussi un superbe g\u00eete qui peut accueillir une famille enti\u00e8re. L\u2019\u00e9glise est magnifique et l\u2019\u00e9picerie qui lui fait face regorge de bons produits locaux. Foncez sur les Bleus d\u2019Auvergne, Saint-Nectaire et autres Chamb\u00e9rat, toujours fermiers bien s\u00fbr. De bons lipides pour les marcheurs !<\/p>\n\n\n\n<h4>Le village de Ch\u00e2tel-Montagne<\/h4>\n\n\n\n<p>\u00c0 Ch\u00e2tel-Montagne, un superbe restaurant, le 16 Arts, est pr\u00eat \u00e0 vous accueillir. Le tout jeune maire du village est dynamique, pr\u00eat \u00e0 soutenir les initiatives permettant de faire vivre son bourg \u00e0 la riche histoire. L\u2019association <a href=\"https:\/\/m.facebook.com\/people\/La-Vitrine-de-Ch\u00e2tel\/100023769699781\/\" target=\"_blank\" rel=\"noreferrer noopener\">La Vitrine de Ch\u00e2tel<\/a> \u0153uvre \u00e0 faire vivre le pass\u00e9 au travers d\u2019une promenade ludique au sein de la ville.<\/p>\n\n\n\n<h4>Le village de Sannat<\/h4>\n\n\n\n<p>Sannat est aussi remarquable du point de vue des infrastructures disponibles. Trois cent habitants et une halle superbe, toute neuve, qui couvre la terrasse d\u2019un all\u00e9chant caf\u00e9 associatif. Un <a href=\"https:\/\/sannat.fr\/gite-communal-le-telegraphe\/\" target=\"_blank\" rel=\"noreferrer noopener\">g\u00eete communal<\/a> tout confort, avec garage \u00e0 v\u00e9los, accueille cyclistes et randonneurs. Une aire de jeux pour petits et grands (tout pour faire une petite s\u00e9ance de tractions et autres dips). Tout y est pour passer un s\u00e9jour vivifiant en Creuse !<\/p>\n\n\n\n<h3>L\u2019hospitalit\u00e9 des Fran\u00e7ais<\/h3>\n\n\n\n<p>Nous parlons beaucoup de l\u2019hospitalit\u00e9 dans les pays \u00e9trangers. Les Fran\u00e7ais n\u2019ont, en ce domaine, aucune le\u00e7on \u00e0 recevoir. C\u2019est ce qui ne laisse de nous \u00e9mouvoir depuis notre d\u00e9part de Sedan. Le Fran\u00e7ais ouvre sa porte \u00e0 Hom\u00e8re et ses parents facilement et leur fournit une aide d\u00e9cisive sans rien attendre en retour.<\/p>\n\n\n\n<p>C\u2019est ce qui rend aussi notre aventure incroyable !<\/p>\n\n\n\n<p>En voici quelques exemples.<\/p>\n\n\n\n<ul><li>Cl\u00e9mentine, opticienne au Mayet-de-Montagne, aux Lunettes Bourbonnaises a rendu sa vue \u00e0 Romain, qui venait de casser ses lunettes\u2026<\/li><li>\u00c0 Saint-Yorre, M\u00e9lanie anime comme un chef le <a href=\"http:\/\/www.camping-saintyorre.com\/\" target=\"_blank\" rel=\"noreferrer noopener\">camping de la Gravi\u00e8re<\/a>, une belle rencontre.<\/li><li>\u00c0 Vichy, Fabien, du <a href=\"https:\/\/fabiolivichy.com\/\" target=\"_blank\" rel=\"noreferrer noopener\">Fabioli<\/a> est un bon chef au grand c\u0153ur, qui a su ouvrir sa porte pour permettre \u00e0 Justine d\u2019allaiter Hom\u00e8re \u00e0 l\u2019abri.<\/li><\/ul>\n\n\n\n<p>Les exemples de bont\u00e9 envers notre petite famille abondent et on ne saurait tous les citer.<\/p>\n\n\n\n<p>Mais ce sont d\u00e9j\u00e0 deux le\u00e7ons que nous tirons de cette petite promenade : l\u2019aventure peut se vivre en France, elle est avant tout humaine, et nos compatriotes sont formidables, quels que soient leur \u00e2ge ou leur situation !<\/p>\n\n\n\n<figure class=\"wp-block-gallery columns-2 is-cropped\"><ul class=\"blocks-gallery-grid\"><li class=\"blocks-gallery-item\"><figure><img loading=\"lazy\" width=\"768\" height=\"1024\" src=\"https:\/\/www.lespetitsbaroudeurs.com\/blog\/wp-content\/uploads\/2024\/07\/La-traversee-de-lAuvergne-a-pied-4.jpg\" alt=\"\" data-id=\"10506\" data-full-url=\"https:\/\/www.lespetitsbaroudeurs.com\/blog\/wp-content\/uploads\/2024\/07\/La-traversee-de-lAuvergne-a-pied-4.jpg\" data-link=\"https:\/\/www.lespetitsbaroudeurs.com\/blog\/?attachment_id=10506\" class=\"wp-image-10506\" srcset=\"https:\/\/www.lespetitsbaroudeurs.com\/blog\/wp-content\/uploads\/2024\/07\/La-traversee-de-lAuvergne-a-pied-4.jpg 768w, https:\/\/www.lespetitsbaroudeurs.com\/blog\/wp-content\/uploads\/2024\/07\/La-traversee-de-lAuvergne-a-pied-4-225x300.jpg 225w\" sizes=\"(max-width: 768px) 100vw, 768px\" \/><\/figure><\/li><li class=\"blocks-gallery-item\"><figure><img loading=\"lazy\" width=\"768\" height=\"1024\" src=\"https:\/\/www.lespetitsbaroudeurs.com\/blog\/wp-content\/uploads\/2024\/07\/La-traversee-de-lAuvergne-a-pied-6.jpg\" alt=\"\" data-id=\"10507\" data-full-url=\"https:\/\/www.lespetitsbaroudeurs.com\/blog\/wp-content\/uploads\/2024\/07\/La-traversee-de-lAuvergne-a-pied-6.jpg\" data-link=\"https:\/\/www.lespetitsbaroudeurs.com\/blog\/?attachment_id=10507\" class=\"wp-image-10507\" srcset=\"https:\/\/www.lespetitsbaroudeurs.com\/blog\/wp-content\/uploads\/2024\/07\/La-traversee-de-lAuvergne-a-pied-6.jpg 768w, https:\/\/www.lespetitsbaroudeurs.com\/blog\/wp-content\/uploads\/2024\/07\/La-traversee-de-lAuvergne-a-pied-6-225x300.jpg 225w\" sizes=\"(max-width: 768px) 100vw, 768px\" \/><\/figure><\/li><\/ul><\/figure>\n\n\n\n<h2>Conseils pour g\u00e9rer les distances et les trajets lors de la travers\u00e9e de l&rsquo;Auvergne \u00e0  pied<\/h2>\n\n\n\n<p>Toujours prendre du temps pour bien \u00e9tudier les cartes IGN et le relief, car avec les pluies que nous connaissons, le moindre repli peut transformer le moindre chemin noir en baignoire !<\/p>\n\n\n\n<p>Nous \u00e9vitons d\u2019imposer \u00e0 Hom\u00e8re des \u00e9tapes sup\u00e9rieures aux 15km ou plut\u00f4t, des \u00e9tapes impliquant plus de quatre heures de marche. Malgr\u00e9 les pauses pendant lesquelles nous le sortons et le faisons jouer sur un tapis et en d\u00e9pit du confort \u00e9vident du hamac de Thule, trop d\u2019heures pass\u00e9es dans Nestor (le nom donn\u00e9 au Chariot Cab de Thule) ne convient pas \u00e0 notre petit. Et son bien \u00eatre est notre priorit\u00e9 !<\/p>\n\n\n\n<h3>Infos pratiques<\/h3>\n\n\n\n<p>Les cartes IGN sont on ne peut plus pr\u00e9cises pour vous aider \u00e0 appr\u00e9hender le terrain. Mais avec les pluies incessantes auxquelles nous faisons face, ne pas h\u00e9siter \u00e0 capter du \u00ab renseignement humain \u00bb pour savoir si tel ou tel chemin est r\u00e9ellement praticable !<\/p>\n\n\n\n<p>Aspect positif de cette m\u00e9t\u00e9o : la nature fleurit abondamment ! Et il est ainsi facile de se concocter une salade avec des plantes sauvages glan\u00e9es sur les chemins, voici quelques exemples de plantes comestibles, le premier herbier d\u2019Hom\u00e8re !<\/p>\n\n\n\n<figure class=\"wp-block-gallery columns-2 is-cropped\"><ul class=\"blocks-gallery-grid\"><li class=\"blocks-gallery-item\"><figure><img loading=\"lazy\" width=\"1024\" height=\"768\" src=\"https:\/\/www.lespetitsbaroudeurs.com\/blog\/wp-content\/uploads\/2024\/07\/La-traversee-de-lAuvergne-a-pied-2.jpg\" alt=\"La travers\u00e9e de l'Auvergne \u00e0 pied - Herbier\" data-id=\"10503\" data-full-url=\"https:\/\/www.lespetitsbaroudeurs.com\/blog\/wp-content\/uploads\/2024\/07\/La-traversee-de-lAuvergne-a-pied-2.jpg\" data-link=\"https:\/\/www.lespetitsbaroudeurs.com\/blog\/?attachment_id=10503\" class=\"wp-image-10503\" srcset=\"https:\/\/www.lespetitsbaroudeurs.com\/blog\/wp-content\/uploads\/2024\/07\/La-traversee-de-lAuvergne-a-pied-2.jpg 1024w, https:\/\/www.lespetitsbaroudeurs.com\/blog\/wp-content\/uploads\/2024\/07\/La-traversee-de-lAuvergne-a-pied-2-300x225.jpg 300w, https:\/\/www.lespetitsbaroudeurs.com\/blog\/wp-content\/uploads\/2024\/07\/La-traversee-de-lAuvergne-a-pied-2-768x576.jpg 768w\" sizes=\"(max-width: 1024px) 100vw, 1024px\" \/><\/figure><\/li><li class=\"blocks-gallery-item\"><figure><img loading=\"lazy\" width=\"1024\" height=\"768\" src=\"https:\/\/www.lespetitsbaroudeurs.com\/blog\/wp-content\/uploads\/2024\/07\/La-traversee-de-lAuvergne-a-pied-3.jpg\" alt=\"\" data-id=\"10504\" data-full-url=\"https:\/\/www.lespetitsbaroudeurs.com\/blog\/wp-content\/uploads\/2024\/07\/La-traversee-de-lAuvergne-a-pied-3.jpg\" data-link=\"https:\/\/www.lespetitsbaroudeurs.com\/blog\/?attachment_id=10504\" class=\"wp-image-10504\" srcset=\"https:\/\/www.lespetitsbaroudeurs.com\/blog\/wp-content\/uploads\/2024\/07\/La-traversee-de-lAuvergne-a-pied-3.jpg 1024w, https:\/\/www.lespetitsbaroudeurs.com\/blog\/wp-content\/uploads\/2024\/07\/La-traversee-de-lAuvergne-a-pied-3-300x225.jpg 300w, https:\/\/www.lespetitsbaroudeurs.com\/blog\/wp-content\/uploads\/2024\/07\/La-traversee-de-lAuvergne-a-pied-3-768x576.jpg 768w\" sizes=\"(max-width: 1024px) 100vw, 1024px\" \/><\/figure><\/li><\/ul><\/figure>\n\n\n\n<h2>Matos particulier utilis\u00e9 pour la travers\u00e9e de l&rsquo;Auvergne \u00e0 pied<\/h2>\n\n\n\n<p>Nous avons pu \u00e9prouver la gigoteuse \u00e9volutive de Blue Mist. La qualit\u00e9 de sa laine m\u00e9rinos est \u00e0 souligner. Elle nous a sauv\u00e9s plusieurs fois quand Hom\u00e8re a encha\u00een\u00e9 les largages de colis non conventionnels dans ses couches et pulv\u00e9ris\u00e9 ainsi les trois bodys que nous transportons avec nous. En effet, douce et chaude, elle a parfaitement remplac\u00e9 les bodys qui s\u00e9chaient. Ses boutons pressions aux jambes permettent une fermeture totale ou partielle de la gigoteuse, qui peut donc s\u2019utiliser aussi bien en turbulette qu\u2019en combinaison laissant passer les pieds du petit !<\/p>\n\n\n\n<p>Naturellement antibact\u00e9rienne, elle ne prend pas les odeurs, bien pratique avec ces premi\u00e8res chaleurs.<\/p>\n\n\n\n<figure class=\"wp-block-image size-large\"><img loading=\"lazy\" width=\"768\" height=\"1024\" src=\"https:\/\/www.lespetitsbaroudeurs.com\/blog\/wp-content\/uploads\/2024\/07\/La-traversee-de-lAuvergne-a-pied-1.jpg\" alt=\"La travers\u00e9e de l'Auvergne \u00e0 pied - la gigoteuse en m\u00e9rinos id\u00e9ale en itin\u00e9rance\" class=\"wp-image-10502\" srcset=\"https:\/\/www.lespetitsbaroudeurs.com\/blog\/wp-content\/uploads\/2024\/07\/La-traversee-de-lAuvergne-a-pied-1.jpg 768w, https:\/\/www.lespetitsbaroudeurs.com\/blog\/wp-content\/uploads\/2024\/07\/La-traversee-de-lAuvergne-a-pied-1-225x300.jpg 225w\" sizes=\"(max-width: 768px) 100vw, 768px\" \/><\/figure>\n\n\n\n<div class=\"wp-block-group alignwide\"><div class=\"wp-block-group__inner-container\">\n<div class=\"wp-block-columns alignwide\">\n<div class=\"wp-block-column is-vertically-aligned-center\">\n<div class=\"wp-block-image\"><figure class=\"aligncenter size-large\"><img loading=\"lazy\" width=\"300\" height=\"300\" src=\"https:\/\/www.lespetitsbaroudeurs.com\/blog\/wp-content\/uploads\/2024\/04\/thule-chariot-cab-e1713262467230.jpg\" alt=\"\" class=\"wp-image-10156\"\/><\/figure><\/div>\n\n\n\n<p class=\"has-text-align-center\"><em>Chariot<\/em><br><em><a href=\"https:\/\/www.lespetitsbaroudeurs.com\/remorque-velo-enfant-80\" target=\"_blank\" rel=\"noreferrer noopener\">\u27b3Je d\u00e9couvre<\/a><\/em><\/p>\n<\/div>\n\n\n\n<div class=\"wp-block-column\">\n<div class=\"wp-block-image\"><figure class=\"aligncenter size-large is-resized\"><img loading=\"lazy\" src=\"https:\/\/www.lespetitsbaroudeurs.com\/blog\/wp-content\/uploads\/2024\/04\/combinaison-bebe-hiver-duvet-columbia-snuggly-bunny-e1713262571919.jpg\" alt=\"\" class=\"wp-image-10157\" width=\"300\" height=\"300\"\/><\/figure><\/div>\n\n\n\n<p class=\"has-text-align-center\"><em>Combinaison<\/em><br><em><a href=\"https:\/\/www.lespetitsbaroudeurs.com\/combinaisons-bebe-et-enfant-63\" target=\"_blank\" rel=\"noreferrer noopener\">\u27b3Je d\u00e9couvre<\/a><\/em><\/p>\n<\/div>\n\n\n\n<div class=\"wp-block-column\">\n<div class=\"wp-block-image\"><figure class=\"aligncenter size-large\"><img loading=\"lazy\" width=\"300\" height=\"300\" src=\"https:\/\/www.lespetitsbaroudeurs.com\/blog\/wp-content\/uploads\/2024\/04\/sac-de-couchage-bebe-little-star-exp-de-deuter-1-e1713262628210.jpg\" alt=\"\" class=\"wp-image-10158\"\/><\/figure><\/div>\n\n\n\n<p class=\"has-text-align-center\"><em>Sac de couchage<\/em><br><em><a href=\"https:\/\/www.lespetitsbaroudeurs.com\/veste-impermeable-enfant-bebe-39\" target=\"_blank\" rel=\"noreferrer noopener\">\u27b3Je <\/a><a href=\"https:\/\/www.lespetitsbaroudeurs.com\/sac-couchage-bebe-enfant-duvet-53\" target=\"_blank\" rel=\"noreferrer noopener\">d\u00e9couvre<\/a><\/em><\/p>\n<\/div>\n<\/div>\n<\/div><\/div>\n\n\n\n<div class=\"wp-block-group alignwide\"><div class=\"wp-block-group__inner-container\">\n<div class=\"wp-block-columns alignwide\">\n<div class=\"wp-block-column\">\n<div class=\"wp-block-image\"><figure class=\"aligncenter size-large\"><img loading=\"lazy\" width=\"300\" height=\"300\" src=\"https:\/\/www.lespetitsbaroudeurs.com\/blog\/wp-content\/uploads\/2024\/04\/gigoteuse-evolutive-laine-manymonths-blue-mist-e1713262722123.jpg\" alt=\"\" class=\"wp-image-10159\"\/><\/figure><\/div>\n\n\n\n<p class=\"has-text-align-center\"><em>Gigoteuse<\/em><br><em><a href=\"https:\/\/www.lespetitsbaroudeurs.com\/gigoteuse-nomade-273\" target=\"_blank\" rel=\"noreferrer noopener\">\u27b3Je d\u00e9couvre<\/a><\/em><\/p>\n<\/div>\n\n\n\n<div class=\"wp-block-column\">\n<div class=\"wp-block-image\"><figure class=\"aligncenter size-large\"><img loading=\"lazy\" width=\"300\" height=\"300\" src=\"https:\/\/www.lespetitsbaroudeurs.com\/blog\/wp-content\/uploads\/2024\/04\/bob-bebe-block-the-sun-hat-patagonia-e1713262786812.jpg\" alt=\"\" class=\"wp-image-10160\"\/><\/figure><\/div>\n\n\n\n<p class=\"has-text-align-center\"><em>Chapeau<\/em><br><em><a href=\"https:\/\/www.lespetitsbaroudeurs.com\/chapeaux-soleil-bebe-48\" target=\"_blank\" rel=\"noreferrer noopener\">\u27b3Je d\u00e9couvre<\/a><\/em><\/p>\n<\/div>\n\n\n\n<div class=\"wp-block-column\">\n<div class=\"wp-block-image\"><figure class=\"aligncenter size-large\"><img loading=\"lazy\" width=\"300\" height=\"300\" src=\"https:\/\/www.lespetitsbaroudeurs.com\/blog\/wp-content\/uploads\/2024\/04\/lunettes-soleil-bebe-sans-branche-chouka-de-cebe-e1713262841281.jpg\" alt=\"\" class=\"wp-image-10161\"\/><\/figure><\/div>\n\n\n\n<p class=\"has-text-align-center\"><em>Lunettes de soleil<\/em><br><em><a href=\"https:\/\/www.lespetitsbaroudeurs.com\/veste-impermeable-enfant-bebe-39\" target=\"_blank\" rel=\"noreferrer noopener\">\u27b3Je <\/a><a href=\"https:\/\/www.lespetitsbaroudeurs.com\/lunettes-soleil-bebe-enfant-13\" target=\"_blank\" rel=\"noreferrer noopener\">d\u00e9couvre<\/a><\/em><\/p>\n<\/div>\n<\/div>\n<\/div><\/div>\n","protected":false},"excerpt":{"rendered":"<p>Romain&nbsp;et Justine, la trentaine, sont parents depuis d\u00e9cembre 2023 d\u2019un petit Hom\u00e8re. Amoureux d\u2019aventures, ils se sont lanc\u00e9s, le 1er avril 2024 (sans blague), dans la travers\u00e9e de la \u00ab&nbsp;diagonale du Vide&nbsp;\u00bb, \u00e0 pied, avec Hom\u00e8re ! Ainsi, depuis Sedan jusqu\u2019\u00e0 Saint-Jean-Pied-de-Port, ils vont parcourir 1700km \u00e0 travers la France, du nord-est au sud-ouest. La [&hellip;]<\/p>\n","protected":false},"author":95,"featured_media":10509,"comment_status":"open","ping_status":"open","sticky":false,"template":"","format":"standard","meta":[],"categories":[150],"tags":[160],"yoast_head":"<!-- This site is optimized with the Yoast SEO plugin v14.9 - https:\/\/yoast.com\/wordpress\/plugins\/seo\/ -->\n<title>La travers\u00e9e de l&#039;Auvergne \u00e0 pied, l&#039;\u00e9pop\u00e9e d&#039;Hom\u00e8re avance ! - Les Petits Baroudeurs<\/title>\n<meta name=\"description\" content=\"Hom\u00e8re et ses parents continuent leur voyage \u00e0 travers la diagonale du vide. Ici, ils nous racontent leur travers\u00e9e de l&#039;Auvergne \u00e0 pied.\" \/>\n<meta name=\"robots\" content=\"index, follow, max-snippet:-1, max-image-preview:large, max-video-preview:-1\" \/>\n<link rel=\"canonical\" href=\"https:\/\/www.lespetitsbaroudeurs.com\/blog\/la-traversee-de-lauvergne-a-pied-lepopee-dhomere-avance\/\" \/>\n<meta property=\"og:locale\" content=\"fr_FR\" \/>\n<meta property=\"og:type\" content=\"article\" \/>\n<meta property=\"og:title\" content=\"La travers\u00e9e de l&#039;Auvergne \u00e0 pied, l&#039;\u00e9pop\u00e9e d&#039;Hom\u00e8re avance ! - Les Petits Baroudeurs\" \/>\n<meta property=\"og:description\" content=\"Hom\u00e8re et ses parents continuent leur voyage \u00e0 travers la diagonale du vide. Ici, ils nous racontent leur travers\u00e9e de l&#039;Auvergne \u00e0 pied.\" \/>\n<meta property=\"og:url\" content=\"https:\/\/www.lespetitsbaroudeurs.com\/blog\/la-traversee-de-lauvergne-a-pied-lepopee-dhomere-avance\/\" \/>\n<meta property=\"og:site_name\" content=\"Les Petits Baroudeurs\" \/>\n<meta property=\"article:publisher\" content=\"https:\/\/www.facebook.com\/lespetitsbaroudeurs\/\" \/>\n<meta property=\"article:published_time\" content=\"2024-07-15T15:00:31+00:00\" \/>\n<meta property=\"article:modified_time\" content=\"2024-07-15T07:47:52+00:00\" \/>\n<meta property=\"og:image\" content=\"https:\/\/www.lespetitsbaroudeurs.com\/blog\/wp-content\/uploads\/2024\/07\/Traversee-de-lAuvergne-a-pied-couverture.jpg\" \/>\n\t<meta property=\"og:image:width\" content=\"1500\" \/>\n\t<meta property=\"og:image:height\" content=\"700\" \/>\n<meta name=\"twitter:card\" content=\"summary_large_image\" \/>\n<script type=\"application\/ld+json\" class=\"yoast-schema-graph\">{\"@context\":\"https:\/\/schema.org\",\"@graph\":[{\"@type\":\"WebSite\",\"@id\":\"https:\/\/www.lespetitsbaroudeurs.com\/blog\/#website\",\"url\":\"https:\/\/www.lespetitsbaroudeurs.com\/blog\/\",\"name\":\"Les Petits Baroudeurs\",\"description\":\"Le Blog de l&#039;aventure en famille !\",\"potentialAction\":[{\"@type\":\"SearchAction\",\"target\":\"https:\/\/www.lespetitsbaroudeurs.com\/blog\/?s={search_term_string}\",\"query-input\":\"required name=search_term_string\"}],\"inLanguage\":\"fr-FR\"},{\"@type\":\"ImageObject\",\"@id\":\"https:\/\/www.lespetitsbaroudeurs.com\/blog\/la-traversee-de-lauvergne-a-pied-lepopee-dhomere-avance\/#primaryimage\",\"inLanguage\":\"fr-FR\",\"url\":\"https:\/\/www.lespetitsbaroudeurs.com\/blog\/wp-content\/uploads\/2024\/07\/Traversee-de-lAuvergne-a-pied-couverture.jpg\",\"width\":1500,\"height\":700},{\"@type\":\"WebPage\",\"@id\":\"https:\/\/www.lespetitsbaroudeurs.com\/blog\/la-traversee-de-lauvergne-a-pied-lepopee-dhomere-avance\/#webpage\",\"url\":\"https:\/\/www.lespetitsbaroudeurs.com\/blog\/la-traversee-de-lauvergne-a-pied-lepopee-dhomere-avance\/\",\"name\":\"La travers\\u00e9e de l'Auvergne \\u00e0 pied, l'\\u00e9pop\\u00e9e d'Hom\\u00e8re avance ! - Les Petits Baroudeurs\",\"isPartOf\":{\"@id\":\"https:\/\/www.lespetitsbaroudeurs.com\/blog\/#website\"},\"primaryImageOfPage\":{\"@id\":\"https:\/\/www.lespetitsbaroudeurs.com\/blog\/la-traversee-de-lauvergne-a-pied-lepopee-dhomere-avance\/#primaryimage\"},\"author\":{\"@id\":\"https:\/\/www.lespetitsbaroudeurs.com\/blog\/#\/schema\/person\/8af38583c86c0d4532e783e9b9b2f32b\"},\"description\":\"Hom\\u00e8re et ses parents continuent leur voyage \\u00e0 travers la diagonale du vide. Ici, ils nous racontent leur travers\\u00e9e de l'Auvergne \\u00e0 pied.\",\"inLanguage\":\"fr-FR\",\"potentialAction\":[{\"@type\":\"ReadAction\",\"target\":[\"https:\/\/www.lespetitsbaroudeurs.com\/blog\/la-traversee-de-lauvergne-a-pied-lepopee-dhomere-avance\/\"]}]},{\"@type\":\"Person\",\"@id\":\"https:\/\/www.lespetitsbaroudeurs.com\/blog\/#\/schema\/person\/8af38583c86c0d4532e783e9b9b2f32b\",\"name\":\"La famille d'Hom\\u00e8re\",\"image\":{\"@type\":\"ImageObject\",\"@id\":\"https:\/\/www.lespetitsbaroudeurs.com\/blog\/#personlogo\",\"inLanguage\":\"fr-FR\",\"url\":\"https:\/\/secure.gravatar.com\/avatar\/17ab750d0fa7bf4f38ff4a4e4dd4f412?s=96&d=mm&r=g\",\"caption\":\"La famille d'Hom\\u00e8re\"},\"description\":\"Romain et Justine se sont connus il y a dix ans sur les bancs de l'universit\\u00e9. Les \\u00e9tudes n'ont fait qu'accro\\u00eetre leur curiosit\\u00e9, les poussant \\u00e0 voyager jusqu'aux confins de l'Asie. L'\\u00e9pisode \\\"Covid-19\\\" et quelques lectures d\\u00e9cisives les ont convaincus de se lancer dans les bivouacs et la randonn\\u00e9e en autonomie. En d\\u00e9cembre 2023, leur couple devint famille quand vint au monde leur petit Hom\\u00e8re. Son arriv\\u00e9e co\\u00efncide avec un changement de vie radical. Quittant Paris en mars, ils se lancent, en famille, dans une travers\\u00e9e de la France \\u00e0 pied, de Sedan \\u00e0 Saint-Jean-Pied-de-Port ! Plus de 1700 kilom\\u00e8tres pour d\\u00e9couvrir une France que l'on dit \\\"p\\u00e9riph\\u00e9rique\\\", une itin\\u00e9rance de cinq mois environ \\u00e0 travers ce que l'administration a su appeler la diagonale du \\\"Vide\\\". Ils comptent sur l'hospitalit\\u00e9 des Fran\\u00e7ais pour trouver de quoi se loger apr\\u00e8s chaque \\u00e9tape, sinon ce sera la tente et le bivouac ! La famille d\\u2019Hom\\u00e8re, pour cette travers\\u00e9e de la France \\u00e0 pied, fait partie des laur\\u00e9ats des Bourses de l\\u2019Aventure 2024 de La Guilde\"}]}<\/script>\n<!-- \/ Yoast SEO plugin. -->","_links":{"self":[{"href":"https:\/\/www.lespetitsbaroudeurs.com\/blog\/wp-json\/wp\/v2\/posts\/10499"}],"collection":[{"href":"https:\/\/www.lespetitsbaroudeurs.com\/blog\/wp-json\/wp\/v2\/posts"}],"about":[{"href":"https:\/\/www.lespetitsbaroudeurs.com\/blog\/wp-json\/wp\/v2\/types\/post"}],"author":[{"embeddable":true,"href":"https:\/\/www.lespetitsbaroudeurs.com\/blog\/wp-json\/wp\/v2\/users\/95"}],"replies":[{"embeddable":true,"href":"https:\/\/www.lespetitsbaroudeurs.com\/blog\/wp-json\/wp\/v2\/comments?post=10499"}],"version-history":[{"count":4,"href":"https:\/\/www.lespetitsbaroudeurs.com\/blog\/wp-json\/wp\/v2\/posts\/10499\/revisions"}],"predecessor-version":[{"id":10535,"href":"https:\/\/www.lespetitsbaroudeurs.com\/blog\/wp-json\/wp\/v2\/posts\/10499\/revisions\/10535"}],"wp:featuredmedia":[{"embeddable":true,"href":"https:\/\/www.lespetitsbaroudeurs.com\/blog\/wp-json\/wp\/v2\/media\/10509"}],"wp:attachment":[{"href":"https:\/\/www.lespetitsbaroudeurs.com\/blog\/wp-json\/wp\/v2\/media?parent=10499"}],"wp:term":[{"taxonomy":"category","embeddable":true,"href":"https:\/\/www.lespetitsbaroudeurs.com\/blog\/wp-json\/wp\/v2\/categories?post=10499"},{"taxonomy":"post_tag","embeddable":true,"href":"https:\/\/www.lespetitsbaroudeurs.com\/blog\/wp-json\/wp\/v2\/tags?post=10499"}],"curies":[{"name":"wp","href":"https:\/\/api.w.org\/{rel}","templated":true}]}}