{"id":10558,"date":"2024-09-23T17:00:16","date_gmt":"2024-09-23T15:00:16","guid":{"rendered":"https:\/\/www.lespetitsbaroudeurs.com\/blog\/?p=10558"},"modified":"2024-09-23T10:56:31","modified_gmt":"2024-09-23T08:56:31","slug":"le-perou-cusco-et-ses-environs-a-velo-et-en-famille","status":"publish","type":"post","link":"https:\/\/www.lespetitsbaroudeurs.com\/blog\/le-perou-cusco-et-ses-environs-a-velo-et-en-famille\/","title":{"rendered":"Le P\u00e9rou : Cusco et ses environs \u00e0 v\u00e9lo et en famille"},"content":{"rendered":"\n<p><em>C\u00e9line, Xavier et leurs deux enfants, Math\u00e9o (10 ans) et Nathan (5 ans) sont habitu\u00e9s des voyages \u00e0 v\u00e9lo. Ils sont actuellement en train de r\u00e9aliser un de leurs r\u00eaves : voyager \u00e0 travers les Am\u00e9riques en v\u00e9lo pendant 1 an. Ils nous emm\u00e8nent ici d\u00e9couvrir \u00e0 v\u00e9lo Cusco et ses environs au P\u00e9rou, pays o\u00f9 ils sont depuis un mois.<\/em><\/p>\n\n\n\n<h2>Le parcours au P\u00e9rou de Cusco et ses environs \u00e0 v\u00e9lo<\/h2>\n\n\n\n<p>Nous avons atterri \u00e0 Lima pour ensuite prendre un bus direction Paracas o\u00f9 nous avons d\u00e9but\u00e9 le v\u00e9lo. Nous avons parcouru le d\u00e9sert en passant par Huacachina, pour ensuite arriver \u00e0 Nasca. Puis nous avons mont\u00e9 100 km jusqu\u2019\u00e0 Puquio, et Abancay pour arriver \u00e0 Cusco. Nous continuerons ensuite direction le Lac Titicaca pour rejoindre la Bolivie.<\/p>\n\n\n\n<figure class=\"wp-block-image size-large\"><img loading=\"lazy\" width=\"768\" height=\"1024\" src=\"https:\/\/www.lespetitsbaroudeurs.com\/blog\/wp-content\/uploads\/2024\/09\/Le-Perou-Cusco-et-ses-environs-a-velo-2.jpg\" alt=\"Le P\u00e9rou : Cusco vuedu haut \u00e0 v\u00e9lo \" class=\"wp-image-10575\" srcset=\"https:\/\/www.lespetitsbaroudeurs.com\/blog\/wp-content\/uploads\/2024\/09\/Le-Perou-Cusco-et-ses-environs-a-velo-2.jpg 768w, https:\/\/www.lespetitsbaroudeurs.com\/blog\/wp-content\/uploads\/2024\/09\/Le-Perou-Cusco-et-ses-environs-a-velo-2-225x300.jpg 225w\" sizes=\"(max-width: 768px) 100vw, 768px\" \/><\/figure>\n\n\n\n<h2>Les coups de c\u0153ur au P\u00e9rou de Cusco et ses environs \u00e0 v\u00e9lo<\/h2>\n\n\n\n<ul><li><strong>Cusco est une ville pleine d\u2019histoire<\/strong>, de la place d\u2019armes au Cristo Blanco. Le centre historique invite ainsi \u00e0 se balader dans les ruelles. Il ne faut pas h\u00e9siter \u00e0 s\u2019engouffrer dans les cours int\u00e9rieures pour y d\u00e9couvrir des march\u00e9s artisanaux et des restaurants. Cette ville est impr\u00e9gn\u00e9e de la culture hispanique avec cette grande place des armes entour\u00e9e de b\u00e2timents typiques de l\u2019Espagne et les \u00e9glises. Mais \u00e9galement de la culture inca avec ses ruines qui sont visibles m\u00eame en ville. Le Cristo Blanco surplombe la ville de Cusco qui s\u2019\u00e9tend sur plusieurs km, entour\u00e9e des montagnes. Situ\u00e9e \u00e0 3200m d\u2019altitude, Ii est pr\u00e9f\u00e9rable de la visiter pendant la saison s\u00e8che entre avril et octobre environ.<\/li><li><strong>Le quartier de San Blas avec ces ruelles escarp\u00e9es<\/strong>. Vous pouvez y trouver notamment la calle 7 borreguitos, tr\u00e8s jolie avec ces fleurs, l\u2019aqueduc de Samay , et l\u2019\u00e9glise San Cristobal<\/li><li>Enfin, <strong>le Mercado San Pedro<\/strong> vous plonge dans l\u2019ambiance des march\u00e9s p\u00e9ruviens. Il y a une partie artisanats\/souvenirs, puis les fruits\/l\u00e9gumes, boucheries, plusieurs bars \u00e0 jus de fruits frais et petits restaurants. Le dimanche est le jour o\u00f9 il y a le plus d\u2019ambiance. Fl\u00e2ner dans les all\u00e9es ce jour-l\u00e0 c\u2019est ressentir la vie locale.<\/li><\/ul>\n\n\n\n<figure class=\"wp-block-gallery columns-2 is-cropped\"><ul class=\"blocks-gallery-grid\"><li class=\"blocks-gallery-item\"><figure><img loading=\"lazy\" width=\"768\" height=\"1024\" src=\"https:\/\/www.lespetitsbaroudeurs.com\/blog\/wp-content\/uploads\/2024\/09\/Le-Perou-Cusco-et-ses-environs-a-velo-1.jpg\" alt=\"Le P\u00e9rou : Cusco et ses environs \u00e0 v\u00e9lo\" data-id=\"10568\" data-full-url=\"https:\/\/www.lespetitsbaroudeurs.com\/blog\/wp-content\/uploads\/2024\/09\/Le-Perou-Cusco-et-ses-environs-a-velo-1.jpg\" data-link=\"https:\/\/www.lespetitsbaroudeurs.com\/blog\/?attachment_id=10568\" class=\"wp-image-10568\" srcset=\"https:\/\/www.lespetitsbaroudeurs.com\/blog\/wp-content\/uploads\/2024\/09\/Le-Perou-Cusco-et-ses-environs-a-velo-1.jpg 768w, https:\/\/www.lespetitsbaroudeurs.com\/blog\/wp-content\/uploads\/2024\/09\/Le-Perou-Cusco-et-ses-environs-a-velo-1-225x300.jpg 225w\" sizes=\"(max-width: 768px) 100vw, 768px\" \/><\/figure><\/li><li class=\"blocks-gallery-item\"><figure><img loading=\"lazy\" width=\"768\" height=\"1024\" src=\"https:\/\/www.lespetitsbaroudeurs.com\/blog\/wp-content\/uploads\/2024\/09\/Le-Perou-Cusco-et-ses-environs-a-velo-3.jpg\" alt=\"Mercado San Pedro (Cusco, P\u00e9rou) \u00e0 v\u00e9lo\" data-id=\"10569\" data-full-url=\"https:\/\/www.lespetitsbaroudeurs.com\/blog\/wp-content\/uploads\/2024\/09\/Le-Perou-Cusco-et-ses-environs-a-velo-3.jpg\" data-link=\"https:\/\/www.lespetitsbaroudeurs.com\/blog\/?attachment_id=10569\" class=\"wp-image-10569\" srcset=\"https:\/\/www.lespetitsbaroudeurs.com\/blog\/wp-content\/uploads\/2024\/09\/Le-Perou-Cusco-et-ses-environs-a-velo-3.jpg 768w, https:\/\/www.lespetitsbaroudeurs.com\/blog\/wp-content\/uploads\/2024\/09\/Le-Perou-Cusco-et-ses-environs-a-velo-3-225x300.jpg 225w\" sizes=\"(max-width: 768px) 100vw, 768px\" \/><\/figure><\/li><\/ul><\/figure>\n\n\n\n<h2>Conseils et infos pratiques au P\u00e9rou de Cusco et ses environs \u00e0 v\u00e9lo<\/h2>\n\n\n\n<h3>Conseils pour g\u00e9rer les distances et les trajets<\/h3>\n\n\n\n<p>Cusco est une ville d\u2019altitude, il faut donc penser \u00e0 prendre de l\u2019hom\u00e9opathie \u00e0 la coca pour les enfants et surtout bien s\u2019hydrater. Et aussi l\u2019indispensable boite \u00e0 histoire pour les plus jeunes avec des coloriages et pour les grands, un livre et des jeux de cartes.<\/p>\n\n\n\n<h3>Infos pratiques<\/h3>\n\n\n\n<h4>O\u00f9 dormir ?<\/h4>\n\n\n\n<p>Il y a des h\u00e9bergements pour tous les budgets.  Nous avons ainsi dormi \u00e0 l\u2019hostal Estrellita tr\u00e8s bien situ\u00e9 et \u00e0 un prix tout doux. Les chambres sont de bonnes tailles et les toilettes et douches sont partag\u00e9es. Il y a \u00e9galement une cuisine commune qui permet de pouvoir cuisiner et manger dans une cour int\u00e9rieure agr\u00e9able. Il propose \u00e9galement des petits d\u00e9jeuners en les commandant la veille.<\/p>\n\n\n\n<h4>O\u00f9 manger ?<\/h4>\n\n\n\n<p>Il y a toutes sortes de restaurations possibles et pour tous les go\u00fbts. Nous connaissions d\u00e9j\u00e0 la cuisine p\u00e9ruvienne, alors nous avons voulu manger un peu fran\u00e7ais.<\/p>\n\n\n\n<p>Il existe une merveilleuse boulangerie pour prendre un bon petit d\u00e9jeuner et un bon caf\u00e9&nbsp;: qosqo-maki. Les pains au chocolat et les pains aux raisins sont tr\u00e8s bons, le caf\u00e9 est excellent et s\u00e9lectionn\u00e9 chez un torr\u00e9facteur de la ville.<\/p>\n\n\n\n<p>La cr\u00e9perie La Bo\u2019m, dans le quartier de San Blas, a \u00e9t\u00e9 cr\u00e9\u00e9e par une fran\u00e7aise. D&rsquo;ailleurs, pour ceux qui ne maitrisent pas la langue espagnole, il y a une carte en fran\u00e7ais. L\u2019ambiance est tr\u00e8s cosy et il y a une vue splendide sur Cusco (le soir c\u2019est encore mieux !). On peut y venir pour le gouter ou pour un repas ou tout simplement pour boire un verre. Petit coup de c\u0153ur pour le caramel au beurre sal\u00e9 maison et pour les tisanes.<\/p>\n\n\n\n<h4>Comment organiser ses visites avec un guide ?<\/h4>\n\n\n\n<p>L\u2019agence franco p\u00e9ruvienne TrekkInca est celle que nous avons choisie pour notre visite de la vall\u00e9e sacr\u00e9e et du Machu Picchu. D&rsquo;ailleurs, nous vous la recommandons les yeux ferm\u00e9s. Il y a un large choix pour d\u00e9couvrir la r\u00e9gion, Cusco en famille et m\u00eame le P\u00e9rou. Aussi une partie de l\u2019argent des excursions est revers\u00e9e \u00e0 l\u2019association Asso TrekkInca, cr\u00e9\u00e9e par l\u2019agence et qui aide les \u00e9coles andines&nbsp;: cr\u00e9ation d\u2019une biblioth\u00e8que\/ludoth\u00e8que, mat\u00e9riel scolaire,\u2026 Les guides sont francophones et nous partons en petit groupe. Nous avons v\u00e9cu 2 jours incroyables avec une prise en charge au top. Claire, la co-fondatrice, est aux petits soins ainsi que les guides qui sont \u00e0 l\u2019\u00e9coute et r\u00e9pondent \u00e0 toutes les questions (les enfants en ont eu beaucoup). N\u2019h\u00e9sitez pas \u00e0 les contacter&nbsp;: <a href=\"https:\/\/trekkinca.com\">https:\/\/trekkinca.com<\/a><\/p>\n\n\n\n<h2>Les coups de c\u0153ur d\u00e9taill\u00e9s au P\u00e9rou de Cusco et ses environs \u00e0 v\u00e9lo<\/h2>\n\n\n\n<h3>La vall\u00e9e sacr\u00e9e<\/h3>\n\n\n\n<p>C\u2019est une plong\u00e9e dans le monde des incas. Chicheron est connu pour son artisanat du textile et pour la ville qui garde encore des traces des incas. Nous avons pu voir comment, avec des proc\u00e9d\u00e9s naturels, la laine \u00e9tait color\u00e9e et \u00e9galement comment les femmes tissaient avec ces couleurs vives typique du P\u00e9rou.<\/p>\n\n\n\n<h3>Moray ou le laboratoire agricole des incas<\/h3>\n\n\n\n<p>Ce sont des amphith\u00e9\u00e2tres qui ont \u00e9t\u00e9 creus\u00e9s \u00e0 diff\u00e9rents \u00e9tages pour recr\u00e9er les conditions climatiques connues \u00e0 diff\u00e9rentes altitudes. Ainsi, cela a permis aux incas de pouvoir acclimater certaines plantes et l\u00e9gumes \u00e0 des altitudes plus hautes. C\u2019est \u00e9tonnant de voir que les incas avaient de telles techniques au niveau de l\u2019agriculture mais \u00e9galement dans d\u2019autres domaines.<\/p>\n\n\n\n<figure class=\"wp-block-image size-large\"><img loading=\"lazy\" width=\"1024\" height=\"768\" src=\"https:\/\/www.lespetitsbaroudeurs.com\/blog\/wp-content\/uploads\/2024\/09\/Le-Perou-Cusco-et-ses-environs-a-velo-5.jpg\" alt=\"Moray (P\u00e9rou) dans les environs de Cusco \u00e0 v\u00e9lo\" class=\"wp-image-10574\" srcset=\"https:\/\/www.lespetitsbaroudeurs.com\/blog\/wp-content\/uploads\/2024\/09\/Le-Perou-Cusco-et-ses-environs-a-velo-5.jpg 1024w, https:\/\/www.lespetitsbaroudeurs.com\/blog\/wp-content\/uploads\/2024\/09\/Le-Perou-Cusco-et-ses-environs-a-velo-5-300x225.jpg 300w, https:\/\/www.lespetitsbaroudeurs.com\/blog\/wp-content\/uploads\/2024\/09\/Le-Perou-Cusco-et-ses-environs-a-velo-5-768x576.jpg 768w\" sizes=\"(max-width: 1024px) 100vw, 1024px\" \/><\/figure>\n\n\n\n<h3>Les salines de Maras&nbsp;: des bassins de sel en altitude<\/h3>\n\n\n\n<p>Il y a 4000 bassins exploit\u00e9s par des familles de la r\u00e9gion r\u00e9unis en coop\u00e9rative. C\u2019est \u00e9tonnant de voir tous ces bassins o\u00f9 le sel est r\u00e9cup\u00e9r\u00e9 toute l\u2019ann\u00e9e et o\u00f9 l\u2019eau sort en continu de la montagne \u00e0 32\u00b0C. Le sel est d&rsquo;ailleurs en vente en diff\u00e9rentes quantit\u00e9s et peu cher. Pour des voyageurs \u00e0 v\u00e9lo les petites quantit\u00e9s sont donc id\u00e9ales.<\/p>\n\n\n\n<figure class=\"wp-block-image size-large\"><img loading=\"lazy\" width=\"768\" height=\"1024\" src=\"https:\/\/www.lespetitsbaroudeurs.com\/blog\/wp-content\/uploads\/2024\/09\/Le-Perou-Cusco-et-ses-environs-a-velo-4.jpg\" alt=\"Les Salines de Maras (P\u00e9rou) dans les environs de Cusco \u00e0 v\u00e9lo\" class=\"wp-image-10573\" srcset=\"https:\/\/www.lespetitsbaroudeurs.com\/blog\/wp-content\/uploads\/2024\/09\/Le-Perou-Cusco-et-ses-environs-a-velo-4.jpg 768w, https:\/\/www.lespetitsbaroudeurs.com\/blog\/wp-content\/uploads\/2024\/09\/Le-Perou-Cusco-et-ses-environs-a-velo-4-225x300.jpg 225w\" sizes=\"(max-width: 768px) 100vw, 768px\" \/><\/figure>\n\n\n\n<h3>Ollyantantambo&nbsp;:&nbsp; le dernier bastion de r\u00e9sistance entre les incas et les conquistadors espagnols<\/h3>\n\n\n\n<p>La forteresse est impressionnante avec ses temples, ses terrasses pour avoir de quoi se nourrir. C\u2019est la ville de d\u00e9part pour monter \u00e0 Agua calientes, la ville d\u2019acc\u00e8s au Machu Picchu.<\/p>\n\n\n\n<figure class=\"wp-block-image size-large\"><img loading=\"lazy\" width=\"768\" height=\"1024\" src=\"https:\/\/www.lespetitsbaroudeurs.com\/blog\/wp-content\/uploads\/2024\/09\/Le-Perou-Cusco-et-ses-environs-a-velo-6.jpg\" alt=\"\" class=\"wp-image-10572\" srcset=\"https:\/\/www.lespetitsbaroudeurs.com\/blog\/wp-content\/uploads\/2024\/09\/Le-Perou-Cusco-et-ses-environs-a-velo-6.jpg 768w, https:\/\/www.lespetitsbaroudeurs.com\/blog\/wp-content\/uploads\/2024\/09\/Le-Perou-Cusco-et-ses-environs-a-velo-6-225x300.jpg 225w\" sizes=\"(max-width: 768px) 100vw, 768px\" \/><\/figure>\n\n\n\n<h3>Machu Picchu&nbsp;: l\u2019une des 7 merveilles du monde \u00e0 ne pas manquer<\/h3>\n\n\n\n<p>Pour y acc\u00e9der, il faut prendre le train \u00e0 Ollyantamtanbo direction Agua Calientes qui est la ville avant le site. Pour les billets d\u2019entr\u00e9es, nous vous conseillons fortement de passer par une agence, le quota d\u2019entr\u00e9es quotidienne ayant diminu\u00e9, les avoir par soi-m\u00eame rel\u00e8ve du parcours du combattant et \u00e9galement pour avoir les explications sur le site (car aucun panneau explicatif).<\/p>\n\n\n\n<p>Nous arrivons par le haut du site. La vue est splendide, nous surplombons la citadelle, c\u2019est l\u2019endroit o\u00f9 les photos les plus connus du monument sont faites. Elle n\u2019a \u00e9t\u00e9 mise \u00e0 jour qu\u2019au d\u00e9but du 20\u00e8me si\u00e8cle par un arch\u00e9ologue am\u00e9ricain Hiram Bingham.  Il prenait le chemin inca pour aller sur un autre site. Celui-ci est construit comme un village avec des habitations, une \u00e9cole, des jardins en terrasses et les diff\u00e9rents temples. Le temple du soleil par exemple a 2 fen\u00eatres&nbsp;: une pour le jour du solstice d\u2019hiver et l\u2019autre pour le jour du solstice d\u2019\u00e9t\u00e9.<\/p>\n\n\n\n<figure class=\"wp-block-image size-large\"><img loading=\"lazy\" width=\"768\" height=\"1024\" src=\"https:\/\/www.lespetitsbaroudeurs.com\/blog\/wp-content\/uploads\/2024\/09\/Le-Perou-Cusco-et-ses-environs-a-velo-7.jpg\" alt=\"\" class=\"wp-image-10570\" srcset=\"https:\/\/www.lespetitsbaroudeurs.com\/blog\/wp-content\/uploads\/2024\/09\/Le-Perou-Cusco-et-ses-environs-a-velo-7.jpg 768w, https:\/\/www.lespetitsbaroudeurs.com\/blog\/wp-content\/uploads\/2024\/09\/Le-Perou-Cusco-et-ses-environs-a-velo-7-225x300.jpg 225w\" sizes=\"(max-width: 768px) 100vw, 768px\" \/><\/figure>\n\n\n\n<h2>Le mat\u00e9riel pour un bike trip au P\u00e9rou de Cusco et ses environs \u00e0 v\u00e9lo<\/h2>\n\n\n\n<p><em>Cet article relate une aventure en famille durant l&rsquo;\u00e9t\u00e9 2024. Il fait partie du programme Ambassadeurs o\u00f9 nous invitons des familles baroudeuses \u00e0 partager leurs exp\u00e9riences avec la communaut\u00e9 des Petits Baroudeurs.<\/em><\/p>\n\n\n\n<p><strong>Retrouvez tous le mat\u00e9riel \u00e0 avoir&nbsp;pour partir au P\u00e9rou \u00e0 v\u00e9lo avec des enfants :<\/strong><\/p>\n\n\n\n<p><em><a href=\"https:\/\/www.lespetitsbaroudeurs.com\/blog\/ambassadeurs-familles-baroudeuses\/?utm_source=Blog&amp;utm_medium=Article&amp;utm_campaign=ambassadeur-workaway-famille&amp;utm_content=lien-texte\"><strong>Retrouvez&nbsp;ici&nbsp;tous&nbsp;les&nbsp;d\u00e9tails&nbsp;de&nbsp;notre programme&nbsp;Ambassadeurs.<\/strong><\/a><\/em><\/p>\n\n\n\n<div class=\"wp-block-group alignwide\"><div class=\"wp-block-group__inner-container\">\n<div class=\"wp-block-columns alignwide\">\n<div class=\"wp-block-column is-vertically-aligned-center\">\n<div class=\"wp-block-image\"><figure class=\"aligncenter size-large\"><img loading=\"lazy\" width=\"300\" height=\"300\" src=\"https:\/\/www.lespetitsbaroudeurs.com\/blog\/wp-content\/uploads\/2024\/04\/casque-abus-youn-i-20-iced-mint-e1714327911656.jpg\" alt=\"\" class=\"wp-image-10183\"\/><\/figure><\/div>\n\n\n\n<p class=\"has-text-align-center\"><em>Casque de v\u00e9lo<\/em><br><em><a href=\"https:\/\/www.lespetitsbaroudeurs.com\/casque-velo-enfant-88\" target=\"_blank\" rel=\"noreferrer noopener\">\u27b3Je d\u00e9couvre<\/a><\/em><\/p>\n<\/div>\n\n\n\n<div class=\"wp-block-column\">\n<div class=\"wp-block-image\"><figure class=\"aligncenter size-large\"><img loading=\"lazy\" width=\"300\" height=\"300\" src=\"https:\/\/www.lespetitsbaroudeurs.com\/blog\/wp-content\/uploads\/2024\/03\/polaire-baby-micro-d-snap-t-fire-new-navy-e1710363099622.jpg\" alt=\"\" class=\"wp-image-9856\"\/><\/figure><\/div>\n\n\n\n<p class=\"has-text-align-center\"><em>Polaire<\/em><br><em><a href=\"https:\/\/www.lespetitsbaroudeurs.com\/vestes-combinaisons-et-pantalons-polaires-59\" target=\"_blank\" rel=\"noreferrer noopener\">\u27b3Je d\u00e9couvre<\/a><\/em><\/p>\n<\/div>\n\n\n\n<div class=\"wp-block-column\">\n<div class=\"wp-block-image\"><figure class=\"aligncenter size-large\"><img loading=\"lazy\" width=\"300\" height=\"300\" src=\"https:\/\/www.lespetitsbaroudeurs.com\/blog\/wp-content\/uploads\/2024\/03\/veste-de-pluie-enfant-ducksday-e1710966847481.jpg\" alt=\"\" class=\"wp-image-9944\"\/><\/figure><\/div>\n\n\n\n<p class=\"has-text-align-center\"><em>Veste imperm\u00e9able<\/em><br><em><a href=\"https:\/\/www.lespetitsbaroudeurs.com\/veste-impermeable-enfant-bebe-39\" target=\"_blank\" rel=\"noreferrer noopener\">\u27b3Je <\/a><a href=\"https:\/\/www.lespetitsbaroudeurs.com\/vetement-impermeable-enfant-bebe-34\" target=\"_blank\" rel=\"noreferrer noopener\">d\u00e9couvre<\/a><\/em><\/p>\n<\/div>\n<\/div>\n<\/div><\/div>\n","protected":false},"excerpt":{"rendered":"<p>C\u00e9line, Xavier et leurs deux enfants, Math\u00e9o (10 ans) et Nathan (5 ans) sont habitu\u00e9s des voyages \u00e0 v\u00e9lo. Ils sont actuellement en train de r\u00e9aliser un de leurs r\u00eaves : voyager \u00e0 travers les Am\u00e9riques en v\u00e9lo pendant 1 an. Ils nous emm\u00e8nent ici d\u00e9couvrir \u00e0 v\u00e9lo Cusco et ses environs au P\u00e9rou, pays [&hellip;]<\/p>\n","protected":false},"author":96,"featured_media":10567,"comment_status":"open","ping_status":"open","sticky":false,"template":"","format":"standard","meta":[],"categories":[153,151],"tags":[160],"yoast_head":"<!-- This site is optimized with the Yoast SEO plugin v14.9 - https:\/\/yoast.com\/wordpress\/plugins\/seo\/ -->\n<title>Le P\u00e9rou : Cusco et ses environs \u00e0 v\u00e9lo et en famille - Les Petits Baroudeurs<\/title>\n<meta name=\"description\" content=\"Adepte des voyages \u00e0 v\u00e9lo, cette famille d&#039;ambassadeurs, avec leurs 2 gar\u00e7ons, nous emm\u00e8ne \u00e0 la d\u00e9couverte de Cusco et ses environs au P\u00e9rou.\" \/>\n<meta name=\"robots\" content=\"index, follow, max-snippet:-1, max-image-preview:large, max-video-preview:-1\" \/>\n<link rel=\"canonical\" href=\"https:\/\/www.lespetitsbaroudeurs.com\/blog\/le-perou-cusco-et-ses-environs-a-velo-et-en-famille\/\" \/>\n<meta property=\"og:locale\" content=\"fr_FR\" \/>\n<meta property=\"og:type\" content=\"article\" \/>\n<meta property=\"og:title\" content=\"Le P\u00e9rou : Cusco et ses environs \u00e0 v\u00e9lo et en famille - Les Petits Baroudeurs\" \/>\n<meta property=\"og:description\" content=\"Adepte des voyages \u00e0 v\u00e9lo, cette famille d&#039;ambassadeurs, avec leurs 2 gar\u00e7ons, nous emm\u00e8ne \u00e0 la d\u00e9couverte de Cusco et ses environs au P\u00e9rou.\" \/>\n<meta property=\"og:url\" content=\"https:\/\/www.lespetitsbaroudeurs.com\/blog\/le-perou-cusco-et-ses-environs-a-velo-et-en-famille\/\" \/>\n<meta property=\"og:site_name\" content=\"Les Petits Baroudeurs\" \/>\n<meta property=\"article:publisher\" content=\"https:\/\/www.facebook.com\/lespetitsbaroudeurs\/\" \/>\n<meta property=\"article:published_time\" content=\"2024-09-23T15:00:16+00:00\" \/>\n<meta property=\"article:modified_time\" content=\"2024-09-23T08:56:31+00:00\" \/>\n<meta property=\"og:image\" content=\"https:\/\/www.lespetitsbaroudeurs.com\/blog\/wp-content\/uploads\/2024\/09\/Couverture-blog-LPB-1.jpg\" \/>\n\t<meta property=\"og:image:width\" content=\"1500\" \/>\n\t<meta property=\"og:image:height\" content=\"700\" \/>\n<meta name=\"twitter:card\" content=\"summary_large_image\" \/>\n<script type=\"application\/ld+json\" class=\"yoast-schema-graph\">{\"@context\":\"https:\/\/schema.org\",\"@graph\":[{\"@type\":\"WebSite\",\"@id\":\"https:\/\/www.lespetitsbaroudeurs.com\/blog\/#website\",\"url\":\"https:\/\/www.lespetitsbaroudeurs.com\/blog\/\",\"name\":\"Les Petits Baroudeurs\",\"description\":\"Le Blog de l&#039;aventure en famille !\",\"potentialAction\":[{\"@type\":\"SearchAction\",\"target\":\"https:\/\/www.lespetitsbaroudeurs.com\/blog\/?s={search_term_string}\",\"query-input\":\"required name=search_term_string\"}],\"inLanguage\":\"fr-FR\"},{\"@type\":\"ImageObject\",\"@id\":\"https:\/\/www.lespetitsbaroudeurs.com\/blog\/le-perou-cusco-et-ses-environs-a-velo-et-en-famille\/#primaryimage\",\"inLanguage\":\"fr-FR\",\"url\":\"https:\/\/www.lespetitsbaroudeurs.com\/blog\/wp-content\/uploads\/2024\/09\/Couverture-blog-LPB-1.jpg\",\"width\":1500,\"height\":700},{\"@type\":\"WebPage\",\"@id\":\"https:\/\/www.lespetitsbaroudeurs.com\/blog\/le-perou-cusco-et-ses-environs-a-velo-et-en-famille\/#webpage\",\"url\":\"https:\/\/www.lespetitsbaroudeurs.com\/blog\/le-perou-cusco-et-ses-environs-a-velo-et-en-famille\/\",\"name\":\"Le P\\u00e9rou : Cusco et ses environs \\u00e0 v\\u00e9lo et en famille - Les Petits Baroudeurs\",\"isPartOf\":{\"@id\":\"https:\/\/www.lespetitsbaroudeurs.com\/blog\/#website\"},\"primaryImageOfPage\":{\"@id\":\"https:\/\/www.lespetitsbaroudeurs.com\/blog\/le-perou-cusco-et-ses-environs-a-velo-et-en-famille\/#primaryimage\"},\"author\":{\"@id\":\"https:\/\/www.lespetitsbaroudeurs.com\/blog\/#\/schema\/person\/931ed27e32bcd2339859512425a9aaf5\"},\"description\":\"Adepte des voyages \\u00e0 v\\u00e9lo, cette famille d'ambassadeurs, avec leurs 2 gar\\u00e7ons, nous emm\\u00e8ne \\u00e0 la d\\u00e9couverte de Cusco et ses environs au P\\u00e9rou.\",\"inLanguage\":\"fr-FR\",\"potentialAction\":[{\"@type\":\"ReadAction\",\"target\":[\"https:\/\/www.lespetitsbaroudeurs.com\/blog\/le-perou-cusco-et-ses-environs-a-velo-et-en-famille\/\"]}]},{\"@type\":\"Person\",\"@id\":\"https:\/\/www.lespetitsbaroudeurs.com\/blog\/#\/schema\/person\/931ed27e32bcd2339859512425a9aaf5\",\"name\":\"Family Bike Travel\",\"image\":{\"@type\":\"ImageObject\",\"@id\":\"https:\/\/www.lespetitsbaroudeurs.com\/blog\/#personlogo\",\"inLanguage\":\"fr-FR\",\"url\":\"https:\/\/secure.gravatar.com\/avatar\/6ba70668eaa66004b7464323f2f5fd42?s=96&d=mm&r=g\",\"caption\":\"Family Bike Travel\"},\"description\":\"C\\u00e9line la franc comtoise et Xavier le breton ce sont rencontr\\u00e9s il y a 12 ans aux Menuires en Savoie dans le milieu de l\\u2019h\\u00f4tellerie. En 2014, la famille s\\u2019agrandit avec Math\\u00e9o puis en 2019 avec l\\u2019arriv\\u00e9e de Nathan. Ils aiment la montagne, les randonn\\u00e9es, le ski, le v\\u00e9lo \\u2026 tout ce qui se rapporte au voyage et \\u00e0 la nature. A la recherche d\\u2019un moyen de voyager diff\\u00e9rent et de ralentir le rythme de la vie quotidienne le voyage \\u00e0 v\\u00e9lo s\\u2019est av\\u00e9r\\u00e9 \\u00eatre le moyen adapt\\u00e9 \\u00e0 toute la famille. Le bivouac en pleine nature, la rencontre avec les gens, les journ\\u00e9es sur le v\\u00e9lo ont eu raison de cette famille qui vont partir pour un voyage d\\u2019un an \\u00e0 travers les Am\\u00e9riques.\"}]}<\/script>\n<!-- \/ Yoast SEO plugin. -->","_links":{"self":[{"href":"https:\/\/www.lespetitsbaroudeurs.com\/blog\/wp-json\/wp\/v2\/posts\/10558"}],"collection":[{"href":"https:\/\/www.lespetitsbaroudeurs.com\/blog\/wp-json\/wp\/v2\/posts"}],"about":[{"href":"https:\/\/www.lespetitsbaroudeurs.com\/blog\/wp-json\/wp\/v2\/types\/post"}],"author":[{"embeddable":true,"href":"https:\/\/www.lespetitsbaroudeurs.com\/blog\/wp-json\/wp\/v2\/users\/96"}],"replies":[{"embeddable":true,"href":"https:\/\/www.lespetitsbaroudeurs.com\/blog\/wp-json\/wp\/v2\/comments?post=10558"}],"version-history":[{"count":10,"href":"https:\/\/www.lespetitsbaroudeurs.com\/blog\/wp-json\/wp\/v2\/posts\/10558\/revisions"}],"predecessor-version":[{"id":10579,"href":"https:\/\/www.lespetitsbaroudeurs.com\/blog\/wp-json\/wp\/v2\/posts\/10558\/revisions\/10579"}],"wp:featuredmedia":[{"embeddable":true,"href":"https:\/\/www.lespetitsbaroudeurs.com\/blog\/wp-json\/wp\/v2\/media\/10567"}],"wp:attachment":[{"href":"https:\/\/www.lespetitsbaroudeurs.com\/blog\/wp-json\/wp\/v2\/media?parent=10558"}],"wp:term":[{"taxonomy":"category","embeddable":true,"href":"https:\/\/www.lespetitsbaroudeurs.com\/blog\/wp-json\/wp\/v2\/categories?post=10558"},{"taxonomy":"post_tag","embeddable":true,"href":"https:\/\/www.lespetitsbaroudeurs.com\/blog\/wp-json\/wp\/v2\/tags?post=10558"}],"curies":[{"name":"wp","href":"https:\/\/api.w.org\/{rel}","templated":true}]}}