{"id":10659,"date":"2024-10-28T17:00:58","date_gmt":"2024-10-28T16:00:58","guid":{"rendered":"https:\/\/www.lespetitsbaroudeurs.com\/blog\/?p=10659"},"modified":"2024-10-28T11:20:08","modified_gmt":"2024-10-28T10:20:08","slug":"la-slovenie-en-tente-de-toit-a-5","status":"publish","type":"post","link":"https:\/\/www.lespetitsbaroudeurs.com\/blog\/la-slovenie-en-tente-de-toit-a-5\/","title":{"rendered":"La Slov\u00e9nie en tente de toit \u00e0 5"},"content":{"rendered":"\n<p>Cette ann\u00e9e, on s\u2019est un peu d\u00e9cid\u00e9 \u00e0 la derni\u00e8re minute pour savoir o\u00f9 on allait aller. Ne connaissant pas du tout la Slov\u00e9nie et entendant que du bien il ne nous a pas fallu longtemps pour \u00eatre conquis. Pas loin de la France pour un premier road trip en tente de toit, c\u2019\u00e9tait parfait&nbsp;! Ce sera donc la Slov\u00e9nie en tente de toit \u00e0 5. Apr\u00e8s avoir travers\u00e9 un morceau de la France d\u2019ouest en est, le plus long fut l\u00e0 travers\u00e9 de l\u2019Italie pour enfin arriver en Slov\u00e9nie.<\/p>\n\n\n\n<h2>Nos coups de c\u0153urs de notre voyage en Slov\u00e9nie en tente de toit \u00e0 5<\/h2>\n\n\n\n<ul><li>L\u2019ouest du pays plus sauvage et tr\u00e8s vert&nbsp;!<\/li><li>La parenzana, la piste cyclable qui longe la c\u00f4te avec pauses baignades et glaces<\/li><li>Les pistes gravel qui m\u00e8nent \u00e0 Planina Zajamniki, charmant petit village en bois avec un bon Ice tea ou cappuccino \u00e0 l\u2019arriver, sans oublier l\u2019aire de jeux.<\/li><li>Le ch\u00e2teau troglodyte de Predjama et bien s\u00fbr le petit train dans la grotte de Postojna. Les enfants ont beaucoup aim\u00e9.<\/li><li>La Route panoramique Cesta : un magnifique paysage et une belle balade en v\u00e9lo au milieu des sapins<\/li><li>Le ch\u00e2teau fort en Styrie, un retour dans le pass\u00e9<\/li><li>Les capuccino qui sont d\u00e9licieux<\/li><\/ul>\n\n\n\n<h2>La Slov\u00e9nie en tente de toit \u00e0 5 en bref<\/h2>\n\n\n\n<ul><li>Les voyageurs : La cedi and clo family avec nos 3 enfants de 7 ans, 5 ans et 7 mois.<\/li><li>On a sillonn\u00e9 le pays d\u2019Ouest en Est avec beaucoup de kilom\u00e8tres au compteur&nbsp;! Le saviez-vous ? Il a la forme d\u2019une poule.<\/li><\/ul>\n\n\n\n<h2>L&rsquo;itin\u00e9raire d\u00e9taill\u00e9 du voyage en Slov\u00e9nie en tente de toit \u00e0 5 &#8211; 1\u00e8re semaine<\/h2>\n\n\n\n<h3>Jour 1 : D\u00e9couverte du lac de Bled<\/h3>\n\n\n\n<p>Ce matin il n&rsquo;y avait pas foule. On a pu faire le tour (6km) \u00e0 pieds et les gar\u00e7ons en v\u00e9lo. Il fait tr\u00e8s chaud, c&rsquo;est donc pique-nique et trempette avec une vue magnifique sur l&rsquo;\u00e9glise de l&rsquo;\u00eele centrale.<br>Le monde arrive, les parkings aux alentours sont complets. Avec cette chaleurs, on rentre se reposer un peu \u00e0 l&rsquo;appart. Puis apr\u00e8s le go\u00fbter, on part vers le lac de Bohinj. On arrive quand la plupart des gens s\u2019en vont. Le lac de Bohinj est d&rsquo;ailleurs plus sauvage.<\/p>\n\n\n\n<figure class=\"wp-block-image size-large\"><img loading=\"lazy\" width=\"768\" height=\"1024\" src=\"https:\/\/www.lespetitsbaroudeurs.com\/blog\/wp-content\/uploads\/2024\/10\/J1.jpg\" alt=\"\" class=\"wp-image-10668\" srcset=\"https:\/\/www.lespetitsbaroudeurs.com\/blog\/wp-content\/uploads\/2024\/10\/J1.jpg 768w, https:\/\/www.lespetitsbaroudeurs.com\/blog\/wp-content\/uploads\/2024\/10\/J1-225x300.jpg 225w\" sizes=\"(max-width: 768px) 100vw, 768px\" \/><\/figure>\n\n\n\n<h3>Jour 2&nbsp;: Journ\u00e9e au lac de Bohinj et rivi\u00e8re en v\u00e9lo (30 km)<\/h3>\n\n\n\n<p>Aujourd\u2019hui on sort nos v\u00e9los. Il fait d\u00e9j\u00e0 chaud d\u00e8s le matin mais la piste cyclable est tr\u00e8s agr\u00e9able. P\u00e9daler nous procure de l\u2019air.<br>Le soleil, l&rsquo;eau, une vue sublime et en prime, une bonne petite dose de sport.  Que demander de plus ? On avale rapidement les kilom\u00e8tres. Ma\u00ebl et Noa  sont seuls ou accroch\u00e9s \u00e0 C\u00e9dric en sangle ou follow-me.  Quand \u00e0 Lou, il est derri\u00e8re moi gr\u00e2ce \u00e0 l\u2019accroche Steco Baby Me. On profite rapidement de l\u2019eau fra\u00eeche du lac avant d\u2019aller manger dans le petit restaurant du camping qui borde une grande partie de la rive.<\/p>\n\n\n\n<figure class=\"wp-block-image size-large\"><img loading=\"lazy\" width=\"768\" height=\"1024\" src=\"https:\/\/www.lespetitsbaroudeurs.com\/blog\/wp-content\/uploads\/2024\/10\/J2.jpg\" alt=\"\" class=\"wp-image-10669\" srcset=\"https:\/\/www.lespetitsbaroudeurs.com\/blog\/wp-content\/uploads\/2024\/10\/J2.jpg 768w, https:\/\/www.lespetitsbaroudeurs.com\/blog\/wp-content\/uploads\/2024\/10\/J2-225x300.jpg 225w\" sizes=\"(max-width: 768px) 100vw, 768px\" \/><\/figure>\n\n\n\n<h3>Jour 3 : Kranjska Gora<\/h3>\n\n\n\n<p>En ce 3\u00e8me jour, on d\u00e9couvre la r\u00e9serve naturelle de zelenci et le lac Jasna. On en profite pour faire une jolie randonn\u00e9e vers les cascades de Gozd Martuljek. On en a pris plein les mirettes.<br>Puis on est parti tout en haut \u00e0 l&rsquo;ouest de la Slov\u00e9nie, autour de Kranjska Gora, il y avait beaucoup moins de monde.<br>Les gar\u00e7ons se sont amus\u00e9s a compter les tracteurs. Apparemment, c&rsquo;est en Slov\u00e9nie qu&rsquo;il y a le plus de tracteurs par habitant.<\/p>\n\n\n\n<p>La randonn\u00e9e vers les cascades de Gozd Martuljek un coup de c\u0153ur pour le moment. \u00c7a monte dans la for\u00eat avec en toile de fond de superbes montagnes. Puis on arrive dans des gorges. Il y a des petites plages o\u00f9 l&rsquo;on peut faire notre cairn, cela donne un petit c\u00f4t\u00e9 magique \u00e0 la cascade (pour les gar\u00e7ons, c&rsquo;\u00e9tait la ville des f\u00e9es). On passe aussi sur des ponts en bois assez hauts.<\/p>\n\n\n\n<figure class=\"wp-block-gallery columns-3 is-cropped\"><ul class=\"blocks-gallery-grid\"><li class=\"blocks-gallery-item\"><figure><img loading=\"lazy\" width=\"1024\" height=\"768\" src=\"https:\/\/www.lespetitsbaroudeurs.com\/blog\/wp-content\/uploads\/2024\/10\/J3_1.jpg\" alt=\"\" data-id=\"10670\" data-full-url=\"https:\/\/www.lespetitsbaroudeurs.com\/blog\/wp-content\/uploads\/2024\/10\/J3_1.jpg\" data-link=\"https:\/\/www.lespetitsbaroudeurs.com\/blog\/?attachment_id=10670\" class=\"wp-image-10670\" srcset=\"https:\/\/www.lespetitsbaroudeurs.com\/blog\/wp-content\/uploads\/2024\/10\/J3_1.jpg 1024w, https:\/\/www.lespetitsbaroudeurs.com\/blog\/wp-content\/uploads\/2024\/10\/J3_1-300x225.jpg 300w, https:\/\/www.lespetitsbaroudeurs.com\/blog\/wp-content\/uploads\/2024\/10\/J3_1-768x576.jpg 768w\" sizes=\"(max-width: 1024px) 100vw, 1024px\" \/><\/figure><\/li><li class=\"blocks-gallery-item\"><figure><img loading=\"lazy\" width=\"1024\" height=\"768\" src=\"https:\/\/www.lespetitsbaroudeurs.com\/blog\/wp-content\/uploads\/2024\/10\/J3_2.jpg\" alt=\"\" data-id=\"10671\" data-full-url=\"https:\/\/www.lespetitsbaroudeurs.com\/blog\/wp-content\/uploads\/2024\/10\/J3_2.jpg\" data-link=\"https:\/\/www.lespetitsbaroudeurs.com\/blog\/?attachment_id=10671\" class=\"wp-image-10671\" srcset=\"https:\/\/www.lespetitsbaroudeurs.com\/blog\/wp-content\/uploads\/2024\/10\/J3_2.jpg 1024w, https:\/\/www.lespetitsbaroudeurs.com\/blog\/wp-content\/uploads\/2024\/10\/J3_2-300x225.jpg 300w, https:\/\/www.lespetitsbaroudeurs.com\/blog\/wp-content\/uploads\/2024\/10\/J3_2-768x576.jpg 768w\" sizes=\"(max-width: 1024px) 100vw, 1024px\" \/><\/figure><\/li><li class=\"blocks-gallery-item\"><figure><img loading=\"lazy\" width=\"1024\" height=\"768\" src=\"https:\/\/www.lespetitsbaroudeurs.com\/blog\/wp-content\/uploads\/2024\/10\/J3_3.jpg\" alt=\"\" data-id=\"10672\" data-full-url=\"https:\/\/www.lespetitsbaroudeurs.com\/blog\/wp-content\/uploads\/2024\/10\/J3_3.jpg\" data-link=\"https:\/\/www.lespetitsbaroudeurs.com\/blog\/?attachment_id=10672\" class=\"wp-image-10672\" srcset=\"https:\/\/www.lespetitsbaroudeurs.com\/blog\/wp-content\/uploads\/2024\/10\/J3_3.jpg 1024w, https:\/\/www.lespetitsbaroudeurs.com\/blog\/wp-content\/uploads\/2024\/10\/J3_3-300x225.jpg 300w, https:\/\/www.lespetitsbaroudeurs.com\/blog\/wp-content\/uploads\/2024\/10\/J3_3-768x576.jpg 768w\" sizes=\"(max-width: 1024px) 100vw, 1024px\" \/><\/figure><\/li><\/ul><\/figure>\n\n\n\n<h3>Jour 4 : Planina Zajamniki \u00e0 v\u00e9lo 20 km<\/h3>\n\n\n\n<p>Rando v\u00e9lo \u00e0 la d\u00e9couverte de Planina Zajamniki, un magnifique petit village en bois tout en longueur situ\u00e9 dans le parc naturel du Triglav. On y trouve une chouette piste en gravel, quelques voitures et touristes mais surtout, de l&rsquo;air frais. Apr\u00e8s l&rsquo;effort, le r\u00e9confort dans un restaurant h\u00f4tel. Th\u00e9 glac\u00e9 maison, cappuccino et bi\u00e8re bien-s\u00fbr ! Il y a m\u00eame une aire de jeux.<\/p>\n\n\n\n<figure class=\"wp-block-gallery columns-2 is-cropped\"><ul class=\"blocks-gallery-grid\"><li class=\"blocks-gallery-item\"><figure><img loading=\"lazy\" width=\"768\" height=\"1024\" src=\"https:\/\/www.lespetitsbaroudeurs.com\/blog\/wp-content\/uploads\/2024\/10\/J4_1.jpg\" alt=\"\" data-id=\"10673\" data-full-url=\"https:\/\/www.lespetitsbaroudeurs.com\/blog\/wp-content\/uploads\/2024\/10\/J4_1.jpg\" data-link=\"https:\/\/www.lespetitsbaroudeurs.com\/blog\/?attachment_id=10673\" class=\"wp-image-10673\" srcset=\"https:\/\/www.lespetitsbaroudeurs.com\/blog\/wp-content\/uploads\/2024\/10\/J4_1.jpg 768w, https:\/\/www.lespetitsbaroudeurs.com\/blog\/wp-content\/uploads\/2024\/10\/J4_1-225x300.jpg 225w\" sizes=\"(max-width: 768px) 100vw, 768px\" \/><\/figure><\/li><li class=\"blocks-gallery-item\"><figure><img loading=\"lazy\" width=\"1024\" height=\"768\" src=\"https:\/\/www.lespetitsbaroudeurs.com\/blog\/wp-content\/uploads\/2024\/10\/J4_2.jpg\" alt=\"\" data-id=\"10674\" data-full-url=\"https:\/\/www.lespetitsbaroudeurs.com\/blog\/wp-content\/uploads\/2024\/10\/J4_2.jpg\" data-link=\"https:\/\/www.lespetitsbaroudeurs.com\/blog\/?attachment_id=10674\" class=\"wp-image-10674\" srcset=\"https:\/\/www.lespetitsbaroudeurs.com\/blog\/wp-content\/uploads\/2024\/10\/J4_2.jpg 1024w, https:\/\/www.lespetitsbaroudeurs.com\/blog\/wp-content\/uploads\/2024\/10\/J4_2-300x225.jpg 300w, https:\/\/www.lespetitsbaroudeurs.com\/blog\/wp-content\/uploads\/2024\/10\/J4_2-768x576.jpg 768w\" sizes=\"(max-width: 1024px) 100vw, 1024px\" \/><\/figure><\/li><\/ul><\/figure>\n\n\n\n<h3>Jour 5 : On ne l\u00e2che pas nos v\u00e9los<\/h3>\n\n\n\n<p>Une journ\u00e9e pleine d&rsquo;impr\u00e9vus ! On voulait aller \u00e0 la triple fronti\u00e8re mais Noa dans la voiture ne se sent pas bien. Alors on change donc de plan.<br>On part voir le lac italien Laghi Di fusine depuis la r\u00e9serve Zelenci sur la super piste cyclable, tout va bien. En arrivant \u00e0 la derni\u00e8re mont\u00e9e pour le lac, on prend une piste \u00e9troite avec du monde. Ca se corse ! Le lac italien, \u00e7a se m\u00e9rite .<br>On fait alors un petit pique-nique face au lac et aux superbes montagnes. On veut faire le tour mais plus on avance, plus le chemin devient \u00e9troit avec des pierres et des racines. C\u00e9dric ne veut rien l\u00e2cher et porte chaque v\u00e9lo. Apr\u00e8s \u00e7a, on repart et pile face \u00e0 notre voiture, il y a une petite buvette. Chouette, apr\u00e8s l&rsquo;effort le r\u00e9confort !<\/p>\n\n\n\n<figure class=\"wp-block-image size-large\"><img loading=\"lazy\" width=\"1024\" height=\"768\" src=\"https:\/\/www.lespetitsbaroudeurs.com\/blog\/wp-content\/uploads\/2024\/10\/J5.jpg\" alt=\"\" class=\"wp-image-10675\" srcset=\"https:\/\/www.lespetitsbaroudeurs.com\/blog\/wp-content\/uploads\/2024\/10\/J5.jpg 1024w, https:\/\/www.lespetitsbaroudeurs.com\/blog\/wp-content\/uploads\/2024\/10\/J5-300x225.jpg 300w, https:\/\/www.lespetitsbaroudeurs.com\/blog\/wp-content\/uploads\/2024\/10\/J5-768x576.jpg 768w\" sizes=\"(max-width: 1024px) 100vw, 1024px\" \/><\/figure>\n\n\n\n<h3>Jours 6 &amp; 7 : Sori\u0161ka planina<\/h3>\n\n\n\n<p>On quitte l&rsquo;appartement et on prend alors la route direction les montagnes. Ce soir, on dort en tente de toit. Sori\u0161ka planina est une petite station de ski, fr\u00e9quent\u00e9e par le VTT.<br>On triche un peu pour le d\u00e9part de rando et on prend le t\u00e9l\u00e9si\u00e8ge. C&rsquo;est parti pour une jolie randonn\u00e9e de 8km sur les cr\u00eates et dans la for\u00eat. La fin est un peu longue mais ouf, il y a plein de fraises des bois.<\/p>\n\n\n\n<h2>L&rsquo;itin\u00e9raire d\u00e9taill\u00e9 du voyage en Slov\u00e9nie en tente de toit \u00e0 5 &#8211; 2\u00e8me semaine<\/h2>\n\n\n\n<h3>Jour 8 : les gorges de tolmin<\/h3>\n\n\n\n<p>Aujourd&rsquo;hui, c&rsquo;est d\u00e9couverte des gorges de tolmin . Il faisait vraiment chaud, m\u00eame dans les gorges. Mais on a pu jouer \u00e0 Indiana Jones sur les ponts suspendus. L\u2019eau est cristalline ici, c&rsquo;est impressionnant. Puis cet apr\u00e8s-midi, on est all\u00e9 voir la cascade de kozjak et on en a profit\u00e9 pour faire trempette.<\/p>\n\n\n\n<figure class=\"wp-block-gallery columns-2 is-cropped\"><ul class=\"blocks-gallery-grid\"><li class=\"blocks-gallery-item\"><figure><img loading=\"lazy\" width=\"768\" height=\"1024\" src=\"https:\/\/www.lespetitsbaroudeurs.com\/blog\/wp-content\/uploads\/2024\/10\/J8_1.jpg\" alt=\"\" data-id=\"10676\" data-full-url=\"https:\/\/www.lespetitsbaroudeurs.com\/blog\/wp-content\/uploads\/2024\/10\/J8_1.jpg\" data-link=\"https:\/\/www.lespetitsbaroudeurs.com\/blog\/?attachment_id=10676\" class=\"wp-image-10676\" srcset=\"https:\/\/www.lespetitsbaroudeurs.com\/blog\/wp-content\/uploads\/2024\/10\/J8_1.jpg 768w, https:\/\/www.lespetitsbaroudeurs.com\/blog\/wp-content\/uploads\/2024\/10\/J8_1-225x300.jpg 225w\" sizes=\"(max-width: 768px) 100vw, 768px\" \/><\/figure><\/li><li class=\"blocks-gallery-item\"><figure><img loading=\"lazy\" width=\"768\" height=\"1024\" src=\"https:\/\/www.lespetitsbaroudeurs.com\/blog\/wp-content\/uploads\/2024\/10\/J8_2.jpg\" alt=\"\" data-id=\"10677\" data-full-url=\"https:\/\/www.lespetitsbaroudeurs.com\/blog\/wp-content\/uploads\/2024\/10\/J8_2.jpg\" data-link=\"https:\/\/www.lespetitsbaroudeurs.com\/blog\/?attachment_id=10677\" class=\"wp-image-10677\" srcset=\"https:\/\/www.lespetitsbaroudeurs.com\/blog\/wp-content\/uploads\/2024\/10\/J8_2.jpg 768w, https:\/\/www.lespetitsbaroudeurs.com\/blog\/wp-content\/uploads\/2024\/10\/J8_2-225x300.jpg 225w\" sizes=\"(max-width: 768px) 100vw, 768px\" \/><\/figure><\/li><\/ul><\/figure>\n\n\n\n<h3>Jour 9 : La Soca \u00e0 v\u00e9lo (24km)<\/h3>\n\n\n\n<p>Direction la piste cyclable le long de la Soca. Pas facile facile pour les gar\u00e7ons, \u00e7a monte et \u00e7a descend en permanence. Heureusement, la sangle de traction et le follow-me existent. En arrivant \u00e0 Nova gorica, on a pu manger et boire avant d&rsquo;aller se rafra\u00eechir dans la Soca . Mon petit copilote a d&rsquo;ailleurs bien roupill\u00e9. Ce soir, on a pu manger tranquillement sans le brouhaha et le monde d&rsquo;un camping. Nous sommes dans une petite aire am\u00e9nag\u00e9e par un vignoble.<\/p>\n\n\n\n<figure class=\"wp-block-gallery columns-2 is-cropped\"><ul class=\"blocks-gallery-grid\"><li class=\"blocks-gallery-item\"><figure><img loading=\"lazy\" width=\"768\" height=\"1024\" src=\"https:\/\/www.lespetitsbaroudeurs.com\/blog\/wp-content\/uploads\/2024\/10\/J9_1.jpg\" alt=\"\" data-id=\"10678\" data-full-url=\"https:\/\/www.lespetitsbaroudeurs.com\/blog\/wp-content\/uploads\/2024\/10\/J9_1.jpg\" data-link=\"https:\/\/www.lespetitsbaroudeurs.com\/blog\/?attachment_id=10678\" class=\"wp-image-10678\" srcset=\"https:\/\/www.lespetitsbaroudeurs.com\/blog\/wp-content\/uploads\/2024\/10\/J9_1.jpg 768w, https:\/\/www.lespetitsbaroudeurs.com\/blog\/wp-content\/uploads\/2024\/10\/J9_1-225x300.jpg 225w\" sizes=\"(max-width: 768px) 100vw, 768px\" \/><\/figure><\/li><li class=\"blocks-gallery-item\"><figure><img loading=\"lazy\" width=\"768\" height=\"1024\" src=\"https:\/\/www.lespetitsbaroudeurs.com\/blog\/wp-content\/uploads\/2024\/10\/J9_2.jpg\" alt=\"\" data-id=\"10679\" data-full-url=\"https:\/\/www.lespetitsbaroudeurs.com\/blog\/wp-content\/uploads\/2024\/10\/J9_2.jpg\" data-link=\"https:\/\/www.lespetitsbaroudeurs.com\/blog\/?attachment_id=10679\" class=\"wp-image-10679\" srcset=\"https:\/\/www.lespetitsbaroudeurs.com\/blog\/wp-content\/uploads\/2024\/10\/J9_2.jpg 768w, https:\/\/www.lespetitsbaroudeurs.com\/blog\/wp-content\/uploads\/2024\/10\/J9_2-225x300.jpg 225w\" sizes=\"(max-width: 768px) 100vw, 768px\" \/><\/figure><\/li><\/ul><\/figure>\n\n\n\n<h3>Jour 10 : Visite de Trieste<\/h3>\n\n\n\n<p>Ce matin, c&rsquo;est visite des petits villages slov\u00e8nes, toujours sous la chaleur.<br>Puis apr\u00e8s manger, on part sur un coup de t\u00eate \u00e0 Trieste. Ce n\u2019est alors pas notre meilleure id\u00e9e. Il fait encore plus chaud mais on voulait go\u00fbter \u00e0 la dolce Vita. Attention, si vous allez en Italie ne prenez pas un caf\u00e9 Fredo c&rsquo;est un expresso avec des gla\u00e7ons. La ville en elle-m\u00eame est tr\u00e8s jolie mais dur \u00e0 appr\u00e9cier sous cette chaleur.<br>Puis c&rsquo;est assez gal\u00e8re pour trouver un camping sur la c\u00f4te Istrie. Enfin, la soir\u00e9e se termine bien apr\u00e8s avoir bien tourn\u00e9. On d\u00e9niche un chouette petit camping chez un vieux monsieur et sa femme. Il nous accueille avec une d\u00e9gustation de vin.<\/p>\n\n\n\n<figure class=\"wp-block-gallery columns-2 is-cropped\"><ul class=\"blocks-gallery-grid\"><li class=\"blocks-gallery-item\"><figure><img loading=\"lazy\" width=\"768\" height=\"1024\" src=\"https:\/\/www.lespetitsbaroudeurs.com\/blog\/wp-content\/uploads\/2024\/10\/J10_1.jpg\" alt=\"\" data-id=\"10680\" data-full-url=\"https:\/\/www.lespetitsbaroudeurs.com\/blog\/wp-content\/uploads\/2024\/10\/J10_1.jpg\" data-link=\"https:\/\/www.lespetitsbaroudeurs.com\/blog\/?attachment_id=10680\" class=\"wp-image-10680\" srcset=\"https:\/\/www.lespetitsbaroudeurs.com\/blog\/wp-content\/uploads\/2024\/10\/J10_1.jpg 768w, https:\/\/www.lespetitsbaroudeurs.com\/blog\/wp-content\/uploads\/2024\/10\/J10_1-225x300.jpg 225w\" sizes=\"(max-width: 768px) 100vw, 768px\" \/><\/figure><\/li><li class=\"blocks-gallery-item\"><figure><img loading=\"lazy\" width=\"1024\" height=\"768\" src=\"https:\/\/www.lespetitsbaroudeurs.com\/blog\/wp-content\/uploads\/2024\/10\/J10_2.jpg\" alt=\"\" data-id=\"10681\" data-full-url=\"https:\/\/www.lespetitsbaroudeurs.com\/blog\/wp-content\/uploads\/2024\/10\/J10_2.jpg\" data-link=\"https:\/\/www.lespetitsbaroudeurs.com\/blog\/?attachment_id=10681\" class=\"wp-image-10681\" srcset=\"https:\/\/www.lespetitsbaroudeurs.com\/blog\/wp-content\/uploads\/2024\/10\/J10_2.jpg 1024w, https:\/\/www.lespetitsbaroudeurs.com\/blog\/wp-content\/uploads\/2024\/10\/J10_2-300x225.jpg 300w, https:\/\/www.lespetitsbaroudeurs.com\/blog\/wp-content\/uploads\/2024\/10\/J10_2-768x576.jpg 768w\" sizes=\"(max-width: 1024px) 100vw, 1024px\" \/><\/figure><\/li><\/ul><\/figure>\n\n\n\n<h3>Jour 11 : Rando panoramique de la c\u00f4te Slov\u00e8ne<\/h3>\n\n\n\n<p>Ce matin on se motive en commen\u00e7ant la journ\u00e9e part une jolie randonn\u00e9e sur les hauteurs de la c\u00f4te slov\u00e8ne, au-dessus du village de Crni Kal. Au bout de 10 minutes de mont\u00e9e, on arrive \u00e0 une tour fortifi\u00e9e en ruine avec une belle vue. Le petit plus pour les enfants, c&rsquo;est le tampon pour valider la d\u00e9couverte. On continue dans la for\u00eat, on traverse une voie de chemin de fer puis on arrive sur un grand plateau au sommet d&rsquo;une falaise. La vue est magnifique avec le port de Koper, l\u2019Italie, la mer Adriatique. Et en contrebas, on peut apercevoir les trains. Les gar\u00e7ons sont en joie.<\/p>\n\n\n\n<p>Apr\u00e8s \u00e7a on file manger un burger chez Mike burger (un style de diner) avec comme logo un hamburger viking. Puis direction koper ou on troque un peu la tente de toit contre un petit appart au bord de la mer.<br>En fin d&rsquo;aprem, on sort d\u00e9couvrir la ville de Koper et se baigner. Et bien-s\u00fbr tester l&rsquo;aire de jeux.<\/p>\n\n\n\n<figure class=\"wp-block-gallery columns-3 is-cropped\"><ul class=\"blocks-gallery-grid\"><li class=\"blocks-gallery-item\"><figure><img loading=\"lazy\" width=\"768\" height=\"1024\" src=\"https:\/\/www.lespetitsbaroudeurs.com\/blog\/wp-content\/uploads\/2024\/10\/J11_1.jpg\" alt=\"\" data-id=\"10682\" data-full-url=\"https:\/\/www.lespetitsbaroudeurs.com\/blog\/wp-content\/uploads\/2024\/10\/J11_1.jpg\" data-link=\"https:\/\/www.lespetitsbaroudeurs.com\/blog\/?attachment_id=10682\" class=\"wp-image-10682\" srcset=\"https:\/\/www.lespetitsbaroudeurs.com\/blog\/wp-content\/uploads\/2024\/10\/J11_1.jpg 768w, https:\/\/www.lespetitsbaroudeurs.com\/blog\/wp-content\/uploads\/2024\/10\/J11_1-225x300.jpg 225w\" sizes=\"(max-width: 768px) 100vw, 768px\" \/><\/figure><\/li><li class=\"blocks-gallery-item\"><figure><img loading=\"lazy\" width=\"768\" height=\"1024\" src=\"https:\/\/www.lespetitsbaroudeurs.com\/blog\/wp-content\/uploads\/2024\/10\/J11_2.jpg\" alt=\"\" data-id=\"10683\" data-full-url=\"https:\/\/www.lespetitsbaroudeurs.com\/blog\/wp-content\/uploads\/2024\/10\/J11_2.jpg\" data-link=\"https:\/\/www.lespetitsbaroudeurs.com\/blog\/?attachment_id=10683\" class=\"wp-image-10683\" srcset=\"https:\/\/www.lespetitsbaroudeurs.com\/blog\/wp-content\/uploads\/2024\/10\/J11_2.jpg 768w, https:\/\/www.lespetitsbaroudeurs.com\/blog\/wp-content\/uploads\/2024\/10\/J11_2-225x300.jpg 225w\" sizes=\"(max-width: 768px) 100vw, 768px\" \/><\/figure><\/li><li class=\"blocks-gallery-item\"><figure><img loading=\"lazy\" width=\"768\" height=\"1024\" src=\"https:\/\/www.lespetitsbaroudeurs.com\/blog\/wp-content\/uploads\/2024\/10\/J11_3.jpg\" alt=\"\" data-id=\"10684\" data-full-url=\"https:\/\/www.lespetitsbaroudeurs.com\/blog\/wp-content\/uploads\/2024\/10\/J11_3.jpg\" data-link=\"https:\/\/www.lespetitsbaroudeurs.com\/blog\/?attachment_id=10684\" class=\"wp-image-10684\" srcset=\"https:\/\/www.lespetitsbaroudeurs.com\/blog\/wp-content\/uploads\/2024\/10\/J11_3.jpg 768w, https:\/\/www.lespetitsbaroudeurs.com\/blog\/wp-content\/uploads\/2024\/10\/J11_3-225x300.jpg 225w\" sizes=\"(max-width: 768px) 100vw, 768px\" \/><\/figure><\/li><\/ul><\/figure>\n\n\n\n<h3>Jour 13 : A v\u00e9lo sur la Parenzana (30 km)<\/h3>\n\n\n\n<p>Aujourd&rsquo;hui on prend nos p\u00e9dales pour aller d\u00e9couvrir les villes c\u00f4ti\u00e8res en passant par la piste cyclable la Parenzana, une ancienne voie de chemin de fer. En partant de Koper, on longe la mer Adriatique puis on passe \u00e0 Izola et l&rsquo;on monte dans la colline. L\u00e0 on traverse 2 tunnels . Il fait encore tr\u00e8s chaud en arrivant \u00e0 Portoroz. Apr\u00e8s s&rsquo;\u00eatre rafra\u00eechi, on repart vers Koper. Le retour est finalement plus rapide. En arrivant, on se prend un super go\u00fbter qu&rsquo;on avait rep\u00e9r\u00e9 dans un resto du bord de mer (cr\u00eapes, gaufres&#8230;et ice coffee).<\/p>\n\n\n\n<figure class=\"wp-block-gallery columns-3 is-cropped\"><ul class=\"blocks-gallery-grid\"><li class=\"blocks-gallery-item\"><figure><img loading=\"lazy\" width=\"768\" height=\"1024\" src=\"https:\/\/www.lespetitsbaroudeurs.com\/blog\/wp-content\/uploads\/2024\/10\/J13_3.jpg\" alt=\"\" data-id=\"10687\" data-full-url=\"https:\/\/www.lespetitsbaroudeurs.com\/blog\/wp-content\/uploads\/2024\/10\/J13_3.jpg\" data-link=\"https:\/\/www.lespetitsbaroudeurs.com\/blog\/?attachment_id=10687\" class=\"wp-image-10687\" srcset=\"https:\/\/www.lespetitsbaroudeurs.com\/blog\/wp-content\/uploads\/2024\/10\/J13_3.jpg 768w, https:\/\/www.lespetitsbaroudeurs.com\/blog\/wp-content\/uploads\/2024\/10\/J13_3-225x300.jpg 225w\" sizes=\"(max-width: 768px) 100vw, 768px\" \/><\/figure><\/li><li class=\"blocks-gallery-item\"><figure><img loading=\"lazy\" width=\"768\" height=\"1024\" src=\"https:\/\/www.lespetitsbaroudeurs.com\/blog\/wp-content\/uploads\/2024\/10\/J13_2.jpg\" alt=\"\" data-id=\"10686\" data-full-url=\"https:\/\/www.lespetitsbaroudeurs.com\/blog\/wp-content\/uploads\/2024\/10\/J13_2.jpg\" data-link=\"https:\/\/www.lespetitsbaroudeurs.com\/blog\/?attachment_id=10686\" class=\"wp-image-10686\" srcset=\"https:\/\/www.lespetitsbaroudeurs.com\/blog\/wp-content\/uploads\/2024\/10\/J13_2.jpg 768w, https:\/\/www.lespetitsbaroudeurs.com\/blog\/wp-content\/uploads\/2024\/10\/J13_2-225x300.jpg 225w\" sizes=\"(max-width: 768px) 100vw, 768px\" \/><\/figure><\/li><li class=\"blocks-gallery-item\"><figure><img loading=\"lazy\" width=\"768\" height=\"1024\" src=\"https:\/\/www.lespetitsbaroudeurs.com\/blog\/wp-content\/uploads\/2024\/10\/J13_1.jpg\" alt=\"\" data-id=\"10685\" data-full-url=\"https:\/\/www.lespetitsbaroudeurs.com\/blog\/wp-content\/uploads\/2024\/10\/J13_1.jpg\" data-link=\"https:\/\/www.lespetitsbaroudeurs.com\/blog\/?attachment_id=10685\" class=\"wp-image-10685\" srcset=\"https:\/\/www.lespetitsbaroudeurs.com\/blog\/wp-content\/uploads\/2024\/10\/J13_1.jpg 768w, https:\/\/www.lespetitsbaroudeurs.com\/blog\/wp-content\/uploads\/2024\/10\/J13_1-225x300.jpg 225w\" sizes=\"(max-width: 768px) 100vw, 768px\" \/><\/figure><\/li><\/ul><\/figure>\n\n\n\n<h3>&nbsp;Jour 14 : Rakov Skocjan<\/h3>\n\n\n\n<p>On a quitt\u00e9 la c\u00f4te pour aller explorer la grotte \u00e0 ciel ouvert de Rakov Skocjan. Une balade un peu hors des sentiers battus.<br>Apr\u00e8s, nous sommes all\u00e9s nous balader a Cernika, un lac intermittent. Pour le plus grand plaisir des gar\u00e7ons, il y avait des poissons.<\/p>\n\n\n\n<figure class=\"wp-block-gallery columns-2 is-cropped\"><ul class=\"blocks-gallery-grid\"><li class=\"blocks-gallery-item\"><figure><img loading=\"lazy\" width=\"1024\" height=\"768\" src=\"https:\/\/www.lespetitsbaroudeurs.com\/blog\/wp-content\/uploads\/2024\/10\/J14_1.jpg\" alt=\"\" data-id=\"10688\" data-full-url=\"https:\/\/www.lespetitsbaroudeurs.com\/blog\/wp-content\/uploads\/2024\/10\/J14_1.jpg\" data-link=\"https:\/\/www.lespetitsbaroudeurs.com\/blog\/?attachment_id=10688\" class=\"wp-image-10688\" srcset=\"https:\/\/www.lespetitsbaroudeurs.com\/blog\/wp-content\/uploads\/2024\/10\/J14_1.jpg 1024w, https:\/\/www.lespetitsbaroudeurs.com\/blog\/wp-content\/uploads\/2024\/10\/J14_1-300x225.jpg 300w, https:\/\/www.lespetitsbaroudeurs.com\/blog\/wp-content\/uploads\/2024\/10\/J14_1-768x576.jpg 768w\" sizes=\"(max-width: 1024px) 100vw, 1024px\" \/><\/figure><\/li><li class=\"blocks-gallery-item\"><figure><img loading=\"lazy\" width=\"768\" height=\"1024\" src=\"https:\/\/www.lespetitsbaroudeurs.com\/blog\/wp-content\/uploads\/2024\/10\/J14_2.jpg\" alt=\"\" data-id=\"10689\" data-full-url=\"https:\/\/www.lespetitsbaroudeurs.com\/blog\/wp-content\/uploads\/2024\/10\/J14_2.jpg\" data-link=\"https:\/\/www.lespetitsbaroudeurs.com\/blog\/?attachment_id=10689\" class=\"wp-image-10689\" srcset=\"https:\/\/www.lespetitsbaroudeurs.com\/blog\/wp-content\/uploads\/2024\/10\/J14_2.jpg 768w, https:\/\/www.lespetitsbaroudeurs.com\/blog\/wp-content\/uploads\/2024\/10\/J14_2-225x300.jpg 225w\" sizes=\"(max-width: 768px) 100vw, 768px\" \/><\/figure><\/li><\/ul><\/figure>\n\n\n\n<h2>L&rsquo;itin\u00e9raire d\u00e9taill\u00e9 du voyage en Slov\u00e9nie en tente de toit \u00e0 5 &#8211; 3\u00e8me semaine<\/h2>\n\n\n\n<h3>Jour 15 : Predjama et Les grottes de Postojna<\/h3>\n\n\n\n<p>Aujourd&rsquo;hui on commence par la visite du ch\u00e2teau troglodyte de Predjama. Attention c&rsquo;est le plus grand ch\u00e2teau du monde construit dans une grotte. On a m\u00eame le droit aux guides audio, les gar\u00e7ons sont \u00e0 fond. Apr\u00e8s \u00e7a, on fait un peu le Machu Picchu d&rsquo;ici : les grottes de Postojna. C&rsquo;est THE visite. On parcourt 3km dans la grotte \u00e0 bord d&rsquo;un petit train, puis la visite se poursuit \u00e0 pied sur 1500 m\u00e8tres \u00e0 la queue leu-leu, car il y a du monde&#8230;on passe \u00e0 travers plusieurs salles et pour finir en beaut\u00e9, on voit un b\u00e9b\u00e9 dragon blanc.<br>Puis on roule 1h vers Dolenjska et Bela Krajina une r\u00e9gion plus sauvage celle des ours. On dort dans un petit camping \u00e0 la ferme assez rudimentaire.<\/p>\n\n\n\n<figure class=\"wp-block-gallery columns-2 is-cropped\"><ul class=\"blocks-gallery-grid\"><li class=\"blocks-gallery-item\"><figure><img loading=\"lazy\" width=\"1024\" height=\"768\" src=\"https:\/\/www.lespetitsbaroudeurs.com\/blog\/wp-content\/uploads\/2024\/10\/J15_1.jpg\" alt=\"\" data-id=\"10690\" data-full-url=\"https:\/\/www.lespetitsbaroudeurs.com\/blog\/wp-content\/uploads\/2024\/10\/J15_1.jpg\" data-link=\"https:\/\/www.lespetitsbaroudeurs.com\/blog\/?attachment_id=10690\" class=\"wp-image-10690\" srcset=\"https:\/\/www.lespetitsbaroudeurs.com\/blog\/wp-content\/uploads\/2024\/10\/J15_1.jpg 1024w, https:\/\/www.lespetitsbaroudeurs.com\/blog\/wp-content\/uploads\/2024\/10\/J15_1-300x225.jpg 300w, https:\/\/www.lespetitsbaroudeurs.com\/blog\/wp-content\/uploads\/2024\/10\/J15_1-768x576.jpg 768w\" sizes=\"(max-width: 1024px) 100vw, 1024px\" \/><\/figure><\/li><li class=\"blocks-gallery-item\"><figure><img loading=\"lazy\" width=\"768\" height=\"1024\" src=\"https:\/\/www.lespetitsbaroudeurs.com\/blog\/wp-content\/uploads\/2024\/10\/J15_2.jpg\" alt=\"\" data-id=\"10691\" data-full-url=\"https:\/\/www.lespetitsbaroudeurs.com\/blog\/wp-content\/uploads\/2024\/10\/J15_2.jpg\" data-link=\"https:\/\/www.lespetitsbaroudeurs.com\/blog\/?attachment_id=10691\" class=\"wp-image-10691\" srcset=\"https:\/\/www.lespetitsbaroudeurs.com\/blog\/wp-content\/uploads\/2024\/10\/J15_2.jpg 768w, https:\/\/www.lespetitsbaroudeurs.com\/blog\/wp-content\/uploads\/2024\/10\/J15_2-225x300.jpg 225w\" sizes=\"(max-width: 768px) 100vw, 768px\" \/><\/figure><\/li><\/ul><\/figure>\n\n\n\n<h3>Jour 16 : la for\u00eat de Kocevje \u00e0 v\u00e9lo<\/h3>\n\n\n\n<p>On part guetter les ours dans la for\u00eat de Kocevje \u00e0 v\u00e9lo, une jolie balade sur une piste foresti\u00e8re. Snif, on n&rsquo; a pas vu d&rsquo;ours mais des faons.<br>C&rsquo;est une boucle de 30km en pleine for\u00eat, \u00e0 faire \u00e0 la journ\u00e9e.<\/p>\n\n\n\n<figure class=\"wp-block-gallery columns-3 is-cropped\"><ul class=\"blocks-gallery-grid\"><li class=\"blocks-gallery-item\"><figure><img loading=\"lazy\" width=\"768\" height=\"1024\" src=\"https:\/\/www.lespetitsbaroudeurs.com\/blog\/wp-content\/uploads\/2024\/10\/J16_1.jpg\" alt=\"\" data-id=\"10692\" data-full-url=\"https:\/\/www.lespetitsbaroudeurs.com\/blog\/wp-content\/uploads\/2024\/10\/J16_1.jpg\" data-link=\"https:\/\/www.lespetitsbaroudeurs.com\/blog\/?attachment_id=10692\" class=\"wp-image-10692\" srcset=\"https:\/\/www.lespetitsbaroudeurs.com\/blog\/wp-content\/uploads\/2024\/10\/J16_1.jpg 768w, https:\/\/www.lespetitsbaroudeurs.com\/blog\/wp-content\/uploads\/2024\/10\/J16_1-225x300.jpg 225w\" sizes=\"(max-width: 768px) 100vw, 768px\" \/><\/figure><\/li><li class=\"blocks-gallery-item\"><figure><img loading=\"lazy\" width=\"768\" height=\"1024\" src=\"https:\/\/www.lespetitsbaroudeurs.com\/blog\/wp-content\/uploads\/2024\/10\/J16_3.jpg\" alt=\"\" data-id=\"10694\" data-full-url=\"https:\/\/www.lespetitsbaroudeurs.com\/blog\/wp-content\/uploads\/2024\/10\/J16_3.jpg\" data-link=\"https:\/\/www.lespetitsbaroudeurs.com\/blog\/?attachment_id=10694\" class=\"wp-image-10694\" srcset=\"https:\/\/www.lespetitsbaroudeurs.com\/blog\/wp-content\/uploads\/2024\/10\/J16_3.jpg 768w, https:\/\/www.lespetitsbaroudeurs.com\/blog\/wp-content\/uploads\/2024\/10\/J16_3-225x300.jpg 225w\" sizes=\"(max-width: 768px) 100vw, 768px\" \/><\/figure><\/li><li class=\"blocks-gallery-item\"><figure><img loading=\"lazy\" width=\"768\" height=\"1024\" src=\"https:\/\/www.lespetitsbaroudeurs.com\/blog\/wp-content\/uploads\/2024\/10\/J16_2.jpg\" alt=\"\" data-id=\"10693\" data-full-url=\"https:\/\/www.lespetitsbaroudeurs.com\/blog\/wp-content\/uploads\/2024\/10\/J16_2.jpg\" data-link=\"https:\/\/www.lespetitsbaroudeurs.com\/blog\/?attachment_id=10693\" class=\"wp-image-10693\" srcset=\"https:\/\/www.lespetitsbaroudeurs.com\/blog\/wp-content\/uploads\/2024\/10\/J16_2.jpg 768w, https:\/\/www.lespetitsbaroudeurs.com\/blog\/wp-content\/uploads\/2024\/10\/J16_2-225x300.jpg 225w\" sizes=\"(max-width: 768px) 100vw, 768px\" \/><\/figure><\/li><\/ul><\/figure>\n\n\n\n<h3>Jour 18 : Velika Planina<\/h3>\n\n\n\n<p>C&rsquo;est un immense village en bois perch\u00e9 \u00e0 1 500 m\u00e8tres d&rsquo;altitude. Pour y acc\u00e9der, on a pris un t\u00e9l\u00e9ph\u00e9rique datant de 1964. Rien n\u2019a chang\u00e9 depuis l\u2019\u00e8re communiste. Puis on a encha\u00een\u00e9 par un t\u00e9l\u00e9si\u00e8ge moderne cette fois .<br>Une fois l\u00e0-haut, on est parti \u00e0 la d\u00e9couverte de ces petits ou grands chalets tout en bois.<br>A midi, on a mang\u00e9 des plats d&rsquo;ici dans un petit resto d&rsquo;alpage. Puis on a continu\u00e9 notre randonn\u00e9e vers l&rsquo;autre village Mala Planina. On s&rsquo;est pris un peu la pluie mais c&rsquo;\u00e9tait tr\u00e8s chouette. On a m\u00eame trouv\u00e9 la r\u00e9sidence secondaire du p\u00e8re No\u00ebl. La boucle fait 7km.<\/p>\n\n\n\n<figure class=\"wp-block-image size-large\"><img loading=\"lazy\" width=\"768\" height=\"1024\" src=\"https:\/\/www.lespetitsbaroudeurs.com\/blog\/wp-content\/uploads\/2024\/10\/J18.jpg\" alt=\"\" class=\"wp-image-10695\" srcset=\"https:\/\/www.lespetitsbaroudeurs.com\/blog\/wp-content\/uploads\/2024\/10\/J18.jpg 768w, https:\/\/www.lespetitsbaroudeurs.com\/blog\/wp-content\/uploads\/2024\/10\/J18-225x300.jpg 225w\" sizes=\"(max-width: 768px) 100vw, 768px\" \/><\/figure>\n\n\n\n<h3>Jour 19 : La vall\u00e9e de Lorgaska<\/h3>\n\n\n\n<p>Ce matin il fait moche. Alors on traine et on profite un peu d&rsquo;avoir mont\u00e9 l&rsquo;abri tente. On d\u00e9colle pour aller manger quelque part, pas si facile quand ta maison est sur le toit. On replie tout et c&rsquo;est parti. Finalement on mange au d\u00e9part de la rando, si jamais il y a une \u00e9claircie.<br>Nous sommes dans la vall\u00e9e de Lorgaska o\u00f9 pour entrer, il faut payer 7\u20ac. On se r\u00e9gale puis le ciel s&rsquo;est d\u00e9gag\u00e9. On part donc faire notre petite randonn\u00e9e pour d\u00e9couvrir la cascade, ou slap comme on dit ici, de Rinka.<br>Ensuite on se dirige vers le village de Solcava et bien s\u00fbr les gar\u00e7ons testent l&rsquo;aire de jeux. Et nous on prend un petit caf\u00e9 \u00e0 l\u2019office de tourisme.<\/p>\n\n\n\n<figure class=\"wp-block-gallery columns-2 is-cropped\"><ul class=\"blocks-gallery-grid\"><li class=\"blocks-gallery-item\"><figure><img loading=\"lazy\" width=\"768\" height=\"1024\" src=\"https:\/\/www.lespetitsbaroudeurs.com\/blog\/wp-content\/uploads\/2024\/10\/J19_1.jpg\" alt=\"\" data-id=\"10696\" data-full-url=\"https:\/\/www.lespetitsbaroudeurs.com\/blog\/wp-content\/uploads\/2024\/10\/J19_1.jpg\" data-link=\"https:\/\/www.lespetitsbaroudeurs.com\/blog\/?attachment_id=10696\" class=\"wp-image-10696\" srcset=\"https:\/\/www.lespetitsbaroudeurs.com\/blog\/wp-content\/uploads\/2024\/10\/J19_1.jpg 768w, https:\/\/www.lespetitsbaroudeurs.com\/blog\/wp-content\/uploads\/2024\/10\/J19_1-225x300.jpg 225w\" sizes=\"(max-width: 768px) 100vw, 768px\" \/><\/figure><\/li><li class=\"blocks-gallery-item\"><figure><img loading=\"lazy\" width=\"768\" height=\"1024\" src=\"https:\/\/www.lespetitsbaroudeurs.com\/blog\/wp-content\/uploads\/2024\/10\/J19_2.jpg\" alt=\"\" data-id=\"10697\" data-full-url=\"https:\/\/www.lespetitsbaroudeurs.com\/blog\/wp-content\/uploads\/2024\/10\/J19_2.jpg\" data-link=\"https:\/\/www.lespetitsbaroudeurs.com\/blog\/?attachment_id=10697\" class=\"wp-image-10697\" srcset=\"https:\/\/www.lespetitsbaroudeurs.com\/blog\/wp-content\/uploads\/2024\/10\/J19_2.jpg 768w, https:\/\/www.lespetitsbaroudeurs.com\/blog\/wp-content\/uploads\/2024\/10\/J19_2-225x300.jpg 225w\" sizes=\"(max-width: 768px) 100vw, 768px\" \/><\/figure><\/li><\/ul><\/figure>\n\n\n\n<h3>Jour 20 : Route panoramique Cesta<\/h3>\n\n\n\n<p>Ce matin on se r\u00e9veille encore t\u00f4t, merci r\u00e9veil baby. Ici il fait jour \u00e0 5h30.<br>On monte sur nos selles et c&rsquo;est parti pour la mont\u00e9. Aujourd&rsquo;hui, on s&rsquo;attaque \u00e0 la route panoramique. Merci le follow-me&nbsp;et la sangle pour tracter les gar\u00e7ons et surtout Ced et ses cuisses. Le long de la route, il y a des panneaux informatifs avec des petits dragons. La route est un peu fr\u00e9quent\u00e9e v\u00e9lo, motos, voitures&#8230; Elle est en goudron et parfois en gravel. La vue est magnifique sur la vall\u00e9e de logorska, il y a comme un petit air d&rsquo;Autriche. Ma\u00ebl nous impressionne, il p\u00e9dale comme un chef. Noa ce n&rsquo;est pas son jour donc tout est compliqu\u00e9. Lou , mon petit masseur chanteur, assure dans son cosy.<\/p>\n\n\n\n<p>Apr\u00e8s avoir bien mont\u00e9, on redescend dans la vall\u00e9e puis nous faisons un petit stop boissons. Puis nous rentrons au camping. Encore une belle journ\u00e9e de d\u00e9couverte malgr\u00e9 les 30km et les 800m de d\u00e9nivel\u00e9s.<\/p>\n\n\n\n<figure class=\"wp-block-gallery columns-3 is-cropped\"><ul class=\"blocks-gallery-grid\"><li class=\"blocks-gallery-item\"><figure><img loading=\"lazy\" width=\"768\" height=\"1024\" src=\"https:\/\/www.lespetitsbaroudeurs.com\/blog\/wp-content\/uploads\/2024\/10\/J20_1.jpg\" alt=\"\" data-id=\"10698\" data-full-url=\"https:\/\/www.lespetitsbaroudeurs.com\/blog\/wp-content\/uploads\/2024\/10\/J20_1.jpg\" data-link=\"https:\/\/www.lespetitsbaroudeurs.com\/blog\/?attachment_id=10698\" class=\"wp-image-10698\" srcset=\"https:\/\/www.lespetitsbaroudeurs.com\/blog\/wp-content\/uploads\/2024\/10\/J20_1.jpg 768w, https:\/\/www.lespetitsbaroudeurs.com\/blog\/wp-content\/uploads\/2024\/10\/J20_1-225x300.jpg 225w\" sizes=\"(max-width: 768px) 100vw, 768px\" \/><\/figure><\/li><li class=\"blocks-gallery-item\"><figure><img loading=\"lazy\" width=\"1024\" height=\"768\" src=\"https:\/\/www.lespetitsbaroudeurs.com\/blog\/wp-content\/uploads\/2024\/10\/J20_3.jpg\" alt=\"\" data-id=\"10700\" data-full-url=\"https:\/\/www.lespetitsbaroudeurs.com\/blog\/wp-content\/uploads\/2024\/10\/J20_3.jpg\" data-link=\"https:\/\/www.lespetitsbaroudeurs.com\/blog\/?attachment_id=10700\" class=\"wp-image-10700\" srcset=\"https:\/\/www.lespetitsbaroudeurs.com\/blog\/wp-content\/uploads\/2024\/10\/J20_3.jpg 1024w, https:\/\/www.lespetitsbaroudeurs.com\/blog\/wp-content\/uploads\/2024\/10\/J20_3-300x225.jpg 300w, https:\/\/www.lespetitsbaroudeurs.com\/blog\/wp-content\/uploads\/2024\/10\/J20_3-768x576.jpg 768w\" sizes=\"(max-width: 1024px) 100vw, 1024px\" \/><\/figure><\/li><li class=\"blocks-gallery-item\"><figure><img loading=\"lazy\" width=\"768\" height=\"1024\" src=\"https:\/\/www.lespetitsbaroudeurs.com\/blog\/wp-content\/uploads\/2024\/10\/J20_2.jpg\" alt=\"\" data-id=\"10699\" data-full-url=\"https:\/\/www.lespetitsbaroudeurs.com\/blog\/wp-content\/uploads\/2024\/10\/J20_2.jpg\" data-link=\"https:\/\/www.lespetitsbaroudeurs.com\/blog\/?attachment_id=10699\" class=\"wp-image-10699\" srcset=\"https:\/\/www.lespetitsbaroudeurs.com\/blog\/wp-content\/uploads\/2024\/10\/J20_2.jpg 768w, https:\/\/www.lespetitsbaroudeurs.com\/blog\/wp-content\/uploads\/2024\/10\/J20_2-225x300.jpg 225w\" sizes=\"(max-width: 768px) 100vw, 768px\" \/><\/figure><\/li><\/ul><\/figure>\n\n\n\n<h3>Jour 21 : voyage dans le temps en Styrie<\/h3>\n\n\n\n<p>Ce matin, on d\u00e9monte le campement, d\u00e9part pour Celje. Apr\u00e8s 1h de route, on y est. On visite la vieille ville ,c&rsquo;est assez rapide. Puis on trouve un petit resto pizza et salade c\u00e9sar miam. Ensuite, c&rsquo;est reparti, on va d\u00e9couvrir le plus grand ch\u00e2teau m\u00e9di\u00e9val de la Slov\u00e9nie qui surplombe la ville. Les gar\u00e7ons sont \u00e0 fond. Apr\u00e8s la visite, une petite pause s\u2019impose \u00e0 l\u2019aire de jeux du ch\u00e2teau.<\/p>\n\n\n\n<figure class=\"wp-block-image size-large\"><img loading=\"lazy\" width=\"768\" height=\"1024\" src=\"https:\/\/www.lespetitsbaroudeurs.com\/blog\/wp-content\/uploads\/2024\/10\/J21.jpg\" alt=\"\" class=\"wp-image-10701\" srcset=\"https:\/\/www.lespetitsbaroudeurs.com\/blog\/wp-content\/uploads\/2024\/10\/J21.jpg 768w, https:\/\/www.lespetitsbaroudeurs.com\/blog\/wp-content\/uploads\/2024\/10\/J21-225x300.jpg 225w\" sizes=\"(max-width: 768px) 100vw, 768px\" \/><\/figure>\n\n\n\n<h3>Jour 22 : Lake \u010crno Jezero et Pohorje<\/h3>\n\n\n\n<p>Ce matin, on d\u00e9monte le campement, fini le camping en Slov\u00e9nie. Il nous reste encore quelques jours mais nous serons dans un appartement \u00e0 la montagne \u00e0 Pohorje. Ici c&rsquo;est assez marrant toutes les routes ne sont pas goudronn\u00e9es, surtout dans les montagnes. La route pour arriver au d\u00e9part de la rando du Lake \u010crno Jezero dit lac noir n&rsquo;est quasiment qu\u2019en piste gravel. La randonn\u00e9e est tr\u00e8s facile et sympa. Il y a un petit parcours ludique pour motiver les enfants (20 minutes). Le lac est superbe. Nous reprenons la piste et nous arrivons dans une station de ski familiale. Tout est bien am\u00e9nag\u00e9 pour les enfants ( jeux, petit village en bois&#8230;). Nous avons pris notre pique-nique l\u00e0-haut.<\/p>\n\n\n\n<p>Ensuite, direction le Treetop Walkway, une construction en bois circuit qui monte au-dessus des arbres. Tout en haut nous sommes \u00e0 37 m\u00e8tres, c&rsquo;est assez impressionnant mais pas angoissant. Pour redescendre, si on le souhaite il y a un toboggan. Snif, je n&rsquo;ai pas pu le faire avec mon petit koala dans le dos. Ma\u00ebl et Ced l&rsquo;on fait en hurlant. Le long du parcours, il y a aussi des petits jeux ludiques explicatifs sur la for\u00eat et ses habitants.<br>Clap de fin, 3 jours apr\u00e8s nous rentrons en France.<\/p>\n\n\n\n<figure class=\"wp-block-gallery columns-2 is-cropped\"><ul class=\"blocks-gallery-grid\"><li class=\"blocks-gallery-item\"><figure><img loading=\"lazy\" width=\"768\" height=\"1024\" src=\"https:\/\/www.lespetitsbaroudeurs.com\/blog\/wp-content\/uploads\/2024\/10\/J22_4.jpg\" alt=\"\" data-id=\"10705\" data-full-url=\"https:\/\/www.lespetitsbaroudeurs.com\/blog\/wp-content\/uploads\/2024\/10\/J22_4.jpg\" data-link=\"https:\/\/www.lespetitsbaroudeurs.com\/blog\/?attachment_id=10705\" class=\"wp-image-10705\" srcset=\"https:\/\/www.lespetitsbaroudeurs.com\/blog\/wp-content\/uploads\/2024\/10\/J22_4.jpg 768w, https:\/\/www.lespetitsbaroudeurs.com\/blog\/wp-content\/uploads\/2024\/10\/J22_4-225x300.jpg 225w\" sizes=\"(max-width: 768px) 100vw, 768px\" \/><\/figure><\/li><li class=\"blocks-gallery-item\"><figure><img loading=\"lazy\" width=\"768\" height=\"1024\" src=\"https:\/\/www.lespetitsbaroudeurs.com\/blog\/wp-content\/uploads\/2024\/10\/J22_1.jpg\" alt=\"\" data-id=\"10702\" data-full-url=\"https:\/\/www.lespetitsbaroudeurs.com\/blog\/wp-content\/uploads\/2024\/10\/J22_1.jpg\" data-link=\"https:\/\/www.lespetitsbaroudeurs.com\/blog\/?attachment_id=10702\" class=\"wp-image-10702\" srcset=\"https:\/\/www.lespetitsbaroudeurs.com\/blog\/wp-content\/uploads\/2024\/10\/J22_1.jpg 768w, https:\/\/www.lespetitsbaroudeurs.com\/blog\/wp-content\/uploads\/2024\/10\/J22_1-225x300.jpg 225w\" sizes=\"(max-width: 768px) 100vw, 768px\" \/><\/figure><\/li><li class=\"blocks-gallery-item\"><figure><img loading=\"lazy\" width=\"768\" height=\"1024\" src=\"https:\/\/www.lespetitsbaroudeurs.com\/blog\/wp-content\/uploads\/2024\/10\/J22_2.jpg\" alt=\"\" data-id=\"10703\" data-full-url=\"https:\/\/www.lespetitsbaroudeurs.com\/blog\/wp-content\/uploads\/2024\/10\/J22_2.jpg\" data-link=\"https:\/\/www.lespetitsbaroudeurs.com\/blog\/?attachment_id=10703\" class=\"wp-image-10703\" srcset=\"https:\/\/www.lespetitsbaroudeurs.com\/blog\/wp-content\/uploads\/2024\/10\/J22_2.jpg 768w, https:\/\/www.lespetitsbaroudeurs.com\/blog\/wp-content\/uploads\/2024\/10\/J22_2-225x300.jpg 225w\" sizes=\"(max-width: 768px) 100vw, 768px\" \/><\/figure><\/li><li class=\"blocks-gallery-item\"><figure><img loading=\"lazy\" width=\"1024\" height=\"768\" src=\"https:\/\/www.lespetitsbaroudeurs.com\/blog\/wp-content\/uploads\/2024\/10\/J22_3.jpg\" alt=\"\" data-id=\"10704\" data-full-url=\"https:\/\/www.lespetitsbaroudeurs.com\/blog\/wp-content\/uploads\/2024\/10\/J22_3.jpg\" data-link=\"https:\/\/www.lespetitsbaroudeurs.com\/blog\/?attachment_id=10704\" class=\"wp-image-10704\" srcset=\"https:\/\/www.lespetitsbaroudeurs.com\/blog\/wp-content\/uploads\/2024\/10\/J22_3.jpg 1024w, https:\/\/www.lespetitsbaroudeurs.com\/blog\/wp-content\/uploads\/2024\/10\/J22_3-300x225.jpg 300w, https:\/\/www.lespetitsbaroudeurs.com\/blog\/wp-content\/uploads\/2024\/10\/J22_3-768x576.jpg 768w\" sizes=\"(max-width: 1024px) 100vw, 1024px\" \/><\/figure><\/li><\/ul><\/figure>\n\n\n\n<h2>Conseils pour g\u00e9rer les distances et les trajets un voyage en Slov\u00e9nie en tente de toit \u00e0 5<\/h2>\n\n\n\n<p>Les gar\u00e7ons ont toujours leurs lunii avec eux, des livres et des carnets de jeux. Et pour le petit dernier, un jouet peluche et du pain.<\/p>\n\n\n\n<h2>Nos bonnes adresses d&rsquo;h\u00e9bergement pour un voyage en Slov\u00e9nie en tente de toit \u00e0 5<\/h2>\n\n\n\n<p>On a trouv\u00e9 la plupart des campings sur <a href=\"https:\/\/park4night.com\/fr\" target=\"_blank\" rel=\"noreferrer noopener\">Park4night<\/a>, on a privil\u00e9gi\u00e9 les campings \u00e0 la ferme ou agricoles. Ils sont plus calmes et plus sympas en famille. On est souvent accueilli avec un produit local.<br>Un chouette appartement (aibnb) dans une petite station de ski \u00e0 Pohorje, point de d\u00e9part de plusieurs randonn\u00e9es. Ca vaut le coup, la station est tr\u00e8s calme et tr\u00e8s kid friendly : il y a plusieurs caf\u00e9 restaurant et une grande aire de jeux.<\/p>\n\n\n\n<h2>A savoir pour un voyage en Slov\u00e9nie en tente de toit \u00e0 5<\/h2>\n\n\n\n<p>Si vous venez en voiture, pensez bien \u00e0 prendre la vignette pour l\u2019autoroute, on peut le faire en ligne.<br>Le camping sauvage est interdit, tr\u00e8s surveill\u00e9e du c\u00f4t\u00e9 ouest mais moins c\u00f4t\u00e9 est.<\/p>\n\n\n\n<h2>Notre \u00e9quipement pour un voyage en Slov\u00e9nie en tente de toit \u00e0 5<\/h2>\n\n\n\n<p><em>Cet article relate une aventure en famille en 2024. Il fait partie du programme Ambassadeurs o\u00f9 nous invitons des familles baroudeuses \u00e0 partager leurs exp\u00e9riences avec la communaut\u00e9 des Petits Baroudeurs.<\/em><\/p>\n\n\n\n<div class=\"wp-block-group alignwide\"><div class=\"wp-block-group__inner-container\">\n<div class=\"wp-block-columns alignwide\">\n<div class=\"wp-block-column is-vertically-aligned-center\">\n<div class=\"wp-block-image\"><figure class=\"aligncenter size-large\"><img src=\"https:\/\/www.lespetitsbaroudeurs.com\/blog\/wp-content\/uploads\/2024\/10\/sangle-de-remorquage-velo-shotgun.jpg\" alt=\"\" class=\"wp-image-10666\"\/><\/figure><\/div>\n\n\n\n<p class=\"has-text-align-center\"><em>Sangle de traction<\/em><br><em><a href=\"https:\/\/www.lespetitsbaroudeurs.com\/barre-de-traction-velo-378\" target=\"_blank\" rel=\"noreferrer noopener\">\u27b3Je d\u00e9couvre<\/a><\/em><\/p>\n<\/div>\n\n\n\n<div class=\"wp-block-column\">\n<div class=\"wp-block-image\"><figure class=\"aligncenter size-large\"><img loading=\"lazy\" width=\"300\" height=\"300\" src=\"https:\/\/www.lespetitsbaroudeurs.com\/blog\/wp-content\/uploads\/2020\/07\/follow-me.jpg\" alt=\"follow me\" class=\"wp-image-3607\" srcset=\"https:\/\/www.lespetitsbaroudeurs.com\/blog\/wp-content\/uploads\/2020\/07\/follow-me.jpg 300w, https:\/\/www.lespetitsbaroudeurs.com\/blog\/wp-content\/uploads\/2020\/07\/follow-me-150x150.jpg 150w, https:\/\/www.lespetitsbaroudeurs.com\/blog\/wp-content\/uploads\/2020\/07\/follow-me-270x270.jpg 270w\" sizes=\"(max-width: 300px) 100vw, 300px\" \/><\/figure><\/div>\n\n\n\n<p class=\"has-text-align-center\"><em><em>Follow me<\/em><\/em><br><em><a href=\"https:\/\/www.lespetitsbaroudeurs.com\/barre-de-traction-velo-378\" target=\"_blank\" rel=\"noreferrer noopener\">\u27b3Je d\u00e9couvre<\/a><\/em><\/p>\n<\/div>\n\n\n\n<div class=\"wp-block-column\">\n<div class=\"wp-block-image\"><figure class=\"aligncenter size-large\"><img loading=\"lazy\" width=\"300\" height=\"300\" src=\"https:\/\/www.lespetitsbaroudeurs.com\/blog\/wp-content\/uploads\/2020\/07\/commencal-ramones-vtt-enfant.jpg\" alt=\"\" class=\"wp-image-3603\" srcset=\"https:\/\/www.lespetitsbaroudeurs.com\/blog\/wp-content\/uploads\/2020\/07\/commencal-ramones-vtt-enfant.jpg 300w, https:\/\/www.lespetitsbaroudeurs.com\/blog\/wp-content\/uploads\/2020\/07\/commencal-ramones-vtt-enfant-150x150.jpg 150w, https:\/\/www.lespetitsbaroudeurs.com\/blog\/wp-content\/uploads\/2020\/07\/commencal-ramones-vtt-enfant-270x270.jpg 270w\" sizes=\"(max-width: 300px) 100vw, 300px\" \/><\/figure><\/div>\n\n\n\n<p class=\"has-text-align-center\"><em>VTT<\/em><br><em><a href=\"https:\/\/www.lespetitsbaroudeurs.com\/veste-impermeable-enfant-bebe-39\" target=\"_blank\" rel=\"noreferrer noopener\">\u27b3Je <\/a><a href=\"https:\/\/www.lespetitsbaroudeurs.com\/velo-et-vtt-enfant-93\" target=\"_blank\" rel=\"noreferrer noopener\">d\u00e9couvre<\/a><\/em><\/p>\n<\/div>\n<\/div>\n<\/div><\/div>\n\n\n\n<div class=\"wp-block-group alignwide\"><div class=\"wp-block-group__inner-container\">\n<div class=\"wp-block-columns alignwide\">\n<div class=\"wp-block-column is-vertically-aligned-center\">\n<div class=\"wp-block-image\"><figure class=\"aligncenter size-large\"><img loading=\"lazy\" width=\"300\" height=\"300\" src=\"https:\/\/www.lespetitsbaroudeurs.com\/blog\/wp-content\/uploads\/2024\/05\/deryan-lit-de-voyage-deryan-baby-luxe-jusqu-a-25-ans-noir-1-e1714559467801.jpg\" alt=\"\" class=\"wp-image-10243\"\/><\/figure><\/div>\n\n\n\n<p class=\"has-text-align-center\"><em>Lit de voyage<\/em><br><em><a href=\"https:\/\/www.lespetitsbaroudeurs.com\/lit-voyage-bebe-103\" target=\"_blank\" rel=\"noreferrer noopener\">\u27b3Je d\u00e9couvre<\/a><\/em><\/p>\n<\/div>\n\n\n\n<div class=\"wp-block-column\">\n<div class=\"wp-block-image\"><figure class=\"aligncenter size-large\"><img loading=\"lazy\" width=\"300\" height=\"300\" src=\"https:\/\/www.lespetitsbaroudeurs.com\/blog\/wp-content\/uploads\/2024\/05\/organisateur-de-voiture-enfant-lassig-happy-prints-caramel-e1714553724523.jpg\" alt=\"\" class=\"wp-image-10230\"\/><\/figure><\/div>\n\n\n\n<p class=\"has-text-align-center\"><em><em>Organisateur de voiture<\/em><\/em><br><em><a href=\"https:\/\/www.lespetitsbaroudeurs.com\/accessoires-de-voyage-268\" target=\"_blank\" rel=\"noreferrer noopener\">\u27b3Je d\u00e9couvre<\/a><\/em><\/p>\n<\/div>\n\n\n\n<div class=\"wp-block-column\">\n<div class=\"wp-block-image\"><figure class=\"aligncenter size-large\"><img loading=\"lazy\" width=\"300\" height=\"300\" src=\"https:\/\/www.lespetitsbaroudeurs.com\/blog\/wp-content\/uploads\/2024\/06\/boite-a-histoires-lunii-e1718367215487.jpg\" alt=\"\" class=\"wp-image-10421\"\/><\/figure><\/div>\n\n\n\n<p class=\"has-text-align-center\"><em>Lunii<\/em><br><em><a href=\"https:\/\/www.lespetitsbaroudeurs.com\/veste-impermeable-enfant-bebe-39\" target=\"_blank\" rel=\"noreferrer noopener\">\u27b3Je <\/a><a href=\"https:\/\/www.lespetitsbaroudeurs.com\/livres-108\" target=\"_blank\" rel=\"noreferrer noopener\">d\u00e9couvre<\/a><\/em><\/p>\n<\/div>\n<\/div>\n<\/div><\/div>\n","protected":false},"excerpt":{"rendered":"<p>Cette ann\u00e9e, on s\u2019est un peu d\u00e9cid\u00e9 \u00e0 la derni\u00e8re minute pour savoir o\u00f9 on allait aller. Ne connaissant pas du tout la Slov\u00e9nie et entendant que du bien il ne nous a pas fallu longtemps pour \u00eatre conquis. Pas loin de la France pour un premier road trip en tente de toit, c\u2019\u00e9tait parfait&nbsp;! [&hellip;]<\/p>\n","protected":false},"author":98,"featured_media":10707,"comment_status":"open","ping_status":"open","sticky":false,"template":"","format":"standard","meta":[],"categories":[151,185],"tags":[160],"yoast_head":"<!-- This site is optimized with the Yoast SEO plugin v14.9 - https:\/\/yoast.com\/wordpress\/plugins\/seo\/ -->\n<title>La Slov\u00e9nie en tente de toit \u00e0 5 - Les Petits Baroudeurs<\/title>\n<meta name=\"description\" content=\"Direction la Slov\u00e9nie \u00e0 5 en kangoo et tente de toit pour Ced, Clo et leurs 3 enfants ! Au programme, v\u00e9lo, randos et les aires de jeux.\" \/>\n<meta name=\"robots\" content=\"index, follow, max-snippet:-1, max-image-preview:large, max-video-preview:-1\" \/>\n<link rel=\"canonical\" href=\"https:\/\/www.lespetitsbaroudeurs.com\/blog\/la-slovenie-en-tente-de-toit-a-5\/\" \/>\n<meta property=\"og:locale\" content=\"fr_FR\" \/>\n<meta property=\"og:type\" content=\"article\" \/>\n<meta property=\"og:title\" content=\"La Slov\u00e9nie en tente de toit \u00e0 5 - Les Petits Baroudeurs\" \/>\n<meta property=\"og:description\" content=\"Direction la Slov\u00e9nie \u00e0 5 en kangoo et tente de toit pour Ced, Clo et leurs 3 enfants ! Au programme, v\u00e9lo, randos et les aires de jeux.\" \/>\n<meta property=\"og:url\" content=\"https:\/\/www.lespetitsbaroudeurs.com\/blog\/la-slovenie-en-tente-de-toit-a-5\/\" \/>\n<meta property=\"og:site_name\" content=\"Les Petits Baroudeurs\" \/>\n<meta property=\"article:publisher\" content=\"https:\/\/www.facebook.com\/lespetitsbaroudeurs\/\" \/>\n<meta property=\"article:published_time\" content=\"2024-10-28T16:00:58+00:00\" \/>\n<meta property=\"article:modified_time\" content=\"2024-10-28T10:20:08+00:00\" \/>\n<meta property=\"og:image\" content=\"https:\/\/www.lespetitsbaroudeurs.com\/blog\/wp-content\/uploads\/2024\/10\/Couverture-blog-LPB-3.jpg\" \/>\n\t<meta property=\"og:image:width\" content=\"1500\" \/>\n\t<meta property=\"og:image:height\" content=\"700\" \/>\n<meta name=\"twitter:card\" content=\"summary_large_image\" \/>\n<script type=\"application\/ld+json\" class=\"yoast-schema-graph\">{\"@context\":\"https:\/\/schema.org\",\"@graph\":[{\"@type\":\"WebSite\",\"@id\":\"https:\/\/www.lespetitsbaroudeurs.com\/blog\/#website\",\"url\":\"https:\/\/www.lespetitsbaroudeurs.com\/blog\/\",\"name\":\"Les Petits Baroudeurs\",\"description\":\"Le Blog de l&#039;aventure en famille !\",\"potentialAction\":[{\"@type\":\"SearchAction\",\"target\":\"https:\/\/www.lespetitsbaroudeurs.com\/blog\/?s={search_term_string}\",\"query-input\":\"required name=search_term_string\"}],\"inLanguage\":\"fr-FR\"},{\"@type\":\"ImageObject\",\"@id\":\"https:\/\/www.lespetitsbaroudeurs.com\/blog\/la-slovenie-en-tente-de-toit-a-5\/#primaryimage\",\"inLanguage\":\"fr-FR\",\"url\":\"https:\/\/www.lespetitsbaroudeurs.com\/blog\/wp-content\/uploads\/2024\/10\/Couverture-blog-LPB-3.jpg\",\"width\":1500,\"height\":700},{\"@type\":\"WebPage\",\"@id\":\"https:\/\/www.lespetitsbaroudeurs.com\/blog\/la-slovenie-en-tente-de-toit-a-5\/#webpage\",\"url\":\"https:\/\/www.lespetitsbaroudeurs.com\/blog\/la-slovenie-en-tente-de-toit-a-5\/\",\"name\":\"La Slov\\u00e9nie en tente de toit \\u00e0 5 - Les Petits Baroudeurs\",\"isPartOf\":{\"@id\":\"https:\/\/www.lespetitsbaroudeurs.com\/blog\/#website\"},\"primaryImageOfPage\":{\"@id\":\"https:\/\/www.lespetitsbaroudeurs.com\/blog\/la-slovenie-en-tente-de-toit-a-5\/#primaryimage\"},\"author\":{\"@id\":\"https:\/\/www.lespetitsbaroudeurs.com\/blog\/#\/schema\/person\/8871de4d95ddcc6c2a41d40d736c6a68\"},\"description\":\"Direction la Slov\\u00e9nie \\u00e0 5 en kangoo et tente de toit pour Ced, Clo et leurs 3 enfants ! Au programme, v\\u00e9lo, randos et les aires de jeux.\",\"inLanguage\":\"fr-FR\",\"potentialAction\":[{\"@type\":\"ReadAction\",\"target\":[\"https:\/\/www.lespetitsbaroudeurs.com\/blog\/la-slovenie-en-tente-de-toit-a-5\/\"]}]},{\"@type\":\"Person\",\"@id\":\"https:\/\/www.lespetitsbaroudeurs.com\/blog\/#\/schema\/person\/8871de4d95ddcc6c2a41d40d736c6a68\",\"name\":\"La Cedi and Clo family\",\"image\":{\"@type\":\"ImageObject\",\"@id\":\"https:\/\/www.lespetitsbaroudeurs.com\/blog\/#personlogo\",\"inLanguage\":\"fr-FR\",\"url\":\"https:\/\/secure.gravatar.com\/avatar\/de69f6a4699a4f42b211cf3b491e30b9?s=96&d=mm&r=g\",\"caption\":\"La Cedi and Clo family\"},\"description\":\"Nous, c\\u2019est C\\u00e9dric &amp; Chlo\\u00e9, on a la bougeotte dans l\\u2019\\u00e2me. On essaie de transmettre notre go\\u00fbt pour la d\\u00e9couverte et l\\u2019aventure \\u00e0 notre petite tribu. On est tomb\\u00e9 amoureux tout jeune l\\u2019un de l\\u2019autre gr\\u00e2ce \\u00e0 nos passions communes pour le go\\u00fbt de l\\u2019aventure, de la montagne et la d\\u00e9couverte de nouveaux horizons. Apr\\u00e8s avoir bien bourlingu\\u00e9 \\u00e0 deux (2 ans de tour du monde et autres micro-aventures), nous avons cr\\u00e9\\u00e9 notre famille\\u2026 Noa (8 ans), ouvre le bal, en sac de portage, en carriole, en weehoo, \\u00e0 pied puis \\u00e0 v\\u00e9lo. Il aime la nature, r\\u00eave en permanence, aimerait gravir un maximum de sommet. C\\u2019est un aventurier dans l\\u2019\\u00e2me mais moins dans la pratique. Deux ans et demi apr\\u00e8s, Ma\\u00ebl (5 ans) est arriv\\u00e9 ! Il commence t\\u00f4t la vadrouille d\\u2019abord en portage puis en wehoo derri\\u00e8re nous, en v\\u00e9lo et la marche un vrai petit Izard\\u2026 Il aime partir \\u00e0 l\\u2019aventure en v\\u00e9lo, dormir dans la voiture en road trip. Mais d\\u00e9teste nous quitter. Quatre ans plus tard, c\\u2019est Lou (9 mois) qui vient de nous rejoindre et cl\\u00f4t la tribu. Notre petit rayon de soleil, il a le sourire aux l\\u00e8vres, il a d\\u00e9j\\u00e0 vadrouill\\u00e9 \\u00e0 v\\u00e9lo en Vend\\u00e9e, puis fait de nombreuses randonn\\u00e9es dans les Pyr\\u00e9n\\u00e9es atlantiques, dormit sous les \\u00e9toiles en tente de toit tout l\\u2019\\u00e9t\\u00e9 ! Il aime manger tout ce qui lui passe sous la main ! Les promenades en portage et cumule d\\u00e9j\\u00e0 bon nombre de kilom\\u00e8tres \\u00e0 son compteur !\",\"sameAs\":[\"https:\/\/www.instagram.com\/cediandclo_family\/?hl=fr\"]}]}<\/script>\n<!-- \/ Yoast SEO plugin. -->","_links":{"self":[{"href":"https:\/\/www.lespetitsbaroudeurs.com\/blog\/wp-json\/wp\/v2\/posts\/10659"}],"collection":[{"href":"https:\/\/www.lespetitsbaroudeurs.com\/blog\/wp-json\/wp\/v2\/posts"}],"about":[{"href":"https:\/\/www.lespetitsbaroudeurs.com\/blog\/wp-json\/wp\/v2\/types\/post"}],"author":[{"embeddable":true,"href":"https:\/\/www.lespetitsbaroudeurs.com\/blog\/wp-json\/wp\/v2\/users\/98"}],"replies":[{"embeddable":true,"href":"https:\/\/www.lespetitsbaroudeurs.com\/blog\/wp-json\/wp\/v2\/comments?post=10659"}],"version-history":[{"count":5,"href":"https:\/\/www.lespetitsbaroudeurs.com\/blog\/wp-json\/wp\/v2\/posts\/10659\/revisions"}],"predecessor-version":[{"id":10706,"href":"https:\/\/www.lespetitsbaroudeurs.com\/blog\/wp-json\/wp\/v2\/posts\/10659\/revisions\/10706"}],"wp:featuredmedia":[{"embeddable":true,"href":"https:\/\/www.lespetitsbaroudeurs.com\/blog\/wp-json\/wp\/v2\/media\/10707"}],"wp:attachment":[{"href":"https:\/\/www.lespetitsbaroudeurs.com\/blog\/wp-json\/wp\/v2\/media?parent=10659"}],"wp:term":[{"taxonomy":"category","embeddable":true,"href":"https:\/\/www.lespetitsbaroudeurs.com\/blog\/wp-json\/wp\/v2\/categories?post=10659"},{"taxonomy":"post_tag","embeddable":true,"href":"https:\/\/www.lespetitsbaroudeurs.com\/blog\/wp-json\/wp\/v2\/tags?post=10659"}],"curies":[{"name":"wp","href":"https:\/\/api.w.org\/{rel}","templated":true}]}}