{"id":11518,"date":"2025-06-12T17:51:04","date_gmt":"2025-06-12T15:51:04","guid":{"rendered":"https:\/\/www.lespetitsbaroudeurs.com\/blog\/?p=11518"},"modified":"2025-06-12T17:52:02","modified_gmt":"2025-06-12T15:52:02","slug":"voyage-a-velo-electrique-en-famille-4-jours-dans-le-vercors","status":"publish","type":"post","link":"https:\/\/www.lespetitsbaroudeurs.com\/blog\/voyage-a-velo-electrique-en-famille-4-jours-dans-le-vercors\/","title":{"rendered":"Voyage \u00e0 v\u00e9lo \u00e9lectrique en famille : 4 jours dans le Vercors"},"content":{"rendered":"\n<p>On avait mis un peu de c\u00f4t\u00e9 les vacances \u00e0 v\u00e9lo depuis quelques ann\u00e9es\u2026 Apr\u00e8s plusieurs \u00e9t\u00e9s \u00e0 p\u00e9daler avec nos petits (\u00e0 l\u2019\u00e9poque !), \u00e0 explorer la <a href=\"https:\/\/www.lespetitsbaroudeurs.com\/blog\/camargue-velo-famille-enfant\/\">Camargue<\/a>, la <a href=\"https:\/\/www.lespetitsbaroudeurs.com\/blog\/tour-lac-neuchatel-velo-remorque-enfant\/\">Suisse<\/a> ou encore le <a href=\"https:\/\/www.lespetitsbaroudeurs.com\/blog\/voie-verte-haut-languedoc-velo-famille-remorque-enfant\/\">Haut Languedoc<\/a>, on \u00e9tait revenus \u00e0 nos premi\u00e8res amours : la rando en itin\u00e9rance.<br>Mais quand <strong>Alexandre de <a href=\"https:\/\/www.chemins.voyage\/\">Chemins Voyages<\/a><\/strong> nous a propos\u00e9 un nouveau d\u00e9fi version <strong>voyage en v\u00e9lo \u00e9lectrique en famille<\/strong>, on a saut\u00e9 sur l\u2019occasion.<br>Spoiler : <strong>l\u2019aventure \u00e0 v\u00e9lo, \u00e7a marche encore avec des ados<\/strong>. Il suffit de <em>twister<\/em> un peu l\u2019activit\u00e9\u2026 et de leur promettre un peu de fun (et du chocolat !).<\/p>\n\n\n\n<figure class=\"wp-block-image size-large\"><img loading=\"lazy\" width=\"1024\" height=\"768\" src=\"https:\/\/www.lespetitsbaroudeurs.com\/blog\/wp-content\/uploads\/2025\/06\/IMG_9935-1024x768.jpeg\" alt=\"\" class=\"wp-image-11539\" srcset=\"https:\/\/www.lespetitsbaroudeurs.com\/blog\/wp-content\/uploads\/2025\/06\/IMG_9935-1024x768.jpeg 1024w, https:\/\/www.lespetitsbaroudeurs.com\/blog\/wp-content\/uploads\/2025\/06\/IMG_9935-300x225.jpeg 300w, https:\/\/www.lespetitsbaroudeurs.com\/blog\/wp-content\/uploads\/2025\/06\/IMG_9935-768x576.jpeg 768w, https:\/\/www.lespetitsbaroudeurs.com\/blog\/wp-content\/uploads\/2025\/06\/IMG_9935.jpeg 1280w\" sizes=\"(max-width: 1024px) 100vw, 1024px\" \/><\/figure>\n\n\n\n<h2>Pourquoi partir en voyage \u00e0 v\u00e9lo \u00e9lectrique en famille ?<\/h2>\n\n\n\n<ul><li>\u00c7a permet de p\u00e9daler tous ensemble, peu importe l\u2019\u00e2ge ou la condition physique<\/li><li>L\u2019assistance \u00e9lectrique rend l\u2019aventure accessible, m\u00eame sur des itin\u00e9raires avec du relief<\/li><li>L\u2019itin\u00e9rance \u00e0 v\u00e9lo offre une vraie sensation de libert\u00e9 et de d\u00e9couverte<\/li><\/ul>\n\n\n\n<p>Et surtout\u2026 parce que les <strong>ados adorent<\/strong> quand on leur propose une aventure un peu d\u00e9cal\u00e9e (surtout quand elle finit sous les \u00e9toiles)<\/p>\n\n\n\n<h2>Ce qu\u2019on a ador\u00e9 (et nos ados aussi !)<\/h2>\n\n\n\n<h3><strong>Coup de c\u0153ur des parents<\/strong><\/h3>\n\n\n\n<ul><li>Le plaisir simple de <strong>p\u00e9daler tous ensemble<\/strong>, en famille<\/li><li>Les pique-niques sur les plateaux, surtout celui vers <strong>les fonds de Vassieux<\/strong>, magique !<\/li><li>Le principe de l\u2019<strong>itin\u00e9rance douce<\/strong>, qu\u2019on aime toujours autant : partir, avancer, d\u00e9couvrir, s\u2019\u00e9merveiller<\/li><\/ul>\n\n\n\n<h3><strong>Coup de c\u0153ur des ados<\/strong><\/h3>\n\n\n\n<ul><li><strong>Dormir \u00e0 la belle \u00e9toile<\/strong>, parce qu\u2019\u00e0 13 ans, \u00e7a reste une aventure (et un peu la classe aussi)<\/li><li>La <strong>visite de la grotte<\/strong> fa\u00e7on explorateurs<\/li><li>Et surtout\u2026 le <strong>fun des chemins en VTT<\/strong> : descendre, sauter, zigzaguer \u2013 en \u00e9lectrique, tout devient plus cool !<\/li><\/ul>\n\n\n\n<h2>R\u00e9cit de notre voyage \u00e0 v\u00e9lo \u00e9lectrique en famille dans le Vercors<\/h2>\n\n\n\n<h3><strong>Jour 1 \u2013 De Die \u00e0 Ombl\u00e8ze | 55 km<\/strong><\/h3>\n\n\n\n<p>On commence notre <strong>voyage \u00e0 v\u00e9lo \u00e9lectrique en famille<\/strong> \u00e0 <strong>Die<\/strong>. C\u2019est jour de march\u00e9 \u2013 parfait pour faire le plein de produits locaux et bio (le Diois est LA r\u00e9gion bio de France, rien que \u00e7a !). Pain croustillant, fromage du coin, fruits juteux : le pique-nique du jour est assur\u00e9.<\/p>\n\n\n\n<p>Brief v\u00e9lo au camp de base, installation de nos sacoches, chargement du chien (oui, lui aussi fait partie du voyage), et c\u2019est parti pour l\u2019aventure !<\/p>\n\n\n\n<p>On p\u00e9dale d\u2019abord jusqu\u2019au charmant village perch\u00e9 de <strong>Marignac-en-Diois<\/strong>, puis on traverse la <strong>vall\u00e9e de Quint<\/strong>, entre montagnes alpines et accents de Provence. Pause gourdes et bataille d\u2019eau improvis\u00e9e \u00e0 <strong>Chamaloc<\/strong> : on est officiellement en vacances.<\/p>\n\n\n\n<figure class=\"wp-block-image size-large\"><img loading=\"lazy\" width=\"1024\" height=\"768\" src=\"https:\/\/www.lespetitsbaroudeurs.com\/blog\/wp-content\/uploads\/2025\/06\/IMG_9926-1024x768.jpeg\" alt=\"\" class=\"wp-image-11538\" srcset=\"https:\/\/www.lespetitsbaroudeurs.com\/blog\/wp-content\/uploads\/2025\/06\/IMG_9926-1024x768.jpeg 1024w, https:\/\/www.lespetitsbaroudeurs.com\/blog\/wp-content\/uploads\/2025\/06\/IMG_9926-300x225.jpeg 300w, https:\/\/www.lespetitsbaroudeurs.com\/blog\/wp-content\/uploads\/2025\/06\/IMG_9926-768x576.jpeg 768w, https:\/\/www.lespetitsbaroudeurs.com\/blog\/wp-content\/uploads\/2025\/06\/IMG_9926.jpeg 1280w\" sizes=\"(max-width: 1024px) 100vw, 1024px\" \/><\/figure>\n\n\n\n<p>On grimpe (doucement gr\u00e2ce \u00e0 l\u2019\u00e9lectrique \ud83d\ude0e) jusqu\u2019au <strong>col de la Croix<\/strong>, puis descente tranquille vers <strong>Escoulin<\/strong> et <strong>Beaufort-sur-Gervanne<\/strong>, o\u00f9 on fait une halte gourmande \u00e0 la <strong>chocolaterie artisanale locale<\/strong>. Non seulement on apprend un tas de choses sur la fabrication du chocolat, mais surtout, on go\u00fbte des saveurs incroyables. On repart avec une bonne r\u00e9serve pour les jours \u00e0 venir.<\/p>\n\n\n\n<figure class=\"wp-block-gallery columns-2 is-cropped\"><ul class=\"blocks-gallery-grid\"><li class=\"blocks-gallery-item\"><figure><img loading=\"lazy\" width=\"768\" height=\"1024\" src=\"https:\/\/www.lespetitsbaroudeurs.com\/blog\/wp-content\/uploads\/2025\/06\/IMG_9977-768x1024.jpeg\" alt=\"\" data-id=\"11541\" data-full-url=\"https:\/\/www.lespetitsbaroudeurs.com\/blog\/wp-content\/uploads\/2025\/06\/IMG_9977.jpeg\" data-link=\"https:\/\/www.lespetitsbaroudeurs.com\/blog\/?attachment_id=11541\" class=\"wp-image-11541\" srcset=\"https:\/\/www.lespetitsbaroudeurs.com\/blog\/wp-content\/uploads\/2025\/06\/IMG_9977-768x1024.jpeg 768w, https:\/\/www.lespetitsbaroudeurs.com\/blog\/wp-content\/uploads\/2025\/06\/IMG_9977-225x300.jpeg 225w, https:\/\/www.lespetitsbaroudeurs.com\/blog\/wp-content\/uploads\/2025\/06\/IMG_9977.jpeg 960w\" sizes=\"(max-width: 768px) 100vw, 768px\" \/><\/figure><\/li><li class=\"blocks-gallery-item\"><figure><img loading=\"lazy\" width=\"768\" height=\"1024\" src=\"https:\/\/www.lespetitsbaroudeurs.com\/blog\/wp-content\/uploads\/2025\/06\/IMG_9987-768x1024.jpeg\" alt=\"\" data-id=\"11542\" data-full-url=\"https:\/\/www.lespetitsbaroudeurs.com\/blog\/wp-content\/uploads\/2025\/06\/IMG_9987.jpeg\" data-link=\"https:\/\/www.lespetitsbaroudeurs.com\/blog\/?attachment_id=11542\" class=\"wp-image-11542\" srcset=\"https:\/\/www.lespetitsbaroudeurs.com\/blog\/wp-content\/uploads\/2025\/06\/IMG_9987-768x1024.jpeg 768w, https:\/\/www.lespetitsbaroudeurs.com\/blog\/wp-content\/uploads\/2025\/06\/IMG_9987-225x300.jpeg 225w, https:\/\/www.lespetitsbaroudeurs.com\/blog\/wp-content\/uploads\/2025\/06\/IMG_9987.jpeg 960w\" sizes=\"(max-width: 768px) 100vw, 768px\" \/><\/figure><\/li><\/ul><\/figure>\n\n\n\n<p>On termine la journ\u00e9e en beaut\u00e9 par les <strong>gorges d\u2019Ombl\u00e8ze<\/strong>, avant d\u2019arriver \u00e0 la <strong>Ferme du Pescher<\/strong>, nich\u00e9e sur un plateau. Au programme : une adorable roulotte, des hamacs pour les ados, et des ch\u00e8vres et poules pour les plus petits. Un vrai havre de paix, comme on les aime.<\/p>\n\n\n\n<figure class=\"wp-block-gallery columns-2 is-cropped\"><ul class=\"blocks-gallery-grid\"><li class=\"blocks-gallery-item\"><figure><img loading=\"lazy\" width=\"1024\" height=\"768\" src=\"https:\/\/www.lespetitsbaroudeurs.com\/blog\/wp-content\/uploads\/2025\/06\/IMG_0036-1024x768.jpeg\" alt=\"\" data-id=\"11529\" data-full-url=\"https:\/\/www.lespetitsbaroudeurs.com\/blog\/wp-content\/uploads\/2025\/06\/IMG_0036.jpeg\" data-link=\"https:\/\/www.lespetitsbaroudeurs.com\/blog\/?attachment_id=11529\" class=\"wp-image-11529\" srcset=\"https:\/\/www.lespetitsbaroudeurs.com\/blog\/wp-content\/uploads\/2025\/06\/IMG_0036-1024x768.jpeg 1024w, https:\/\/www.lespetitsbaroudeurs.com\/blog\/wp-content\/uploads\/2025\/06\/IMG_0036-300x225.jpeg 300w, https:\/\/www.lespetitsbaroudeurs.com\/blog\/wp-content\/uploads\/2025\/06\/IMG_0036-768x576.jpeg 768w, https:\/\/www.lespetitsbaroudeurs.com\/blog\/wp-content\/uploads\/2025\/06\/IMG_0036.jpeg 1280w\" sizes=\"(max-width: 1024px) 100vw, 1024px\" \/><\/figure><\/li><li class=\"blocks-gallery-item\"><figure><img loading=\"lazy\" width=\"768\" height=\"1024\" src=\"https:\/\/www.lespetitsbaroudeurs.com\/blog\/wp-content\/uploads\/2025\/06\/IMG_0001-768x1024.jpeg\" alt=\"\" data-id=\"11528\" data-full-url=\"https:\/\/www.lespetitsbaroudeurs.com\/blog\/wp-content\/uploads\/2025\/06\/IMG_0001.jpeg\" data-link=\"https:\/\/www.lespetitsbaroudeurs.com\/blog\/?attachment_id=11528\" class=\"wp-image-11528\" srcset=\"https:\/\/www.lespetitsbaroudeurs.com\/blog\/wp-content\/uploads\/2025\/06\/IMG_0001-768x1024.jpeg 768w, https:\/\/www.lespetitsbaroudeurs.com\/blog\/wp-content\/uploads\/2025\/06\/IMG_0001-225x300.jpeg 225w, https:\/\/www.lespetitsbaroudeurs.com\/blog\/wp-content\/uploads\/2025\/06\/IMG_0001.jpeg 960w\" sizes=\"(max-width: 768px) 100vw, 768px\" \/><\/figure><\/li><\/ul><\/figure>\n\n\n\n<h3><strong>Jour 2 \u2013 D\u2019Ombl\u00e8ze au col de la Machine | 50 km<\/strong><\/h3>\n\n\n\n<p>Pas facile de quitter la roulotte au petit matin\u2026 mais la suite du programme vaut le coup ! On part en direction du <strong>massif du Vellan<\/strong>, par un joli chemin de campagne. \u00c0 la <strong>Croix du Vellan<\/strong>, le panorama est \u00e0 couper le souffle.<\/p>\n\n\n\n<p>On grimpe, on grimpe (vive l\u2019assistance \u00e9lectrique !) jusqu\u2019au hameau de la <strong>Vacherie<\/strong>, puis au village de <strong>L\u00e9oncel<\/strong>. Mais au lieu de nous arr\u00eater l\u00e0, on pousse jusqu\u2019au <strong>col de la Bataille<\/strong> : 1 313 m d\u2019altitude et une vue <em>waouh<\/em> au sommet.<\/p>\n\n\n\n<figure class=\"wp-block-image size-large\"><img loading=\"lazy\" width=\"1024\" height=\"768\" src=\"https:\/\/www.lespetitsbaroudeurs.com\/blog\/wp-content\/uploads\/2025\/06\/IMG_3715-1024x768.jpeg\" alt=\"\" class=\"wp-image-11535\" srcset=\"https:\/\/www.lespetitsbaroudeurs.com\/blog\/wp-content\/uploads\/2025\/06\/IMG_3715-1024x768.jpeg 1024w, https:\/\/www.lespetitsbaroudeurs.com\/blog\/wp-content\/uploads\/2025\/06\/IMG_3715-300x225.jpeg 300w, https:\/\/www.lespetitsbaroudeurs.com\/blog\/wp-content\/uploads\/2025\/06\/IMG_3715-768x576.jpeg 768w, https:\/\/www.lespetitsbaroudeurs.com\/blog\/wp-content\/uploads\/2025\/06\/IMG_3715.jpeg 1280w\" sizes=\"(max-width: 1024px) 100vw, 1024px\" \/><\/figure>\n\n\n\n<p>On descend tranquillement, en s\u2019arr\u00eatant \u00e0 chaque belv\u00e9d\u00e8re (oui, tous). Arriv\u00e9e en fin de journ\u00e9e au <strong>col de la Machine<\/strong>, dans un h\u00f4tel-auberge \u00e0 l\u2019ambiance coop\u00e9rative et chaleureuse. On se r\u00e9gale de <strong>bons petits plats locaux<\/strong>, pendant que les enfants profitent de la piscine avec vue sur les alpages. Le bonheur, tout simplement.<\/p>\n\n\n\n<figure class=\"wp-block-gallery columns-2 is-cropped\"><ul class=\"blocks-gallery-grid\"><li class=\"blocks-gallery-item\"><figure><img loading=\"lazy\" width=\"768\" height=\"1024\" src=\"https:\/\/www.lespetitsbaroudeurs.com\/blog\/wp-content\/uploads\/2025\/06\/IMG_0088-768x1024.jpeg\" alt=\"\" data-id=\"11530\" data-full-url=\"https:\/\/www.lespetitsbaroudeurs.com\/blog\/wp-content\/uploads\/2025\/06\/IMG_0088.jpeg\" data-link=\"https:\/\/www.lespetitsbaroudeurs.com\/blog\/?attachment_id=11530\" class=\"wp-image-11530\" srcset=\"https:\/\/www.lespetitsbaroudeurs.com\/blog\/wp-content\/uploads\/2025\/06\/IMG_0088-768x1024.jpeg 768w, https:\/\/www.lespetitsbaroudeurs.com\/blog\/wp-content\/uploads\/2025\/06\/IMG_0088-225x300.jpeg 225w, https:\/\/www.lespetitsbaroudeurs.com\/blog\/wp-content\/uploads\/2025\/06\/IMG_0088.jpeg 960w\" sizes=\"(max-width: 768px) 100vw, 768px\" \/><\/figure><\/li><li class=\"blocks-gallery-item\"><figure><img loading=\"lazy\" width=\"768\" height=\"1024\" src=\"https:\/\/www.lespetitsbaroudeurs.com\/blog\/wp-content\/uploads\/2025\/06\/IMG_3752-768x1024.jpeg\" alt=\"\" data-id=\"11536\" data-full-url=\"https:\/\/www.lespetitsbaroudeurs.com\/blog\/wp-content\/uploads\/2025\/06\/IMG_3752.jpeg\" data-link=\"https:\/\/www.lespetitsbaroudeurs.com\/blog\/?attachment_id=11536\" class=\"wp-image-11536\" srcset=\"https:\/\/www.lespetitsbaroudeurs.com\/blog\/wp-content\/uploads\/2025\/06\/IMG_3752-768x1024.jpeg 768w, https:\/\/www.lespetitsbaroudeurs.com\/blog\/wp-content\/uploads\/2025\/06\/IMG_3752-225x300.jpeg 225w, https:\/\/www.lespetitsbaroudeurs.com\/blog\/wp-content\/uploads\/2025\/06\/IMG_3752.jpeg 960w\" sizes=\"(max-width: 768px) 100vw, 768px\" \/><\/figure><\/li><\/ul><\/figure>\n\n\n\n<h3><strong>Jour 3 \u2013 Du col de la Machine \u00e0 Vassieux-en-Vercors | 35 km<\/strong><\/h3>\n\n\n\n<p>Ce matin, direction <strong>Font d\u2019Urle<\/strong> par la <strong>Pelouse de Bournette<\/strong>, \u00e0 travers la <strong>for\u00eat de la Lente<\/strong> : grande, verte, magnifique. On roule sur des pistes foresti\u00e8res tranquilles, berc\u00e9s par le chant des oiseaux.<\/p>\n\n\n\n<figure class=\"wp-block-image size-large\"><img loading=\"lazy\" width=\"1024\" height=\"768\" src=\"https:\/\/www.lespetitsbaroudeurs.com\/blog\/wp-content\/uploads\/2025\/06\/IMG_0182-1024x768.jpeg\" alt=\"\" class=\"wp-image-11531\" srcset=\"https:\/\/www.lespetitsbaroudeurs.com\/blog\/wp-content\/uploads\/2025\/06\/IMG_0182-1024x768.jpeg 1024w, https:\/\/www.lespetitsbaroudeurs.com\/blog\/wp-content\/uploads\/2025\/06\/IMG_0182-300x225.jpeg 300w, https:\/\/www.lespetitsbaroudeurs.com\/blog\/wp-content\/uploads\/2025\/06\/IMG_0182-768x576.jpeg 768w, https:\/\/www.lespetitsbaroudeurs.com\/blog\/wp-content\/uploads\/2025\/06\/IMG_0182.jpeg 1280w\" sizes=\"(max-width: 1024px) 100vw, 1024px\" \/><\/figure>\n\n\n\n<p>Avec les enfants, on pousse un peu plus loin jusqu\u2019aux <strong>fonds du Vercors<\/strong>, pr\u00e8s de <strong>Vassieux<\/strong> : une \u00e9tendue sauvage et spectaculaire, notre coup de c\u0153ur de tout le s\u00e9jour. Puis on pique-nique face aux montagnes, on joue, on r\u00eave, on tra\u00eene. Il faudra pourtant repartir\u2026<\/p>\n\n\n\n<p>Mais la r\u00e9compense de la journ\u00e9e est \u00e0 venir : <strong>une nuit dans un ranch<\/strong>. Notre tente sur plateforme est pr\u00eate, mais on ne r\u00e9siste pas \u00e0 l\u2019appel des \u00e9toiles. Ce soir, on <strong>dort dehors<\/strong>, sacs de couchage au sol, avec la <strong>Voie lact\u00e9e<\/strong> pour seul plafond. Moment suspendu. Magique.<\/p>\n\n\n\n<figure class=\"wp-block-image size-large\"><img loading=\"lazy\" width=\"1024\" height=\"768\" src=\"https:\/\/www.lespetitsbaroudeurs.com\/blog\/wp-content\/uploads\/2025\/06\/IMG_0270-1024x768.jpeg\" alt=\"\" class=\"wp-image-11532\" srcset=\"https:\/\/www.lespetitsbaroudeurs.com\/blog\/wp-content\/uploads\/2025\/06\/IMG_0270-1024x768.jpeg 1024w, https:\/\/www.lespetitsbaroudeurs.com\/blog\/wp-content\/uploads\/2025\/06\/IMG_0270-300x225.jpeg 300w, https:\/\/www.lespetitsbaroudeurs.com\/blog\/wp-content\/uploads\/2025\/06\/IMG_0270-768x576.jpeg 768w, https:\/\/www.lespetitsbaroudeurs.com\/blog\/wp-content\/uploads\/2025\/06\/IMG_0270.jpeg 1280w\" sizes=\"(max-width: 1024px) 100vw, 1024px\" \/><\/figure>\n\n\n\n<h3><strong>Jour 4 \u2013 De Vassieux \u00e0 Die | 50 km<\/strong><\/h3>\n\n\n\n<p>Derni\u00e8re \u00e9tape de notre <strong>voyage en v\u00e9lo \u00e9lectrique en famille<\/strong>, dernier jour, mais pas des moindres : direction la <strong>grotte de la Luire<\/strong> pour une <strong>visite guid\u00e9e insolite<\/strong>. Apr\u00e8s avoir fabriqu\u00e9 nos bougies (oui, comme au Moyen \u00c2ge !), on suit notre guide dans l\u2019univers souterrain de la grotte, entre myst\u00e8res hydrologiques, histoire du maquis et jeux de lumi\u00e8re impressionnants. Les enfants adorent.<\/p>\n\n\n\n<figure class=\"wp-block-gallery columns-2 is-cropped\"><ul class=\"blocks-gallery-grid\"><li class=\"blocks-gallery-item\"><figure><img loading=\"lazy\" width=\"768\" height=\"1024\" src=\"https:\/\/www.lespetitsbaroudeurs.com\/blog\/wp-content\/uploads\/2025\/06\/IMG_0297-768x1024.jpeg\" alt=\"\" data-id=\"11534\" data-full-url=\"https:\/\/www.lespetitsbaroudeurs.com\/blog\/wp-content\/uploads\/2025\/06\/IMG_0297.jpeg\" data-link=\"https:\/\/www.lespetitsbaroudeurs.com\/blog\/?attachment_id=11534\" class=\"wp-image-11534\" srcset=\"https:\/\/www.lespetitsbaroudeurs.com\/blog\/wp-content\/uploads\/2025\/06\/IMG_0297-768x1024.jpeg 768w, https:\/\/www.lespetitsbaroudeurs.com\/blog\/wp-content\/uploads\/2025\/06\/IMG_0297-225x300.jpeg 225w, https:\/\/www.lespetitsbaroudeurs.com\/blog\/wp-content\/uploads\/2025\/06\/IMG_0297.jpeg 960w\" sizes=\"(max-width: 768px) 100vw, 768px\" \/><\/figure><\/li><li class=\"blocks-gallery-item\"><figure><img loading=\"lazy\" width=\"768\" height=\"1024\" src=\"https:\/\/www.lespetitsbaroudeurs.com\/blog\/wp-content\/uploads\/2025\/06\/IMG_0275-768x1024.jpeg\" alt=\"\" data-id=\"11533\" data-full-url=\"https:\/\/www.lespetitsbaroudeurs.com\/blog\/wp-content\/uploads\/2025\/06\/IMG_0275.jpeg\" data-link=\"https:\/\/www.lespetitsbaroudeurs.com\/blog\/?attachment_id=11533\" class=\"wp-image-11533\" srcset=\"https:\/\/www.lespetitsbaroudeurs.com\/blog\/wp-content\/uploads\/2025\/06\/IMG_0275-768x1024.jpeg 768w, https:\/\/www.lespetitsbaroudeurs.com\/blog\/wp-content\/uploads\/2025\/06\/IMG_0275-225x300.jpeg 225w, https:\/\/www.lespetitsbaroudeurs.com\/blog\/wp-content\/uploads\/2025\/06\/IMG_0275.jpeg 960w\" sizes=\"(max-width: 768px) 100vw, 768px\" \/><\/figure><\/li><\/ul><\/figure>\n\n\n\n<p>On remonte une derni\u00e8re fois au <strong>col du Rousset<\/strong>, puis c\u2019est la <strong>grande descente<\/strong> vers <strong>Chamaloc<\/strong>, cheveux au vent. Un dernier souffle de <strong>lavande sauvage<\/strong>, et nous revoil\u00e0 \u00e0 <strong>Die<\/strong>, le c\u0153ur un peu serr\u00e9\u2026 mais les jambes pleines de kilom\u00e8tres de souvenirs.<\/p>\n\n\n\n<h3><strong>Verdict : on signe o\u00f9 pour le prochain ?<\/strong><\/h3>\n\n\n\n<p>En 4 jours, on a eu l\u2019impression de <strong>partir tr\u00e8s loin<\/strong>, sans aller si loin. Des paysages grandioses, une aventure douce, de vrais moments partag\u00e9s\u2026 et le tout <strong>\u00e0 v\u00e9lo \u00e9lectrique<\/strong>, donc sans r\u00e2leries, sans \u00ab\u00a0j\u2019ai mal aux jambes\u00a0\u00bb, sans \u00ab\u00a0c\u2019est quand qu\u2019on arrive ?\u00a0\u00bb.<\/p>\n\n\n\n<p>Merci \u00e0 <strong>Chemins Voyages<\/strong> pour cette parenth\u00e8se enchant\u00e9e.<br>On repart quand vous voulez !<\/p>\n","protected":false},"excerpt":{"rendered":"<p>On avait mis un peu de c\u00f4t\u00e9 les vacances \u00e0 v\u00e9lo depuis quelques ann\u00e9es\u2026 Apr\u00e8s plusieurs \u00e9t\u00e9s \u00e0 p\u00e9daler avec nos petits (\u00e0 l\u2019\u00e9poque !), \u00e0 explorer la Camargue, la Suisse ou encore le Haut Languedoc, on \u00e9tait revenus \u00e0 nos premi\u00e8res amours : la rando en itin\u00e9rance.Mais quand Alexandre de Chemins Voyages nous a [&hellip;]<\/p>\n","protected":false},"author":36,"featured_media":11527,"comment_status":"open","ping_status":"open","sticky":true,"template":"","format":"standard","meta":[],"categories":[153,149],"tags":[],"yoast_head":"<!-- This site is optimized with the Yoast SEO plugin v14.9 - https:\/\/yoast.com\/wordpress\/plugins\/seo\/ -->\n<title>Voyage \u00e0 v\u00e9lo \u00e9lectrique en famille : 4 jours dans le Vercors - Les Petits Baroudeurs<\/title>\n<meta name=\"description\" content=\"4 jours de voyage en v\u00e9lo \u00e9lectrique en famille dans le Vercors : paysages grandioses, nuits insolites et complicit\u00e9 retrouv\u00e9e avec nos ados\" \/>\n<meta name=\"robots\" content=\"index, follow, max-snippet:-1, max-image-preview:large, max-video-preview:-1\" \/>\n<link rel=\"canonical\" href=\"https:\/\/www.lespetitsbaroudeurs.com\/blog\/voyage-a-velo-electrique-en-famille-4-jours-dans-le-vercors\/\" \/>\n<meta property=\"og:locale\" content=\"fr_FR\" \/>\n<meta property=\"og:type\" content=\"article\" \/>\n<meta property=\"og:title\" content=\"Voyage \u00e0 v\u00e9lo \u00e9lectrique en famille : 4 jours dans le Vercors - Les Petits Baroudeurs\" \/>\n<meta property=\"og:description\" content=\"4 jours de voyage en v\u00e9lo \u00e9lectrique en famille dans le Vercors : paysages grandioses, nuits insolites et complicit\u00e9 retrouv\u00e9e avec nos ados\" \/>\n<meta property=\"og:url\" content=\"https:\/\/www.lespetitsbaroudeurs.com\/blog\/voyage-a-velo-electrique-en-famille-4-jours-dans-le-vercors\/\" \/>\n<meta property=\"og:site_name\" content=\"Les Petits Baroudeurs\" \/>\n<meta property=\"article:publisher\" content=\"https:\/\/www.facebook.com\/lespetitsbaroudeurs\/\" \/>\n<meta property=\"article:published_time\" content=\"2025-06-12T15:51:04+00:00\" \/>\n<meta property=\"article:modified_time\" content=\"2025-06-12T15:52:02+00:00\" \/>\n<meta property=\"og:image\" content=\"https:\/\/www.lespetitsbaroudeurs.com\/blog\/wp-content\/uploads\/2025\/06\/LPB-Site2020-GabaritBlog-1.psd.jpg\" \/>\n\t<meta property=\"og:image:width\" content=\"1136\" \/>\n\t<meta property=\"og:image:height\" content=\"530\" \/>\n<meta name=\"twitter:card\" content=\"summary_large_image\" \/>\n<script type=\"application\/ld+json\" class=\"yoast-schema-graph\">{\"@context\":\"https:\/\/schema.org\",\"@graph\":[{\"@type\":\"WebSite\",\"@id\":\"https:\/\/www.lespetitsbaroudeurs.com\/blog\/#website\",\"url\":\"https:\/\/www.lespetitsbaroudeurs.com\/blog\/\",\"name\":\"Les Petits Baroudeurs\",\"description\":\"Le Blog de l&#039;aventure en famille !\",\"potentialAction\":[{\"@type\":\"SearchAction\",\"target\":\"https:\/\/www.lespetitsbaroudeurs.com\/blog\/?s={search_term_string}\",\"query-input\":\"required name=search_term_string\"}],\"inLanguage\":\"fr-FR\"},{\"@type\":\"ImageObject\",\"@id\":\"https:\/\/www.lespetitsbaroudeurs.com\/blog\/voyage-a-velo-electrique-en-famille-4-jours-dans-le-vercors\/#primaryimage\",\"inLanguage\":\"fr-FR\",\"url\":\"https:\/\/www.lespetitsbaroudeurs.com\/blog\/wp-content\/uploads\/2025\/06\/LPB-Site2020-GabaritBlog-1.psd.jpg\",\"width\":1136,\"height\":530},{\"@type\":\"WebPage\",\"@id\":\"https:\/\/www.lespetitsbaroudeurs.com\/blog\/voyage-a-velo-electrique-en-famille-4-jours-dans-le-vercors\/#webpage\",\"url\":\"https:\/\/www.lespetitsbaroudeurs.com\/blog\/voyage-a-velo-electrique-en-famille-4-jours-dans-le-vercors\/\",\"name\":\"Voyage \\u00e0 v\\u00e9lo \\u00e9lectrique en famille : 4 jours dans le Vercors - Les Petits Baroudeurs\",\"isPartOf\":{\"@id\":\"https:\/\/www.lespetitsbaroudeurs.com\/blog\/#website\"},\"primaryImageOfPage\":{\"@id\":\"https:\/\/www.lespetitsbaroudeurs.com\/blog\/voyage-a-velo-electrique-en-famille-4-jours-dans-le-vercors\/#primaryimage\"},\"author\":{\"@id\":\"https:\/\/www.lespetitsbaroudeurs.com\/blog\/#\/schema\/person\/074061ec8b5473878afb9cce3c002d69\"},\"description\":\"4 jours de voyage en v\\u00e9lo \\u00e9lectrique en famille dans le Vercors : paysages grandioses, nuits insolites et complicit\\u00e9 retrouv\\u00e9e avec nos ados\",\"inLanguage\":\"fr-FR\",\"potentialAction\":[{\"@type\":\"ReadAction\",\"target\":[\"https:\/\/www.lespetitsbaroudeurs.com\/blog\/voyage-a-velo-electrique-en-famille-4-jours-dans-le-vercors\/\"]}]},{\"@type\":\"Person\",\"@id\":\"https:\/\/www.lespetitsbaroudeurs.com\/blog\/#\/schema\/person\/074061ec8b5473878afb9cce3c002d69\",\"name\":\"C\\u00e9line Lacombe\",\"image\":{\"@type\":\"ImageObject\",\"@id\":\"https:\/\/www.lespetitsbaroudeurs.com\/blog\/#personlogo\",\"inLanguage\":\"fr-FR\",\"url\":\"https:\/\/secure.gravatar.com\/avatar\/f3196c6923379068e921575c340f8486?s=96&d=mm&r=g\",\"caption\":\"C\\u00e9line Lacombe\"},\"description\":\"Amoureuse des montagnes et des voyages, C\\u00e9line est heureuse dans sa tribu familiale avec ses mini baroudeurs et son homme. La cr\\u00e9ation des Petits Baroudeurs est la suite logique de sa passion pour sa famille et pour l'outdoor.\"}]}<\/script>\n<!-- \/ Yoast SEO plugin. -->","_links":{"self":[{"href":"https:\/\/www.lespetitsbaroudeurs.com\/blog\/wp-json\/wp\/v2\/posts\/11518"}],"collection":[{"href":"https:\/\/www.lespetitsbaroudeurs.com\/blog\/wp-json\/wp\/v2\/posts"}],"about":[{"href":"https:\/\/www.lespetitsbaroudeurs.com\/blog\/wp-json\/wp\/v2\/types\/post"}],"author":[{"embeddable":true,"href":"https:\/\/www.lespetitsbaroudeurs.com\/blog\/wp-json\/wp\/v2\/users\/36"}],"replies":[{"embeddable":true,"href":"https:\/\/www.lespetitsbaroudeurs.com\/blog\/wp-json\/wp\/v2\/comments?post=11518"}],"version-history":[{"count":7,"href":"https:\/\/www.lespetitsbaroudeurs.com\/blog\/wp-json\/wp\/v2\/posts\/11518\/revisions"}],"predecessor-version":[{"id":11544,"href":"https:\/\/www.lespetitsbaroudeurs.com\/blog\/wp-json\/wp\/v2\/posts\/11518\/revisions\/11544"}],"wp:featuredmedia":[{"embeddable":true,"href":"https:\/\/www.lespetitsbaroudeurs.com\/blog\/wp-json\/wp\/v2\/media\/11527"}],"wp:attachment":[{"href":"https:\/\/www.lespetitsbaroudeurs.com\/blog\/wp-json\/wp\/v2\/media?parent=11518"}],"wp:term":[{"taxonomy":"category","embeddable":true,"href":"https:\/\/www.lespetitsbaroudeurs.com\/blog\/wp-json\/wp\/v2\/categories?post=11518"},{"taxonomy":"post_tag","embeddable":true,"href":"https:\/\/www.lespetitsbaroudeurs.com\/blog\/wp-json\/wp\/v2\/tags?post=11518"}],"curies":[{"name":"wp","href":"https:\/\/api.w.org\/{rel}","templated":true}]}}