{"id":11546,"date":"2025-06-23T17:00:20","date_gmt":"2025-06-23T15:00:20","guid":{"rendered":"https:\/\/www.lespetitsbaroudeurs.com\/blog\/?p=11546"},"modified":"2025-06-23T09:35:43","modified_gmt":"2025-06-23T07:35:43","slug":"un-week-end-en-ete-a-la-clusaz","status":"publish","type":"post","link":"https:\/\/www.lespetitsbaroudeurs.com\/blog\/un-week-end-en-ete-a-la-clusaz\/","title":{"rendered":"Un week-end en \u00e9t\u00e9 \u00e0 la Clusaz"},"content":{"rendered":"\n<p><em>Les Sanchez, c&rsquo;est une famille pleine de vie, toujours pr\u00eate \u00e0 partir \u00e0 l\u2019aventure. Ensemble, ils aiment d\u00e9couvrir de nouveaux horizons et partager des moments simples en famille\u2026 ! Ils nous proposent ici un week-end en \u00e9t\u00e9 \u00e0 la Clusaz.<\/em><\/p>\n\n\n\n<p>Cette micro-aventure a \u00e9t\u00e9 r\u00e9alis\u00e9e avec France Montagnes et le <a href=\"https:\/\/www.france-montagnes.com\/experiences\/famille-plus-le-label-des-vacances-pour-petits-et-grands\/\" target=\"_blank\" rel=\"noreferrer noopener\">label Famille Plus<\/a>,  qui labellise les stations de montagne en France o\u00f9 tout est fait pour s\u2019adapter aux familles qui souhaitent passer des vacances dehors et profiter de la nature.<\/p>\n\n\n\n<h2>Un week-end en \u00e9t\u00e9 \u00e0 la Clusaz en bref<\/h2>\n\n\n\n<ul><li>Le samedi : balade en VTT \u00e9lectrique dans la montagne, visite d\u2019une ferme avec d\u00e9gustation de reblochon &amp; tomme, puis fous rires en luge d\u2019\u00e9t\u00e9 et d\u00eener en plein centre du village !<\/li><li>Dimanche : tour du lac des Confins avec \u201cBotanico\u201d, un passionn\u00e9 de flore alpine ! qui nous a fait d\u00e9couvrir des plantes comestibles (Plantain, Epic\u00e9a, etc\u2026). On a termin\u00e9 en beaut\u00e9 avec une d\u00e9licieuse tartiflette dans un restaurant au coeur du village !<\/li><\/ul>\n\n\n\n<figure class=\"wp-block-image size-large\"><img loading=\"lazy\" width=\"1024\" height=\"683\" src=\"https:\/\/www.lespetitsbaroudeurs.com\/blog\/wp-content\/uploads\/2025\/06\/Un-week-end-en-ete-a-la-Clusaz-1.jpg\" alt=\"\" class=\"wp-image-11556\" srcset=\"https:\/\/www.lespetitsbaroudeurs.com\/blog\/wp-content\/uploads\/2025\/06\/Un-week-end-en-ete-a-la-Clusaz-1.jpg 1024w, https:\/\/www.lespetitsbaroudeurs.com\/blog\/wp-content\/uploads\/2025\/06\/Un-week-end-en-ete-a-la-Clusaz-1-300x200.jpg 300w, https:\/\/www.lespetitsbaroudeurs.com\/blog\/wp-content\/uploads\/2025\/06\/Un-week-end-en-ete-a-la-Clusaz-1-768x512.jpg 768w\" sizes=\"(max-width: 1024px) 100vw, 1024px\" \/><\/figure>\n\n\n\n<h2>Un week-end en \u00e9t\u00e9 \u00e0 la Clusaz en d\u00e9tails<\/h2>\n\n\n\n<p>Le temps d\u2019un week-end, nous avons quitt\u00e9 le tumulte de notre quotidien Lyonnais pour nous \u00e9vader en famille \u00e0 La Clusaz ! Avec mon mari et nos deux filles de 12 et 9 ans, nous avons savour\u00e9 deux jours intenses, riches en d\u00e9couvertes, en nature et \u00e9galement en gourmandises !<\/p>\n\n\n\n<h3>Jour 1 : Nature, sensations et terroir<\/h3>\n\n\n\n<p>Nous sommes arriv\u00e9s \u00e0 La Clusaz en milieu de matin\u00e9e, impatients de profiter de l\u2019air pur et des paysages alpins. Avant de r\u00e9cup\u00e9rer nos VTT, nous avons d\u00e9pos\u00e9 nos affaires \u00e0 l\u2019H\u00f4tel \u00ab Le Christiania \u00bb et r\u00e9cup\u00e9r\u00e9 nos g\u00e9n\u00e9reux piques niques !<\/p>\n\n\n\n<h4>Balade et sensations en VTTs \u00e9lectriques<\/h4>\n\n\n\n<p>Pour bien commencer notre s\u00e9jour, nous avons r\u00e9cup\u00e9r\u00e9 nos VTT \u00e9lectriques. C&rsquo;est parti pour une d\u00e9couverte des sentiers de montagne sans trop d&rsquo;efforts. Et une mention sp\u00e9ciale pour le mode \u00ab rouge : mode boost \u00bb, le mode pr\u00e9f\u00e9r\u00e9 de notre pr\u00e9 ado !. Les filles ont ador\u00e9 l\u2019exp\u00e9rience, entre mont\u00e9es douces (enfin c\u2019est juste une impression !) et descentes pleines de sensations.<\/p>\n\n\n\n<figure class=\"wp-block-image size-large\"><img loading=\"lazy\" width=\"1024\" height=\"683\" src=\"https:\/\/www.lespetitsbaroudeurs.com\/blog\/wp-content\/uploads\/2025\/06\/Un-week-end-en-ete-a-la-Clusaz-3.jpg\" alt=\"\" class=\"wp-image-11558\" srcset=\"https:\/\/www.lespetitsbaroudeurs.com\/blog\/wp-content\/uploads\/2025\/06\/Un-week-end-en-ete-a-la-Clusaz-3.jpg 1024w, https:\/\/www.lespetitsbaroudeurs.com\/blog\/wp-content\/uploads\/2025\/06\/Un-week-end-en-ete-a-la-Clusaz-3-300x200.jpg 300w, https:\/\/www.lespetitsbaroudeurs.com\/blog\/wp-content\/uploads\/2025\/06\/Un-week-end-en-ete-a-la-Clusaz-3-768x512.jpg 768w\" sizes=\"(max-width: 1024px) 100vw, 1024px\" \/><\/figure>\n\n\n\n<p>Vers midi, nous avons fait une pause bien m\u00e9rit\u00e9e sur un espace pique-nique parfaitement am\u00e9nag\u00e9, situ\u00e9 juste \u00e0 c\u00f4t\u00e9 du Family Run. Tables en bois, panorama exceptionnel sur les montagnes. Et quelques surprises qui ont amus\u00e9 petits et grands : un vrai podium pour c\u00e9l\u00e9brer nos petites championnes du jour, les c\u00e9l\u00e8bres lettres g\u00e9antes \u00ab La Clusaz \u00bb pour la fameuse photo souvenir, et m\u00eame\u2026 un lit avec matelas moelleux au beau milieu de la montagne !<\/p>\n\n\n\n<figure class=\"wp-block-gallery columns-2 is-cropped\"><ul class=\"blocks-gallery-grid\"><li class=\"blocks-gallery-item\"><figure><img loading=\"lazy\" width=\"1024\" height=\"683\" src=\"https:\/\/www.lespetitsbaroudeurs.com\/blog\/wp-content\/uploads\/2025\/06\/Un-week-end-en-ete-a-la-Clusaz-5.jpg\" alt=\"\" data-id=\"11560\" data-full-url=\"https:\/\/www.lespetitsbaroudeurs.com\/blog\/wp-content\/uploads\/2025\/06\/Un-week-end-en-ete-a-la-Clusaz-5.jpg\" data-link=\"https:\/\/www.lespetitsbaroudeurs.com\/blog\/?attachment_id=11560\" class=\"wp-image-11560\" srcset=\"https:\/\/www.lespetitsbaroudeurs.com\/blog\/wp-content\/uploads\/2025\/06\/Un-week-end-en-ete-a-la-Clusaz-5.jpg 1024w, https:\/\/www.lespetitsbaroudeurs.com\/blog\/wp-content\/uploads\/2025\/06\/Un-week-end-en-ete-a-la-Clusaz-5-300x200.jpg 300w, https:\/\/www.lespetitsbaroudeurs.com\/blog\/wp-content\/uploads\/2025\/06\/Un-week-end-en-ete-a-la-Clusaz-5-768x512.jpg 768w\" sizes=\"(max-width: 1024px) 100vw, 1024px\" \/><\/figure><\/li><li class=\"blocks-gallery-item\"><figure><img loading=\"lazy\" width=\"1024\" height=\"683\" src=\"https:\/\/www.lespetitsbaroudeurs.com\/blog\/wp-content\/uploads\/2025\/06\/Un-week-end-en-ete-a-la-Clusaz-6.jpg\" alt=\"\" data-id=\"11561\" data-full-url=\"https:\/\/www.lespetitsbaroudeurs.com\/blog\/wp-content\/uploads\/2025\/06\/Un-week-end-en-ete-a-la-Clusaz-6.jpg\" data-link=\"https:\/\/www.lespetitsbaroudeurs.com\/blog\/?attachment_id=11561\" class=\"wp-image-11561\" srcset=\"https:\/\/www.lespetitsbaroudeurs.com\/blog\/wp-content\/uploads\/2025\/06\/Un-week-end-en-ete-a-la-Clusaz-6.jpg 1024w, https:\/\/www.lespetitsbaroudeurs.com\/blog\/wp-content\/uploads\/2025\/06\/Un-week-end-en-ete-a-la-Clusaz-6-300x200.jpg 300w, https:\/\/www.lespetitsbaroudeurs.com\/blog\/wp-content\/uploads\/2025\/06\/Un-week-end-en-ete-a-la-Clusaz-6-768x512.jpg 768w\" sizes=\"(max-width: 1024px) 100vw, 1024px\" \/><\/figure><\/li><\/ul><\/figure>\n\n\n\n<p>Pour la descente (=le retour au village), nous avons form\u00e9 2 teams. Les plus sportifs, la team des \u00ab Bikers \u00bb (le papa et notre cadette de 9 ans) d\u2019un c\u00f4t\u00e9, et de l\u2019autre, la maman avec notre pr\u00e9 ado, la team des \u00ab #plustranquilledanslerythmemaistoujoursmotiv\u00e9es ! \u00bb. La descente se d\u00e9roulait parfaitement, jusqu\u2019\u00e0 une petite m\u00e9saventure\u2026 une chute impr\u00e9vue de notre grande, sur un sentier l\u00e9g\u00e8rement plus technique. Plus de peur que de mal heureusement. Apr\u00e8s un moment de repos et quelques encouragements de la part de sa petite soeur, elle est repartie avec courage !<\/p>\n\n\n\n<figure class=\"wp-block-gallery columns-2 is-cropped\"><ul class=\"blocks-gallery-grid\"><li class=\"blocks-gallery-item\"><figure><img loading=\"lazy\" width=\"683\" height=\"1024\" src=\"https:\/\/www.lespetitsbaroudeurs.com\/blog\/wp-content\/uploads\/2025\/06\/Un-week-end-en-ete-a-la-Clusaz-4.jpg\" alt=\"\" data-id=\"11559\" data-full-url=\"https:\/\/www.lespetitsbaroudeurs.com\/blog\/wp-content\/uploads\/2025\/06\/Un-week-end-en-ete-a-la-Clusaz-4.jpg\" data-link=\"https:\/\/www.lespetitsbaroudeurs.com\/blog\/?attachment_id=11559\" class=\"wp-image-11559\" srcset=\"https:\/\/www.lespetitsbaroudeurs.com\/blog\/wp-content\/uploads\/2025\/06\/Un-week-end-en-ete-a-la-Clusaz-4.jpg 683w, https:\/\/www.lespetitsbaroudeurs.com\/blog\/wp-content\/uploads\/2025\/06\/Un-week-end-en-ete-a-la-Clusaz-4-200x300.jpg 200w\" sizes=\"(max-width: 683px) 100vw, 683px\" \/><\/figure><\/li><li class=\"blocks-gallery-item\"><figure><img loading=\"lazy\" width=\"683\" height=\"1024\" src=\"https:\/\/www.lespetitsbaroudeurs.com\/blog\/wp-content\/uploads\/2025\/06\/Un-week-end-en-ete-a-la-Clusaz-2.jpg\" alt=\"\" data-id=\"11557\" data-full-url=\"https:\/\/www.lespetitsbaroudeurs.com\/blog\/wp-content\/uploads\/2025\/06\/Un-week-end-en-ete-a-la-Clusaz-2.jpg\" data-link=\"https:\/\/www.lespetitsbaroudeurs.com\/blog\/?attachment_id=11557\" class=\"wp-image-11557\" srcset=\"https:\/\/www.lespetitsbaroudeurs.com\/blog\/wp-content\/uploads\/2025\/06\/Un-week-end-en-ete-a-la-Clusaz-2.jpg 683w, https:\/\/www.lespetitsbaroudeurs.com\/blog\/wp-content\/uploads\/2025\/06\/Un-week-end-en-ete-a-la-Clusaz-2-200x300.jpg 200w\" sizes=\"(max-width: 683px) 100vw, 683px\" \/><\/figure><\/li><li class=\"blocks-gallery-item\"><figure><img loading=\"lazy\" width=\"683\" height=\"1024\" src=\"https:\/\/www.lespetitsbaroudeurs.com\/blog\/wp-content\/uploads\/2025\/06\/Un-week-end-en-ete-a-la-Clusaz-8.jpg\" alt=\"\" data-id=\"11563\" data-full-url=\"https:\/\/www.lespetitsbaroudeurs.com\/blog\/wp-content\/uploads\/2025\/06\/Un-week-end-en-ete-a-la-Clusaz-8.jpg\" data-link=\"https:\/\/www.lespetitsbaroudeurs.com\/blog\/?attachment_id=11563\" class=\"wp-image-11563\" srcset=\"https:\/\/www.lespetitsbaroudeurs.com\/blog\/wp-content\/uploads\/2025\/06\/Un-week-end-en-ete-a-la-Clusaz-8.jpg 683w, https:\/\/www.lespetitsbaroudeurs.com\/blog\/wp-content\/uploads\/2025\/06\/Un-week-end-en-ete-a-la-Clusaz-8-200x300.jpg 200w\" sizes=\"(max-width: 683px) 100vw, 683px\" \/><\/figure><\/li><li class=\"blocks-gallery-item\"><figure><img loading=\"lazy\" width=\"683\" height=\"1024\" src=\"https:\/\/www.lespetitsbaroudeurs.com\/blog\/wp-content\/uploads\/2025\/06\/Un-week-end-en-ete-a-la-Clusaz-7.jpg\" alt=\"\" data-id=\"11562\" data-full-url=\"https:\/\/www.lespetitsbaroudeurs.com\/blog\/wp-content\/uploads\/2025\/06\/Un-week-end-en-ete-a-la-Clusaz-7.jpg\" data-link=\"https:\/\/www.lespetitsbaroudeurs.com\/blog\/?attachment_id=11562\" class=\"wp-image-11562\" srcset=\"https:\/\/www.lespetitsbaroudeurs.com\/blog\/wp-content\/uploads\/2025\/06\/Un-week-end-en-ete-a-la-Clusaz-7.jpg 683w, https:\/\/www.lespetitsbaroudeurs.com\/blog\/wp-content\/uploads\/2025\/06\/Un-week-end-en-ete-a-la-Clusaz-7-200x300.jpg 200w\" sizes=\"(max-width: 683px) 100vw, 683px\" \/><\/figure><\/li><\/ul><\/figure>\n\n\n\n<h4>Visite de la ferme des Corbassi\u00e8res<\/h4>\n\n\n\n<p>Pour le go\u00fbter direction une ferme typique \u00ab La ferme des Corbassi\u00e8res \u00bb o\u00f9 nous avons d\u00e9couvert les saveurs locales. En plus, de la cr\u00eape maison et du fromage blanc (avec des confitures maisons !), nous avons eu la chance de go\u00fbter deux sp\u00e9cialit\u00e9s savoyardes incontournables : le reblochon et la tomme. Un vrai r\u00e9gal pour nos papilles ! Nous \u00e9tions oblig\u00e9s de repartir \u00e9videmment avec une tomme\u2026! (Le retour en voiture fut tr\u00e8s parfum\u00e9 !!) L\u2019ambiance chaleureuse de la ferme et l\u2019accueil ont laiss\u00e9 \u00e0 chacun un joli souvenir. Le \u00ab m\u00e9ga \u00bb plus : la vue imprenable sur la chaine des Aravis !<\/p>\n\n\n\n<figure class=\"wp-block-gallery columns-3 is-cropped\"><ul class=\"blocks-gallery-grid\"><li class=\"blocks-gallery-item\"><figure><img loading=\"lazy\" width=\"683\" height=\"1024\" src=\"https:\/\/www.lespetitsbaroudeurs.com\/blog\/wp-content\/uploads\/2025\/06\/Un-week-end-en-ete-a-la-Clusaz-10.jpg\" alt=\"\" data-id=\"11565\" data-full-url=\"https:\/\/www.lespetitsbaroudeurs.com\/blog\/wp-content\/uploads\/2025\/06\/Un-week-end-en-ete-a-la-Clusaz-10.jpg\" data-link=\"https:\/\/www.lespetitsbaroudeurs.com\/blog\/?attachment_id=11565\" class=\"wp-image-11565\" srcset=\"https:\/\/www.lespetitsbaroudeurs.com\/blog\/wp-content\/uploads\/2025\/06\/Un-week-end-en-ete-a-la-Clusaz-10.jpg 683w, https:\/\/www.lespetitsbaroudeurs.com\/blog\/wp-content\/uploads\/2025\/06\/Un-week-end-en-ete-a-la-Clusaz-10-200x300.jpg 200w\" sizes=\"(max-width: 683px) 100vw, 683px\" \/><\/figure><\/li><li class=\"blocks-gallery-item\"><figure><img loading=\"lazy\" width=\"683\" height=\"1024\" src=\"https:\/\/www.lespetitsbaroudeurs.com\/blog\/wp-content\/uploads\/2025\/06\/Un-week-end-en-ete-a-la-Clusaz-9.jpg\" alt=\"\" data-id=\"11564\" data-full-url=\"https:\/\/www.lespetitsbaroudeurs.com\/blog\/wp-content\/uploads\/2025\/06\/Un-week-end-en-ete-a-la-Clusaz-9.jpg\" data-link=\"https:\/\/www.lespetitsbaroudeurs.com\/blog\/?attachment_id=11564\" class=\"wp-image-11564\" srcset=\"https:\/\/www.lespetitsbaroudeurs.com\/blog\/wp-content\/uploads\/2025\/06\/Un-week-end-en-ete-a-la-Clusaz-9.jpg 683w, https:\/\/www.lespetitsbaroudeurs.com\/blog\/wp-content\/uploads\/2025\/06\/Un-week-end-en-ete-a-la-Clusaz-9-200x300.jpg 200w\" sizes=\"(max-width: 683px) 100vw, 683px\" \/><\/figure><\/li><li class=\"blocks-gallery-item\"><figure><img loading=\"lazy\" width=\"683\" height=\"1024\" src=\"https:\/\/www.lespetitsbaroudeurs.com\/blog\/wp-content\/uploads\/2025\/06\/Un-week-end-en-ete-a-la-Clusaz-11.jpg\" alt=\"\" data-id=\"11566\" data-full-url=\"https:\/\/www.lespetitsbaroudeurs.com\/blog\/wp-content\/uploads\/2025\/06\/Un-week-end-en-ete-a-la-Clusaz-11.jpg\" data-link=\"https:\/\/www.lespetitsbaroudeurs.com\/blog\/?attachment_id=11566\" class=\"wp-image-11566\" srcset=\"https:\/\/www.lespetitsbaroudeurs.com\/blog\/wp-content\/uploads\/2025\/06\/Un-week-end-en-ete-a-la-Clusaz-11.jpg 683w, https:\/\/www.lespetitsbaroudeurs.com\/blog\/wp-content\/uploads\/2025\/06\/Un-week-end-en-ete-a-la-Clusaz-11-200x300.jpg 200w\" sizes=\"(max-width: 683px) 100vw, 683px\" \/><\/figure><\/li><\/ul><\/figure>\n\n\n\n<h4>Sensations et rigolades avec la luge d&rsquo;\u00e9t\u00e9<\/h4>\n\n\n\n<p>En fin de journ\u00e9e, place aux sensations (et \u00e0 la rigolade !) avec la luge d\u2019\u00e9t\u00e9. Le d\u00e9part se fait un peu plus haut dans la station, ce qui ajoute une touche d\u2019aventure. Il faut prendre les t\u00e9l\u00e9cabines pour y acc\u00e9der, ce qui a beaucoup plu aux filles. Une fois en haut, deux circuits, sont propos\u00e9s pour varier les plaisirs ! Il est possible de descendre seul ou \u00e0 deux sur la luge. Notre cadette, plus rassur\u00e9e avec son papa, a choisi la 2nd option. Entre virages serr\u00e9s (pour la team \u00ab baroudeurs \u00bb), vitesse contr\u00f4l\u00e9e (pour la maman stress\u00e9e) et grands \u00e9clats de rire (pour le collectif !) chacun a trouv\u00e9 son bonheur !<\/p>\n\n\n\n<figure class=\"wp-block-gallery columns-2 is-cropped\"><ul class=\"blocks-gallery-grid\"><li class=\"blocks-gallery-item\"><figure><img loading=\"lazy\" width=\"683\" height=\"1024\" src=\"https:\/\/www.lespetitsbaroudeurs.com\/blog\/wp-content\/uploads\/2025\/06\/Un-week-end-en-ete-a-la-Clusaz-12.jpg\" alt=\"\" data-id=\"11567\" data-full-url=\"https:\/\/www.lespetitsbaroudeurs.com\/blog\/wp-content\/uploads\/2025\/06\/Un-week-end-en-ete-a-la-Clusaz-12.jpg\" data-link=\"https:\/\/www.lespetitsbaroudeurs.com\/blog\/?attachment_id=11567\" class=\"wp-image-11567\" srcset=\"https:\/\/www.lespetitsbaroudeurs.com\/blog\/wp-content\/uploads\/2025\/06\/Un-week-end-en-ete-a-la-Clusaz-12.jpg 683w, https:\/\/www.lespetitsbaroudeurs.com\/blog\/wp-content\/uploads\/2025\/06\/Un-week-end-en-ete-a-la-Clusaz-12-200x300.jpg 200w\" sizes=\"(max-width: 683px) 100vw, 683px\" \/><\/figure><\/li><li class=\"blocks-gallery-item\"><figure><img loading=\"lazy\" width=\"683\" height=\"1024\" src=\"https:\/\/www.lespetitsbaroudeurs.com\/blog\/wp-content\/uploads\/2025\/06\/Un-week-end-en-ete-a-la-Clusaz-13.jpg\" alt=\"\" data-id=\"11568\" data-full-url=\"https:\/\/www.lespetitsbaroudeurs.com\/blog\/wp-content\/uploads\/2025\/06\/Un-week-end-en-ete-a-la-Clusaz-13.jpg\" data-link=\"https:\/\/www.lespetitsbaroudeurs.com\/blog\/?attachment_id=11568\" class=\"wp-image-11568\" srcset=\"https:\/\/www.lespetitsbaroudeurs.com\/blog\/wp-content\/uploads\/2025\/06\/Un-week-end-en-ete-a-la-Clusaz-13.jpg 683w, https:\/\/www.lespetitsbaroudeurs.com\/blog\/wp-content\/uploads\/2025\/06\/Un-week-end-en-ete-a-la-Clusaz-13-200x300.jpg 200w\" sizes=\"(max-width: 683px) 100vw, 683px\" \/><\/figure><\/li><\/ul><\/figure>\n\n\n\n<p>Le soir, nous avons cl\u00f4tur\u00e9 cette belle journ\u00e9e autour d\u2019un bon d\u00eener dans le restaurant \u00ab l\u2019Outa \u00bb \u00e0 deux pas de l\u2019h\u00f4tel. Une cuisine savoureuse, dans une atmosph\u00e8re conviviale typique des stations de montagne. Pour la nuit, retour \u00e0 l\u2019h\u00f4tel id\u00e9alement situ\u00e9, en plein centre du village, \u00e0 deux pas des restaurants, des loueurs de VTT et m\u00eame de la piste de luge d\u2019\u00e9t\u00e9 ! Un vrai plus qui nous a permis de tout faire \u00e0 pied, sans contrainte, et de profiter pleinement du charme de La Clusaz. Notre chambre familiale \u00e9tait parfaitement adapt\u00e9e \u00e0 notre tribu. Un grand lit confortable pour les parents, un lit superpos\u00e9 et surtout\u2026 une magnifique terrasse avec vue sur la montagne !<\/p>\n\n\n\n<figure class=\"wp-block-gallery columns-3 is-cropped\"><ul class=\"blocks-gallery-grid\"><li class=\"blocks-gallery-item\"><figure><img loading=\"lazy\" width=\"683\" height=\"1024\" src=\"https:\/\/www.lespetitsbaroudeurs.com\/blog\/wp-content\/uploads\/2025\/06\/Un-week-end-en-ete-a-la-Clusaz-14.jpg\" alt=\"\" data-id=\"11569\" data-full-url=\"https:\/\/www.lespetitsbaroudeurs.com\/blog\/wp-content\/uploads\/2025\/06\/Un-week-end-en-ete-a-la-Clusaz-14.jpg\" data-link=\"https:\/\/www.lespetitsbaroudeurs.com\/blog\/?attachment_id=11569\" class=\"wp-image-11569\" srcset=\"https:\/\/www.lespetitsbaroudeurs.com\/blog\/wp-content\/uploads\/2025\/06\/Un-week-end-en-ete-a-la-Clusaz-14.jpg 683w, https:\/\/www.lespetitsbaroudeurs.com\/blog\/wp-content\/uploads\/2025\/06\/Un-week-end-en-ete-a-la-Clusaz-14-200x300.jpg 200w\" sizes=\"(max-width: 683px) 100vw, 683px\" \/><\/figure><\/li><li class=\"blocks-gallery-item\"><figure><img loading=\"lazy\" width=\"683\" height=\"1024\" src=\"https:\/\/www.lespetitsbaroudeurs.com\/blog\/wp-content\/uploads\/2025\/06\/Un-week-end-en-ete-a-la-Clusaz-15.jpg\" alt=\"\" data-id=\"11570\" data-full-url=\"https:\/\/www.lespetitsbaroudeurs.com\/blog\/wp-content\/uploads\/2025\/06\/Un-week-end-en-ete-a-la-Clusaz-15.jpg\" data-link=\"https:\/\/www.lespetitsbaroudeurs.com\/blog\/?attachment_id=11570\" class=\"wp-image-11570\" srcset=\"https:\/\/www.lespetitsbaroudeurs.com\/blog\/wp-content\/uploads\/2025\/06\/Un-week-end-en-ete-a-la-Clusaz-15.jpg 683w, https:\/\/www.lespetitsbaroudeurs.com\/blog\/wp-content\/uploads\/2025\/06\/Un-week-end-en-ete-a-la-Clusaz-15-200x300.jpg 200w\" sizes=\"(max-width: 683px) 100vw, 683px\" \/><\/figure><\/li><li class=\"blocks-gallery-item\"><figure><img loading=\"lazy\" width=\"683\" height=\"1024\" src=\"https:\/\/www.lespetitsbaroudeurs.com\/blog\/wp-content\/uploads\/2025\/06\/Un-week-end-en-ete-a-la-Clusaz-16.jpg\" alt=\"\" data-id=\"11571\" data-full-url=\"https:\/\/www.lespetitsbaroudeurs.com\/blog\/wp-content\/uploads\/2025\/06\/Un-week-end-en-ete-a-la-Clusaz-16.jpg\" data-link=\"https:\/\/www.lespetitsbaroudeurs.com\/blog\/?attachment_id=11571\" class=\"wp-image-11571\" srcset=\"https:\/\/www.lespetitsbaroudeurs.com\/blog\/wp-content\/uploads\/2025\/06\/Un-week-end-en-ete-a-la-Clusaz-16.jpg 683w, https:\/\/www.lespetitsbaroudeurs.com\/blog\/wp-content\/uploads\/2025\/06\/Un-week-end-en-ete-a-la-Clusaz-16-200x300.jpg 200w\" sizes=\"(max-width: 683px) 100vw, 683px\" \/><\/figure><\/li><\/ul><\/figure>\n\n\n\n<h3>Jour 2 : Immersion nature autour du lac des Confins<\/h3>\n\n\n\n<p>Le dimanche, nous avons rejoint un passionn\u00e9 de la flore locale, surnomm\u00e9 \u00ab\u00a0Botanico\u00a0\u00bb, pour une balade guid\u00e9e autour du magnifique lac des Confins. Nous avons \u00ab abandonn\u00e9 \u00bb notre bless\u00e9e sur une magnifique esplanade am\u00e9nag\u00e9e au bord du lac et surtout \u00e0 l\u2019ombre. Et nous avons suivi Botanico avec notre petite derni\u00e8re qui, curieuse de nature, a \u00e9t\u00e9 captiv\u00e9e par ses explications ! Au fil de la balade, nous avons go\u00fbt\u00e9 : une plante comestible, le plantain, puis m\u00e2ch\u00e9 une branche d\u2019\u00e9pic\u00e9a ainsi que diff\u00e9rents types de menthe, une exp\u00e9rience \u00e9tonnante et parfum\u00e9e (selon Botanico il s\u2019agissait de notre ap\u00e9ro !) Une mani\u00e8re originale d\u2019observer et d\u2019en apprendre davantage sur la flore alpine !<\/p>\n\n\n\n<figure class=\"wp-block-gallery columns-3 is-cropped\"><ul class=\"blocks-gallery-grid\"><li class=\"blocks-gallery-item\"><figure><img loading=\"lazy\" width=\"683\" height=\"1024\" src=\"https:\/\/www.lespetitsbaroudeurs.com\/blog\/wp-content\/uploads\/2025\/06\/Un-week-end-en-ete-a-la-Clusaz-18.jpg\" alt=\"\" data-id=\"11572\" data-full-url=\"https:\/\/www.lespetitsbaroudeurs.com\/blog\/wp-content\/uploads\/2025\/06\/Un-week-end-en-ete-a-la-Clusaz-18.jpg\" data-link=\"https:\/\/www.lespetitsbaroudeurs.com\/blog\/?attachment_id=11572\" class=\"wp-image-11572\" srcset=\"https:\/\/www.lespetitsbaroudeurs.com\/blog\/wp-content\/uploads\/2025\/06\/Un-week-end-en-ete-a-la-Clusaz-18.jpg 683w, https:\/\/www.lespetitsbaroudeurs.com\/blog\/wp-content\/uploads\/2025\/06\/Un-week-end-en-ete-a-la-Clusaz-18-200x300.jpg 200w\" sizes=\"(max-width: 683px) 100vw, 683px\" \/><\/figure><\/li><li class=\"blocks-gallery-item\"><figure><img loading=\"lazy\" width=\"683\" height=\"1024\" src=\"https:\/\/www.lespetitsbaroudeurs.com\/blog\/wp-content\/uploads\/2025\/06\/Un-week-end-en-ete-a-la-Clusaz-19.jpg\" alt=\"\" data-id=\"11573\" data-full-url=\"https:\/\/www.lespetitsbaroudeurs.com\/blog\/wp-content\/uploads\/2025\/06\/Un-week-end-en-ete-a-la-Clusaz-19.jpg\" data-link=\"https:\/\/www.lespetitsbaroudeurs.com\/blog\/?attachment_id=11573\" class=\"wp-image-11573\" srcset=\"https:\/\/www.lespetitsbaroudeurs.com\/blog\/wp-content\/uploads\/2025\/06\/Un-week-end-en-ete-a-la-Clusaz-19.jpg 683w, https:\/\/www.lespetitsbaroudeurs.com\/blog\/wp-content\/uploads\/2025\/06\/Un-week-end-en-ete-a-la-Clusaz-19-200x300.jpg 200w\" sizes=\"(max-width: 683px) 100vw, 683px\" \/><\/figure><\/li><li class=\"blocks-gallery-item\"><figure><img loading=\"lazy\" width=\"683\" height=\"1024\" src=\"https:\/\/www.lespetitsbaroudeurs.com\/blog\/wp-content\/uploads\/2025\/06\/Un-week-end-en-ete-a-la-Clusaz-22.jpg\" alt=\"\" data-id=\"11575\" data-full-url=\"https:\/\/www.lespetitsbaroudeurs.com\/blog\/wp-content\/uploads\/2025\/06\/Un-week-end-en-ete-a-la-Clusaz-22.jpg\" data-link=\"https:\/\/www.lespetitsbaroudeurs.com\/blog\/?attachment_id=11575\" class=\"wp-image-11575\" srcset=\"https:\/\/www.lespetitsbaroudeurs.com\/blog\/wp-content\/uploads\/2025\/06\/Un-week-end-en-ete-a-la-Clusaz-22.jpg 683w, https:\/\/www.lespetitsbaroudeurs.com\/blog\/wp-content\/uploads\/2025\/06\/Un-week-end-en-ete-a-la-Clusaz-22-200x300.jpg 200w\" sizes=\"(max-width: 683px) 100vw, 683px\" \/><\/figure><\/li><li class=\"blocks-gallery-item\"><figure><img loading=\"lazy\" width=\"683\" height=\"1024\" src=\"https:\/\/www.lespetitsbaroudeurs.com\/blog\/wp-content\/uploads\/2025\/06\/Un-week-end-en-ete-a-la-Clusaz-20.jpg\" alt=\"\" data-id=\"11574\" data-full-url=\"https:\/\/www.lespetitsbaroudeurs.com\/blog\/wp-content\/uploads\/2025\/06\/Un-week-end-en-ete-a-la-Clusaz-20.jpg\" data-link=\"https:\/\/www.lespetitsbaroudeurs.com\/blog\/?attachment_id=11574\" class=\"wp-image-11574\" srcset=\"https:\/\/www.lespetitsbaroudeurs.com\/blog\/wp-content\/uploads\/2025\/06\/Un-week-end-en-ete-a-la-Clusaz-20.jpg 683w, https:\/\/www.lespetitsbaroudeurs.com\/blog\/wp-content\/uploads\/2025\/06\/Un-week-end-en-ete-a-la-Clusaz-20-200x300.jpg 200w\" sizes=\"(max-width: 683px) 100vw, 683px\" \/><\/figure><\/li><\/ul><\/figure>\n\n\n\n<p>De retour au village, nous avons termin\u00e9 notre s\u00e9jour par un d\u00e9jeuner au \u00ab D\u00e9li Schuss \u00bb comme son nom l\u2019indique c\u2019\u00e9tait d\u00e9licieux ! Nous avons opt\u00e9 (montagne oblige) pour un plat typique la tartiflette ! Fondante et g\u00e9n\u00e9reusement garnie en reblochon, accompagn\u00e9e de charcuterie et d\u2019une belle salade croquante. Un vrai moment de r\u00e9confort avant de reprendre la route.<\/p>\n\n\n\n<figure class=\"wp-block-image size-large\"><img loading=\"lazy\" width=\"1024\" height=\"683\" src=\"https:\/\/www.lespetitsbaroudeurs.com\/blog\/wp-content\/uploads\/2025\/06\/Un-week-end-en-ete-a-la-Clusaz-21.jpg\" alt=\"\" class=\"wp-image-11576\" srcset=\"https:\/\/www.lespetitsbaroudeurs.com\/blog\/wp-content\/uploads\/2025\/06\/Un-week-end-en-ete-a-la-Clusaz-21.jpg 1024w, https:\/\/www.lespetitsbaroudeurs.com\/blog\/wp-content\/uploads\/2025\/06\/Un-week-end-en-ete-a-la-Clusaz-21-300x200.jpg 300w, https:\/\/www.lespetitsbaroudeurs.com\/blog\/wp-content\/uploads\/2025\/06\/Un-week-end-en-ete-a-la-Clusaz-21-768x512.jpg 768w\" sizes=\"(max-width: 1024px) 100vw, 1024px\" \/><\/figure>\n\n\n\n<p>En r\u00e9sum\u00e9, un week-end \u00e0 renouveler ! : entre activit\u00e9s sportives, d\u00e9couvertes gustatives et balades nature, La Clusaz nous a offert un week-end parfait en famille. Les filles en parlent encore avec enthousiasme, et nous repartons avec des magnifiques souvenirs plein la t\u00eate\u2026 !<\/p>\n\n\n\n<h2>Nos coups de c\u0153ur d&rsquo;un week-end en \u00e9t\u00e9 \u00e0 la Clusaz<\/h2>\n\n\n\n<ul><li>Les coups de c\u0153ur des enfants : pour notre grande une vraie passion pour la luge d\u2019\u00e9t\u00e9 et pour notre derni\u00e8re, elle a ador\u00e9 les sensations du VTT (surtout le confort de l\u2019\u00e9lectrique pour les mont\u00e9es !)<\/li><li>Les coups de c\u0153ur des parents : nous avons vraiment ador\u00e9 l\u2019int\u00e9gralit\u00e9 des activit\u00e9s propos\u00e9es mais avec un gros coup de c\u0153ur pour le VTT \u00e9lectrique pour le papa (il pratique r\u00e9guli\u00e8rement le VTT \u00e0 la maison !) et de mon c\u00f4t\u00e9 j\u2019ai trouv\u00e9 la balade botanique avec Botanico vraiment passionnante !<\/li><\/ul>\n\n\n\n<figure class=\"wp-block-image size-large\"><img loading=\"lazy\" width=\"1024\" height=\"683\" src=\"https:\/\/www.lespetitsbaroudeurs.com\/blog\/wp-content\/uploads\/2025\/06\/Un-week-end-en-ete-a-la-Clusaz-17.jpg\" alt=\"\" class=\"wp-image-11577\" srcset=\"https:\/\/www.lespetitsbaroudeurs.com\/blog\/wp-content\/uploads\/2025\/06\/Un-week-end-en-ete-a-la-Clusaz-17.jpg 1024w, https:\/\/www.lespetitsbaroudeurs.com\/blog\/wp-content\/uploads\/2025\/06\/Un-week-end-en-ete-a-la-Clusaz-17-300x200.jpg 300w, https:\/\/www.lespetitsbaroudeurs.com\/blog\/wp-content\/uploads\/2025\/06\/Un-week-end-en-ete-a-la-Clusaz-17-768x512.jpg 768w\" sizes=\"(max-width: 1024px) 100vw, 1024px\" \/><\/figure>\n\n\n\n<h2>Notre \u00e9quipement pour partir un week-end en \u00e9t\u00e9 \u00e0 la Clusaz<\/h2>\n\n\n\n<p><em>Cet article, en collaboration avec France Montagnes, fait partie du programme Ambassadeurs o\u00f9 nous invitons des familles baroudeuses \u00e0 partager leurs exp\u00e9riences avec la communaut\u00e9 des Petits Baroudeurs.<\/em><\/p>\n\n\n\n<div class=\"wp-block-group alignwide\"><div class=\"wp-block-group__inner-container\">\n<div class=\"wp-block-columns alignwide\">\n<div class=\"wp-block-column is-vertically-aligned-center\">\n<div class=\"wp-block-image\"><figure class=\"aligncenter size-large\"><img loading=\"lazy\" width=\"300\" height=\"300\" src=\"https:\/\/www.lespetitsbaroudeurs.com\/blog\/wp-content\/uploads\/2021\/02\/sac-dos-enfant-deuter-schmusebar-rose.jpg\" alt=\"\" class=\"wp-image-5020\" srcset=\"https:\/\/www.lespetitsbaroudeurs.com\/blog\/wp-content\/uploads\/2021\/02\/sac-dos-enfant-deuter-schmusebar-rose.jpg 300w, https:\/\/www.lespetitsbaroudeurs.com\/blog\/wp-content\/uploads\/2021\/02\/sac-dos-enfant-deuter-schmusebar-rose-150x150.jpg 150w, https:\/\/www.lespetitsbaroudeurs.com\/blog\/wp-content\/uploads\/2021\/02\/sac-dos-enfant-deuter-schmusebar-rose-270x270.jpg 270w\" sizes=\"(max-width: 300px) 100vw, 300px\" \/><\/figure><\/div>\n\n\n\n<p class=\"has-text-align-center\"><em>Sac \u00e0 dos<\/em><br><em><a href=\"https:\/\/www.lespetitsbaroudeurs.com\/sac-a-dos-randonnee-enfant-17\" target=\"_blank\" rel=\"noreferrer noopener\">\u27b3Je d\u00e9couvre<\/a><\/em><\/p>\n<\/div>\n\n\n\n<div class=\"wp-block-column\">\n<div class=\"wp-block-image\"><figure class=\"aligncenter size-large\"><img loading=\"lazy\" width=\"300\" height=\"300\" src=\"https:\/\/www.lespetitsbaroudeurs.com\/blog\/wp-content\/uploads\/2024\/03\/chaussures-kimberfeel-vinson-enfant-bleu-ciel-e1710362776647.jpg\" alt=\"\" class=\"wp-image-9852\"\/><\/figure><\/div>\n\n\n\n<p class=\"has-text-align-center\"><em><em>Chaussures de randonn\u00e9e<\/em><\/em><br><em><a href=\"https:\/\/www.lespetitsbaroudeurs.com\/chaussure-randonnee-enfant-51\" target=\"_blank\" rel=\"noreferrer noopener\">\u27b3Je d\u00e9couvre<\/a><\/em><\/p>\n<\/div>\n\n\n\n<div class=\"wp-block-column\">\n<div class=\"wp-block-image\"><figure class=\"aligncenter size-large\"><img loading=\"lazy\" width=\"300\" height=\"300\" src=\"https:\/\/www.lespetitsbaroudeurs.com\/blog\/wp-content\/uploads\/2024\/01\/pull-polaire-turkikas-cantaloupe-orange-reima-e1706531628438.jpg\" alt=\"\" class=\"wp-image-9520\"\/><\/figure><\/div>\n\n\n\n<p class=\"has-text-align-center\"><em>Polaire<\/em><br><em><a href=\"https:\/\/www.lespetitsbaroudeurs.com\/veste-impermeable-enfant-bebe-39\" target=\"_blank\" rel=\"noreferrer noopener\">\u27b3Je <\/a><a href=\"https:\/\/www.lespetitsbaroudeurs.com\/vestes-combinaisons-et-pantalons-polaires-59\" target=\"_blank\" rel=\"noreferrer noopener\">d\u00e9couvre<\/a><\/em><\/p>\n<\/div>\n<\/div>\n<\/div><\/div>\n\n\n\n<div class=\"wp-block-group alignwide\"><div class=\"wp-block-group__inner-container\">\n<div class=\"wp-block-columns alignwide are-vertically-aligned-center\">\n<div class=\"wp-block-column is-vertically-aligned-center\">\n<div class=\"wp-block-image\"><figure class=\"aligncenter size-large\"><img loading=\"lazy\" width=\"300\" height=\"300\" src=\"https:\/\/www.lespetitsbaroudeurs.com\/blog\/wp-content\/uploads\/2024\/12\/chapeau-anti-uv-bebe-reversible-lassig-chameau-nature-e1733991154443.jpg\" alt=\"\" class=\"wp-image-10848\"\/><\/figure><\/div>\n\n\n\n<p class=\"has-text-align-center\"><em>Chapeau<\/em><br><em><a href=\"https:\/\/www.lespetitsbaroudeurs.com\/chapeaux-soleil-bebe-48\" target=\"_blank\" rel=\"noreferrer noopener\">\u27b3Je d\u00e9couvre<\/a><\/em><\/p>\n<\/div>\n\n\n\n<div class=\"wp-block-column is-vertically-aligned-center\">\n<div class=\"wp-block-image\"><figure class=\"aligncenter size-large\"><img loading=\"lazy\" width=\"300\" height=\"300\" src=\"https:\/\/www.lespetitsbaroudeurs.com\/blog\/wp-content\/uploads\/2024\/06\/batons-marche-junior-guidetti-rouge-e1719229208646.jpg\" alt=\"\" class=\"wp-image-10443\"\/><\/figure><\/div>\n\n\n\n<p class=\"has-text-align-center\"><em><em>B\u00e2tons de marche<\/em><\/em><br><em><a href=\"https:\/\/www.lespetitsbaroudeurs.com\/baton-marche-enfant-junior-54\" target=\"_blank\" rel=\"noreferrer noopener\">\u27b3Je d\u00e9couvre<\/a><\/em><\/p>\n<\/div>\n\n\n\n<div class=\"wp-block-column is-vertically-aligned-center\">\n<div class=\"wp-block-image\"><figure class=\"aligncenter size-large\"><img src=\"https:\/\/www.lespetitsbaroudeurs.com\/blog\/wp-content\/uploads\/2024\/11\/boussole-enfant-boitier-terra-kids.jpg\" alt=\"\" class=\"wp-image-10713\"\/><\/figure><\/div>\n\n\n\n<p class=\"has-text-align-center\"><em>Boussole<\/em><br><em><a href=\"https:\/\/www.lespetitsbaroudeurs.com\/veste-impermeable-enfant-bebe-39\" target=\"_blank\" rel=\"noreferrer noopener\">\u27b3Je <\/a><a href=\"https:\/\/www.lespetitsbaroudeurs.com\/jeux-nature-enfant-81\" target=\"_blank\" rel=\"noreferrer noopener\">d\u00e9couvre<\/a><\/em><\/p>\n<\/div>\n<\/div>\n<\/div><\/div>\n","protected":false},"excerpt":{"rendered":"<p>Les Sanchez, c&rsquo;est une famille pleine de vie, toujours pr\u00eate \u00e0 partir \u00e0 l\u2019aventure. Ensemble, ils aiment d\u00e9couvrir de nouveaux horizons et partager des moments simples en famille\u2026 ! Ils nous proposent ici un week-end en \u00e9t\u00e9 \u00e0 la Clusaz. Cette micro-aventure a \u00e9t\u00e9 r\u00e9alis\u00e9e avec France Montagnes et le label Famille Plus, qui labellise [&hellip;]<\/p>\n","protected":false},"author":108,"featured_media":11579,"comment_status":"open","ping_status":"open","sticky":false,"template":"","format":"standard","meta":[],"categories":[150,184],"tags":[160],"yoast_head":"<!-- This site is optimized with the Yoast SEO plugin v14.9 - https:\/\/yoast.com\/wordpress\/plugins\/seo\/ -->\n<title>Un week-end en \u00e9t\u00e9 \u00e0 la Clusaz - Les Petits Baroudeurs<\/title>\n<meta name=\"description\" content=\"Direction la Clusaz en \u00e9t\u00e9 le temps d&#039;un week-end pour la famille Sanchez ! Au programme, VTT, luge d&#039;\u00e9t\u00e9, ferme et balade botanique.\" \/>\n<meta name=\"robots\" content=\"index, follow, max-snippet:-1, max-image-preview:large, max-video-preview:-1\" \/>\n<link rel=\"canonical\" href=\"https:\/\/www.lespetitsbaroudeurs.com\/blog\/un-week-end-en-ete-a-la-clusaz\/\" \/>\n<meta property=\"og:locale\" content=\"fr_FR\" \/>\n<meta property=\"og:type\" content=\"article\" \/>\n<meta property=\"og:title\" content=\"Un week-end en \u00e9t\u00e9 \u00e0 la Clusaz - Les Petits Baroudeurs\" \/>\n<meta property=\"og:description\" content=\"Direction la Clusaz en \u00e9t\u00e9 le temps d&#039;un week-end pour la famille Sanchez ! Au programme, VTT, luge d&#039;\u00e9t\u00e9, ferme et balade botanique.\" \/>\n<meta property=\"og:url\" content=\"https:\/\/www.lespetitsbaroudeurs.com\/blog\/un-week-end-en-ete-a-la-clusaz\/\" \/>\n<meta property=\"og:site_name\" content=\"Les Petits Baroudeurs\" \/>\n<meta property=\"article:publisher\" content=\"https:\/\/www.facebook.com\/lespetitsbaroudeurs\/\" \/>\n<meta property=\"article:published_time\" content=\"2025-06-23T15:00:20+00:00\" \/>\n<meta property=\"article:modified_time\" content=\"2025-06-23T07:35:43+00:00\" \/>\n<meta property=\"og:image\" content=\"https:\/\/www.lespetitsbaroudeurs.com\/blog\/wp-content\/uploads\/2025\/06\/Un-week-end-en-ete-a-la-Clusaz-Couverture.jpg\" \/>\n\t<meta property=\"og:image:width\" content=\"1500\" \/>\n\t<meta property=\"og:image:height\" content=\"700\" \/>\n<meta name=\"twitter:card\" content=\"summary_large_image\" \/>\n<script type=\"application\/ld+json\" class=\"yoast-schema-graph\">{\"@context\":\"https:\/\/schema.org\",\"@graph\":[{\"@type\":\"WebSite\",\"@id\":\"https:\/\/www.lespetitsbaroudeurs.com\/blog\/#website\",\"url\":\"https:\/\/www.lespetitsbaroudeurs.com\/blog\/\",\"name\":\"Les Petits Baroudeurs\",\"description\":\"Le Blog de l&#039;aventure en famille !\",\"potentialAction\":[{\"@type\":\"SearchAction\",\"target\":\"https:\/\/www.lespetitsbaroudeurs.com\/blog\/?s={search_term_string}\",\"query-input\":\"required name=search_term_string\"}],\"inLanguage\":\"fr-FR\"},{\"@type\":\"ImageObject\",\"@id\":\"https:\/\/www.lespetitsbaroudeurs.com\/blog\/un-week-end-en-ete-a-la-clusaz\/#primaryimage\",\"inLanguage\":\"fr-FR\",\"url\":\"https:\/\/www.lespetitsbaroudeurs.com\/blog\/wp-content\/uploads\/2025\/06\/Un-week-end-en-ete-a-la-Clusaz-Couverture.jpg\",\"width\":1500,\"height\":700},{\"@type\":\"WebPage\",\"@id\":\"https:\/\/www.lespetitsbaroudeurs.com\/blog\/un-week-end-en-ete-a-la-clusaz\/#webpage\",\"url\":\"https:\/\/www.lespetitsbaroudeurs.com\/blog\/un-week-end-en-ete-a-la-clusaz\/\",\"name\":\"Un week-end en \\u00e9t\\u00e9 \\u00e0 la Clusaz - Les Petits Baroudeurs\",\"isPartOf\":{\"@id\":\"https:\/\/www.lespetitsbaroudeurs.com\/blog\/#website\"},\"primaryImageOfPage\":{\"@id\":\"https:\/\/www.lespetitsbaroudeurs.com\/blog\/un-week-end-en-ete-a-la-clusaz\/#primaryimage\"},\"author\":{\"@id\":\"https:\/\/www.lespetitsbaroudeurs.com\/blog\/#\/schema\/person\/212ffba56b7bfd23943cf353782393c9\"},\"description\":\"Direction la Clusaz en \\u00e9t\\u00e9 le temps d'un week-end pour la famille Sanchez ! Au programme, VTT, luge d'\\u00e9t\\u00e9, ferme et balade botanique.\",\"inLanguage\":\"fr-FR\",\"potentialAction\":[{\"@type\":\"ReadAction\",\"target\":[\"https:\/\/www.lespetitsbaroudeurs.com\/blog\/un-week-end-en-ete-a-la-clusaz\/\"]}]},{\"@type\":\"Person\",\"@id\":\"https:\/\/www.lespetitsbaroudeurs.com\/blog\/#\/schema\/person\/212ffba56b7bfd23943cf353782393c9\",\"name\":\"Famille Sanchez\",\"image\":{\"@type\":\"ImageObject\",\"@id\":\"https:\/\/www.lespetitsbaroudeurs.com\/blog\/#personlogo\",\"inLanguage\":\"fr-FR\",\"url\":\"https:\/\/secure.gravatar.com\/avatar\/673abd4fe83704a3cb6226834f7d5bf4?s=96&d=mm&r=g\",\"caption\":\"Famille Sanchez\"}}]}<\/script>\n<!-- \/ Yoast SEO plugin. -->","_links":{"self":[{"href":"https:\/\/www.lespetitsbaroudeurs.com\/blog\/wp-json\/wp\/v2\/posts\/11546"}],"collection":[{"href":"https:\/\/www.lespetitsbaroudeurs.com\/blog\/wp-json\/wp\/v2\/posts"}],"about":[{"href":"https:\/\/www.lespetitsbaroudeurs.com\/blog\/wp-json\/wp\/v2\/types\/post"}],"author":[{"embeddable":true,"href":"https:\/\/www.lespetitsbaroudeurs.com\/blog\/wp-json\/wp\/v2\/users\/108"}],"replies":[{"embeddable":true,"href":"https:\/\/www.lespetitsbaroudeurs.com\/blog\/wp-json\/wp\/v2\/comments?post=11546"}],"version-history":[{"count":9,"href":"https:\/\/www.lespetitsbaroudeurs.com\/blog\/wp-json\/wp\/v2\/posts\/11546\/revisions"}],"predecessor-version":[{"id":11587,"href":"https:\/\/www.lespetitsbaroudeurs.com\/blog\/wp-json\/wp\/v2\/posts\/11546\/revisions\/11587"}],"wp:featuredmedia":[{"embeddable":true,"href":"https:\/\/www.lespetitsbaroudeurs.com\/blog\/wp-json\/wp\/v2\/media\/11579"}],"wp:attachment":[{"href":"https:\/\/www.lespetitsbaroudeurs.com\/blog\/wp-json\/wp\/v2\/media?parent=11546"}],"wp:term":[{"taxonomy":"category","embeddable":true,"href":"https:\/\/www.lespetitsbaroudeurs.com\/blog\/wp-json\/wp\/v2\/categories?post=11546"},{"taxonomy":"post_tag","embeddable":true,"href":"https:\/\/www.lespetitsbaroudeurs.com\/blog\/wp-json\/wp\/v2\/tags?post=11546"}],"curies":[{"name":"wp","href":"https:\/\/api.w.org\/{rel}","templated":true}]}}