{"id":11957,"date":"2026-03-16T17:00:26","date_gmt":"2026-03-16T16:00:26","guid":{"rendered":"https:\/\/www.lespetitsbaroudeurs.com\/blog\/?p=11957"},"modified":"2026-03-16T10:17:42","modified_gmt":"2026-03-16T09:17:42","slug":"les-alpes-suisses-avec-un-ado-pendant-4-jours","status":"publish","type":"post","link":"https:\/\/www.lespetitsbaroudeurs.com\/blog\/les-alpes-suisses-avec-un-ado-pendant-4-jours\/","title":{"rendered":"Les Alpes suisses avec un ado pendant 4 jours"},"content":{"rendered":"\n<p><em>Marie vit pr\u00e8s des Vosges et adorent partir barouder en famille. Tente, van, refuge\u2026 elle aime varier les lieux pour dormir. Elle nous emm\u00e8ne cette fois-ci passer 4 jours dans les Alpes suisses avec un ado, son beau-fils.<\/em><\/p>\n\n\n\n<p>Cette fois-ci, pour la premi\u00e8re fois, je me suis enti\u00e8rement laiss\u00e9e guid\u00e9e par mon conjoint. On avait 4 jours devant nous, 4 jours avec un ado de 14 ans, Lo\u00efc. Ma fille, Suzie, avec qui j\u2019ai l\u2019habitude de barouder, profitait de son papa. J\u2019\u00e9tais enceinte de 5 mois et demi. J\u2019avais envie de grand air, de belles et grandes montagnes et d\u2019une vue d\u00e9gag\u00e9e. La Suisse Allemande nous a paru \u00eatre la meilleure id\u00e9e. Nous y sommes en moins de 4 heures et Lionel est un amoureux de ce pays!<\/p>\n\n\n\n<figure class=\"wp-block-image size-large\"><img loading=\"lazy\" width=\"768\" height=\"1024\" src=\"https:\/\/www.lespetitsbaroudeurs.com\/blog\/wp-content\/uploads\/2026\/03\/Les-Alpes-suisses-avec-un-ado-5.jpg\" alt=\"\" class=\"wp-image-11975\" srcset=\"https:\/\/www.lespetitsbaroudeurs.com\/blog\/wp-content\/uploads\/2026\/03\/Les-Alpes-suisses-avec-un-ado-5.jpg 768w, https:\/\/www.lespetitsbaroudeurs.com\/blog\/wp-content\/uploads\/2026\/03\/Les-Alpes-suisses-avec-un-ado-5-225x300.jpg 225w\" sizes=\"(max-width: 768px) 100vw, 768px\" \/><\/figure>\n\n\n\n<h2>Le parcours des Alpes suisses avec un ado<\/h2>\n\n\n\n<h3><strong>Jour 1<\/strong> dans les Alpes suisses avec un ado<\/h3>\n\n\n\n<h4>D\u00e9part direction la Suisse<\/h4>\n\n\n\n<p>D\u00e9part pr\u00e9vu \u00e0 9h qui se trouve \u00eatre un 10H bien tass\u00e9. Le fourgon a le plein d\u2019essence et les courses ont \u00e9t\u00e9 faites la veille. Nous roulons sous une belle m\u00e9t\u00e9o et quittons l\u2019autoroute pour une pause repas une fois arriv\u00e9s en Suisse. Nous sommes partis avec nos deux chiens et avons d\u00e9cid\u00e9 de commencer par les promener apr\u00e8s avoir rep\u00e9r\u00e9 un joli point de vue sur google maps. Spoiler : on ne le trouvera jamais mais nous arrivons \u00e0 motiver notre ado gr\u00e2ce \u00e0 une sorte de grotte creus\u00e9e sur le chemin. \u00c7a le ravive et nous marchons pas loin d\u2019une petite heure!<\/p>\n\n\n\n<h4>Lauterbrunnen<\/h4>\n\n\n\n<p>Apr\u00e8s avoir pique-niqu\u00e9, nous reprenons la route direction LAUTERBRUNNEN, une petite commune de Suisse perdue au creux des Alpes Suisse Allemande. Les paysages sont SUBLIMES, les cascades si nombreuses que l\u2019on n\u2019arrive plus \u00e0 suivre nos comptes mais la renomm\u00e9e touristique du lieu a pris le dessus. Nous \u00e9prouvons de grandes difficult\u00e9s pour nous garer: il faut dire qu\u2019un fourgon, \u00e7a prend de la place! Il y a du monde PARTOUT. Nous trouvons tout de m\u00eame une place \u00e0 l\u2019ext\u00e9rieur du village, \u00e0 45 minutes \u00e0 pied et d\u00e9couvrons une balade parfaitement am\u00e9nag\u00e9e et accessible \u00e0 tous (poussette, si\u00e8ge roulant\u2026). Il y a des toilettes s\u00e8ches et des emplacements \u00e0 barbecue (avec du bois \u00e0 disposition) partout: le bonheur!<\/p>\n\n\n\n<p>Nous reprenons la route en toute fin de journ\u00e9e; les spots r\u00e9f\u00e9renc\u00e9s sur <a href=\"https:\/\/park4night.com\/fr\" target=\"_blank\" rel=\"noreferrer noopener\">park4night<\/a> se trouvent \u00eatre inexploitables; nous trouvons par le plus grand des hasards une route foresti\u00e8re autoris\u00e9e et nous enfon\u00e7ons jusqu\u2019\u00e0 sa toute fin. La surprise est de taille: une belle avanc\u00e9e devant un chemin de rando et une vue imprenable sur les montagnes!\u00a0<\/p>\n\n\n\n<figure class=\"wp-block-image size-large\"><img loading=\"lazy\" width=\"768\" height=\"1024\" src=\"https:\/\/www.lespetitsbaroudeurs.com\/blog\/wp-content\/uploads\/2026\/03\/Les-Alpes-suisses-avec-un-ado-3.jpg\" alt=\"\" class=\"wp-image-11971\" srcset=\"https:\/\/www.lespetitsbaroudeurs.com\/blog\/wp-content\/uploads\/2026\/03\/Les-Alpes-suisses-avec-un-ado-3.jpg 768w, https:\/\/www.lespetitsbaroudeurs.com\/blog\/wp-content\/uploads\/2026\/03\/Les-Alpes-suisses-avec-un-ado-3-225x300.jpg 225w\" sizes=\"(max-width: 768px) 100vw, 768px\" \/><\/figure>\n\n\n\n<h3><strong>Jour 2<\/strong><\/h3>\n\n\n\n<h4>Attention aux vaches<\/h4>\n\n\n\n<p>Nous commen\u00e7ons la journ\u00e9e par une bonne douche; enfin seulement Lionel et moi. Oui, les ados n\u2019ont pas besoin de se laver, un d\u00e9odorant 24h suffit largement, vous ne saviez pas ?!<\/p>\n\n\n\n<p>Nous avions entendu les cloches de vaches d\u2019alpage la veille au soir alors nous d\u00e9cidons de les trouver avant de reprendre la route. L\u2019exp\u00e9rience est folle\u2026 mais s\u2019av\u00e8re au final dangereuse! Lionel est agriculteur et s\u2019assure avant toute chose qu\u2019il n\u2019y a aucun veaux, ni taureaux. Ce sont des g\u00e9nisses (jeune vache qui n\u2019a pas encore eu de veau). Nos chiens sont habitu\u00e9s, c\u2019est ok, alors nous rentrons dans le parc \u00e0 vache.<\/p>\n\n\n\n<p>Curieuse de nature, nous les laissons avancer (entendez courir) vers nous. Loic part sur les hauts du parc prendre des photos. Mon chien commence \u00e0 tourner autour des b\u00eates, \u00e0 les l\u00e9cher, et je sens l\u2019excitation monter, tant de son c\u00f4t\u00e9 que de leurs. Jarka, la malinoise de Lionel est prise de panique face aux bruits des cloches et mouvement des vaches et court se r\u00e9fugier en for\u00eat. Lionel part \u00e0 sa recherche.<\/p>\n\n\n\n<p>Lo\u00efc se fait surprendre par une vache qui s\u2019\u00e9tait approch\u00e9e tr\u00e8s pr\u00e8s, il fait un mouvement brusque et la vache se met \u00e0 sauter autour de lui. Il est pris de panique. Je le conseille tant bien que mal. Je suis encercl\u00e9e et je tente de faire sortir mon chien du parc tout en prot\u00e9geant mon ventre. Finalement, je me d\u00e9gage un passage \u00e0 co\u00fbt de caresses sur le museau et de paroles douces, fait sortir au plus vite Loic puis moi!<\/p>\n\n\n\n<figure class=\"wp-block-image size-large\"><img loading=\"lazy\" width=\"1024\" height=\"768\" src=\"https:\/\/www.lespetitsbaroudeurs.com\/blog\/wp-content\/uploads\/2026\/03\/Les-Alpes-suisses-avec-un-ado-1.jpg\" alt=\"\" class=\"wp-image-11970\" srcset=\"https:\/\/www.lespetitsbaroudeurs.com\/blog\/wp-content\/uploads\/2026\/03\/Les-Alpes-suisses-avec-un-ado-1.jpg 1024w, https:\/\/www.lespetitsbaroudeurs.com\/blog\/wp-content\/uploads\/2026\/03\/Les-Alpes-suisses-avec-un-ado-1-300x225.jpg 300w, https:\/\/www.lespetitsbaroudeurs.com\/blog\/wp-content\/uploads\/2026\/03\/Les-Alpes-suisses-avec-un-ado-1-768x576.jpg 768w\" sizes=\"(max-width: 1024px) 100vw, 1024px\" \/><\/figure>\n\n\n\n<h4>Le lac d&rsquo;Oeschinen<\/h4>\n\n\n\n<p>Apr\u00e8s cette exp\u00e9rience un peu folle, nous reprenons la route direction le plus beau lac de Suisse (dixit le g\u00e9ant Google) et comme des bleus, nous nous faisons, encore une fois, avoir par le monde. Nous arrivons sur les coups de midi au village de KANDERSTEG\u00a0\u00a0(Ha oui, adieu les randonn\u00e9es au lever du soleil avec un ado. Spoiler: un ado, \u00e7a traine au lit!) et trouvons tant bien que mal \u00e0 se garer \u00e0 plus de 40 minutes du point de d\u00e9part de la rando. Nous n\u2019en informons pas Loic\u2026<\/p>\n\n\n\n<p>Sous un soleil de plomb mais prot\u00e9g\u00e9 par nos casquettes, cr\u00e8me solaire et multiples bouteilles d\u2019eau dans nos sacs, on s\u2019attaque \u00e0 500m de D+ d\u2019une traite. Pour information, le lac d\u2019Oeschinen est \u00e9galement accessible en funiculaire. Je ne vous le cache pas, enceinte de plus de 6 mois, j\u2019en chie! Il y a aussi beaucoup de monde et ce n\u2019est pas toujours facile de trouver un coin tranquille o\u00f9 faire une pause.<\/p>\n\n\n\n<p>Lionel reste \u00e0 mes c\u00f4t\u00e9s et se fixe \u00e0 mon rythme de marche. Loic qui ne voulait pas marcher prend de l\u2019avance et nous distance tr\u00e8s largement! Nous le retrouvons au pied du lac avec la foule de monde mont\u00e9e \u00e0 pied et en funiculaire. Je suis d\u2019ailleurs interloqu\u00e9e par le nombre de personnes en robe longue l\u00e9g\u00e8re, en talons ou chaussures de ville: l\u2019entorse \u00e0 la cheville n\u2019est pas loin! Le lac est grand, perdu dans la montagne mais de l\u00e0 \u00e0 dire que c\u2019est le plus beau de Suisse\u2026 mwai! Bref, la vue est sublime et cela me suffit tr\u00e8s largement. Loic et Lionel sont un peu d\u00e9\u00e7us. Nous entamons la descente apr\u00e8s nous \u00eatre rassasi\u00e9 de sandwichs maison et de chips.<\/p>\n\n\n\n<figure class=\"wp-block-image size-large\"><img loading=\"lazy\" width=\"768\" height=\"1024\" src=\"https:\/\/www.lespetitsbaroudeurs.com\/blog\/wp-content\/uploads\/2026\/03\/Les-Alpes-suisses-avec-un-ado-4.jpg\" alt=\"\" class=\"wp-image-11972\" srcset=\"https:\/\/www.lespetitsbaroudeurs.com\/blog\/wp-content\/uploads\/2026\/03\/Les-Alpes-suisses-avec-un-ado-4.jpg 768w, https:\/\/www.lespetitsbaroudeurs.com\/blog\/wp-content\/uploads\/2026\/03\/Les-Alpes-suisses-avec-un-ado-4-225x300.jpg 225w\" sizes=\"(max-width: 768px) 100vw, 768px\" \/><\/figure>\n\n\n\n<h4>Une soir\u00e9e tranquille<\/h4>\n\n\n\n<p>Cette fois-ci, nous trouvons un spot de dodo ULTRA facilement \u00e0 c\u00f4t\u00e9 d\u2019une voie ferr\u00e9e et d\u2019un cours d\u2019eau. J\u2019avais promis des cr\u00eapes pour le dessert (l\u2019ado s\u2019en est souvenu), je m\u2019attaque donc \u00e0 leur cuisson pendant que les hommes se lavent. Oui, l\u00e0, on a insist\u00e9 pour que tout le monde se douche avant de dormir.\u00a0<\/p>\n\n\n\n<figure class=\"wp-block-image size-large\"><img loading=\"lazy\" width=\"768\" height=\"1024\" src=\"https:\/\/www.lespetitsbaroudeurs.com\/blog\/wp-content\/uploads\/2026\/03\/Les-Alpes-suisses-avec-un-ado-6.jpg\" alt=\"\" class=\"wp-image-11973\" srcset=\"https:\/\/www.lespetitsbaroudeurs.com\/blog\/wp-content\/uploads\/2026\/03\/Les-Alpes-suisses-avec-un-ado-6.jpg 768w, https:\/\/www.lespetitsbaroudeurs.com\/blog\/wp-content\/uploads\/2026\/03\/Les-Alpes-suisses-avec-un-ado-6-225x300.jpg 225w\" sizes=\"(max-width: 768px) 100vw, 768px\" \/><\/figure>\n\n\n\n<h3><strong>Jour 3<\/strong> dans les Alpes suisses avec un ado<\/h3>\n\n\n\n<p>Sans nulle doute, le jour \u00ab\u00a0p\u00e9pite\u00a0\u00bb de cette micro-aventure! Est-ce que c\u2019est parce qu\u2019apr\u00e8s deux jours complets de l\u00e2cher prise \u00e0 me laisser porter par Lionel (et OMG, c\u2019est le kiffe complet), j\u2019ai repris les commandes pour nous d\u00e9nicher une petite rando autour d\u2019un lac magnifique? Je vous laisse r\u00e9pondre \u00e0 cette question.<\/p>\n\n\n\n<p>Nous randonnons donc autour du lac de Seeberg, cela nous prendra une petite journ\u00e9e avec le pique-nique. Le parking se situe \u00e0 30 minutes \u00e0 pied (100 D+) du lac; parfait pour les randonneurs en herbe. La vue est sublime plus nous avan\u00e7ons et traversons les vall\u00e9es. Il y a tr\u00e8s peu de monde, c\u2019est appr\u00e9ciable. Nous rencontrerons un groupe de randonneurs avec des lamas: une premi\u00e8re! \u00c7a d\u00e9payse encore plus! Les gens sont aussi particuli\u00e8rement sympas avec nos chiens, qui sont attach\u00e9s, c\u2019est obligatoire!<\/p>\n\n\n\n<figure class=\"wp-block-image size-large\"><img loading=\"lazy\" width=\"1024\" height=\"768\" src=\"https:\/\/www.lespetitsbaroudeurs.com\/blog\/wp-content\/uploads\/2026\/03\/Les-Alpes-suisses-avec-un-ado-2.jpg\" alt=\"\" class=\"wp-image-11968\" srcset=\"https:\/\/www.lespetitsbaroudeurs.com\/blog\/wp-content\/uploads\/2026\/03\/Les-Alpes-suisses-avec-un-ado-2.jpg 1024w, https:\/\/www.lespetitsbaroudeurs.com\/blog\/wp-content\/uploads\/2026\/03\/Les-Alpes-suisses-avec-un-ado-2-300x225.jpg 300w, https:\/\/www.lespetitsbaroudeurs.com\/blog\/wp-content\/uploads\/2026\/03\/Les-Alpes-suisses-avec-un-ado-2-768x576.jpg 768w\" sizes=\"(max-width: 1024px) 100vw, 1024px\" \/><\/figure>\n\n\n\n<p>Loic ne voulait pas marcher, il est en plein pic de croissance et a tr\u00e8s r\u00e9guli\u00e8rement mal aux jambes. Je vous le donne en mille: il nous a encore une fois distanc\u00e9s. Un ado, \u00e7a aime bien \u00eatre seul aussi je crois, dans son monde. Il y a une ferme auberge attenante au lac, nous n\u2019y sommes pas all\u00e9s mais les avis google y sont tr\u00e8s tr\u00e8s bons!<\/p>\n\n\n\n<p>Nous reprenons la route en commen\u00e7ant \u00e0 rentrer doucement vers la France et trouvons \u00e0 nous garer en plein milieu d\u2019une for\u00eat. C\u2019est la f\u00eate au village et nous y participons par procuration. Il y a un gros orage dans la nuit mais personne n\u2019en est effray\u00e9e.\u00a0<\/p>\n\n\n\n<figure class=\"wp-block-image size-large\"><img loading=\"lazy\" width=\"768\" height=\"1024\" src=\"https:\/\/www.lespetitsbaroudeurs.com\/blog\/wp-content\/uploads\/2026\/03\/Les-Alpes-suisses-avec-un-ado-8.jpg\" alt=\"\" class=\"wp-image-11969\" srcset=\"https:\/\/www.lespetitsbaroudeurs.com\/blog\/wp-content\/uploads\/2026\/03\/Les-Alpes-suisses-avec-un-ado-8.jpg 768w, https:\/\/www.lespetitsbaroudeurs.com\/blog\/wp-content\/uploads\/2026\/03\/Les-Alpes-suisses-avec-un-ado-8-225x300.jpg 225w\" sizes=\"(max-width: 768px) 100vw, 768px\" \/><\/figure>\n\n\n\n<h3><strong>Jour 4<\/strong><\/h3>\n\n\n\n<p>Il fait chaud! Il restait de la p\u00e2te \u00e0 cr\u00eapes alors nous les avons d\u00e9gust\u00e9es pour le petit d\u00e9jeuner. Nous n\u2019avons pas grand chose de pr\u00e9vu et ne trouvons pas de belles balades \u00e0 faire autour alors on d\u00e9cide de passer la fronti\u00e8re allemande pour se promener autour d\u2019un ch\u00e2teau.<\/p>\n\n\n\n<p>On mange sur le parking avant d\u2019apprendre que les chiens y sont interdits d\u2019acc\u00e8s. Impossible pour nous de les laisser dans le fourgon sous cette chaleur alors on traine, on parle politique, on s\u2019enflamme un peu mais on se repose physiquement et \u00e7a fait du bien! Ce qui n\u2019est pas plus mal d\u2019ailleurs, l\u2019ado nous avait averti: aujourd\u2019hui, il ne marcherait pas! Alors on d\u00e9cide de se rapprocher de l\u2019endroit o\u00f9 nous devons r\u00e9cup\u00e9rer ma fille et de trouver un endroit o\u00f9 se rafra\u00eechir.<\/p>\n\n\n\n<p>On laisse l\u2019ado nous diriger, sa lecture de carte est excellente, son papa le f\u00e9licite ! L\u2019eau est malheureusement trop sale pour s\u2019y baigner mais nous profitons de ces quelques derni\u00e8res heures ensemble avant de r\u00e9cup\u00e9rer mon moulin \u00e0 parole pr\u00e9f\u00e9r\u00e9! Nous rentrons \u00e0 la maison sur les coups de 19h, d\u00e9barrassons ensemble le fourgon, prenons une douche, mangeons et nous couchons, heureux et des paysages magnifiques pleins la t\u00eate.\u00a0\u00a0<\/p>\n\n\n\n<h2>Nos coups de c\u0153ur dans les Alpes suisses avec un ado<\/h2>\n\n\n\n<ul><li>Le d\u00e9passement de soi et le gout de l\u2019effort. Je crois qu\u2019on en parle pas assez! Nous venons des Vosges, de vieilles montagnes arrondies, o\u00f9 les quelques sentiers \u00ab&nbsp;techniques&nbsp;\u00bb font rigoler bien des alpins! Alors parcourir des sentiers tr\u00e8s pentus, c\u2019est toujours un petit d\u00e9fi pour moi, encore plus enceinte! Et admirer ce que mon corps a pu faire sans trop forcer pendant ces quelques jours f\u00fbt un pure bonheur!<\/li><li>Les supermarch\u00e9s: Oui assez \u00e9tonnant hein! Mais d\u00e9couvrir un pays, c\u2019est aussi en appr\u00e9cier sa gastronomie et les habitudes d\u2019achat des locaux. Alors j\u2019aime passer un peu de temps au travers des rayons des magasins, acheter quelques sp\u00e9cialit\u00e9s et appr\u00e9cier quelques minutes de clim!<\/li><li>Les gardes forestiers : Je ne suis pas certaine qu\u2019on les nomme comme \u00e7a mais nous en avons crois\u00e9 plusieurs, \u00e0 v\u00e9lo et\/ou en voiture et ils veillent \u00e0 ce que les r\u00e8gles soient respect\u00e9es et \u00e7a, c\u2019est une super initiative!&nbsp;<\/li><li>Le lac de Seeberg : Une merveille en tout point! Tr\u00e8s largement accessible d\u00e8s le plus jeune \u00e2ge, de multiples boucles \u00e0 faire autour, deux parkings y attenant; \u00e0 faire absolument!<\/li><\/ul>\n\n\n\n<h2>Les infos utiles pour les Alpes suisses avec un ado<\/h2>\n\n\n\n<ul><li>Pour vous garer facilement \u00e0 LAUTERBRUNNEN, sortez du village (c\u2019est facile qu\u2019il n\u2019y a qu\u2019une sortie) direction la neige \u00e9ternelle! Vous trouverez un parking gratuit pendant deux heures. Pensez \u00e0 mettre un post-it avec l\u2019heure d\u2019arriv\u00e9e sur le pare-brise!<\/li><li>LA grosse difficult\u00e9 quand on baroudeur en Suisse, c\u2019est de trouver un lieu o\u00f9 se garer la nuit. Pensez \u00e0 bien lire tous les r\u00e9cents commentaires des lieux r\u00e9f\u00e9renc\u00e9s sur l\u2019application Park4night pour \u00e9viter des d\u00e9sagr\u00e9ments du genre un r\u00e9cent panneau d\u2019interdiction de bivouaquer. Soyez patient et prenez de l\u2019avance! Avoir un 4&#215;4 aide grandement \u00e0 vous enfiler dans des chemins de for\u00eats (autoris\u00e9s of course!)\u2026<\/li><li>Les vaches d\u2019alpage: On ne traverse pas un parc sans prendre quelques pr\u00e9cautions. Les chiens doivent \u00eatre attach\u00e9s et les enfants avertis. Marchez doucement et laissez venir les b\u00eates \u00e0 vous, pas l\u2019inverse. Parlez-leur, caressez-les et avancez. Et ne vous approchez pas des b\u00e9b\u00e9s s\u2019il y en a: oui un coup de sabot peut faire tr\u00e8s tr\u00e8s mal!\u00a0<\/li><li>Les lacs, les belles randonn\u00e9es avec point de vue et photos instagrammables sont presque exclusivement et seulement accessibles en funiculaire ou train \u00e0 cr\u00e9maill\u00e8re. Pensez \u00e0 pr\u00e9voir un budget \u00ab\u00a0tourisme\u00a0\u00bb ou \u00e0 bien pr\u00e9parer votre road-trip en amont.\u00a0<\/li><\/ul>\n\n\n\n<figure class=\"wp-block-image size-large\"><img loading=\"lazy\" width=\"768\" height=\"1024\" src=\"https:\/\/www.lespetitsbaroudeurs.com\/blog\/wp-content\/uploads\/2026\/03\/Les-Alpes-suisses-avec-un-ado-7.jpg\" alt=\"\" class=\"wp-image-11974\" srcset=\"https:\/\/www.lespetitsbaroudeurs.com\/blog\/wp-content\/uploads\/2026\/03\/Les-Alpes-suisses-avec-un-ado-7.jpg 768w, https:\/\/www.lespetitsbaroudeurs.com\/blog\/wp-content\/uploads\/2026\/03\/Les-Alpes-suisses-avec-un-ado-7-225x300.jpg 225w\" sizes=\"(max-width: 768px) 100vw, 768px\" \/><\/figure>\n\n\n\n<h2>Notre \u00e9quipement pour les Alpes suisses avec un ado<\/h2>\n\n\n\n<div class=\"wp-block-group alignwide\"><div class=\"wp-block-group__inner-container\">\n<div class=\"wp-block-columns alignwide\">\n<div class=\"wp-block-column is-vertically-aligned-center\">\n<div class=\"wp-block-image\"><figure class=\"aligncenter size-large\"><img loading=\"lazy\" width=\"300\" height=\"300\" src=\"https:\/\/www.lespetitsbaroudeurs.com\/blog\/wp-content\/uploads\/2025\/01\/sac-a-dos-randonnee-enfant-climber-deuter-corn-ink-e1738232144411.jpg\" alt=\"\" class=\"wp-image-10976\"\/><\/figure><\/div>\n\n\n\n<p class=\"has-text-align-center\"><em>Sac \u00e0 dos<\/em><br><em><a href=\"https:\/\/www.lespetitsbaroudeurs.com\/sac-a-dos-randonnee-enfant-17\" target=\"_blank\" rel=\"noreferrer noopener\">\u27b3Je d\u00e9couvre<\/a><\/em><\/p>\n<\/div>\n\n\n\n<div class=\"wp-block-column\">\n<div class=\"wp-block-image\"><figure class=\"aligncenter size-large\"><img loading=\"lazy\" width=\"300\" height=\"300\" src=\"https:\/\/www.lespetitsbaroudeurs.com\/blog\/wp-content\/uploads\/2024\/03\/chaussures-kimberfeel-vinson-enfant-bleu-ciel-e1710362776647.jpg\" alt=\"\" class=\"wp-image-9852\"\/><\/figure><\/div>\n\n\n\n<p class=\"has-text-align-center\"><em><em>Chaussures de randonn\u00e9e<\/em><\/em><br><em><a href=\"https:\/\/www.lespetitsbaroudeurs.com\/chaussure-randonnee-enfant-51\" target=\"_blank\" rel=\"noreferrer noopener\">\u27b3Je d\u00e9couvre<\/a><\/em><\/p>\n<\/div>\n\n\n\n<div class=\"wp-block-column\">\n<div class=\"wp-block-image\"><figure class=\"aligncenter size-large\"><img loading=\"lazy\" width=\"300\" height=\"300\" src=\"https:\/\/www.lespetitsbaroudeurs.com\/blog\/wp-content\/uploads\/2024\/01\/pull-polaire-turkikas-cantaloupe-orange-reima-e1706531628438.jpg\" alt=\"\" class=\"wp-image-9520\"\/><\/figure><\/div>\n\n\n\n<p class=\"has-text-align-center\"><em>Polaire<\/em><br><em><a href=\"https:\/\/www.lespetitsbaroudeurs.com\/veste-impermeable-enfant-bebe-39\" target=\"_blank\" rel=\"noreferrer noopener\">\u27b3Je <\/a><a href=\"https:\/\/www.lespetitsbaroudeurs.com\/vestes-combinaisons-et-pantalons-polaires-59\" target=\"_blank\" rel=\"noreferrer noopener\">d\u00e9couvre<\/a><\/em><\/p>\n<\/div>\n<\/div>\n<\/div><\/div>\n\n\n\n<div class=\"wp-block-group alignwide\"><div class=\"wp-block-group__inner-container\">\n<div class=\"wp-block-columns alignwide are-vertically-aligned-center\">\n<div class=\"wp-block-column is-vertically-aligned-center\">\n<div class=\"wp-block-image\"><figure class=\"aligncenter size-large\"><img loading=\"lazy\" width=\"300\" height=\"300\" src=\"https:\/\/www.lespetitsbaroudeurs.com\/blog\/wp-content\/uploads\/2024\/02\/casquette-enfant-patagonia-kids-trucker-p6-logo-oar-tan-e1708333033703.jpg\" alt=\"Casquette enfant Patagonia\" class=\"wp-image-9638\"\/><\/figure><\/div>\n\n\n\n<p class=\"has-text-align-center\"><em>Chapeau<\/em><br><em><a href=\"https:\/\/www.lespetitsbaroudeurs.com\/chapeaux-soleil-bebe-48\" target=\"_blank\" rel=\"noreferrer noopener\">\u27b3Je d\u00e9couvre<\/a><\/em><\/p>\n<\/div>\n\n\n\n<div class=\"wp-block-column is-vertically-aligned-center\">\n<div class=\"wp-block-image\"><figure class=\"aligncenter size-large\"><img loading=\"lazy\" width=\"300\" height=\"300\" src=\"https:\/\/www.lespetitsbaroudeurs.com\/blog\/wp-content\/uploads\/2024\/06\/batons-marche-junior-guidetti-rouge-e1719229208646.jpg\" alt=\"\" class=\"wp-image-10443\"\/><\/figure><\/div>\n\n\n\n<p class=\"has-text-align-center\"><em><em>B\u00e2tons de marche<\/em><\/em><br><em><a href=\"https:\/\/www.lespetitsbaroudeurs.com\/baton-marche-enfant-junior-54\" target=\"_blank\" rel=\"noreferrer noopener\">\u27b3Je d\u00e9couvre<\/a><\/em><\/p>\n<\/div>\n\n\n\n<div class=\"wp-block-column is-vertically-aligned-center\">\n<div class=\"wp-block-image\"><figure class=\"aligncenter size-large\"><img src=\"https:\/\/www.lespetitsbaroudeurs.com\/blog\/wp-content\/uploads\/2024\/11\/boussole-enfant-boitier-terra-kids.jpg\" alt=\"\" class=\"wp-image-10713\"\/><\/figure><\/div>\n\n\n\n<p class=\"has-text-align-center\"><em>Boussole<\/em><br><em><a href=\"https:\/\/www.lespetitsbaroudeurs.com\/veste-impermeable-enfant-bebe-39\" target=\"_blank\" rel=\"noreferrer noopener\">\u27b3Je <\/a><a href=\"https:\/\/www.lespetitsbaroudeurs.com\/jeux-nature-enfant-81\" target=\"_blank\" rel=\"noreferrer noopener\">d\u00e9couvre<\/a><\/em><\/p>\n<\/div>\n<\/div>\n<\/div><\/div>\n","protected":false},"excerpt":{"rendered":"<p>Marie vit pr\u00e8s des Vosges et adorent partir barouder en famille. Tente, van, refuge\u2026 elle aime varier les lieux pour dormir. Elle nous emm\u00e8ne cette fois-ci passer 4 jours dans les Alpes suisses avec un ado, son beau-fils. Cette fois-ci, pour la premi\u00e8re fois, je me suis enti\u00e8rement laiss\u00e9e guid\u00e9e par mon conjoint. On avait [&hellip;]<\/p>\n","protected":false},"author":99,"featured_media":11977,"comment_status":"open","ping_status":"open","sticky":false,"template":"","format":"standard","meta":[],"categories":[151,184],"tags":[160],"yoast_head":"<!-- This site is optimized with the Yoast SEO plugin v14.9 - https:\/\/yoast.com\/wordpress\/plugins\/seo\/ -->\n<title>Les Alpes suisses avec un ado pendant 4 jours - Les Petits Baroudeurs<\/title>\n<meta name=\"description\" content=\"Enceinte de 6 mois, Marie d\u00e9cide d&#039;emmener son ch\u00e9ri et son beau-fils en road-trip. Direction donc les Alpes suisses avec un ado.\" \/>\n<meta name=\"robots\" content=\"index, follow, max-snippet:-1, max-image-preview:large, max-video-preview:-1\" \/>\n<link rel=\"canonical\" href=\"https:\/\/www.lespetitsbaroudeurs.com\/blog\/les-alpes-suisses-avec-un-ado-pendant-4-jours\/\" \/>\n<meta property=\"og:locale\" content=\"fr_FR\" \/>\n<meta property=\"og:type\" content=\"article\" \/>\n<meta property=\"og:title\" content=\"Les Alpes suisses avec un ado pendant 4 jours - Les Petits Baroudeurs\" \/>\n<meta property=\"og:description\" content=\"Enceinte de 6 mois, Marie d\u00e9cide d&#039;emmener son ch\u00e9ri et son beau-fils en road-trip. Direction donc les Alpes suisses avec un ado.\" \/>\n<meta property=\"og:url\" content=\"https:\/\/www.lespetitsbaroudeurs.com\/blog\/les-alpes-suisses-avec-un-ado-pendant-4-jours\/\" \/>\n<meta property=\"og:site_name\" content=\"Les Petits Baroudeurs\" \/>\n<meta property=\"article:publisher\" content=\"https:\/\/www.facebook.com\/lespetitsbaroudeurs\/\" \/>\n<meta property=\"article:published_time\" content=\"2026-03-16T16:00:26+00:00\" \/>\n<meta property=\"article:modified_time\" content=\"2026-03-16T09:17:42+00:00\" \/>\n<meta property=\"og:image\" content=\"https:\/\/www.lespetitsbaroudeurs.com\/blog\/wp-content\/uploads\/2026\/03\/Les-Alpes-suisses-avec-un-ado-Couverture.jpg\" \/>\n\t<meta property=\"og:image:width\" content=\"1500\" \/>\n\t<meta property=\"og:image:height\" content=\"700\" \/>\n<meta name=\"twitter:card\" content=\"summary_large_image\" \/>\n<script type=\"application\/ld+json\" class=\"yoast-schema-graph\">{\"@context\":\"https:\/\/schema.org\",\"@graph\":[{\"@type\":\"WebSite\",\"@id\":\"https:\/\/www.lespetitsbaroudeurs.com\/blog\/#website\",\"url\":\"https:\/\/www.lespetitsbaroudeurs.com\/blog\/\",\"name\":\"Les Petits Baroudeurs\",\"description\":\"Le Blog de l&#039;aventure en famille !\",\"potentialAction\":[{\"@type\":\"SearchAction\",\"target\":\"https:\/\/www.lespetitsbaroudeurs.com\/blog\/?s={search_term_string}\",\"query-input\":\"required name=search_term_string\"}],\"inLanguage\":\"fr-FR\"},{\"@type\":\"ImageObject\",\"@id\":\"https:\/\/www.lespetitsbaroudeurs.com\/blog\/les-alpes-suisses-avec-un-ado-pendant-4-jours\/#primaryimage\",\"inLanguage\":\"fr-FR\",\"url\":\"https:\/\/www.lespetitsbaroudeurs.com\/blog\/wp-content\/uploads\/2026\/03\/Les-Alpes-suisses-avec-un-ado-Couverture.jpg\",\"width\":1500,\"height\":700},{\"@type\":\"WebPage\",\"@id\":\"https:\/\/www.lespetitsbaroudeurs.com\/blog\/les-alpes-suisses-avec-un-ado-pendant-4-jours\/#webpage\",\"url\":\"https:\/\/www.lespetitsbaroudeurs.com\/blog\/les-alpes-suisses-avec-un-ado-pendant-4-jours\/\",\"name\":\"Les Alpes suisses avec un ado pendant 4 jours - Les Petits Baroudeurs\",\"isPartOf\":{\"@id\":\"https:\/\/www.lespetitsbaroudeurs.com\/blog\/#website\"},\"primaryImageOfPage\":{\"@id\":\"https:\/\/www.lespetitsbaroudeurs.com\/blog\/les-alpes-suisses-avec-un-ado-pendant-4-jours\/#primaryimage\"},\"author\":{\"@id\":\"https:\/\/www.lespetitsbaroudeurs.com\/blog\/#\/schema\/person\/b6e4940e36c6f664944be8c1858f3a38\"},\"description\":\"Enceinte de 6 mois, Marie d\\u00e9cide d'emmener son ch\\u00e9ri et son beau-fils en road-trip. Direction donc les Alpes suisses avec un ado.\",\"inLanguage\":\"fr-FR\",\"potentialAction\":[{\"@type\":\"ReadAction\",\"target\":[\"https:\/\/www.lespetitsbaroudeurs.com\/blog\/les-alpes-suisses-avec-un-ado-pendant-4-jours\/\"]}]},{\"@type\":\"Person\",\"@id\":\"https:\/\/www.lespetitsbaroudeurs.com\/blog\/#\/schema\/person\/b6e4940e36c6f664944be8c1858f3a38\",\"name\":\"Guide d'une maman au sommet\",\"image\":{\"@type\":\"ImageObject\",\"@id\":\"https:\/\/www.lespetitsbaroudeurs.com\/blog\/#personlogo\",\"inLanguage\":\"fr-FR\",\"url\":\"https:\/\/secure.gravatar.com\/avatar\/5d2785e096dc88c8d0e93d59885880da?s=96&d=mm&r=g\",\"caption\":\"Guide d'une maman au sommet\"},\"description\":\"Un bin\\u00f4me M\\u00e8re et fille : Marie et Suzie Plus qu\\u2019une passion, le plein air est un besoin vital chez nous pour d\\u00e9penser l\\u2019\\u00e9nergie -d\\u00e9bordante- qui nous traverse quotidiennement ! Baroudeur en famille m\\u2019est venue tout naturellement -mais non sans gal\\u00e8re- lorsque je suis devenue maman puisqu\\u2019avant, je ne randonnais pas ! Alors j\\u2019ai appris et apprends encore et ai \\u00e0 c\\u0153ur de partager nos aventures au plus grand nombre pour montrer que TOUT EST POSSIBLE avec un enfant !\",\"sameAs\":[\"https:\/\/www.instagram.com\/guidedunemamanausommet\/?hl=fr\"]}]}<\/script>\n<!-- \/ Yoast SEO plugin. -->","_links":{"self":[{"href":"https:\/\/www.lespetitsbaroudeurs.com\/blog\/wp-json\/wp\/v2\/posts\/11957"}],"collection":[{"href":"https:\/\/www.lespetitsbaroudeurs.com\/blog\/wp-json\/wp\/v2\/posts"}],"about":[{"href":"https:\/\/www.lespetitsbaroudeurs.com\/blog\/wp-json\/wp\/v2\/types\/post"}],"author":[{"embeddable":true,"href":"https:\/\/www.lespetitsbaroudeurs.com\/blog\/wp-json\/wp\/v2\/users\/99"}],"replies":[{"embeddable":true,"href":"https:\/\/www.lespetitsbaroudeurs.com\/blog\/wp-json\/wp\/v2\/comments?post=11957"}],"version-history":[{"count":8,"href":"https:\/\/www.lespetitsbaroudeurs.com\/blog\/wp-json\/wp\/v2\/posts\/11957\/revisions"}],"predecessor-version":[{"id":11976,"href":"https:\/\/www.lespetitsbaroudeurs.com\/blog\/wp-json\/wp\/v2\/posts\/11957\/revisions\/11976"}],"wp:featuredmedia":[{"embeddable":true,"href":"https:\/\/www.lespetitsbaroudeurs.com\/blog\/wp-json\/wp\/v2\/media\/11977"}],"wp:attachment":[{"href":"https:\/\/www.lespetitsbaroudeurs.com\/blog\/wp-json\/wp\/v2\/media?parent=11957"}],"wp:term":[{"taxonomy":"category","embeddable":true,"href":"https:\/\/www.lespetitsbaroudeurs.com\/blog\/wp-json\/wp\/v2\/categories?post=11957"},{"taxonomy":"post_tag","embeddable":true,"href":"https:\/\/www.lespetitsbaroudeurs.com\/blog\/wp-json\/wp\/v2\/tags?post=11957"}],"curies":[{"name":"wp","href":"https:\/\/api.w.org\/{rel}","templated":true}]}}