{"id":2865,"date":"2014-02-25T11:06:48","date_gmt":"2014-02-25T11:06:48","guid":{"rendered":"https:\/\/www.lespetitsbaroudeurs.com\/blog\/open\/"},"modified":"2021-08-23T12:31:52","modified_gmt":"2021-08-23T10:31:52","slug":"randonnee-bebe-6-mois","status":"publish","type":"post","link":"https:\/\/www.lespetitsbaroudeurs.com\/blog\/randonnee-bebe-6-mois\/","title":{"rendered":"Randonner avec b\u00e9b\u00e9 : de la naissance \u00e0 18 mois"},"content":{"rendered":"\n<p>Partir en <strong>randonn\u00e9e avec b\u00e9b\u00e9<\/strong>&nbsp;? <strong>Bien pr\u00e9par\u00e9, c\u2019est possible&nbsp;!<\/strong> La marche est la premi\u00e8re activit\u00e9 sportive <em>outdoor<\/em> qui pourra \u00eatre pratiqu\u00e9e en famille. Adaptable \u00e0 tous les \u00e2ges et \u00e0 toutes les conditions physiques, la <strong>randonn\u00e9e<\/strong> permet de reprendre contact avec la nature environnante dans le respect des rythmes de chacun. Voici quelques conseils d\u2019organisation&nbsp;!<\/p>\n\n\n\n<figure class=\"wp-block-image size-large\"><img loading=\"lazy\" width=\"1024\" height=\"765\" src=\"https:\/\/www.lespetitsbaroudeurs.com\/blog\/wp-content\/uploads\/2021\/08\/randonnee-bebe.jpg\" alt=\"\" class=\"wp-image-7130\" srcset=\"https:\/\/www.lespetitsbaroudeurs.com\/blog\/wp-content\/uploads\/2021\/08\/randonnee-bebe.jpg 1024w, https:\/\/www.lespetitsbaroudeurs.com\/blog\/wp-content\/uploads\/2021\/08\/randonnee-bebe-300x224.jpg 300w, https:\/\/www.lespetitsbaroudeurs.com\/blog\/wp-content\/uploads\/2021\/08\/randonnee-bebe-768x574.jpg 768w\" sizes=\"(max-width: 1024px) 100vw, 1024px\" \/><\/figure>\n\n\n\n<h2>Conseils de parents baroudeurs<\/h2>\n\n\n\n<h3>Distances et altitude adapt\u00e9es au b\u00e9b\u00e9<\/h3>\n\n\n\n<p>La <strong>dur\u00e9e<\/strong>, le <strong>d\u00e9nivel\u00e9<\/strong> et l\u2019<strong>altitude<\/strong> doivent \u00eatre adapt\u00e9s \u00e0 l\u2019\u00e2ge de l\u2019enfant. Pour commencer, il est g\u00e9n\u00e9ralement conseill\u00e9 de <strong>ne pas d\u00e9passer les 10&nbsp;kilom\u00e8tres par jour<\/strong>. M\u00eame si votre b\u00e9b\u00e9 randonneur est confortablement install\u00e9 contre vous, pensez \u00e0 faire des <strong>pauses<\/strong> d\u2019environ 10 minutes toutes les heures, notamment pour lui donner \u00e0 boire. Il est recommand\u00e9 de <strong>ne pas d\u00e9passer 1&nbsp;500 m\u00e8tres d&rsquo;altitude<\/strong> avec un petit de moins d\u2019un an, l\u2019oxyg\u00e8ne \u00e9tant moins pr\u00e9sent sur les hauteurs. Vous devrez \u00e9galement r\u00e9aliser des paliers de repos \u00e0 partir de 1&nbsp;000&nbsp;m\u00e8tres : des pauses plus fr\u00e9quentes avec une t\u00e9t\u00e9e ou un biberon d\u2019eau pour activer son r\u00e9flexe de succion et d\u00e9boucher ses petites oreilles&nbsp;!<\/p>\n\n\n\n<h3>Le portage<\/h3>\n\n\n\n<p><strong>L\u2019\u00e9charpe de portage<\/strong> poss\u00e8de l\u2019appr\u00e9ciable avantage de s\u2019adapter \u00e0 tout \u00e2ge, \u00e0 la taille du porteur et \u00e0 celle du b\u00e9b\u00e9. Elle n\u00e9cessite l\u2019apprentissage des diff\u00e9rents n\u0153uds mais permet de r\u00e9partir id\u00e9alement la charge et respecte la physiologie de l\u2019enfant. A partir d\u2019environ 6 mois, lorsque l\u2019enfant attrape ses pieds avec ses mains, ses hanches sont assez larges pour utiliser un <strong>porte-b\u00e9b\u00e9 physiologique pr\u00e9form\u00e9<\/strong>. D\u00e8s que l\u2019enfant tient assis, vous pouvez passer au <strong>porte-b\u00e9b\u00e9 de randonn\u00e9e<\/strong> classique, en privil\u00e9giant ceux qui poss\u00e8dent des cale-pieds. N\u2019oubliez pas le v\u00eatement de portage, couvrant le porteur et l\u2019enfant. Enfin, gardez en t\u00eate que dans un porte-b\u00e9b\u00e9, l&rsquo;enfant est immobile&nbsp;: <strong>mieux vaut \u00e9viter de sortir par temps trop froid ou trop chaud<\/strong>.<\/p>\n\n\n\n<figure class=\"wp-block-image size-large\"><img loading=\"lazy\" width=\"1024\" height=\"683\" src=\"https:\/\/www.lespetitsbaroudeurs.com\/blog\/wp-content\/uploads\/2021\/08\/randonner-bebe-6-mois.jpg\" alt=\"\" class=\"wp-image-7131\" srcset=\"https:\/\/www.lespetitsbaroudeurs.com\/blog\/wp-content\/uploads\/2021\/08\/randonner-bebe-6-mois.jpg 1024w, https:\/\/www.lespetitsbaroudeurs.com\/blog\/wp-content\/uploads\/2021\/08\/randonner-bebe-6-mois-300x200.jpg 300w, https:\/\/www.lespetitsbaroudeurs.com\/blog\/wp-content\/uploads\/2021\/08\/randonner-bebe-6-mois-768x512.jpg 768w\" sizes=\"(max-width: 1024px) 100vw, 1024px\" \/><\/figure>\n\n\n\n<h3>V\u00eatement et protections pour les b\u00e9b\u00e9s<\/h3>\n\n\n\n<p>Le syst\u00e8me des 3 couches est de mise, pour les adultes comme pour les enfants.<\/p>\n\n\n\n<ul><li>Une <strong>premi\u00e8re couche de contact doit favoriser la respirabilit\u00e9<\/strong>\u00a0: c\u2019est le body de b\u00e9b\u00e9, la sous-couche chaude ou le t-shirt technique de maman\u00a0!<\/li><li>Une <strong>deuxi\u00e8me couche interm\u00e9diaire doit tenir chaud<\/strong>, transf\u00e9rer l\u2019humidit\u00e9 \u00e0 la couche externe et s\u00e9cher rapidement, comme une polaire.<\/li><li>Une <strong>troisi\u00e8me couche externe doit prot\u00e9ger du vent, de l\u2019humidit\u00e9 ext\u00e9rieure<\/strong> et \u00e9vacuer l\u2019humidit\u00e9 int\u00e9rieure\u00a0: c\u2019est la veste ou la combinaison imperm\u00e9able et respirante de type Gore-Tex, id\u00e9alement assortie d\u2019un traitement anti-UV.<\/li><\/ul>\n\n\n\n<p><strong>Toutes les parties du corps de b\u00e9b\u00e9 doivent \u00eatre prot\u00e9g\u00e9es, de la t\u00eate aux orteils&nbsp;!<\/strong><\/p>\n\n\n\n<h3>Accessoires et trousse de secours<\/h3>\n\n\n\n<p>Quelle que soit la saison, pensez \u00e0 <strong>la pluie et au soleil&nbsp;<\/strong>: le <strong>bob \u00e0 bord large<\/strong> est bien adapt\u00e9 \u00e0 la <strong>randonn\u00e9e<\/strong>, ainsi que la casquette munie d\u2019un prot\u00e8ge-nuque. <\/p>\n\n\n\n<p>N\u2019oubliez pas la <strong>cr\u00e8me solaire \u00e9cran total min\u00e9ral<\/strong> (notamment pour les mains et le visage) ainsi que des<strong> lunettes de soleil<\/strong> (indice sup\u00e9rieur ou \u00e9gal \u00e0 3). <\/p>\n\n\n\n<p>Veillez \u00e0 une alimentation r\u00e9guli\u00e8re lors de la randonn\u00e9e et conservez le rythme de l\u2019enfant, tant pour les siestes que pour les repas. Pour les pauses, une <strong>bo\u00eete de repas thermos<\/strong>, des <strong>gourdes isothermes<\/strong> ainsi qu\u2019une c<strong>ouverture imperm\u00e9able d\u2019un c\u00f4t\u00e9<\/strong> seront les alli\u00e9s id\u00e9aux&nbsp;! <\/p>\n\n\n\n<p>Du c\u00f4t\u00e9 de la trousse de secours, pr\u00e9voyez du s\u00e9rum physiologique et des compresses, un d\u00e9sinfectant type chlorexidine, un thermom\u00e8tre, du parac\u00e9tamol, des pansements et du solut\u00e9 de r\u00e9hydratation orale. <strong>Un parent porte le b\u00e9b\u00e9, l\u2019autre le sac\u2026 et les plus beaux horizons vous attendent&nbsp;!<\/strong><\/p>\n\n\n\n<p><em>Ces conseils sont destin\u00e9s \u00e0 des enfants ne pr\u00e9sentant pas de pathologies ou d&rsquo;allergies contre-indiqu\u00e9es lors de la pratique de la randonn\u00e9e.<\/em><\/p>\n\n\n\n<h2>HEY, SI ON \u00c9QUIPAIT VOS PETITS BAROUDEURS ?<\/h2>\n\n\n\n<p>Chez les Petits Baroudeurs, nous&nbsp;<strong>d\u00e9nichons avec soin et amour<\/strong>&nbsp;les produits utiles \u00e0 vos aventures en famille.&nbsp;<strong>Nous les testons<\/strong>&nbsp;avec nos Oursons, les cousins, les amis de nos loupiots \u2013 quand nos enfants sont trop grands pour tester eux m\u00eame. Et&nbsp;<strong>nous ne s\u00e9lectionnons que les meilleurs produits&nbsp;<\/strong>pour vous les proposer.<\/p>\n\n\n\n<p>Voici donc la s\u00e9lection de notre boutique pour <strong>partir randonn\u00e9e avec b\u00e9b\u00e9<\/strong>\u00a0:<\/p>\n\n\n\n<div class=\"wp-block-group alignwide\"><div class=\"wp-block-group__inner-container\">\n<div class=\"wp-block-columns alignwide\">\n<div class=\"wp-block-column\">\n<figure class=\"wp-block-image size-large\"><a href=\"https:\/\/www.lespetitsbaroudeurs.com\/porte-bebe-physiologique-24\" target=\"_blank\" rel=\"noopener noreferrer\"><img loading=\"lazy\" width=\"800\" height=\"800\" src=\"https:\/\/www.lespetitsbaroudeurs.com\/blog\/wp-content\/uploads\/2021\/02\/manduca-porte-bebe-physiologique.jpg\" alt=\"\" class=\"wp-image-5230\" srcset=\"https:\/\/www.lespetitsbaroudeurs.com\/blog\/wp-content\/uploads\/2021\/02\/manduca-porte-bebe-physiologique.jpg 800w, https:\/\/www.lespetitsbaroudeurs.com\/blog\/wp-content\/uploads\/2021\/02\/manduca-porte-bebe-physiologique-300x300.jpg 300w, https:\/\/www.lespetitsbaroudeurs.com\/blog\/wp-content\/uploads\/2021\/02\/manduca-porte-bebe-physiologique-150x150.jpg 150w, https:\/\/www.lespetitsbaroudeurs.com\/blog\/wp-content\/uploads\/2021\/02\/manduca-porte-bebe-physiologique-768x768.jpg 768w, https:\/\/www.lespetitsbaroudeurs.com\/blog\/wp-content\/uploads\/2021\/02\/manduca-porte-bebe-physiologique-270x270.jpg 270w, https:\/\/www.lespetitsbaroudeurs.com\/blog\/wp-content\/uploads\/2021\/02\/manduca-porte-bebe-physiologique-540x540.jpg 540w, https:\/\/www.lespetitsbaroudeurs.com\/blog\/wp-content\/uploads\/2021\/02\/manduca-porte-bebe-physiologique-580x580.jpg 580w\" sizes=\"(max-width: 800px) 100vw, 800px\" \/><\/a><figcaption><em>Porte-b\u00e9b\u00e9 physiologique<\/em><br><em><a href=\"https:\/\/www.lespetitsbaroudeurs.com\/porte-bebe-physiologique-24\" target=\"_blank\" rel=\"noreferrer noopener\">\u27b3Je d\u00e9couvre<\/a><\/em><\/figcaption><\/figure>\n<\/div>\n\n\n\n<div class=\"wp-block-column\">\n<figure class=\"wp-block-image size-large\"><img loading=\"lazy\" width=\"800\" height=\"800\" src=\"https:\/\/www.lespetitsbaroudeurs.com\/blog\/wp-content\/uploads\/2021\/04\/lunettes-soleil-bebe-cebe-chouka.jpg\" alt=\"\" class=\"wp-image-6104\" srcset=\"https:\/\/www.lespetitsbaroudeurs.com\/blog\/wp-content\/uploads\/2021\/04\/lunettes-soleil-bebe-cebe-chouka.jpg 800w, https:\/\/www.lespetitsbaroudeurs.com\/blog\/wp-content\/uploads\/2021\/04\/lunettes-soleil-bebe-cebe-chouka-300x300.jpg 300w, https:\/\/www.lespetitsbaroudeurs.com\/blog\/wp-content\/uploads\/2021\/04\/lunettes-soleil-bebe-cebe-chouka-150x150.jpg 150w, https:\/\/www.lespetitsbaroudeurs.com\/blog\/wp-content\/uploads\/2021\/04\/lunettes-soleil-bebe-cebe-chouka-768x768.jpg 768w, https:\/\/www.lespetitsbaroudeurs.com\/blog\/wp-content\/uploads\/2021\/04\/lunettes-soleil-bebe-cebe-chouka-270x270.jpg 270w, https:\/\/www.lespetitsbaroudeurs.com\/blog\/wp-content\/uploads\/2021\/04\/lunettes-soleil-bebe-cebe-chouka-540x540.jpg 540w, https:\/\/www.lespetitsbaroudeurs.com\/blog\/wp-content\/uploads\/2021\/04\/lunettes-soleil-bebe-cebe-chouka-580x580.jpg 580w\" sizes=\"(max-width: 800px) 100vw, 800px\" \/><figcaption><em>Lunettes de soleil enfant<\/em><br><em><a href=\"https:\/\/www.lespetitsbaroudeurs.com\/lunettes-soleil-bebe-enfant-13\" target=\"_blank\" rel=\"noreferrer noopener\">\u27b3Je d\u00e9couvre<\/a><\/em><\/figcaption><\/figure>\n<\/div>\n\n\n\n<div class=\"wp-block-column\">\n<figure class=\"wp-block-image size-large\"><a href=\"https:\/\/www.lespetitsbaroudeurs.com\/chapeaux-soleil-bebe-48\" target=\"_blank\" rel=\"noopener noreferrer\"><img loading=\"lazy\" width=\"800\" height=\"800\" src=\"https:\/\/www.lespetitsbaroudeurs.com\/blog\/wp-content\/uploads\/2021\/08\/chapeau-anti-uv-bebe-reversible-lassig-bateau-menthe.jpg\" alt=\"\" class=\"wp-image-7146\" srcset=\"https:\/\/www.lespetitsbaroudeurs.com\/blog\/wp-content\/uploads\/2021\/08\/chapeau-anti-uv-bebe-reversible-lassig-bateau-menthe.jpg 800w, https:\/\/www.lespetitsbaroudeurs.com\/blog\/wp-content\/uploads\/2021\/08\/chapeau-anti-uv-bebe-reversible-lassig-bateau-menthe-300x300.jpg 300w, https:\/\/www.lespetitsbaroudeurs.com\/blog\/wp-content\/uploads\/2021\/08\/chapeau-anti-uv-bebe-reversible-lassig-bateau-menthe-150x150.jpg 150w, https:\/\/www.lespetitsbaroudeurs.com\/blog\/wp-content\/uploads\/2021\/08\/chapeau-anti-uv-bebe-reversible-lassig-bateau-menthe-768x768.jpg 768w, https:\/\/www.lespetitsbaroudeurs.com\/blog\/wp-content\/uploads\/2021\/08\/chapeau-anti-uv-bebe-reversible-lassig-bateau-menthe-270x270.jpg 270w, https:\/\/www.lespetitsbaroudeurs.com\/blog\/wp-content\/uploads\/2021\/08\/chapeau-anti-uv-bebe-reversible-lassig-bateau-menthe-540x540.jpg 540w, https:\/\/www.lespetitsbaroudeurs.com\/blog\/wp-content\/uploads\/2021\/08\/chapeau-anti-uv-bebe-reversible-lassig-bateau-menthe-580x580.jpg 580w\" sizes=\"(max-width: 800px) 100vw, 800px\" \/><\/a><figcaption><em>Chapeaux<\/em><br><em><a href=\"https:\/\/www.lespetitsbaroudeurs.com\/chapeaux-soleil-bebe-48\" target=\"_blank\" rel=\"noreferrer noopener\">\u27b3Je d\u00e9couvre<\/a><\/em><\/figcaption><\/figure>\n<\/div>\n<\/div>\n<\/div><\/div>\n\n\n\n<h2><strong>CET ARTICLE SUR COMMENT RANDONNER AVEC B\u00c9B\u00c9 VOUS A PLU ? \u00c9PINGLEZ-LE SUR PINTEREST !<\/strong><\/h2>\n\n\n\n<p><iframe src=\"https:\/\/assets.pinterest.com\/ext\/embed.html?id=572590540135235610\" height=\"618\" width=\"345\" frameborder=\"0\" scrolling=\"no\"><\/iframe><\/p>\n","protected":false},"excerpt":{"rendered":"<p>Partir en randonn\u00e9e avec b\u00e9b\u00e9&nbsp;? Bien pr\u00e9par\u00e9, c\u2019est possible&nbsp;! La marche est la premi\u00e8re activit\u00e9 sportive outdoor qui pourra \u00eatre pratiqu\u00e9e en famille. Adaptable \u00e0 tous les \u00e2ges et \u00e0 toutes les conditions physiques, la randonn\u00e9e permet de reprendre contact avec la nature environnante dans le respect des rythmes de chacun. Voici quelques conseils d\u2019organisation&nbsp;! [&hellip;]<\/p>\n","protected":false},"author":36,"featured_media":7134,"comment_status":"open","ping_status":"open","sticky":false,"template":"","format":"standard","meta":[],"categories":[136,137],"tags":[138],"yoast_head":"<!-- This site is optimized with the Yoast SEO plugin v14.9 - https:\/\/yoast.com\/wordpress\/plugins\/seo\/ -->\n<title>Randonner avec b\u00e9b\u00e9 : de la naissance \u00e0 18 mois - Les Petits Baroudeurs<\/title>\n<meta name=\"robots\" content=\"index, follow, max-snippet:-1, max-image-preview:large, max-video-preview:-1\" \/>\n<link rel=\"canonical\" href=\"https:\/\/www.lespetitsbaroudeurs.com\/blog\/randonnee-bebe-6-mois\/\" \/>\n<meta property=\"og:locale\" content=\"fr_FR\" \/>\n<meta property=\"og:type\" content=\"article\" \/>\n<meta property=\"og:title\" content=\"Randonner avec b\u00e9b\u00e9 : de la naissance \u00e0 18 mois - Les Petits Baroudeurs\" \/>\n<meta property=\"og:description\" content=\"Partir en randonn\u00e9e avec b\u00e9b\u00e9&nbsp;? Bien pr\u00e9par\u00e9, c\u2019est possible&nbsp;! La marche est la premi\u00e8re activit\u00e9 sportive outdoor qui pourra \u00eatre pratiqu\u00e9e en famille. Adaptable \u00e0 tous les \u00e2ges et \u00e0 toutes les conditions physiques, la randonn\u00e9e permet de reprendre contact avec la nature environnante dans le respect des rythmes de chacun. Voici quelques conseils d\u2019organisation&nbsp;! [&hellip;]\" \/>\n<meta property=\"og:url\" content=\"https:\/\/www.lespetitsbaroudeurs.com\/blog\/randonnee-bebe-6-mois\/\" \/>\n<meta property=\"og:site_name\" content=\"Les Petits Baroudeurs\" \/>\n<meta property=\"article:publisher\" content=\"https:\/\/www.facebook.com\/lespetitsbaroudeurs\/\" \/>\n<meta property=\"article:published_time\" content=\"2014-02-25T11:06:48+00:00\" \/>\n<meta property=\"article:modified_time\" content=\"2021-08-23T10:31:52+00:00\" \/>\n<meta property=\"og:image\" content=\"https:\/\/www.lespetitsbaroudeurs.com\/blog\/wp-content\/uploads\/2014\/02\/randonnee-avec-bebe-de-la-naissance-a-18-mois.jpg\" \/>\n\t<meta property=\"og:image:width\" content=\"1136\" \/>\n\t<meta property=\"og:image:height\" content=\"530\" \/>\n<meta name=\"twitter:card\" content=\"summary_large_image\" \/>\n<script type=\"application\/ld+json\" class=\"yoast-schema-graph\">{\"@context\":\"https:\/\/schema.org\",\"@graph\":[{\"@type\":\"WebSite\",\"@id\":\"https:\/\/www.lespetitsbaroudeurs.com\/blog\/#website\",\"url\":\"https:\/\/www.lespetitsbaroudeurs.com\/blog\/\",\"name\":\"Les Petits Baroudeurs\",\"description\":\"Le Blog de l&#039;aventure en famille !\",\"potentialAction\":[{\"@type\":\"SearchAction\",\"target\":\"https:\/\/www.lespetitsbaroudeurs.com\/blog\/?s={search_term_string}\",\"query-input\":\"required name=search_term_string\"}],\"inLanguage\":\"fr-FR\"},{\"@type\":\"ImageObject\",\"@id\":\"https:\/\/www.lespetitsbaroudeurs.com\/blog\/randonnee-bebe-6-mois\/#primaryimage\",\"inLanguage\":\"fr-FR\",\"url\":\"https:\/\/www.lespetitsbaroudeurs.com\/blog\/wp-content\/uploads\/2014\/02\/randonnee-avec-bebe-de-la-naissance-a-18-mois.jpg\",\"width\":1136,\"height\":530,\"caption\":\"randonn\\u00e9e avec b\\u00e9b\\u00e9\"},{\"@type\":\"WebPage\",\"@id\":\"https:\/\/www.lespetitsbaroudeurs.com\/blog\/randonnee-bebe-6-mois\/#webpage\",\"url\":\"https:\/\/www.lespetitsbaroudeurs.com\/blog\/randonnee-bebe-6-mois\/\",\"name\":\"Randonner avec b\\u00e9b\\u00e9 : de la naissance \\u00e0 18 mois - Les Petits Baroudeurs\",\"isPartOf\":{\"@id\":\"https:\/\/www.lespetitsbaroudeurs.com\/blog\/#website\"},\"primaryImageOfPage\":{\"@id\":\"https:\/\/www.lespetitsbaroudeurs.com\/blog\/randonnee-bebe-6-mois\/#primaryimage\"},\"author\":{\"@id\":\"https:\/\/www.lespetitsbaroudeurs.com\/blog\/#\/schema\/person\/074061ec8b5473878afb9cce3c002d69\"},\"inLanguage\":\"fr-FR\",\"potentialAction\":[{\"@type\":\"ReadAction\",\"target\":[\"https:\/\/www.lespetitsbaroudeurs.com\/blog\/randonnee-bebe-6-mois\/\"]}]},{\"@type\":\"Person\",\"@id\":\"https:\/\/www.lespetitsbaroudeurs.com\/blog\/#\/schema\/person\/074061ec8b5473878afb9cce3c002d69\",\"name\":\"C\\u00e9line Lacombe\",\"image\":{\"@type\":\"ImageObject\",\"@id\":\"https:\/\/www.lespetitsbaroudeurs.com\/blog\/#personlogo\",\"inLanguage\":\"fr-FR\",\"url\":\"https:\/\/secure.gravatar.com\/avatar\/f3196c6923379068e921575c340f8486?s=96&d=mm&r=g\",\"caption\":\"C\\u00e9line Lacombe\"},\"description\":\"Amoureuse des montagnes et des voyages, C\\u00e9line est heureuse dans sa tribu familiale avec ses mini baroudeurs et son homme. La cr\\u00e9ation des Petits Baroudeurs est la suite logique de sa passion pour sa famille et pour l'outdoor.\"}]}<\/script>\n<!-- \/ Yoast SEO plugin. -->","_links":{"self":[{"href":"https:\/\/www.lespetitsbaroudeurs.com\/blog\/wp-json\/wp\/v2\/posts\/2865"}],"collection":[{"href":"https:\/\/www.lespetitsbaroudeurs.com\/blog\/wp-json\/wp\/v2\/posts"}],"about":[{"href":"https:\/\/www.lespetitsbaroudeurs.com\/blog\/wp-json\/wp\/v2\/types\/post"}],"author":[{"embeddable":true,"href":"https:\/\/www.lespetitsbaroudeurs.com\/blog\/wp-json\/wp\/v2\/users\/36"}],"replies":[{"embeddable":true,"href":"https:\/\/www.lespetitsbaroudeurs.com\/blog\/wp-json\/wp\/v2\/comments?post=2865"}],"version-history":[{"count":6,"href":"https:\/\/www.lespetitsbaroudeurs.com\/blog\/wp-json\/wp\/v2\/posts\/2865\/revisions"}],"predecessor-version":[{"id":7148,"href":"https:\/\/www.lespetitsbaroudeurs.com\/blog\/wp-json\/wp\/v2\/posts\/2865\/revisions\/7148"}],"wp:featuredmedia":[{"embeddable":true,"href":"https:\/\/www.lespetitsbaroudeurs.com\/blog\/wp-json\/wp\/v2\/media\/7134"}],"wp:attachment":[{"href":"https:\/\/www.lespetitsbaroudeurs.com\/blog\/wp-json\/wp\/v2\/media?parent=2865"}],"wp:term":[{"taxonomy":"category","embeddable":true,"href":"https:\/\/www.lespetitsbaroudeurs.com\/blog\/wp-json\/wp\/v2\/categories?post=2865"},{"taxonomy":"post_tag","embeddable":true,"href":"https:\/\/www.lespetitsbaroudeurs.com\/blog\/wp-json\/wp\/v2\/tags?post=2865"}],"curies":[{"name":"wp","href":"https:\/\/api.w.org\/{rel}","templated":true}]}}