{"id":2897,"date":"2014-04-04T22:17:23","date_gmt":"2014-04-04T20:17:23","guid":{"rendered":"https:\/\/www.lespetitsbaroudeurs.com\/blog\/open-8\/"},"modified":"2021-10-15T11:30:23","modified_gmt":"2021-10-15T09:30:23","slug":"choisir-veste-portage","status":"publish","type":"post","link":"https:\/\/www.lespetitsbaroudeurs.com\/blog\/choisir-veste-portage\/","title":{"rendered":"Bien choisir sa veste de portage"},"content":{"rendered":"\n<p>Quelle que soit la saison, vous avez envie de profiter des activit\u00e9s de plein air avec votre b\u00e9b\u00e9&nbsp;: le portage vous offre le moyen le plus simple de<strong> rester une famille \u00ab&nbsp;tout terrain&nbsp;\u00bb<\/strong> et la <a href=\"https:\/\/www.lespetitsbaroudeurs.com\/veste-portage-25\" target=\"_blank\" rel=\"noreferrer noopener\"><strong>veste de portage<\/strong><\/a> permet de porter votre b\u00e9b\u00e9 par tous les temps. <\/p>\n\n\n\n<p>La veste de portage prot\u00e8ge d&rsquo;une pierre deux coups, vous et votre enfant. Pour les adeptes de la randonn\u00e9e ou des sorties en montagne, il est important de savoir quelle veste de portage choisir en fonction de l&rsquo;activit\u00e9 et du climat. <strong>Voici un tour d\u2019horizon de l\u2019offre pour parents porteurs.<\/strong><\/p>\n\n\n\n<h2>Choisir une veste de portage polaire<\/h2>\n\n\n\n<p>Par<strong> temps frais mais sans pluie, <\/strong>la <a href=\"https:\/\/www.lespetitsbaroudeurs.com\/veste-portage-polaire-29\" target=\"_blank\" rel=\"noreferrer noopener\">veste de portage polaire<\/a> sera id\u00e9ale. Longues, permettant le <strong>portage ventral, lat\u00e9ral ou dorsal<\/strong>, elles sont <strong>lavables en machine<\/strong> et s\u00e8chent rapidement. En cas de grand vent ou de pluie, un <strong>syst\u00e8me coupe-vent et imperm\u00e9able<\/strong> <strong>suppl\u00e9mentaire<\/strong> restera toutefois indispensable.<\/p>\n\n\n\n<h3>La veste de portage Zoli<\/h3>\n\n\n\n<figure class=\"wp-block-gallery columns-2 is-cropped\"><ul class=\"blocks-gallery-grid\"><li class=\"blocks-gallery-item\"><figure><img loading=\"lazy\" width=\"500\" height=\"600\" src=\"https:\/\/www.lespetitsbaroudeurs.com\/blog\/wp-content\/uploads\/2014\/04\/pack-trio-polaire-perle.jpg\" alt=\"\" data-id=\"7676\" data-full-url=\"https:\/\/www.lespetitsbaroudeurs.com\/blog\/wp-content\/uploads\/2014\/04\/pack-trio-polaire-perle.jpg\" data-link=\"https:\/\/www.lespetitsbaroudeurs.com\/blog\/choisir-veste-portage\/pack-trio-polaire-perle\/\" class=\"wp-image-7676\" srcset=\"https:\/\/www.lespetitsbaroudeurs.com\/blog\/wp-content\/uploads\/2014\/04\/pack-trio-polaire-perle.jpg 500w, https:\/\/www.lespetitsbaroudeurs.com\/blog\/wp-content\/uploads\/2014\/04\/pack-trio-polaire-perle-250x300.jpg 250w\" sizes=\"(max-width: 500px) 100vw, 500px\" \/><\/figure><\/li><li class=\"blocks-gallery-item\"><figure><img loading=\"lazy\" width=\"500\" height=\"600\" src=\"https:\/\/www.lespetitsbaroudeurs.com\/blog\/wp-content\/uploads\/2014\/04\/veste-portage-polaire-zoli-avec-capuche-perle.jpg\" alt=\"\" data-id=\"7677\" data-full-url=\"https:\/\/www.lespetitsbaroudeurs.com\/blog\/wp-content\/uploads\/2014\/04\/veste-portage-polaire-zoli-avec-capuche-perle.jpg\" data-link=\"https:\/\/www.lespetitsbaroudeurs.com\/blog\/choisir-veste-portage\/veste-portage-polaire-zoli-avec-capuche-perle\/\" class=\"wp-image-7677\" srcset=\"https:\/\/www.lespetitsbaroudeurs.com\/blog\/wp-content\/uploads\/2014\/04\/veste-portage-polaire-zoli-avec-capuche-perle.jpg 500w, https:\/\/www.lespetitsbaroudeurs.com\/blog\/wp-content\/uploads\/2014\/04\/veste-portage-polaire-zoli-avec-capuche-perle-250x300.jpg 250w\" sizes=\"(max-width: 500px) 100vw, 500px\" \/><\/figure><\/li><\/ul><figcaption class=\"blocks-gallery-caption\"><em>Veste de portage polaire Zoli<\/em><\/figcaption><\/figure>\n\n\n\n<p>La marque Zoli propose des <strong>vestes chaudes, en polaire de grande qualit\u00e9.<\/strong> Elles poss\u00e8dent \u00e9galement de <strong>grandes poches, de longues manches et un col chemin\u00e9e<\/strong> pour les petits sentiers venteux.&nbsp; Les vestes de portage Zoli pr\u00e9sentent des <strong>mod\u00e8les pour femmes et pour hommes<\/strong>, adapt\u00e9s \u00e0 chacune des morphologies. On craque pour les capuchons b\u00e9b\u00e9,<strong> couvrant la t\u00eate et les \u00e9paules des petits,<\/strong> \u00e0 enfiler sous la veste&nbsp;!<\/p>\n\n\n\n<h2>Choisir une veste de portage Softshell : d\u00e9perlantes et coupe-vent<\/h2>\n\n\n\n<p>Pour une m\u00e9t\u00e9o qui s\u2019annonce moins cl\u00e9mente, vous pouvez opter pour une <strong>veste de portage<\/strong> aux fonctionnalit\u00e9s plus techniques&nbsp;:<strong> <\/strong>la<strong> <a href=\"https:\/\/www.lespetitsbaroudeurs.com\/veste-portage-softshell-27\" target=\"_blank\" rel=\"noreferrer noopener\">veste de portage softshell<\/a><\/strong>. Le softshell est un tissu \u00e0 la fois<strong> coupe-vent et d\u00e9perlant <\/strong>et qui offrant des<strong> qualit\u00e9s respirantes<\/strong>. <\/p>\n\n\n\n<p>La raison pour laquelle elles ne sont pas d\u00e9sign\u00e9es comme imperm\u00e9ables tient au fait que les coutures sont cousues, et non soud\u00e9es&nbsp;: <strong>la r\u00e9sistance \u00e0 l\u2019eau sera moindre qu\u2019une membrane compl\u00e9tement \u00e9tanche mais respireront tr\u00e8s bien.<\/strong> <\/p>\n\n\n\n<p><strong>La respirabilit\u00e9 d&rsquo;une veste est obligatoire<\/strong> pour la randonn\u00e9e pour que le porteur et l&rsquo;enfant ne transpirent pas. <strong>Ces vestes de portage tiennent tr\u00e8s bien le choc d\u2019une bonne rinc\u00e9e sous la pluie et d&rsquo;une grosse temp\u00eate de vent.<\/strong><\/p>\n\n\n\n<h3>La veste de portage Mamalila Softshell et Sympatex <\/h3>\n\n\n\n<p>La <strong>veste de portage Mamalila<\/strong> est une veste en softshell d\u00e9sormais disponible en France (youpi&nbsp;!)&nbsp;: agr\u00e9able \u00e0 porter en randonn\u00e9e comme au quotidien, elle est <strong>con\u00e7ue pour les activit\u00e9s outdoor en famille<\/strong>. En compl\u00e9ment des mod\u00e8les dit mi-saison en tissus softhsell Sympatex, il existe \u00e9galement des <strong>vestes de portage pour l\u2019hiver<\/strong>, int\u00e9grant une <strong>polaire sous la membrane coupe-vent<\/strong>. Une petite rando-raquettes, \u00e7a vous tente&nbsp;?<\/p>\n\n\n\n<figure class=\"wp-block-gallery aligncenter columns-2 is-cropped\"><ul class=\"blocks-gallery-grid\"><li class=\"blocks-gallery-item\"><figure><img loading=\"lazy\" width=\"400\" height=\"600\" src=\"https:\/\/www.lespetitsbaroudeurs.com\/blog\/wp-content\/uploads\/2021\/10\/mamalila_Fruehling_1904_0729_LowRes.jpg\" alt=\"\" data-id=\"7674\" data-full-url=\"https:\/\/www.lespetitsbaroudeurs.com\/blog\/wp-content\/uploads\/2021\/10\/mamalila_Fruehling_1904_0729_LowRes.jpg\" data-link=\"https:\/\/www.lespetitsbaroudeurs.com\/blog\/choisir-veste-portage\/mamalila_fruehling_1904_0729_lowres\/\" class=\"wp-image-7674\" srcset=\"https:\/\/www.lespetitsbaroudeurs.com\/blog\/wp-content\/uploads\/2021\/10\/mamalila_Fruehling_1904_0729_LowRes.jpg 400w, https:\/\/www.lespetitsbaroudeurs.com\/blog\/wp-content\/uploads\/2021\/10\/mamalila_Fruehling_1904_0729_LowRes-200x300.jpg 200w\" sizes=\"(max-width: 400px) 100vw, 400px\" \/><\/figure><\/li><li class=\"blocks-gallery-item\"><figure><img loading=\"lazy\" width=\"400\" height=\"600\" src=\"https:\/\/www.lespetitsbaroudeurs.com\/blog\/wp-content\/uploads\/2021\/10\/mamalila_Herbst_1810_0343.jpg\" alt=\"\" data-id=\"7675\" data-full-url=\"https:\/\/www.lespetitsbaroudeurs.com\/blog\/wp-content\/uploads\/2021\/10\/mamalila_Herbst_1810_0343.jpg\" data-link=\"https:\/\/www.lespetitsbaroudeurs.com\/blog\/choisir-veste-portage\/mamalila_herbst_1810_0343\/\" class=\"wp-image-7675\" srcset=\"https:\/\/www.lespetitsbaroudeurs.com\/blog\/wp-content\/uploads\/2021\/10\/mamalila_Herbst_1810_0343.jpg 400w, https:\/\/www.lespetitsbaroudeurs.com\/blog\/wp-content\/uploads\/2021\/10\/mamalila_Herbst_1810_0343-200x300.jpg 200w\" sizes=\"(max-width: 400px) 100vw, 400px\" \/><\/figure><\/li><\/ul><figcaption class=\"blocks-gallery-caption\"><em>Veste de portage Mamalila Softshell<\/em><\/figcaption><\/figure>\n\n\n\n<h2>Conseils pour bien choisir sa veste de portage<\/h2>\n\n\n\n<p>Pour bien choisir votre veste de portage, <strong>voici quelques petits accessoires qui changent tout<\/strong>&nbsp;:<\/p>\n\n\n\n<ul><li>la capuche d\u00e9tachable ou qui se roule dans le col, pratique pour ne pas g\u00eaner votre b\u00e9b\u00e9 port\u00e9 sur le dos&nbsp;;<\/li><li>une capuche amovible pour l\u2019enfant&nbsp;;<\/li><li>un empi\u00e8cement long et \u00e9vas\u00e9, qui couvre bien les jambes de l\u2019enfant&nbsp;;<\/li><li>une adaptation \u00e0 la morphologie f\u00e9minine ou masculine, parce qu\u2019on ne poss\u00e8de pas tous la m\u00eame poitrine&nbsp;;<\/li><li>de grandes poches lat\u00e9rales pour avoir l\u2019essentiel \u00e0 port\u00e9e de main&nbsp;;<\/li><li>un empi\u00e8cement unique pour l\u2019avant et le dos&nbsp;; une veste pouvant \u00eatre port\u00e9e en dehors des moments de portage.<\/li><\/ul>\n\n\n\n<h3>Quelques rappels de s\u00e9curit\u00e9&nbsp;:<\/h3>\n\n\n\n<ul><li>Ces vestes de portage ne sont pas destin\u00e9es \u00e0 maintenir votre enfant. Il faut les utiliser avec un porte-b\u00e9b\u00e9 ou une \u00e9charpe de portage qui portera le poids du b\u00e9b\u00e9.<\/li><li>Adaptez vos activit\u00e9s sportives familiales \u00e0 vos enfants&nbsp;: en cas de temp\u00e9ratures trop chaudes ou trop froides, changez de cap&nbsp;!<\/li><\/ul>\n\n\n\n<figure class=\"wp-block-image\"><img alt=\"\"\/><\/figure>\n\n\n\n<p>  <\/p>\n","protected":false},"excerpt":{"rendered":"<p>Quelle que soit la saison, vous avez envie de profiter des activit\u00e9s de plein air avec votre b\u00e9b\u00e9&nbsp;: le portage vous offre le moyen le plus simple de rester une famille \u00ab&nbsp;tout terrain&nbsp;\u00bb et la veste de portage permet de porter votre b\u00e9b\u00e9 par tous les temps. La veste de portage prot\u00e8ge d&rsquo;une pierre deux [&hellip;]<\/p>\n","protected":false},"author":36,"featured_media":7679,"comment_status":"open","ping_status":"open","sticky":false,"template":"","format":"standard","meta":[],"categories":[139,140],"tags":[144],"yoast_head":"<!-- This site is optimized with the Yoast SEO plugin v14.9 - https:\/\/yoast.com\/wordpress\/plugins\/seo\/ -->\n<title>Bien choisir sa veste de portage - Les Petits Baroudeurs<\/title>\n<meta name=\"robots\" content=\"index, follow, max-snippet:-1, max-image-preview:large, max-video-preview:-1\" \/>\n<link rel=\"canonical\" href=\"https:\/\/www.lespetitsbaroudeurs.com\/blog\/choisir-veste-portage\/\" \/>\n<meta property=\"og:locale\" content=\"fr_FR\" \/>\n<meta property=\"og:type\" content=\"article\" \/>\n<meta property=\"og:title\" content=\"Bien choisir sa veste de portage - Les Petits Baroudeurs\" \/>\n<meta property=\"og:description\" content=\"Quelle que soit la saison, vous avez envie de profiter des activit\u00e9s de plein air avec votre b\u00e9b\u00e9&nbsp;: le portage vous offre le moyen le plus simple de rester une famille \u00ab&nbsp;tout terrain&nbsp;\u00bb et la veste de portage permet de porter votre b\u00e9b\u00e9 par tous les temps. La veste de portage prot\u00e8ge d&rsquo;une pierre deux [&hellip;]\" \/>\n<meta property=\"og:url\" content=\"https:\/\/www.lespetitsbaroudeurs.com\/blog\/choisir-veste-portage\/\" \/>\n<meta property=\"og:site_name\" content=\"Les Petits Baroudeurs\" \/>\n<meta property=\"article:publisher\" content=\"https:\/\/www.facebook.com\/lespetitsbaroudeurs\/\" \/>\n<meta property=\"article:published_time\" content=\"2014-04-04T20:17:23+00:00\" \/>\n<meta property=\"article:modified_time\" content=\"2021-10-15T09:30:23+00:00\" \/>\n<meta property=\"og:image\" content=\"https:\/\/www.lespetitsbaroudeurs.com\/blog\/wp-content\/uploads\/2014\/04\/VESTE-DE-PORTAGE.jpg\" \/>\n\t<meta property=\"og:image:width\" content=\"1136\" \/>\n\t<meta property=\"og:image:height\" content=\"530\" \/>\n<meta name=\"twitter:card\" content=\"summary_large_image\" \/>\n<script type=\"application\/ld+json\" class=\"yoast-schema-graph\">{\"@context\":\"https:\/\/schema.org\",\"@graph\":[{\"@type\":\"WebSite\",\"@id\":\"https:\/\/www.lespetitsbaroudeurs.com\/blog\/#website\",\"url\":\"https:\/\/www.lespetitsbaroudeurs.com\/blog\/\",\"name\":\"Les Petits Baroudeurs\",\"description\":\"Le Blog de l&#039;aventure en famille !\",\"potentialAction\":[{\"@type\":\"SearchAction\",\"target\":\"https:\/\/www.lespetitsbaroudeurs.com\/blog\/?s={search_term_string}\",\"query-input\":\"required name=search_term_string\"}],\"inLanguage\":\"fr-FR\"},{\"@type\":\"ImageObject\",\"@id\":\"https:\/\/www.lespetitsbaroudeurs.com\/blog\/choisir-veste-portage\/#primaryimage\",\"inLanguage\":\"fr-FR\",\"url\":\"https:\/\/www.lespetitsbaroudeurs.com\/blog\/wp-content\/uploads\/2014\/04\/VESTE-DE-PORTAGE.jpg\",\"width\":1136,\"height\":530,\"caption\":\"VESTE DE PORTAGE\"},{\"@type\":\"WebPage\",\"@id\":\"https:\/\/www.lespetitsbaroudeurs.com\/blog\/choisir-veste-portage\/#webpage\",\"url\":\"https:\/\/www.lespetitsbaroudeurs.com\/blog\/choisir-veste-portage\/\",\"name\":\"Bien choisir sa veste de portage - Les Petits Baroudeurs\",\"isPartOf\":{\"@id\":\"https:\/\/www.lespetitsbaroudeurs.com\/blog\/#website\"},\"primaryImageOfPage\":{\"@id\":\"https:\/\/www.lespetitsbaroudeurs.com\/blog\/choisir-veste-portage\/#primaryimage\"},\"author\":{\"@id\":\"https:\/\/www.lespetitsbaroudeurs.com\/blog\/#\/schema\/person\/074061ec8b5473878afb9cce3c002d69\"},\"inLanguage\":\"fr-FR\",\"potentialAction\":[{\"@type\":\"ReadAction\",\"target\":[\"https:\/\/www.lespetitsbaroudeurs.com\/blog\/choisir-veste-portage\/\"]}]},{\"@type\":\"Person\",\"@id\":\"https:\/\/www.lespetitsbaroudeurs.com\/blog\/#\/schema\/person\/074061ec8b5473878afb9cce3c002d69\",\"name\":\"C\\u00e9line Lacombe\",\"image\":{\"@type\":\"ImageObject\",\"@id\":\"https:\/\/www.lespetitsbaroudeurs.com\/blog\/#personlogo\",\"inLanguage\":\"fr-FR\",\"url\":\"https:\/\/secure.gravatar.com\/avatar\/f3196c6923379068e921575c340f8486?s=96&d=mm&r=g\",\"caption\":\"C\\u00e9line Lacombe\"},\"description\":\"Amoureuse des montagnes et des voyages, C\\u00e9line est heureuse dans sa tribu familiale avec ses mini baroudeurs et son homme. La cr\\u00e9ation des Petits Baroudeurs est la suite logique de sa passion pour sa famille et pour l'outdoor.\"}]}<\/script>\n<!-- \/ Yoast SEO plugin. -->","_links":{"self":[{"href":"https:\/\/www.lespetitsbaroudeurs.com\/blog\/wp-json\/wp\/v2\/posts\/2897"}],"collection":[{"href":"https:\/\/www.lespetitsbaroudeurs.com\/blog\/wp-json\/wp\/v2\/posts"}],"about":[{"href":"https:\/\/www.lespetitsbaroudeurs.com\/blog\/wp-json\/wp\/v2\/types\/post"}],"author":[{"embeddable":true,"href":"https:\/\/www.lespetitsbaroudeurs.com\/blog\/wp-json\/wp\/v2\/users\/36"}],"replies":[{"embeddable":true,"href":"https:\/\/www.lespetitsbaroudeurs.com\/blog\/wp-json\/wp\/v2\/comments?post=2897"}],"version-history":[{"count":15,"href":"https:\/\/www.lespetitsbaroudeurs.com\/blog\/wp-json\/wp\/v2\/posts\/2897\/revisions"}],"predecessor-version":[{"id":7689,"href":"https:\/\/www.lespetitsbaroudeurs.com\/blog\/wp-json\/wp\/v2\/posts\/2897\/revisions\/7689"}],"wp:featuredmedia":[{"embeddable":true,"href":"https:\/\/www.lespetitsbaroudeurs.com\/blog\/wp-json\/wp\/v2\/media\/7679"}],"wp:attachment":[{"href":"https:\/\/www.lespetitsbaroudeurs.com\/blog\/wp-json\/wp\/v2\/media?parent=2897"}],"wp:term":[{"taxonomy":"category","embeddable":true,"href":"https:\/\/www.lespetitsbaroudeurs.com\/blog\/wp-json\/wp\/v2\/categories?post=2897"},{"taxonomy":"post_tag","embeddable":true,"href":"https:\/\/www.lespetitsbaroudeurs.com\/blog\/wp-json\/wp\/v2\/tags?post=2897"}],"curies":[{"name":"wp","href":"https:\/\/api.w.org\/{rel}","templated":true}]}}