{"id":3063,"date":"2015-09-17T19:40:39","date_gmt":"2015-09-17T19:40:39","guid":{"rendered":"https:\/\/www.lespetitsbaroudeurs.com\/blog\/open-33\/"},"modified":"2020-07-27T10:01:16","modified_gmt":"2020-07-27T10:01:16","slug":"tour-de-france-velo-remorque-enfant","status":"publish","type":"post","link":"https:\/\/www.lespetitsbaroudeurs.com\/blog\/tour-de-france-velo-remorque-enfant\/","title":{"rendered":"Tour de France en v\u00e9lo en famille : interview de Catherine et Nicolas."},"content":{"rendered":"<p style=\"text-align: justify;\">Aujourd&rsquo;hui, nous accueillons Catherine, Nicolas et Nathan sur le blog des Petits Baroudeurs. Ils sont partis cet \u00e9t\u00e9 pour un tour de France pas comme les autres : en famille et \u00e0 v\u00e9lo ! Une famille de sportifs comme on les aime qui s&rsquo;est fix\u00e9 un beau challenge : faire un vrai tour de France en v\u00e9lo le temps d&rsquo;un \u00e9t\u00e9, avec Nathan, 2 ans, dans la remorque. Juste avant de partir, ils avaient gentillement pris le temps de r\u00e9pondre \u00e0 quelques questions&#8230;<!--more--><\/p>\n<p style=\"text-align: justify;\"><strong>Pouvez-vous nous pr\u00e9senter votre famille ?<\/strong><\/p>\n<p style=\"text-align: justify;\"><em>Nico et moi nous sommes connus il y a maintenant 12 ans et sommes mari\u00e9s depuis 2011. Nathan est arriv\u00e9 dans notre vie il y a 2 ans, le 10 ao\u00fbt 2013. Sans oublier notre chienne Flocky, berger australien, \u00e2g\u00e9e de 5 ans qui partage tout (sauf le v\u00e9lo) avec nous ! Nico a toujours fait du v\u00e9lo (route et cyclocross depuis tout petit en competition) puis nous nous sommes orient\u00e9s vers le raid multisport ! Plein de belles ann\u00e9es et de tr\u00e8s beaux souvenirs \u00e0 deux ! Mais il nous manquait quelque chose et notre vie a \u00e9t\u00e9 combl\u00e9e lors de l&rsquo;arriv\u00e9e de Nathan. Malicieux mais plein d&rsquo;amour, il nous suit dans nos p\u00e9riples et ne se sent bien qu&rsquo;\u00e0 l&rsquo;ext\u00e9rieur ! Un vrai petit baroudeur quoi !<\/em><\/p>\n<p style=\"text-align: justify;\"><strong>Vous vous appr\u00e9tez \u00e0 partir en v\u00e9lo pour faire le tour de France, racontez-nous un peu votre projet.<\/strong><\/p>\n<p style=\"text-align: justify;\"><em>Notre projet a m\u00fbri progressivement dans nos t\u00eates: nous avons d\u00e9j\u00e0 achet\u00e9 cette fameuse \u00ab\u00a0Chariot\u00a0\u00bb pour la tester tout d&rsquo;abord en ski de fond et s&rsquo;apercevoir que Nathan y \u00e9tait comme dans un cocon et appr\u00e9ciait nos balades hivernales. Nous avons ensuite fait beaucoup de promenades en roller, course \u00e0 pied et v\u00e9lo et confirm\u00e9 le bonheur que celles ci procurent \u00e0 notre petit loup! Nous avons donc choisi de partir une semaine pour relier la lorraine (r\u00e9gion d&rsquo;origine Verdun) \u00e0 la Savoie. encore une exp\u00e9rience positive (Nathan \u00e9t\u00e9 tr\u00e8s heureux d&rsquo;\u00eatre install\u00e9 dans la chariot) et un test de mat\u00e9riel grandeur nature qui s&rsquo;est av\u00e9r\u00e9 tr\u00e8s concluant (beaucoup de pluie et pas un brin d&rsquo;humidit\u00e9 dans l&rsquo;habitacle) . Et voil\u00e0, \u00e0 peine rentr\u00e9s et nous nous projetions sur notre tour de France!<\/em><\/p>\n<p style=\"text-align: justify;\"><a href=\"https:\/\/www.lespetitsbaroudeurs.com\/blog\/wp-content\/uploads\/2015\/09\/Tour-de-France-Famille-1.jpg\"><img loading=\"lazy\" class=\"aligncenter size-full wp-image-611\" alt=\"Tour de France en Famille\" src=\"https:\/\/www.lespetitsbaroudeurs.com\/blog\/wp-content\/uploads\/2015\/09\/Tour-de-France-Famille-1.jpg\" width=\"600\" height=\"400\" \/><\/a><\/p>\n<p style=\"text-align: justify;\"><strong>Comment s&rsquo;est fait le choix de l&rsquo;itin\u00e9raire et pourquoi le v\u00e9lo ?<\/strong><\/p>\n<p style=\"text-align: justify;\"><em>Pourquoi le v\u00e9lo et pourquoi la France ? Tr\u00e8s simplement car c&rsquo;est notre sport pr\u00e9f\u00e9r\u00e9 et qu&rsquo;il nous permet d&rsquo;avancer assez rapidement et avec un grand confort pour notre enfant. Et la France, car c&rsquo;est un tr\u00e8s beau pays et avec des paysages tr\u00e8s vari\u00e9s. Et pour une premi\u00e8re \u00ab\u00a0grande\u00a0\u00bb aventure, cela est s\u00e9curisant, encourageant car notre famille et nos amis vont pouvoir nous suivre facilement via les r\u00e9seaux sociaux et m\u00eame participer \u00e0 quelques \u00e9tapes et enfin qu&rsquo;il n&rsquo;y a pas la barri\u00e8re de la langue!<\/em><\/p>\n<p style=\"text-align: justify;\"><a href=\"https:\/\/www.lespetitsbaroudeurs.com\/blog\/wp-content\/uploads\/2015\/09\/Tour-de-France-Famille-4.jpg\"><img loading=\"lazy\" class=\"aligncenter size-full wp-image-614\" alt=\"Tour de France en Famille\" src=\"https:\/\/www.lespetitsbaroudeurs.com\/blog\/wp-content\/uploads\/2015\/09\/Tour-de-France-Famille-4.jpg\" width=\"450\" height=\"600\" \/><\/a><\/p>\n<p style=\"text-align: justify;\"><strong>Aviez-vous d\u00e9j\u00e0 voyag\u00e9 en famille avant ?<\/strong><\/p>\n<p style=\"text-align: justify;\"><em>Nous n&rsquo;avons jamais voyag\u00e9 en famille avant car nous avons pr\u00e9f\u00e9r\u00e9 profiter de notre belle r\u00e9gion avec Nathan tout petit.<\/em><\/p>\n<p style=\"text-align: justify;\"><strong>Qu&#8217;emportez-vous dans vos bagages pour votre petit baroudeur ?<\/strong><\/p>\n<p style=\"text-align: justify;\"><em>Pour le mat\u00e9riel de notre petit : des jouets, des livres, des voitures, beaucoup de couches, des v\u00eatements techniques pour qu&rsquo;il se sente \u00e0 l&rsquo;aise m\u00eame en cas de forte chaleur ou de pluie, ses fameuses lunettes venant de votre site qu&rsquo;il ne quitte plus, de m\u00eame que ses chaussures gore Tex et des sandales&#8230;<\/em><\/p>\n<p style=\"text-align: justify;\"><a href=\"https:\/\/www.lespetitsbaroudeurs.com\/blog\/wp-content\/uploads\/2015\/09\/Tour-de-France-Famille-3.jpg\"><img loading=\"lazy\" class=\"aligncenter size-full wp-image-613\" alt=\"Tour de France en Famille\" src=\"https:\/\/www.lespetitsbaroudeurs.com\/blog\/wp-content\/uploads\/2015\/09\/Tour-de-France-Famille-3.jpg\" width=\"450\" height=\"600\" \/><\/a><\/p>\n<p style=\"text-align: justify;\">Pour voir plus de photos et surtout conna\u00eetre le bilan de ce voyage en famille pas comme les autres, <a href=\"http:\/\/aventure-en-famille.eklablog.com\/bilan-de-ce-tour-de-france-a118515402\" target=\"_blank\" rel=\"noopener noreferrer\">c&rsquo;est par ici<\/a>.<\/p>\n","protected":false},"excerpt":{"rendered":"<p>Aujourd&rsquo;hui, nous accueillons Catherine, Nicolas et Nathan sur le blog des Petits Baroudeurs. Ils sont partis cet \u00e9t\u00e9 pour un tour de France pas comme les autres : en famille et \u00e0 v\u00e9lo ! Une famille de sportifs comme on les aime qui s&rsquo;est fix\u00e9 un beau challenge : faire un vrai tour de France [&hellip;]<\/p>\n","protected":false},"author":36,"featured_media":3064,"comment_status":"open","ping_status":"open","sticky":false,"template":"","format":"standard","meta":[],"categories":[153,150,149],"tags":[],"yoast_head":"<!-- This site is optimized with the Yoast SEO plugin v14.9 - https:\/\/yoast.com\/wordpress\/plugins\/seo\/ -->\n<title>Tour de France en v\u00e9lo en famille : interview de Catherine et Nicolas. - Les Petits Baroudeurs<\/title>\n<meta name=\"robots\" content=\"index, follow, max-snippet:-1, max-image-preview:large, max-video-preview:-1\" \/>\n<link rel=\"canonical\" href=\"https:\/\/www.lespetitsbaroudeurs.com\/blog\/tour-de-france-velo-remorque-enfant\/\" \/>\n<meta property=\"og:locale\" content=\"fr_FR\" \/>\n<meta property=\"og:type\" content=\"article\" \/>\n<meta property=\"og:title\" content=\"Tour de France en v\u00e9lo en famille : interview de Catherine et Nicolas. - Les Petits Baroudeurs\" \/>\n<meta property=\"og:description\" content=\"Aujourd&rsquo;hui, nous accueillons Catherine, Nicolas et Nathan sur le blog des Petits Baroudeurs. Ils sont partis cet \u00e9t\u00e9 pour un tour de France pas comme les autres : en famille et \u00e0 v\u00e9lo ! Une famille de sportifs comme on les aime qui s&rsquo;est fix\u00e9 un beau challenge : faire un vrai tour de France [&hellip;]\" \/>\n<meta property=\"og:url\" content=\"https:\/\/www.lespetitsbaroudeurs.com\/blog\/tour-de-france-velo-remorque-enfant\/\" \/>\n<meta property=\"og:site_name\" content=\"Les Petits Baroudeurs\" \/>\n<meta property=\"article:publisher\" content=\"https:\/\/www.facebook.com\/lespetitsbaroudeurs\/\" \/>\n<meta property=\"article:published_time\" content=\"2015-09-17T19:40:39+00:00\" \/>\n<meta property=\"article:modified_time\" content=\"2020-07-27T10:01:16+00:00\" \/>\n<meta property=\"og:image\" content=\"https:\/\/www.lespetitsbaroudeurs.com\/blog\/wp-content\/uploads\/2020\/07\/Tour-de-France-Famille-2.jpg\" \/>\n\t<meta property=\"og:image:width\" content=\"600\" \/>\n\t<meta property=\"og:image:height\" content=\"400\" \/>\n<meta name=\"twitter:card\" content=\"summary_large_image\" \/>\n<script type=\"application\/ld+json\" class=\"yoast-schema-graph\">{\"@context\":\"https:\/\/schema.org\",\"@graph\":[{\"@type\":\"WebSite\",\"@id\":\"https:\/\/www.lespetitsbaroudeurs.com\/blog\/#website\",\"url\":\"https:\/\/www.lespetitsbaroudeurs.com\/blog\/\",\"name\":\"Les Petits Baroudeurs\",\"description\":\"Le Blog de l&#039;aventure en famille !\",\"potentialAction\":[{\"@type\":\"SearchAction\",\"target\":\"https:\/\/www.lespetitsbaroudeurs.com\/blog\/?s={search_term_string}\",\"query-input\":\"required name=search_term_string\"}],\"inLanguage\":\"fr-FR\"},{\"@type\":\"ImageObject\",\"@id\":\"https:\/\/www.lespetitsbaroudeurs.com\/blog\/tour-de-france-velo-remorque-enfant\/#primaryimage\",\"inLanguage\":\"fr-FR\",\"url\":\"https:\/\/www.lespetitsbaroudeurs.com\/blog\/wp-content\/uploads\/2020\/07\/Tour-de-France-Famille-2.jpg\",\"width\":600,\"height\":400},{\"@type\":\"WebPage\",\"@id\":\"https:\/\/www.lespetitsbaroudeurs.com\/blog\/tour-de-france-velo-remorque-enfant\/#webpage\",\"url\":\"https:\/\/www.lespetitsbaroudeurs.com\/blog\/tour-de-france-velo-remorque-enfant\/\",\"name\":\"Tour de France en v\\u00e9lo en famille : interview de Catherine et Nicolas. - Les Petits Baroudeurs\",\"isPartOf\":{\"@id\":\"https:\/\/www.lespetitsbaroudeurs.com\/blog\/#website\"},\"primaryImageOfPage\":{\"@id\":\"https:\/\/www.lespetitsbaroudeurs.com\/blog\/tour-de-france-velo-remorque-enfant\/#primaryimage\"},\"author\":{\"@id\":\"https:\/\/www.lespetitsbaroudeurs.com\/blog\/#\/schema\/person\/074061ec8b5473878afb9cce3c002d69\"},\"inLanguage\":\"fr-FR\",\"potentialAction\":[{\"@type\":\"ReadAction\",\"target\":[\"https:\/\/www.lespetitsbaroudeurs.com\/blog\/tour-de-france-velo-remorque-enfant\/\"]}]},{\"@type\":\"Person\",\"@id\":\"https:\/\/www.lespetitsbaroudeurs.com\/blog\/#\/schema\/person\/074061ec8b5473878afb9cce3c002d69\",\"name\":\"C\\u00e9line Lacombe\",\"image\":{\"@type\":\"ImageObject\",\"@id\":\"https:\/\/www.lespetitsbaroudeurs.com\/blog\/#personlogo\",\"inLanguage\":\"fr-FR\",\"url\":\"https:\/\/secure.gravatar.com\/avatar\/f3196c6923379068e921575c340f8486?s=96&d=mm&r=g\",\"caption\":\"C\\u00e9line Lacombe\"},\"description\":\"Amoureuse des montagnes et des voyages, C\\u00e9line est heureuse dans sa tribu familiale avec ses mini baroudeurs et son homme. La cr\\u00e9ation des Petits Baroudeurs est la suite logique de sa passion pour sa famille et pour l'outdoor.\"}]}<\/script>\n<!-- \/ Yoast SEO plugin. -->","_links":{"self":[{"href":"https:\/\/www.lespetitsbaroudeurs.com\/blog\/wp-json\/wp\/v2\/posts\/3063"}],"collection":[{"href":"https:\/\/www.lespetitsbaroudeurs.com\/blog\/wp-json\/wp\/v2\/posts"}],"about":[{"href":"https:\/\/www.lespetitsbaroudeurs.com\/blog\/wp-json\/wp\/v2\/types\/post"}],"author":[{"embeddable":true,"href":"https:\/\/www.lespetitsbaroudeurs.com\/blog\/wp-json\/wp\/v2\/users\/36"}],"replies":[{"embeddable":true,"href":"https:\/\/www.lespetitsbaroudeurs.com\/blog\/wp-json\/wp\/v2\/comments?post=3063"}],"version-history":[{"count":1,"href":"https:\/\/www.lespetitsbaroudeurs.com\/blog\/wp-json\/wp\/v2\/posts\/3063\/revisions"}],"predecessor-version":[{"id":4282,"href":"https:\/\/www.lespetitsbaroudeurs.com\/blog\/wp-json\/wp\/v2\/posts\/3063\/revisions\/4282"}],"wp:featuredmedia":[{"embeddable":true,"href":"https:\/\/www.lespetitsbaroudeurs.com\/blog\/wp-json\/wp\/v2\/media\/3064"}],"wp:attachment":[{"href":"https:\/\/www.lespetitsbaroudeurs.com\/blog\/wp-json\/wp\/v2\/media?parent=3063"}],"wp:term":[{"taxonomy":"category","embeddable":true,"href":"https:\/\/www.lespetitsbaroudeurs.com\/blog\/wp-json\/wp\/v2\/categories?post=3063"},{"taxonomy":"post_tag","embeddable":true,"href":"https:\/\/www.lespetitsbaroudeurs.com\/blog\/wp-json\/wp\/v2\/tags?post=3063"}],"curies":[{"name":"wp","href":"https:\/\/api.w.org\/{rel}","templated":true}]}}