{"id":3083,"date":"2015-09-24T13:41:17","date_gmt":"2015-09-24T13:41:17","guid":{"rendered":"https:\/\/www.lespetitsbaroudeurs.com\/blog\/open-36\/"},"modified":"2020-07-27T10:01:17","modified_gmt":"2020-07-27T10:01:17","slug":"voie-verte-haut-languedoc-velo-famille-remorque-enfant","status":"publish","type":"post","link":"https:\/\/www.lespetitsbaroudeurs.com\/blog\/voie-verte-haut-languedoc-velo-famille-remorque-enfant\/","title":{"rendered":"La voie verte du Haut-Languedoc : notre premier voyage \u00e0 v\u00e9lo en famille"},"content":{"rendered":"<p dir=\"ltr\" style=\"text-align: justify;\"><span style=\"line-height: 1.5em;\">Nous avions tr\u00e8s envie de tester le <strong>voyage \u00e0 v\u00e9lo en famille<\/strong>. C\u00f4t\u00e9 parents, nous avions d\u00e9j\u00e0 exp\u00e9riment\u00e9 ce type d\u2019itin\u00e9rance en VTT en Roumanie et nous avions absolument ador\u00e9 : on avance assez vite, sans porter trop lourd, tout en profitant des paysages, des rencontres, des odeurs\u2026 Cet \u00e9t\u00e9, <strong>le<\/strong> <strong>moment \u00e9tait id\u00e9al : nos oursons rentrent encore tous deux dans la remorque enfant<\/strong>, ce qui ne sera plus le cas l\u2019\u00e9t\u00e9 prochain.<!--more--><\/span><\/p>\n<p dir=\"ltr\" style=\"text-align: justify;\">Pour ce qui est de <strong>l\u2019itin\u00e9raire<\/strong>, nous nous sommes tourn\u00e9s vers une destination fran\u00e7aise, pas trop loin de notre camp de base en Haute-Savoie (la Bretagne nous tentait bien par exemple, mais c\u2019\u00e9tait un poil trop loin) et surtout vers un parcours 100% voie verte pour ne pas \u00eatre g\u00ean\u00e9s\/pollu\u00e9s par les voitures pour cette premi\u00e8re exp\u00e9rience.<\/p>\n<p dir=\"ltr\" style=\"text-align: justify;\"><strong>Tr\u00e8s naturellement, nous avons donc \u201catterri\u201d dans le Haut-Languedoc pour rouler sur <a href=\"http:\/\/www.parc-haut-languedoc.fr\/explorer-le-haut-languedoc\/catalogue-de-randonnees\/voie-verte-du-haut-languedoc-passa-pais\" target=\"_blank\" rel=\"noopener noreferrer\">la voie verte, Passapa\u00efs<\/a>. On vous raconte&#8230;<\/strong><\/p>\n<h2 dir=\"ltr\" style=\"text-align: justify;\">La voie verte du Haut-Languedoc \u00e0 v\u00e9lo : notre parcours<\/h2>\n<h3 dir=\"ltr\" style=\"text-align: justify;\">Jour 1 : Mazamet &#8211; Corniou les Grottes<\/h3>\n<p dir=\"ltr\" style=\"text-align: justify;\">Aujourd\u2019hui, nous prenons les v\u00e9los <strong>au d\u00e9part de Mazamet dans le Tarn<\/strong>, au pied de la Montagne Noire dont la l\u00e9gende raconte qu\u2019elle est souvent arros\u00e9e. Ce matin ne d\u00e9roge donc pas \u00e0 sa r\u00e9putation puisque<strong> nous partons sous des trombes d\u2019eau<\/strong>.<\/p>\n<figure id=\"attachment_647\" aria-describedby=\"caption-attachment-647\" style=\"width: 600px\" class=\"wp-caption aligncenter\"><a href=\"https:\/\/www.lespetitsbaroudeurs.com\/blog\/wp-content\/uploads\/2015\/09\/IMG_1324-small.jpg\"><img loading=\"lazy\" class=\"size-full wp-image-647\" src=\"https:\/\/www.lespetitsbaroudeurs.com\/blog\/wp-content\/uploads\/2015\/09\/IMG_1324-small.jpg\" alt=\"Voie verte Haut-Languedoc\" width=\"600\" height=\"450\"><\/a><figcaption id=\"caption-attachment-647\" class=\"wp-caption-text\">La Normandie ? Non, le Tarn \ud83d\ude09<\/figcaption><\/figure>\n<p dir=\"ltr\" style=\"text-align: justify;\">Les enfants sont &#8211; heureusement &#8211; bien cal\u00e9s et au sec dans la remorque. Nous leur avons quand m\u00eame enfil\u00e9s leurs pantalons et vestes imperm\u00e9ables, deux pr\u00e9cautions valent mieux qu\u2019une et surtout, un ourson hurlant de froid parce qu\u2019il est mouill\u00e9, ce n\u2019est pas ce qu\u2019il y a de mieux comme encouragement pour p\u00e9daler.<\/p>\n<p dir=\"ltr\" style=\"text-align: justify;\">Techniquement, nous sommes dans le midi, pourtant, nous sommes surpris des d\u00e9couvrir <strong>des paysages qui nous rappellent plut\u00f4t la Normandie ou encore notre Limousin natal<\/strong> : prairies bien grasses, vaches, tourbi\u00e8res, ch\u00eanes\u2026<\/p>\n<figure id=\"attachment_648\" aria-describedby=\"caption-attachment-648\" style=\"width: 600px\" class=\"wp-caption aligncenter\"><a href=\"https:\/\/www.lespetitsbaroudeurs.com\/blog\/wp-content\/uploads\/2015\/09\/IMG_1339-small.jpg\"><img loading=\"lazy\" class=\"size-full wp-image-648\" src=\"https:\/\/www.lespetitsbaroudeurs.com\/blog\/wp-content\/uploads\/2015\/09\/IMG_1339-small.jpg\" alt=\"Voie Verte Haut-Languedoc\" width=\"600\" height=\"450\"><\/a><figcaption id=\"caption-attachment-648\" class=\"wp-caption-text\">Jeux de lumi\u00e8re sous la pluie<\/figcaption><\/figure>\n<p dir=\"ltr\" style=\"text-align: justify;\">Le temps n\u2019\u00e9tant pas encore franchement au beau, nous d\u00e9cidons de manger \u00e0 l\u2019int\u00e9rieur \u00e0 Labastide Rouairoux. Apr\u00e8s nous \u00eatres r\u00e9chauff\u00e9s, s\u00e9ch\u00e9s et surtout bien remplis le ventre, nous sommes presque pr\u00eats \u00e0 repartir. Sauf que\u2026 Si Miss Ours (3 ans et demi au moment du voyage) est propre, Ours Junior (tout juste 2 ans quand nous sommes partis) ne l\u2019est pas encore. Or, suite logique d\u2019un repas copieux, sa couche est pleine, et <strong>la trousse de change\u2026 n\u2019est pas avec nous : oubli\u00e9e \u00e0 l\u2019h\u00f4tel de Mazamet !<\/strong> Papa Ours (\u00e0 qui l\u2019on doit cet oubli dans la pr\u00e9cipitation de la pr\u00e9paration des sacoches de v\u00e9lo) nous bricole un truc en mode #couchejetabler\u00e9utiliable et nous voil\u00e0 repartis.<\/p>\n<p dir=\"ltr\" style=\"text-align: justify;\">Le soleil perce \u00e0 travers les nuages et <strong>nous commen\u00e7ons \u00e0 d\u00e9couvrir la beaut\u00e9 de cette voie verte du Haut-Languedoc, ancienne voie de chemin de fer<\/strong> reliant Castres \u00e0 B\u00e9darieux. Tunnels, ponts, aqueducs, de nombreux et splendides ouvrages jalonnent le parcours tout en s\u2019int\u00e9grant parfaitement dans leur cadre nature.<\/p>\n<figure id=\"attachment_650\" aria-describedby=\"caption-attachment-650\" style=\"width: 600px\" class=\"wp-caption aligncenter\"><a href=\"https:\/\/www.lespetitsbaroudeurs.com\/blog\/wp-content\/uploads\/2015\/09\/IMG_1355-small.jpg\"><img loading=\"lazy\" class=\"size-full wp-image-650\" src=\"https:\/\/www.lespetitsbaroudeurs.com\/blog\/wp-content\/uploads\/2015\/09\/IMG_1355-small.jpg\" alt=\"Voie Verte Haut-Languedoc\" width=\"600\" height=\"450\"><\/a><figcaption id=\"caption-attachment-650\" class=\"wp-caption-text\">Le soleil fait son apparition<\/figcaption><\/figure>\n<p dir=\"ltr\" style=\"text-align: justify;\"><strong>Tiens en parlant de tunnel, nous franchissons aujourd\u2019hui le tunnel le plus long du parcours<\/strong>, quasiment 1km : non seulement il nous fait passer du Tarn \u00e0 l\u2019H\u00e9rault, mais en plus il passe sous le col de la Fenille, ligne de partage des eaux entre le versant oc\u00e9anique \u00e0 l\u2019ouest et m\u00e9diterann\u00e9en \u00e0 l\u2019est. Un vrai symbole, typique du Parc Naturel R\u00e9gional du Haut Languedoc, qui se v\u00e9rifiera concr\u00e8tement avec le paysage d\u00e8s le lendemain. En attendant, <strong>l\u2019\u00e9clairage automatique du tunnel ne s\u2019active pas et nous traversons \u00e0 la frontale !<\/strong> (je pr\u00e9cise LA car nous n\u2019en avions qu\u2019une pour deux v\u00e9los) Bref, toute une \u00e9pop\u00e9e : 1km, c\u2019est un poil long et au milieu du tunnel, il fait bien noir : et finalement, les oursons \u00e9taient plut\u00f4t zen, bien plus que Maman Ours (qui devrait arr\u00eater les s\u00e9ries avec zombies)<\/p>\n<figure id=\"attachment_651\" aria-describedby=\"caption-attachment-651\" style=\"width: 400px\" class=\"wp-caption aligncenter\"><a href=\"https:\/\/www.lespetitsbaroudeurs.com\/blog\/wp-content\/uploads\/2015\/09\/IMG_1380-small.jpg\"><img loading=\"lazy\" class=\"size-full wp-image-651\" src=\"https:\/\/www.lespetitsbaroudeurs.com\/blog\/wp-content\/uploads\/2015\/09\/IMG_1380-small.jpg\" alt=\"Voie Verte Haut-Languedoc\" width=\"400\" height=\"533\"><\/a><figcaption id=\"caption-attachment-651\" class=\"wp-caption-text\">La lumi\u00e8re au bout du tunnel&#8230;<\/figcaption><\/figure>\n<p dir=\"ltr\" style=\"text-align: justify;\">Une fois sortis de notre tunnel et un peu avant Corniou les grottes, nous quittons la voie verte pour rejoindre notre chambre d\u2019h\u00f4tes de Nabat le Haut. L\u00e0, nous d\u00e9couvrons un <strong>h\u00e9bergement de charme nich\u00e9 au fond d\u2019un vallon<\/strong>. Non seulement la vue est sublime, mais la maison d\u2019h\u00f4te est accueillante et agr\u00e9able, un r\u00e9gal apr\u00e8s cette premi\u00e8re journ\u00e9e riche en \u00e9motions.<strong> Les enfants sont aux anges : poulets, chiens, chats, de l\u2019espace pour courir, de quoi faire le bonheur de petits oursons !<\/strong><\/p>\n<figure id=\"attachment_652\" aria-describedby=\"caption-attachment-652\" style=\"width: 600px\" class=\"wp-caption aligncenter\"><a href=\"https:\/\/www.lespetitsbaroudeurs.com\/blog\/wp-content\/uploads\/2015\/09\/IMG_3532-small.jpg\"><img loading=\"lazy\" class=\"size-full wp-image-652\" src=\"https:\/\/www.lespetitsbaroudeurs.com\/blog\/wp-content\/uploads\/2015\/09\/IMG_3532-small.jpg\" alt=\"Voie Verte Haut-Languedoc\" width=\"600\" height=\"400\"><\/a><figcaption id=\"caption-attachment-652\" class=\"wp-caption-text\">Coup de coeur pour cette maison d&rsquo;h\u00f4tes<\/figcaption><\/figure>\n<figure id=\"attachment_653\" aria-describedby=\"caption-attachment-653\" style=\"width: 600px\" class=\"wp-caption aligncenter\"><a href=\"https:\/\/www.lespetitsbaroudeurs.com\/blog\/wp-content\/uploads\/2015\/09\/IMG_3526-small.jpg\"><img loading=\"lazy\" class=\"size-full wp-image-653\" src=\"https:\/\/www.lespetitsbaroudeurs.com\/blog\/wp-content\/uploads\/2015\/09\/IMG_3526-small.jpg\" alt=\"Voie Verte Haut-Languedoc\" width=\"600\" height=\"400\"><\/a><figcaption id=\"caption-attachment-653\" class=\"wp-caption-text\">Les enfants bricolent<\/figcaption><\/figure>\n<h3>Jour 2 : Corniou les Grottes &#8211; Mons la Trivalle<\/h3>\n<p dir=\"ltr\" style=\"text-align: justify;\">Aujourd\u2019hui<strong> nous partons sous un grand soleil<\/strong>, repos\u00e9s et pr\u00eats \u00e0 p\u00e9daler ! D\u2019embl\u00e9e, la piste nous d\u00e9voile ses charmes, <strong>ponts travaill\u00e9s en fer forg\u00e9, panoramas sur les collines, for\u00eats, c\u2019est vraiment tr\u00e8s agr\u00e9able<\/strong> d\u2019y p\u00e9daler.<\/p>\n<figure id=\"attachment_661\" aria-describedby=\"caption-attachment-661\" style=\"width: 600px\" class=\"wp-caption aligncenter\"><a href=\"https:\/\/www.lespetitsbaroudeurs.com\/blog\/wp-content\/uploads\/2015\/09\/IMG_3594-small.jpg\"><img loading=\"lazy\" class=\"size-full wp-image-661 \" title=\"Voie Verte Haut-Languedoc\" src=\"https:\/\/www.lespetitsbaroudeurs.com\/blog\/wp-content\/uploads\/2015\/09\/IMG_3594-small.jpg\" alt=\"Voie Verte Haut-Languedoc\" width=\"600\" height=\"400\"><\/a><figcaption id=\"caption-attachment-661\" class=\"wp-caption-text\">Les collines du Haut-Languedoc<\/figcaption><\/figure>\n<p dir=\"ltr\" style=\"text-align: justify;\"><strong>La piste, 100% d\u00e9di\u00e9e aux d\u00e9placements non motoris\u00e9s<\/strong>, est non goudronn\u00e9e, mais en rev\u00eatement stabilis\u00e9, elle est parfaitement entretenue et les panneaux de signalisation sont nombreux : on rep\u00e8re facilement o\u00f9 on en est sur le trajet.<\/p>\n<figure id=\"attachment_655\" aria-describedby=\"caption-attachment-655\" style=\"width: 600px\" class=\"wp-caption aligncenter\"><a href=\"https:\/\/www.lespetitsbaroudeurs.com\/blog\/wp-content\/uploads\/2015\/09\/IMG_3554-small.jpg\"><img loading=\"lazy\" class=\"size-full wp-image-655\" src=\"https:\/\/www.lespetitsbaroudeurs.com\/blog\/wp-content\/uploads\/2015\/09\/IMG_3554-small.jpg\" alt=\"Voie Verte Haut-Languedoc\" width=\"600\" height=\"400\"><\/a><figcaption id=\"caption-attachment-655\" class=\"wp-caption-text\">Une signal\u00e9tique efficace<\/figcaption><\/figure>\n<p dir=\"ltr\" style=\"text-align: justify;\">Apr\u00e8s une <strong>pause pique-nique au soleil<\/strong>, nous reprenons la route vers <strong>Olargues, class\u00e9 \u201cPlus beau village de France\u201d<\/strong> o\u00f9 une visite s\u2019impose.<\/p>\n<figure id=\"attachment_656\" aria-describedby=\"caption-attachment-656\" style=\"width: 600px\" class=\"wp-caption aligncenter\"><a href=\"https:\/\/www.lespetitsbaroudeurs.com\/blog\/wp-content\/uploads\/2015\/09\/IMG_3564-small.jpg\"><img loading=\"lazy\" class=\"size-full wp-image-656\" src=\"https:\/\/www.lespetitsbaroudeurs.com\/blog\/wp-content\/uploads\/2015\/09\/IMG_3564-small.jpg\" alt=\"Voie Verte Haut-Languedoc\" width=\"600\" height=\"400\"><\/a><figcaption id=\"caption-attachment-656\" class=\"wp-caption-text\">Pique-nique le long de la voie verte<\/figcaption><\/figure>\n<p dir=\"ltr\" style=\"text-align: justify;\">Nous montons aussi haut que l\u2019on peut en v\u00e9lo dans les ruelles du village pour aller voir le ch\u00e2teau qui le domine et profiter de la vue : tr\u00e8s chouette !<\/p>\n<figure id=\"attachment_659\" aria-describedby=\"caption-attachment-659\" style=\"width: 600px\" class=\"wp-caption aligncenter\"><a href=\"https:\/\/www.lespetitsbaroudeurs.com\/blog\/wp-content\/uploads\/2015\/09\/IMG_3636-small.jpg\"><img loading=\"lazy\" class=\"size-full wp-image-659\" src=\"https:\/\/www.lespetitsbaroudeurs.com\/blog\/wp-content\/uploads\/2015\/09\/IMG_3636-small.jpg\" alt=\"Voie Verte Haut-Languedoc\" width=\"600\" height=\"400\"><\/a><figcaption id=\"caption-attachment-659\" class=\"wp-caption-text\">Olargues<\/figcaption><\/figure>\n<p dir=\"ltr\" style=\"text-align: justify;\">Apr\u00e8s une petite pause go\u00fbter on enfourche \u00e0 nouveau nos v\u00e9los pour nous rendre compte que les deux roues de la charrette sont \u00e0 plat&#8230; C\u2019est l\u00e0 que le <strong>Papa Ours bricoleur entre en action<\/strong> et nous r\u00e9sout le probl\u00e8me en un clin d\u2019oeil (bon, en vrai, \u00e7a a pris une bonne demi-heure, mais il l\u2019a fait !)<\/p>\n<figure id=\"attachment_666\" aria-describedby=\"caption-attachment-666\" style=\"width: 400px\" class=\"wp-caption aligncenter\"><a href=\"https:\/\/www.lespetitsbaroudeurs.com\/blog\/wp-content\/uploads\/2015\/09\/IMG_1413-small.jpg\"><img loading=\"lazy\" class=\"size-full wp-image-666\" src=\"https:\/\/www.lespetitsbaroudeurs.com\/blog\/wp-content\/uploads\/2015\/09\/IMG_1413-small.jpg\" alt=\"Voie Verte Haut-Languedoc\" width=\"400\" height=\"533\"><\/a><figcaption id=\"caption-attachment-666\" class=\"wp-caption-text\">R\u00e9paration en cours<\/figcaption><\/figure>\n<figure id=\"attachment_662\" aria-describedby=\"caption-attachment-662\" style=\"width: 600px\" class=\"wp-caption aligncenter\"><a href=\"https:\/\/www.lespetitsbaroudeurs.com\/blog\/wp-content\/uploads\/2015\/09\/IMG_3661-small.jpg\"><img loading=\"lazy\" class=\"size-full wp-image-662\" src=\"https:\/\/www.lespetitsbaroudeurs.com\/blog\/wp-content\/uploads\/2015\/09\/IMG_3661-small.jpg\" alt=\"Voie Verte Haut-Languedoc\" width=\"600\" height=\"400\"><\/a><figcaption id=\"caption-attachment-662\" class=\"wp-caption-text\">C&rsquo;est parti mon kiki !<\/figcaption><\/figure>\n<p dir=\"ltr\" style=\"text-align: justify;\">En fin d\u2019apr\u00e8s-midi, nous atteignons notre halte du jour, \u00e0 Mons la Trivalle dans la chambre d\u2019h\u00f4te des Terrasses du Caroux.<\/p>\n<figure id=\"attachment_660\" aria-describedby=\"caption-attachment-660\" style=\"width: 600px\" class=\"wp-caption aligncenter\"><a href=\"https:\/\/www.lespetitsbaroudeurs.com\/blog\/wp-content\/uploads\/2015\/09\/IMG_3585-small.jpg\"><img loading=\"lazy\" class=\"size-full wp-image-660\" src=\"https:\/\/www.lespetitsbaroudeurs.com\/blog\/wp-content\/uploads\/2015\/09\/IMG_3585-small.jpg\" alt=\"Voie Verte Haut-Languedoc\" width=\"600\" height=\"400\"><\/a><figcaption id=\"caption-attachment-660\" class=\"wp-caption-text\">La vue depuis la chambre d&rsquo;h\u00f4tes<\/figcaption><\/figure>\n<p dir=\"ltr\" style=\"text-align: justify;\"><strong>La vue sur les collines, la garrigue, les montagne du Caroux est somptueuse.<\/strong> Ici, le paysage comme les maisons prennent vraiment des allures du sud, le soleil renfor\u00e7ant encore plus cette impression.<\/p>\n<h3 dir=\"ltr\" style=\"text-align: justify;\">Jour 3 : Mons la Trivalle &#8211; H\u00e9r\u00e9pian<\/h3>\n<p dir=\"ltr\" style=\"text-align: justify;\">Troisi\u00e8me et dernier jour de notre p\u00e9riple : <strong>le soleil est \u00e0 nouveau au rendez-vous et nous partons ce matin non pas sur la voie verte, mais vers les gorges d\u2019H\u00e9ric<\/strong>. Et <strong>c\u2019est parti pour 5 km et 315 m\u00e8tres de d\u00e9nivel\u00e9, attention, \u00e7a monte !<\/strong><\/p>\n<figure id=\"attachment_663\" aria-describedby=\"caption-attachment-663\" style=\"width: 600px\" class=\"wp-caption aligncenter\"><a href=\"https:\/\/www.lespetitsbaroudeurs.com\/blog\/wp-content\/uploads\/2015\/09\/IMG_3699-small.jpg\"><img loading=\"lazy\" class=\"size-full wp-image-663\" src=\"https:\/\/www.lespetitsbaroudeurs.com\/blog\/wp-content\/uploads\/2015\/09\/IMG_3699-small.jpg\" alt=\"Voie Verte Haut-Languedoc\" width=\"600\" height=\"400\"><\/a><figcaption id=\"caption-attachment-663\" class=\"wp-caption-text\">La mont\u00e9e dans les Gorges d&rsquo;H\u00e9ric<\/figcaption><\/figure>\n<p dir=\"ltr\" style=\"text-align: justify;\">Le long des gorges, un chemin goudronn\u00e9 permet de monter jusqu\u2019au village d\u2019H\u00e9ric, tout en longeant la rivi\u00e8res et ses nombreuses et magnifiques piscines naturelles. <strong>Si vous avez l\u2019occasion de venir marcher, p\u00e9daler ou grimper par l\u00e0, cela vaut vraiment le d\u00e9tour !<\/strong><\/p>\n<p dir=\"ltr\" style=\"text-align: justify;\"><a href=\"https:\/\/www.lespetitsbaroudeurs.com\/blog\/wp-content\/uploads\/2015\/09\/IMG_3702-small.jpg\"><img loading=\"lazy\" class=\"aligncenter size-full wp-image-664\" src=\"https:\/\/www.lespetitsbaroudeurs.com\/blog\/wp-content\/uploads\/2015\/09\/IMG_3702-small.jpg\" alt=\"Voie Verte Haut-Languedoc\" width=\"600\" height=\"400\"><\/a><\/p>\n<p dir=\"ltr\" style=\"text-align: justify;\">En redescendant, nous faisons <strong>halte au bord de l\u2019eau, pour le plus grand bonheur des oursons<\/strong>. Entre le sables, les galet et l\u2019eau claire o\u00f9 ils peuvent se tremper les pieds, ils sont combl\u00e9s et la pause pique-nique se transforme en apr\u00e8s-midi patouilles.<\/p>\n<figure id=\"attachment_667\" aria-describedby=\"caption-attachment-667\" style=\"width: 600px\" class=\"wp-caption aligncenter\"><a href=\"https:\/\/www.lespetitsbaroudeurs.com\/blog\/wp-content\/uploads\/2015\/09\/IMG_1469-small.jpg\"><img loading=\"lazy\" class=\"size-full wp-image-667\" src=\"https:\/\/www.lespetitsbaroudeurs.com\/blog\/wp-content\/uploads\/2015\/09\/IMG_1469-small.jpg\" alt=\"Voie Verte Haut-Languedoc\" width=\"600\" height=\"600\"><\/a><figcaption id=\"caption-attachment-667\" class=\"wp-caption-text\">Happy et mouill\u00e9s !<\/figcaption><\/figure>\n<p dir=\"ltr\" style=\"text-align: justify;\">Nous reprenons ensuite les v\u00e9los pour notre derni\u00e8re \u00e9tape qui d\u00e9marre sur <strong>le magnifique pont \u201ctype Eiffel\u201d qui enjambe<\/strong> le Jaur, avant de se poursuivre agr\u00e9ablement \u00e0 l\u2019ombre des ch\u00e2taigners et des ch\u00eanes verts.<\/p>\n<p dir=\"ltr\" style=\"text-align: justify;\"><img loading=\"lazy\" class=\"aligncenter size-full wp-image-998\" src=\"https:\/\/www.lespetitsbaroudeurs.com\/blog\/wp-content\/uploads\/2015\/09\/Voie-verte-du-haut-Languedoc.jpg\" alt=\"Voie verte du Haut Languedoc en v\u00e9lo\" width=\"1074\" height=\"716\"><\/p>\n<p dir=\"ltr\" style=\"text-align: justify;\">Sans surprise, les oursons dorment paisiblement et profitent de la chaleur m\u00e9diterran\u00e9enne, pendant que nous p\u00e9dalons jusqu\u2019\u00e0 notre derni\u00e8re \u00e9tape, H\u00e9r\u00e9pian, que nous atteignons bien trop vite \u00e0 notre go\u00fbt. <strong>On serait bien rest\u00e9s un peu plus longtemps sur la voie verte du Haut-Languedoc&#8230;<\/strong><\/p>\n<h2 dir=\"ltr\" style=\"text-align: justify;\">Ce que nous avons aim\u00e9<\/h2>\n<p dir=\"ltr\" style=\"text-align: justify;\">Nous avons <strong>ador\u00e9 p\u00e9daler tous les 4 pendant 3 jours en pleine nature<\/strong> sans jamais croiser de voiture en ayant l\u2019impression unique et sereine d\u2019\u00eatre un peu dans notre bulle.<\/p>\n<p dir=\"ltr\" style=\"text-align: justify;\"><strong>La vari\u00e9t\u00e9 des paysages nous a s\u00e9duit<\/strong> : passer des vertes pairies et des tourbi\u00e8res humides aux collines de garrigue en si peu de temps est un peu magique.<\/p>\n<p dir=\"ltr\" style=\"text-align: justify;\"><strong>C\u00f4t\u00e9 enfants, les gorges d\u2019H\u00e9ric restent un gros coup de coeur<\/strong> : jouer dans le sable et dans l\u2019eau, ramasser des gallets, recette imbattable d\u2019un pique-nique r\u00e9ussi !<\/p>\n<figure id=\"attachment_657\" aria-describedby=\"caption-attachment-657\" style=\"width: 600px\" class=\"wp-caption aligncenter\"><a href=\"https:\/\/www.lespetitsbaroudeurs.com\/blog\/wp-content\/uploads\/2015\/09\/IMG_3584-small.jpg\"><img loading=\"lazy\" class=\"size-full wp-image-657\" src=\"https:\/\/www.lespetitsbaroudeurs.com\/blog\/wp-content\/uploads\/2015\/09\/IMG_3584-small.jpg\" alt=\"Voie Verte Haut-Languedoc\" width=\"600\" height=\"400\"><\/a><figcaption id=\"caption-attachment-657\" class=\"wp-caption-text\">La vie dans la remorque<\/figcaption><\/figure>\n<p dir=\"ltr\" style=\"text-align: justify;\">Et d\u2019une mani\u00e8re g\u00e9n\u00e9rale, <strong>les oursons ont ador\u00e9 se balader dans la remorque enfant<\/strong> derri\u00e8re le v\u00e9lo de Papa Ours : c\u2019est une attraction en soi ! Alors qu\u2019en voiture on entend la c\u00e9l\u00e8bre rengaine \u201cC\u2019est quand qu\u2019on arrive\u201d, en v\u00e9lo, que nenni, ils profitent sereinement du paysage, chantent, se racontent leurs petites histoires.<\/p>\n<h2 dir=\"ltr\" style=\"text-align: justify;\">Infos pratiques pour faire la voie verte du Haut Languedoc<\/h2>\n<h3 dir=\"ltr\" style=\"text-align: justify;\">Notre \u00e9quipement<\/h3>\n<p dir=\"ltr\" style=\"text-align: justify;\">Nous \u00e9tions en VTT, Papa Ours tirant la remorque et Maman Ours \u00e9quip\u00e9e de 2 sacoches.<br \/>\nPour la remorque enfant, nous avons opt\u00e9 pour la Cougar de Thule (qui sera bient\u00f4t disponible dans la boutique).<br \/>\nVoici aussi quelques conseils g\u00e9n\u00e9raux :<\/p>\n<ul>\n<li>Faire une liste pour pr\u00e9parer les affaires sans rien oublier (je publierai la n\u00f4tre bient\u00f4t sur le blog)<\/li>\n<li>Prendre des affaires de pluie (on ne sait jamais)<\/li>\n<li>Glisser une ou deux frontales dans le sac (si les tunnels ne s&rsquo;allument pas)<\/li>\n<li>Eviter d\u2019oublier la trousse de change&#8230;<\/li>\n<\/ul>\n<h3 dir=\"ltr\" style=\"text-align: justify;\">Avec qui partir ?<\/h3>\n<p dir=\"ltr\" style=\"text-align: justify;\">Ce voyage nous a gracieusement \u00e9t\u00e9 propos\u00e9 par <strong>Chamina Voyages<\/strong> qui, outre une qualit\u00e9 de service au top, assure le <strong>transport des bagages<\/strong> d\u2019\u00e9tape en \u00e9tape et r\u00e9serve les h\u00e9bergements.<br \/>\n<a href=\"http:\/\/www.chamina-voyages.com\/randonnees-france\/massif-central\/cevennes\/liberte\/voie-verte-haut-languedoc-velo\" target=\"_blank\" rel=\"noopener noreferrer\">Vous pouvez retrouver ici le s\u00e9jour en question<\/a>.<\/p>\n","protected":false},"excerpt":{"rendered":"<p>Nous avions tr\u00e8s envie de tester le voyage \u00e0 v\u00e9lo en famille. C\u00f4t\u00e9 parents, nous avions d\u00e9j\u00e0 exp\u00e9riment\u00e9 ce type d\u2019itin\u00e9rance en VTT en Roumanie et nous avions absolument ador\u00e9 : on avance assez vite, sans porter trop lourd, tout en profitant des paysages, des rencontres, des odeurs\u2026 Cet \u00e9t\u00e9, le moment \u00e9tait id\u00e9al : [&hellip;]<\/p>\n","protected":false},"author":36,"featured_media":3084,"comment_status":"open","ping_status":"open","sticky":false,"template":"","format":"standard","meta":[],"categories":[153,150,149],"tags":[],"yoast_head":"<!-- This site is optimized with the Yoast SEO plugin v14.9 - https:\/\/yoast.com\/wordpress\/plugins\/seo\/ -->\n<title>La voie verte du Haut-Languedoc : notre premier voyage \u00e0 v\u00e9lo en famille - Les Petits Baroudeurs<\/title>\n<meta name=\"robots\" content=\"index, follow, max-snippet:-1, max-image-preview:large, max-video-preview:-1\" \/>\n<link rel=\"canonical\" href=\"https:\/\/www.lespetitsbaroudeurs.com\/blog\/voie-verte-haut-languedoc-velo-famille-remorque-enfant\/\" \/>\n<meta property=\"og:locale\" content=\"fr_FR\" \/>\n<meta property=\"og:type\" content=\"article\" \/>\n<meta property=\"og:title\" content=\"La voie verte du Haut-Languedoc : notre premier voyage \u00e0 v\u00e9lo en famille - Les Petits Baroudeurs\" \/>\n<meta property=\"og:description\" content=\"Nous avions tr\u00e8s envie de tester le voyage \u00e0 v\u00e9lo en famille. C\u00f4t\u00e9 parents, nous avions d\u00e9j\u00e0 exp\u00e9riment\u00e9 ce type d\u2019itin\u00e9rance en VTT en Roumanie et nous avions absolument ador\u00e9 : on avance assez vite, sans porter trop lourd, tout en profitant des paysages, des rencontres, des odeurs\u2026 Cet \u00e9t\u00e9, le moment \u00e9tait id\u00e9al : [&hellip;]\" \/>\n<meta property=\"og:url\" content=\"https:\/\/www.lespetitsbaroudeurs.com\/blog\/voie-verte-haut-languedoc-velo-famille-remorque-enfant\/\" \/>\n<meta property=\"og:site_name\" content=\"Les Petits Baroudeurs\" \/>\n<meta property=\"article:publisher\" content=\"https:\/\/www.facebook.com\/lespetitsbaroudeurs\/\" \/>\n<meta property=\"article:published_time\" content=\"2015-09-24T13:41:17+00:00\" \/>\n<meta property=\"article:modified_time\" content=\"2020-07-27T10:01:17+00:00\" \/>\n<meta property=\"og:image\" content=\"https:\/\/www.lespetitsbaroudeurs.com\/blog\/wp-content\/uploads\/2020\/07\/Voie-verte-du-haut-Languedoc.jpg\" \/>\n\t<meta property=\"og:image:width\" content=\"1074\" \/>\n\t<meta property=\"og:image:height\" content=\"716\" \/>\n<meta name=\"twitter:card\" content=\"summary_large_image\" \/>\n<script type=\"application\/ld+json\" class=\"yoast-schema-graph\">{\"@context\":\"https:\/\/schema.org\",\"@graph\":[{\"@type\":\"WebSite\",\"@id\":\"https:\/\/www.lespetitsbaroudeurs.com\/blog\/#website\",\"url\":\"https:\/\/www.lespetitsbaroudeurs.com\/blog\/\",\"name\":\"Les Petits Baroudeurs\",\"description\":\"Le Blog de l&#039;aventure en famille !\",\"potentialAction\":[{\"@type\":\"SearchAction\",\"target\":\"https:\/\/www.lespetitsbaroudeurs.com\/blog\/?s={search_term_string}\",\"query-input\":\"required name=search_term_string\"}],\"inLanguage\":\"fr-FR\"},{\"@type\":\"ImageObject\",\"@id\":\"https:\/\/www.lespetitsbaroudeurs.com\/blog\/voie-verte-haut-languedoc-velo-famille-remorque-enfant\/#primaryimage\",\"inLanguage\":\"fr-FR\",\"url\":\"https:\/\/www.lespetitsbaroudeurs.com\/blog\/wp-content\/uploads\/2020\/07\/Voie-verte-du-haut-Languedoc.jpg\",\"width\":1074,\"height\":716},{\"@type\":\"WebPage\",\"@id\":\"https:\/\/www.lespetitsbaroudeurs.com\/blog\/voie-verte-haut-languedoc-velo-famille-remorque-enfant\/#webpage\",\"url\":\"https:\/\/www.lespetitsbaroudeurs.com\/blog\/voie-verte-haut-languedoc-velo-famille-remorque-enfant\/\",\"name\":\"La voie verte du Haut-Languedoc : notre premier voyage \\u00e0 v\\u00e9lo en famille - Les Petits Baroudeurs\",\"isPartOf\":{\"@id\":\"https:\/\/www.lespetitsbaroudeurs.com\/blog\/#website\"},\"primaryImageOfPage\":{\"@id\":\"https:\/\/www.lespetitsbaroudeurs.com\/blog\/voie-verte-haut-languedoc-velo-famille-remorque-enfant\/#primaryimage\"},\"author\":{\"@id\":\"https:\/\/www.lespetitsbaroudeurs.com\/blog\/#\/schema\/person\/074061ec8b5473878afb9cce3c002d69\"},\"inLanguage\":\"fr-FR\",\"potentialAction\":[{\"@type\":\"ReadAction\",\"target\":[\"https:\/\/www.lespetitsbaroudeurs.com\/blog\/voie-verte-haut-languedoc-velo-famille-remorque-enfant\/\"]}]},{\"@type\":\"Person\",\"@id\":\"https:\/\/www.lespetitsbaroudeurs.com\/blog\/#\/schema\/person\/074061ec8b5473878afb9cce3c002d69\",\"name\":\"C\\u00e9line Lacombe\",\"image\":{\"@type\":\"ImageObject\",\"@id\":\"https:\/\/www.lespetitsbaroudeurs.com\/blog\/#personlogo\",\"inLanguage\":\"fr-FR\",\"url\":\"https:\/\/secure.gravatar.com\/avatar\/f3196c6923379068e921575c340f8486?s=96&d=mm&r=g\",\"caption\":\"C\\u00e9line Lacombe\"},\"description\":\"Amoureuse des montagnes et des voyages, C\\u00e9line est heureuse dans sa tribu familiale avec ses mini baroudeurs et son homme. La cr\\u00e9ation des Petits Baroudeurs est la suite logique de sa passion pour sa famille et pour l'outdoor.\"}]}<\/script>\n<!-- \/ Yoast SEO plugin. -->","_links":{"self":[{"href":"https:\/\/www.lespetitsbaroudeurs.com\/blog\/wp-json\/wp\/v2\/posts\/3083"}],"collection":[{"href":"https:\/\/www.lespetitsbaroudeurs.com\/blog\/wp-json\/wp\/v2\/posts"}],"about":[{"href":"https:\/\/www.lespetitsbaroudeurs.com\/blog\/wp-json\/wp\/v2\/types\/post"}],"author":[{"embeddable":true,"href":"https:\/\/www.lespetitsbaroudeurs.com\/blog\/wp-json\/wp\/v2\/users\/36"}],"replies":[{"embeddable":true,"href":"https:\/\/www.lespetitsbaroudeurs.com\/blog\/wp-json\/wp\/v2\/comments?post=3083"}],"version-history":[{"count":1,"href":"https:\/\/www.lespetitsbaroudeurs.com\/blog\/wp-json\/wp\/v2\/posts\/3083\/revisions"}],"predecessor-version":[{"id":4285,"href":"https:\/\/www.lespetitsbaroudeurs.com\/blog\/wp-json\/wp\/v2\/posts\/3083\/revisions\/4285"}],"wp:featuredmedia":[{"embeddable":true,"href":"https:\/\/www.lespetitsbaroudeurs.com\/blog\/wp-json\/wp\/v2\/media\/3084"}],"wp:attachment":[{"href":"https:\/\/www.lespetitsbaroudeurs.com\/blog\/wp-json\/wp\/v2\/media?parent=3083"}],"wp:term":[{"taxonomy":"category","embeddable":true,"href":"https:\/\/www.lespetitsbaroudeurs.com\/blog\/wp-json\/wp\/v2\/categories?post=3083"},{"taxonomy":"post_tag","embeddable":true,"href":"https:\/\/www.lespetitsbaroudeurs.com\/blog\/wp-json\/wp\/v2\/tags?post=3083"}],"curies":[{"name":"wp","href":"https:\/\/api.w.org\/{rel}","templated":true}]}}