{"id":3115,"date":"2015-10-14T21:37:56","date_gmt":"2015-10-14T21:37:56","guid":{"rendered":"https:\/\/www.lespetitsbaroudeurs.com\/blog\/open-38\/"},"modified":"2021-09-07T11:12:49","modified_gmt":"2021-09-07T09:12:49","slug":"ou-partir-en-famille-vacances-automne","status":"publish","type":"post","link":"https:\/\/www.lespetitsbaroudeurs.com\/blog\/ou-partir-en-famille-vacances-automne\/","title":{"rendered":"O\u00f9 partir en famille pour les vacances d\u2019automne ?"},"content":{"rendered":"\n<p><em>Pour les familles baroudeuses (comme pour les autres d\u2019ailleurs), pr\u00e9parer les vacances peut parfois ressembler \u00e0 un vrai casse-t\u00eate : on r\u00eave de nature, de retour aux sources, de prendre du temps avec ses enfants, de faire plus de sport. Mais il faut aussi composer avec la famille, les contraintes de budget et le fait qu\u2019on n\u2019a pas toujours de vacances.&nbsp;&nbsp;<\/em><\/p>\n\n\n\n<h2>Destinations nature pour des vacances en famille \u00e0 la Toussaint<\/h2>\n\n\n\n<p>Au premier abord, on se dit que les vacances d\u2019automne ne sont pas les meilleures pour partir : il fait gris, il commence \u00e0 faire froid, il n\u2019y a pas encore de neige\u2026<\/p>\n\n\n\n<p>Pourtant, certaines destinations sont plut\u00f4t adapt\u00e9es \u00e0 cette saison.<br><strong>En France, une mise au vert \u00e0 la campagne peut \u00eatre tr\u00e8s sympa<\/strong>. Selon l\u2019avanc\u00e9e de la saison, les arbres peuvent ne pas avoir perdu toutes leurs feuilles et dans des coins vallonn\u00e9s, on peut savourer l\u2019<strong>explosion de couleurs automnales<\/strong> et en profiter pour <strong>ramasser de chouettes tr\u00e9sors avec ses petits explorateurs.<\/strong><\/p>\n\n\n\n<p>Si on tente l\u2019exp\u00e9rience hors de nos fronti\u00e8res, <strong>le bassin m\u00e9diterran\u00e9en est aussi une tr\u00e8s bonne option.&nbsp;<\/strong><\/p>\n\n\n\n<p>Aussi, je vous livre ici <strong>5 destinations familles pour les vacances d&rsquo;automne<\/strong> : celles que nous avons d\u00e9j\u00e0 test\u00e9es, celle dont nous r\u00eavons&#8230;<\/p>\n\n\n\n<h3>Le Limousin en famille \u00e0 l&rsquo;automne : des tr\u00e9sors \u00e0 d\u00e9couvrir<\/h3>\n\n\n\n<p>C&rsquo;est une destination que l&rsquo;on connait bien (pour y \u00eatre n\u00e9s &#8211; qui a dit qu&rsquo;il n&rsquo;y avait plus d&rsquo;ours en Limousin ?) et qui <strong>rec\u00e8le de bien des charmes \u00e0 l&rsquo;automne.&nbsp;<\/strong><\/p>\n\n\n\n<p>Notre petit coin favori ? En Haute-Vienne, (je sais, comme \u00e7a, cela ne fait pas r\u00eaver) o\u00f9 <strong>for\u00eats et collines dessinent des paysages harmonieux.<\/strong> Et justement, \u00e0 l&rsquo;automne, ma saison pr\u00e9f\u00e9r\u00e9e en Limousin, <strong>les for\u00eats se teintent de couleurs <\/strong>de dingue et surtout, r\u00e9v\u00e8le des tr\u00e9sors qui ferons avancer vos loupiots : <strong>ch\u00e2taignes, champignons, feuilles aux mille et unes couleurs<\/strong>. Ils auront de quoi ramasser et se r\u00e9galer !<\/p>\n\n\n\n<div class=\"wp-block-image\"><figure class=\"aligncenter\"><a href=\"https:\/\/www.lespetitsbaroudeurs.com\/blog\/wp-content\/uploads\/2015\/10\/IMG_3184.jpg\"><img src=\"https:\/\/www.lespetitsbaroudeurs.com\/blog\/wp-content\/uploads\/2015\/10\/IMG_3184.jpg\" alt=\"Cuillette de champignons en famille\" class=\"wp-image-715\"\/><\/a><figcaption>Miam !<\/figcaption><\/figure><\/div>\n\n\n\n<h4>Les plus et les moins : <\/h4>\n\n\n\n<ul><li>Les cueillettes et r\u00e9coltes de tr\u00e9sors,<\/li><li>La beaut\u00e9 de la for\u00eat limousine aux couleurs de l&rsquo;automne,<\/li><li>L&#8217;emplacement g\u00e9ographique central en France,<\/li><li>Le risque de mauvais temps (comme un peu partout en France \u00e0 cette \u00e9poque de l&rsquo;ann\u00e9e).<\/li><\/ul>\n\n\n\n<h3>L&rsquo;Auvergne et ses plateaux aux ambiances nordiques et magiques<\/h3>\n\n\n\n<p>L&rsquo;Auvergne est pour nous une <strong>destination de coeur<\/strong> qu&rsquo;on a eu l&rsquo;occasion de beaucoup arpenter, notamment quand les oursons \u00e9taient tout petits. <\/p>\n\n\n\n<p>On y adore la <strong>vari\u00e9t\u00e9 des paysages et le choix immense d&rsquo;activit\u00e9s natures<\/strong> que l&rsquo;on peut faire. De la <strong>Haute-Loire<\/strong> aux <strong>Gorges de l&rsquo;Allier<\/strong>, en passant par les <strong>sommets du Cantal<\/strong>, on ne peut que vous conseiller d&rsquo;aller vadrouiller dans ce coin en famille. L&rsquo;automne est une saison adapt\u00e9e puisque pas encore de neige sur les sommets et un soleil, s&rsquo;il n&rsquo;est pas trop timide qui peut illuminer vos balades. <\/p>\n\n\n\n<figure class=\"wp-block-image size-large\"><img loading=\"lazy\" width=\"1024\" height=\"585\" src=\"https:\/\/www.lespetitsbaroudeurs.com\/blog\/wp-content\/uploads\/2021\/08\/Auvergne-famille-plateau-Guery.jpg\" alt=\"\" class=\"wp-image-7251\" srcset=\"https:\/\/www.lespetitsbaroudeurs.com\/blog\/wp-content\/uploads\/2021\/08\/Auvergne-famille-plateau-Guery.jpg 1024w, https:\/\/www.lespetitsbaroudeurs.com\/blog\/wp-content\/uploads\/2021\/08\/Auvergne-famille-plateau-Guery-300x171.jpg 300w, https:\/\/www.lespetitsbaroudeurs.com\/blog\/wp-content\/uploads\/2021\/08\/Auvergne-famille-plateau-Guery-768x439.jpg 768w\" sizes=\"(max-width: 1024px) 100vw, 1024px\" \/><figcaption><em>Sur le plateau du Gu\u00e9ry, c&rsquo;est b\u00f4 !<\/em><\/figcaption><\/figure>\n\n\n\n<h4>Les plus et les moins : <\/h4>\n\n\n\n<ul><li>Les paysages ultra vari\u00e9s et magnifiques,<\/li><li>L&#8217;emplacement g\u00e9ographique central en France,<\/li><li>Le risque de mauvais temps (comme un peu partout en France \u00e0 cette \u00e9poque de l&rsquo;ann\u00e9e).<\/li><\/ul>\n\n\n\n<h4>Notre coin secret<\/h4>\n\n\n\n<figure class=\"wp-block-image size-large\"><img loading=\"lazy\" width=\"1024\" height=\"768\" src=\"https:\/\/www.lespetitsbaroudeurs.com\/blog\/wp-content\/uploads\/2021\/08\/Auvergne-famille-Guery.jpg\" alt=\"\" class=\"wp-image-7252\" srcset=\"https:\/\/www.lespetitsbaroudeurs.com\/blog\/wp-content\/uploads\/2021\/08\/Auvergne-famille-Guery.jpg 1024w, https:\/\/www.lespetitsbaroudeurs.com\/blog\/wp-content\/uploads\/2021\/08\/Auvergne-famille-Guery-300x225.jpg 300w, https:\/\/www.lespetitsbaroudeurs.com\/blog\/wp-content\/uploads\/2021\/08\/Auvergne-famille-Guery-768x576.jpg 768w\" sizes=\"(max-width: 1024px) 100vw, 1024px\" \/><figcaption><em>Notre cabane pr\u00e9f\u00e9r\u00e9e !<\/em><\/figcaption><\/figure>\n\n\n\n<p>On adore venir dormir aux <strong>cabanes du lac de Gu\u00e9ry<\/strong> : pas d&rsquo;eau, pas d&rsquo;\u00e9lectricit\u00e9, mais <strong>la nature en grand et un po\u00eble qui chauffe bien<\/strong>. Et surtout, la promesse d&rsquo;une <strong>exp\u00e9rience en famille de dingue<\/strong>. <br>En prime, un sentier am\u00e9nag\u00e9 \u00e0 la fois ludique et p\u00e9dagogique qui enchantera vos loulous. <a rel=\"noreferrer noopener\" href=\"https:\/\/ete.capguery.com\/\" target=\"_blank\"><em>\u27b3Je d\u00e9couvre<\/em><\/a><\/p>\n\n\n\n<h3>Le Jura par\u00e9s de couleurs chaudes<\/h3>\n\n\n\n<p>\u00c0 l&rsquo;automne, les coteaux du Jura se parent aussi de couleurs chaudes et <strong>les for\u00eats explosent de couleurs. <\/strong><\/p>\n\n\n\n<p>Nos ambassadeurs, la famille Niaudet, a fait l&rsquo;exp\u00e9rience de <strong>3 randonn\u00e9es en famille<\/strong> qui nous ont d&rsquo;ailleurs toutes donn\u00e9 envie.<em> <a href=\"https:\/\/www.lespetitsbaroudeurs.com\/blog\/jura-famille-automne\/\">\u27b3 D\u00e9couvrir leur r\u00e9cit<\/a><\/em><\/p>\n\n\n\n<figure class=\"wp-block-image size-large\"><img loading=\"lazy\" width=\"1024\" height=\"536\" src=\"https:\/\/www.lespetitsbaroudeurs.com\/blog\/wp-content\/uploads\/2021\/08\/IMG_20181106_001341_054.jpg\" alt=\"\" class=\"wp-image-7253\" srcset=\"https:\/\/www.lespetitsbaroudeurs.com\/blog\/wp-content\/uploads\/2021\/08\/IMG_20181106_001341_054.jpg 1024w, https:\/\/www.lespetitsbaroudeurs.com\/blog\/wp-content\/uploads\/2021\/08\/IMG_20181106_001341_054-300x157.jpg 300w, https:\/\/www.lespetitsbaroudeurs.com\/blog\/wp-content\/uploads\/2021\/08\/IMG_20181106_001341_054-768x402.jpg 768w\" sizes=\"(max-width: 1024px) 100vw, 1024px\" \/><figcaption><em>Explosion de couleurs dans le Jura<\/em><\/figcaption><\/figure>\n\n\n\n<h4>Les plus et les moins :<\/h4>\n\n\n\n<ul><li>Comme en Auvergne et en Limousin, vous serez seuls au monde,<\/li><li>\u00c0 vous les d\u00e9gustations de bons fromages, <\/li><li>Le risque de mauvais temps (comme un peu partout en France \u00e0 cette \u00e9poque de l&rsquo;ann\u00e9e).<\/li><\/ul>\n\n\n\n<figure class=\"wp-block-image size-large\"><img loading=\"lazy\" width=\"1024\" height=\"559\" src=\"https:\/\/www.lespetitsbaroudeurs.com\/blog\/wp-content\/uploads\/2021\/08\/IMG_20181102_222007_300.jpg\" alt=\"\" class=\"wp-image-7254\" srcset=\"https:\/\/www.lespetitsbaroudeurs.com\/blog\/wp-content\/uploads\/2021\/08\/IMG_20181102_222007_300.jpg 1024w, https:\/\/www.lespetitsbaroudeurs.com\/blog\/wp-content\/uploads\/2021\/08\/IMG_20181102_222007_300-300x164.jpg 300w, https:\/\/www.lespetitsbaroudeurs.com\/blog\/wp-content\/uploads\/2021\/08\/IMG_20181102_222007_300-768x419.jpg 768w\" sizes=\"(max-width: 1024px) 100vw, 1024px\" \/><figcaption><em>Seuls au monde dans le Jura<\/em><\/figcaption><\/figure>\n\n\n\n<h3>La Cr\u00eate et ses richesses nature et culture pour un parfait combo d&rsquo;automne en famille<\/h3>\n\n\n\n<p>Nous avons eu la chance il y a quelques ann\u00e9es de partir <strong>d\u00e9couvrir la Cr\u00eate aux vacances d&rsquo;automne<\/strong> et ce fut un de nos voyages pr\u00e9f\u00e9r\u00e9s.<\/p>\n\n\n\n<p><strong>Les temp\u00e9ratures y sont parfaites pour les randonn\u00e9es<\/strong> et l&rsquo;eau est encore bien chaude. Bref, pour nous, c&rsquo;est un mix id\u00e9al entre les <strong>d\u00e9couvertes culturelles et la nature<\/strong>, que ce soit c\u00f4t\u00e9 mer ou c\u00f4t\u00e9 montagne. <\/p>\n\n\n\n<div class=\"wp-block-columns has-2-columns\">\n<div class=\"wp-block-column\">\n<figure class=\"wp-block-image\"><img src=\"https:\/\/www.lespetitsbaroudeurs.com\/blog\/wp-content\/uploads\/2015\/10\/Crete-Famille-Automne.jpg\" alt=\"\" class=\"wp-image-4203\"\/><figcaption><em>Ils font s\u00e9cher des trucs bizarres ici&#8230;<\/em><\/figcaption><\/figure>\n<\/div>\n\n\n\n<div class=\"wp-block-column\">\n<figure class=\"wp-block-image\"><img src=\"https:\/\/www.lespetitsbaroudeurs.com\/blog\/wp-content\/uploads\/2015\/10\/Crete-Famille-Automne-gorges.jpg\" alt=\"\" class=\"wp-image-4202\"\/><figcaption><em>Les Gorges de Samaria<\/em><\/figcaption><\/figure>\n<\/div>\n<\/div>\n\n\n\n<h4>Les plus et les moins : <\/h4>\n\n\n\n<ul><li>Le climat parfait en cette saison, et l&rsquo;eau \u00e0 temp\u00e9rature id\u00e9ale,<\/li><li>Le bon \u00e9quilibre nature\/culture,<\/li><li>La rando dans les gorges de Samaria,<\/li><li>La plage de dingue \u00e0 Elafonissi (et que vous aurez pour vous tous seuls),<\/li><li>Mais il faut prendre l&rsquo;avion pour y aller&#8230;<\/li><\/ul>\n\n\n\n<h3>Oman pour les d\u00e9paysement, la nature intacte et vraiment diff\u00e9rente<\/h3>\n\n\n\n<p>L\u00e0, pour le coup, nous n&rsquo;y sommes pas encore all\u00e9s, mais cette destination, notamment \u00e0 cette \u00e9poque de l&rsquo;ann\u00e9e est bien en haut sur ma liste. <br><strong>Je r\u00eave d&rsquo;y emmener les enfants pour qu&rsquo;ils d\u00e9couvrent une culture diff\u00e9rente de la n\u00f4tre<\/strong>, pour qu&rsquo;ils voient des paysages vraiment diff\u00e9rents, et cerise sur le g\u00e2teau, <strong>pour qu&rsquo;ils d&rsquo;extasient devant la faune locale<\/strong>. <\/p>\n\n\n\n<figure class=\"wp-block-image size-large\"><img loading=\"lazy\" width=\"1024\" height=\"682\" src=\"https:\/\/www.lespetitsbaroudeurs.com\/blog\/wp-content\/uploads\/2021\/08\/Oman-famille-boutre.jpg\" alt=\"\" class=\"wp-image-7255\" srcset=\"https:\/\/www.lespetitsbaroudeurs.com\/blog\/wp-content\/uploads\/2021\/08\/Oman-famille-boutre.jpg 1024w, https:\/\/www.lespetitsbaroudeurs.com\/blog\/wp-content\/uploads\/2021\/08\/Oman-famille-boutre-300x200.jpg 300w, https:\/\/www.lespetitsbaroudeurs.com\/blog\/wp-content\/uploads\/2021\/08\/Oman-famille-boutre-768x512.jpg 768w\" sizes=\"(max-width: 1024px) 100vw, 1024px\" \/><figcaption><em>Je verrais bien la famille Ours sur cette boutre&#8230;<\/em><\/figcaption><\/figure>\n\n\n\n<h4>Les plus et les moins : <\/h4>\n\n\n\n<ul><li>Le c\u00f4t\u00e9 sauvage et nature : d\u00e9serts, canyon, fjords,<\/li><li>Les tortues et les dauphins que l&rsquo;on a la chance de croiser,<\/li><li>Mais il faut prendre l&rsquo;avion pour y aller et compter dans les 10h de voyage&#8230;<\/li><\/ul>\n\n\n\n<h3>Et chez la famille Ours, ce sera\u2026<\/h3>\n\n\n\n<p>Pour la famille Ours, au programme de ces vacances d\u2019automne : on ira <strong>cueillir des champignons<\/strong> (si notre flair nous aide \u00e0 en trouver\u2026), <strong>on ramassera des noix, des noisettes, des ch\u00e2taignes<\/strong> (miam, la cr\u00e8me de marrons) et on va aussi tenter de faire quelques petits bricolages \u00e0 partir de&nbsp;feuilles d\u2019arbres color\u00e9es, <strong>le tout en Haute-Savoie et en Limousin !<\/strong><\/p>\n\n\n\n<div class=\"wp-block-image\"><figure class=\"aligncenter\"><img src=\"https:\/\/www.lespetitsbaroudeurs.com\/blog\/wp-content\/uploads\/2015\/10\/Activites-nature-famille-automne-2.jpg\" alt=\"Activites-nature-famille-automne-2\" class=\"wp-image-985\"\/><\/figure><\/div>\n\n\n\n<p><strong>Et chez vous, quel est le programme ?<\/strong><\/p>\n\n\n\n<h2>HEY, SI ON \u00c9QUIPAIT VOS PETITS BAROUDEURS ?<\/h2>\n\n\n\n<p>Chez les Petits Baroudeurs, nous&nbsp;<strong>d\u00e9nichons avec soin et amour<\/strong>&nbsp;les produits utiles \u00e0 vos aventures en famille.&nbsp;<strong>Nous les testons<\/strong>&nbsp;avec nos Oursons, les cousins, les amis de nos loupiots \u2013 quand nos enfants sont trop grands pour tester eux m\u00eame. Et&nbsp;<strong>nous ne s\u00e9lectionnons que les meilleurs produits&nbsp;<\/strong>pour vous les proposer.<\/p>\n\n\n\n<p>Voici donc la s\u00e9lection de notre boutique pour des <strong>vacances d&rsquo;automne en famille<\/strong>&nbsp;:<\/p>\n\n\n\n<div class=\"wp-block-group alignwide\"><div class=\"wp-block-group__inner-container\">\n<div class=\"wp-block-columns alignwide\">\n<div class=\"wp-block-column\">\n<figure class=\"wp-block-image size-large\"><a href=\"https:\/\/www.lespetitsbaroudeurs.com\/chaussure-randonnee-enfant-51\" target=\"_blank\" rel=\"noopener noreferrer\"><img loading=\"lazy\" width=\"800\" height=\"800\" src=\"https:\/\/www.lespetitsbaroudeurs.com\/blog\/wp-content\/uploads\/2021\/08\/chaussure-randonnee-enfant-impermeable-elementerre.jpg\" alt=\"\" class=\"wp-image-7233\" srcset=\"https:\/\/www.lespetitsbaroudeurs.com\/blog\/wp-content\/uploads\/2021\/08\/chaussure-randonnee-enfant-impermeable-elementerre.jpg 800w, https:\/\/www.lespetitsbaroudeurs.com\/blog\/wp-content\/uploads\/2021\/08\/chaussure-randonnee-enfant-impermeable-elementerre-300x300.jpg 300w, https:\/\/www.lespetitsbaroudeurs.com\/blog\/wp-content\/uploads\/2021\/08\/chaussure-randonnee-enfant-impermeable-elementerre-150x150.jpg 150w, https:\/\/www.lespetitsbaroudeurs.com\/blog\/wp-content\/uploads\/2021\/08\/chaussure-randonnee-enfant-impermeable-elementerre-768x768.jpg 768w, https:\/\/www.lespetitsbaroudeurs.com\/blog\/wp-content\/uploads\/2021\/08\/chaussure-randonnee-enfant-impermeable-elementerre-270x270.jpg 270w, https:\/\/www.lespetitsbaroudeurs.com\/blog\/wp-content\/uploads\/2021\/08\/chaussure-randonnee-enfant-impermeable-elementerre-540x540.jpg 540w, https:\/\/www.lespetitsbaroudeurs.com\/blog\/wp-content\/uploads\/2021\/08\/chaussure-randonnee-enfant-impermeable-elementerre-580x580.jpg 580w\" sizes=\"(max-width: 800px) 100vw, 800px\" \/><\/a><figcaption><em>Chaussures de randonn\u00e9e enfant<\/em><br><a href=\"https:\/\/www.lespetitsbaroudeurs.com\/chaussure-randonnee-enfant-51\" target=\"_blank\" rel=\"noreferrer noopener\"><em>\u27b3Je d\u00e9couvre<\/em><\/a><\/figcaption><\/figure>\n<\/div>\n\n\n\n<div class=\"wp-block-column\">\n<figure class=\"wp-block-image size-large\"><a href=\"https:\/\/www.lespetitsbaroudeurs.com\/pantalon-randonnee-enfant-44\" target=\"_blank\" rel=\"noopener noreferrer\"><img loading=\"lazy\" width=\"800\" height=\"800\" src=\"https:\/\/www.lespetitsbaroudeurs.com\/blog\/wp-content\/uploads\/2021\/08\/pantalon-anti-tiques-anti-moustiques-garcon-reima.jpg\" alt=\"\" class=\"wp-image-7234\" srcset=\"https:\/\/www.lespetitsbaroudeurs.com\/blog\/wp-content\/uploads\/2021\/08\/pantalon-anti-tiques-anti-moustiques-garcon-reima.jpg 800w, https:\/\/www.lespetitsbaroudeurs.com\/blog\/wp-content\/uploads\/2021\/08\/pantalon-anti-tiques-anti-moustiques-garcon-reima-300x300.jpg 300w, https:\/\/www.lespetitsbaroudeurs.com\/blog\/wp-content\/uploads\/2021\/08\/pantalon-anti-tiques-anti-moustiques-garcon-reima-150x150.jpg 150w, https:\/\/www.lespetitsbaroudeurs.com\/blog\/wp-content\/uploads\/2021\/08\/pantalon-anti-tiques-anti-moustiques-garcon-reima-768x768.jpg 768w, https:\/\/www.lespetitsbaroudeurs.com\/blog\/wp-content\/uploads\/2021\/08\/pantalon-anti-tiques-anti-moustiques-garcon-reima-270x270.jpg 270w, https:\/\/www.lespetitsbaroudeurs.com\/blog\/wp-content\/uploads\/2021\/08\/pantalon-anti-tiques-anti-moustiques-garcon-reima-540x540.jpg 540w, https:\/\/www.lespetitsbaroudeurs.com\/blog\/wp-content\/uploads\/2021\/08\/pantalon-anti-tiques-anti-moustiques-garcon-reima-580x580.jpg 580w\" sizes=\"(max-width: 800px) 100vw, 800px\" \/><\/a><figcaption><em>Pantalon de randonn\u00e9e enfant<br><a href=\"https:\/\/www.lespetitsbaroudeurs.com\/pantalon-randonnee-enfant-44\" target=\"_blank\" rel=\"noreferrer noopener\">\u27b3Je d\u00e9couvre<\/a><\/em><\/figcaption><\/figure>\n<\/div>\n\n\n\n<div class=\"wp-block-column\">\n<figure class=\"wp-block-image size-large\"><a href=\"https:\/\/www.lespetitsbaroudeurs.com\/veste-impermeable-enfant-bebe-39\" target=\"_blank\" rel=\"noopener noreferrer\"><img loading=\"lazy\" width=\"800\" height=\"800\" src=\"https:\/\/www.lespetitsbaroudeurs.com\/blog\/wp-content\/uploads\/2021\/08\/veste-matelassee-deperlante-kielder-hybrid-regatta.jpg\" alt=\"\" class=\"wp-image-7235\" srcset=\"https:\/\/www.lespetitsbaroudeurs.com\/blog\/wp-content\/uploads\/2021\/08\/veste-matelassee-deperlante-kielder-hybrid-regatta.jpg 800w, https:\/\/www.lespetitsbaroudeurs.com\/blog\/wp-content\/uploads\/2021\/08\/veste-matelassee-deperlante-kielder-hybrid-regatta-300x300.jpg 300w, https:\/\/www.lespetitsbaroudeurs.com\/blog\/wp-content\/uploads\/2021\/08\/veste-matelassee-deperlante-kielder-hybrid-regatta-150x150.jpg 150w, https:\/\/www.lespetitsbaroudeurs.com\/blog\/wp-content\/uploads\/2021\/08\/veste-matelassee-deperlante-kielder-hybrid-regatta-768x768.jpg 768w, https:\/\/www.lespetitsbaroudeurs.com\/blog\/wp-content\/uploads\/2021\/08\/veste-matelassee-deperlante-kielder-hybrid-regatta-270x270.jpg 270w, https:\/\/www.lespetitsbaroudeurs.com\/blog\/wp-content\/uploads\/2021\/08\/veste-matelassee-deperlante-kielder-hybrid-regatta-540x540.jpg 540w, https:\/\/www.lespetitsbaroudeurs.com\/blog\/wp-content\/uploads\/2021\/08\/veste-matelassee-deperlante-kielder-hybrid-regatta-580x580.jpg 580w\" sizes=\"(max-width: 800px) 100vw, 800px\" \/><\/a><figcaption><em>Veste imperm\u00e9able enfant<\/em><br><a rel=\"noreferrer noopener\" href=\"https:\/\/www.lespetitsbaroudeurs.com\/veste-impermeable-enfant-bebe-39\" target=\"_blank\"><em>\u27b3Je d\u00e9couvre<\/em><\/a> <\/figcaption><\/figure>\n<\/div>\n<\/div>\n\n\n\n<h2><strong>CET ARTICLE SUR LES VACANCES D&rsquo;AUTOMNE EN FAMILLE VOUS A PLU ? \u00c9PINGLEZ-LE SUR PINTEREST !<\/strong><\/h2>\n<\/div><\/div>\n\n\n\n<p><iframe src=\"https:\/\/assets.pinterest.com\/ext\/embed.html?id=572590540135245829\" height=\"618\" width=\"345\" frameborder=\"0\" scrolling=\"no\"><\/iframe><\/p>\n","protected":false},"excerpt":{"rendered":"<p>Pour les familles baroudeuses (comme pour les autres d\u2019ailleurs), pr\u00e9parer les vacances peut parfois ressembler \u00e0 un vrai casse-t\u00eate : on r\u00eave de nature, de retour aux sources, de prendre du temps avec ses enfants, de faire plus de sport. Mais il faut aussi composer avec la famille, les contraintes de budget et le fait [&hellip;]<\/p>\n","protected":false},"author":36,"featured_media":7248,"comment_status":"open","ping_status":"open","sticky":false,"template":"","format":"standard","meta":[],"categories":[136,150,149],"tags":[138],"yoast_head":"<!-- This site is optimized with the Yoast SEO plugin v14.9 - https:\/\/yoast.com\/wordpress\/plugins\/seo\/ -->\n<title>O\u00f9 partir en famille pour les vacances d\u2019automne ? - Les Petits Baroudeurs<\/title>\n<meta name=\"robots\" content=\"index, follow, max-snippet:-1, max-image-preview:large, max-video-preview:-1\" \/>\n<link rel=\"canonical\" href=\"https:\/\/www.lespetitsbaroudeurs.com\/blog\/ou-partir-en-famille-vacances-automne\/\" \/>\n<meta property=\"og:locale\" content=\"fr_FR\" \/>\n<meta property=\"og:type\" content=\"article\" \/>\n<meta property=\"og:title\" content=\"O\u00f9 partir en famille pour les vacances d\u2019automne ? - Les Petits Baroudeurs\" \/>\n<meta property=\"og:description\" content=\"Pour les familles baroudeuses (comme pour les autres d\u2019ailleurs), pr\u00e9parer les vacances peut parfois ressembler \u00e0 un vrai casse-t\u00eate : on r\u00eave de nature, de retour aux sources, de prendre du temps avec ses enfants, de faire plus de sport. Mais il faut aussi composer avec la famille, les contraintes de budget et le fait [&hellip;]\" \/>\n<meta property=\"og:url\" content=\"https:\/\/www.lespetitsbaroudeurs.com\/blog\/ou-partir-en-famille-vacances-automne\/\" \/>\n<meta property=\"og:site_name\" content=\"Les Petits Baroudeurs\" \/>\n<meta property=\"article:publisher\" content=\"https:\/\/www.facebook.com\/lespetitsbaroudeurs\/\" \/>\n<meta property=\"article:published_time\" content=\"2015-10-14T21:37:56+00:00\" \/>\n<meta property=\"article:modified_time\" content=\"2021-09-07T09:12:49+00:00\" \/>\n<meta property=\"og:image\" content=\"https:\/\/www.lespetitsbaroudeurs.com\/blog\/wp-content\/uploads\/2015\/10\/VACANCES-AUTOMNE.jpg\" \/>\n\t<meta property=\"og:image:width\" content=\"1136\" \/>\n\t<meta property=\"og:image:height\" content=\"530\" \/>\n<meta name=\"twitter:card\" content=\"summary_large_image\" \/>\n<script type=\"application\/ld+json\" class=\"yoast-schema-graph\">{\"@context\":\"https:\/\/schema.org\",\"@graph\":[{\"@type\":\"WebSite\",\"@id\":\"https:\/\/www.lespetitsbaroudeurs.com\/blog\/#website\",\"url\":\"https:\/\/www.lespetitsbaroudeurs.com\/blog\/\",\"name\":\"Les Petits Baroudeurs\",\"description\":\"Le Blog de l&#039;aventure en famille !\",\"potentialAction\":[{\"@type\":\"SearchAction\",\"target\":\"https:\/\/www.lespetitsbaroudeurs.com\/blog\/?s={search_term_string}\",\"query-input\":\"required name=search_term_string\"}],\"inLanguage\":\"fr-FR\"},{\"@type\":\"ImageObject\",\"@id\":\"https:\/\/www.lespetitsbaroudeurs.com\/blog\/ou-partir-en-famille-vacances-automne\/#primaryimage\",\"inLanguage\":\"fr-FR\",\"url\":\"https:\/\/www.lespetitsbaroudeurs.com\/blog\/wp-content\/uploads\/2015\/10\/VACANCES-AUTOMNE.jpg\",\"width\":1136,\"height\":530},{\"@type\":\"WebPage\",\"@id\":\"https:\/\/www.lespetitsbaroudeurs.com\/blog\/ou-partir-en-famille-vacances-automne\/#webpage\",\"url\":\"https:\/\/www.lespetitsbaroudeurs.com\/blog\/ou-partir-en-famille-vacances-automne\/\",\"name\":\"O\\u00f9 partir en famille pour les vacances d\\u2019automne ? - Les Petits Baroudeurs\",\"isPartOf\":{\"@id\":\"https:\/\/www.lespetitsbaroudeurs.com\/blog\/#website\"},\"primaryImageOfPage\":{\"@id\":\"https:\/\/www.lespetitsbaroudeurs.com\/blog\/ou-partir-en-famille-vacances-automne\/#primaryimage\"},\"author\":{\"@id\":\"https:\/\/www.lespetitsbaroudeurs.com\/blog\/#\/schema\/person\/074061ec8b5473878afb9cce3c002d69\"},\"inLanguage\":\"fr-FR\",\"potentialAction\":[{\"@type\":\"ReadAction\",\"target\":[\"https:\/\/www.lespetitsbaroudeurs.com\/blog\/ou-partir-en-famille-vacances-automne\/\"]}]},{\"@type\":\"Person\",\"@id\":\"https:\/\/www.lespetitsbaroudeurs.com\/blog\/#\/schema\/person\/074061ec8b5473878afb9cce3c002d69\",\"name\":\"C\\u00e9line Lacombe\",\"image\":{\"@type\":\"ImageObject\",\"@id\":\"https:\/\/www.lespetitsbaroudeurs.com\/blog\/#personlogo\",\"inLanguage\":\"fr-FR\",\"url\":\"https:\/\/secure.gravatar.com\/avatar\/f3196c6923379068e921575c340f8486?s=96&d=mm&r=g\",\"caption\":\"C\\u00e9line Lacombe\"},\"description\":\"Amoureuse des montagnes et des voyages, C\\u00e9line est heureuse dans sa tribu familiale avec ses mini baroudeurs et son homme. La cr\\u00e9ation des Petits Baroudeurs est la suite logique de sa passion pour sa famille et pour l'outdoor.\"}]}<\/script>\n<!-- \/ Yoast SEO plugin. -->","_links":{"self":[{"href":"https:\/\/www.lespetitsbaroudeurs.com\/blog\/wp-json\/wp\/v2\/posts\/3115"}],"collection":[{"href":"https:\/\/www.lespetitsbaroudeurs.com\/blog\/wp-json\/wp\/v2\/posts"}],"about":[{"href":"https:\/\/www.lespetitsbaroudeurs.com\/blog\/wp-json\/wp\/v2\/types\/post"}],"author":[{"embeddable":true,"href":"https:\/\/www.lespetitsbaroudeurs.com\/blog\/wp-json\/wp\/v2\/users\/36"}],"replies":[{"embeddable":true,"href":"https:\/\/www.lespetitsbaroudeurs.com\/blog\/wp-json\/wp\/v2\/comments?post=3115"}],"version-history":[{"count":14,"href":"https:\/\/www.lespetitsbaroudeurs.com\/blog\/wp-json\/wp\/v2\/posts\/3115\/revisions"}],"predecessor-version":[{"id":7550,"href":"https:\/\/www.lespetitsbaroudeurs.com\/blog\/wp-json\/wp\/v2\/posts\/3115\/revisions\/7550"}],"wp:featuredmedia":[{"embeddable":true,"href":"https:\/\/www.lespetitsbaroudeurs.com\/blog\/wp-json\/wp\/v2\/media\/7248"}],"wp:attachment":[{"href":"https:\/\/www.lespetitsbaroudeurs.com\/blog\/wp-json\/wp\/v2\/media?parent=3115"}],"wp:term":[{"taxonomy":"category","embeddable":true,"href":"https:\/\/www.lespetitsbaroudeurs.com\/blog\/wp-json\/wp\/v2\/categories?post=3115"},{"taxonomy":"post_tag","embeddable":true,"href":"https:\/\/www.lespetitsbaroudeurs.com\/blog\/wp-json\/wp\/v2\/tags?post=3115"}],"curies":[{"name":"wp","href":"https:\/\/api.w.org\/{rel}","templated":true}]}}