{"id":3437,"date":"2018-09-28T15:17:59","date_gmt":"2018-09-28T15:17:59","guid":{"rendered":"https:\/\/www.lespetitsbaroudeurs.com\/blog\/open-73\/"},"modified":"2020-07-27T10:01:25","modified_gmt":"2020-07-27T10:01:25","slug":"trois-jours-en-itinerance-avec-un-bebe-dans-le-cirque-de-mafate-a-la-reunion","status":"publish","type":"post","link":"https:\/\/www.lespetitsbaroudeurs.com\/blog\/trois-jours-en-itinerance-avec-un-bebe-dans-le-cirque-de-mafate-a-la-reunion\/","title":{"rendered":"Trois jours en itin\u00e9rance avec un b\u00e9b\u00e9 dans le cirque de Mafate \u00e0 La R\u00e9union"},"content":{"rendered":"\n<p><em>Avant l&rsquo;arriv\u00e9e de leur marmot, Jeanne et Thomas \u00e9taient de grands habitu\u00e9s de l&rsquo;itin\u00e9rance, ils avaient, entre autre, travers\u00e9 \u00e0 pied le P\u00e9rou et la Bolivie. Avec quelques adaptations, ils ont continu\u00e9 \u00e0 d\u00e9couvrir le monde au rythme lent de la marche avec No\u00e9. Ils font partie de nos Ambassadeurs et vous racontent ici leur p\u00e9riple \u00e0 la R\u00e9union.<\/em><\/p>\n\n\n\n<p>L\u2019itin\u00e9rance, avec un enfant en bas \u00e2ge, \u00e7a se m\u00e9rite\u00a0! Il n\u2019est plus question, comme \u00e0 deux, de partir avec un sac fait un peu \u00ab\u00a0\u00e0 la va-vite\u00a0\u00bb, un bout de tente et un paquet de coquillettes. Et puis quand on a deux ans, on ne porte pas ses propres affaires, et en plus, on a besoin de pleins de choses dont nos parents se passent tr\u00e8s bien\u00a0: des couches, un doudou, un biberon\u2026 Et enfin, on ne marche pas ou tr\u00e8s peu, alors le dos de papa est enti\u00e8rement r\u00e9quisitionn\u00e9 pour servir de bourriquet. Reste alors le dos de maman pour porter toutes les affaires\u2026<\/p>\n\n\n\n<h2>Notre itin\u00e9raire<\/h2>\n\n\n\n<p>\u00c9t\u00e9 2017, nous sommes \u00e0 la R\u00e9union pour un mois avec notre fils de quasi deux ans. Comme tout le monde, nous avons envie de d\u00e9couvrir le fameux Cirque de Mafate, que l\u2019on atteint uniquement \u00e0 pied, et d\u2019y trainer quelques jours nos chaussures de randos. En faire le tour serait trop ambitieux, alors nous d\u00e9cidons de nous concentrer sur le Sud pour un itin\u00e9raire de trois jours et deux nuits, avec des journ\u00e9es de marche limit\u00e9es \u00e0 3 ou 4h. Cette boucle est possible selon nous car nous avons trouv\u00e9 des gites\/refuges qui assurent la demi-pension et nous proposent des chambres avec un lit parapluie, la condition pour que No\u00e9 dorme, et nous aussi\u00a0! Ainsi, nous pouvons partir sans trop nous charger et s\u2019assurer de pouvoir porter No\u00e9 d\u00e8s qu\u2019il a besoin.<\/p>\n\n\n\n<ul><li>Jour 1\u00a0: Parking du Col des B\u0153ufs \u2013 Refuge Martial Gravina (45 min apr\u00e8s La Nouvelle)<\/li><\/ul>\n\n\n\n<ul><li>Jour 2\u00a0: Refuge Martial Gravina \u2013 Refuge Fanelie Cesar \u00e0 Marla<br\/><\/li><\/ul>\n\n\n\n<ul><li>Jour 3\u00a0: Refuge Fanelie Cesar \u00e0 Marla \u2013 Col des B\u0153ufs<\/li><\/ul>\n\n\n\n<h2>Nos petits bonheurs\/coups de c\u0153ur de ces trois jours d\u2019itin\u00e9rance dans Mafate<\/h2>\n\n\n\n<ul><li>Retrouver le plaisir d\u2019arriver dans un refuge et de siroter une bonne bi\u00e8re fraiche apr\u00e8s une belle randonn\u00e9e<\/li><li>Partir le matin t\u00f4t et sentir la ros\u00e9e fra\u00eeche<\/li><li>Le site de Trois Roches et sa rivi\u00e8re pour y lancer des cailloux \u00ab\u00a0Beaucoup beaucoup cailloux\u00a0Papa\u00a0!\u00a0\u00bb<\/li><li>\u00catre constamment entour\u00e9s par les remparts du cirque, tout simplement.<br\/><\/li><\/ul>\n\n\n\n<h2>Le r\u00e9cit de notre trek de 3 jours dans Mafate avec notre b\u00e9b\u00e9<\/h2>\n\n\n\n<ul><li>Jour 1\u00a0: Parking du Col des B\u0153ufs \u2013 Refuge Martial Gravina (45 min apr\u00e8s La Nouvelle)<\/li><\/ul>\n\n\n\n<p>Nous nous garons au Col de B\u0153ufs o\u00f9 un parking am\u00e9nag\u00e9 (et payant) permet de laisser sa voiture plusieurs jours. La marche commence par une longue descente faite de marches et de chemins glissants jusqu\u2019\u00e0 la Plaine des Tamarins, magnifique \u00e9tendue de hautes herbes ponctu\u00e9e d\u2019arbres \u00e0 escalader.<\/p>\n\n\n\n<figure class=\"wp-block-image\"><img src=\"https:\/\/www.lespetitsbaroudeurs.com\/blog\/wp-content\/uploads\/2018\/09\/Randonnee-famille-reunion-Plaine-Tamarins.jpg\" alt=\"\" class=\"wp-image-2052\"\/><\/figure>\n\n\n\n<p>Sur le chemin, des familles avec d\u2019autres enfants de tous \u00e2ges, de jeunes ados avec leur musique, des locaux, des touristes, des <em>traileurs<\/em> qui tentent de ne pas tomber dans la descente boueuse\u2026 Bref, un <em>melting pot<\/em> de randonneurs plus ou moins aguerris qui part \u00e0 l\u2019assaut du fameux cirque !\u00a0<\/p>\n\n\n\n<p>Nous arrivons au village de La Nouvelle apr\u00e8s 2h30 de marche. La Nouvelle est le plus gros village du cirque. Il est ravitaill\u00e9 par h\u00e9licopt\u00e8re. Il dispose d\u2019une \u00e9cole, d\u2019un petit centre de sant\u00e9 et de quelques petits restaurants \u00e9parpill\u00e9s. Nous trouvons une superbe plaine pour pique-niquer.\u00a0<\/p>\n\n\n\n<figure class=\"wp-block-image\"><img src=\"https:\/\/www.lespetitsbaroudeurs.com\/blog\/wp-content\/uploads\/2018\/09\/Trek-Mafate-Reunion-famille-La-Nouvelle.jpg\" alt=\"\" class=\"wp-image-2058\"\/><\/figure>\n\n\n\n<p>La plupart des randonneurs remontent alors vers le col, nous continuons notre chemin vers le g\u00eete de Martial Gravina, un petit coin de paradis situ\u00e9 \u00e0 45 minutes de marche de La Nouvelle.\u00a0<\/p>\n\n\n\n<ul><li>Jour 2\u00a0: Refuge Martial Gravina \u2013 Refuge Fanelie Cesar \u00e0 Marla<\/li><\/ul>\n\n\n\n<p>Le deuxi\u00e8me jour, nous partons vers Marla, avec un d\u00e9tour par le site de la cascade des Trois Roches. C\u2019est un terrain de jeu id\u00e9al pour No\u00e9 qui passe 1h \u00e0 chasser les chats sauvages et \u00e0 jeter des cailloux dans les dizaines de piscines naturelles form\u00e9es par la roche. Le lieu se pr\u00eate \u00e0 une longue pause et nous en profitons.<\/p>\n\n\n\n<figure class=\"wp-block-image\"><img src=\"https:\/\/www.lespetitsbaroudeurs.com\/blog\/wp-content\/uploads\/2018\/09\/Trek-Mafate-Reunion-bebe-3-Roches-1.jpg\" alt=\"\" class=\"wp-image-2057\"\/><\/figure>\n\n\n\n<p>En repartant vers Marla, nous passons un petit col qui nous offre une vue incroyable sur le cirque et le sommet des Trois Salazes.<\/p>\n\n\n\n<p>Marla se r\u00e9v\u00e8le plus petit que La Nouvelle et nous cherchons \u00e0 nous ravitailler en pain, mais ce n\u2019est pas gagn\u00e9. Les trois petites \u00e9choppes que nous sollicitons n\u2019en n\u2019ont pas. \u00ab\u00a0Peut-\u00eatre demain matin.\u00a0\u00bb. Nous aviserons\u2026 Au pire, ce sera chips jambon pour le pique-nique du lendemain.\u00a0<\/p>\n\n\n\n<figure class=\"wp-block-image\"><img src=\"https:\/\/www.lespetitsbaroudeurs.com\/blog\/wp-content\/uploads\/2018\/09\/Refuge-Mafate-famille-Fanelie.jpg\" alt=\"\" class=\"wp-image-2054\"\/><\/figure>\n\n\n\n<ul><li>Jour 3\u00a0: Refuge Fanelie Cesar \u00e0 Marla \u2013 Col des B\u0153ufs<\/li><\/ul>\n\n\n\n<p>Le dernier jour, nous quittons Marla t\u00f4t le matin, avec l\u2019id\u00e9e d\u2019arriver au Col des B\u0153ufs pour le d\u00e9jeuner. En fait, les journ\u00e9es de marche sont plus courtes que ce que nous avions pr\u00e9vu, et nous savons que nous serons au parking en 3h de marche effective environ. Nous avons pr\u00e9f\u00e9r\u00e9 \u00eatre pr\u00e9voyants, ne sachant pas si No\u00e9 marcherait beaucoup ou tr\u00e8s peu, s\u2019il refuserait d\u2019\u00eatre port\u00e9 longtemps, etc\u2026 Nous pensons qu\u2019il vaut mieux pr\u00e9voir un peu moins que trop, quitte \u00e0 arriver plus t\u00f4t et \u00e0 faire plus de pauses\u00a0; cela permet de garantir le bonheur de chacun, de ne pas d\u00e9go\u00fbter les enfants et surtout de ne pas trop tirer sur leurs limites.<\/p>\n\n\n\n<h2>Le rythme de la randonn\u00e9e avec un enfant<\/h2>\n\n\n\n<p>A deux, chacun fait son sac, on part, on lance le rythme, on prend le temps de d\u00e9rouiller la machine et on se fixe pour objectif de ne pas s\u2019arr\u00eater avant la premi\u00e8re pause \u00ab\u00a0graines\u00a0\u00bb du matin. Avec notre crevette de deux ans, c\u2019est diff\u00e9rent\u00a0: c\u2019est lui qui impose le rythme. Le d\u00e9part est bien souvent tr\u00e8s lent car il VEUT marcher. Sauf que marcher avec des jambes de 50 cm dans un terrain de jeux remplit de b\u00e2tons, de cailloux et de feuilles d\u2019arbre g\u00e9antes, c\u2019est un tout petit peu moins efficace. Disons qu\u2019on remet \u00e0 plus tard, le d\u00e9rouillage de notre machine corporelle\u2026<\/p>\n\n\n\n<div class=\"wp-block-columns has-2-columns\">\n<div class=\"wp-block-column\">\n<div class=\"wp-block-image\"><figure class=\"alignleft\"><img src=\"https:\/\/www.lespetitsbaroudeurs.com\/blog\/wp-content\/uploads\/2018\/09\/Trek-Mafate-Reunion-famille-Trois-Salazes-1.jpg\" alt=\"\" class=\"wp-image-2063\"\/><\/figure><\/div>\n<\/div>\n\n\n\n<div class=\"wp-block-column\">\n<div class=\"wp-block-image\"><figure class=\"alignright\"><img src=\"https:\/\/www.lespetitsbaroudeurs.com\/blog\/wp-content\/uploads\/2018\/09\/Trek-reunion-bebe-Marche.jpg\" alt=\"\" class=\"wp-image-2061\"\/><\/figure><\/div>\n<\/div>\n<\/div>\n\n\n\n<p>En g\u00e9n\u00e9ral, No\u00e9 parvient \u00e0 faire un petit kilom\u00e8tre en 30 ou 40 min. On avance doucement, on s\u2019arr\u00eate, on fait la course, on fixe des buts \u00e0 atteindre. Puis il demande \u00e0 \u00eatre port\u00e9. Et c\u2019est \u00e0 ce moment que l\u2019on peut retrouver un rythme plus en phase avec nos aspirations. On en profite alors pour se d\u00e9passer un peu. Au bout d\u2019une heure, la pause s\u2019impose et on essaye d\u2019\u00eatre dans un endroit sympa pour qu\u2019il puisse se d\u00e9fouler. On mange un g\u00e2teau, \u00ab\u00a0Non deux, Maman, deux gros\u00a0g\u00e2teaux !\u00a0\u00bb, et puis on repart pour un petit bout de chemin avant le d\u00e9jeuner, sur le dos ou un peu \u00e0 pied. Parfois No\u00e9 dort un peu le matin. Mais \u00e7a veut dire qu\u2019il dormira moins l\u2019apr\u00e8s-midi\u2026 La vie en randonn\u00e9e n\u2019est pas r\u00e9gul\u00e9e comme la vie de tous les jours.<\/p>\n\n\n\n<p>Apr\u00e8s une pause pique-nique bien m\u00e9rit\u00e9e, il est temps de repartir, parce que le <em>p\u2019tit kid<\/em> lui, il veut sa sieste. Il s\u2019endort berc\u00e9 par le balancement du sac et nous avons alors droit \u00e0 1h ou 1h30 de tranquillit\u00e9 avant d\u2019atteindre notre destination vers 15 ou 16h. C\u2019est alors \u00e0 ce moment que les enfants demandent de l\u2019attention, des jeux, du temps \u00e0 partager avec nous. \u00a0<\/p>\n\n\n\n<h2>Infos pratiques<\/h2>\n\n\n\n<h3>La logistique du portage<\/h3>\n\n\n\n<p>Thomas porte No\u00e9 avec un sac Deuter Kid Confort 2, tr\u00e8s confortable pour l\u2019enfant comme pour le porteur. No\u00e9 adore monter dedans, il adore en sortir aussi. Il y fait la sieste sur le coussin et il est prot\u00e9g\u00e9 du soleil ou de la pluie par un pare soleil ou une cape de pluie int\u00e9grale parfaitement couvrante.<\/p>\n\n\n\n<p>Je porte le sac avec les pique-niques pour trois jours (jambon, fromage, fruits secs, pains et g\u00e2teaux) et nos affaires. <\/p>\n\n\n\n<h3>Nos affaires<\/h3>\n\n\n\n<p>Nous nous sommes restreints \u00e0 un change pour le soir et un pyjama en plus pour No\u00e9. Pour lui je transporte en plus :<\/p>\n\n\n\n<ul><li>une gigoteuse pour dormir<\/li><li>15 couches<\/li><li>un biberon<\/li><li>trois dosettes de lait pour le matin<\/li><li>des compotes et des yaourts pour compl\u00e9ter les pique-niques et les d\u00eeners des g\u00eetes<\/li><li>quelques jeux : 5 duplos, un mini livre, une petite voiture et un doudou.<\/li><\/ul>\n\n\n\n<h3>Les temp\u00e9ratures<\/h3>\n\n\n\n<p>Il peut faire tr\u00e8s froid dans le cirque de Mafate. Le matin, \u00e0 l\u2019ombre, nous marchions parfois pendant une heure avec 5\u00b0C pas plus. Nous n\u2019avions pas trop envisag\u00e9 ces temp\u00e9ratures et No\u00e9 s\u2019est retrouv\u00e9 plusieurs fois avec des chaussettes en guise de gants et son <em>buff<\/em> en cagoule\u00a0! La nuit, nous lui avons laiss\u00e9 deux pulls car la temp\u00e9rature de la chambre a d\u00fb descendre \u00e0 13 ou 14\u00b0C.<\/p>\n\n\n\n<h3>Les repas et h\u00e9bergements<\/h3>\n\n\n\n<p>On trouve dans le cirque de quoi se sustenter pour les d\u00e9jeuners si on ne veut pas porter ses pique-niques. Les d\u00eeners et petits-d\u00e9jeuners des g\u00eetes sont tr\u00e8s bons et tr\u00e8s copieux (rougail saucisse, riz, l\u00e9gumes saut\u00e9s\u2026). Le confort est spartiate mais tout \u00e0 fait suffisant\u00a0: salle de bain commune avec eau froide (toilette de chat), chambre double (r\u00e9serv\u00e9e expr\u00e8s car nous \u00e9tions avec No\u00e9), couvertures en quantit\u00e9.<\/p>\n\n\n\n<figure class=\"wp-block-image\"><img src=\"https:\/\/www.lespetitsbaroudeurs.com\/blog\/wp-content\/uploads\/2018\/09\/Trek-Mafate-3.jpg\" alt=\"\" class=\"wp-image-2055\"\/><\/figure>\n\n\n\n<p>Marcher de cette fa\u00e7on dans le cirque est pratiqu\u00e9 par peu de parents. Mais avec une bonne organisation, des g\u00eetes r\u00e9serv\u00e9s \u00e0 l\u2019avance et pas trop d\u2019ambition quant aux distances \u00e0 parcourir avec un enfant, c\u2019\u00e9tait une superbe exp\u00e9rience. <\/p>\n\n\n\n<blockquote class=\"wp-block-quote\"><p>\u00ab\u00a0Notre No\u00e9 \u00e9tait ravi d\u2019\u00eatre dehors tout le temps et il a \u00e9t\u00e9 super bien accueilli par tous les randonneurs et les habitants de Mafate.\u00a0\u00bb<\/p><\/blockquote>\n\n\n\n<figure class=\"wp-block-image\"><img src=\"https:\/\/www.lespetitsbaroudeurs.com\/blog\/wp-content\/uploads\/2018\/09\/Trek-Mafate-Reunion-Famille-Mafate-4.jpg\" alt=\"\" class=\"wp-image-2059\"\/><\/figure>\n\n\n\n<p><em>Cet article fait partie du programme Ambassadeurs o\u00f9 nous invitons des familles baroudeuses \u00e0 partager leur exp\u00e9rience avec la communaut\u00e9 des Petits Baroudeurs.<\/em><br\/><em>Ce programme, imagin\u00e9 par la famille Ours des Petits Baroudeurs est soutenu par des marques qui ont tout compris \u00e0 l\u2019outdoor en famille !<\/em><\/p>\n\n\n\n<figure class=\"wp-block-image\"><img src=\"https:\/\/www.lespetitsbaroudeurs.com\/blog\/wp-content\/uploads\/2018\/03\/Banniere-Partenaires-Familles-Baroudeuses.jpg\" alt=\"\" class=\"wp-image-1695\"\/><\/figure>\n","protected":false},"excerpt":{"rendered":"<p>Avant l&rsquo;arriv\u00e9e de leur marmot, Jeanne et Thomas \u00e9taient de grands habitu\u00e9s de l&rsquo;itin\u00e9rance, ils avaient, entre autre, travers\u00e9 \u00e0 pied le P\u00e9rou et la Bolivie. Avec quelques adaptations, ils ont continu\u00e9 \u00e0 d\u00e9couvrir le monde au rythme lent de la marche avec No\u00e9. Ils font partie de nos Ambassadeurs et vous racontent ici leur [&hellip;]<\/p>\n","protected":false},"author":43,"featured_media":3438,"comment_status":"open","ping_status":"open","sticky":false,"template":"","format":"standard","meta":[],"categories":[151,149],"tags":[160],"yoast_head":"<!-- This site is optimized with the Yoast SEO plugin v14.9 - https:\/\/yoast.com\/wordpress\/plugins\/seo\/ -->\n<title>Trois jours en itin\u00e9rance avec un b\u00e9b\u00e9 dans le cirque de Mafate \u00e0 La R\u00e9union - Les Petits Baroudeurs<\/title>\n<meta name=\"robots\" content=\"index, follow, max-snippet:-1, max-image-preview:large, max-video-preview:-1\" \/>\n<link rel=\"canonical\" href=\"https:\/\/www.lespetitsbaroudeurs.com\/blog\/trois-jours-en-itinerance-avec-un-bebe-dans-le-cirque-de-mafate-a-la-reunion\/\" \/>\n<meta property=\"og:locale\" content=\"fr_FR\" \/>\n<meta property=\"og:type\" content=\"article\" \/>\n<meta property=\"og:title\" content=\"Trois jours en itin\u00e9rance avec un b\u00e9b\u00e9 dans le cirque de Mafate \u00e0 La R\u00e9union - Les Petits Baroudeurs\" \/>\n<meta property=\"og:description\" content=\"Avant l&rsquo;arriv\u00e9e de leur marmot, Jeanne et Thomas \u00e9taient de grands habitu\u00e9s de l&rsquo;itin\u00e9rance, ils avaient, entre autre, travers\u00e9 \u00e0 pied le P\u00e9rou et la Bolivie. Avec quelques adaptations, ils ont continu\u00e9 \u00e0 d\u00e9couvrir le monde au rythme lent de la marche avec No\u00e9. Ils font partie de nos Ambassadeurs et vous racontent ici leur [&hellip;]\" \/>\n<meta property=\"og:url\" content=\"https:\/\/www.lespetitsbaroudeurs.com\/blog\/trois-jours-en-itinerance-avec-un-bebe-dans-le-cirque-de-mafate-a-la-reunion\/\" \/>\n<meta property=\"og:site_name\" content=\"Les Petits Baroudeurs\" \/>\n<meta property=\"article:publisher\" content=\"https:\/\/www.facebook.com\/lespetitsbaroudeurs\/\" \/>\n<meta property=\"article:published_time\" content=\"2018-09-28T15:17:59+00:00\" \/>\n<meta property=\"article:modified_time\" content=\"2020-07-27T10:01:25+00:00\" \/>\n<meta property=\"og:image\" content=\"https:\/\/www.lespetitsbaroudeurs.com\/blog\/wp-content\/uploads\/2020\/07\/Trek-Mafate-bebe-Photo-Famille.jpg\" \/>\n\t<meta property=\"og:image:width\" content=\"1500\" \/>\n\t<meta property=\"og:image:height\" content=\"1125\" \/>\n<meta name=\"twitter:card\" content=\"summary_large_image\" \/>\n<script type=\"application\/ld+json\" class=\"yoast-schema-graph\">{\"@context\":\"https:\/\/schema.org\",\"@graph\":[{\"@type\":\"WebSite\",\"@id\":\"https:\/\/www.lespetitsbaroudeurs.com\/blog\/#website\",\"url\":\"https:\/\/www.lespetitsbaroudeurs.com\/blog\/\",\"name\":\"Les Petits Baroudeurs\",\"description\":\"Le Blog de l&#039;aventure en famille !\",\"potentialAction\":[{\"@type\":\"SearchAction\",\"target\":\"https:\/\/www.lespetitsbaroudeurs.com\/blog\/?s={search_term_string}\",\"query-input\":\"required name=search_term_string\"}],\"inLanguage\":\"fr-FR\"},{\"@type\":\"ImageObject\",\"@id\":\"https:\/\/www.lespetitsbaroudeurs.com\/blog\/trois-jours-en-itinerance-avec-un-bebe-dans-le-cirque-de-mafate-a-la-reunion\/#primaryimage\",\"inLanguage\":\"fr-FR\",\"url\":\"https:\/\/www.lespetitsbaroudeurs.com\/blog\/wp-content\/uploads\/2020\/07\/Trek-Mafate-bebe-Photo-Famille.jpg\",\"width\":1500,\"height\":1125},{\"@type\":\"WebPage\",\"@id\":\"https:\/\/www.lespetitsbaroudeurs.com\/blog\/trois-jours-en-itinerance-avec-un-bebe-dans-le-cirque-de-mafate-a-la-reunion\/#webpage\",\"url\":\"https:\/\/www.lespetitsbaroudeurs.com\/blog\/trois-jours-en-itinerance-avec-un-bebe-dans-le-cirque-de-mafate-a-la-reunion\/\",\"name\":\"Trois jours en itin\\u00e9rance avec un b\\u00e9b\\u00e9 dans le cirque de Mafate \\u00e0 La R\\u00e9union - Les Petits Baroudeurs\",\"isPartOf\":{\"@id\":\"https:\/\/www.lespetitsbaroudeurs.com\/blog\/#website\"},\"primaryImageOfPage\":{\"@id\":\"https:\/\/www.lespetitsbaroudeurs.com\/blog\/trois-jours-en-itinerance-avec-un-bebe-dans-le-cirque-de-mafate-a-la-reunion\/#primaryimage\"},\"author\":{\"@id\":\"https:\/\/www.lespetitsbaroudeurs.com\/blog\/#\/schema\/person\/9d51c518e650c44e19a699175c9369f5\"},\"inLanguage\":\"fr-FR\",\"potentialAction\":[{\"@type\":\"ReadAction\",\"target\":[\"https:\/\/www.lespetitsbaroudeurs.com\/blog\/trois-jours-en-itinerance-avec-un-bebe-dans-le-cirque-de-mafate-a-la-reunion\/\"]}]},{\"@type\":\"Person\",\"@id\":\"https:\/\/www.lespetitsbaroudeurs.com\/blog\/#\/schema\/person\/9d51c518e650c44e19a699175c9369f5\",\"name\":\"Famille Brebion\",\"image\":{\"@type\":\"ImageObject\",\"@id\":\"https:\/\/www.lespetitsbaroudeurs.com\/blog\/#personlogo\",\"inLanguage\":\"fr-FR\",\"url\":\"https:\/\/secure.gravatar.com\/avatar\/bc964669f932e2880397ee059159ef4c?s=96&d=mm&r=g\",\"caption\":\"Famille Brebion\"},\"description\":\"Nous, c'est la famille Brebion, les Breb's pour nos compagnons d'aventure qui nous suivent chaque ann\\u00e9e lors de la \\\"Rando des Breb's\\\". En 2010, nous avons travers\\u00e9 le P\\u00e9rou et la Bolivie au rythme lent de la marche pendant 3000 km puis nous avons v\\u00e9cu deux ans dans un village camerounais. Ensuite est arriv\\u00e9 un premier p'tit gars, No\\u00e9 et son p'tit fr\\u00e8re, Charlie. Les aventures ont certes un peu chang\\u00e9 mais bien \\u00e9quip\\u00e9s, les fistons sont toujours ravis dehors, \\u00e0 explorer la nature, et joie des parents : ils tombent beaucoup moins malades ! On les a embarqu\\u00e9s deux ans vivre au milieu des rizi\\u00e8res du Cambodge et on en a profit\\u00e9 pour arpenter en v\\u00e9lo, en long en large et en travers, les dizaines de sentiers qui serpentent au milieu de la jungle des majestueux temples d'Angkor. Au retour, nous avons pos\\u00e9 nos valises \\u00e0 Chamb\\u00e9ry, ville de pleine nature, et la vision des montagnes chaque matin nous conforte dans notre d\\u00e9cision. Un troisi\\u00e8me p'tit gars viendra rejoindre ses fr\\u00e8res en mai 2022... Pr\\u00e9pare toi, tu vas crapahuter !\"}]}<\/script>\n<!-- \/ Yoast SEO plugin. -->","_links":{"self":[{"href":"https:\/\/www.lespetitsbaroudeurs.com\/blog\/wp-json\/wp\/v2\/posts\/3437"}],"collection":[{"href":"https:\/\/www.lespetitsbaroudeurs.com\/blog\/wp-json\/wp\/v2\/posts"}],"about":[{"href":"https:\/\/www.lespetitsbaroudeurs.com\/blog\/wp-json\/wp\/v2\/types\/post"}],"author":[{"embeddable":true,"href":"https:\/\/www.lespetitsbaroudeurs.com\/blog\/wp-json\/wp\/v2\/users\/43"}],"replies":[{"embeddable":true,"href":"https:\/\/www.lespetitsbaroudeurs.com\/blog\/wp-json\/wp\/v2\/comments?post=3437"}],"version-history":[{"count":1,"href":"https:\/\/www.lespetitsbaroudeurs.com\/blog\/wp-json\/wp\/v2\/posts\/3437\/revisions"}],"predecessor-version":[{"id":4326,"href":"https:\/\/www.lespetitsbaroudeurs.com\/blog\/wp-json\/wp\/v2\/posts\/3437\/revisions\/4326"}],"wp:featuredmedia":[{"embeddable":true,"href":"https:\/\/www.lespetitsbaroudeurs.com\/blog\/wp-json\/wp\/v2\/media\/3438"}],"wp:attachment":[{"href":"https:\/\/www.lespetitsbaroudeurs.com\/blog\/wp-json\/wp\/v2\/media?parent=3437"}],"wp:term":[{"taxonomy":"category","embeddable":true,"href":"https:\/\/www.lespetitsbaroudeurs.com\/blog\/wp-json\/wp\/v2\/categories?post=3437"},{"taxonomy":"post_tag","embeddable":true,"href":"https:\/\/www.lespetitsbaroudeurs.com\/blog\/wp-json\/wp\/v2\/tags?post=3437"}],"curies":[{"name":"wp","href":"https:\/\/api.w.org\/{rel}","templated":true}]}}