{"id":3460,"date":"2019-01-15T10:25:34","date_gmt":"2019-01-15T10:25:34","guid":{"rendered":"https:\/\/www.lespetitsbaroudeurs.com\/blog\/open-80\/"},"modified":"2021-07-27T13:17:36","modified_gmt":"2021-07-27T11:17:36","slug":"itinerance-a-velo-en-famille-en-bourgogne","status":"publish","type":"post","link":"https:\/\/www.lespetitsbaroudeurs.com\/blog\/itinerance-a-velo-en-famille-en-bourgogne\/","title":{"rendered":"Itin\u00e9rance \u00e0 v\u00e9lo en famille en Bourgogne"},"content":{"rendered":"\n<p><em>Christelle et Pierre sont des habitu\u00e9s de notre programme Ambassadeur et ont d\u00e9j\u00e0 plusieurs r\u00e9cits \u00e0 leur actif dont celui du Tour des Bauges \u00e0 v\u00e9lo qui les avait enchant\u00e9s. C&rsquo;est d&rsquo;ailleurs forts de cette premi\u00e8re exp\u00e9rience \u00e0 v\u00e9lo qu&rsquo;ils ont d\u00e9cid\u00e9 de remettre \u00e7a, cette fois-ci direction la Bourgogne !<\/em><br><\/p>\n\n\n\n<h2>Pourquoi partir&nbsp;faire&nbsp;du&nbsp;v\u00e9lo&nbsp;en&nbsp;famille&nbsp;en&nbsp;Bourgogne&nbsp;?<\/h2>\n\n\n\n<p>\u00c7a fait longtemps que nous avions rep\u00e9r\u00e9 l\u2019<strong>itin\u00e9raire M\u00e2con-Chalon <\/strong>par la voie verte, et pr\u00e9vu de le faire sur un week-end. <\/p>\n\n\n\n<p>\u00c7a aurait m\u00eame d\u00fb \u00eatre notre premi\u00e8re balade (car plut\u00f4t plat et exclusivement voie verte) mais vue notre anticipation l\u00e9gendaire nous n\u2019avons jamais r\u00e9ussi \u00e0 r\u00e9server assez t\u00f4t pour trouver un logement entre les deux villes ! <\/p>\n\n\n\n<p>Avec les ponts de mai, nous avons <strong>quatre jours disponibles<\/strong>, nous choisissons donc d\u2019allonger le parcours et de faire l\u2019aller par la <strong>\u00ab voie bleue \u00bb le long de la Sa\u00f4ne<\/strong> et le retour par la<strong> \u00ab voie verte \u00bb cot\u00e9 vignoble<\/strong>, ce qui permet d\u2019\u00e9viter l\u2019affluence du week-end au niveau des zones les plus touristiques.<\/p>\n\n\n\n<h2>Notre Parcours \u00e0 v\u00e9lo entre fleuve et vignobles<\/h2>\n\n\n\n<h3>Jour 1 : M\u00e2con \u2013 Tournus : \u00e0 bicyclette au bord de l\u2019eau<\/h3>\n\n\n\n<p>Nous arrivons \u00e0 la <strong>gare de M\u00e2con<\/strong> o\u00f9 nous laissons la voiture. <br>Pour une fois nous sommes plut\u00f4t matinaux, mais c\u2019\u00e9tait sans compter le <strong>montage des v\u00e9los<\/strong> et le <strong>r\u00e9glage des freins<\/strong> qui prend plus de temps que pr\u00e9vu. <\/p>\n\n\n\n<p>\u00c0 notre habitude il nous faut aussi un peu de temps pour quitter la ville, mais avant 11h nous voil\u00e0 sur les <strong>quais de Sa\u00f4ne<\/strong> et rapidement sur la <strong>\u00ab voie bleue \u00bb<\/strong>.<\/p>\n\n\n\n<figure class=\"wp-block-image size-large\"><img loading=\"lazy\" width=\"1024\" height=\"683\" src=\"https:\/\/www.lespetitsbaroudeurs.com\/blog\/wp-content\/uploads\/2019\/01\/itinerance-velo-famille-bourgogne-depart-macon-1.jpg\" alt=\"\" class=\"wp-image-7075\" srcset=\"https:\/\/www.lespetitsbaroudeurs.com\/blog\/wp-content\/uploads\/2019\/01\/itinerance-velo-famille-bourgogne-depart-macon-1.jpg 1024w, https:\/\/www.lespetitsbaroudeurs.com\/blog\/wp-content\/uploads\/2019\/01\/itinerance-velo-famille-bourgogne-depart-macon-1-300x200.jpg 300w, https:\/\/www.lespetitsbaroudeurs.com\/blog\/wp-content\/uploads\/2019\/01\/itinerance-velo-famille-bourgogne-depart-macon-1-768x512.jpg 768w\" sizes=\"(max-width: 1024px) 100vw, 1024px\" \/><figcaption><em>C&rsquo;est parti sur les quais de Sa\u00f4ne !<\/em><\/figcaption><\/figure>\n\n\n\n<p>Cette voie verte est appel\u00e9e \u00ab bleue \u00bb car elle <strong>longe la Sa\u00f4ne<\/strong>, est <strong>goudronn\u00e9e <\/strong>et <strong>r\u00e9serv\u00e9e aux v\u00e9los<\/strong> ainsi qu\u2019aux nombreux p\u00eacheurs. <\/p>\n\n\n\n<figure class=\"wp-block-image size-large\"><img loading=\"lazy\" width=\"1024\" height=\"786\" src=\"https:\/\/www.lespetitsbaroudeurs.com\/blog\/wp-content\/uploads\/2021\/07\/itinerance-velo-famille-bourgogne-pecheurs.jpg\" alt=\"\" class=\"wp-image-7093\" srcset=\"https:\/\/www.lespetitsbaroudeurs.com\/blog\/wp-content\/uploads\/2021\/07\/itinerance-velo-famille-bourgogne-pecheurs.jpg 1024w, https:\/\/www.lespetitsbaroudeurs.com\/blog\/wp-content\/uploads\/2021\/07\/itinerance-velo-famille-bourgogne-pecheurs-300x230.jpg 300w, https:\/\/www.lespetitsbaroudeurs.com\/blog\/wp-content\/uploads\/2021\/07\/itinerance-velo-famille-bourgogne-pecheurs-768x590.jpg 768w\" sizes=\"(max-width: 1024px) 100vw, 1024px\" \/><figcaption><em>Les p\u00eacheurs de la Sa\u00f4ne.<\/em><\/figcaption><\/figure>\n\n\n\n<p>Le temps est mena\u00e7ant mais il pleut juste assez pour nous faire sortir nos pantalons de pluie et les ranger (8 minutes d\u2019utilisation en tout). Erin elle, est <strong>bien au sec dans sa carriole<\/strong> et pour qu\u2019elle le reste nous l\u2019\u00e9quipons de <strong>v\u00eatements \u00e9tanches pour le pique-nique<\/strong>, comme \u00e7a elle peut courir et tomber dans l\u2019herbe mouill\u00e9e.<\/p>\n\n\n\n<figure class=\"wp-block-image size-large\"><img loading=\"lazy\" width=\"1024\" height=\"680\" src=\"https:\/\/www.lespetitsbaroudeurs.com\/blog\/wp-content\/uploads\/2019\/01\/itinerance-velo-famille-bourgogne-pic-nic-2.jpg\" alt=\"\" class=\"wp-image-7095\" srcset=\"https:\/\/www.lespetitsbaroudeurs.com\/blog\/wp-content\/uploads\/2019\/01\/itinerance-velo-famille-bourgogne-pic-nic-2.jpg 1024w, https:\/\/www.lespetitsbaroudeurs.com\/blog\/wp-content\/uploads\/2019\/01\/itinerance-velo-famille-bourgogne-pic-nic-2-300x199.jpg 300w, https:\/\/www.lespetitsbaroudeurs.com\/blog\/wp-content\/uploads\/2019\/01\/itinerance-velo-famille-bourgogne-pic-nic-2-768x510.jpg 768w\" sizes=\"(max-width: 1024px) 100vw, 1024px\" \/><figcaption><em>Pique-nique en mode \u00e9tanche.<\/em><\/figcaption><\/figure>\n\n\n\n<p>Nous continuons le <strong>long du fleuve<\/strong>, sous des ponts et \u00e0 la rencontre des <strong>p\u00e9niches<\/strong>. Le vent a remplac\u00e9 la pluie, du coup m\u00eame si c\u2019est plat il faut p\u00e9daler fort. Pour le go\u00fbter nous avons une belle surprise : un <strong>petit tunnel<\/strong> sous la voie ferr\u00e9e, Erin d\u00e9couvre l\u2019\u00e9cho et hurle des tatata\u2026tataa..taaaa..aaa\u2026<\/p>\n\n\n\n<figure class=\"wp-block-image size-large\"><img loading=\"lazy\" width=\"1024\" height=\"693\" src=\"https:\/\/www.lespetitsbaroudeurs.com\/blog\/wp-content\/uploads\/2019\/01\/itinerance-velo-famille-bourgogne-petit-tunnel-1.jpg\" alt=\"\" class=\"wp-image-7085\" srcset=\"https:\/\/www.lespetitsbaroudeurs.com\/blog\/wp-content\/uploads\/2019\/01\/itinerance-velo-famille-bourgogne-petit-tunnel-1.jpg 1024w, https:\/\/www.lespetitsbaroudeurs.com\/blog\/wp-content\/uploads\/2019\/01\/itinerance-velo-famille-bourgogne-petit-tunnel-1-300x203.jpg 300w, https:\/\/www.lespetitsbaroudeurs.com\/blog\/wp-content\/uploads\/2019\/01\/itinerance-velo-famille-bourgogne-petit-tunnel-1-768x520.jpg 768w\" sizes=\"(max-width: 1024px) 100vw, 1024px\" \/><figcaption><em>Echo&#8230;chooo&#8230;ooo&#8230;oo<\/em><\/figcaption><\/figure>\n\n\n\n<p>C\u2019est ensuite une longue ligne droite, la Sa\u00f4ne se cache derri\u00e8re les arbres, avant de nous mener \u00e0 <strong>Tournus<\/strong>. Nous passons par le centre de cette jolie ville (\u00e7a monte !) pour r\u00e9cup\u00e9rer une <strong>carte \u00e0 l\u2019office du tourisme<\/strong> et situer notre <strong>h\u00f4tel <\/strong>malheureusement un peu excentr\u00e9 (du coup on n\u2019a pas eu le courage de ressortir pour visiter le <strong>mus\u00e9e du v\u00e9lo<\/strong>). D\u00eener au restau \u00e0 cot\u00e9 du motel, Erin go\u00fbte sa premi\u00e8re grenadine et les frites ! (chuuutt c\u2019est les vacances !)<\/p>\n\n\n\n<figure class=\"wp-block-image size-large\"><img loading=\"lazy\" width=\"1024\" height=\"683\" src=\"https:\/\/www.lespetitsbaroudeurs.com\/blog\/wp-content\/uploads\/2019\/01\/itinerance-velo-famille-bourgogne-cluny-1.jpg\" alt=\"\" class=\"wp-image-7072\" srcset=\"https:\/\/www.lespetitsbaroudeurs.com\/blog\/wp-content\/uploads\/2019\/01\/itinerance-velo-famille-bourgogne-cluny-1.jpg 1024w, https:\/\/www.lespetitsbaroudeurs.com\/blog\/wp-content\/uploads\/2019\/01\/itinerance-velo-famille-bourgogne-cluny-1-300x200.jpg 300w, https:\/\/www.lespetitsbaroudeurs.com\/blog\/wp-content\/uploads\/2019\/01\/itinerance-velo-famille-bourgogne-cluny-1-768x512.jpg 768w\" sizes=\"(max-width: 1024px) 100vw, 1024px\" \/><figcaption><em>Tournus et son Abbaye<\/em><\/figcaption><\/figure>\n\n\n\n<h3>Jour 2 : Tournus \u2013 Chalon-sur-Sa\u00f4ne : une chouette voie verte pour rouler en famille \u00e0 travers la campagne<\/h3>\n\n\n\n<p>Ce matin le soleil est l\u00e0 et le vent aussi\u2026 La \u00ab&nbsp;voie bleue&nbsp;\u00bb n\u2019est maintenant plus une \u00ab&nbsp;voie verte&nbsp;\u00bb (c&rsquo;est-\u00e0-dire <strong>r\u00e9serv\u00e9e aux v\u00e9los<\/strong>) mais une succession de <strong>petites routes peu fr\u00e9quent\u00e9es<\/strong> et les rares voitures que nous croisons roulent tr\u00e8s doucement.<\/p>\n\n\n\n<figure class=\"wp-block-image size-large\"><img loading=\"lazy\" width=\"1024\" height=\"683\" src=\"https:\/\/www.lespetitsbaroudeurs.com\/blog\/wp-content\/uploads\/2019\/01\/itinerance-velo-famille-bourgogne-fleuve-1.jpg\" alt=\"\" class=\"wp-image-7078\" srcset=\"https:\/\/www.lespetitsbaroudeurs.com\/blog\/wp-content\/uploads\/2019\/01\/itinerance-velo-famille-bourgogne-fleuve-1.jpg 1024w, https:\/\/www.lespetitsbaroudeurs.com\/blog\/wp-content\/uploads\/2019\/01\/itinerance-velo-famille-bourgogne-fleuve-1-300x200.jpg 300w, https:\/\/www.lespetitsbaroudeurs.com\/blog\/wp-content\/uploads\/2019\/01\/itinerance-velo-famille-bourgogne-fleuve-1-768x512.jpg 768w\" sizes=\"(max-width: 1024px) 100vw, 1024px\" \/><figcaption><em>Le long de la Sa\u00f4ne<\/em><\/figcaption><\/figure>\n\n\n\n<p>Apr\u00e8s quelques kilom\u00e8tres toujours <strong>le long de la Sa\u00f4ne<\/strong>, on s\u2019en \u00e9loigne pour rouler <strong>au milieu des champs<\/strong>.<\/p>\n\n\n\n<figure class=\"wp-block-image size-large\"><img loading=\"lazy\" width=\"1024\" height=\"768\" src=\"https:\/\/www.lespetitsbaroudeurs.com\/blog\/wp-content\/uploads\/2019\/01\/itinerance-velo-famille-bourgogne-carriole-route-1.jpg\" alt=\"\" class=\"wp-image-7070\" srcset=\"https:\/\/www.lespetitsbaroudeurs.com\/blog\/wp-content\/uploads\/2019\/01\/itinerance-velo-famille-bourgogne-carriole-route-1.jpg 1024w, https:\/\/www.lespetitsbaroudeurs.com\/blog\/wp-content\/uploads\/2019\/01\/itinerance-velo-famille-bourgogne-carriole-route-1-300x225.jpg 300w, https:\/\/www.lespetitsbaroudeurs.com\/blog\/wp-content\/uploads\/2019\/01\/itinerance-velo-famille-bourgogne-carriole-route-1-768x576.jpg 768w\" sizes=\"(max-width: 1024px) 100vw, 1024px\" \/><figcaption><em>\u00c0 travers champs.<\/em><\/figcaption><\/figure>\n\n\n\n<p>Nous arrivons au village de <strong>Gigny <\/strong>pour le d\u00e9jeuner, mais lorsque nous demandons \u00e0 un p\u00e9p\u00e9 o\u00f9 se trouve la <strong>boulangerie<\/strong>, il nous explique que dans le temps il y en avait deux, puis un camion qui passait 4 fois par semaine, et maintenant plus que 2 fois\u2026 bref le magasin le plus proche est \u00e0 10km (on vous \u00e9pargne le reste de l\u2019histoire du village). <\/p>\n\n\n\n<p>Sur les conseils d\u2019un autre habitant nous allons <strong>au camping<\/strong> (enfin les jardins d\u2019un <strong>ch\u00e2teau<\/strong> o\u00f9 moyennant le prix d\u2019une chambre d\u2019h\u00f4tel on peut planter sa tente) o\u00f9 le g\u00e9rant accepte de nous ouvrir la sup\u00e9rette. Sauv\u00e9s, nous mangeons notre pain de mie &#8211; jambon au jardin d\u2019enfants (pas de boulangeries mais de supers \u00e9quipements!)<\/p>\n\n\n\n<figure class=\"wp-block-image size-large\"><img loading=\"lazy\" width=\"1024\" height=\"683\" src=\"https:\/\/www.lespetitsbaroudeurs.com\/blog\/wp-content\/uploads\/2019\/01\/itinerance-velo-famille-bourgogne-pause-banc-1.jpg\" alt=\"\" class=\"wp-image-7082\" srcset=\"https:\/\/www.lespetitsbaroudeurs.com\/blog\/wp-content\/uploads\/2019\/01\/itinerance-velo-famille-bourgogne-pause-banc-1.jpg 1024w, https:\/\/www.lespetitsbaroudeurs.com\/blog\/wp-content\/uploads\/2019\/01\/itinerance-velo-famille-bourgogne-pause-banc-1-300x200.jpg 300w, https:\/\/www.lespetitsbaroudeurs.com\/blog\/wp-content\/uploads\/2019\/01\/itinerance-velo-famille-bourgogne-pause-banc-1-768x512.jpg 768w\" sizes=\"(max-width: 1024px) 100vw, 1024px\" \/><figcaption><em>Qu&rsquo;est ce qu&rsquo;il y a de bon \u00e0 manger ?<\/em><\/figcaption><\/figure>\n\n\n\n<p>La route se poursuit \u00e0 travers les <strong>champs de colza bord\u00e9s de coquelicots <\/strong>avant de retrouver la <strong>Sa\u00f4ne <\/strong>qui d\u00e9borde de son lit, et de la traverser.<\/p>\n\n\n\n<figure class=\"wp-block-image size-large\"><img loading=\"lazy\" width=\"1024\" height=\"683\" src=\"https:\/\/www.lespetitsbaroudeurs.com\/blog\/wp-content\/uploads\/2019\/01\/itinerance-velo-famille-bourgogne-coquelicots-1.jpg\" alt=\"\" class=\"wp-image-7073\" srcset=\"https:\/\/www.lespetitsbaroudeurs.com\/blog\/wp-content\/uploads\/2019\/01\/itinerance-velo-famille-bourgogne-coquelicots-1.jpg 1024w, https:\/\/www.lespetitsbaroudeurs.com\/blog\/wp-content\/uploads\/2019\/01\/itinerance-velo-famille-bourgogne-coquelicots-1-300x200.jpg 300w, https:\/\/www.lespetitsbaroudeurs.com\/blog\/wp-content\/uploads\/2019\/01\/itinerance-velo-famille-bourgogne-coquelicots-1-768x512.jpg 768w\" sizes=\"(max-width: 1024px) 100vw, 1024px\" \/><figcaption><em>De quoi inspirer Monet<\/em><\/figcaption><\/figure>\n\n\n\n<p>\u00c0 <strong>Ouroux <\/strong>nous r\u00e9cup\u00e9rons une <strong>voie verte<\/strong> (suivre la direction d\u00e9chetterie, les voies vertes commencent souvent derri\u00e8re, allez savoir pourquoi ?). Celle-ci n\u2019est pas tr\u00e8s longue et se termine \u00e9trangement sur un parking sans plus d\u2019explications. La suite du parcours jusqu\u2019\u00e0 <strong>Chalon<\/strong> se fait sur de plus grandes routes avec <strong>piste cyclable<\/strong>. <\/p>\n\n\n\n<p>Nous traversons la ville (sans nous perdre gr\u00e2ce \u00e0 la carte de l\u2019office du tourisme) pour r\u00e9cup\u00e9rer la <strong>voie verte<\/strong>. <\/p>\n\n\n\n<figure class=\"wp-block-image size-large\"><img loading=\"lazy\" width=\"1024\" height=\"683\" src=\"https:\/\/www.lespetitsbaroudeurs.com\/blog\/wp-content\/uploads\/2019\/01\/itinerance-velo-famille-bourgogne-saone-1.jpg\" alt=\"\" class=\"wp-image-7088\" srcset=\"https:\/\/www.lespetitsbaroudeurs.com\/blog\/wp-content\/uploads\/2019\/01\/itinerance-velo-famille-bourgogne-saone-1.jpg 1024w, https:\/\/www.lespetitsbaroudeurs.com\/blog\/wp-content\/uploads\/2019\/01\/itinerance-velo-famille-bourgogne-saone-1-300x200.jpg 300w, https:\/\/www.lespetitsbaroudeurs.com\/blog\/wp-content\/uploads\/2019\/01\/itinerance-velo-famille-bourgogne-saone-1-768x512.jpg 768w\" sizes=\"(max-width: 1024px) 100vw, 1024px\" \/><figcaption><em>Cette fois on la traverse !<\/em><\/figcaption><\/figure>\n\n\n\n<p>Encore quelques kilom\u00e8tres et nous arrivons chez nos h\u00f4tes, o\u00f9 nous passons une agr\u00e9able soir\u00e9e \u00e0 discuter <strong>voyage \u00e0 v\u00e9lo en famille<\/strong>.<\/p>\n\n\n\n<h3>Jour 3 : Chatenay le Royal (Chalon-sur-Sa\u00f4ne) \u2013 Cormatin : p\u00e9daler sans mod\u00e9ration au pays des grands crus<\/h3>\n\n\n\n<p>Apr\u00e8s un bon petit d\u00e8j&rsquo; et avoir <strong>nourri les poules avec les enfants<\/strong>, nous enfourchons les v\u00e9los pour une journ\u00e9e <strong>100% voie verte<\/strong>, c\u2019est donc maman qui tire la <strong>carriole<\/strong>. Une longue ligne droite nous m\u00e8ne \u00e0 <strong>Givry <\/strong>o\u00f9 nous allons acheter le d\u00e9jeuner (on ne se fera pas avoir deux fois !)<\/p>\n\n\n\n<figure class=\"wp-block-image size-large\"><img loading=\"lazy\" width=\"1024\" height=\"683\" src=\"https:\/\/www.lespetitsbaroudeurs.com\/blog\/wp-content\/uploads\/2019\/01\/itinerance-velo-famille-bourgogne-givry-1.jpg\" alt=\"\" class=\"wp-image-7080\" srcset=\"https:\/\/www.lespetitsbaroudeurs.com\/blog\/wp-content\/uploads\/2019\/01\/itinerance-velo-famille-bourgogne-givry-1.jpg 1024w, https:\/\/www.lespetitsbaroudeurs.com\/blog\/wp-content\/uploads\/2019\/01\/itinerance-velo-famille-bourgogne-givry-1-300x200.jpg 300w, https:\/\/www.lespetitsbaroudeurs.com\/blog\/wp-content\/uploads\/2019\/01\/itinerance-velo-famille-bourgogne-givry-1-768x512.jpg 768w\" sizes=\"(max-width: 1024px) 100vw, 1024px\" \/><figcaption><em>Givry, tout le monde descend !<\/em><\/figcaption><\/figure>\n\n\n\n<p>La route se poursuit tranquillement, alternant <strong>sous-bois<\/strong> et <strong>champs<\/strong> puis laissant appara\u00eetre quelques <strong>vignes <\/strong>au loin. Les gares de cette <strong>ancienne ligne de chemin de fer<\/strong> ont des noms \u00e9vocateurs de <strong>bonnes bouteilles<\/strong>\u2026Mais pas de restau gastronomique pour nous, nous nous contentons d\u2019un p\u00e2t\u00e9 en croute au <strong>parc de jeu <\/strong>de <strong>Buxy<\/strong>.<\/p>\n\n\n\n<figure class=\"wp-block-image size-large\"><img loading=\"lazy\" width=\"1024\" height=\"683\" src=\"https:\/\/www.lespetitsbaroudeurs.com\/blog\/wp-content\/uploads\/2019\/01\/itinerance-velo-famille-bourgogne-foret-1.jpg\" alt=\"\" class=\"wp-image-7079\" srcset=\"https:\/\/www.lespetitsbaroudeurs.com\/blog\/wp-content\/uploads\/2019\/01\/itinerance-velo-famille-bourgogne-foret-1.jpg 1024w, https:\/\/www.lespetitsbaroudeurs.com\/blog\/wp-content\/uploads\/2019\/01\/itinerance-velo-famille-bourgogne-foret-1-300x200.jpg 300w, https:\/\/www.lespetitsbaroudeurs.com\/blog\/wp-content\/uploads\/2019\/01\/itinerance-velo-famille-bourgogne-foret-1-768x512.jpg 768w\" sizes=\"(max-width: 1024px) 100vw, 1024px\" \/><figcaption><em>Apr\u00e8s le bleu, le vert.<\/em><\/figcaption><\/figure>\n\n\n\n<p>Nous avan\u00e7ons ensuite rapidement (la voie est vraiment bien entretenue). Au go\u00fbter, Erin se fait draguer par un petit gar\u00e7on qui lui offre des p\u00e2querettes sous le regard inquisiteur de son p\u00e8re, mais elle ne c\u00e8de pas et prot\u00e8ge sa <strong>carriole<\/strong>.<\/p>\n\n\n\n<figure class=\"wp-block-image size-large\"><img loading=\"lazy\" width=\"1024\" height=\"683\" src=\"https:\/\/www.lespetitsbaroudeurs.com\/blog\/wp-content\/uploads\/2019\/01\/itinerance-velo-famille-bourgogne-pause-1.jpg\" alt=\"\" class=\"wp-image-7083\" srcset=\"https:\/\/www.lespetitsbaroudeurs.com\/blog\/wp-content\/uploads\/2019\/01\/itinerance-velo-famille-bourgogne-pause-1.jpg 1024w, https:\/\/www.lespetitsbaroudeurs.com\/blog\/wp-content\/uploads\/2019\/01\/itinerance-velo-famille-bourgogne-pause-1-300x200.jpg 300w, https:\/\/www.lespetitsbaroudeurs.com\/blog\/wp-content\/uploads\/2019\/01\/itinerance-velo-famille-bourgogne-pause-1-768x512.jpg 768w\" sizes=\"(max-width: 1024px) 100vw, 1024px\" \/><figcaption><em>Touche pas \u00e0 ma carriole !<\/em><\/figcaption><\/figure>\n\n\n\n<p>Pour une fois que nous arrivons t\u00f4t, Erin est en pleine sieste, et le r\u00e9veil est difficile. Tant pis pour le <strong>ch\u00e2teau de Cormatin<\/strong> nous nous contentons de l\u2019apercevoir derri\u00e8re le mur. <\/p>\n\n\n\n<p>Dans ce village pourtant touristique, ce soir tous les restaus sont ferm\u00e9s, m\u00eame la pizzeria ! Notre d\u00eener sera donc constitu\u00e9 du pain de mie restant  du camping, et de bo\u00eetes de tapenade et autres tartinades d\u00e9nich\u00e9es dans le magasin de vin ! Qui a dit qu\u2019on mangeait bien en <strong>Bourgogne<\/strong> ?<\/p>\n\n\n\n<figure class=\"wp-block-image size-large\"><img loading=\"lazy\" width=\"1024\" height=\"683\" src=\"https:\/\/www.lespetitsbaroudeurs.com\/blog\/wp-content\/uploads\/2019\/01\/itinerance-velo-famille-bourgogne-espace-carriole-1.jpg\" alt=\"\" class=\"wp-image-7077\" srcset=\"https:\/\/www.lespetitsbaroudeurs.com\/blog\/wp-content\/uploads\/2019\/01\/itinerance-velo-famille-bourgogne-espace-carriole-1.jpg 1024w, https:\/\/www.lespetitsbaroudeurs.com\/blog\/wp-content\/uploads\/2019\/01\/itinerance-velo-famille-bourgogne-espace-carriole-1-300x200.jpg 300w, https:\/\/www.lespetitsbaroudeurs.com\/blog\/wp-content\/uploads\/2019\/01\/itinerance-velo-famille-bourgogne-espace-carriole-1-768x512.jpg 768w\" sizes=\"(max-width: 1024px) 100vw, 1024px\" \/><figcaption><em>\u00c7a roupille fort !<\/em><\/figcaption><\/figure>\n\n\n\n<h3>Jour 4 : Cormatin \u2013 M\u00e2con : entre vignes et vieilles pierres<\/h3>\n\n\n\n<p><strong>Grand soleil <\/strong>ce matin, on a bien fait de braver la m\u00e9t\u00e9o qui s\u2019annon\u00e7ait pourrie. La <strong>voie verte<\/strong> continue toujours aussi agr\u00e9able surtout qu\u2019il y a<strong> peu de v\u00e9los<\/strong> qui circulent.<\/p>\n\n\n\n<figure class=\"wp-block-image size-large\"><img loading=\"lazy\" width=\"1024\" height=\"683\" src=\"https:\/\/www.lespetitsbaroudeurs.com\/blog\/wp-content\/uploads\/2019\/01\/itinerance-velo-famille-bourgogne-champs-1.jpg\" alt=\"\" class=\"wp-image-7071\" srcset=\"https:\/\/www.lespetitsbaroudeurs.com\/blog\/wp-content\/uploads\/2019\/01\/itinerance-velo-famille-bourgogne-champs-1.jpg 1024w, https:\/\/www.lespetitsbaroudeurs.com\/blog\/wp-content\/uploads\/2019\/01\/itinerance-velo-famille-bourgogne-champs-1-300x200.jpg 300w, https:\/\/www.lespetitsbaroudeurs.com\/blog\/wp-content\/uploads\/2019\/01\/itinerance-velo-famille-bourgogne-champs-1-768x512.jpg 768w\" sizes=\"(max-width: 1024px) 100vw, 1024px\" \/><figcaption><em>Du v\u00e9lo et des vaches.<\/em><\/figcaption><\/figure>\n\n\n\n<p>Nous nous en \u00e9loignons un peu pour grimper vers <strong>Taiz\u00e9<\/strong>, un petit village, mais surtout une communaut\u00e9 religieuse \u0153cum\u00e9nique. Erin peut ainsi se d\u00e9gourdir les jambes. Un moment d\u2019appr\u00e9hension quand nous entrons dans <strong>la chapelle<\/strong> : va elle exp\u00e9rimenter l\u2019\u00e9cho d\u00e9couvert r\u00e9cemment ? Mais non, la s\u00e9r\u00e9nit\u00e9 du lieu a d\u00fb la gagner.<\/p>\n\n\n\n<figure class=\"wp-block-image size-large\"><img loading=\"lazy\" width=\"1024\" height=\"683\" src=\"https:\/\/www.lespetitsbaroudeurs.com\/blog\/wp-content\/uploads\/2019\/01\/itinerance-velo-famille-bourgogne-taize-1.jpg\" alt=\"\" class=\"wp-image-7090\" srcset=\"https:\/\/www.lespetitsbaroudeurs.com\/blog\/wp-content\/uploads\/2019\/01\/itinerance-velo-famille-bourgogne-taize-1.jpg 1024w, https:\/\/www.lespetitsbaroudeurs.com\/blog\/wp-content\/uploads\/2019\/01\/itinerance-velo-famille-bourgogne-taize-1-300x200.jpg 300w, https:\/\/www.lespetitsbaroudeurs.com\/blog\/wp-content\/uploads\/2019\/01\/itinerance-velo-famille-bourgogne-taize-1-768x512.jpg 768w\" sizes=\"(max-width: 1024px) 100vw, 1024px\" \/><figcaption><em>Taiz\u00e9<\/em><\/figcaption><\/figure>\n\n\n\n<p>Nous d\u00e9jeunons \u00e0 la <strong>gare de Cluny<\/strong> (pique-nique achet\u00e9 \u00e0 la boulangerie de Cormatin ouverte le matin !). <strong>Tables<\/strong>, <strong>poubelles<\/strong>, <strong>toilettes<\/strong>, cette portion est tr\u00e8s <strong>bien am\u00e9nag\u00e9e<\/strong>. Nous bifurquons ensuite vers la ville pour voir la fameuse <strong>abbaye<\/strong>.<\/p>\n\n\n\n<figure class=\"wp-block-image size-large\"><img loading=\"lazy\" width=\"1024\" height=\"683\" src=\"https:\/\/www.lespetitsbaroudeurs.com\/blog\/wp-content\/uploads\/2021\/07\/itinerance-velo-famille-bourgogne-abbaye-cluny.jpg\" alt=\"\" class=\"wp-image-7096\" srcset=\"https:\/\/www.lespetitsbaroudeurs.com\/blog\/wp-content\/uploads\/2021\/07\/itinerance-velo-famille-bourgogne-abbaye-cluny.jpg 1024w, https:\/\/www.lespetitsbaroudeurs.com\/blog\/wp-content\/uploads\/2021\/07\/itinerance-velo-famille-bourgogne-abbaye-cluny-300x200.jpg 300w, https:\/\/www.lespetitsbaroudeurs.com\/blog\/wp-content\/uploads\/2021\/07\/itinerance-velo-famille-bourgogne-abbaye-cluny-768x512.jpg 768w\" sizes=\"(max-width: 1024px) 100vw, 1024px\" \/><figcaption><em>Tu vois l\u00e0-bas c&rsquo;est l&rsquo;abbaye\u2026<\/em><\/figcaption><\/figure>\n\n\n\n<p>Apr\u00e8s avoir r\u00e9ussi \u00e0 sortir de <strong>Cluny<\/strong> (on ne s\u2019\u00e9tait pas encore perdus), la mont\u00e9e vers le fameux <strong>tunnel du Bois Clair <\/strong>commence. En fait c\u2019est plut\u00f4t les montagnes russes : au dessus puis en dessous de la voie ferr\u00e9e, et d\u00e8s qu\u2019on pense avoir bien grimp\u00e9 \u00e7a redescend avec notre moral !<\/p>\n\n\n\n<p>Mais finalement nous y voil\u00e0. Nous nous pr\u00e9parons sur une <strong>aire am\u00e9nag\u00e9e <\/strong>juste avant l\u2019entr\u00e9e (<strong>veste de pluie<\/strong>, <strong>frontale<\/strong>, <strong>capote de la carriole<\/strong>) car il para\u00eet qu\u2019il y fait frais, que l\u2019eau coule et qu\u2019il n\u2019y a pas forc\u00e9ment d\u2019\u00e9clairage. <\/p>\n\n\n\n<figure class=\"wp-block-image size-large\"><img loading=\"lazy\" width=\"1024\" height=\"708\" src=\"https:\/\/www.lespetitsbaroudeurs.com\/blog\/wp-content\/uploads\/2019\/01\/itinerance-velo-famille-bourgogne-entree-tunnel-1.jpg\" alt=\"\" class=\"wp-image-7076\" srcset=\"https:\/\/www.lespetitsbaroudeurs.com\/blog\/wp-content\/uploads\/2019\/01\/itinerance-velo-famille-bourgogne-entree-tunnel-1.jpg 1024w, https:\/\/www.lespetitsbaroudeurs.com\/blog\/wp-content\/uploads\/2019\/01\/itinerance-velo-famille-bourgogne-entree-tunnel-1-300x207.jpg 300w, https:\/\/www.lespetitsbaroudeurs.com\/blog\/wp-content\/uploads\/2019\/01\/itinerance-velo-famille-bourgogne-entree-tunnel-1-768x531.jpg 768w\" sizes=\"(max-width: 1024px) 100vw, 1024px\" \/><figcaption><em>C&rsquo;est parti pour le tunnel !<\/em><\/figcaption><\/figure>\n\n\n\n<p><strong>Le tunnel du Bois Clair <\/strong>est le <strong>plus grand tunnel d\u2019Europe ouvert \u00e0 une voie verte<\/strong> (1,6km). Il y fait effectivement frais et l\u2019eau d\u00e9gouline sur les murs voire du plafond, par contre les lampes sont allum\u00e9es. On tente de nombreuses photos (pas tr\u00e8s r\u00e9ussies) avant de retrouver la lumi\u00e8re du jour et la chaleur.<\/p>\n\n\n\n<figure class=\"wp-block-image size-large\"><img loading=\"lazy\" width=\"1024\" height=\"683\" src=\"https:\/\/www.lespetitsbaroudeurs.com\/blog\/wp-content\/uploads\/2019\/01\/itinerance-velo-famille-bourgogne-tunnel-bois-1.jpg\" alt=\"\" class=\"wp-image-7092\" srcset=\"https:\/\/www.lespetitsbaroudeurs.com\/blog\/wp-content\/uploads\/2019\/01\/itinerance-velo-famille-bourgogne-tunnel-bois-1.jpg 1024w, https:\/\/www.lespetitsbaroudeurs.com\/blog\/wp-content\/uploads\/2019\/01\/itinerance-velo-famille-bourgogne-tunnel-bois-1-300x200.jpg 300w, https:\/\/www.lespetitsbaroudeurs.com\/blog\/wp-content\/uploads\/2019\/01\/itinerance-velo-famille-bourgogne-tunnel-bois-1-768x512.jpg 768w\" sizes=\"(max-width: 1024px) 100vw, 1024px\" \/><figcaption><em>\u00c0 l&rsquo;int\u00e9rieur<\/em><\/figcaption><\/figure>\n\n\n\n<p>Apr\u00e8s le go\u00fbter au bord des <strong>vignes <\/strong>(parfum\u00e9es aux pesticides, c\u2019est dommage) c\u2019est la <strong>grande descente.<\/strong> Encore quelques passages \u00e0 travers les <strong>sous-bois<\/strong> puis les <strong>vignes <\/strong>deviennent omnipr\u00e9sentes. \u00c7a donne soif, mais c\u2019est trop tard pour s\u2019arr\u00eater dans l\u2019une des <strong>nombreuses caves<\/strong>.<\/p>\n\n\n\n<figure class=\"wp-block-image size-large\"><img loading=\"lazy\" width=\"1024\" height=\"683\" src=\"https:\/\/www.lespetitsbaroudeurs.com\/blog\/wp-content\/uploads\/2019\/01\/itinerance-velo-famille-bourgogne-vignoble-1.jpg\" alt=\"\" class=\"wp-image-7094\" srcset=\"https:\/\/www.lespetitsbaroudeurs.com\/blog\/wp-content\/uploads\/2019\/01\/itinerance-velo-famille-bourgogne-vignoble-1.jpg 1024w, https:\/\/www.lespetitsbaroudeurs.com\/blog\/wp-content\/uploads\/2019\/01\/itinerance-velo-famille-bourgogne-vignoble-1-300x200.jpg 300w, https:\/\/www.lespetitsbaroudeurs.com\/blog\/wp-content\/uploads\/2019\/01\/itinerance-velo-famille-bourgogne-vignoble-1-768x512.jpg 768w\" sizes=\"(max-width: 1024px) 100vw, 1024px\" \/><figcaption><em>Entour\u00e9s de vignes.<\/em><\/figcaption><\/figure>\n\n\n\n<p>La <strong>voie verte<\/strong> n\u2019\u00e9tant pas encore enti\u00e8rement raccord\u00e9e \u00e0 <strong>M\u00e2con<\/strong>, sur la fin il nous faut ouvrir quelques barri\u00e8res de chantier et parcourir des <strong>chemins de terre<\/strong> pour atteindre <strong>les pistes cyclables<\/strong> menant \u00e0 la ville.<\/p>\n\n\n\n<figure class=\"wp-block-image size-large\"><img loading=\"lazy\" width=\"1024\" height=\"683\" src=\"https:\/\/www.lespetitsbaroudeurs.com\/blog\/wp-content\/uploads\/2019\/01\/itinerance-velo-famille-bourgogne-travaux-1.jpg\" alt=\"\" class=\"wp-image-7091\" srcset=\"https:\/\/www.lespetitsbaroudeurs.com\/blog\/wp-content\/uploads\/2019\/01\/itinerance-velo-famille-bourgogne-travaux-1.jpg 1024w, https:\/\/www.lespetitsbaroudeurs.com\/blog\/wp-content\/uploads\/2019\/01\/itinerance-velo-famille-bourgogne-travaux-1-300x200.jpg 300w, https:\/\/www.lespetitsbaroudeurs.com\/blog\/wp-content\/uploads\/2019\/01\/itinerance-velo-famille-bourgogne-travaux-1-768x512.jpg 768w\" sizes=\"(max-width: 1024px) 100vw, 1024px\" \/><figcaption><em>Voie verte en travaux.<\/em><\/figcaption><\/figure>\n\n\n\n<p>Et puis \u00e7a y est la <strong>gare <\/strong>est en vue, et notre voiture toujours l\u00e0 ! <br>Il reste \u00e0 <strong>ranger les v\u00e9los<\/strong> et filer chez nos h\u00f4tes o\u00f9 nous attendent de bons vins (enfin !) et encore de belles histoires de <strong>grand voyage \u00e0 v\u00e9lo en famille<\/strong>.<\/p>\n\n\n\n<figure class=\"wp-block-image size-large\"><img loading=\"lazy\" width=\"1024\" height=\"743\" src=\"https:\/\/www.lespetitsbaroudeurs.com\/blog\/wp-content\/uploads\/2019\/01\/itinerance-velo-famille-bourgogne-parking-1.jpg\" alt=\"\" class=\"wp-image-7081\" srcset=\"https:\/\/www.lespetitsbaroudeurs.com\/blog\/wp-content\/uploads\/2019\/01\/itinerance-velo-famille-bourgogne-parking-1.jpg 1024w, https:\/\/www.lespetitsbaroudeurs.com\/blog\/wp-content\/uploads\/2019\/01\/itinerance-velo-famille-bourgogne-parking-1-300x218.jpg 300w, https:\/\/www.lespetitsbaroudeurs.com\/blog\/wp-content\/uploads\/2019\/01\/itinerance-velo-famille-bourgogne-parking-1-768x557.jpg 768w\" sizes=\"(max-width: 1024px) 100vw, 1024px\" \/><figcaption><em>Arriv\u00e9s !<\/em><\/figcaption><\/figure>\n\n\n\n<h3>Bonus : Jour 5 : Balade \u00e0 la Roche de Solutr\u00e9<\/h3>\n\n\n\n<p>Comme il nous reste encore un jour de cong\u00e9, on en profite pour aller faire un <strong>tour \u00e0 la roche de Solutr\u00e9<\/strong>. Les v\u00e9los restent dans la voiture et <strong>c\u2019est \u00e0 pied que nous partons<\/strong>, m\u00eame Erin. <\/p>\n\n\n\n<p>Elle est motiv\u00e9e et marche (ou court) aussi vite que nous. Elle ne donne la main que pour le grand saut par-dessus les rigoles qu\u2019elle enjambe avec pr\u00e9caution pour que son pied ne tombe pas dedans.<\/p>\n\n\n\n<figure class=\"wp-block-image size-large\"><img loading=\"lazy\" width=\"1024\" height=\"638\" src=\"https:\/\/www.lespetitsbaroudeurs.com\/blog\/wp-content\/uploads\/2019\/01\/itinerance-velo-famille-bourgogne-roche-solutre-1.jpg\" alt=\"\" class=\"wp-image-7087\" srcset=\"https:\/\/www.lespetitsbaroudeurs.com\/blog\/wp-content\/uploads\/2019\/01\/itinerance-velo-famille-bourgogne-roche-solutre-1.jpg 1024w, https:\/\/www.lespetitsbaroudeurs.com\/blog\/wp-content\/uploads\/2019\/01\/itinerance-velo-famille-bourgogne-roche-solutre-1-300x187.jpg 300w, https:\/\/www.lespetitsbaroudeurs.com\/blog\/wp-content\/uploads\/2019\/01\/itinerance-velo-famille-bourgogne-roche-solutre-1-768x479.jpg 768w\" sizes=\"(max-width: 1024px) 100vw, 1024px\" \/><figcaption><em>Allez, on grimpe sur la roche de Solutr\u00e9<\/em><\/figcaption><\/figure>\n\n\n\n<p>Elle <strong>randonne pas loin d\u20191km toute seule<\/strong>, et commence m\u00eame la mont\u00e9e.<br>Quand elle se met \u00e0 reculer autant que ce qu\u2019elle avance, <strong>nous la prenons sur le dos<\/strong> afin de poursuivre l\u2019ascension (si si avec plus de 10kg sur le dos c\u2019est une exp\u00e9dition !).<\/p>\n\n\n\n<p>Il fait chaud, \u00e7a grimpe, Erin joue avec les oreilles et arrache les cheveux de sa maman, mais <strong>on est contents de retrouver la rando<\/strong>.<\/p>\n\n\n\n<p>En haut nous avons une <strong>superbe vue \u00e0 360\u00b0 sur la Bourgogne et la Roche de Vergisson<\/strong>. Et \u00e0 la descente Erin s\u2019endort enfin\u2026 (juste avant d\u2019arriver \u00e0 la voiture forc\u00e9ment)<\/p>\n\n\n\n<figure class=\"wp-block-image size-large\"><img loading=\"lazy\" width=\"1024\" height=\"683\" src=\"https:\/\/www.lespetitsbaroudeurs.com\/blog\/wp-content\/uploads\/2019\/01\/itinerance-velo-famille-bourgogne-sommet-solutre-1.jpg\" alt=\"\" class=\"wp-image-7089\" srcset=\"https:\/\/www.lespetitsbaroudeurs.com\/blog\/wp-content\/uploads\/2019\/01\/itinerance-velo-famille-bourgogne-sommet-solutre-1.jpg 1024w, https:\/\/www.lespetitsbaroudeurs.com\/blog\/wp-content\/uploads\/2019\/01\/itinerance-velo-famille-bourgogne-sommet-solutre-1-300x200.jpg 300w, https:\/\/www.lespetitsbaroudeurs.com\/blog\/wp-content\/uploads\/2019\/01\/itinerance-velo-famille-bourgogne-sommet-solutre-1-768x512.jpg 768w\" sizes=\"(max-width: 1024px) 100vw, 1024px\" \/><figcaption><em>Que la vue est belle de l\u00e0 haut !<\/em><\/figcaption><\/figure>\n\n\n\n<h2>Conclusion de notre p\u00e9riple cyclo en famille en Bourgogne<\/h2>\n\n\n\n<h3>On a aim\u00e9 : <\/h3>\n\n\n\n<ul><li><strong>Les voies \u00ab bleue \u00bb<\/strong> et <strong>\u00ab verte \u00bb<\/strong> bien <strong>indiqu\u00e9es<\/strong>, <strong>\u00e9quip\u00e9es<\/strong> et <strong>entretenues<\/strong>,<\/li><\/ul>\n\n\n\n<p><\/p>\n\n\n\n<ul><li>Le <strong>peu de monde<\/strong> sur le parcours,<\/li><\/ul>\n\n\n\n<p><\/p>\n\n\n\n<ul><li>Les <strong>h\u00f4tes<\/strong> <strong>warmshower<\/strong>, leurs histoires de voyages, leurs conseils,<\/li><\/ul>\n\n\n\n<p><\/p>\n\n\n\n<ul><li>La tranquillit\u00e9 de <strong>rouler quatre jours<\/strong> presque uniquement sur des <strong>voies sans voitures<\/strong>,<\/li><\/ul>\n\n\n\n<p><\/p>\n\n\n\n<ul><li>Les <strong>paysages<\/strong> tr\u00e8s <strong>vari\u00e9s<\/strong> entre l\u2019aller (la Sa\u00f4ne) et le retour (vignes et champs),<\/li><\/ul>\n\n\n\n<p><\/p>\n\n\n\n<ul><li>Le <strong>d\u00e9tour <\/strong>non pr\u00e9vu par la <strong>Roche de Solutr\u00e9<\/strong>.<\/li><\/ul>\n\n\n\n<h3>On a moins aim\u00e9 :<\/h3>\n\n\n\n<ul><li>Les restaus et boulangeries ferm\u00e9s,<\/li><\/ul>\n\n\n\n<p><\/p>\n\n\n\n<ul><li>Les odeurs de pesticide le long des vignes,<\/li><\/ul>\n\n\n\n<p><\/p>\n\n\n\n<ul><li>Ne pas avoir une <strong>deuxi\u00e8me carriole<\/strong> pour transporter du vin \ud83d\ude09<\/li><\/ul>\n\n\n\n<h2>Infos pratiques<\/h2>\n\n\n\n<h3>Notre \u00e9quipement pour une aventure \u00e0 v\u00e9lo en famille avec une carriole<\/h3>\n\n\n\n<ul><li><strong>VTC<\/strong> :  assez lourd donc <strong>b\u00e9quille indispensable<\/strong> ! <strong>R\u00e9glage du d\u00e9railleur<\/strong> \u00e0 pr\u00e9voir.<strong> <\/strong><\/li><\/ul>\n\n\n\n<p><\/p>\n\n\n\n<ul><li><strong>Remorque Thule Corsaire 2 places<\/strong> : Chacune de nos aventures \u00e0 v\u00e9lo valide notre choix. La <strong>carriole se manie facilement<\/strong> et sa <strong>traction se fait vite oublier<\/strong> (sauf dans les grosses mont\u00e9es !). L\u2019<strong>espace<\/strong> pour Erin est <strong>bien dimensionn\u00e9 <\/strong>et le <strong>volume de rangement <\/strong>est important au niveau du coffre. Le syst\u00e8me d\u2019<strong>amortisseur<\/strong> optimise le confort sur les chemins de traverse.<\/li><\/ul>\n\n\n\n<p><\/p>\n\n\n\n<ul><li> <strong>\u00c9carteur de danger<\/strong> : c\u2019est un<strong> \u00e9l\u00e9ment de s\u00e9curit\u00e9<\/strong> important pour rester serein sur les voies \u00e0 trafic partag\u00e9.<\/li><\/ul>\n\n\n\n<p><\/p>\n\n\n\n<ul><li><strong>Casques<\/strong> : Les parents sont \u00e9quip\u00e9s en <strong>casque Giro<\/strong>. Erin porte un <strong>casque Abus<\/strong>, il b\u00e9n\u00e9ficie d\u2019une <strong>bonne tenue<\/strong> sur la t\u00eate et son <strong>ergonomie<\/strong> fonctionne bien avec l\u2019espace de la carriole. On appr\u00e9cie aussi sa <strong>l\u00e9g\u00e8ret\u00e9<\/strong>. <\/li><\/ul>\n\n\n\n<p><\/p>\n\n\n\n<ul><li><strong>Sacoches<\/strong> : Nous utilisons 2 <strong>sacoches Vaude<\/strong> de <strong>21 litres<\/strong> chacune. Nous y ajoutons un <strong>panier <\/strong>avec <strong>acc\u00e8s rapide<\/strong> pour ranger quelques choses en vrac.<\/li><\/ul>\n\n\n\n<p><\/p>\n\n\n\n<ul><li><strong>La nappe<\/strong> : Nous l\u2019avons \u00e0 chaque sortie, elle est vraiment <strong>multifonction<\/strong> : pause, sieste, tapis de jeu, change\u2026<\/li><\/ul>\n\n\n\n<p><\/p>\n\n\n\n<ul><li><strong>Lunettes, chapeau ou buff<\/strong> : Accessoires <strong>incontournables \u00e0 l\u2019ext\u00e9rieur<\/strong>. En plus, Erin aime les porter.<\/li><\/ul>\n\n\n\n<p><\/p>\n\n\n\n<ul><li><strong>V\u00eatements de pluie (veste et salopette)<\/strong> : indispensables pour rouler sous le <strong>mauvais temps<\/strong> et pour <strong>rester au sec <\/strong>au moment des pauses (pluie, vent, ros\u00e9e\u2026)<\/li><\/ul>\n\n\n\n<h3>L\u2019organisation de la tribu pour ce trip \u00e0 v\u00e9lo en Bourgogne<\/h3>\n\n\n\n<ul><li>Par nous-m\u00eames une semaine avant, beaucoup de <strong>sites internet<\/strong>.<\/li><\/ul>\n\n\n\n<p><\/p>\n\n\n\n<ul><li>Itin\u00e9raire &amp; carte : V<strong>\u00e9loGuide la Bourgogne \u00e0 v\u00e9lo <\/strong>et les cartes r\u00e9cup\u00e9r\u00e9es dans les o<strong>ffices de tourisme de Tournus et Chalon<\/strong>.<\/li><\/ul>\n\n\n\n<p><\/p>\n\n\n\n<ul><li>V\u00e9rifier l\u2019<strong>ouverture du Tunnel du Bois Clair<\/strong> (en g\u00e9n\u00e9ral du 15 avril au 31 septembre), sinon un d\u00e9tour est possible mais c\u2019est dommage.<\/li><\/ul>\n\n\n\n<p><\/p>\n\n\n\n<ul><li><strong>H\u00e9bergements<\/strong> : warmshower \u00e0 Chalon et M\u00e2con, Motel \u00e0 Tournus, chambre d\u2019h\u00f4te \u00e0 Cormatin.<\/li><\/ul>\n\n\n\n<p><\/p>\n\n\n\n<ul><li><strong>R\u00e9server<\/strong> les logements \u00e0 Cormatin ou Taiz\u00e9 <strong>le plus t\u00f4t possible<\/strong>, (ces villes \u00e9tant tr\u00e8s touristiques c\u2019est souvent complet).<\/li><\/ul>\n\n\n\n<p><\/p>\n\n\n\n<ul><li><strong>Nourriture<\/strong> : achat du pic-nic dans les villes (quand ouverts !), et pour le soir chez nos h\u00f4tes (merci \u00e0 eux !) ou au restaurant.<\/li><\/ul>\n\n\n\n<p><\/p>\n\n\n\n<ul><li>Pr\u00e9voir le <strong>repas du midi d\u00e8s le matin<\/strong>, et avoir un <strong>d\u00eener d\u2019urgence <\/strong>(type semoule ou nouilles chinoises) pour le soir (les villages travers\u00e9s n\u2019ont pas toujours de sup\u00e9rette ni m\u00eame de boulangerie).<\/li><\/ul>\n\n\n\n<h3>Nos conseils pour une exp\u00e9rience \u00e0 v\u00e9lo en famille r\u00e9ussie<\/h3>\n\n\n\n<ul><li>Conserver la <strong>poign\u00e9e de la carriole<\/strong>, \u00e7a peut servir pour attacher et faire s\u00e9cher les chaussures mouill\u00e9es par la ros\u00e9e matinale.<\/li><\/ul>\n\n\n\n<p><\/p>\n\n\n\n<ul><li>Privil\u00e9gi\u00e9 des <strong>pauses r\u00e9guli\u00e8res<\/strong> en \u00e9tant attentif au besoin de l\u2019enfant, d\u2019une dur\u00e9e de <strong>30 minutes<\/strong> pour entretenir la motivation \u00e0 reprendre la route.<\/li><\/ul>\n\n\n\n<p><\/p>\n\n\n\n<ul><li>Penser au <strong>changement de la couche<\/strong> \u00e0 chaque arr\u00eat<\/li><\/ul>\n\n\n\n<p><\/p>\n\n\n\n<ul><li>Un <strong>petit encas <\/strong>(biscuit par exemple) peut se r\u00e9v\u00e9ler bien utile pour entretenir la patience entre deux pauses lors d\u2019une \u00e9tape un peu longue. <\/li><\/ul>\n\n\n\n<p><\/p>\n\n\n\n<ul><li><strong>Faire boire r\u00e9guli\u00e8rement<\/strong> car la temp\u00e9rature peut monter dans Penser \u00e0 faire boire, il fait chaud dans la carriole.<\/li><\/ul>\n\n\n\n<p><\/p>\n\n\n\n<ul><li>Permettre quelques <strong>entorses aux r\u00e8gles alimentaires<\/strong>, (\u00e9quilibre et horaires) le temps des vacances<\/li><\/ul>\n\n\n\n<p><em>Cet article relate une aventure cyclo en famille du 14 au 18 mai 2016. Il fait partie du programme Ambassadeurs o\u00f9 nous invitons des familles baroudeuses \u00e0 partager leurs exp\u00e9riences avec la communaut\u00e9 des Petits Baroudeurs.<\/em><\/p>\n\n\n\n<h2>HEY, SI ON \u00c9QUIPAIT VOS PETITS BAROUDEURS ?<\/h2>\n\n\n\n<p>Chez les Petits Baroudeurs, nous&nbsp;<strong>d\u00e9nichons avec soin et amour<\/strong>&nbsp;les produits utiles \u00e0 vos aventures en famille.&nbsp;<strong>Nous les testons<\/strong>&nbsp;avec nos Oursons, les cousins, les amis de nos loupiots \u2013 quand nos enfants sont trop grands pour tester eux m\u00eame. Et&nbsp;<strong>nous ne s\u00e9lectionnons que les meilleurs produits&nbsp;<\/strong>pour vous les proposer.<\/p>\n\n\n\n<p>Voici donc la s\u00e9lection de notre boutique pour une itin\u00e9rance \u00e0 v\u00e9lo avec des enfants :<\/p>\n\n\n\n<div class=\"wp-block-group alignwide\"><div class=\"wp-block-group__inner-container\">\n<div class=\"wp-block-columns alignwide\">\n<div class=\"wp-block-column\">\n<figure class=\"wp-block-image size-large\"><a href=\"https:\/\/www.lespetitsbaroudeurs.com\/remorque-velo-enfant-80\" target=\"_blank\" rel=\"noopener noreferrer\"><img loading=\"lazy\" width=\"681\" height=\"663\" src=\"https:\/\/www.lespetitsbaroudeurs.com\/blog\/wp-content\/uploads\/2021\/04\/remorque-velo-croozer-kid-plus-for-1-1.jpg\" alt=\"remorque enfant\" class=\"wp-image-6269\" srcset=\"https:\/\/www.lespetitsbaroudeurs.com\/blog\/wp-content\/uploads\/2021\/04\/remorque-velo-croozer-kid-plus-for-1-1.jpg 681w, https:\/\/www.lespetitsbaroudeurs.com\/blog\/wp-content\/uploads\/2021\/04\/remorque-velo-croozer-kid-plus-for-1-1-300x292.jpg 300w\" sizes=\"(max-width: 681px) 100vw, 681px\" \/><\/a><figcaption><em>Remorque v\u00e9lo<\/em><br><a href=\"https:\/\/www.lespetitsbaroudeurs.com\/remorque-velo-enfant-80\" target=\"_blank\" rel=\"noreferrer noopener\"><em>\u27b3Je d\u00e9couvre<\/em><\/a><\/figcaption><\/figure>\n<\/div>\n\n\n\n<div class=\"wp-block-column\">\n<figure class=\"wp-block-image size-large\"><a href=\"https:\/\/www.lespetitsbaroudeurs.com\/casque-velo-enfant-88\" target=\"_blank\" rel=\"noopener noreferrer\"><img loading=\"lazy\" width=\"800\" height=\"800\" src=\"https:\/\/www.lespetitsbaroudeurs.com\/blog\/wp-content\/uploads\/2017\/10\/casque-enfant-micro-dot.jpg\" alt=\"\" class=\"wp-image-6960\" srcset=\"https:\/\/www.lespetitsbaroudeurs.com\/blog\/wp-content\/uploads\/2017\/10\/casque-enfant-micro-dot.jpg 800w, https:\/\/www.lespetitsbaroudeurs.com\/blog\/wp-content\/uploads\/2017\/10\/casque-enfant-micro-dot-300x300.jpg 300w, https:\/\/www.lespetitsbaroudeurs.com\/blog\/wp-content\/uploads\/2017\/10\/casque-enfant-micro-dot-150x150.jpg 150w, https:\/\/www.lespetitsbaroudeurs.com\/blog\/wp-content\/uploads\/2017\/10\/casque-enfant-micro-dot-768x768.jpg 768w, https:\/\/www.lespetitsbaroudeurs.com\/blog\/wp-content\/uploads\/2017\/10\/casque-enfant-micro-dot-270x270.jpg 270w, https:\/\/www.lespetitsbaroudeurs.com\/blog\/wp-content\/uploads\/2017\/10\/casque-enfant-micro-dot-540x540.jpg 540w, https:\/\/www.lespetitsbaroudeurs.com\/blog\/wp-content\/uploads\/2017\/10\/casque-enfant-micro-dot-580x580.jpg 580w\" sizes=\"(max-width: 800px) 100vw, 800px\" \/><\/a><figcaption><em>Casque enfant<\/em><br><a rel=\"noreferrer noopener\" href=\"https:\/\/www.lespetitsbaroudeurs.com\/casque-velo-enfant-88\" target=\"_blank\"><em>\u27b3Je d\u00e9couvre<\/em><\/a><\/figcaption><\/figure>\n<\/div>\n\n\n\n<div class=\"wp-block-column\">\n<figure class=\"wp-block-image size-large\"><a href=\"https:\/\/www.lespetitsbaroudeurs.com\/lunettes-soleil-bebe-enfant-13\" target=\"_blank\" rel=\"noopener noreferrer\"><img loading=\"lazy\" width=\"800\" height=\"800\" src=\"https:\/\/www.lespetitsbaroudeurs.com\/blog\/wp-content\/uploads\/2021\/04\/lunettes-soleil-enfant-cebe-spies-matte-lavender-rose.jpg\" alt=\"\" class=\"wp-image-6243\" srcset=\"https:\/\/www.lespetitsbaroudeurs.com\/blog\/wp-content\/uploads\/2021\/04\/lunettes-soleil-enfant-cebe-spies-matte-lavender-rose.jpg 800w, https:\/\/www.lespetitsbaroudeurs.com\/blog\/wp-content\/uploads\/2021\/04\/lunettes-soleil-enfant-cebe-spies-matte-lavender-rose-300x300.jpg 300w, https:\/\/www.lespetitsbaroudeurs.com\/blog\/wp-content\/uploads\/2021\/04\/lunettes-soleil-enfant-cebe-spies-matte-lavender-rose-150x150.jpg 150w, https:\/\/www.lespetitsbaroudeurs.com\/blog\/wp-content\/uploads\/2021\/04\/lunettes-soleil-enfant-cebe-spies-matte-lavender-rose-768x768.jpg 768w, https:\/\/www.lespetitsbaroudeurs.com\/blog\/wp-content\/uploads\/2021\/04\/lunettes-soleil-enfant-cebe-spies-matte-lavender-rose-270x270.jpg 270w, https:\/\/www.lespetitsbaroudeurs.com\/blog\/wp-content\/uploads\/2021\/04\/lunettes-soleil-enfant-cebe-spies-matte-lavender-rose-540x540.jpg 540w, https:\/\/www.lespetitsbaroudeurs.com\/blog\/wp-content\/uploads\/2021\/04\/lunettes-soleil-enfant-cebe-spies-matte-lavender-rose-580x580.jpg 580w\" sizes=\"(max-width: 800px) 100vw, 800px\" \/><\/a><figcaption><em>Lunettes de soleil enfant<br><\/em><a rel=\"noreferrer noopener\" href=\"https:\/\/www.lespetitsbaroudeurs.com\/lunettes-soleil-bebe-enfant-13\" target=\"_blank\"><em>\u27b3Je d\u00e9couvre<\/em><\/a><\/figcaption><\/figure>\n<\/div>\n<\/div>\n<\/div><\/div>\n\n\n\n<p><\/p>\n","protected":false},"excerpt":{"rendered":"<p>Christelle et Pierre sont des habitu\u00e9s de notre programme Ambassadeur et ont d\u00e9j\u00e0 plusieurs r\u00e9cits \u00e0 leur actif dont celui du Tour des Bauges \u00e0 v\u00e9lo qui les avait enchant\u00e9s. C&rsquo;est d&rsquo;ailleurs forts de cette premi\u00e8re exp\u00e9rience \u00e0 v\u00e9lo qu&rsquo;ils ont d\u00e9cid\u00e9 de remettre \u00e7a, cette fois-ci direction la Bourgogne ! Pourquoi partir&nbsp;faire&nbsp;du&nbsp;v\u00e9lo&nbsp;en&nbsp;famille&nbsp;en&nbsp;Bourgogne&nbsp;? \u00c7a fait [&hellip;]<\/p>\n","protected":false},"author":40,"featured_media":7068,"comment_status":"open","ping_status":"open","sticky":false,"template":"","format":"standard","meta":[],"categories":[153,150,149],"tags":[160],"yoast_head":"<!-- This site is optimized with the Yoast SEO plugin v14.9 - https:\/\/yoast.com\/wordpress\/plugins\/seo\/ -->\n<title>Itin\u00e9rance \u00e0 v\u00e9lo en famille en Bourgogne - Les Petits Baroudeurs<\/title>\n<meta name=\"robots\" content=\"index, follow, max-snippet:-1, max-image-preview:large, max-video-preview:-1\" \/>\n<link rel=\"canonical\" href=\"https:\/\/www.lespetitsbaroudeurs.com\/blog\/itinerance-a-velo-en-famille-en-bourgogne\/\" \/>\n<meta property=\"og:locale\" content=\"fr_FR\" \/>\n<meta property=\"og:type\" content=\"article\" \/>\n<meta property=\"og:title\" content=\"Itin\u00e9rance \u00e0 v\u00e9lo en famille en Bourgogne - Les Petits Baroudeurs\" \/>\n<meta property=\"og:description\" content=\"Christelle et Pierre sont des habitu\u00e9s de notre programme Ambassadeur et ont d\u00e9j\u00e0 plusieurs r\u00e9cits \u00e0 leur actif dont celui du Tour des Bauges \u00e0 v\u00e9lo qui les avait enchant\u00e9s. C&rsquo;est d&rsquo;ailleurs forts de cette premi\u00e8re exp\u00e9rience \u00e0 v\u00e9lo qu&rsquo;ils ont d\u00e9cid\u00e9 de remettre \u00e7a, cette fois-ci direction la Bourgogne ! Pourquoi partir&nbsp;faire&nbsp;du&nbsp;v\u00e9lo&nbsp;en&nbsp;famille&nbsp;en&nbsp;Bourgogne&nbsp;? \u00c7a fait [&hellip;]\" \/>\n<meta property=\"og:url\" content=\"https:\/\/www.lespetitsbaroudeurs.com\/blog\/itinerance-a-velo-en-famille-en-bourgogne\/\" \/>\n<meta property=\"og:site_name\" content=\"Les Petits Baroudeurs\" \/>\n<meta property=\"article:publisher\" content=\"https:\/\/www.facebook.com\/lespetitsbaroudeurs\/\" \/>\n<meta property=\"article:published_time\" content=\"2019-01-15T10:25:34+00:00\" \/>\n<meta property=\"article:modified_time\" content=\"2021-07-27T11:17:36+00:00\" \/>\n<meta property=\"og:image\" content=\"https:\/\/www.lespetitsbaroudeurs.com\/blog\/wp-content\/uploads\/2019\/01\/BOURGOGNE-VELO.png\" \/>\n\t<meta property=\"og:image:width\" content=\"1136\" \/>\n\t<meta property=\"og:image:height\" content=\"530\" \/>\n<meta name=\"twitter:card\" content=\"summary_large_image\" \/>\n<script type=\"application\/ld+json\" class=\"yoast-schema-graph\">{\"@context\":\"https:\/\/schema.org\",\"@graph\":[{\"@type\":\"WebSite\",\"@id\":\"https:\/\/www.lespetitsbaroudeurs.com\/blog\/#website\",\"url\":\"https:\/\/www.lespetitsbaroudeurs.com\/blog\/\",\"name\":\"Les Petits Baroudeurs\",\"description\":\"Le Blog de l&#039;aventure en famille !\",\"potentialAction\":[{\"@type\":\"SearchAction\",\"target\":\"https:\/\/www.lespetitsbaroudeurs.com\/blog\/?s={search_term_string}\",\"query-input\":\"required name=search_term_string\"}],\"inLanguage\":\"fr-FR\"},{\"@type\":\"ImageObject\",\"@id\":\"https:\/\/www.lespetitsbaroudeurs.com\/blog\/itinerance-a-velo-en-famille-en-bourgogne\/#primaryimage\",\"inLanguage\":\"fr-FR\",\"url\":\"https:\/\/www.lespetitsbaroudeurs.com\/blog\/wp-content\/uploads\/2019\/01\/BOURGOGNE-VELO.png\",\"width\":1136,\"height\":530,\"caption\":\"BOURGOGNE V\\u00c9LO\"},{\"@type\":\"WebPage\",\"@id\":\"https:\/\/www.lespetitsbaroudeurs.com\/blog\/itinerance-a-velo-en-famille-en-bourgogne\/#webpage\",\"url\":\"https:\/\/www.lespetitsbaroudeurs.com\/blog\/itinerance-a-velo-en-famille-en-bourgogne\/\",\"name\":\"Itin\\u00e9rance \\u00e0 v\\u00e9lo en famille en Bourgogne - Les Petits Baroudeurs\",\"isPartOf\":{\"@id\":\"https:\/\/www.lespetitsbaroudeurs.com\/blog\/#website\"},\"primaryImageOfPage\":{\"@id\":\"https:\/\/www.lespetitsbaroudeurs.com\/blog\/itinerance-a-velo-en-famille-en-bourgogne\/#primaryimage\"},\"author\":{\"@id\":\"https:\/\/www.lespetitsbaroudeurs.com\/blog\/#\/schema\/person\/d2665b7a9c339c9c753798d790892b06\"},\"inLanguage\":\"fr-FR\",\"potentialAction\":[{\"@type\":\"ReadAction\",\"target\":[\"https:\/\/www.lespetitsbaroudeurs.com\/blog\/itinerance-a-velo-en-famille-en-bourgogne\/\"]}]},{\"@type\":\"Person\",\"@id\":\"https:\/\/www.lespetitsbaroudeurs.com\/blog\/#\/schema\/person\/d2665b7a9c339c9c753798d790892b06\",\"name\":\"La famille de Christelle et Pierre\",\"image\":{\"@type\":\"ImageObject\",\"@id\":\"https:\/\/www.lespetitsbaroudeurs.com\/blog\/#personlogo\",\"inLanguage\":\"fr-FR\",\"url\":\"https:\/\/secure.gravatar.com\/avatar\/feb75ae967d3be93770a9c605ac88dbc?s=96&d=mm&r=g\",\"caption\":\"La famille de Christelle et Pierre\"},\"description\":\"A deux on a aim\\u00e9 se balader sur les chemin du monde, en bus, en tuk-tuk et surtout \\u00e0 pied, pour quelques jours ou quelques mois. Puis \\u00e0 trois, avec l\\u2019arriv\\u00e9e de notre fille on a d\\u00e9couvert les escapades \\u00e0 v\\u00e9lo et chaque sortie est une aventure. Et \\u00e0 quatre, avec notre fils venu compl\\u00e9ter la famille on continue les micro-exp\\u00e9ditions de toutes sortes. Parents et enfants, on se ressource dehors, et quel que soit le temps, on est toujours partant pour une petite balade, surtout si elle se finit par un bon picnic!\"}]}<\/script>\n<!-- \/ Yoast SEO plugin. -->","_links":{"self":[{"href":"https:\/\/www.lespetitsbaroudeurs.com\/blog\/wp-json\/wp\/v2\/posts\/3460"}],"collection":[{"href":"https:\/\/www.lespetitsbaroudeurs.com\/blog\/wp-json\/wp\/v2\/posts"}],"about":[{"href":"https:\/\/www.lespetitsbaroudeurs.com\/blog\/wp-json\/wp\/v2\/types\/post"}],"author":[{"embeddable":true,"href":"https:\/\/www.lespetitsbaroudeurs.com\/blog\/wp-json\/wp\/v2\/users\/40"}],"replies":[{"embeddable":true,"href":"https:\/\/www.lespetitsbaroudeurs.com\/blog\/wp-json\/wp\/v2\/comments?post=3460"}],"version-history":[{"count":10,"href":"https:\/\/www.lespetitsbaroudeurs.com\/blog\/wp-json\/wp\/v2\/posts\/3460\/revisions"}],"predecessor-version":[{"id":7097,"href":"https:\/\/www.lespetitsbaroudeurs.com\/blog\/wp-json\/wp\/v2\/posts\/3460\/revisions\/7097"}],"wp:featuredmedia":[{"embeddable":true,"href":"https:\/\/www.lespetitsbaroudeurs.com\/blog\/wp-json\/wp\/v2\/media\/7068"}],"wp:attachment":[{"href":"https:\/\/www.lespetitsbaroudeurs.com\/blog\/wp-json\/wp\/v2\/media?parent=3460"}],"wp:term":[{"taxonomy":"category","embeddable":true,"href":"https:\/\/www.lespetitsbaroudeurs.com\/blog\/wp-json\/wp\/v2\/categories?post=3460"},{"taxonomy":"post_tag","embeddable":true,"href":"https:\/\/www.lespetitsbaroudeurs.com\/blog\/wp-json\/wp\/v2\/tags?post=3460"}],"curies":[{"name":"wp","href":"https:\/\/api.w.org\/{rel}","templated":true}]}}