{"id":3605,"date":"2019-03-01T14:00:15","date_gmt":"2019-03-01T14:00:15","guid":{"rendered":"https:\/\/www.lespetitsbaroudeurs.com\/blog\/open-91\/"},"modified":"2020-07-27T10:01:29","modified_gmt":"2020-07-27T10:01:29","slug":"trois-generations-en-cyclo-rando-itinerante-la-velodyssee-dychoux-a-bayonne","status":"publish","type":"post","link":"https:\/\/www.lespetitsbaroudeurs.com\/blog\/trois-generations-en-cyclo-rando-itinerante-la-velodyssee-dychoux-a-bayonne\/","title":{"rendered":"La V\u00e9lodyss\u00e9e d&rsquo;Ychoux \u00e0 Bayonne : trois g\u00e9n\u00e9rations en cyclo-rando itin\u00e9rante"},"content":{"rendered":"\n<p><em>Anne-Sophie et sa famille ont rejoint l&rsquo;aventure des ambassadeurs au d\u00e9but de l&rsquo;ann\u00e9e 2019. <\/em><br><em>Le premier article que cette maman de trois petits baroudeurs (2 \u00e0 l&rsquo;\u00e9poque de l&rsquo;article) nous a envoy\u00e9 est un bon souvenir de vacances \u00e0 v\u00e9lo en tribu et avec papi et mamie. <\/em><br><em>Une chouette petite troupe pour 180 km d&rsquo;itin\u00e9rance durant une semaine, le long de l&rsquo;Atlantique.<\/em><\/p>\n\n\n\n<p>Cette ann\u00e9e-l\u00e0, ce furent des vacances familiales, et l&rsquo;occasion de faire essayer la <strong>cyclo-randonn\u00e9e<\/strong> aux <strong>parents de S\u00e9bastien <\/strong><em>(le papa)<\/em>.<br>Nous sommes donc partis <strong>\u00e0 3 g\u00e9n\u00e9rations<\/strong> : Agn\u00e8s &amp; Jacques (<strong>les grands-parents<\/strong>), Anne-Sophie &amp; S\u00e9bastien (<strong>les parents<\/strong>), Baptiste (<strong>4 ans<\/strong>) et Apolline (<strong>2 ans<\/strong>) (<strong>les enfants<\/strong>).<br><strong>L&rsquo;objectif<\/strong> : rejoindre <strong>Bayonne depuis le sud du Bassin d&rsquo;Arcachon<\/strong> en suivant la <strong>V\u00e9lodyss\u00e9e<\/strong>, en <strong>une semaine<\/strong> <br>La <strong>contrainte<\/strong> : comme l&rsquo;itin\u00e9raire ne fait pas une boucle, il fallait trouver une <strong>gare au d\u00e9part et \u00e0 l&rsquo;arriv\u00e9e <\/strong>pour r\u00e9cup\u00e9rer les <strong>voitures<\/strong>. Nous avons donc laiss\u00e9 les voitures pour une semaine sur le <strong>parking de la gare de Ychoux<\/strong>.<\/p>\n\n\n\n<figure class=\"wp-block-image\"><img src=\"https:\/\/www.lespetitsbaroudeurs.com\/blog\/wp-content\/uploads\/2019\/03\/velodyssee-sud-famille-jour-1-portrait.jpg\" alt=\"la famille en road trip sur la v\u00e9lodyss\u00e9e\" class=\"wp-image-2927\"\/><\/figure>\n\n\n\n<h2>Le programme de notre odyss\u00e9e \u00e0 bicyclette<\/h2>\n\n\n\n<ul><li><strong>Jour 1<\/strong> : Ychoux &gt; Parentis-en-Born (<strong>16 km<\/strong> \u2013 1h20 de p\u00e9dalage)<\/li><li><strong> Jour 2<\/strong> : Parentis-en-Born &gt; Mimizan le Lac (<strong>30 km<\/strong> \u2013 2h15 de p\u00e9dalage)<\/li><li> <strong>Jour 3<\/strong> : Mimizan le Lac \/ Lit-et-Mixe (<strong>29,5 km<\/strong> \u2013 2h30 de p\u00e9dalage)<\/li><li> <strong>Jour 4<\/strong> : Lit-et-Mixe \/ L\u00e9on (<strong>29 km<\/strong> \u2013 3h de p\u00e9dalage)<\/li><li><strong> Jour 5<\/strong> : L\u00e9on (<strong>15 km<\/strong> \u2013 1h30 de p\u00e9dalage)<\/li><li> <strong>Jour 6<\/strong> : L\u00e9on \/ Seignosse-Oc\u00e9an (<strong>30 km<\/strong> \u2013 2h45 de p\u00e9dalage)<\/li><li> <strong>Jour 7<\/strong> : Seignosse-Oc\u00e9an \/ Ondres (<strong>28 km<\/strong> \u2013 2h30 de p\u00e9dalage)<\/li><li> <strong>Jour 8<\/strong> : Bayonne (<strong>4 km<\/strong> \u2013 15 min de p\u00e9dalage)<\/li><\/ul>\n\n\n\n<h2>Jour 1 : Ychoux &gt; Parentis-en-Born<\/h2>\n\n\n\n<p>D\u00e9part \u00e0 9h45 de Jonqui\u00e8res, direction Ychoux.<br>Nous partons sous une pluie battante et un ciel tr\u00e8s mena\u00e7ant. <br>Nous arrivons finalement \u00e0 la <strong>gare SNCF d\u2019Ychoux<\/strong> \u00e0 14h.<br>Apr\u00e8s un <strong>pique-nique<\/strong> bien m\u00e9rit\u00e9, c\u2019est l\u2019heure du grand d\u00e9ballage. Heureusement, on s\u2019<strong>\u00e9tait entra\u00een\u00e9s la veille<\/strong> et nous sommes plut\u00f4t efficaces.<br>Tous les <strong>v\u00e9los<\/strong> sont charg\u00e9s et pr\u00eats \u00e0 d\u00e9marrer. <br>Les <strong>premiers coups de p\u00e9dales<\/strong> sont donn\u00e9s sous un grand soleil mais avec un peu de vent. <br>Tr\u00e8s rapidement nous rejoignons une <strong>piste cyclable<\/strong> que nous suivrons jusqu\u2019\u00e0 <strong>Parentis-en-Born<\/strong>, notre destination du jour.<\/p>\n\n\n\n<figure class=\"wp-block-image\"><img src=\"https:\/\/www.lespetitsbaroudeurs.com\/blog\/wp-content\/uploads\/2019\/03\/velodyssee-sud-famille-jour-1-voie-verte.jpg\" alt=\"piste cyclable parent avec remorque et enfant\" class=\"wp-image-2928\"\/><\/figure>\n\n\n\n<p>\nLa piste est tr\u00e8s agr\u00e9able, et malgr\u00e9 le <strong>vent de face<\/strong>, nous avan\u00e7ons bien. Baptiste fera m\u00eame <strong>quelques kilom\u00e8tres seul<\/strong>, pour son plus grand plaisir. <br>Apr\u00e8s un peu <strong>moins de 2h<\/strong>, nous arrivons donc \u00e0 <strong>Parentis<\/strong>.<br>Le <strong>camping Cal\u00e8de<\/strong> est un peu excentr\u00e9, il reste donc encore quelques kilom\u00e8tres \u00e0 effectuer, dont une paire sur une <strong>piste sablonneuse<\/strong> o\u00f9 nous sommes bien secou\u00e9s et manquons \u00e0 tous moments d\u2019\u00eatre \u00e9ject\u00e9s sur le c\u00f4t\u00e9. <\/p>\n\n\n\n<figure class=\"wp-block-image\"><img src=\"https:\/\/www.lespetitsbaroudeurs.com\/blog\/wp-content\/uploads\/2019\/03\/velodyssee-sud-famille-jour-1-plage.jpg\" alt=\"baignade dans le lac de Parentis en Born\" class=\"wp-image-2929\"\/><\/figure>\n\n\n\n<p>Finalement, nous arrivons \u00e0 bon port, dans un <strong>camping tr\u00e8s agr\u00e9able<\/strong>. L\u2019<strong>emplacement<\/strong> est <strong>grand<\/strong>, bien <strong>d\u00e9limit\u00e9<\/strong> et bien <strong>ombrag\u00e9<\/strong>.<br>Une fois la <strong>tente <\/strong>mont\u00e9e, les affaires rang\u00e9es (il nous faudra <strong>quelques jours pour nous r\u00f4der<\/strong> et gagner du temps), nous filons <strong>au bord du lac<\/strong> pour profiter d\u2019une belle fin de journ\u00e9e ensoleill\u00e9e. <br>Les enfants s\u2019en donnent \u00e0 c\u0153ur joie. <br>Nous encha\u00eenons avec les <strong>douches<\/strong>, le <strong>repas<\/strong> (mmmmh les p\u00e2tes \u00e0 la tomate !) et le <strong>coucher<\/strong> \u2026\n\n<\/p>\n\n\n\n<h2>Jour 2 : Parentis-en-Born &gt; Mimizan le Lac<\/h2>\n\n\n\n<p>Dans la nuit, nous avons essuy\u00e9 une belle <strong>averse<\/strong>, qui nous a permis de <strong>valider le mat\u00e9riel<\/strong>.<br>Mais au matin, nous nous sommes lev\u00e9s avec le soleil.<br>La nuit fut bonne pour tous, except\u00e9e pour Apolline qui a \u00e9t\u00e9 bien agit\u00e9e et qui s\u2019est lev\u00e9e chaude et grincheuse.<br>Nous sommes d\u2019une efficacit\u00e9 remarquable pour encha\u00eener l\u2019<strong>habillage<\/strong>, le <strong>petit d\u00e9jeuner<\/strong>, le <strong>rangement<\/strong> et le \u00ab <strong>pliage<\/strong> \u00bb <strong>de la tente<\/strong> <em>(\u00e9tant donn\u00e9 qu\u2019elle \u00e9tait bien mouill\u00e9e, nous l\u2019avons rang\u00e9e dans diff\u00e9rents sacs poubelle, pos\u00e9s en \u00e9quilibre sur mon v\u00e9lo)<\/em>.<\/p>\n\n\n\n<p>\nLe d\u00e9part est donn\u00e9 \u00e0 10h04 ! Nous suivons une <strong>piste cyclable<\/strong> qui <strong>longe la route<\/strong> jusqu\u2019\u00e0 <strong>Gastes<\/strong> o\u00f9 nous faisons une petite <strong>pause ravitaillement<\/strong> (et Doliprane pour Apolline qui est bouillante). <br>Puis nous serpentons <strong>\u00e0 travers les for\u00eats de pins<\/strong> jusqu\u2019\u00e0 <strong>Sainte-Eulalie en Born<\/strong>. <br>Baptiste p\u00e9dalera pr\u00e8s de <strong>5 km tout seul<\/strong>, \u00e0 10km\/h !<\/p>\n\n\n\n<figure class=\"wp-block-image\"><img src=\"https:\/\/www.lespetitsbaroudeurs.com\/blog\/wp-content\/uploads\/2019\/03\/velodyssee-sud-famille-jour-2-voie-verte.jpg\" alt=\"la famille sur la voie verte en direction de mimizan\" class=\"wp-image-2930\"\/><\/figure>\n\n\n\n<p>A Sainte-Eulalie, nous nous arr\u00eatons dans un <strong>parc<\/strong> pour <strong>d\u00e9jeuner<\/strong>. <br>Les <strong>enfants<\/strong> peuvent se d\u00e9fouler au <strong>toboggan <\/strong>et <strong>balan\u00e7oires<\/strong>. <br>Au <strong>menu<\/strong> : p\u00e2t\u00e9, sandwich, tomates, taboul\u00e9 et p\u00eaches plates. <br>A 13h45, on repart, les deux enfants dans la <strong>carriole<\/strong>. <br>Nous mettons alors le turbo (involontairement !) et avalons les <strong>10 derniers km en \u00bd heure<\/strong> ! (Agn\u00e8s tirera un peu la langue sur la fin d\u2019ailleurs). <\/p>\n\n\n\n<p>Nous arrivons donc au <strong>camping municipal de Mimizan le Lac<\/strong> (aux \u00be vide !). <br>Nous nous installons tranquillement sur un <strong>emplacement bien ombrag\u00e9<\/strong> et filons au <strong>lac<\/strong>, pr\u00eats \u00e0 se jeter \u00e0 l\u2019eau\u2026 Un grand panneau \u00ab Baignade interdite \u00bb viendra rapidement stopper notre enthousiasme. <br>Finalement, nous nous <strong>baladerons sur un chemin fleuri<\/strong>, bord\u00e9 de <strong>magnifiques plantes<\/strong>. <br>Nous atteindrons des <strong>jeux <\/strong>et reviendrons par le m\u00eame <strong>chemin en fleurs<\/strong>. Au retour, <strong>douches <\/strong>et <strong>petits jeux <\/strong>dans la <strong>tente <\/strong>(avec <strong>repos<\/strong>) nous feront patienter jusqu\u2019\u00e0 l\u2019heure du <strong>d\u00eener<\/strong>. <\/p>\n\n\n\n<figure class=\"wp-block-image\"><img src=\"https:\/\/www.lespetitsbaroudeurs.com\/blog\/wp-content\/uploads\/2019\/03\/velodyssee-sud-famille-jour-2-enfants.jpg\" alt=\"jeu pour les enfants au camping\" class=\"wp-image-2931\"\/><\/figure>\n\n\n\n<p>Etant un <strong>dimanche<\/strong>, et <strong>sans sup\u00e9rette <\/strong>sur place, nous nous rabattrons sur le <strong>snack du camping <\/strong>o\u00f9 nous assisterons \u00e0 la d\u00e9faite des bleus en hand, en finale des JO de Rio (contre le Danemark). <br>Nous enfournons salades, moules frites et autres pizza et filons nous coucher.\n\n<\/p>\n\n\n\n<h2>Jour 3 : Mimizan le Lac &gt; Lit-et-Mixe<\/h2>\n\n\n\n<p>R\u00e9veil \u00e0 8h pour tout le monde, apr\u00e8s une <strong>belle nuit<\/strong>\u2026 sauf pour moi qui ai subit les assauts incessants de Baptiste une bonne partie de la nuit (il devait revivre son p\u00e9dalage !) jusqu\u2019\u00e0 le changer de place !<br>Nous maintenons le rythme et <strong>d\u00e9collons \u00e0 10h10<\/strong>.<\/p>\n\n\n\n<p>\nNous nous dirigeons vers <strong>Mimizan Plage<\/strong>, le long d\u2019une <strong>belle piste cyclable<\/strong>. Le ciel est d\u2019un bleu \u00e9clatant et le soleil chauffe d\u00e9j\u00e0. <br>A <strong>Mimizan Plage<\/strong>, petit <strong>arr\u00eat <\/strong>pour faire quelques <strong>courses <\/strong>et faire notre <strong>pause go\u00fbter<\/strong>. Puis \u00e0 travers les <strong>for\u00eats de pins<\/strong>, nous filons en direction de la <strong>plage de Lesp\u00e9cier<\/strong>. <\/p>\n\n\n\n<p>La <strong>piste descend <\/strong>tout du long et nous permet de profiter des <strong>senteurs bois\u00e9es<\/strong>. <br>Nous arrivons vers <strong>12h30<\/strong>, <strong>garons les v\u00e9los <\/strong>et gravissons <strong>\u00e0 pied <\/strong>les quelques m\u00e8tres qui nous s\u00e9parent de l\u2019<strong>oc\u00e9an<\/strong>. La <strong>vue <\/strong>est <strong>splendide <\/strong>et nous improvisons un <strong>pique<\/strong>&#8211;<strong>nique <\/strong>dans le <strong>sable<\/strong>. <br>La <strong>chaleur <\/strong>est \u00e9crasante et rapidement nous nous dirigeons vers le <strong>bord de l\u2019eau<\/strong> pour profiter de l\u2019<strong>air marin<\/strong>. <strong>Les enfants appr\u00e9cient<\/strong> pleinement et nous y restons jusqu\u2019\u00e0 15h. <\/p>\n\n\n\n<figure class=\"wp-block-image\"><img src=\"https:\/\/www.lespetitsbaroudeurs.com\/blog\/wp-content\/uploads\/2019\/03\/velodyssee-sud-famille-jour-3-ocean.jpg\" alt=\"l'oc\u00e9an en famille \u00e0 la plage de Lesp\u00e9cier\" class=\"wp-image-2933\"\/><\/figure>\n\n\n\n<p>Baptiste se glisse dans la <strong>remorque <\/strong>et nous reprenons la route jusqu\u2019\u00e0 <strong>Contis-les-Bains<\/strong>. <br>La <strong>chaleur <\/strong>est pesante, nous n\u2019avons <strong>plus d\u2019eau<\/strong>, mais surtout\u2026 nous sommes confront\u00e9s \u00e0 <strong>nos premi\u00e8res \u00ab vraies \u00bb mont\u00e9es<\/strong>. <br>Et l\u00e0, plus personne ne fait le malin \u2026 <br>Nous sentons passer les <strong>9 km<\/strong> et arrivons en tirant la langue. <br>Un dernier effort et nous nous posons dans un <strong>glacier <\/strong>pour <strong>souffler <\/strong>un peu et nous <strong>r\u00e9hydrater<\/strong>. <\/p>\n\n\n\n<figure class=\"wp-block-image\"><img src=\"https:\/\/www.lespetitsbaroudeurs.com\/blog\/wp-content\/uploads\/2019\/03\/velodyssee-sud-famille-jour-3-voie-verte.jpg\" alt=\"sur la voir verte en mont\u00e9e on est oblig\u00e9s de poser pied \u00e0 terre\" class=\"wp-image-2935\"\/><\/figure>\n\n\n\n<p>Apr\u00e8s 2-3 <strong>courses<\/strong>, nous repartons pour un <strong>dernier effort <\/strong>pour atteindre le <strong>camping Le Tuc \u00e0 Lit-et-Mixe<\/strong>. <br>Mais <strong>quel effort<\/strong> ! Il nous faut affronter <strong>plusieurs mont\u00e9es<\/strong> o\u00f9 nous devrons m\u00eame<strong> poser le pied \u00e0 terre<\/strong>. <br>Les <strong>2,5 km<\/strong> nous semblent <strong>interminables <\/strong>\u2026 <br>Finalement, nous arrivons au <strong>camping <\/strong>qui revendique son <strong>c\u00f4t\u00e9 nature &amp; campagne<\/strong> ce qui nous convient parfaitement. <br>Nous sommes sur l\u2019<strong>espace d\u00e9di\u00e9 aux cyclotouristes <\/strong>et sommes les seuls \u00e0 en profiter. <br>Nous plantons donc la <strong>tente <\/strong>au bout du camping, <strong>entre les champs de chevaux, au calme<\/strong>. <br>Grand luxe : nous b\u00e9n\u00e9ficions m\u00eame d\u2019une <strong>table <\/strong>et de <strong>bancs <\/strong>!<\/p>\n\n\n\n<figure class=\"wp-block-image\"><img src=\"https:\/\/www.lespetitsbaroudeurs.com\/blog\/wp-content\/uploads\/2019\/03\/velodyssee-sud-famille-jour-3-pique-nique.jpg\" alt=\"au camping autour de la table de pique-nique\" class=\"wp-image-2934\"\/><\/figure>\n\n\n\n<p>Les corps sont <strong>fatigu\u00e9s <\/strong>mais <strong>heureux <\/strong>: on aura pass\u00e9 une <strong>belle journ\u00e9e<\/strong>. On appr\u00e9cie la <strong>douche <\/strong>(et Apolline profitera m\u00eame d\u2019une <strong>petite baignoire<\/strong>) puis on s\u2019attable autour d\u2019une <strong>copieuse salade de riz <\/strong>(que nous mangerons en shorts et t-shirts).<br>Vient alors l\u2019heure du <strong>coucher des enfants <\/strong>et de la <strong>veill\u00e9e <\/strong>\u00ab <strong>tisane et bilan de la journ\u00e9e<\/strong> \u00bb pour les <strong>adultes <\/strong>\u2026\n\n<\/p>\n\n\n\n<h2>Jour 4 : Lit-et-Mixe &gt; L\u00e9on<\/h2>\n\n\n\n<p>Ce matin : <strong>grasse mat\u2019<\/strong> ! <br>On commence \u00e0 bouger \u00e0 <strong>8h45<\/strong>. <br>La <strong>nuit <\/strong>fut <strong>calme <\/strong>(sauf pour S\u00e9b qui a eu un petit coup de chaud dans la nuit mais sans suite). <br>Nous d\u00e9collerons finalement \u00e0 <strong>10h30<\/strong>. <\/p>\n\n\n\n<p>Nous nous armons de courage \u00e0 l\u2019id\u00e9e de devoir affronter les <strong>2 belles mont\u00e9es<\/strong> qui nous s\u00e9parent de <strong>Contis-les-Bains<\/strong>.<br>Le courage ne suffira pas et les \u00ab non-\u00e9lectris\u00e9s \u00bb finiront par <strong>poser le pied \u00e0 terre<\/strong>. <\/p>\n\n\n\n<figure class=\"wp-block-image\"><img src=\"https:\/\/www.lespetitsbaroudeurs.com\/blog\/wp-content\/uploads\/2019\/03\/velodyssee-sud-famille-jour-4-portrait.jpg\" alt=\"portrait maman et l'enfant sur le v\u00e9lo dans le si\u00e8ge b\u00e9b\u00e9 sur la voie verte\" class=\"wp-image-2937\"\/><\/figure>\n\n\n\n<p>Nous rejoignons la <strong>piste cyclable <\/strong>que nous avions quitt\u00e9e la veille. <br>La <strong>chaleur <\/strong>est d\u00e9j\u00e0 bien pr\u00e9sente\u2026<br>Nous circulons \u00e0 nouveau <strong>\u00e0 travers les pins <\/strong>et avan\u00e7ons \u00e0 <strong>bonne allure<\/strong>. Les <strong>mont\u00e9es <\/strong>et les <strong>descentes <\/strong>s\u2019encha\u00eenent mais le plus difficile restent les <strong>passages en plein soleil<\/strong> o\u00f9 nous ressentons ais\u00e9ment les <strong>36\u00b0C<\/strong> annonc\u00e9s par notre h\u00f4te la veille. <br><strong>Baptiste parcourt seul 7,5 km<\/strong> (il <strong>progresse<\/strong> de jour en jour) et <strong>g\u00e8re seul les mont\u00e9es<\/strong> sans mettre le pied au sol. <\/p>\n\n\n\n<p>A <strong>12h45<\/strong> nous faisons notre <strong>halte <\/strong>\u00e0 <strong>Saint Girons Plage<\/strong>.<br>\u00c9cras\u00e9s par la <strong>chaleur <\/strong>nous n\u2019irons m\u00eame pas sur le sable mais <strong>mangerons <\/strong>nos <strong>sandwichs <\/strong>\u00e0 l\u2019<strong>ombre <\/strong>d\u2019un b\u00e2timent. <\/p>\n\n\n\n<p>La d\u00e9cision est prise : nous continuerons <strong>jusqu\u2019au camping<\/strong> pour se <strong>reposer sur place <\/strong>(le fait de savoir qu\u2019une piscine nous y attend aide peut-\u00eatre !). Les enfants s\u2019installent donc <strong>dans la carriole <\/strong>pour leur <strong>courte sieste <\/strong>quotidienne et nous voil\u00e0 repartis. <br>La piste <strong>continue entre les pins <\/strong>et nous soumet <strong>deux belles c\u00f4tes <\/strong>quelques km avant d\u2019arriver. <br>Finalement, nous d\u00e9bouchons sans crier gare sur le <strong>camping Colvert de L\u00e9on<\/strong> (4* svp !). <\/p>\n\n\n\n<p>Notre <strong>emplacement <\/strong>est <strong>parfait <\/strong>: ultra <strong>ombrag\u00e9<\/strong>, <strong>\u00e0 l\u2019\u00e9cart des nuisances<\/strong> et juste \u00e0 c\u00f4t\u00e9 d\u2019un <strong>point d\u2019eau<\/strong> et d\u2019une table. <br>Il faut dire que le <strong>camping <\/strong>est <strong>immense <\/strong>et m\u00eame si beaucoup d\u2019emplacements sont vides, il y a \u00e9norm\u00e9ment de monde.<br>On en fera le \u00ab triste \u00bb constat \u00e0 la <strong>piscine<\/strong>, <strong>archi bond\u00e9e<\/strong>\u2026 <br>On est bien <strong>loin <\/strong>du <strong>calme <\/strong>et de la <strong>tranquillit\u00e9 <\/strong>de notre petit camping campagnard de la veille. <br>Mais <strong>les enfants sont ravis<\/strong> de pouvoir profiter des m\u00e9gas <strong>installations <\/strong>: <strong>pataugeoire <\/strong>ultra \u00e9quip\u00e9e pour Apolline et <strong>jeux gonflables <\/strong>version XXL pour Baptiste. <\/p>\n\n\n\n<p>A 19h, nous regagnons la <strong>tente<\/strong>, pr\u00e9parons le <strong>repas <\/strong>(melon et p\u00e2tes au surimi) et <strong>d\u00eenons<\/strong>. <br>Les <strong>enfants <\/strong>sont <strong>ext\u00e9nu\u00e9s <\/strong>et <strong>s\u2019endorment<\/strong> sans broncher (contrairement \u00e0 hier soir o\u00f9 ils ont discut\u00e9 un long moment d\u2019une chambre \u00e0 l\u2019autre). <br>Avant notre tisane, nous entendons le <strong>tonnerre<\/strong>. Signe d\u2019une <strong>nuit agit\u00e9e ?<\/strong> R\u00e9ponse demain dans la suite des aventures \u2026\n\n<\/p>\n\n\n\n<h2>Jour 5 : L\u00e9on (journ\u00e9e de repos !)<\/h2>\n\n\n\n<p>Verdict de la <strong>m\u00e9t\u00e9o de la nuit<\/strong> : pas une goutte, pas un orage.<br>Mais une <strong>chaleur \u00e9touffante <\/strong>: la plupart d\u2019entre nous a dormi <strong>sur les duvets<\/strong>, et j\u2019ai m\u00eame <strong>ouvert la tente<\/strong> dans la nuit pour <strong>faire rentrer de l\u2019air <\/strong>frais. <br>Nous nous r\u00e9veillons sous le m\u00eame ciel gris de la veille, peu encourageant. Mais cela n\u2019entache pas notre bonne humeur : aujourd\u2019hui est un<strong> jour \u00ab off \u00bb <\/strong>(comprenez \u00ab <strong>sans v\u00e9lo<\/strong> \u00bb) et nous comptons bien en profiter. <br><br>Au <strong>programme<\/strong> : ce matin balade en <strong>bateau <\/strong>sur le <strong>courant d\u2019Huchet<\/strong>. Le rende-vous sur place est \u00e0 <strong>9h45 <\/strong>pour un <strong>d\u00e9part <\/strong>\u00e0 <strong>10h<\/strong>. <br>La veille, S\u00e9b a regard\u00e9 le trajet et il nous annonce une <strong>dur\u00e9e <\/strong>de 23 minutes. On part \u00e0 9h15, on est laaaaaaaarge\u2026 <br>Mais\u2026 d\u00e8s la sortie du camping, on h\u00e9site : \u00e7a part mal ! On s\u2019engage dans un <strong>petit chemin \u00e9troit <\/strong>qui peu \u00e0 peu, se transforme en <strong>piste ensabl\u00e9e <\/strong>o\u00f9 nous voil\u00e0 oblig\u00e9s de <strong>pousser les v\u00e9los<\/strong>. <br>L\u2019horloge tourne, on commence \u00e0 maudire S\u00e9b, et finalement on se rabat sur la <strong>piste cyclable <\/strong>(celle qu\u2019on aurait d\u00fb prendre d\u00e8s le d\u00e9but, mais bon, je dis \u00e7a, je ne dis rien \u2026). <br>On met le turbo est on atteint le lieu-dit \u00e0 9h58. <br>Ouf ! <\/p>\n\n\n\n<figure class=\"wp-block-image\"><img src=\"https:\/\/www.lespetitsbaroudeurs.com\/blog\/wp-content\/uploads\/2019\/03\/velodyssee-sud-famille-jour-5-courant-huchet-bateau.jpg\" alt=\"en bateau sur le courant d'huchet\" class=\"wp-image-2940\"\/><\/figure>\n\n\n\n<p>On embarque <strong>tous les 6<\/strong> sur une <strong>galupe<\/strong>, avec notre <strong>batelier <\/strong>attitr\u00e9 et c\u2019est parti pour <strong>deux heures de balade<\/strong>, d\u2019abord sur le <strong>lac<\/strong>, puis dans le <strong>courant d\u2019Huchet<\/strong>. <br>Nous passons 2 heures <strong>reposantes<\/strong>, <strong>calmes<\/strong>, rythm\u00e9es par le <strong>bruit <\/strong>des <strong>pagaies sur l\u2019eau<\/strong> et le <strong>chant des oiseaux <\/strong>au loin. <br>Nous nous enfon\u00e7ons dans une <strong>v\u00e9g\u00e9tation luxuriante<\/strong> et croisons de nombreux <strong>canards <\/strong>(des <strong>femelles et leurs petits <\/strong>qui ne sont pas partis faire la migration).<br>Le <strong>batelier <\/strong>fait office de <strong>guide <\/strong>et nous passons un agr\u00e9able moment.<\/p>\n\n\n\n<figure class=\"wp-block-image\"><img src=\"https:\/\/www.lespetitsbaroudeurs.com\/blog\/wp-content\/uploads\/2019\/03\/velodyssee-sud-famille-jour-5-courant-huchet.jpg\" alt=\"portrait de la famille dans le bateau sur le courant d'huchet avec le batelier\" class=\"wp-image-2941\"\/><\/figure>\n\n\n\n<p><strong>Au retour<\/strong>, nous n\u2019h\u00e9sitons pas longtemps et empruntons la <strong>piste cyclable <\/strong>pour revenir au <strong>camping<\/strong>.<br>Au passage on s\u2019arr\u00eate acheter un poulet r\u00f4ti pour \u00e9viter un aller-retour suppl\u00e9mentaire \u00e0 v\u00e9lo <em>(il faut dire que le camping est grand, tout en longueur, et que m\u00eame pour aller \u00e0 la douche il faut s\u2019y rendre \u00e0 v\u00e9lo. De l\u2019emplacement \u00e0 la sortie, nous avons plus d\u20191 km de travers\u00e9e !)<\/em>. <br><br>Apr\u00e8s le <strong>repas<\/strong>, les enfants filent \u00e0 la <strong>sieste <\/strong>sous une <strong>chaleur <\/strong>\u00e9crasante (le batelier nous a expliqu\u00e9 que nous avons \u00e9t\u00e9 confront\u00e9s \u00e0 une <strong>brume matinale<\/strong>, qui s\u2019est vite estomp\u00e9e pour laisser place \u00e0 un soleil de plomb). Pendant ce temps, c\u2019est la grosse <strong>lessive<\/strong>, puis <strong>repos <\/strong>\u00e0 l\u2019ombre des arbres. <br><br>Au r\u00e9veil, Apolline fait connaissance avec la <strong>petite voisine<\/strong>, une jeune espagnole <strong>de son \u00e2ge<\/strong>. <br>Et l\u00e0, na\u00eet une <strong>v\u00e9ritable amiti\u00e9<\/strong>\u2026 ! Elle ne veut plus quitter \u00ab la fille \u00bb, \u00e0 tel point qu\u2019elle pr\u00e9f\u00e8re sacrifier la sortie \u00e0 la plage pour rester avec \u00ab la fille \u00bb. <br>Finalement, \u00e0 contrec\u0153ur, elle vient avec nous et nous filons au <strong>bord du lac <\/strong>pour profiter d\u2019une autre activit\u00e9 propos\u00e9e par le camping (ils ont pens\u00e9 \u00e0 tout !) : un <strong>toboggan <\/strong>et un <strong>pentagliss<\/strong>. <br>Les enfants se dirigent d\u2019abord vers un <strong>mini toboggan <\/strong>de 3 marches qui <strong>se jette dans le lac<\/strong> et Apolline s\u2019en donne \u00e0 c\u0153ur joie (elle encha\u00eene 48 descentes). <br>Puis ils s\u2019essaient au \u00ab <strong>grand <\/strong>\u00bb <strong>toboggan <\/strong>et appr\u00e9cient tout autant. <br>On finit la journ\u00e9e sur une autre <strong>aire de jeux <\/strong>(avec <strong>structures gonflables <\/strong>et<strong> jets d\u2019eaux<\/strong>). <br><br>Sur notre lanc\u00e9e, on encha\u00eene avec la <strong>douche<\/strong>, les <strong>courses <\/strong>puis on retrouve <strong>Papou &amp; Mamie<\/strong> \u00e0 la <strong>tente <\/strong>(qui ont pass\u00e9 une apr\u00e8s-midi au calme de leur c\u00f4t\u00e9). <br>On retrouve aussi \u00ab la fille \u00bb pour le plus grand bonheur d\u2019Apolline : elles se d\u00e9visagent, s\u2019imitent et <strong>rigolent ensemble<\/strong>. <br>Apr\u00e8s le <strong>repas<\/strong>, direction le bloc sanitaire o\u00f9 une petite fille montre Baptiste du doigt et dit : \u00ab Oh Maman, <strong>il est beau le gar\u00e7on l\u00e0<\/strong> ! \u00bb. <br>Bref, c\u2019est vraiment le camping de toutes les <strong>rencontres<\/strong> !<\/p>\n\n\n\n<p style=\"background-color:#66bebb\" class=\"has-text-color has-background has-very-light-gray-color\">\u27fc\u27fc\u27fc\u27fc\u27fc\u27fc\u27fc<br>Les Petits Baroudeurs, c&rsquo;est aussi une boutique, o\u00f9 nous testons avec nos enfants tous les produits que nous d\u00e9nichons avec amour et attention pour vous faciliter l&rsquo;aventure en famille !<br><a href=\"https:\/\/www.lespetitsbaroudeurs.com\/cyclo-equipement-velo-pour-toute-la-famille-92?utm_source=Blog&amp;utm_medium=Article&amp;utm_campaign=ambassadeur-leguevaques-velodyssee-sud\" target=\"_blank\" rel=\"noreferrer noopener\" aria-label=\" (opens in a new tab)\">\u27b3\u27b3\u27b3 Je vais voir&nbsp;la&nbsp;boutique<\/a><\/p>\n\n\n\n<h2>Jour 6 : L\u00e9on &gt; Seignosse-Oc\u00e9an<\/h2>\n\n\n\n<p>Ce matin, la brume nous accompagne \u00e0 notre <strong>r\u00e9veil<\/strong>, vers <strong>8h<\/strong>.<br>Mais on sait maintenant \u00e0 quoi s\u2019en tenir et que le soleil finira par pointer son nez \u2026 ce qu\u2019il finira par faire \u00e0 la fin de nos pr\u00e9paratifs. <br>Ce matin nous sommes <strong>pr\u00eats sur les v\u00e9los \u00e0<\/strong> <strong>9h36 <\/strong>: <strong>un record<\/strong> ! <br>Il faudra quand m\u00eame attendre un peu que Jacques s\u2019arr\u00eate au <strong>loueur de v\u00e9los<\/strong> pour demander une <strong>chambre \u00e0 air de rechange<\/strong>, au cas o\u00f9 \u2026 <em>(le c\u00f4t\u00e9 pratique de ces big campings c\u2019est qu\u2019on trouve un loueur de v\u00e9los au sein m\u00eame du camping !)<\/em>. <br><br>On repart sur la <strong>piste<\/strong> de la veille, en direction de <strong>L\u00e9on<\/strong>. Ce n\u2019est pas la plus belle qu\u2019on ait prise (<strong>parall\u00e8le \u00e0 la route<\/strong>) mais une fois \u00e0 L\u00e9on, on en rejoint une plus agr\u00e9able. <br>Mais aujourd\u2019hui, \u00e0 notre grande surprise, c\u2019est \u00ab\u00a0l\u2019autoroute\u00a0\u00bb ! Des gens partout sur la piste et dans les deux sens : des cyclistes bien s\u00fbr mais aussi des <strong>pi\u00e9tons<\/strong>, des <strong>rollers <\/strong>\u2026 <br>Nous qui avions souvent roul\u00e9 seuls les premiers jours, nous sommes peu habitu\u00e9s \u00e0 tant de monde. <br>A tel point qu\u2019on arr\u00eate de se pr\u00e9venir d\u00e8s qu\u2019il y a un v\u00e9lo devant ou derri\u00e8re. <br>On sent les <strong>enfants fatigu\u00e9s<\/strong> : Apolline demande rapidement \u00e0 \u00eatre mise dans la <strong>remorque<\/strong> et Baptiste demande plusieurs fois \u00e0 <strong>rouler seul<\/strong> mais rapidement il <strong>se rattache<\/strong> parce qu\u2019il a <strong>mal aux jambes<\/strong>. <br>On fait notre <strong>pause go\u00fbter <\/strong>dans un <strong>petit parc de Moliets-et-Ma\u00e2<\/strong>. <br>Les enfants se d\u00e9foulent sur les <strong>jeux <\/strong>et Baptiste et S\u00e9b entament m\u00eame un <strong>tour de piste au sprint<\/strong>.<\/p>\n\n\n\n<figure class=\"wp-block-image\"><img src=\"https:\/\/www.lespetitsbaroudeurs.com\/blog\/wp-content\/uploads\/2019\/03\/velodyssee-sud-famille-jour-6-course.jpg\" alt=\"\u00e0 vos marques, pr\u00eats, partez sur la piste du parc de Moliets et Ma\u00e2\" class=\"wp-image-2943\"\/><\/figure>\n\n\n\n<p>On repart sur \u00ab l\u2019autoroute \u00bb et on s\u2019arr\u00eate \u00e0 <strong>Vieux-Boucau-les-Bains<\/strong>.<br>C\u2019est une <strong>station tr\u00e8s touristique<\/strong> avec beaucoup de monde, et <strong>beaucoup de v\u00e9los<\/strong>. <br>On gare nos v\u00e9los dans une ruelle \u00e0 l\u2019ombre et on va faire un tour au <strong>march\u00e9<\/strong>.<br>On prend de quoi <strong>se sustenter pour le midi <\/strong>(olives, sandwichs et abricots) et on va manger sur des marches \u00e0 l\u2019ombre.<br>On va ensuite r\u00e9cup\u00e9rer les affaires pour <strong>se baigner<\/strong> et on se dirige vers l\u2019<strong>oc\u00e9an<\/strong>. <br><br>En chemin, on croise le <strong>petit train <\/strong>dont le d\u00e9part est pr\u00e9vu 5 min plus tard. Devant la demande insistante d\u2019Apolline (\u00ab moi veux tchoutchou moi \u00bb) on monte dedans et on embarque pour une <strong>balade de 20 min<\/strong>. <br>Le train nous d\u00e9pose \u00e0 la plage : il nous reste <strong>la dune \u00e0 grimper<\/strong> et \u00e0 nous <strong>l\u2019oc\u00e9an <\/strong>! <br><br>La <strong>zone de baignade surveill\u00e9e<\/strong> est tr\u00e8s <strong>limit\u00e9e <\/strong>(il faut rester entre les deux drapeaux bleus) et est bien s\u00fbr charg\u00e9e.<br>Il y a un <strong>peu de vent<\/strong> et donc des <strong>vagues <\/strong>(coefficient 63). <br>Apolline veut <strong>aller \u00e0 l\u2019eau<\/strong> et s\u2019\u00e9clate <strong>avec Mamie <\/strong>mais rapidement, elle a <strong>froid<\/strong>. <br>Baptiste quant \u00e0 lui pr\u00e9f\u00e8re rester <strong>au bord<\/strong> pour <strong>jouer <\/strong>avec le <strong>sable<\/strong>. <\/p>\n\n\n\n<figure class=\"wp-block-image\"><img src=\"https:\/\/www.lespetitsbaroudeurs.com\/blog\/wp-content\/uploads\/2019\/03\/velodyssee-sud-famille-jour-6-portrait.jpg\" alt=\"S\u00e9bastien et Apolline sur la plage de Vieux-Boucau-les-Bains\" class=\"wp-image-2944\"\/><\/figure>\n\n\n\n<p>Vers <strong>16h<\/strong>, on l\u00e8ve les voiles, au grand regret des enfants. Le retour jusqu\u2019aux v\u00e9los est un peu long puisqu\u2019il nous faudra <strong>marcher <\/strong>un bon quart d\u2019heure sous la <strong>chaleur<\/strong>.<br>Alors pour se remettre sur pieds, une <strong>petite glace<\/strong> avant de remonter sur les v\u00e9los pour atteindre notre <strong>destination du jour<\/strong> (<strong>16 km<\/strong> plus loin). <br>Sur cette <strong>portion<\/strong>, plus personne mais <strong>peu d\u2019ombre<\/strong>\u2026 Nous arrivons donc au <strong>camping des Chevreuils<\/strong>.<br>On nous propose un <strong>emplacement sp\u00e9cial v\u00e9lo<\/strong>, juste \u00e0 c\u00f4t\u00e9 de l\u2019entr\u00e9e, qui nous ira tr\u00e8s bien pour <strong>une seule nuit<\/strong> (surtout qu\u2019on est juste \u00e0 c\u00f4t\u00e9 de la <strong>piscine<\/strong>, des <strong>douches<\/strong>, du <strong>magasin<\/strong>, des <strong>jeux <\/strong>et du <strong>barbecue <\/strong>et sa <strong>table <\/strong>!). On monte la <strong>tente<\/strong>, posons les affaires en vrac et filons \u00e0 la <strong>piscine <\/strong>(on n\u00e9gocie avec Baptiste d\u2019aller aux<strong> jeux gonflables<\/strong> apr\u00e8s). <br><br><strong>Les enfants s\u2019\u00e9clatent<\/strong>, surtout dans la <strong>grande piscine chauff\u00e9e<\/strong>. <br>Bon, ils n\u2019ont toujours pas compris le principe de fermer la bouche et boivent une douzaine de tasses chacun !<br>On finit par sortir, pensant qu\u2019il \u00e9tait 18h. En fait, il est <strong>19h30 <\/strong>!<br>Les enfants sont <strong>claqu\u00e9s<\/strong> : certes Apolline a fait une <strong>petite sieste dans la remorque v\u00e9lo <\/strong>et Baptiste s\u2019est presque endormi sur son v\u00e9lo (comment \u00e7a c\u2019est dangereux ?!?), ce n\u2019est pas de sa faute, il a expliqu\u00e9 \u00e0 S\u00e9b : \u00ab j\u2019ai les yeux qui se ferment tout seul, et je n\u2019arrive pas \u00e0 les garder ouverts ! \u00bb.<br>On les habille et S\u00e9b les am\u00e8ne jouer pendant que je fais les <strong>courses <\/strong>et le <strong>repas <\/strong>mais c\u2019est la d\u00e9convenue : ils ont d\u00e9gonfl\u00e9 les jeux ! Il reste les <strong>toboggans <\/strong>et autres <strong>jeux fixes <\/strong>mais avec moins d\u2019int\u00e9r\u00eat que les <strong>jeux gonflables<\/strong>. <br><br>On mange puis zou, <strong>les petits loups au lit<\/strong> : ils \u00e9taient HS !<br>Et nous, ce soir, on troque notre tisane contre une <strong>coupe glac\u00e9e<\/strong> et un <strong>cocktail \u00e0 la Paillotte<\/strong> (le bar qui est \u00e0 deux pas de notre emplacement).<\/p>\n\n\n\n<h2>Jour 7 : Seignosse-Oc\u00e9an \/ Ondres<\/h2>\n\n\n\n<p>Ce matin, <strong>nouvelle grasse mat\u2019<\/strong> jusqu\u2019\u00e0 <strong>8h35<\/strong>.<br>Est-ce d\u00fb \u00e0 la <strong>nuit agit\u00e9e<\/strong> que nous avons pass\u00e9e ?!<br>Il faut dire qu\u2019il a fait excessivement <strong>chaud<\/strong>.<br>On a dormi <strong>sans les duvets<\/strong> et j\u2019ai m\u00eame mis Baptiste <strong>en slip<\/strong> dans la nuit tant il \u00e9tait <strong>agit\u00e9 <\/strong>et <strong>tremp\u00e9 <\/strong>de <strong>sueur<\/strong>.<br>L\u2019<strong>ouverture des \u00ab portes \u00bb<\/strong> n\u2019a pas suffi \u00e0 <strong>rafra\u00eechir <\/strong>l\u2019atmosph\u00e8re. <br>Mais malgr\u00e9 un r\u00e9veil tardif, on est fin <strong>pr\u00eats <\/strong>\u00e0 <strong>10h20<\/strong>. <br><br>Le <strong>d\u00e9part <\/strong>est donn\u00e9 et on file sur la <strong>piste<\/strong>.<br>On cherche un peu <strong>notre route<\/strong> \u00e0 <strong>Hossegor <\/strong>o\u00f9 on se retrouve au sein d\u2019une <strong>ville bien anim\u00e9e<\/strong> (pas \u00e9vident avec nos v\u00e9los \u00e0 g\u00e9rer tout ce monde).<br>On fera finalement un <strong>arr\u00eat <\/strong>dans un <strong>parc de jeux <\/strong>pour <strong>go\u00fbter <\/strong>(\u00e0 <strong>11h50<\/strong>, il \u00e9tait plus que temps).<br>On traverse plusieurs <strong>ponts au-dessus du canal<\/strong> et sans s\u2019en rendre compte, on passe \u00e0 <strong>Capbreton<\/strong>.<br>L\u00e0, on d\u00e9viera un peu de la piste pour <strong>longer le port<\/strong>.<\/p>\n\n\n\n<figure class=\"wp-block-image\"><img src=\"https:\/\/www.lespetitsbaroudeurs.com\/blog\/wp-content\/uploads\/2019\/03\/velodyssee-sud-famille-jour-7-port.jpg\" alt=\"le port de caprebreton\" class=\"wp-image-2945\"\/><\/figure>\n\n\n\n<p>On sort du milieu urbain (o\u00f9 l\u2019on verra <strong>un \u00e9cureuil <\/strong>traverser sous nos yeux) pour continuer <strong>\u00e0 travers les pins landais<\/strong>. Juste avant d\u2019arriver \u00e0 <strong>Labenne Oc\u00e9an<\/strong>, Jacques <strong>cr\u00e8ve<\/strong> (pneu avant cette fois !). <br>On s\u2019arr\u00eate donc pr\u00e9matur\u00e9ment pour <strong>manger<\/strong>, au moins on aura trouv\u00e9 un coin d\u2019<strong>ombre<\/strong>. <br>La <strong>r\u00e9paration faite <\/strong>et le repas aval\u00e9, on fait les <strong>quelques centaines de m\u00e8tres <\/strong>qui nous s\u00e9parent de l\u2019<strong>oc\u00e9an<\/strong>.<\/p>\n\n\n\n<p><\/p>\n\n\n\n<p>Encore une fois, <strong>beaucoup de monde au bord de l\u2019eau<\/strong>, mais moins dedans. <br>Il faut dire qu\u2019elle nous semble <strong>plus fra\u00eeche<\/strong> que la veille, et surtout avec des <strong>vagues plus hautes<\/strong> et plus fortes.<br><strong>Les enfants s\u2019en donnent \u00e0 c\u0153ur joie sur le sable<\/strong>, malgr\u00e9 une fatigue palpable pour Apolline qui <strong>chouine <\/strong>beaucoup. <br>On sent qu\u2019elle accuse le coup apr\u00e8s une <strong>semaine <\/strong>avec de <strong>courtes nuits <\/strong>et des <strong>siestes quasi-inexistantes<\/strong>.<br>Baptiste a suffisamment d\u2019\u00e9nergie pour remonter sur son v\u00e9lo au moment du d\u00e9part et faire une partie des <strong>5 km<\/strong> seul (au total il aura roul\u00e9 plus de<strong> 11 km<\/strong> <strong>seul aujourd\u2019hui<\/strong>, dont 8 d\u2019affil\u00e9). <\/p>\n\n\n\n<figure class=\"wp-block-image\"><img src=\"https:\/\/www.lespetitsbaroudeurs.com\/blog\/wp-content\/uploads\/2019\/03\/velodyssee-sud-famille-jour-7-voie-verte.jpg\" alt=\"portrait de famille \u00e0 v\u00e9lo sur la v\u00e9lodyss\u00e9e \u00e0 Ondres \" class=\"wp-image-2946\"\/><\/figure>\n\n\n\n<p>Nous arrivons \u00e0 <strong>Ondres <\/strong>et trouvons rapidement le <strong>camping Lou Pinada<\/strong>. Apr\u00e8s un <strong>montage rapide et efficace de la tente<\/strong> sur un emplacement au fond du camping, assez <strong>isol\u00e9 <\/strong>et bien <strong>ombrag\u00e9 <\/strong>(mais bizarrement d\u00e9limit\u00e9) les troupes partent \u00e0 la <strong>piscine <\/strong>pendant que je file au Vival du coin pour l\u2019<strong>approvisionnement quotidien<\/strong>.<br>On se retrouve pour les <strong>douches<\/strong>, le <strong>repas <\/strong>et le <strong>coucher<\/strong>. <br>Lors de la <strong>veill\u00e9e des adultes<\/strong>, nous mettons au point notre <strong>strat\u00e9gie pour le lendemain <\/strong>pour notre <strong>visite de Bayonne<\/strong>. <br>Nous irons l\u00e0-bas en bus : d\u00e9part du camping \u00e0 9h p\u00e9tantes ! Reste \u00e0 savoir si le bruit du train qui passe juste \u00e0 c\u00f4t\u00e9 du camping nous emp\u00eachera de dormir \u2026<\/p>\n\n\n\n<h2>Jour 8 : Bayonne<\/h2>\n\n\n\n<p>La <strong>nuit <\/strong>fut <strong>moins chaude <\/strong>que la pr\u00e9c\u00e9dente mais quand m\u00eame un peu.<br>Le train ne m\u2019a pas emp\u00each\u00e9 de dormir alors que selon Agn\u00e8s, il en est pass\u00e9 5 vers 2h dont 1 qui a klaxonn\u00e9 (g\u00e9niales ces boules qui\u00e8s !). <br>Ce matin, on se r\u00e9veille \u00e0 8h10, l\u2019objectif est atteint : <strong>on monte sur les v\u00e9los \u00e0 9h <\/strong>(c\u2019est nettement plus facile quand on n\u2019a pas la <strong>tente <\/strong>\u00e0 d\u00e9monter et les <strong>sacoches <\/strong>\u00e0 ranger). <br>On s\u2019\u00e9lance pour les 2 km qui nous s\u00e9parent de l\u2019<strong>arr\u00eat de bus<\/strong> (dont une belle mont\u00e9e) et effectivement, comme annonc\u00e9 par le GPS, on atteint l\u2019arr\u00eat 7 min plus tard. On <strong>accroche les v\u00e9los<\/strong> et on attend le <strong>bus<\/strong>. <br>Celui-ci nous d\u00e9posera \u00e0 la <strong>gare de Bayonne<\/strong> un peu avant 10h. <br>L\u00e0 on ach\u00e8te les <strong>billets de train<\/strong> pour les hommes pour le soir et on part \u00e0 la <strong>d\u00e9couverte de la ville<\/strong>.<\/p>\n\n\n\n<figure class=\"wp-block-image\"><img src=\"https:\/\/www.lespetitsbaroudeurs.com\/blog\/wp-content\/uploads\/2019\/03\/velodyssee-sud-famille-jour-8-bayonne.jpg\" alt=\"Bayonne et le cours de la Nive\" class=\"wp-image-2947\"\/><\/figure>\n\n\n\n<p>Notre premi\u00e8re destination sera pour l\u2019<strong>Office de Tourisme<\/strong> o\u00f9 nous nous munissons d\u2019une <strong>carte avec les principaux points d\u2019int\u00e9r\u00eat<\/strong> de la ville. Nous traversons d\u2019abord un <strong>parc <\/strong>(avec arr\u00eat obligatoire aux <strong>jeux<\/strong>) <strong>sous les remparts<\/strong> et passerons sous une <strong>porte <\/strong>pour entrer dans la <strong>vieille ville<\/strong>. Nous verrons le <strong>Ch\u00e2teau-Vieux<\/strong> et visiterons la <strong>belle cath\u00e9drale<\/strong> et son <strong>clo\u00eetre<\/strong>.<br>Ensuite, nous irons \u00e0 travers <strong>les petites rues<\/strong> et leurs <strong>maisons aux colombages color\u00e9s <\/strong>jusqu\u2019au <strong>march\u00e9<\/strong>, le <strong>long des quais<\/strong>. <br>La <strong>chaleur <\/strong>se faisant ressentir (ainsi, il est vrai, que la <strong>fatigue <\/strong>et la <strong>faim <\/strong>!) nous nous sommes install\u00e9s \u00e0 un <strong>petit resto<\/strong> au bord des quais. <br><br>Apr\u00e8s le repas, visite du <strong>Mus\u00e9e de Bayonne<\/strong> (il fait de toutes fa\u00e7ons trop chaud pour rester dehors et profitons de la clim du mus\u00e9e). <br>Ce mus\u00e9e est tr\u00e8s int\u00e9ressant, il raconte l\u2019<strong>histoire des Basques<\/strong> \u00e0 travers divers <strong>objets<\/strong>, regroup\u00e9s dans des <strong>salles \u00e0 th\u00e8mes<\/strong> (agriculture, habitation, religion, sports, danses \u2026). <br>En plus, il propose des <strong>petites \u00e9nigmes pour les enfants <\/strong>et des <strong>tables <\/strong>o\u00f9 ils peuvent <strong>toucher des repr\u00e9sentations d\u2019objets<\/strong> (les manipuler, les sentir\u2026). <br>Baptiste a beaucoup aim\u00e9 le d\u00e9fi de la <strong>recherche des petits bonhommes diss\u00e9min\u00e9s \u00e7\u00e0 et l\u00e0 dans le mus\u00e9e<\/strong> (\u00e0 tel point qu\u2019il ne voulait pas partir et que plus tard dans la journ\u00e9e il demander \u00e0 y retourner).<\/p>\n\n\n\n<figure class=\"wp-block-image\"><img src=\"https:\/\/www.lespetitsbaroudeurs.com\/blog\/wp-content\/uploads\/2019\/03\/velodyssee-sud-famille-jour-8-musee-bayonne.jpg\" alt=\"le mus\u00e9e de bayonne\" class=\"wp-image-2948\"\/><\/figure>\n\n\n\n<p>En sortant, on file chez un <strong>petit producteur de jambon<\/strong> qui propose une <strong>visite de son atelier<\/strong> (avec les \u00e9tapes de <strong>salage <\/strong>et de <strong>s\u00e9chage<\/strong>) puis une <strong>d\u00e9gustation <\/strong>de produits. L\u00e0 encore ce fut appr\u00e9ci\u00e9 par tous, m\u00eame si Apolline se sera <strong>endormie pendant les explications<\/strong> mais r\u00e9veill\u00e9e juste \u00e0 temps pour la d\u00e9gustation ! <\/p>\n\n\n\n<figure class=\"wp-block-image\"><img src=\"https:\/\/www.lespetitsbaroudeurs.com\/blog\/wp-content\/uploads\/2019\/03\/velodyssee-sud-famille-jour-8-jambon-bayonne.jpg\" alt=\"jambons de bayonne suspendus\" class=\"wp-image-2949\"\/><\/figure>\n\n\n\n<p>On retourne apr\u00e8s dans le <strong>parc <\/strong>(en profitant de la <strong>navette gratuite <\/strong>de la ville) pour se poser un peu et profiter de la \u00ab <strong>fra\u00eecheur <\/strong>\u00bb de l\u2019<strong>ombre<\/strong>.<br>Il fait vraiment <strong>tr\u00e8s chaud et sans un poil d\u2019air<\/strong>. <br>On va ensuite prendre le <strong>go\u00fbter <\/strong>dans un <strong>salon de th\u00e9 assez chic<\/strong> pour d\u00e9guster de<strong> bonnes p\u00e2tisseries locales<\/strong>.<br>On encha\u00eene ensuite avec la \u00ab visite \u00bb d\u2019un <strong>magasin d\u2019apiculteur<\/strong> : la dame nous explique diff\u00e9rentes choses tr\u00e8s int\u00e9ressantes sur l\u2019<strong>\u00e9levage des abeilles<\/strong> et l\u00e0 encore, on a droit \u00e0 une <strong>d\u00e9gustation de diff\u00e9rents miels <\/strong>et <strong>confitures<\/strong> originales et <strong>d\u00e9licieuses<\/strong>. <br>Pour finir la journ\u00e9e, on tente de <strong>monter sur les remparts<\/strong> mais vue l\u2019heure tardive, on trouvera porte close.<br>Avant de retourner \u00e0 la gare, on aura le temps d\u2019entendre les <strong>chants de supporteurs de rugby<\/strong> puisque ce soir se joue un match contre \u2026 Castres ! <br><br><strong>A la gare<\/strong>, on se s\u00e9pare : les hommes partent <strong>en train<\/strong> vers <strong>Ychoux<\/strong> et les filles en bus retournent \u00e0 <strong>Ondres<\/strong>. <br>En arrivant, on mange, on couche Apolline et on se tient au courant par SMS interpos\u00e9s des d\u00e9boires des gar\u00e7ons : leur train est annonc\u00e9 avec du retard, puis ils restent bloqu\u00e9s en pleine voie, repartent, et auront finalement 30 min de retard. <br>Et \u00e0 l\u2019arriv\u00e9e, Jacques trouvera le moyen d\u2019oublier ses papiers dans le train : heureusement qu\u2019une personne le lui fera remarquer. Leur arriv\u00e9e est pr\u00e9vue \u00e0 22h30 (au passage, il faudra qu\u2019ils r\u00e9cup\u00e8rent leurs v\u00e9los laiss\u00e9s le matin \u00e0 l\u2019arr\u00eat de bus). <br>Demain, il faudra tout <strong>ranger dans les voitures<\/strong>, pour le <strong>d\u00e9part <\/strong>d\u00e9finitif \u2026 On esp\u00e8re juste passer \u00e0 c\u00f4t\u00e9 de la pluie pour ne pas tout charger mouill\u00e9 mais le temps a chang\u00e9 en fin de journ\u00e9e et on n\u2019est pas \u00e0 l\u2019abri d\u2019un orage.<\/p>\n\n\n\n<h2>Informations pratiques et conseils pour un road-trip v\u00e9lo r\u00e9ussi !<\/h2>\n\n\n\n<ul><li>Nous avions pr\u00e9f\u00e9r\u00e9 <strong>r\u00e9server les campings avant de partir<\/strong> : cette zone est tr\u00e8s touristique, et avec des enfants en bas \u00e2ge, nous ne voulions pas g\u00e9rer de gal\u00e8res \u00e0 ce niveau-l\u00e0. Cela oblige \u00e0 <strong>planifier l&rsquo;itin\u00e9raire<\/strong> et laisse moins de place \u00e0 l&rsquo;impr\u00e9vu \u2026 Je pense qu&rsquo;il est possible de faire sans (surtout que beaucoup de campings \u00e9taient peu remplis). <\/li><li>Nous avons appr\u00e9ci\u00e9 d&rsquo;avoir \u00e9tudi\u00e9 en amont les<strong> solutions pour r\u00e9cup\u00e9rer les voiture<\/strong>s, les <strong>gares<\/strong>, les <strong>trains <\/strong>disponibles \u2026 Ce n&rsquo;est pas le plus marrant du voyage alors autant le faire quand on est <strong>\u00e0 la maison<\/strong> avec un <strong>acc\u00e8s internet<\/strong>. <\/li><li> Nous n&rsquo;avons pas trouv\u00e9 de <strong>points d&rsquo;eau<\/strong> \u00e0 disposition, aussi bien penser \u00e0 <strong>recharger les gourdes d\u00e8s que possible<\/strong> (surtout quand il fait bien chaud). Il est aussi important de v\u00e9rifier que <strong>l&rsquo;air passe bien dans la remorque v\u00e9lo <\/strong>et de <strong>prot\u00e9ger le dessus du soleil<\/strong> (on avait mis un par\u00e9o pour faire pare-soleil). <\/li><li> Ne pas h\u00e9siter \u00e0 <strong>s&rsquo;arr\u00eater<\/strong> \u00e0 chaque fois qu&rsquo;on croise une <strong>aire de jeux<\/strong> : les <strong>enfants sont heureux de se d\u00e9fouler<\/strong> et rechignent donc moins \u00e0 repartir !<\/li><li> Pour les <strong>repas<\/strong>, nous achetions en fin de journ\u00e9e de quoi manger le <strong>soir <\/strong>et pour le <strong>petit-d\u00e9jeuner<\/strong>. Et le matin, sur la route, nous trouvions pour <strong>manger le midi<\/strong> (sup\u00e9rette, boulangerie, march\u00e9s \u2026). Attention \u00e0 bien calculer pour les <strong>dimanches<\/strong> et jours <strong>f\u00e9ri\u00e9s <\/strong>!<\/li><\/ul>\n\n\n\n<figure class=\"wp-block-image\"><img src=\"https:\/\/www.lespetitsbaroudeurs.com\/blog\/wp-content\/uploads\/2019\/03\/velodyssee-sud-famille-carte.jpg\" alt=\"carte de la v\u00e9lodyss\u00e9e\" class=\"wp-image-2950\"\/><figcaption>Trac\u00e9 de la V\u00e9lodyss\u00e9e de Roscoff \u00e0 Hendaye<\/figcaption><\/figure>\n\n\n\n<h2>Ce qu&rsquo;on a aim\u00e9 durant ce cyclo-p\u00e9riple au sud de la V\u00e9lodyss\u00e9e :<\/h2>\n\n\n\n<ul><li><strong>\u00eatre en famille<\/strong> et <strong>profiter du grand air<\/strong> pendant une semaine<\/li><li> <strong>dormir tous ensemble dans la tente<\/strong><\/li><li> l&rsquo;am\u00e9nagement des <strong>voies vertes<\/strong><\/li><li> la<strong> journ\u00e9e \u00ab\u00a0off\u00a0\u00bb<\/strong> au milieu des vacances (ne pas avoir \u00e0 d\u00e9monter la tente le matin !!)<\/li><li> la <strong>libert\u00e9 ressentie<\/strong> quand on enfourche nos v\u00e9los \u2026<\/li><\/ul>\n\n\n\n<h2>Ce qu&rsquo;on a moins aim\u00e9 pendant notre s\u00e9jour v\u00e9lo :<\/h2>\n\n\n\n<ul><li>la <strong>chaleur <\/strong>\u00e9crasante !<\/li><li> l&rsquo;<strong>absence de points d&rsquo;eau<\/strong> sur les voies vertes<\/li><li> le <strong>manque d&rsquo;acc\u00e8s direct \u00e0 la plage<\/strong> (les voies vertes longent les plages mais il y a souvent une grande dune \u00e0 traverser. Alors gros dilemme en ce qui concerne les sacoches laiss\u00e9es sur les v\u00e9los, \u00e0 port\u00e9e de tout le monde \u2026)<\/li><li> la <strong>fr\u00e9quentation importante <\/strong>de certaines portions de la voie verte<\/li><li> les <strong>campings trop touristiques <\/strong>avec trop d&rsquo;\u00e9toiles (pas forc\u00e9ment adapt\u00e9s aux cyclo-randonneurs qui cherchent de la tranquillit\u00e9 et une nuit r\u00e9paratrice au calme \u2026) : on a pr\u00e9f\u00e9r\u00e9 les petits campings \u00e0 la campagne !<\/li><\/ul>\n\n\n\n<h2>Mat\u00e9riel utilis\u00e9 pour l&rsquo;odyss\u00e9e \u00e0 bicyclette en famille :<\/h2>\n\n\n\n<ul><li>2 <strong>v\u00e9los \u00e9lectriques<\/strong> pour les <strong>grands-parents<\/strong><\/li><li>2 <strong>VTC<\/strong> pour les <strong>parents<\/strong><\/li><li>4 paires de <strong>sacoches arri\u00e8res Ortlieb \u00e9tanches<\/strong> + <strong>1 petite paire de sacoches pour Baptiste<\/strong> qui \u00e9tait fi\u00e8re d&rsquo;\u00eatre charg\u00e9 des oreillers et des kways des enfants !<\/li><li>1 <strong>v\u00e9lo 16 pouces <\/strong>pour Baptiste avec <strong>syst\u00e8me Follow-me <\/strong>pour qu&rsquo;il puisse s&rsquo;accrocher \u00e0 son p\u00e8re quand il \u00e9tait fatigu\u00e9 ou quand on devait traverser des villes &#8211;&gt; syst\u00e8me top qu&rsquo;on recommande fortement<\/li><li>1 <strong>remorque Thule Chariot Corsair XL<\/strong> pour Apolline, coupl\u00e9 avec un <strong>si\u00e8ge v\u00e9lo Hamax<\/strong> pour qu&rsquo;elle puisse varier les positions &#8211;&gt; on a appr\u00e9ci\u00e9 la possibilit\u00e9 de mettre les <strong>2 enfants dans la carriole<\/strong> <strong>l&rsquo;apr\u00e8s-midi pour les siestes<\/strong><\/li><li>1 <strong>tente<\/strong> D\u00e9cathlon Arpenaz 4.2 &#8211;&gt; 2 chambres s\u00e9par\u00e9es (chaque couple dormait avec un enfant), 1 grand auvent o\u00f9 on se tient debout mais \u2026 12 kg \u00e0 trimballer ! <strong>Clairement pas la tente id\u00e9ale pour de la cyclo-randonn\u00e9e<\/strong><\/li><li>1 <strong>duvet<\/strong> pour chacun &#8211;&gt; Baptiste avait le <strong>duvet Little Star Exp de Deuter<\/strong> et Apolline le <strong>duvet b\u00e9b\u00e9 Quechua<\/strong> (qu&rsquo;ils ne font plus) : de simples <strong>draps de soie <\/strong>auraient \u00e9t\u00e9 suffisants<\/li><li>1 <strong>matelas <\/strong>pour chacun &#8211;&gt; les 2 enfants avaient le <strong>matelas autogonflant 3\/4<\/strong> de chez D\u00e9cathlon (mais l\u00e0 non plus, ils ne le font plus)<\/li><\/ul>\n\n\n\n<figure class=\"wp-block-image\"><img src=\"https:\/\/www.lespetitsbaroudeurs.com\/blog\/wp-content\/uploads\/2019\/03\/velodyssee-sud-famille-jour-4-voie-verte.jpg\" alt=\"portrait de famille sur la voie verte \u00e0 travers la for\u00eat de pins\" class=\"wp-image-2938\"\/><\/figure>\n\n\n\n<p><em>Cet article relate une aventure en famille du <\/em>du 20 au 27 ao\u00fbt 2016, \u00e0 trois g\u00e9n\u00e9rations : grands-parents, parents et enfants de 2 et 4 ans<em>.<br><\/em><br><em>Il fait partie du programme Ambassadeurs o\u00f9 nous invitons des familles baroudeuses \u00e0 partager leurs exp\u00e9riences avec la communaut\u00e9 des Petits Baroudeurs.<\/em> <br><em><a href=\"https:\/\/www.lespetitsbaroudeurs.com\/blog\/ambassadeurs-familles-baroudeuses\/\">Retrouvez&nbsp;ici&nbsp;tous&nbsp;les&nbsp;d\u00e9tails&nbsp;de&nbsp;notre programme&nbsp;Ambassadeurs.<\/a> <\/em><\/p>\n\n\n\n<h2 id=\"mce_45\">Hey, si on \u00e9quipait vos petits baroudeurs ?<\/h2>\n\n\n\n<p>Chez les Petits Baroudeurs, nous <strong>d\u00e9nichons avec soin et amour<\/strong> les produits utiles \u00e0 vos aventures en famille. <strong>Nous les testons<\/strong> avec nos Oursons, les cousins, les amis de nos loupiots &#8211; quand nos enfants sont trop grands pour tester eux m\u00eame. Et <strong>nous ne s\u00e9lectionnons que les meilleurs produits <\/strong>pour vous les proposer.<\/p>\n\n\n\n<p style=\"color:#ff6c00\" class=\"has-text-color\">Voici donc la s\u00e9lection de notre boutique pour l&rsquo;itin\u00e9rance \u00e0 v\u00e9lo en famille :  <\/p>\n\n\n\n<div class=\"wp-block-columns has-4-columns\">\n<div class=\"wp-block-column\">\n<figure class=\"wp-block-image\"><a href=\"https:\/\/www.lespetitsbaroudeurs.com\/remorque-velo-enfant-80?utm_source=Blog&amp;utm_medium=Article&amp;utm_campaign=ambassadeur-leguevaques-velodyssee-sud\" target=\"_blank\" rel=\"noopener noreferrer\"><img src=\"https:\/\/www.lespetitsbaroudeurs.com\/blog\/wp-content\/uploads\/2019\/02\/choisir-remorque-velo-produit-carriole.jpg\" alt=\"remorque v\u00e9lo enfant thule\" class=\"wp-image-2555\"\/><\/a><figcaption>Remorques v\u00e9lo<br><a href=\"http:\/\/ambassadeur-leguevaques-velodyssee-sud\" target=\"_blank\" rel=\"noreferrer noopener\" aria-label=\" (opens in a new tab)\">\u27b3Je d\u00e9couvre<\/a><\/figcaption><\/figure>\n<\/div>\n\n\n\n<div class=\"wp-block-column\">\n<figure class=\"wp-block-image\"><a href=\"https:\/\/www.lespetitsbaroudeurs.com\/casque-velo-enfant-88?utm_source=Blog&amp;utm_medium=Article&amp;utm_campaign=ambassadeur-leguevaques-velodyssee-sud\" target=\"_blank\" rel=\"noopener noreferrer\"><img src=\"https:\/\/www.lespetitsbaroudeurs.com\/blog\/wp-content\/uploads\/2019\/02\/choisir-remorque-velo-produit-casque-enfant.jpg\" alt=\"casque de v\u00e9lo enfant abus\" class=\"wp-image-2556\"\/><\/a><figcaption>Casques v\u00e9lo enfant<br><a href=\"https:\/\/www.lespetitsbaroudeurs.com\/casque-velo-enfant-88?utm_source=Blog&amp;utm_medium=Article&amp;utm_campaign=ambassadeur-leguevaques-velodyssee-sud\" target=\"_blank\" rel=\"noreferrer noopener\" aria-label=\" (opens in a new tab)\">\u27b3Je d\u00e9couvre<\/a><\/figcaption><\/figure>\n<\/div>\n\n\n\n<div class=\"wp-block-column\">\n<figure class=\"wp-block-image\"><a href=\"https:\/\/www.lespetitsbaroudeurs.com\/tente-randonnee-legere-famille-89?utm_source=Blog&amp;utm_medium=Article&amp;utm_campaign=ambassadeur-leguevaques-velodyssee-sud\" target=\"_blank\" rel=\"noopener noreferrer\"><img src=\"https:\/\/www.lespetitsbaroudeurs.com\/blog\/wp-content\/uploads\/2019\/02\/msr-tente-randonnee-4-places.jpg\" alt=\"Tente de randonn\u00e9e l\u00e9g\u00e8res 4 places MSR\" class=\"wp-image-2840\"\/><\/a><figcaption> Tentes l\u00e9g\u00e8res<br><a href=\"https:\/\/www.lespetitsbaroudeurs.com\/tente-randonnee-legere-famille-89?utm_source=Blog&amp;utm_medium=Article&amp;utm_campaign=ambassadeur-leguevaques-velodyssee-sud\" target=\"_blank\" rel=\"noreferrer noopener\" aria-label=\" (opens in a new tab)\">\u27b3Je d\u00e9couvre<\/a> <\/figcaption><\/figure>\n<\/div>\n\n\n\n<div class=\"wp-block-column\">\n<figure class=\"wp-block-image\"><a href=\"https:\/\/www.lespetitsbaroudeurs.com\/follow-me-1052.html?utm_source=Blog&amp;utm_medium=Article&amp;utm_campaign=ambassadeur-leguevaques-velodyssee-sud\" target=\"_blank\" rel=\"noopener noreferrer\"><img src=\"https:\/\/www.lespetitsbaroudeurs.com\/blog\/wp-content\/uploads\/2019\/03\/follow-me.jpg\" alt=\"follow me v\u00e9lo enfant\" class=\"wp-image-2922\"\/><\/a><figcaption>Syst\u00e8me Follow-me <br><a href=\"https:\/\/www.lespetitsbaroudeurs.com\/follow-me-1052.html?utm_source=Blog&amp;utm_medium=Article&amp;utm_campaign=ambassadeur-leguevaques-velodyssee-sud\" target=\"_blank\" rel=\"noreferrer noopener\" aria-label=\" (opens in a new tab)\">\u27b3Je d\u00e9couvre<\/a> <\/figcaption><\/figure>\n<\/div>\n<\/div>\n","protected":false},"excerpt":{"rendered":"<p>Anne-Sophie et sa famille ont rejoint l&rsquo;aventure des ambassadeurs au d\u00e9but de l&rsquo;ann\u00e9e 2019. Le premier article que cette maman de trois petits baroudeurs (2 \u00e0 l&rsquo;\u00e9poque de l&rsquo;article) nous a envoy\u00e9 est un bon souvenir de vacances \u00e0 v\u00e9lo en tribu et avec papi et mamie. Une chouette petite troupe pour 180 km d&rsquo;itin\u00e9rance [&hellip;]<\/p>\n","protected":false},"author":50,"featured_media":3606,"comment_status":"open","ping_status":"open","sticky":false,"template":"","format":"standard","meta":[],"categories":[153,150,149],"tags":[160],"yoast_head":"<!-- This site is optimized with the Yoast SEO plugin v14.9 - https:\/\/yoast.com\/wordpress\/plugins\/seo\/ -->\n<title>La V\u00e9lodyss\u00e9e d&#039;Ychoux \u00e0 Bayonne : trois g\u00e9n\u00e9rations en cyclo-rando itin\u00e9rante - Les Petits Baroudeurs<\/title>\n<meta name=\"robots\" content=\"index, follow, max-snippet:-1, max-image-preview:large, max-video-preview:-1\" \/>\n<link rel=\"canonical\" href=\"https:\/\/www.lespetitsbaroudeurs.com\/blog\/trois-generations-en-cyclo-rando-itinerante-la-velodyssee-dychoux-a-bayonne\/\" \/>\n<meta property=\"og:locale\" content=\"fr_FR\" \/>\n<meta property=\"og:type\" content=\"article\" \/>\n<meta property=\"og:title\" content=\"La V\u00e9lodyss\u00e9e d&#039;Ychoux \u00e0 Bayonne : trois g\u00e9n\u00e9rations en cyclo-rando itin\u00e9rante - Les Petits Baroudeurs\" \/>\n<meta property=\"og:description\" content=\"Anne-Sophie et sa famille ont rejoint l&rsquo;aventure des ambassadeurs au d\u00e9but de l&rsquo;ann\u00e9e 2019. Le premier article que cette maman de trois petits baroudeurs (2 \u00e0 l&rsquo;\u00e9poque de l&rsquo;article) nous a envoy\u00e9 est un bon souvenir de vacances \u00e0 v\u00e9lo en tribu et avec papi et mamie. Une chouette petite troupe pour 180 km d&rsquo;itin\u00e9rance [&hellip;]\" \/>\n<meta property=\"og:url\" content=\"https:\/\/www.lespetitsbaroudeurs.com\/blog\/trois-generations-en-cyclo-rando-itinerante-la-velodyssee-dychoux-a-bayonne\/\" \/>\n<meta property=\"og:site_name\" content=\"Les Petits Baroudeurs\" \/>\n<meta property=\"article:publisher\" content=\"https:\/\/www.facebook.com\/lespetitsbaroudeurs\/\" \/>\n<meta property=\"article:published_time\" content=\"2019-03-01T14:00:15+00:00\" \/>\n<meta property=\"article:modified_time\" content=\"2020-07-27T10:01:29+00:00\" \/>\n<meta property=\"og:image\" content=\"https:\/\/www.lespetitsbaroudeurs.com\/blog\/wp-content\/uploads\/2020\/07\/velodyssee-sud-famille-header.jpg\" \/>\n\t<meta property=\"og:image:width\" content=\"1500\" \/>\n\t<meta property=\"og:image:height\" content=\"700\" \/>\n<meta name=\"twitter:card\" content=\"summary_large_image\" \/>\n<script type=\"application\/ld+json\" class=\"yoast-schema-graph\">{\"@context\":\"https:\/\/schema.org\",\"@graph\":[{\"@type\":\"WebSite\",\"@id\":\"https:\/\/www.lespetitsbaroudeurs.com\/blog\/#website\",\"url\":\"https:\/\/www.lespetitsbaroudeurs.com\/blog\/\",\"name\":\"Les Petits Baroudeurs\",\"description\":\"Le Blog de l&#039;aventure en famille !\",\"potentialAction\":[{\"@type\":\"SearchAction\",\"target\":\"https:\/\/www.lespetitsbaroudeurs.com\/blog\/?s={search_term_string}\",\"query-input\":\"required name=search_term_string\"}],\"inLanguage\":\"fr-FR\"},{\"@type\":\"ImageObject\",\"@id\":\"https:\/\/www.lespetitsbaroudeurs.com\/blog\/trois-generations-en-cyclo-rando-itinerante-la-velodyssee-dychoux-a-bayonne\/#primaryimage\",\"inLanguage\":\"fr-FR\",\"url\":\"https:\/\/www.lespetitsbaroudeurs.com\/blog\/wp-content\/uploads\/2020\/07\/velodyssee-sud-famille-header.jpg\",\"width\":1500,\"height\":700},{\"@type\":\"WebPage\",\"@id\":\"https:\/\/www.lespetitsbaroudeurs.com\/blog\/trois-generations-en-cyclo-rando-itinerante-la-velodyssee-dychoux-a-bayonne\/#webpage\",\"url\":\"https:\/\/www.lespetitsbaroudeurs.com\/blog\/trois-generations-en-cyclo-rando-itinerante-la-velodyssee-dychoux-a-bayonne\/\",\"name\":\"La V\\u00e9lodyss\\u00e9e d'Ychoux \\u00e0 Bayonne : trois g\\u00e9n\\u00e9rations en cyclo-rando itin\\u00e9rante - Les Petits Baroudeurs\",\"isPartOf\":{\"@id\":\"https:\/\/www.lespetitsbaroudeurs.com\/blog\/#website\"},\"primaryImageOfPage\":{\"@id\":\"https:\/\/www.lespetitsbaroudeurs.com\/blog\/trois-generations-en-cyclo-rando-itinerante-la-velodyssee-dychoux-a-bayonne\/#primaryimage\"},\"author\":{\"@id\":\"https:\/\/www.lespetitsbaroudeurs.com\/blog\/#\/schema\/person\/518eac850cac2110d20fd51b9ae608f4\"},\"inLanguage\":\"fr-FR\",\"potentialAction\":[{\"@type\":\"ReadAction\",\"target\":[\"https:\/\/www.lespetitsbaroudeurs.com\/blog\/trois-generations-en-cyclo-rando-itinerante-la-velodyssee-dychoux-a-bayonne\/\"]}]},{\"@type\":\"Person\",\"@id\":\"https:\/\/www.lespetitsbaroudeurs.com\/blog\/#\/schema\/person\/518eac850cac2110d20fd51b9ae608f4\",\"name\":\"La famille Leguevaques\",\"image\":{\"@type\":\"ImageObject\",\"@id\":\"https:\/\/www.lespetitsbaroudeurs.com\/blog\/#personlogo\",\"inLanguage\":\"fr-FR\",\"url\":\"https:\/\/secure.gravatar.com\/avatar\/87f209e1a41663bda8f6e8036285d356?s=96&d=mm&r=g\",\"caption\":\"La famille Leguevaques\"},\"description\":\"Notre famille de cyclo-randonneurs est compos\\u00e9e de S\\u00e9bastien, Anne-Sophie, Baptiste (2013), Apolline (2015) et Alix (2017). Pour nous, vacances estivales riment avec vacances \\u00e0 v\\u00e9lo. Depuis 4 ans maintenant, nous partons chaque \\u00e9t\\u00e9 d\\u00e9couvrir un bout de la France sur nos fid\\u00e8les montures. En juillet 2019, nous nous lan\\u00e7ons dans une grande aventure familiale : d\\u00e9couvrir l\\u2019Europe \\u00e0 v\\u00e9lo pendant un an \\u2026\"}]}<\/script>\n<!-- \/ Yoast SEO plugin. -->","_links":{"self":[{"href":"https:\/\/www.lespetitsbaroudeurs.com\/blog\/wp-json\/wp\/v2\/posts\/3605"}],"collection":[{"href":"https:\/\/www.lespetitsbaroudeurs.com\/blog\/wp-json\/wp\/v2\/posts"}],"about":[{"href":"https:\/\/www.lespetitsbaroudeurs.com\/blog\/wp-json\/wp\/v2\/types\/post"}],"author":[{"embeddable":true,"href":"https:\/\/www.lespetitsbaroudeurs.com\/blog\/wp-json\/wp\/v2\/users\/50"}],"replies":[{"embeddable":true,"href":"https:\/\/www.lespetitsbaroudeurs.com\/blog\/wp-json\/wp\/v2\/comments?post=3605"}],"version-history":[{"count":1,"href":"https:\/\/www.lespetitsbaroudeurs.com\/blog\/wp-json\/wp\/v2\/posts\/3605\/revisions"}],"predecessor-version":[{"id":4344,"href":"https:\/\/www.lespetitsbaroudeurs.com\/blog\/wp-json\/wp\/v2\/posts\/3605\/revisions\/4344"}],"wp:featuredmedia":[{"embeddable":true,"href":"https:\/\/www.lespetitsbaroudeurs.com\/blog\/wp-json\/wp\/v2\/media\/3606"}],"wp:attachment":[{"href":"https:\/\/www.lespetitsbaroudeurs.com\/blog\/wp-json\/wp\/v2\/media?parent=3605"}],"wp:term":[{"taxonomy":"category","embeddable":true,"href":"https:\/\/www.lespetitsbaroudeurs.com\/blog\/wp-json\/wp\/v2\/categories?post=3605"},{"taxonomy":"post_tag","embeddable":true,"href":"https:\/\/www.lespetitsbaroudeurs.com\/blog\/wp-json\/wp\/v2\/tags?post=3605"}],"curies":[{"name":"wp","href":"https:\/\/api.w.org\/{rel}","templated":true}]}}