{"id":4105,"date":"2020-03-05T15:18:48","date_gmt":"2020-03-05T15:18:48","guid":{"rendered":"https:\/\/www.lespetitsbaroudeurs.com\/blog\/open-119\/"},"modified":"2020-07-27T10:01:40","modified_gmt":"2020-07-27T10:01:40","slug":"la-route-des-lacs-traversee-de-la-suisse-a-velo-en-famille","status":"publish","type":"post","link":"https:\/\/www.lespetitsbaroudeurs.com\/blog\/la-route-des-lacs-traversee-de-la-suisse-a-velo-en-famille\/","title":{"rendered":"La route des lacs, travers\u00e9e de la Suisse \u00e0 v\u00e9lo en famille"},"content":{"rendered":"\n<p><em>Apr\u00e8s une premi\u00e8re exp\u00e9rience d&rsquo;itin\u00e9rance \u00e0 v\u00e9lo \u00e0 3, nos ambassadeurs la famille Matton repartent sur leurs deux roues mais cette fois ci avec un ourson en plus. Pour cette aventure, direction la Suisse le long de la route 9.<\/em><\/p>\n\n\n\n<h3><strong>La Suisse \u00e0 v\u00e9lo en famille, entre monts et merveilles\u2026<\/strong><br><\/h3>\n\n\n\n<p>D\u00e9but ao\u00fbt 2019, nous sommes partis pour <strong>notre deuxi\u00e8me voyage \u00e0 v\u00e9lo en famille, cette fois \u00e0 nous 4<\/strong>. On en r\u00eavait depuis des mois, m\u00eame si on est partis sans l\u2019avoir beaucoup pr\u00e9par\u00e9\u2026 On aime assez bien garder un maximum la surprise de la d\u00e9couverte et notre libert\u00e9 de choisir o\u00f9 nous arr\u00eater en chemin. Arthus (3 ans) et Emile (1 an) \u00e9taient aussi tout excit\u00e9s&nbsp;!&nbsp;<br><\/p>\n\n\n\n<p>Nous avions pr\u00e9vu de traverser la Suisse \u00e0 v\u00e9lo par la <a href=\"https:\/\/www.schweizmobil.ch\/fr\/suisse-a-velo\/route-09.html\">Route des Lacs<\/a>. <strong>Cet itin\u00e9raire, appel\u00e9 aussi la \u00ab\u00a0route 9\u00a0\u00bb, est globalement bien balis\u00e9<\/strong>. Par mesure de s\u00e9curit\u00e9, nous avions quand m\u00eame t\u00e9l\u00e9charg\u00e9 les cartes sur notre t\u00e9l\u00e9phone mobile et ne l\u2019avons pas regrett\u00e9 car le fl\u00e9chage \u00e9tait parfois approximatif voire inexistant \u00e0 certains croisements.\u00a0<br><\/p>\n\n\n\n<figure class=\"wp-block-image\"><img src=\"https:\/\/www.lespetitsbaroudeurs.com\/blog\/wp-content\/uploads\/2020\/03\/DSC00172.jpg\" alt=\"suisse \u00e0 v\u00e9lo en famille\" class=\"wp-image-4891\"\/><figcaption>Par\u00e9s pour l&rsquo;aventure \u00e0 v\u00e9lo !<\/figcaption><\/figure>\n\n\n\n<h2>Notre itin\u00e9raire sur la route 9 (Hauptstrasse 9), un circuit \u00e0 v\u00e9lo accessible et balis\u00e9<\/h2>\n\n\n\n<p>Notre itin\u00e9raire d\u2019une semaine, avec les logements et les d\u00e9nivel\u00e9s (que nous n&rsquo;avions jamais regard\u00e9s avant de commencer notre voyage\u2026 et qui nous ont bien fait transpirer )&nbsp;:<\/p>\n\n\n\n<ul><li><strong><u>Lundi 5 ao\u00fbt<\/u><\/strong>&nbsp;: la Tour de Peilz (Montreux) \u2013 Enney (o\u00f9 on a pass\u00e9 la nuit au <em>Camping Haute Gruy\u00e8re Enney<\/em>) (50 km) (D\u00e9nivel\u00e9 + 863 m et D\u00e9nivel\u00e9 \u2013 552 m).<\/li><li><strong><u>Mardi 6 ao\u00fbt<\/u><\/strong>&nbsp;: Enney \u2013 Saanen (Gstaad) (o\u00f9 nous avons pass\u00e9 la nuit au <em>Camping Beim Kappeli<\/em>)<em> <\/em>(40 km)(D\u00e9nivel\u00e9 + 739 m et D\u00e9nivel\u00e9 \u2013 438 m).<\/li><li><strong><u>Mercredi 7 ao\u00fbt<\/u><\/strong>&nbsp;: Saanen (Gstaad) \u2013 un petit village apr\u00e8s Spiez (o\u00f9 nous avons pass\u00e9 la nuit \u00e0 <em>l\u2019H\u00f4tel XXX<\/em> trouv\u00e9 en chemin) (62 km) (D\u00e9nivel\u00e9 + 1000 m et D\u00e9nivel\u00e9 \u2013 1250 m).<\/li><li><strong><u>Jeudi 8 ao\u00fbt<\/u><\/strong>&nbsp;: Spiez \u2013 Giswil (o\u00f9 nous avons pass\u00e9 la nuit au <em>Camping international Sarnersee Giswil) <\/em>(68,4 km dont 40 km \u00e0 v\u00e9lo et le reste en train, et plus pr\u00e9cis\u00e9ment le tron\u00e7on Brienz &#8211; Giswil) (D\u00e9nivel\u00e9 + 887 m et D\u00e9nivel\u00e9 \u2013 1180 m).&nbsp;<\/li><li><strong><u>Vendredi 9 ao\u00fbt<\/u><\/strong>&nbsp;: Giswil \u2013 Lucerne (o\u00f9 nous avons pass\u00e9 3 nuits chez de super h\u00f4tes warmshowers) (40 km) (D\u00e9nivel\u00e9 + 340 m et D\u00e9nivel\u00e9 \u2013 370 m).<\/li><li><strong><u>Samedi 10 et dimanche 11 ao\u00fbt<\/u><\/strong>&nbsp;: Repos et visite de la superbe ville de Lucerne.<\/li><\/ul>\n\n\n\n<p><strong>Apr\u00e8s une semaine de v\u00e9lo et vu le mauvais temps annonc\u00e9 pour la suite<\/strong> du voyage + notre fatigue et l\u2019envie de nos deux petits ch\u00e9ris d\u2019avoir plus de temps pour jouer (car on passait quand m\u00eame beaucoup de temps sur nos v\u00e9los, vu les distances que nous nous \u00e9tions fix\u00e9es sans vraiment tenir compte des d\u00e9nivel\u00e9s), nous avons d\u00e9cid\u00e9 de<strong> terminer le voyage \u00e0 Lucerne pour cette fois-ci et de reprendre le train pour la Tour de Peilz<\/strong>. La seconde moiti\u00e9 du voyage de Lucerne au Lac de Constance sera pour une prochaine fois&nbsp;\ud83d\ude09&nbsp;<\/p>\n\n\n\n<h2><strong>De Montreux \u00e0 Enney <\/strong><\/h2>\n\n\n\n<h3><strong>De&nbsp;belles&nbsp;m<\/strong>ont\u00e9es mais avec vue sur le lac L\u00e9man<\/h3>\n\n\n\n<p>Le premier jour, la mont\u00e9e de 12 km de Vevey \u00e0 Ch\u00e2tel-Saint-Denis est vraiment costaude, avec certaines portions \u00e0 plus de 20%&nbsp;! M\u00eame en poussant nos v\u00e9los, on a du mal \u00e0 ne pas reculer avec tout notre chargement ! On a m\u00eame d\u00fb faire quelques dizaines de m\u00e8tres en plusieurs allers-retours&nbsp;: un avec les enfants dans les bras, un autre avec les fontes, et un troisi\u00e8me avec le v\u00e9lo et la charrette&nbsp;! <strong>Mais prendre de la hauteur sur le Lac L\u00e9man, c\u2019est juste superbe&nbsp;!<\/strong> Et chaque m\u00e8tre de gagn\u00e9 en vaut tellement la peine&nbsp;\u263a<br><\/p>\n\n\n\n<figure class=\"wp-block-image\"><img src=\"https:\/\/www.lespetitsbaroudeurs.com\/blog\/wp-content\/uploads\/2020\/03\/DSC00182.jpg\" alt=\"Suisse \u00e0 v\u00e9lo en famille\" class=\"wp-image-4892\"\/><figcaption>\u00c7a commence d\u00e9j\u00e0 \u00e0 grimper&#8230;<\/figcaption><\/figure>\n\n\n\n<p>Le passage par Bulle et ensuite Gruy\u00e8re est superbe aussi et on regrette de ne pas avoir eu le temps de les visiter. Arriv\u00e9e vers 18h dans un chouette camping dans lequel<strong> la grande attraction est le circuit de train \u00e9lectrique g\u00e9ant qui se trouve \u00e0 l\u2019entr\u00e9e.<\/strong> Autant vous dire que nos deux petits gars ne l\u2019ont pas l\u00e2ch\u00e9 d\u2019une semelle pendant toute la soir\u00e9e et matin\u00e9e suivante&nbsp;\ud83d\ude09&nbsp;<br><\/p>\n\n\n\n<figure class=\"wp-block-image\"><img src=\"https:\/\/www.lespetitsbaroudeurs.com\/blog\/wp-content\/uploads\/2020\/03\/DSC00221.jpg\" alt=\"Bulle Suisse \u00e0 v\u00e9lo en famille\" class=\"wp-image-4893\"\/><figcaption>Arriv\u00e9e \u00e0 Bulle, y a des voitures mais au moins c&rsquo;est plat !<\/figcaption><\/figure>\n\n\n\n<h2><strong>De Enney \u00e0 Saanen<\/strong><\/h2>\n\n\n\n<h3>Entre petits villages Suisses et p\u00e2turages<\/h3>\n\n\n\n<p>Apr\u00e8s une bonne premi\u00e8re nuit \u00e0 4 sous la tente (premi\u00e8re fois qu\u2019Emile s\u2019essayait au camping&nbsp;!) on s\u2019est mis en route vers 10h, le long d\u2019une petite rivi\u00e8re. On <strong>parcourt ensuite encore de magnifiques petits villages, on prend de la hauteur<\/strong> (et donc des belles mont\u00e9es), toujours accompagn\u00e9s par le son de cloches des vaches dans les p\u00e2turages.<\/p>\n\n\n\n<figure class=\"wp-block-image\"><img src=\"https:\/\/www.lespetitsbaroudeurs.com\/blog\/wp-content\/uploads\/2020\/03\/DSC00244.jpg\" alt=\"Suisse \u00e0 v\u00e9lo en famille paysage\" class=\"wp-image-4895\"\/><figcaption>Quel cadre magnifique ! M\u00eame si on voit la c\u00f4te qui arrive au loin&#8230;<\/figcaption><\/figure>\n\n\n\n<p>Vers 14h, alors que nous pique-niquons \u00e0 l\u2019ombre d\u2019une ferme dans un hameau, la voisine vient nous proposer de manger sur <strong>sa terrasse couverte et nous offre, en plus d\u2019une ombre bien appr\u00e9ci\u00e9e, du sirop et des p\u00eaches juteuses\u2026 Un d\u00e9lice !<\/strong> Vers 15h, un gros orage avec \u00e9clairs et tonnerre nous tombe dessus et nous nous empressons de mettre les petits \u00e0 l\u2019abri dans la charrette pour avancer jusqu\u2019au village situ\u00e9 \u00e0 quelques kilom\u00e8tres devant nous. On arrive d\u00e9tremp\u00e9s au camping (qu\u2019on avait r\u00e9serv\u00e9 la veille, et heureusement car il ne restait plus une place suppl\u00e9mentaire) de Saanen. Niveau localisation, on a connu mieux. Le camping semble en effet coinc\u00e9 entre la rivi\u00e8re d\u00e9cha\u00een\u00e9e d\u2019un c\u00f4t\u00e9 et les rails de train de l\u2019autre. Et beaucoup beaucoup de caravanes (comme ce sera le cas dans beaucoup de campings que nous croiserons sur notre chemin).<br><\/p>\n\n\n\n<figure class=\"wp-block-image\"><img src=\"https:\/\/www.lespetitsbaroudeurs.com\/blog\/wp-content\/uploads\/2020\/03\/DSC00262.jpg\" alt=\"Suisse \u00e0 v\u00e9lo en famille paysage\" class=\"wp-image-4897\"\/><figcaption>Des sourires radieux avant l&rsquo;orage !<\/figcaption><\/figure>\n\n\n\n<h2><strong>De Saanen \u00e0 Spitz<\/strong><\/h2>\n\n\n\n<h3>Du r\u00e9veil pluvieux au coucher de soleil sur le lac de Thoune<\/h3>\n\n\n\n<figure class=\"wp-block-image\"><img src=\"https:\/\/www.lespetitsbaroudeurs.com\/blog\/wp-content\/uploads\/2020\/03\/DSC00280.jpg\" alt=\"Suisse \u00e0 v\u00e9lo en famille Gstaadt\" class=\"wp-image-4898\"\/><figcaption>D\u00e9part sous la pluie, mais rien ne nous arr\u00eate !<\/figcaption><\/figure>\n\n\n\n<p>Apr\u00e8s une nuit o\u00f9 il n\u2019a cess\u00e9 de pleuvoir, on se r\u00e9veille sous une pluie toujours aussi forte. Heureusement, nous pouvons <strong>profiter du local de cuisine pour manger \u00e0 l\u2019abri et jouer \u00e0 quelques jeux de soci\u00e9t\u00e9 avec les enfants.<\/strong> Nous commen\u00e7ons la journ\u00e9e par une belle et longue mont\u00e9e, sous la pluie, mais qui finit par se disperser en \u00e9pais nuages de brouillard qui s\u2019accrochent aux sommets des montagnes qui nous entourent. Pendant que \u00e7a roupille dans la charrette, on en bave et on d\u00e9guste en m\u00eame temps <strong>ce bonheur d\u2019avancer, de nous sentir vivants, ensemble, au plus pr\u00e8s de cette magnifique nature.<\/strong>&nbsp;A midi, nous pique-niquons dans une gare d\u2019un petit village sur la route, \u00e0 l\u2019abri de la pluie. Les deux gar\u00e7ons sont tellement excit\u00e9s d\u00e8s qu\u2019ils voient un train passer alors une gare\u2026 je ne vous raconte m\u00eame pas&nbsp;\u263a.<\/p>\n\n\n\n<figure class=\"wp-block-image\"><img src=\"https:\/\/www.lespetitsbaroudeurs.com\/blog\/wp-content\/uploads\/2020\/03\/DSC00284.jpg\" alt=\"Suisse \u00e0 v\u00e9lo en famille\" class=\"wp-image-4899\"\/><\/figure>\n\n\n\n<p><strong>Nous arrivons finalement sous un beau soleil couchant au Lac de Thoune<\/strong>. Heureusement qu\u2019il y a de quoi se ravitailler dans chaque village travers\u00e9 ou presque car on peut reprendre des forces pour les derniers kilom\u00e8tres de la journ\u00e9e&nbsp;\u263a Finalement, \u00e0 d\u00e9faut d\u2019avoir trouv\u00e9 le camping pr\u00e9vu et au vu de l\u2019heure tardive, nous logeons dans un petit h\u00f4tel trouv\u00e9 sur notre chemin. Parfait pour faire s\u00e9cher la tente encore tremp\u00e9e de la nuit et pour dormir dans de bons lits\u2026 On profite&nbsp;\u263a<\/p>\n\n\n\n<h2><strong>De Spitz \u00e0 Giswil<\/strong><\/h2>\n\n\n\n<h3>Le charme d&rsquo;Interlaken et voyage en train avec nos v\u00e9los<\/h3>\n\n\n\n<figure class=\"wp-block-image\"><img src=\"https:\/\/www.lespetitsbaroudeurs.com\/blog\/wp-content\/uploads\/2020\/03\/DSC00312.jpg\" alt=\"Suisse \u00e0 v\u00e9lo en famille lac paysage\" class=\"wp-image-4901\"\/><figcaption> Voil\u00e0 de quoi faire oublier la pluie de la veille ! Grand soleil le long du lac de Thoune <\/figcaption><\/figure>\n\n\n\n<p>Petit-d\u00e9jeuner sous un soleil radieux. Arthus s\u2019est d\u00e9j\u00e0 fait un petit copain avec lequel il joue \u00e0 la plaine de jeux de l\u2019h\u00f4tel pendant que nous terminons de pr\u00e9parer nos montures (c\u2019est comme \u00e7a qu\u2019on appelle nos v\u00e9los charg\u00e9s&nbsp;\u263a).<br><strong>La route est de nouveau superbe, on traverse Interlaken qui nous charme d\u00e8s ses premi\u00e8res ruelles\u2026<\/strong> mais qu\u2019on quitte assez vite une fois arriv\u00e9s dans le centre tellement cette jolie ville est assaillie de hordes de touristes. Brienz, au bout du lac de Brienz, est aussi une tr\u00e8s jolie petite ville anim\u00e9e. On y d\u00e9guste une bonne glace en attendant le train. Depuis notre premi\u00e8re journ\u00e9e o\u00f9 les d\u00e9nivel\u00e9s importants nous avaient un peu surpris (et bien fatigu\u00e9s), nous regardons maintenant chaque soir le parcours du lendemain et les d\u00e9nivel\u00e9s pr\u00e9vus. Celui sur la portion de Brienz \u00e0 Giswil d\u2019aujourd\u2019hui \u00e9tait tellement important et long qu\u2019on a r\u00e9alistement d\u00e9cid\u00e9 de ne pas le faire \u00e0 v\u00e9lo.<\/p>\n\n\n\n<figure class=\"wp-block-image\"><img src=\"https:\/\/www.lespetitsbaroudeurs.com\/blog\/wp-content\/uploads\/2020\/03\/DSC00317.jpg\" alt=\"Suisse \u00e0 v\u00e9lo en famille Interlaken\" class=\"wp-image-4902\"\/><figcaption>Savoir prendre le temps de s&rsquo;arr\u00eater et admirer les paysages !<\/figcaption><\/figure>\n\n\n\n<p>Et comme la Suisse est le pays des trains, et bien il est tr\u00e8s facile de monter dans un train dans n\u2019importe quel petit village et d\u2019en descendre tout aussi facilement d\u00e8s qu\u2019on le souhaite. <strong>Tout est pr\u00e9vu pour attacher les v\u00e9los dans le wagon et malgr\u00e9 notre gros chargement, tout rentre sans probl\u00e8mes.<\/strong> La petite heure de train est tr\u00e8s agr\u00e9able et les enfants sont impressionn\u00e9s (et nous aussi) de voir comment le train monte tr\u00e8s abruptement dans la montagne d\u00e8s son d\u00e9part de Brienz. On se regarde plusieurs fois avec Vince en se f\u00e9licitant d\u2019avoir fait ce choix&nbsp;\u263a<\/p>\n\n\n\n<p>Le camping de Giswil est pr\u00e8s de la gare et on arrive sous un soleil radieux. La d\u00e9couverte du camping est une excellente surprise&nbsp;: il est <strong>grand, a\u00e9r\u00e9, tr\u00e8s bien am\u00e9nag\u00e9, avec une super plaine de jeux au bord du lac de Sarnen<\/strong>, un grand espace vert \u00e0 c\u00f4t\u00e9 du lac, du sable pour jouer, un ponton flottant pour sauter et s\u2019amuser dans l\u2019eau. Bref, un petit coin de paradis&nbsp;\u263a<\/p>\n\n\n\n<figure class=\"wp-block-image\"><img src=\"https:\/\/www.lespetitsbaroudeurs.com\/blog\/wp-content\/uploads\/2020\/03\/DSC00352.jpg\" alt=\"Suisse \u00e0 v\u00e9lo en famille train interlaken \" class=\"wp-image-4905\"\/><figcaption>Nos deux passionn\u00e9s de train sont comme des fous dans une gare !<\/figcaption><\/figure>\n\n\n\n<p style=\"background-color:#66bebb\" class=\"has-text-color has-background has-very-light-gray-color\">\u27fc\u27fc\u27fc\u27fc\u27fc\u27fc\u27fc<br>Les Petits Baroudeurs, c&rsquo;est aussi une boutique, o\u00f9 nous testons avec nos enfants tous les produits que nous d\u00e9nichons avec amour et attention pour vous faciliter l&rsquo;aventure en famille !<br><a href=\"https:\/\/www.lespetitsbaroudeurs.com\/blog\/la-route-des-lacs,-traversee-de-la-suisse-a-velo-en-famille\/?utm_source=Blog&amp;utm_medium=Article&amp;utm_campaign=ambassadeur-suisse-a-velo&amp;utm_content=blocvert\">\u27b3\u27b3\u27b3 Je vais voir&nbsp;la&nbsp;boutique<\/a><\/p>\n\n\n\n<h2><strong>De Gizwil \u00e0 Lucerne,&nbsp;f<\/strong>in de notre itin\u00e9rance \u00e0 v\u00e9lo en famille<\/h2>\n\n\n\n<p>Dernier jour de v\u00e9lo pour rejoindre Lucerne, qui n\u2019est plus tr\u00e8s loin. Ce matin, pas de d\u00e9part \u00e0 10h car on profite de ce magnifique camping et du lac de Sarnen. <strong>Quel bonheur, tout simple mais tellement vrai, d\u2019\u00eatre l\u00e0, devant cette \u00e9tendue d\u2019eau entour\u00e9e de montagnes, tous ensemble&nbsp;!<\/strong> On se met finalement en selle vers midi et on roule jusqu\u2019\u00e0 Alpnachstad o\u00f9 nous pique-niquons avec vue sur le funiculaire qui grimpe jusqu\u2019en haut du Mont Pilate\u2026 Cela impressionne beaucoup notre bonhomme de 3 ans&nbsp;! La derni\u00e8re partie jusqu\u2019au centre de Lucerne n\u2019est pas la plus belle puisqu\u2019on longe le lac des Quatre-cantons \u00e0 c\u00f4t\u00e9 de la route avec l\u2019odeur et le bruit des voitures dans notre dos.<\/p>\n\n\n\n<figure class=\"wp-block-image\"><img src=\"https:\/\/www.lespetitsbaroudeurs.com\/blog\/wp-content\/uploads\/2020\/03\/DSC00359.jpg\" alt=\"Suisse \u00e0 v\u00e9lo en famille\" class=\"wp-image-4906\"\/><figcaption>Instant barbotage sur la plage du camping de Gizwil<\/figcaption><\/figure>\n\n\n\n<p>On replonge une t\u00eate dans le lac vers 17h, comme la plupart des suisses pendant les belles journ\u00e9es d\u2019\u00e9t\u00e9. Il y a en effet du <strong>monde un peu partout autour des lacs que nous croisons et toujours une super ambiance familiale<\/strong>.<\/p>\n\n\n\n<p>Et puis, c\u2019est enfin l\u2019arriv\u00e9e \u00e0 Lucerne, apr\u00e8s 5 journ\u00e9es qui nous ont paru des semaines tellement nous avons v\u00e9cu des choses tous ensemble\u2026 Et il faut dire que cette ville est un peu la cerise sur le g\u00e2teau de notre voyage. Le centre historique est authentique et charmant, <strong>ses ponts en bois ajoutent un charme fou \u00e0 la ville et les montagnes qui l\u2019entourent lui donnent un air f\u00e9\u00e9rique.<\/strong> Nous sommes accueillis par une famille de warmshowers qui nous h\u00e9berge dans leur appartement incroyable en plein centre historique\u2026 et qui nous ouvre v\u00e9ritablement les portes de son foyer.<br><\/p>\n\n\n\n<figure class=\"wp-block-image\"><img src=\"https:\/\/www.lespetitsbaroudeurs.com\/blog\/wp-content\/uploads\/2020\/03\/DSC00377.jpg\" alt=\"\" class=\"wp-image-4907\"\/><\/figure>\n\n\n\n<h2><strong>Visite de Lucerne<\/strong><\/h2>\n\n\n\n<p>Les deux jours \u00e0 Lucerne sont \u00e0 la fois bien remplis et tr\u00e8s relax. Le samedi, sous la pluie, nous <strong>visitons un petit march\u00e9 bio et local sur les rives du fleuve<\/strong>, puis nous partons \u00e0 la d\u00e9couverte du fameux <a href=\"https:\/\/www.verkehrshaus.ch\/fr\/page-daccueil.html\ufeff\">mus\u00e9e des transports<\/a>. Un incontournable pour tous (jeunes et moins jeunes\u263a). <strong>Nos deux gar\u00e7ons se sont amus\u00e9s comme des fous<\/strong>, entre les trains \u00e0 faire avancer sur les rails, les machines de chantier \u00e0 leur taille \u00e0 pouvoir conduire et manier seuls, les bateaux et avions dans lesquels on peut monter, 1001 exp\u00e9riences \u00e0 faire et de nouveaut\u00e9s \u00e0 d\u00e9couvrir. Le lendemain, nous partons \u00e0 v\u00e9lo vers le nord de la ville (Nordpol Luzern) o\u00f9 se trouve <strong>une grande plaine de jeux pour enfants et tout un circuit de jeux \u00e0 eau, \u00e0 c\u00f4t\u00e9 de l\u2019eau.<\/strong> Nous ne sommes pas les seuls en ce beau dimanche ensoleill\u00e9 mais il y a de la place pour tout le monde et on s\u2019amuse tous les 4 comme des fous\u00a0!<\/p>\n\n\n\n<p>Le soir, des petits airs de musique ici et l\u00e0 dans la ville nous rendent d\u00e9j\u00e0 un peu nostalgiques de cette semaine \u00e0 v\u00e9lo qui se termine\u2026 en attendant les prochains voyages, tr\u00e8s certainement.<br><\/p>\n\n\n\n<h2><strong>Retour en train avec les v\u00e9los \u00e0 Montreux<\/strong><\/h2>\n\n\n\n<p>Le trajet en train de la gare de Lucerne jusqu\u2019\u00e0 Lausanne se passe de fa\u00e7on tr\u00e8s agr\u00e9able. Il faut dire que quand on a des compartiments pr\u00e9vus pour les v\u00e9los ET d\u2019autres pour les enfants (avec un toboggan, des petites voitures,\u2026 pour jouer), le trajet ne peut QUE se passer \u00e0 merveille. Vive la Suisse\u00a0! A Lausanne, nous changeons de train pour en prendre un plus petit jusqu&rsquo;\u00e0 notre point de d\u00e9part, la Tour de Peilz. Heureusement que les chefs de gare sont sympas et attendent qu\u2019on ait bien d\u00e9charg\u00e9 tout le mat\u00e9riel parce qu\u2019avec toutes nos fontes que nous enlevons des v\u00e9los dans les trains, les deux v\u00e9los, la charrette, et les deux enfants, \u00e7a fait beaucoup \u00e0 transporter en peu de temps (les trains en Suisse ont aussi le luxe d\u2019\u00eatre \u00e0 l\u2019heure\u00a0!).<\/p>\n\n\n\n<figure class=\"wp-block-image\"><img src=\"https:\/\/www.lespetitsbaroudeurs.com\/blog\/wp-content\/uploads\/2020\/03\/DSC00225.jpg\" alt=\"\" class=\"wp-image-4894\"\/><figcaption>Rien de mieux que de d\u00e9couvrir ces paysages \u00e0 v\u00e9lo&#8230;<\/figcaption><\/figure>\n\n\n\n<p><br>Alors, m\u00eame si c\u2019est vrai que la vie co\u00fbte ch\u00e8re en Suisse (m\u00eame en faisant du camping) et que les Suisses ne sont pas toujours tr\u00e8s patients et encourageants lorsque vous \u00eates dans leur chemin avec votre v\u00e9lo, nous avons fait des <strong>rencontres qui resteront grav\u00e9es dans nos m\u00e9moires et avons \u00e9t\u00e9 \u00e9merveill\u00e9s par la nature grandiose qu\u2019on a c\u00f4toy\u00e9e pendant une semaine.<\/strong><\/p>\n\n\n\n<p><em>Cet article relate une aventure en famille du 5 au 12 ao\u00fbt \u00e0 v\u00e9lo le long de la route 9 en Suisse. <br>Il fait partie du programme Ambassadeurs o\u00f9 nous invitons des familles baroudeuses \u00e0 partager leurs exp\u00e9riences avec la communaut\u00e9 des Petits Baroudeurs.<\/em> <br><em><a href=\"https:\/\/www.lespetitsbaroudeurs.com\/blog\/ambassadeurs-familles-baroudeuses\/\">Retrouvez&nbsp;ici&nbsp;tous&nbsp;les&nbsp;d\u00e9tails&nbsp;de&nbsp;notre programme&nbsp;Ambassadeurs.<\/a> <\/em><\/p>\n\n\n\n\n\n\n\n<p style=\"color:#ff6c00\" class=\"has-text-color\">Voici donc la s\u00e9lection de notre boutique pour un voyage \u00e0 v\u00e9lo r\u00e9ussi : <\/p>\n\n\n\n<div class=\"wp-block-columns has-4-columns\">\n<div class=\"wp-block-column\">\n<figure class=\"wp-block-image\"><a href=\"https:\/\/www.lespetitsbaroudeurs.com\/remorque-velo-enfant-80?utm_source=Blog&amp;utm_medium=Article&amp;utm_campaign=ambassadeur-suisse-a-velo\" target=\"_blank\" rel=\"noopener noreferrer\"><img src=\"https:\/\/www.lespetitsbaroudeurs.com\/blog\/wp-content\/uploads\/2019\/02\/choisir-remorque-velo-produit-carriole.jpg\" alt=\"remorque v\u00e9lo enfant thule\" class=\"wp-image-2555\"\/><\/a><figcaption>Remorques v\u00e9lo<br><a href=\"https:\/\/www.lespetitsbaroudeurs.com\/remorque-velo-enfant-80?utm_source=Blog&amp;utm_medium=Article&amp;utm_campaign=ambassadeur-suisse-a-velo\">\u27b3Je d\u00e9couvre<\/a><\/figcaption><\/figure>\n<\/div>\n\n\n\n<div class=\"wp-block-column\">\n<figure class=\"wp-block-image\"><a href=\"https:\/\/www.lespetitsbaroudeurs.com\/casque-velo-enfant-88?utm_source=Blog&amp;utm_medium=Article&amp;utm_campaign=ambassadeur-suisse-a-velo\" target=\"_blank\" rel=\"noopener noreferrer\"><img src=\"https:\/\/www.lespetitsbaroudeurs.com\/blog\/wp-content\/uploads\/2019\/02\/choisir-remorque-velo-produit-casque-enfant.jpg\" alt=\"casque de v\u00e9lo enfant abus\" class=\"wp-image-2556\"\/><\/a><figcaption>Casques v\u00e9lo enfant<br><a href=\"https:\/\/www.lespetitsbaroudeurs.com\/casque-velo-enfant-88?utm_source=Blog&amp;utm_medium=Article&amp;utm_campaign=ambassadeur-suisse-a-velo\">\u27b3Je d\u00e9couvre<\/a><\/figcaption><\/figure>\n<\/div>\n\n\n\n<div class=\"wp-block-column\">\n<figure class=\"wp-block-image\"><a href=\"https:\/\/www.lespetitsbaroudeurs.com\/tente-randonnee-legere-famille-89?utm_source=Blog&amp;utm_medium=Article&amp;utm_campaign=ambassadeur-suisse-a-velo\" target=\"_blank\" rel=\"noopener noreferrer\"><img src=\"https:\/\/www.lespetitsbaroudeurs.com\/blog\/wp-content\/uploads\/2019\/02\/msr-tente-randonnee-4-places.jpg\" alt=\"Tente de randonn\u00e9e l\u00e9g\u00e8res 4 places MSR\" class=\"wp-image-2840\"\/><\/a><figcaption> Tentes l\u00e9g\u00e8res<br><a href=\"https:\/\/www.lespetitsbaroudeurs.com\/tente-randonnee-legere-famille-89?utm_source=Blog&amp;utm_medium=Article&amp;utm_campaign=ambassadeur-suisse-a-velo\" target=\"_blank\" rel=\"noreferrer noopener\" aria-label=\" (opens in a new tab)\">\u27b3Je d\u00e9couvre<\/a> <\/figcaption><\/figure>\n<\/div>\n\n\n\n<div class=\"wp-block-column\">\n<figure class=\"wp-block-image\"><a href=\"https:\/\/www.lespetitsbaroudeurs.com\/sac-couchage-bebe-enfant-duvet-53https:\/\/www.lespetitsbaroudeurs.com\/tente-randonnee-legere-famille-89?utm_source=Blog&amp;utm_medium=Article&amp;utm_campaign=ambassadeur-suisse-a-velo\" target=\"_blank\" rel=\"noopener noreferrer\"><img src=\"https:\/\/www.lespetitsbaroudeurs.com\/blog\/wp-content\/uploads\/2019\/02\/sac-couchage-enfant-deuter-starlight.jpg\" alt=\"Sac de couchage enfant deuter starlight exp\" class=\"wp-image-2841\"\/><\/a><figcaption>Sacs de couchage enfant<br><a href=\"https:\/\/www.lespetitsbaroudeurs.com\/sac-couchage-bebe-enfant-duvet-53https:\/\/www.lespetitsbaroudeurs.com\/tente-randonnee-legere-famille-89?utm_source=Blog&amp;utm_medium=Article&amp;utm_campaign=ambassadeur-suisse-a-velo\" target=\"_blank\" rel=\"noreferrer noopener\" aria-label=\" (opens in a new tab)\">\u27b3Je d\u00e9couvre<\/a><\/figcaption><\/figure>\n<\/div>\n<\/div>\n","protected":false},"excerpt":{"rendered":"<p>Apr\u00e8s une premi\u00e8re exp\u00e9rience d&rsquo;itin\u00e9rance \u00e0 v\u00e9lo \u00e0 3, nos ambassadeurs la famille Matton repartent sur leurs deux roues mais cette fois ci avec un ourson en plus. Pour cette aventure, direction la Suisse le long de la route 9. La Suisse \u00e0 v\u00e9lo en famille, entre monts et merveilles\u2026 D\u00e9but ao\u00fbt 2019, nous sommes [&hellip;]<\/p>\n","protected":false},"author":51,"featured_media":4106,"comment_status":"open","ping_status":"open","sticky":false,"template":"","format":"standard","meta":[],"categories":[153,149],"tags":[160],"yoast_head":"<!-- This site is optimized with the Yoast SEO plugin v14.9 - https:\/\/yoast.com\/wordpress\/plugins\/seo\/ -->\n<title>La route des lacs, travers\u00e9e de la Suisse \u00e0 v\u00e9lo en famille - Les Petits Baroudeurs<\/title>\n<meta name=\"robots\" content=\"index, follow, max-snippet:-1, max-image-preview:large, max-video-preview:-1\" \/>\n<link rel=\"canonical\" href=\"https:\/\/www.lespetitsbaroudeurs.com\/blog\/la-route-des-lacs-traversee-de-la-suisse-a-velo-en-famille\/\" \/>\n<meta property=\"og:locale\" content=\"fr_FR\" \/>\n<meta property=\"og:type\" content=\"article\" \/>\n<meta property=\"og:title\" content=\"La route des lacs, travers\u00e9e de la Suisse \u00e0 v\u00e9lo en famille - Les Petits Baroudeurs\" \/>\n<meta property=\"og:description\" content=\"Apr\u00e8s une premi\u00e8re exp\u00e9rience d&rsquo;itin\u00e9rance \u00e0 v\u00e9lo \u00e0 3, nos ambassadeurs la famille Matton repartent sur leurs deux roues mais cette fois ci avec un ourson en plus. Pour cette aventure, direction la Suisse le long de la route 9. La Suisse \u00e0 v\u00e9lo en famille, entre monts et merveilles\u2026 D\u00e9but ao\u00fbt 2019, nous sommes [&hellip;]\" \/>\n<meta property=\"og:url\" content=\"https:\/\/www.lespetitsbaroudeurs.com\/blog\/la-route-des-lacs-traversee-de-la-suisse-a-velo-en-famille\/\" \/>\n<meta property=\"og:site_name\" content=\"Les Petits Baroudeurs\" \/>\n<meta property=\"article:publisher\" content=\"https:\/\/www.facebook.com\/lespetitsbaroudeurs\/\" \/>\n<meta property=\"article:published_time\" content=\"2020-03-05T15:18:48+00:00\" \/>\n<meta property=\"article:modified_time\" content=\"2020-07-27T10:01:40+00:00\" \/>\n<meta property=\"og:image\" content=\"https:\/\/www.lespetitsbaroudeurs.com\/blog\/wp-content\/uploads\/2020\/07\/couv.jpg\" \/>\n\t<meta property=\"og:image:width\" content=\"1500\" \/>\n\t<meta property=\"og:image:height\" content=\"1000\" \/>\n<meta name=\"twitter:card\" content=\"summary_large_image\" \/>\n<script type=\"application\/ld+json\" class=\"yoast-schema-graph\">{\"@context\":\"https:\/\/schema.org\",\"@graph\":[{\"@type\":\"WebSite\",\"@id\":\"https:\/\/www.lespetitsbaroudeurs.com\/blog\/#website\",\"url\":\"https:\/\/www.lespetitsbaroudeurs.com\/blog\/\",\"name\":\"Les Petits Baroudeurs\",\"description\":\"Le Blog de l&#039;aventure en famille !\",\"potentialAction\":[{\"@type\":\"SearchAction\",\"target\":\"https:\/\/www.lespetitsbaroudeurs.com\/blog\/?s={search_term_string}\",\"query-input\":\"required name=search_term_string\"}],\"inLanguage\":\"fr-FR\"},{\"@type\":\"ImageObject\",\"@id\":\"https:\/\/www.lespetitsbaroudeurs.com\/blog\/la-route-des-lacs-traversee-de-la-suisse-a-velo-en-famille\/#primaryimage\",\"inLanguage\":\"fr-FR\",\"url\":\"https:\/\/www.lespetitsbaroudeurs.com\/blog\/wp-content\/uploads\/2020\/07\/couv.jpg\",\"width\":1500,\"height\":1000},{\"@type\":\"WebPage\",\"@id\":\"https:\/\/www.lespetitsbaroudeurs.com\/blog\/la-route-des-lacs-traversee-de-la-suisse-a-velo-en-famille\/#webpage\",\"url\":\"https:\/\/www.lespetitsbaroudeurs.com\/blog\/la-route-des-lacs-traversee-de-la-suisse-a-velo-en-famille\/\",\"name\":\"La route des lacs, travers\\u00e9e de la Suisse \\u00e0 v\\u00e9lo en famille - Les Petits Baroudeurs\",\"isPartOf\":{\"@id\":\"https:\/\/www.lespetitsbaroudeurs.com\/blog\/#website\"},\"primaryImageOfPage\":{\"@id\":\"https:\/\/www.lespetitsbaroudeurs.com\/blog\/la-route-des-lacs-traversee-de-la-suisse-a-velo-en-famille\/#primaryimage\"},\"author\":{\"@id\":\"https:\/\/www.lespetitsbaroudeurs.com\/blog\/#\/schema\/person\/fa92438a1eb25dad9bfe1c5d6b7f06d0\"},\"inLanguage\":\"fr-FR\",\"potentialAction\":[{\"@type\":\"ReadAction\",\"target\":[\"https:\/\/www.lespetitsbaroudeurs.com\/blog\/la-route-des-lacs-traversee-de-la-suisse-a-velo-en-famille\/\"]}]},{\"@type\":\"Person\",\"@id\":\"https:\/\/www.lespetitsbaroudeurs.com\/blog\/#\/schema\/person\/fa92438a1eb25dad9bfe1c5d6b7f06d0\",\"name\":\"Famille Matton\",\"image\":{\"@type\":\"ImageObject\",\"@id\":\"https:\/\/www.lespetitsbaroudeurs.com\/blog\/#personlogo\",\"inLanguage\":\"fr-FR\",\"url\":\"https:\/\/secure.gravatar.com\/avatar\/fcfe816b361e54507a39745acf50aa39?s=96&d=mm&r=g\",\"caption\":\"Famille Matton\"},\"description\":\"Bonjour, nous c\\u2019est la famille Matton. Nous sommes belges et adorons (encore plus que nos bonnes frites et une bonne bi\\u00e8re fra\\u00eeche) randonner et p\\u00e9daler \\ud83d\\ude42 Il y a d\\u2019abord Vincent, le papa, 29 ans qui est l\\u2019ing\\u00e9nieur de nos exp\\u00e9ditions. Il r\\u00e9fl\\u00e9chit aux aspects logistiques et ses 10 ann\\u00e9es de scoutisme en ont fait un vrai d\\u00e9brouillard! Valentine, la maman, 29 ans, est la r\\u00eaveuse de nos projets. Elle partage et concr\\u00e9tise les 1001 id\\u00e9es qui lui traversent la t\\u00eate, avec enthousiasme et passion. Arthus, 2,5 ans (2016) et Emile, 5 mois (2018), les deux mini-Matton qui ont d\\u00e9j\\u00e0 exp\\u00e9riment\\u00e9 le porte-b\\u00e9b\\u00e9, la charette v\\u00e9lo et le bakfiets (v\\u00e9lo-cargo en France). Ils sont curieux et joyeux, et adorent passer du temps dehors et en famille\\u2026\"}]}<\/script>\n<!-- \/ Yoast SEO plugin. -->","_links":{"self":[{"href":"https:\/\/www.lespetitsbaroudeurs.com\/blog\/wp-json\/wp\/v2\/posts\/4105"}],"collection":[{"href":"https:\/\/www.lespetitsbaroudeurs.com\/blog\/wp-json\/wp\/v2\/posts"}],"about":[{"href":"https:\/\/www.lespetitsbaroudeurs.com\/blog\/wp-json\/wp\/v2\/types\/post"}],"author":[{"embeddable":true,"href":"https:\/\/www.lespetitsbaroudeurs.com\/blog\/wp-json\/wp\/v2\/users\/51"}],"replies":[{"embeddable":true,"href":"https:\/\/www.lespetitsbaroudeurs.com\/blog\/wp-json\/wp\/v2\/comments?post=4105"}],"version-history":[{"count":1,"href":"https:\/\/www.lespetitsbaroudeurs.com\/blog\/wp-json\/wp\/v2\/posts\/4105\/revisions"}],"predecessor-version":[{"id":4381,"href":"https:\/\/www.lespetitsbaroudeurs.com\/blog\/wp-json\/wp\/v2\/posts\/4105\/revisions\/4381"}],"wp:featuredmedia":[{"embeddable":true,"href":"https:\/\/www.lespetitsbaroudeurs.com\/blog\/wp-json\/wp\/v2\/media\/4106"}],"wp:attachment":[{"href":"https:\/\/www.lespetitsbaroudeurs.com\/blog\/wp-json\/wp\/v2\/media?parent=4105"}],"wp:term":[{"taxonomy":"category","embeddable":true,"href":"https:\/\/www.lespetitsbaroudeurs.com\/blog\/wp-json\/wp\/v2\/categories?post=4105"},{"taxonomy":"post_tag","embeddable":true,"href":"https:\/\/www.lespetitsbaroudeurs.com\/blog\/wp-json\/wp\/v2\/tags?post=4105"}],"curies":[{"name":"wp","href":"https:\/\/api.w.org\/{rel}","templated":true}]}}