{"id":4241,"date":"2020-06-09T16:04:02","date_gmt":"2020-06-09T16:04:02","guid":{"rendered":"https:\/\/www.lespetitsbaroudeurs.com\/blog\/open-131\/"},"modified":"2021-07-26T18:20:21","modified_gmt":"2021-07-26T16:20:21","slug":"30-microaventures-en-famille-a-vivre-en-france","status":"publish","type":"post","link":"https:\/\/www.lespetitsbaroudeurs.com\/blog\/30-microaventures-en-famille-a-vivre-en-france\/","title":{"rendered":"30 microaventures en famille \u00e0 vivre en France"},"content":{"rendered":"\n<p>Qui a dit qu&rsquo;il fallait partir \u00e0 l&rsquo;autre bout du monde pour vivre de grandes aventures ? La France nous offre une fabuleuse diversit\u00e9 de paysages, de cultures, de couleurs et de saveurs. <\/p>\n\n\n\n<p>Se laisser bercer par le bruit de la houle et <strong>sentir le parfum iod\u00e9 de la c\u00f4te Atlantique<\/strong>, retrouver ses yeux d&rsquo;enfant face aux <strong>panoramas des sommets Alpins<\/strong>, remonter le temps en arpentant les <strong>vestiges volcaniques du Massif Central<\/strong> ou encore admirer la magie des <strong>rayons du soleil \u00e0 travers les for\u00eats brumeuses des Ardennes<\/strong>&#8230; <\/p>\n\n\n\n<p>Du n\u00e9o-aventurier \u00e0 quatre pattes, aux baroudeur aguerri \u00e9paul\u00e9 par son b\u00e2ton de marche, tout le monde trouvera son terrain de jeu favori et ne pourra que s&rsquo;\u00e9merveiller face \u00e0 la nature.<\/p>\n\n\n\n<figure class=\"wp-block-image size-large\"><img loading=\"lazy\" width=\"1024\" height=\"536\" src=\"https:\/\/www.lespetitsbaroudeurs.com\/blog\/wp-content\/uploads\/2021\/07\/IMG_20181106_001341_054.jpg\" alt=\"jure automne\" class=\"wp-image-6991\" srcset=\"https:\/\/www.lespetitsbaroudeurs.com\/blog\/wp-content\/uploads\/2021\/07\/IMG_20181106_001341_054.jpg 1024w, https:\/\/www.lespetitsbaroudeurs.com\/blog\/wp-content\/uploads\/2021\/07\/IMG_20181106_001341_054-300x157.jpg 300w, https:\/\/www.lespetitsbaroudeurs.com\/blog\/wp-content\/uploads\/2021\/07\/IMG_20181106_001341_054-768x402.jpg 768w\" sizes=\"(max-width: 1024px) 100vw, 1024px\" \/><figcaption><em>Une randonn\u00e9e automnale <del>au Canada<\/del>, heu&#8230; Jura !<\/em><\/figcaption><\/figure>\n\n\n\n<p>Chez Les Petits Baroudeurs, <strong>on aime voyager pour d\u00e9couvrir de nouvelles cultures, mais nous avons aussi \u00e0 c\u0153ur de d\u00e9couvrir toute la beaut\u00e9 autour de chez nous.<\/strong> Pourquoi partir dans l&rsquo;Ouest Am\u00e9ricain quand nous avons le Colorado Proven\u00e7al ? Pourquoi chercher les eaux turquoises des Cara\u00efbes quand nous avons les gorges du Verdon ? <\/p>\n\n\n\n<p>Depuis plusieurs ann\u00e9es, <strong>la famille Ours et notre tribu d&rsquo;ambassadeurs des Petits Baroudeurs arpentent les quatre coins de la France, par tous les temps, toutes les saisons et par toutes les moyens de locomotions.<\/strong><\/p>\n\n\n\n<p>Des voyages \u00e0 deux roues sur les voies vertes ou \u00e0 quatre roues pour les adeptes de la vanlife. Des aventures qui usent les souliers \u00e0 la recherche du meilleur spot pour planter la tente et d&rsquo;autres plus atypiques en compagnie d&rsquo;un \u00e2ne, <strong>il y en a pour tous les go\u00fbts.<\/strong><\/p>\n\n\n\n<figure class=\"wp-block-image size-large\"><img loading=\"lazy\" width=\"1024\" height=\"684\" src=\"https:\/\/www.lespetitsbaroudeurs.com\/blog\/wp-content\/uploads\/2021\/07\/route-du-soleil-1.jpg\" alt=\"van Bretagne\" class=\"wp-image-6994\" srcset=\"https:\/\/www.lespetitsbaroudeurs.com\/blog\/wp-content\/uploads\/2021\/07\/route-du-soleil-1.jpg 1024w, https:\/\/www.lespetitsbaroudeurs.com\/blog\/wp-content\/uploads\/2021\/07\/route-du-soleil-1-300x200.jpg 300w, https:\/\/www.lespetitsbaroudeurs.com\/blog\/wp-content\/uploads\/2021\/07\/route-du-soleil-1-768x513.jpg 768w\" sizes=\"(max-width: 1024px) 100vw, 1024px\" \/><figcaption><em>Road trip en van sur la west-coast bretonne<\/em><\/figcaption><\/figure>\n\n\n\n<p>Des vraies familles \u00e7a veut dire <strong>des parents supers motiv\u00e9s mais qui arriveront quand m\u00eame \u00e0 partir sans un doudou&nbsp;<\/strong>et qui d\u00e9cideront au pierre-feuille-ciseaux qui doit retourner chercher la casquette oubli\u00e9e sous le si\u00e8ge de la voiture. C&rsquo;est aussi <strong>des enfants plein d&rsquo;\u00e9nergie mais qui veulent faire pipi \u00e0 peine partis<\/strong> ou qui ne dormiront que sur le v\u00e9lo ou dans le porte-b\u00e9b\u00e9 pour faire la f\u00eate une fois la nuit venue&#8230; C&rsquo;est \u00e7a voyager en famille, mais quand on rentre \u00e0 la maison, on ne peut s&#8217;emp\u00eacher de penser aux prochaines aventure, non ?<\/p>\n\n\n\n<figure class=\"wp-block-image\"><img src=\"https:\/\/www.lespetitsbaroudeurs.com\/blog\/wp-content\/uploads\/2020\/06\/Carte-activit\u00e9s-France.jpg\" alt=\"carte france s\u00e9lection activit\u00e9s nature \u00e0 faire en famille\" class=\"wp-image-5678\"\/><figcaption><em>Peu importe o\u00f9 vous souhaitez partir, nous avons probablement une aventure \u00e0 vous proposer non loin !<\/em><\/figcaption><\/figure>\n\n\n\n<h2>Des aventures en famille avec un \u00e2ne<\/h2>\n\n\n\n<p><strong>Si Shrek a son \u00e2ne pourquoi pas nous ?<\/strong> Randonner avec un \u00e2ne est un moyen original et ludique d&rsquo;arpenter les sentiers de randonn\u00e9e. V\u00e9ritables sherpas, ils all\u00e8geront le dos des parents et seront de v\u00e9ritables compagnons d&rsquo;aventure pour les enfants.<br><br>Du Jura \u00e0 la Chartreuse en passant par l&rsquo;Ari\u00e8ge, nous vous proposons trois r\u00e9cits d&rsquo;aventure en famille en compagnie d&rsquo;un \u00e2ne.<\/p>\n\n\n\n<figure class=\"wp-block-image size-large\"><img loading=\"lazy\" width=\"1024\" height=\"683\" src=\"https:\/\/www.lespetitsbaroudeurs.com\/blog\/wp-content\/uploads\/2021\/07\/Randonnee-anes-enfants-massif-chartreuse-1.jpg\" alt=\"aventure avec un \u00e2ne\" class=\"wp-image-6993\" srcset=\"https:\/\/www.lespetitsbaroudeurs.com\/blog\/wp-content\/uploads\/2021\/07\/Randonnee-anes-enfants-massif-chartreuse-1.jpg 1024w, https:\/\/www.lespetitsbaroudeurs.com\/blog\/wp-content\/uploads\/2021\/07\/Randonnee-anes-enfants-massif-chartreuse-1-300x200.jpg 300w, https:\/\/www.lespetitsbaroudeurs.com\/blog\/wp-content\/uploads\/2021\/07\/Randonnee-anes-enfants-massif-chartreuse-1-768x512.jpg 768w\" sizes=\"(max-width: 1024px) 100vw, 1024px\" \/><figcaption><em>Mon meilleur copain d&rsquo;aventure !<\/em><\/figcaption><\/figure>\n\n\n\n<h3>Deux jours dans le Jura avec un \u00e2ne<\/h3>\n\n\n\n<p>La famille Ours ne reste pas qu&rsquo;entre ours ! Les autres animaux sont aussi nos amis, alors voici le r\u00e9cit de notre premi\u00e8re exp\u00e9rience de deux jours dans le Jura avec nos deux oursons de 14mois et 3ans, <a href=\"https:\/\/www.lespetitsbaroudeurs.com\/blog\/rando-ane-enfants\/\">\u00e0 d\u00e9couvrir ici<\/a>.<strong> <\/strong><\/p>\n\n\n\n<h3>Une aventure de 6 jours en Ari\u00e8ge avec deux enfants de 1 et 2 ans<\/h3>\n\n\n\n<p>Bivouaquer avec deux jeunes enfants implique de devoir porter les enfants et l&rsquo;\u00e9quipement&#8230; Pour \u00e7a rien de mieux que de se faire accompagner d&rsquo;un \u00e2ne ! C&rsquo;est ce qu&rsquo;a&nbsp;choisi&nbsp;Alexis&nbsp;et&nbsp;Iseure&nbsp;et&nbsp;leurs&nbsp;enfants.<strong>&nbsp;Un&nbsp;r\u00e9cit \u00e0 <a href=\"https:\/\/www.lespetitsbaroudeurs.com\/blog\/micro-aventure-4-rando-avec-ane\/\" target=\"_blank\" rel=\"noreferrer noopener\">d\u00e9couvrir ici<\/a>.<\/strong><\/p>\n\n\n\n<h3>Trois jours de randonn\u00e9e en groupe dans le massif de la Chartreuse<\/h3>\n\n\n\n<p>Rien de mieux que de monter un rebelle \u00e9quipe pour aller randonner en Chartreuse, le tout acompagn\u00e9 par des  \u00e2nes qui raviront les enfants. <strong>Une aventure \u00e0 <a href=\"https:\/\/www.lespetitsbaroudeurs.com\/blog\/randonnee-anes-chartreuse-enfants\/\" target=\"_blank\" rel=\"noreferrer noopener\">d\u00e9couvrir ici<\/a>.<\/strong><\/p>\n\n\n\n<h2>Pour vous aucun h\u00f4tel 5 \u00e9toiles ne vaut une nuit en tente ? Alors d\u00e9couvrez nos id\u00e9es de bivouac en famille  <\/h2>\n\n\n\n<h3>Bivouac dans la Vall\u00e9e de Chamonix<\/h3>\n\n\n\n<p>Lorsque l&rsquo;on parle de bivouac, difficile de ne pas penser \u00e0 la montagne et par la m\u00eame occasion, au Mont Blanc. C&rsquo;est pourquoi Emilie et Fabien ont d\u00e9cid\u00e9 d&rsquo;<strong>amener leur deux petits baroudeurs de 4ans et un an en bivouac dans la vall\u00e9e de Chamonix.<\/strong> Bien qu&rsquo;ils soient habitu\u00e9s \u00e0 bivouaquer, le faire avec deux enfants restait une premi\u00e8re pour ces deux amoureux de la montagne.<br>Comme quoi, avec de l&rsquo;organisation et de la motivation tout est possible ! <strong>Pour d\u00e9couvrir leur r\u00e9cit, <a href=\"https:\/\/www.lespetitsbaroudeurs.com\/blog\/bivouac-en-famille-dans-la-vallee-de-chamonix\/\" target=\"_blank\" rel=\"noreferrer noopener\">c&rsquo;est par ici<\/a> ! <\/strong><\/p>\n\n\n\n<h3>Bivouac au lac des Ch\u00e9serys<\/h3>\n\n\n\n<p><strong>Toujours du c\u00f4t\u00e9 de Chamonix, voici le r\u00e9cit d&rsquo;un bivouac au lac des Ch\u00e9serys avec trois enfants de 8ans, 7ans et un an !<\/strong> Une bonne grimpette mais, comme on dit \u00ab\u00a0c&rsquo;est apr\u00e8s les mont\u00e9es les plus difficiles que viennent les plus belles vues\u00a0\u00bb, voil\u00e0 de quoi vous motiver \u00e0 <strong>suivre les traces de la famille Maes lors de leur <\/strong><a href=\"https:\/\/www.lespetitsbaroudeurs.com\/blog\/bivouac-en-famille-avec-bebe-aux-lacs-cheserys\/\"><strong>bivouac au lac des Ch\u00e9s\u00e9rys.<\/strong><\/a><\/p>\n\n\n\n<figure class=\"wp-block-image size-large\"><img loading=\"lazy\" width=\"1024\" height=\"683\" src=\"https:\/\/www.lespetitsbaroudeurs.com\/blog\/wp-content\/uploads\/2021\/07\/Bivouac-famille-lac-Cheserys-9.jpg\" alt=\"\" class=\"wp-image-6989\" srcset=\"https:\/\/www.lespetitsbaroudeurs.com\/blog\/wp-content\/uploads\/2021\/07\/Bivouac-famille-lac-Cheserys-9.jpg 1024w, https:\/\/www.lespetitsbaroudeurs.com\/blog\/wp-content\/uploads\/2021\/07\/Bivouac-famille-lac-Cheserys-9-300x200.jpg 300w, https:\/\/www.lespetitsbaroudeurs.com\/blog\/wp-content\/uploads\/2021\/07\/Bivouac-famille-lac-Cheserys-9-768x512.jpg 768w\" sizes=\"(max-width: 1024px) 100vw, 1024px\" \/><figcaption><em>Une vue \u00e0 couper le souffle !<\/em><\/figcaption><\/figure>\n\n\n\n<h3>Bivouac au col d&rsquo;Evosges dans le Bugey<\/h3>\n\n\n\n<p>Pour une <strong>randonn\u00e9e facilement accessible pour toute la famille<\/strong> et qui saura vous d\u00e9payser malgr\u00e9 tout, optez pour la r\u00e9gion du Bugey comme la famille de Marie-Cl\u00e9mence qui a d\u00e9cid\u00e9 de <strong>planter la tente au col d\u2019Evosges<\/strong>. <\/p>\n\n\n\n<p><strong><em><font color=\"#008080\">\u00ab\u00a0Nous alternons pour qu\u2019un adulte s\u2019occupe des enfants et que l\u2019autre pr\u00e9pare le repas de midi, s\u00e8che, plie et range tout le mat\u00e9riel.<br>C\u2019est l\u2019occasion pour les enfants de d\u00e9couvrir la faune et la flore et de courir o\u00f9 bon leur semble.\u00a0\u00bb<\/font><\/em><\/strong><font color=\"#008080\"><br><br><\/font>Un r\u00e9cit qui saura vous convaincre aussi de tenter l&rsquo;aventure du bivouac en famille ! <strong><a href=\"https:\/\/www.lespetitsbaroudeurs.com\/blog\/bivouac-famille-bugey\/\">\u00c0 d\u00e9couvrir ici.<\/a><\/strong><\/p>\n\n\n\n<h2>Des id\u00e9es d&rsquo;itin\u00e9raires \u00e0 v\u00e9lo en famille<\/h2>\n\n\n\n<p><strong><em>Pour les amoureux du cir\u00e9 jaune, des mouettes et des moules frites, suivez ces itin\u00e9raires l\u00e0 !<\/em><\/strong><\/p>\n\n\n\n<h3>La V\u00e9lodyss\u00e9e de Morlaix \u00e0 Nantes puis de Nantes \u00e0 La Rochelle<\/h3>\n\n\n\n<p>Chez les Petits Baroudeurs, quand on parle de cyclo-randonn\u00e9e, on en peut s&#8217;emp\u00eacher de penser \u00e0 notre famille ambassadrice les Niaudets. Amoureux incontest\u00e9s du voyage en deux roues (ou plut\u00f4t quatre avec les chariots&#8230;), ils emm\u00e8nent partout leurs trois petits aventuriers. <strong>Ici, ils nous embarquent \u00e0 travers deux \u00e9pisodes sur la c\u00e9l\u00e8bre V\u00e9lodyss\u00e9e en famille.<\/strong><\/p>\n\n\n\n<p><strong>Le premier \u00e9pisode : <\/strong><a href=\"https:\/\/www.lespetitsbaroudeurs.com\/blog\/la-bretagne-en-velo-et-en-famille-sur-la-velodyssee-de-morlaix-a-nantes\/\"><strong>de Morlaix \u00e0 Nantes.<\/strong><\/a><strong><br>Et le second : <\/strong><a href=\"https:\/\/www.lespetitsbaroudeurs.com\/blog\/la-vendee-a-velo-itineraire-de-la-velodyssee-de-nantes-a-la-rochelle\/\"><strong>de Nantes \u00e0 la Rochelle<\/strong><\/a><strong>.<\/strong> <\/p>\n\n\n\n<figure class=\"wp-block-image size-large\"><img loading=\"lazy\" width=\"1024\" height=\"498\" src=\"https:\/\/www.lespetitsbaroudeurs.com\/blog\/wp-content\/uploads\/2021\/07\/20190424_121723.jpg\" alt=\"\" class=\"wp-image-6988\" srcset=\"https:\/\/www.lespetitsbaroudeurs.com\/blog\/wp-content\/uploads\/2021\/07\/20190424_121723.jpg 1024w, https:\/\/www.lespetitsbaroudeurs.com\/blog\/wp-content\/uploads\/2021\/07\/20190424_121723-300x146.jpg 300w, https:\/\/www.lespetitsbaroudeurs.com\/blog\/wp-content\/uploads\/2021\/07\/20190424_121723-768x374.jpg 768w\" sizes=\"(max-width: 1024px) 100vw, 1024px\" \/><figcaption><em>Un bon moment de tranquillit\u00e9 \u00e0 v\u00e9lo !<\/em><\/figcaption><\/figure>\n\n\n\n<h3>La v\u00e9lo francette entre Laval et Anger<\/h3>\n\n\n\n<p>Pr\u00e9c\u00e9demment en bivouac vers Chamonix, les Maes vous font d\u00e9couvrir cette fois un r\u00e9cit de <strong>voyage en itin\u00e9rance \u00e0 v\u00e9lo en famille sur la v\u00e9lo francette, entre Laval et Anger.<\/strong> Un parcours 100% sur une voie verte, tr\u00e8s bien am\u00e9nag\u00e9 et s\u00e9curis\u00e9 le long des chemins de halage des bords de la Mayenne. Une premi\u00e8re pour eux, qu&rsquo;ils ont bien voulu partager avec nous pour en conseiller et en inspirer d&rsquo;autres ! <br><br><em><strong><font color=\"#008080\">\u00ab\u00a0Nous&nbsp;r\u00eavons&nbsp;d\u00e9j\u00e0 \u00e0 d\u2019autres itin\u00e9raires&nbsp;\u2026&nbsp;Malgr\u00e9 la pluie et le froid, tout le monde repart conquis de cette&nbsp;exp\u00e9rience en famille&nbsp;!\u00a0\u00bb<\/font><\/strong><br><\/em><br><strong><a href=\"https:\/\/www.lespetitsbaroudeurs.com\/blog\/bicyclette-en-famille-sur-la-velo-francette-sur-les-bords-de-la-mayenne-de-laval-a-angers\/\">Foncez d\u00e9couvrir leur histoire ici !<\/a><\/strong><\/p>\n\n\n\n<div class=\"wp-block-group\"><div class=\"wp-block-group__inner-container\">\n<p><strong><em>Si vous pr\u00e9f\u00e9rez les ambiances festives du Sud-Ouest, le jambon et les chocolatines, ces id\u00e9es de voyage \u00e0 v\u00e9lo sont pour vous !<\/em><\/strong><\/p>\n<\/div><\/div>\n\n\n\n<h3>La v\u00e9lodyss\u00e9e du sud entre Ychoux et Bayonne<\/h3>\n\n\n\n<p>Pour faire suite \u00e0 l&rsquo;itin\u00e9raire de la Velodyss\u00e9e, voici un autre tron\u00e7ons qui vous emm\u00e8nera vous r\u00e9chauffer le coeur dans le chaleureux Sud-Ouest, <strong>entre Ychoux et Bayonne<\/strong>. Cet itin\u00e9raire est accessible \u00e0 toute la famille, pour preuve, dans ce article, ce sont <strong>trois g\u00e9n\u00e9rations qui embarquent \u00e0 bord de leur v\u00e9lo pour un joli voyage en famille<\/strong>. <strong>Leur r\u00e9cit d&rsquo;aventure est \u00e0 <a href=\"https:\/\/www.lespetitsbaroudeurs.com\/blog\/trois-generations-en-cyclo-rando-itinerante-la-velodyssee-dychoux-a-bayonne\/\" target=\"_blank\" rel=\"noreferrer noopener\">d\u00e9couvrir ici<\/a>. <\/strong><\/p>\n\n\n\n<figure class=\"wp-block-image size-large\"><img loading=\"lazy\" width=\"1024\" height=\"683\" src=\"https:\/\/www.lespetitsbaroudeurs.com\/blog\/wp-content\/uploads\/2021\/07\/velodyssee-sud-famille-jour-2-voie-verte.jpg\" alt=\"\" class=\"wp-image-7000\" srcset=\"https:\/\/www.lespetitsbaroudeurs.com\/blog\/wp-content\/uploads\/2021\/07\/velodyssee-sud-famille-jour-2-voie-verte.jpg 1024w, https:\/\/www.lespetitsbaroudeurs.com\/blog\/wp-content\/uploads\/2021\/07\/velodyssee-sud-famille-jour-2-voie-verte-300x200.jpg 300w, https:\/\/www.lespetitsbaroudeurs.com\/blog\/wp-content\/uploads\/2021\/07\/velodyssee-sud-famille-jour-2-voie-verte-768x512.jpg 768w\" sizes=\"(max-width: 1024px) 100vw, 1024px\" \/><figcaption><em>Trois g\u00e9n\u00e9rations \u00e0 v\u00e9lo sur la V\u00e9lodyss\u00e9e !<\/em><\/figcaption><\/figure>\n\n\n\n<h3>Le canal des deux mers entre Toulouse et Hossegor<\/h3>\n\n\n\n<p><strong>Vous ne savez pas quoi choisir entre l&rsquo;oc\u00e9an et la mer ? <\/strong>Pourquoi ne pas faire les deux, et \u00e0 v\u00e9lo ? C&rsquo;est ce que l&rsquo;on vous propose \u00e0 travers cet article relatant <strong>l&rsquo;aventure d&rsquo;une famille le long du canal des deux mers entre Toulouse et Hossegor pendant 8 jours. <\/strong><a href=\"https:\/\/www.lespetitsbaroudeurs.com\/blog\/velo-famille-toulouse-hossegor\/\"><strong>L&rsquo;aventure est \u00e0 d\u00e9couvrir ici.<\/strong><\/a><\/p>\n\n\n\n<h3>Le Haut Languedoc sur 3 jours<\/h3>\n\n\n\n<p>La famille Ours revient sur notre premi\u00e8re exp\u00e9rience d&rsquo;itin\u00e9rance \u00e0 v\u00e9lo en famille. Pour cette premi\u00e8re, le d\u00e9cor sera la voie verte du Haut Languedoc pendant 3 jours. Un itin\u00e9raire traversant des paysages vari\u00e9s et des petits villages pleins de charme. <strong>Pour lire cette histoire, <a href=\"https:\/\/www.lespetitsbaroudeurs.com\/blog\/voie-verte-haut-languedoc-velo-famille-remorque-enfant\/\" target=\"_blank\" rel=\"noreferrer noopener\">c&rsquo;est par ici<\/a> !<\/strong><\/p>\n\n\n\n<figure class=\"wp-block-image size-large\"><img loading=\"lazy\" width=\"1024\" height=\"768\" src=\"https:\/\/www.lespetitsbaroudeurs.com\/blog\/wp-content\/uploads\/2021\/07\/IMG_1355-small.jpg\" alt=\"\" class=\"wp-image-6990\" srcset=\"https:\/\/www.lespetitsbaroudeurs.com\/blog\/wp-content\/uploads\/2021\/07\/IMG_1355-small.jpg 1024w, https:\/\/www.lespetitsbaroudeurs.com\/blog\/wp-content\/uploads\/2021\/07\/IMG_1355-small-300x225.jpg 300w, https:\/\/www.lespetitsbaroudeurs.com\/blog\/wp-content\/uploads\/2021\/07\/IMG_1355-small-768x576.jpg 768w\" sizes=\"(max-width: 1024px) 100vw, 1024px\" \/><figcaption><em>Le soleil fait son apparition<\/em><\/figcaption><\/figure>\n\n\n\n<h3>Quatre jours dans le Tarn \u00e0 v\u00e9lo<\/h3>\n\n\n\n<p>Un week-end prolong\u00e9 peut aussi \u00eatre id\u00e9al pour voyager sur son v\u00e9lo ! Pour un <strong>itin\u00e9raire de 4 jours sous le soleil, la famille Leguevaque a opt\u00e9 pour un circuit proche de chez eux, dans le Tarn.<\/strong> Accompagn\u00e9 de leurs deux oursons, ils sillonnent les routes du Tarn. Un joli week-end en famille sur le v\u00e9lo avec les nuits en tente, de quoi donner le gout du voyage aux enfants !<br>Cette id\u00e9e <strong>d&rsquo;aventure \u00e0 v\u00e9lo est \u00e0 <a href=\"https:\/\/www.lespetitsbaroudeurs.com\/blog\/vacances-velo-en-famille-tarn\/\" target=\"_blank\" rel=\"noreferrer noopener\">d\u00e9couvrir ici<\/a> !<\/strong><\/p>\n\n\n\n<h3>La Loire \u00e0 v\u00e9lo entre Orl\u00e9ans et Nantes sur 10 jours<\/h3>\n\n\n\n<p>C\u00e9l\u00e8bre pour ses balades fluviales pour d\u00e9couvrir les ch\u00e2teaux, la Loire est tout aussi belle \u00e0 arpenter \u00e0 v\u00e9lo. Dans cet article, embarquez pour un <strong>voyage de 10 jours  entre Orl\u00e9ans et Nantes. Un itin\u00e9raire bucolique le long de la Loire qui vous replongera dans l&rsquo;histoire par ses ch\u00e2teaux somptueu<\/strong>x et vous fera d\u00e9couvrir de magnifiques endroits. <br><strong>Le r\u00e9cit de la famille Matton sur cet itin\u00e9rance \u00e0 v\u00e9lo le long de la Loire est \u00e0 <a href=\"https:\/\/www.lespetitsbaroudeurs.com\/blog\/loire-velo-famille\/\" target=\"_blank\" rel=\"noreferrer noopener\">d\u00e9couvrir ici<\/a>.<\/strong><\/p>\n\n\n\n<figure class=\"wp-block-image size-large\"><img loading=\"lazy\" width=\"1024\" height=\"768\" src=\"https:\/\/www.lespetitsbaroudeurs.com\/blog\/wp-content\/uploads\/2021\/07\/voyage-cyclo-famille-loire-velo-chambord.jpg\" alt=\"\" class=\"wp-image-7001\" srcset=\"https:\/\/www.lespetitsbaroudeurs.com\/blog\/wp-content\/uploads\/2021\/07\/voyage-cyclo-famille-loire-velo-chambord.jpg 1024w, https:\/\/www.lespetitsbaroudeurs.com\/blog\/wp-content\/uploads\/2021\/07\/voyage-cyclo-famille-loire-velo-chambord-300x225.jpg 300w, https:\/\/www.lespetitsbaroudeurs.com\/blog\/wp-content\/uploads\/2021\/07\/voyage-cyclo-famille-loire-velo-chambord-768x576.jpg 768w\" sizes=\"(max-width: 1024px) 100vw, 1024px\" \/><figcaption><em>Hotel pour la nuit dans l&rsquo;auberge de Chambord (on r\u00eave comme on peut)<\/em><\/figcaption><\/figure>\n\n\n\n<p><strong><em>Pour nos amateurs de pain d&rsquo;\u00e9pice ou de bretzels et voulant jouer \u00e0 saute mouton entre la fronti\u00e8re fran\u00e7aise et allemande, vous serez servi par cette balade le long du Rhin !<\/em><\/strong><\/p>\n\n\n\n<h3>Le Rhin \u00e0 v\u00e9lo<\/h3>\n\n\n\n<p>Une \u00e9pop\u00e9e de 10 jours en famille avec deux enfants de 3 ans et un an et demi. Tout commence par le tour du <strong>lac de Constance puis Rhin \u00e0 v\u00e9lo avant de rejoindre l&rsquo;Eurovelo 15 jusqu&rsquo;\u00e0 Strasbourg<\/strong>. Laissez la famille Niaudet vous inspirer \u00e0 travers leur r\u00e9cit de beau <a href=\"https:\/\/www.lespetitsbaroudeurs.com\/blog\/constance-strasbourg-le-rhin-a-velo-en-famille\/\">voyage familiale \u00e0 v\u00e9lo le long du Rhin.<\/a> <\/p>\n\n\n\n<p><strong><em>Envie de rouler au son des cigales et sous le soleil m\u00e9diterran\u00e9en ? Alors suivez ces aventures<\/em><\/strong><\/p>\n\n\n\n<h3>4 jours en Camargue \u00e0 v\u00e9lo<\/h3>\n\n\n\n<p>Maman Ours et Papa Ours vous embarquent dans leur charrette pour arpenter la Camargue \u00e0 v\u00e9lo. 4 jours dans une r\u00e9gion splendide accompagn\u00e9 de nos oursons alors \u00e2g\u00e9s de 4ans et demi et 3 ans.<br><strong>Un tr\u00e8s bon souvenir famille et une super id\u00e9e de balade en famille, <\/strong><a href=\"https:\/\/www.lespetitsbaroudeurs.com\/blog\/camargue-velo-famille-enfant\/\"><strong>qui est \u00e0 lire ici.<\/strong><\/a><\/p>\n\n\n\n<figure class=\"wp-block-image size-large\"><img loading=\"lazy\" width=\"1024\" height=\"683\" src=\"https:\/\/www.lespetitsbaroudeurs.com\/blog\/wp-content\/uploads\/2021\/07\/Velo-Camargue-famille-2.jpg\" alt=\"\" class=\"wp-image-6999\" srcset=\"https:\/\/www.lespetitsbaroudeurs.com\/blog\/wp-content\/uploads\/2021\/07\/Velo-Camargue-famille-2.jpg 1024w, https:\/\/www.lespetitsbaroudeurs.com\/blog\/wp-content\/uploads\/2021\/07\/Velo-Camargue-famille-2-300x200.jpg 300w, https:\/\/www.lespetitsbaroudeurs.com\/blog\/wp-content\/uploads\/2021\/07\/Velo-Camargue-famille-2-768x512.jpg 768w\" sizes=\"(max-width: 1024px) 100vw, 1024px\" \/><figcaption><em>\u00c0 travers vignes<\/em><\/figcaption><\/figure>\n\n\n\n<h3>La Dolce Via et la Via Rhona pendant 5 jours <\/h3>\n\n\n\n<p><strong>La famille Verch\u00e8re est partie tester pour vous la c\u00e9l\u00e8bre voie verte la Dolce Via et la Via Rh\u00f4na.<\/strong> Une tr\u00e8s beau p\u00e9riple de 5 jours en famille avec leur deux enfants de 3 et 1 ans, alternant entre cariole et draisienne. Leur histoire est<strong> <\/strong><a href=\"https:\/\/www.lespetitsbaroudeurs.com\/blog\/la-dolce-via-en-velo-et-draisienne-et-en-famille\/\"><strong>\u00e0 d\u00e9couvrir ici.<\/strong><\/a><\/p>\n\n\n\n<p><em><strong><font color=\"#008080\">\u00ab\u00a0Apr\u00e8s un d\u00e9jeuner sur une belle \u00e9tendue d\u2019herbe, on reprend la route. C\u2019est plat, c\u2019est lisse, les enfants dorment, sous le soleil nous p\u00e9dalons \u00e0 bonne allure le long du Rh\u00f4ne. La vue est reposante et tr\u00e8s diff\u00e9rente de ces derniers jours, c\u2019est tr\u00e8s beau\u00a0\u00bb<\/font><\/strong><\/em><\/p>\n\n\n\n<p><strong><em>Pour se rapprocher des montagnes (mais trop parce que \u00e7a grimpe) et d\u00e9guster du bon fromage, voil\u00e0 deux id\u00e9es d&rsquo;aventures \u00e0 v\u00e9lo en famille !<\/em><\/strong><\/p>\n\n\n\n<h3>Le tour des Bauges<\/h3>\n\n\n\n<p>Un r\u00e9cit qui nous est cher puisqu&rsquo;il se d\u00e9roule dans notre r\u00e9gion de coeur et de vie : les Bauges. Du lac du Bourget jusqu&rsquo;au lac d&rsquo;Annecy en terminant par les gorges du Ch\u00e9ran, ce joli tour de v\u00e9lo sur quatre jours saura vous ravir ! <strong>Le r\u00e9cit de Pierre et Christelle <\/strong><a href=\"https:\/\/www.lespetitsbaroudeurs.com\/blog\/tour-massif-bauges-velo-remorque-enfant\/\"><strong>est \u00e0 d\u00e9couvrir ici<\/strong><\/a><strong>.<\/strong><\/p>\n\n\n\n<figure class=\"wp-block-image size-large\"><img loading=\"lazy\" width=\"1024\" height=\"683\" src=\"https:\/\/www.lespetitsbaroudeurs.com\/blog\/wp-content\/uploads\/2021\/07\/Tour-des-bauges-velo-famille-piste-cyclable-lac-annecy.jpg\" alt=\"\" class=\"wp-image-6996\" srcset=\"https:\/\/www.lespetitsbaroudeurs.com\/blog\/wp-content\/uploads\/2021\/07\/Tour-des-bauges-velo-famille-piste-cyclable-lac-annecy.jpg 1024w, https:\/\/www.lespetitsbaroudeurs.com\/blog\/wp-content\/uploads\/2021\/07\/Tour-des-bauges-velo-famille-piste-cyclable-lac-annecy-300x200.jpg 300w, https:\/\/www.lespetitsbaroudeurs.com\/blog\/wp-content\/uploads\/2021\/07\/Tour-des-bauges-velo-famille-piste-cyclable-lac-annecy-768x512.jpg 768w\" sizes=\"(max-width: 1024px) 100vw, 1024px\" \/><figcaption><em>Les bords du lac d&rsquo;Annecy<\/em><\/figcaption><\/figure>\n\n\n\n<h3>La Bourgogne \u00e0 v\u00e9lo<\/h3>\n\n\n\n<p>Toujours la m\u00eame famille amatrice de cyclo-randonn\u00e9es nous emm\u00e8ne sur les routes \u00e0 la d\u00e9couverte de la Bourgogne. <strong>Leur parcours entre fleuve et vignobles <\/strong><a href=\"https:\/\/www.lespetitsbaroudeurs.com\/blog\/itinerance-a-velo-en-famille-en-bourgogne\/ \"><strong>est \u00e0 retrouver ici !<\/strong><\/a><strong> <\/strong><\/p>\n\n\n\n<p><strong><em>Et si vous n&rsquo;arrivez pas \u00e0 vous d\u00e9cider, pourquoi pas partir pour un tour de France ?<\/em><\/strong><\/p>\n\n\n\n<h3>Un tour de France \u00e0 v\u00e9lo en famille<\/h3>\n\n\n\n<p>Le d\u00e9fi fou de Catherine et Nicolas qui se sont lanc\u00e9s sur un tour de France \u00e0 v\u00e9lo, <a href=\"https:\/\/www.lespetitsbaroudeurs.com\/blog\/tour-de-france-velo-remorque-enfant\/\"><strong>est \u00e0 d\u00e9couvrir ici !<\/strong><\/a><\/p>\n\n\n\n<figure class=\"wp-block-image size-large\"><img loading=\"lazy\" width=\"1024\" height=\"683\" src=\"https:\/\/www.lespetitsbaroudeurs.com\/blog\/wp-content\/uploads\/2021\/07\/Tour-de-France-Famille-1.jpg\" alt=\"\" class=\"wp-image-6995\" srcset=\"https:\/\/www.lespetitsbaroudeurs.com\/blog\/wp-content\/uploads\/2021\/07\/Tour-de-France-Famille-1.jpg 1024w, https:\/\/www.lespetitsbaroudeurs.com\/blog\/wp-content\/uploads\/2021\/07\/Tour-de-France-Famille-1-300x200.jpg 300w, https:\/\/www.lespetitsbaroudeurs.com\/blog\/wp-content\/uploads\/2021\/07\/Tour-de-France-Famille-1-768x512.jpg 768w\" sizes=\"(max-width: 1024px) 100vw, 1024px\" \/><figcaption><em>M\u00eame les poules veulent partir \u00e0 l&rsquo;aventure !<\/em><\/figcaption><\/figure>\n\n\n\n<p>On ne promet pas le champagne sur les Champs-Elys\u00e9e \u00e0 l&rsquo;arriv\u00e9e mais une chose est s\u00fbre, ce p\u00e9riple vous fera voir du pays (et vos jambes vous remercient d&rsquo;avance).<\/p>\n\n\n\n<h2>Des id\u00e9es d&rsquo;itin\u00e9raires nature en van<\/h2>\n\n\n\n<p>Si l&rsquo;on d\u00e9cide de voyager en van c&rsquo;est bien pour <strong>se sentir libre, sans aucune contrainte de logement, d&rsquo;itin\u00e9raire<\/strong> et libre \u00e0 nous de garer le van o\u00f9 l&rsquo;envie nous prend (ou presque, pour cela on vous conseille l&rsquo;incontournable application <em>Park4night<\/em>). M\u00eame si le van en famille exige souvent une maitrise en Tetris pour tout faire rentrer, il n&rsquo;en reste pas moins une exp\u00e9rience unique en famille !<\/p>\n\n\n\n<h3>Surf trip en van en Bretagne<\/h3>\n\n\n\n<p><strong>\u00c0 la recherche d&rsquo;un bon spot pour sortir sa board quand le vent souffle offshore ?<\/strong> Ou simplement envie de se balader sur les grandes plages bretonnes pour renouveler la collection de coquillage du meuble de l&rsquo;entr\u00e9e ?<\/p>\n\n\n\n<p><strong>D\u00e9couvrez <\/strong><a href=\"https:\/\/www.lespetitsbaroudeurs.com\/blog\/van-trip-famille-bretagne\/\"><strong>le surf trip en Bretagne de Magali<\/strong><\/a><strong> du blog <\/strong><a href=\"https:\/\/lesvoyagesdetao.fr\"><strong>Les voyages de Tao<\/strong><\/a><strong>.<\/strong><\/p>\n\n\n\n<figure class=\"wp-block-image size-large\"><img loading=\"lazy\" width=\"1024\" height=\"683\" src=\"https:\/\/www.lespetitsbaroudeurs.com\/blog\/wp-content\/uploads\/2021\/07\/van-trip-bretagne-famille-papa-surf.jpg\" alt=\"\" class=\"wp-image-6998\" srcset=\"https:\/\/www.lespetitsbaroudeurs.com\/blog\/wp-content\/uploads\/2021\/07\/van-trip-bretagne-famille-papa-surf.jpg 1024w, https:\/\/www.lespetitsbaroudeurs.com\/blog\/wp-content\/uploads\/2021\/07\/van-trip-bretagne-famille-papa-surf-300x200.jpg 300w, https:\/\/www.lespetitsbaroudeurs.com\/blog\/wp-content\/uploads\/2021\/07\/van-trip-bretagne-famille-papa-surf-768x512.jpg 768w\" sizes=\"(max-width: 1024px) 100vw, 1024px\" \/><figcaption><em>Le premier arriver dans l&rsquo;eau a gagn\u00e9 !<\/em><\/figcaption><\/figure>\n\n\n\n<h3>Road trip entre Bordeaux et Clermont-Ferrand<\/h3>\n\n\n\n<p>Pour se faire une premi\u00e8re exp\u00e9rience en van am\u00e9nag\u00e9 en famille, le r\u00e9cit d&rsquo;une famille partie pour <strong>un road trip entre Bordeaux et Clermont-Ferrand avec leur petite fille, est <\/strong><a href=\"https:\/\/www.lespetitsbaroudeurs.com\/blog\/voyager-en-van-en-famille-premiere-experience-de-roadtrip-en-van-entre-bordeaux-et-clermont-ferrand\/\"><strong>\u00e0 d\u00e9couvrir ici<\/strong><\/a>.<\/p>\n\n\n\n<h3>Road trip en van de Grenoble \u00e0 la Camargue<\/h3>\n\n\n\n<p>Une autre famille ambassadeur s&rsquo;essaye <strong>au roadtrip en van de Grenoble jusqu&rsquo;en Camargue accompagn\u00e9 de leurs enfants de 4 et 1an et demi<\/strong>.<\/p>\n\n\n\n<p><em><strong><span style=\"color: #008080;\">\u00ab\u00a0Pendant que nous, parents raisonnables, essayons tant bien que mal&nbsp;de&nbsp;d\u00e9monter les deux si\u00e8ges auto, les caser quelque part,&nbsp;&nbsp;installer la table,&nbsp;allumer le gaz&nbsp;et faire cuire les p\u00e2tes, sans mettre le feu ni blesser quelqu\u2019un.\u00a0\u00bb<\/span><\/strong><\/em><\/p>\n\n\n\n<p>Une premi\u00e8re exp\u00e9rience leur en a fait voir de toutes les couleurs mais a convaincu cette famille de retenter l&rsquo;aventure ! Leur histoire \u00e0 bord d&rsquo;un van Volkswagen California est <a href=\"https:\/\/www.lespetitsbaroudeurs.com\/blog\/mesaventures-en-van-en-famille\/\">\u00e0 d\u00e9couvrir ici !<\/a><\/p>\n\n\n\n<h2>Id\u00e9es de randonn\u00e9es en \u00e9t\u00e9<\/h2>\n\n\n\n<p><strong>On va pas se le cacher, randonner en \u00e9t\u00e9 c&rsquo;est quand m\u00eame plaisant. <\/strong>Saison id\u00e9ale pour s&rsquo;initier \u00e0 la randonn\u00e9e, m\u00e9t\u00e9o ensoleill\u00e9e la plupart du temps, temp\u00e9ratures agr\u00e9ables m\u00eame en montagne (attention quand m\u00eame \u00e0 avoir une veste sur soi) et une nature verdoyante berc\u00e9e par le chant des oiseaux. <strong>Alors si vous \u00eates plut\u00f4t une famille estivale, voici deux id\u00e9es d&rsquo;aventure \u00e0 pied en \u00e9t\u00e9. <\/strong><\/p>\n\n\n\n<h3>Conseils, astuces et id\u00e9es pour une randonn\u00e9e en famille<\/h3>\n\n\n\n<p>Pour pr\u00e9parer au mieux vous balades en famille plus ou moins nombreuses, cet article vous donnera <strong>tous les conseils et astuces n\u00e9cessaires pour que tout se passe au mieux.<\/strong> La famille Baranger est une habitu\u00e9e des excursions en tout genre, avec comme terrain de jeu favoris les Bauges (tient tient on dirait que nous sommes voisins). <br><strong>Toutes leurs astuces ainsi que le coup de coeurs <\/strong><a href=\"https:\/\/www.lespetitsbaroudeurs.com\/blog\/petites-histoires-de-balades-dune-famille-buissonniere-devenue-nombreuse\/\"><strong>sont \u00e0 retrouver ici. <\/strong><\/a><\/p>\n\n\n\n<h3>Randonn\u00e9e itin\u00e9rante dans le parc du Morvan<\/h3>\n\n\n\n<p>Envie de partir en randonn\u00e9e avec toute la famille ? Voici le r\u00e9cit d&rsquo;une <strong>randonn\u00e9e inter-g\u00e9n\u00e9rationnelle en itin\u00e9rance, de la grand-m\u00e8re au petits enfants dans le m\u00e9connu et pourtant magnifique parc naturel du Morvan.<\/strong> Nos Belges bourlingueurs vont emm\u00e8nent avec eux sur les sentiers entre for\u00eat remplies de gourmandises et point d&rsquo;eau rafraichissants. <a href=\"https:\/\/www.lespetitsbaroudeurs.com\/blog\/randonnee-en-famille-morvan\/\"><strong>D\u00e9couvrez l&rsquo;article ici.<\/strong><\/a> <\/p>\n\n\n\n<figure class=\"wp-block-image size-large\"><img loading=\"lazy\" width=\"1024\" height=\"768\" src=\"https:\/\/www.lespetitsbaroudeurs.com\/blog\/wp-content\/uploads\/2021\/07\/UNADJUSTEDNONRAW_thumb_dfab.jpg\" alt=\"\" class=\"wp-image-6997\" srcset=\"https:\/\/www.lespetitsbaroudeurs.com\/blog\/wp-content\/uploads\/2021\/07\/UNADJUSTEDNONRAW_thumb_dfab.jpg 1024w, https:\/\/www.lespetitsbaroudeurs.com\/blog\/wp-content\/uploads\/2021\/07\/UNADJUSTEDNONRAW_thumb_dfab-300x225.jpg 300w, https:\/\/www.lespetitsbaroudeurs.com\/blog\/wp-content\/uploads\/2021\/07\/UNADJUSTEDNONRAW_thumb_dfab-768x576.jpg 768w\" sizes=\"(max-width: 1024px) 100vw, 1024px\" \/><figcaption><em>Toute la famille sur les sentiers de randonn\u00e9e<\/em><\/figcaption><\/figure>\n\n\n\n<h3>Randonn\u00e9e sur la route de Compostelle dans la vall\u00e9e de Cele<\/h3>\n\n\n\n<p><strong>La route de Compostelle est un incontournable des randonneurs.<\/strong> Amateurs de randonn\u00e9e mais g\u00e9n\u00e9ralement enfourch\u00e9s sur leur v\u00e9lo, la famille Niaudet a d\u00e9laiss\u00e9 le v\u00e9lo pour une itin\u00e9rance \u00e0 pied. Ils nous racontent leur exp\u00e9rience qui se d\u00e9roule peu de temps apr\u00e8s la naissance de leur troisi\u00e8me oursons. Un voyage fort, dans un cadre charg\u00e9 d&rsquo;histoire o\u00f9 l&rsquo;esprit du p\u00e8lerin r\u00e8gne dans ces paysages calmes et sauvages. <strong>Le r\u00e9cit de leur itin\u00e9rance dans la vall\u00e9e de Cele est \u00e0 <a href=\"https:\/\/www.lespetitsbaroudeurs.com\/blog\/compostelle-famille-vallee-cele\/\" target=\"_blank\" rel=\"noreferrer noopener\">lire ici<\/a>.<\/strong><\/p>\n\n\n\n<h2>Id\u00e9e de randonn\u00e9e en automne<\/h2>\n\n\n\n<h3>Randonn\u00e9e automnale dans le Jura <\/h3>\n\n\n\n<p>L&rsquo;automne est plus capricieux, le soleil joue \u00e0 cache cache entre les nuages et on est jamais \u00e0 l&rsquo;abri de recevoir une bonne averse sur la t\u00eate&#8230; Cela n&#8217;emp\u00eache que l&rsquo;automne reste une saison magnifique pour randonner et admirer les palettes de couleurs qu&rsquo;offrent les arbres. <br><strong>Si vous n&rsquo;avez pas peur d&rsquo;enfiler le cir\u00e9 et les bottes, voici un r\u00e9cit d&rsquo;une <a href=\"https:\/\/www.lespetitsbaroudeurs.com\/blog\/jura-famille-automne\/\">aventure automnale dans le Jura<\/a>. <\/strong><\/p>\n\n\n\n<figure class=\"wp-block-gallery columns-2 is-cropped\"><ul class=\"blocks-gallery-grid\"><li class=\"blocks-gallery-item\"><figure><img loading=\"lazy\" width=\"1024\" height=\"1024\" src=\"https:\/\/www.lespetitsbaroudeurs.com\/blog\/wp-content\/uploads\/2021\/07\/IMG_20181106_220650_565-1024x1024.jpg\" alt=\"\" data-id=\"7003\" data-full-url=\"https:\/\/www.lespetitsbaroudeurs.com\/blog\/wp-content\/uploads\/2021\/07\/IMG_20181106_220650_565.jpg\" data-link=\"https:\/\/www.lespetitsbaroudeurs.com\/blog\/30-microaventures-en-famille-a-vivre-en-france\/img_20181106_220650_565\/\" class=\"wp-image-7003\" srcset=\"https:\/\/www.lespetitsbaroudeurs.com\/blog\/wp-content\/uploads\/2021\/07\/IMG_20181106_220650_565-1024x1024.jpg 1024w, https:\/\/www.lespetitsbaroudeurs.com\/blog\/wp-content\/uploads\/2021\/07\/IMG_20181106_220650_565-300x300.jpg 300w, https:\/\/www.lespetitsbaroudeurs.com\/blog\/wp-content\/uploads\/2021\/07\/IMG_20181106_220650_565-150x150.jpg 150w, https:\/\/www.lespetitsbaroudeurs.com\/blog\/wp-content\/uploads\/2021\/07\/IMG_20181106_220650_565-768x768.jpg 768w, https:\/\/www.lespetitsbaroudeurs.com\/blog\/wp-content\/uploads\/2021\/07\/IMG_20181106_220650_565-1536x1536.jpg 1536w, https:\/\/www.lespetitsbaroudeurs.com\/blog\/wp-content\/uploads\/2021\/07\/IMG_20181106_220650_565-860x860.jpg 860w, https:\/\/www.lespetitsbaroudeurs.com\/blog\/wp-content\/uploads\/2021\/07\/IMG_20181106_220650_565-270x270.jpg 270w, https:\/\/www.lespetitsbaroudeurs.com\/blog\/wp-content\/uploads\/2021\/07\/IMG_20181106_220650_565-540x540.jpg 540w, https:\/\/www.lespetitsbaroudeurs.com\/blog\/wp-content\/uploads\/2021\/07\/IMG_20181106_220650_565-580x580.jpg 580w, https:\/\/www.lespetitsbaroudeurs.com\/blog\/wp-content\/uploads\/2021\/07\/IMG_20181106_220650_565.jpg 1960w\" sizes=\"(max-width: 1024px) 100vw, 1024px\" \/><\/figure><\/li><li class=\"blocks-gallery-item\"><figure><img loading=\"lazy\" width=\"1024\" height=\"1024\" src=\"https:\/\/www.lespetitsbaroudeurs.com\/blog\/wp-content\/uploads\/2021\/07\/IMG_20181107_225732_703-1024x1024.jpg\" alt=\"\" data-id=\"7004\" data-full-url=\"https:\/\/www.lespetitsbaroudeurs.com\/blog\/wp-content\/uploads\/2021\/07\/IMG_20181107_225732_703.jpg\" data-link=\"https:\/\/www.lespetitsbaroudeurs.com\/blog\/30-microaventures-en-famille-a-vivre-en-france\/img_20181107_225732_703\/\" class=\"wp-image-7004\" srcset=\"https:\/\/www.lespetitsbaroudeurs.com\/blog\/wp-content\/uploads\/2021\/07\/IMG_20181107_225732_703-1024x1024.jpg 1024w, https:\/\/www.lespetitsbaroudeurs.com\/blog\/wp-content\/uploads\/2021\/07\/IMG_20181107_225732_703-300x300.jpg 300w, https:\/\/www.lespetitsbaroudeurs.com\/blog\/wp-content\/uploads\/2021\/07\/IMG_20181107_225732_703-150x150.jpg 150w, https:\/\/www.lespetitsbaroudeurs.com\/blog\/wp-content\/uploads\/2021\/07\/IMG_20181107_225732_703-768x768.jpg 768w, https:\/\/www.lespetitsbaroudeurs.com\/blog\/wp-content\/uploads\/2021\/07\/IMG_20181107_225732_703-1536x1536.jpg 1536w, https:\/\/www.lespetitsbaroudeurs.com\/blog\/wp-content\/uploads\/2021\/07\/IMG_20181107_225732_703-860x860.jpg 860w, https:\/\/www.lespetitsbaroudeurs.com\/blog\/wp-content\/uploads\/2021\/07\/IMG_20181107_225732_703-270x270.jpg 270w, https:\/\/www.lespetitsbaroudeurs.com\/blog\/wp-content\/uploads\/2021\/07\/IMG_20181107_225732_703-540x540.jpg 540w, https:\/\/www.lespetitsbaroudeurs.com\/blog\/wp-content\/uploads\/2021\/07\/IMG_20181107_225732_703-580x580.jpg 580w, https:\/\/www.lespetitsbaroudeurs.com\/blog\/wp-content\/uploads\/2021\/07\/IMG_20181107_225732_703.jpg 1960w\" sizes=\"(max-width: 1024px) 100vw, 1024px\" \/><\/figure><\/li><\/ul><figcaption class=\"blocks-gallery-caption\"><em>Cette palette de couleur&#8230; digne d&rsquo;un tableau ! <\/em><\/figcaption><\/figure>\n\n\n\n<h2>Id\u00e9e de randonn\u00e9e en hiver<\/h2>\n\n\n\n<h3>Randonn\u00e9e hivernale en polka dans les Hautes-Alpes<\/h3>\n\n\n\n<p>L&rsquo;hiver n&rsquo;est pas seulement synonyme de ski ou de luge ! Pour les amoureux de la montagne recouverte de son manteau blanc, l&rsquo;hiver ne marque pas la fin des randonn\u00e9es ! De bons v\u00eatements, une paire de raquette et une pulka et en avant vers les sommets blancs !<\/p>\n\n\n\n<p>Pour d\u00e9couvrir la montagne en hiver autrement, voici un article sur une <a href=\"https:\/\/www.lespetitsbaroudeurs.com\/blog\/randonnee-hivernale-famille-pulka\/\">randonn\u00e9e hivernale en famille avec pulka<\/a>. <\/p>\n\n\n\n<figure class=\"wp-block-image size-large\"><img loading=\"lazy\" width=\"1024\" height=\"683\" src=\"https:\/\/www.lespetitsbaroudeurs.com\/blog\/wp-content\/uploads\/2021\/07\/rando-hivernale-famille-pulka-nevache-lac-long.jpg\" alt=\"\" class=\"wp-image-6992\" srcset=\"https:\/\/www.lespetitsbaroudeurs.com\/blog\/wp-content\/uploads\/2021\/07\/rando-hivernale-famille-pulka-nevache-lac-long.jpg 1024w, https:\/\/www.lespetitsbaroudeurs.com\/blog\/wp-content\/uploads\/2021\/07\/rando-hivernale-famille-pulka-nevache-lac-long-300x200.jpg 300w, https:\/\/www.lespetitsbaroudeurs.com\/blog\/wp-content\/uploads\/2021\/07\/rando-hivernale-famille-pulka-nevache-lac-long-768x512.jpg 768w\" sizes=\"(max-width: 1024px) 100vw, 1024px\" \/><figcaption><em>Seul face \u00e0 l&rsquo;immensit\u00e9 blanche des reliefs<\/em><\/figcaption><\/figure>\n\n\n\n<p><strong>Voici donc la s\u00e9lection de notre boutique pour les indispensables d&rsquo;une micro aventure r\u00e9ussie : <\/strong><\/p>\n\n\n\n<div class=\"wp-block-group alignwide\"><div class=\"wp-block-group__inner-container\">\n<div class=\"wp-block-columns alignwide\">\n<div class=\"wp-block-column\">\n<figure class=\"wp-block-image size-large\"><a href=\"https:\/\/www.lespetitsbaroudeurs.com\/sac-a-dos-randonnee-enfant-17\" target=\"_blank\" rel=\"noopener noreferrer\"><img loading=\"lazy\" width=\"800\" height=\"800\" src=\"https:\/\/www.lespetitsbaroudeurs.com\/blog\/wp-content\/uploads\/2016\/08\/sac-a-dos-ecole-ypsilon-deuter.jpg\" alt=\"\" class=\"wp-image-6720\" srcset=\"https:\/\/www.lespetitsbaroudeurs.com\/blog\/wp-content\/uploads\/2016\/08\/sac-a-dos-ecole-ypsilon-deuter.jpg 800w, https:\/\/www.lespetitsbaroudeurs.com\/blog\/wp-content\/uploads\/2016\/08\/sac-a-dos-ecole-ypsilon-deuter-300x300.jpg 300w, https:\/\/www.lespetitsbaroudeurs.com\/blog\/wp-content\/uploads\/2016\/08\/sac-a-dos-ecole-ypsilon-deuter-150x150.jpg 150w, https:\/\/www.lespetitsbaroudeurs.com\/blog\/wp-content\/uploads\/2016\/08\/sac-a-dos-ecole-ypsilon-deuter-768x768.jpg 768w, https:\/\/www.lespetitsbaroudeurs.com\/blog\/wp-content\/uploads\/2016\/08\/sac-a-dos-ecole-ypsilon-deuter-270x270.jpg 270w, https:\/\/www.lespetitsbaroudeurs.com\/blog\/wp-content\/uploads\/2016\/08\/sac-a-dos-ecole-ypsilon-deuter-540x540.jpg 540w, https:\/\/www.lespetitsbaroudeurs.com\/blog\/wp-content\/uploads\/2016\/08\/sac-a-dos-ecole-ypsilon-deuter-580x580.jpg 580w\" sizes=\"(max-width: 800px) 100vw, 800px\" \/><\/a><figcaption><em>Sacs \u00e0 dos enfant<br><\/em><a href=\"https:\/\/www.lespetitsbaroudeurs.com\/sac-a-dos-randonnee-enfant-17\" target=\"_blank\" rel=\"noreferrer noopener\"><em>\u27b3Je d\u00e9couvre<\/em><\/a><\/figcaption><\/figure>\n<\/div>\n\n\n\n<div class=\"wp-block-column\">\n<figure class=\"wp-block-image size-large\"><a href=\"https:\/\/www.lespetitsbaroudeurs.com\/chaussures-rando-sandale-enfant-8?utm_source=Blog&amp;utm_medium=Article&amp;utm_campaign=activite-nature-france&amp;utm_content=lien-texte\" target=\"_blank\" rel=\"noopener noreferrer\"><img loading=\"lazy\" width=\"800\" height=\"800\" src=\"https:\/\/www.lespetitsbaroudeurs.com\/blog\/wp-content\/uploads\/2021\/04\/sandales-marche-bebe-keen-seacamp-bleu-rose.jpg\" alt=\"Sandales de marche b\u00e9b\u00e9\" class=\"wp-image-6108\" srcset=\"https:\/\/www.lespetitsbaroudeurs.com\/blog\/wp-content\/uploads\/2021\/04\/sandales-marche-bebe-keen-seacamp-bleu-rose.jpg 800w, https:\/\/www.lespetitsbaroudeurs.com\/blog\/wp-content\/uploads\/2021\/04\/sandales-marche-bebe-keen-seacamp-bleu-rose-300x300.jpg 300w, https:\/\/www.lespetitsbaroudeurs.com\/blog\/wp-content\/uploads\/2021\/04\/sandales-marche-bebe-keen-seacamp-bleu-rose-150x150.jpg 150w, https:\/\/www.lespetitsbaroudeurs.com\/blog\/wp-content\/uploads\/2021\/04\/sandales-marche-bebe-keen-seacamp-bleu-rose-768x768.jpg 768w, https:\/\/www.lespetitsbaroudeurs.com\/blog\/wp-content\/uploads\/2021\/04\/sandales-marche-bebe-keen-seacamp-bleu-rose-270x270.jpg 270w, https:\/\/www.lespetitsbaroudeurs.com\/blog\/wp-content\/uploads\/2021\/04\/sandales-marche-bebe-keen-seacamp-bleu-rose-540x540.jpg 540w, https:\/\/www.lespetitsbaroudeurs.com\/blog\/wp-content\/uploads\/2021\/04\/sandales-marche-bebe-keen-seacamp-bleu-rose-580x580.jpg 580w\" sizes=\"(max-width: 800px) 100vw, 800px\" \/><\/a><figcaption><em>Sandales et chaussures de rando<br><a rel=\"noreferrer noopener\" href=\"https:\/\/www.lespetitsbaroudeurs.com\/chaussures-rando-sandale-enfant-8?utm_source=Blog&amp;utm_medium=Article&amp;utm_campaign=activite-nature-france&amp;utm_content=lien-texte\" target=\"_blank\">\u27b3Je d\u00e9couvre<\/a><\/em><\/figcaption><\/figure>\n<\/div>\n\n\n\n<div class=\"wp-block-column\">\n<figure class=\"wp-block-image size-large\"><a href=\"https:\/\/www.lespetitsbaroudeurs.com\/gourdes-enfants-15\" target=\"_blank\" rel=\"noopener noreferrer\"><img loading=\"lazy\" width=\"800\" height=\"800\" src=\"https:\/\/www.lespetitsbaroudeurs.com\/blog\/wp-content\/uploads\/2021\/02\/gourde-inox-isotherme-hydroflask-enfant-254ml-fog.jpg\" alt=\"\" class=\"wp-image-5236\" srcset=\"https:\/\/www.lespetitsbaroudeurs.com\/blog\/wp-content\/uploads\/2021\/02\/gourde-inox-isotherme-hydroflask-enfant-254ml-fog.jpg 800w, https:\/\/www.lespetitsbaroudeurs.com\/blog\/wp-content\/uploads\/2021\/02\/gourde-inox-isotherme-hydroflask-enfant-254ml-fog-300x300.jpg 300w, https:\/\/www.lespetitsbaroudeurs.com\/blog\/wp-content\/uploads\/2021\/02\/gourde-inox-isotherme-hydroflask-enfant-254ml-fog-150x150.jpg 150w, https:\/\/www.lespetitsbaroudeurs.com\/blog\/wp-content\/uploads\/2021\/02\/gourde-inox-isotherme-hydroflask-enfant-254ml-fog-768x768.jpg 768w, https:\/\/www.lespetitsbaroudeurs.com\/blog\/wp-content\/uploads\/2021\/02\/gourde-inox-isotherme-hydroflask-enfant-254ml-fog-270x270.jpg 270w, https:\/\/www.lespetitsbaroudeurs.com\/blog\/wp-content\/uploads\/2021\/02\/gourde-inox-isotherme-hydroflask-enfant-254ml-fog-540x540.jpg 540w, https:\/\/www.lespetitsbaroudeurs.com\/blog\/wp-content\/uploads\/2021\/02\/gourde-inox-isotherme-hydroflask-enfant-254ml-fog-580x580.jpg 580w\" sizes=\"(max-width: 800px) 100vw, 800px\" \/><\/a><figcaption><em>Gourdes<br><a href=\"https:\/\/www.lespetitsbaroudeurs.com\/gourdes-enfants-15\" target=\"_blank\" rel=\"noreferrer noopener\">\u27b3Je d\u00e9couvre<\/a><\/em><\/figcaption><\/figure>\n<\/div>\n<\/div>\n<\/div><\/div>\n\n\n\n<p><\/p>\n","protected":false},"excerpt":{"rendered":"<p>Qui a dit qu&rsquo;il fallait partir \u00e0 l&rsquo;autre bout du monde pour vivre de grandes aventures ? La France nous offre une fabuleuse diversit\u00e9 de paysages, de cultures, de couleurs et de saveurs. Se laisser bercer par le bruit de la houle et sentir le parfum iod\u00e9 de la c\u00f4te Atlantique, retrouver ses yeux d&rsquo;enfant [&hellip;]<\/p>\n","protected":false},"author":36,"featured_media":7007,"comment_status":"open","ping_status":"open","sticky":false,"template":"","format":"standard","meta":[],"categories":[150,149],"tags":[],"yoast_head":"<!-- This site is optimized with the Yoast SEO plugin v14.9 - https:\/\/yoast.com\/wordpress\/plugins\/seo\/ -->\n<title>30 microaventures en famille \u00e0 vivre en France - Les Petits Baroudeurs<\/title>\n<meta name=\"robots\" content=\"index, follow, max-snippet:-1, max-image-preview:large, max-video-preview:-1\" \/>\n<link rel=\"canonical\" href=\"https:\/\/www.lespetitsbaroudeurs.com\/blog\/30-microaventures-en-famille-a-vivre-en-france\/\" \/>\n<meta property=\"og:locale\" content=\"fr_FR\" \/>\n<meta property=\"og:type\" content=\"article\" \/>\n<meta property=\"og:title\" content=\"30 microaventures en famille \u00e0 vivre en France - Les Petits Baroudeurs\" \/>\n<meta property=\"og:description\" content=\"Qui a dit qu&rsquo;il fallait partir \u00e0 l&rsquo;autre bout du monde pour vivre de grandes aventures ? La France nous offre une fabuleuse diversit\u00e9 de paysages, de cultures, de couleurs et de saveurs. Se laisser bercer par le bruit de la houle et sentir le parfum iod\u00e9 de la c\u00f4te Atlantique, retrouver ses yeux d&rsquo;enfant [&hellip;]\" \/>\n<meta property=\"og:url\" content=\"https:\/\/www.lespetitsbaroudeurs.com\/blog\/30-microaventures-en-famille-a-vivre-en-france\/\" \/>\n<meta property=\"og:site_name\" content=\"Les Petits Baroudeurs\" \/>\n<meta property=\"article:publisher\" content=\"https:\/\/www.facebook.com\/lespetitsbaroudeurs\/\" \/>\n<meta property=\"article:published_time\" content=\"2020-06-09T16:04:02+00:00\" \/>\n<meta property=\"article:modified_time\" content=\"2021-07-26T16:20:21+00:00\" \/>\n<meta property=\"og:image\" content=\"https:\/\/www.lespetitsbaroudeurs.com\/blog\/wp-content\/uploads\/2020\/06\/MICROAVENTURES.png\" \/>\n\t<meta property=\"og:image:width\" content=\"1136\" \/>\n\t<meta property=\"og:image:height\" content=\"530\" \/>\n<meta name=\"twitter:card\" content=\"summary_large_image\" \/>\n<script type=\"application\/ld+json\" class=\"yoast-schema-graph\">{\"@context\":\"https:\/\/schema.org\",\"@graph\":[{\"@type\":\"WebSite\",\"@id\":\"https:\/\/www.lespetitsbaroudeurs.com\/blog\/#website\",\"url\":\"https:\/\/www.lespetitsbaroudeurs.com\/blog\/\",\"name\":\"Les Petits Baroudeurs\",\"description\":\"Le Blog de l&#039;aventure en famille !\",\"potentialAction\":[{\"@type\":\"SearchAction\",\"target\":\"https:\/\/www.lespetitsbaroudeurs.com\/blog\/?s={search_term_string}\",\"query-input\":\"required name=search_term_string\"}],\"inLanguage\":\"fr-FR\"},{\"@type\":\"ImageObject\",\"@id\":\"https:\/\/www.lespetitsbaroudeurs.com\/blog\/30-microaventures-en-famille-a-vivre-en-france\/#primaryimage\",\"inLanguage\":\"fr-FR\",\"url\":\"https:\/\/www.lespetitsbaroudeurs.com\/blog\/wp-content\/uploads\/2020\/06\/MICROAVENTURES.png\",\"width\":1136,\"height\":530},{\"@type\":\"WebPage\",\"@id\":\"https:\/\/www.lespetitsbaroudeurs.com\/blog\/30-microaventures-en-famille-a-vivre-en-france\/#webpage\",\"url\":\"https:\/\/www.lespetitsbaroudeurs.com\/blog\/30-microaventures-en-famille-a-vivre-en-france\/\",\"name\":\"30 microaventures en famille \\u00e0 vivre en France - Les Petits Baroudeurs\",\"isPartOf\":{\"@id\":\"https:\/\/www.lespetitsbaroudeurs.com\/blog\/#website\"},\"primaryImageOfPage\":{\"@id\":\"https:\/\/www.lespetitsbaroudeurs.com\/blog\/30-microaventures-en-famille-a-vivre-en-france\/#primaryimage\"},\"author\":{\"@id\":\"https:\/\/www.lespetitsbaroudeurs.com\/blog\/#\/schema\/person\/074061ec8b5473878afb9cce3c002d69\"},\"inLanguage\":\"fr-FR\",\"potentialAction\":[{\"@type\":\"ReadAction\",\"target\":[\"https:\/\/www.lespetitsbaroudeurs.com\/blog\/30-microaventures-en-famille-a-vivre-en-france\/\"]}]},{\"@type\":\"Person\",\"@id\":\"https:\/\/www.lespetitsbaroudeurs.com\/blog\/#\/schema\/person\/074061ec8b5473878afb9cce3c002d69\",\"name\":\"C\\u00e9line Lacombe\",\"image\":{\"@type\":\"ImageObject\",\"@id\":\"https:\/\/www.lespetitsbaroudeurs.com\/blog\/#personlogo\",\"inLanguage\":\"fr-FR\",\"url\":\"https:\/\/secure.gravatar.com\/avatar\/f3196c6923379068e921575c340f8486?s=96&d=mm&r=g\",\"caption\":\"C\\u00e9line Lacombe\"},\"description\":\"Amoureuse des montagnes et des voyages, C\\u00e9line est heureuse dans sa tribu familiale avec ses mini baroudeurs et son homme. La cr\\u00e9ation des Petits Baroudeurs est la suite logique de sa passion pour sa famille et pour l'outdoor.\"}]}<\/script>\n<!-- \/ Yoast SEO plugin. -->","_links":{"self":[{"href":"https:\/\/www.lespetitsbaroudeurs.com\/blog\/wp-json\/wp\/v2\/posts\/4241"}],"collection":[{"href":"https:\/\/www.lespetitsbaroudeurs.com\/blog\/wp-json\/wp\/v2\/posts"}],"about":[{"href":"https:\/\/www.lespetitsbaroudeurs.com\/blog\/wp-json\/wp\/v2\/types\/post"}],"author":[{"embeddable":true,"href":"https:\/\/www.lespetitsbaroudeurs.com\/blog\/wp-json\/wp\/v2\/users\/36"}],"replies":[{"embeddable":true,"href":"https:\/\/www.lespetitsbaroudeurs.com\/blog\/wp-json\/wp\/v2\/comments?post=4241"}],"version-history":[{"count":5,"href":"https:\/\/www.lespetitsbaroudeurs.com\/blog\/wp-json\/wp\/v2\/posts\/4241\/revisions"}],"predecessor-version":[{"id":7006,"href":"https:\/\/www.lespetitsbaroudeurs.com\/blog\/wp-json\/wp\/v2\/posts\/4241\/revisions\/7006"}],"wp:featuredmedia":[{"embeddable":true,"href":"https:\/\/www.lespetitsbaroudeurs.com\/blog\/wp-json\/wp\/v2\/media\/7007"}],"wp:attachment":[{"href":"https:\/\/www.lespetitsbaroudeurs.com\/blog\/wp-json\/wp\/v2\/media?parent=4241"}],"wp:term":[{"taxonomy":"category","embeddable":true,"href":"https:\/\/www.lespetitsbaroudeurs.com\/blog\/wp-json\/wp\/v2\/categories?post=4241"},{"taxonomy":"post_tag","embeddable":true,"href":"https:\/\/www.lespetitsbaroudeurs.com\/blog\/wp-json\/wp\/v2\/tags?post=4241"}],"curies":[{"name":"wp","href":"https:\/\/api.w.org\/{rel}","templated":true}]}}