{"id":5695,"date":"2021-04-08T16:00:28","date_gmt":"2021-04-08T14:00:28","guid":{"rendered":"https:\/\/www.lespetitsbaroudeurs.com\/blog\/?p=5695"},"modified":"2023-03-10T11:30:53","modified_gmt":"2023-03-10T10:30:53","slug":"randonnee-itinerante-en-famille-dans-le-queyras","status":"publish","type":"post","link":"https:\/\/www.lespetitsbaroudeurs.com\/blog\/randonnee-itinerante-en-famille-dans-le-queyras\/","title":{"rendered":"Randonn\u00e9e itin\u00e9rante en famille dans le Queyras"},"content":{"rendered":"\n<p><strong>Une randonn\u00e9e itin\u00e9rante de 8 jours dans le Queyras, test\u00e9e et approuv\u00e9e par les Belges Bourlingueurs, qui nous avaient d\u00e9j\u00e0 partag\u00e9 leur micro-aventure du c\u00f4t\u00e9 du Morvan. Ce parc naturel r\u00e9gional situ\u00e9 au c\u0153ur des Hautes-Alpes est une p\u00e9pite regorgeant de magnifiques paysages et de villages traditionnels.<\/strong>&nbsp; <\/p>\n\n\n\n<figure class=\"wp-block-gallery aligncenter columns-2 is-cropped\"><ul class=\"blocks-gallery-grid\"><li class=\"blocks-gallery-item\"><figure><img loading=\"lazy\" width=\"563\" height=\"1000\" src=\"https:\/\/www.lespetitsbaroudeurs.com\/blog\/wp-content\/uploads\/2021\/03\/rando-itinerante-queyras-famille.jpg\" alt=\"\" data-id=\"5741\" data-full-url=\"https:\/\/www.lespetitsbaroudeurs.com\/blog\/wp-content\/uploads\/2021\/03\/rando-itinerante-queyras-famille.jpg\" data-link=\"https:\/\/www.lespetitsbaroudeurs.com\/blog\/rando-itinerante-queyras-famille\/\" class=\"wp-image-5741\" srcset=\"https:\/\/www.lespetitsbaroudeurs.com\/blog\/wp-content\/uploads\/2021\/03\/rando-itinerante-queyras-famille.jpg 563w, https:\/\/www.lespetitsbaroudeurs.com\/blog\/wp-content\/uploads\/2021\/03\/rando-itinerante-queyras-famille-169x300.jpg 169w\" sizes=\"(max-width: 563px) 100vw, 563px\" \/><\/figure><\/li><li class=\"blocks-gallery-item\"><figure><img loading=\"lazy\" width=\"563\" height=\"1000\" src=\"https:\/\/www.lespetitsbaroudeurs.com\/blog\/wp-content\/uploads\/2021\/03\/rando-itinerante-queyras-enfants.jpg\" alt=\"\" data-id=\"5740\" data-full-url=\"https:\/\/www.lespetitsbaroudeurs.com\/blog\/wp-content\/uploads\/2021\/03\/rando-itinerante-queyras-enfants.jpg\" data-link=\"https:\/\/www.lespetitsbaroudeurs.com\/blog\/rando-itinerante-queyras-enfants\/\" class=\"wp-image-5740\" srcset=\"https:\/\/www.lespetitsbaroudeurs.com\/blog\/wp-content\/uploads\/2021\/03\/rando-itinerante-queyras-enfants.jpg 563w, https:\/\/www.lespetitsbaroudeurs.com\/blog\/wp-content\/uploads\/2021\/03\/rando-itinerante-queyras-enfants-169x300.jpg 169w\" sizes=\"(max-width: 563px) 100vw, 563px\" \/><\/figure><\/li><\/ul><figcaption class=\"blocks-gallery-caption\">Une belle petite famille de baroudeurs !<\/figcaption><\/figure>\n\n\n\n<h2>En bref <\/h2>\n\n\n\n<ul id=\"block-5bfbae33-835c-40d9-8b13-8f12827cb3b4\"><li><strong>Activit\u00e9<\/strong> : \u26fa\ufe0f randonn\u00e9e itin\u00e9rante<\/li><li><strong>Lieu<\/strong> : \ud83c\udf33 Parc Naturel R\u00e9gional du Queyras, France<\/li><li><strong>Age des enfants<\/strong> : \ud83d\udc67\ud83e\uddd2 8 et 10 ans<\/li><li><strong>Saison<\/strong> : \u2600\ufe0f \u00e9t\u00e9<\/li><li><strong>Dur\u00e9e<\/strong> : \u23f0 8 jours<\/li><li><strong>Difficult\u00e9<\/strong> : \ud83d\udcaa accessible (mais les enfants doivent \u00eatre capable de porter un minimum d&rsquo;affaires) <\/li><li><strong>Budget<\/strong> : \u20ac<\/li><\/ul>\n\n\n\n<h2>La feuille de route<\/h2>\n\n\n\n<h3>L&rsquo;acc\u00e8s au point de d\u00e9part<\/h3>\n\n\n\n<p>Afin de <strong>rejoindre le point de d\u00e9part<\/strong> de cette belle aventure, il vous suffira de prendre la direction du col de l\u2019Izoard depuis Brian\u00e7on. Il faudra ensuite se diriger vers Cervi\u00e8res, puis <strong>aller en direction des Fonts<\/strong> (D89T). Cet endroit calme en bord de rivi\u00e8re est \u00e9galement un spot r\u00e9f\u00e9renc\u00e9 sur Park4night, o\u00f9 vous pourrez <strong>garer votre camping-car<\/strong>. Profitez-en si vous passez par l\u00e0 <strong>lors de votre van-trip !&nbsp;<\/strong><\/p>\n\n\n<pre><iframe style=\"border: 0;\" src=\"https:\/\/www.google.com\/maps\/embed?pb=!1m18!1m12!1m3!1d2828.9006582956863!2d6.816248523164776!3d44.843956419076555!2m3!1f0!2f0!3f0!3m2!1i1024!2i768!4f13.1!3m3!1m2!1s0x4789df2298beffe3%3A0x3d06c615874463c1!2sLes%20fonts%20de%20Cervieres!5e0!3m2!1sfr!2sfr!4v1615902249078!5m2!1sfr!2sfr\" allowfullscreen=\"allowfullscreen\" width=\"600\" height=\"450\"><\/iframe><br><br><br><\/pre>\n\n\n<h3>L&rsquo;itin\u00e9raire <\/h3>\n\n\n\n<ul><li><strong>Jour 1<\/strong> : des Fonts de Cervi\u00e8res \u00e0 sous le col de P\u00e9as<\/li><li><strong>Jour 2<\/strong> : de sous le col de P\u00e9as \u00e0 Brunissard&nbsp;<\/li><li><strong>Jour 3<\/strong> : de Brunissard au refuge de Furfande&nbsp;<\/li><li><strong>Jour 4<\/strong> : du refuge de Furfande aux Chalmettes<\/li><li><strong>Jour 5<\/strong> : des Chalmettes \u00e0 Saint V\u00e9ran\/Chapelle de Clausis<\/li><li><strong>Jour 6<\/strong> : de Saint V\u00e9ran\/Chapelle de Clausis au lac For\u00e9ant&nbsp;<\/li><li><strong>Jour 7<\/strong> : du lac For\u00e9ant au camping la Monta&nbsp;<\/li><li><strong>Jour 8<\/strong> : retour aux Fonts de Cervi\u00e8res en passant par Abri\u00e8s<\/li><\/ul>\n\n\n\n<figure class=\"wp-block-image size-large\"><img loading=\"lazy\" width=\"1024\" height=\"576\" src=\"https:\/\/www.lespetitsbaroudeurs.com\/blog\/wp-content\/uploads\/2021\/03\/rando-queyras.jpg\" alt=\"randonnee-itinerance-en-famille-queyras\" class=\"wp-image-5710\" srcset=\"https:\/\/www.lespetitsbaroudeurs.com\/blog\/wp-content\/uploads\/2021\/03\/rando-queyras.jpg 1024w, https:\/\/www.lespetitsbaroudeurs.com\/blog\/wp-content\/uploads\/2021\/03\/rando-queyras-300x169.jpg 300w, https:\/\/www.lespetitsbaroudeurs.com\/blog\/wp-content\/uploads\/2021\/03\/rando-queyras-768x432.jpg 768w\" sizes=\"(max-width: 1024px) 100vw, 1024px\" \/><\/figure>\n\n\n\n<h2>Les coups de c\u0153ur et les coups de mou <\/h2>\n\n\n\n<h3>Les coups de c\u0153ur <\/h3>\n\n\n\n<p>Ce que Magali et sa tribu retiennent <strong>de cette micro-aventure<\/strong> : <\/p>\n\n\n\n<ul><li>De <strong>superbes paysages<\/strong> et lieux de baignade&nbsp;<\/li><li>Croiser la route d&rsquo;animaux <strong>qui peuplent nos montagnes&nbsp;<\/strong><\/li><li>Faire <strong>plein de belles photos<\/strong> et profiter au maximum !<\/li><\/ul>\n\n\n\n<figure class=\"wp-block-image size-full\"><img loading=\"lazy\" width=\"1024\" height=\"576\" src=\"https:\/\/www.lespetitsbaroudeurs.com\/blog\/wp-content\/uploads\/2021\/03\/rando-queyras-tente.jpg\" alt=\"randonnee-itinerante-queyras-bivouac\" class=\"wp-image-5717\" srcset=\"https:\/\/www.lespetitsbaroudeurs.com\/blog\/wp-content\/uploads\/2021\/03\/rando-queyras-tente.jpg 1024w, https:\/\/www.lespetitsbaroudeurs.com\/blog\/wp-content\/uploads\/2021\/03\/rando-queyras-tente-300x169.jpg 300w, https:\/\/www.lespetitsbaroudeurs.com\/blog\/wp-content\/uploads\/2021\/03\/rando-queyras-tente-768x432.jpg 768w\" sizes=\"(max-width: 1024px) 100vw, 1024px\" \/><figcaption>Des baroudeurs au repos <\/figcaption><\/figure>\n\n\n\n<h3>Les coups de mou <\/h3>\n\n\n\n<p>La <strong>m\u00e9t\u00e9o capricieuse<\/strong> des premiers jours et par chance c\u2019est le seul point un peu moins bon de cette <strong>randonn\u00e9e itin\u00e9rante dans le Queyras ! <\/strong><\/p>\n\n\n\n<h2>Les 3 indispensables<\/h2>\n\n\n\n<p>A moins de vouloir dormir \u00e0 la belle \u00e9toile et manger des repas froids tout le long du trek, le mieux est quand m\u00eame<strong> d\u2019emporter une bonne tente<\/strong> et un r\u00e9chaud ! Et en prime on oublie pas l\u2019appareil photo, si on veut <strong>immortaliser les paysages<\/strong> et autres rencontres sauvages faites le long du chemin. Cela reste le meilleur moyen <strong>de garder de bons souvenirs<\/strong> des vacances en famille !<\/p>\n\n\n\n<h2>L&rsquo;aventure <\/h2>\n\n\n\n<h3>Un d\u00e9but pas tr\u00e8s chanceux&#8230;<\/h3>\n\n\n\n<p>D\u00e8s les premiers jours de leur <strong>randonn\u00e9e itin\u00e9rante dans le Queyras<\/strong>, on peut dire que nos belges Bourlingueurs n\u2019ont pas eu beaucoup de chance. En effet, ils se souviendront longtemps de l\u2019orage de gr\u00eale accompagn\u00e9 du vent durant la premi\u00e8re nuit. On pourrait se dire que ce n\u2019est pas vraiment motivant pour le reste du s\u00e9jour ! Surtout \u00e0 2500m d\u2019altitude on a l\u2019impression que le ciel est en train de nous tomber sur la t\u00eate. Heureusement <strong>gr\u00e2ce \u00e0 leur super tente<\/strong>, nos Belges Bourlingueurs ont pu rester au sec toute la nuit. Ce qui ne fut pas le cas de la tente elle-m\u00eame apr\u00e8s avoir baign\u00e9 dans l&rsquo;eau pendant plusieurs heures. <\/p>\n\n\n\n<figure class=\"wp-block-gallery columns-2 is-cropped\"><ul class=\"blocks-gallery-grid\"><li class=\"blocks-gallery-item\"><figure><img loading=\"lazy\" width=\"563\" height=\"1000\" src=\"https:\/\/www.lespetitsbaroudeurs.com\/blog\/wp-content\/uploads\/2021\/03\/rando-itinerante-queyras-refuge.jpg\" alt=\"\" data-id=\"5727\" data-full-url=\"https:\/\/www.lespetitsbaroudeurs.com\/blog\/wp-content\/uploads\/2021\/03\/rando-itinerante-queyras-refuge.jpg\" data-link=\"https:\/\/www.lespetitsbaroudeurs.com\/blog\/rando-itinerante-queyras-refuge\/\" class=\"wp-image-5727\" srcset=\"https:\/\/www.lespetitsbaroudeurs.com\/blog\/wp-content\/uploads\/2021\/03\/rando-itinerante-queyras-refuge.jpg 563w, https:\/\/www.lespetitsbaroudeurs.com\/blog\/wp-content\/uploads\/2021\/03\/rando-itinerante-queyras-refuge-169x300.jpg 169w\" sizes=\"(max-width: 563px) 100vw, 563px\" \/><\/figure><\/li><li class=\"blocks-gallery-item\"><figure><img loading=\"lazy\" width=\"563\" height=\"1000\" src=\"https:\/\/www.lespetitsbaroudeurs.com\/blog\/wp-content\/uploads\/2021\/03\/rando-itinerante-queyras-feu.jpg\" alt=\"\" data-id=\"5724\" data-full-url=\"https:\/\/www.lespetitsbaroudeurs.com\/blog\/wp-content\/uploads\/2021\/03\/rando-itinerante-queyras-feu.jpg\" data-link=\"https:\/\/www.lespetitsbaroudeurs.com\/blog\/rando-itinerante-queyras-feu\/\" class=\"wp-image-5724\" srcset=\"https:\/\/www.lespetitsbaroudeurs.com\/blog\/wp-content\/uploads\/2021\/03\/rando-itinerante-queyras-feu.jpg 563w, https:\/\/www.lespetitsbaroudeurs.com\/blog\/wp-content\/uploads\/2021\/03\/rando-itinerante-queyras-feu-169x300.jpg 169w\" sizes=\"(max-width: 563px) 100vw, 563px\" \/><\/figure><\/li><\/ul><\/figure>\n\n\n\n<p>Comme si cette 1\u00e8re nuit avait donn\u00e9 le ton, la famille de Magali n\u2019a pas \u00e9t\u00e9 beaucoup plus chanceuse le lendemain <strong>avec un second orage<\/strong> en passant le col de P\u00e9as. Pas d\u2019autres choix que de vite redescendre se mettre \u00e0 l\u2019abri !&nbsp;Finalement le 3\u00e8me jour, alors que la m\u00e9t\u00e9o ne s\u2019\u00e9tait toujours pas d\u00e9cid\u00e9e \u00e0 \u00eatre cl\u00e9mente, Magali a pr\u00e9f\u00e9r\u00e9 <strong>faire dormir sa petite tribu dans un refuge<\/strong>. Mais ses petits loups lui ont avou\u00e9 pr\u00e9f\u00e9rer dormir sous la tente et on les comprend, quel plaisir <strong>de bivouaquer en pleine nature !<\/strong><\/p>\n\n\n\n<h3>&#8230;Pour finir au top ! <\/h3>\n\n\n\n<p>Heureusement, ces petits tracas du d\u00e9but ont pu \u00eatre vite oubli\u00e9s gr\u00e2ce \u00e0 une suite d\u2019aventure plus que prometteuse&#8230;<\/p>\n\n\n\n<p>Comme Magali et sa tribu, vous pourrez profiter de <strong>superbes paysages<\/strong> tout le long du chemin, avec en prime <strong>un super spot de baignade<\/strong> sous une cascade, juste avant d\u2019arriver \u00e0 Saint-V\u00e9ran. Vous aurez peut-\u00eatre la chance vous aussi <strong>de dormir pr\u00e8s des bouquetins<\/strong> au lac For\u00e9ant et de croiser une partie de la faune locale telle que des <strong>marmottes, chamois ou encore rapaces.&nbsp;<\/strong><\/p>\n\n\n\n<figure class=\"wp-block-gallery columns-2 is-cropped\"><ul class=\"blocks-gallery-grid\"><li class=\"blocks-gallery-item\"><figure><img loading=\"lazy\" width=\"1024\" height=\"576\" src=\"https:\/\/www.lespetitsbaroudeurs.com\/blog\/wp-content\/uploads\/2021\/03\/rando-queyras-bivouac.jpg\" alt=\"\" data-id=\"5711\" data-full-url=\"https:\/\/www.lespetitsbaroudeurs.com\/blog\/wp-content\/uploads\/2021\/03\/rando-queyras-bivouac.jpg\" data-link=\"https:\/\/www.lespetitsbaroudeurs.com\/blog\/rando-queyras-bivouac\/\" class=\"wp-image-5711\" srcset=\"https:\/\/www.lespetitsbaroudeurs.com\/blog\/wp-content\/uploads\/2021\/03\/rando-queyras-bivouac.jpg 1024w, https:\/\/www.lespetitsbaroudeurs.com\/blog\/wp-content\/uploads\/2021\/03\/rando-queyras-bivouac-300x169.jpg 300w, https:\/\/www.lespetitsbaroudeurs.com\/blog\/wp-content\/uploads\/2021\/03\/rando-queyras-bivouac-768x432.jpg 768w\" sizes=\"(max-width: 1024px) 100vw, 1024px\" \/><\/figure><\/li><li class=\"blocks-gallery-item\"><figure><img loading=\"lazy\" width=\"1024\" height=\"576\" src=\"https:\/\/www.lespetitsbaroudeurs.com\/blog\/wp-content\/uploads\/2021\/03\/rando-queyras-bouquetin.jpg\" alt=\"\" data-id=\"5712\" data-full-url=\"https:\/\/www.lespetitsbaroudeurs.com\/blog\/wp-content\/uploads\/2021\/03\/rando-queyras-bouquetin.jpg\" data-link=\"https:\/\/www.lespetitsbaroudeurs.com\/blog\/rando-queyras-bouquetin\/\" class=\"wp-image-5712\" srcset=\"https:\/\/www.lespetitsbaroudeurs.com\/blog\/wp-content\/uploads\/2021\/03\/rando-queyras-bouquetin.jpg 1024w, https:\/\/www.lespetitsbaroudeurs.com\/blog\/wp-content\/uploads\/2021\/03\/rando-queyras-bouquetin-300x169.jpg 300w, https:\/\/www.lespetitsbaroudeurs.com\/blog\/wp-content\/uploads\/2021\/03\/rando-queyras-bouquetin-768x432.jpg 768w\" sizes=\"(max-width: 1024px) 100vw, 1024px\" \/><\/figure><\/li><\/ul><\/figure>\n\n\n\n<p>Vous profiterez aussi de <strong>baignades dans un cadre exceptionnel<\/strong> et de lieux magiques o\u00f9 planter la tente, et ce pendant toute la dur\u00e9e de cette aventure dans le Queyras. Tout cela \u00e9tant <strong>tr\u00e8s accessible, m\u00eame avec des enfants<\/strong>. L\u2019itin\u00e9raire permet r\u00e9guli\u00e8rement de croiser la route de <strong>petits villages alpins<\/strong>, ce qui est rassurant : en cas de p\u00e9pin, la civilisation n\u2019est jamais tr\u00e8s loin !<\/p>\n\n\n\n<p>La famille de Magali est compos\u00e9e de bons marcheurs ! En effet, ses petits loups de 8 et 10 ans portaient <strong>chacun un sac de 6kg<\/strong>.&nbsp;Les enfants, m\u00eame petits, peuvent participer \u00e0 l\u2019effort collectif, tout en s\u2019adaptant bien s\u00fbr \u00e0 leurs capacit\u00e9s. Cela permet de les responsabiliser et aussi de <strong>r\u00e9partir un peu le poids que vous avez \u00e0 porter.&nbsp;<\/strong><\/p>\n\n\n\n<h2>Niveau budget <\/h2>\n\n\n\n<p>Comme nous le dit si bien Magali : \u201cla rando, c\u2019est gratuit!\u201d. L\u2019avantage d\u2019emporter la tente, c\u2019est qu\u2019il n\u2019y a pas besoin de payer le refuge tous les soirs. Comptez<strong> environ 50 euros par adulte et 40 euros par enfant <\/strong>pour une nuit en \u00bd pension. Parfait si vous voulez varier les plaisirs entre bivouac et <strong>nuit un peu plus confortable<\/strong> (o\u00f9 en cas de doute sur la m\u00e9t\u00e9o du soir !). <\/p>\n\n\n\n<p>Si vous avez envie de <strong>ravir vos papilles<\/strong>, vous pouvez vous diriger les yeux ferm\u00e9s vers le G\u00eete et restaurant le Grand Rochebrune \u00e0 Souliers. Vous pourrez y profiter de bons petits plats cuisin\u00e9s avec des produits locaux, tout en ayant une <strong>vue imprenable sur les montagnes alentour<\/strong>. Dans le m\u00eame genre, Magali et sa tribu nous conseillent le refuge des Fonts de Cervi\u00e8res ou celui de Furfande. De quoi <strong>bien se restaurer<\/strong> tout le long de cette randonn\u00e9e itin\u00e9rante dans le  Queyras ! <\/p>\n\n\n\n<h2>En conclusion<\/h2>\n\n\n\n<p>Entre <strong>paysages extraordinaires, endroits propices \u00e0 la baignade et chouettes rencontres humaines et animales<\/strong>, nos Belges Bourlingueurs ont \u00e9t\u00e9 conquis par ce trek accessible avec des enfants !<\/p>\n\n\n\n<figure class=\"wp-block-image size-large\"><img loading=\"lazy\" width=\"1024\" height=\"576\" src=\"https:\/\/www.lespetitsbaroudeurs.com\/blog\/wp-content\/uploads\/2021\/03\/rando-queyras-cailloux.jpg\" alt=\"randonnee-itinerante-queyras-paysage\" class=\"wp-image-5713\" srcset=\"https:\/\/www.lespetitsbaroudeurs.com\/blog\/wp-content\/uploads\/2021\/03\/rando-queyras-cailloux.jpg 1024w, https:\/\/www.lespetitsbaroudeurs.com\/blog\/wp-content\/uploads\/2021\/03\/rando-queyras-cailloux-300x169.jpg 300w, https:\/\/www.lespetitsbaroudeurs.com\/blog\/wp-content\/uploads\/2021\/03\/rando-queyras-cailloux-768x432.jpg 768w\" sizes=\"(max-width: 1024px) 100vw, 1024px\" \/><figcaption>Une aventure pour en prendre plein les yeux !<\/figcaption><\/figure>\n\n\n\n<p>Alors \u00eates-vous convaincus pour<strong> tester vous aussi cette micro-aventure en famille ?<\/strong><\/p>\n\n\n\n<p>Un grand merci \u00e0 Magali de nous avoir partag\u00e9 son exp\u00e9rience en famille ! Si vous aussi vous avez envie de nous raconter <strong>un bivouac, un trek, une itin\u00e9rance \u00e0 v\u00e9lo, un vantrip ou encore une nuit dans un h\u00e9bergement insolite<\/strong>, vous pouvez le faire <a rel=\"noreferrer noopener\" href=\"https:\/\/lespetitsbaroudeurs.typeform.com\/to\/XuiSDdhe\" target=\"_blank\">juste ici<\/a>. Venez nous aider \u00e0 <strong>promouvoir l&rsquo;aventure en famille !<\/strong><\/p>\n\n\n\n<h2>HEY, SI ON \u00c9QUIPAIT VOS PETITS BAROUDEURS ?<\/h2>\n\n\n\n<p>Chez les Petits Baroudeurs, nous&nbsp;<strong>d\u00e9nichons avec soin et amour<\/strong>&nbsp;les produits utiles \u00e0 vos aventures en famille.&nbsp;<strong>Nous les testons<\/strong>&nbsp;avec nos Oursons, les cousins, les amis de nos loupiots \u2013 quand nos enfants sont trop grands pour tester eux m\u00eame. Et&nbsp;<strong>nous ne s\u00e9lectionnons que les meilleurs produits&nbsp;<\/strong>pour vous les proposer.<\/p>\n\n\n\n<p>Voici donc la s\u00e9lection de notre boutique pour une randonn\u00e9e itin\u00e9rante en famille : <\/p>\n\n\n\n<div class=\"wp-block-group alignwide\"><div class=\"wp-block-group__inner-container\">\n<div class=\"wp-block-columns alignwide\">\n<div class=\"wp-block-column\">\n<figure class=\"wp-block-image size-large is-resized\"><a href=\"https:\/\/www.lespetitsbaroudeurs.com\/tente-randonnee-legere-famille-89\" target=\"_blank\" rel=\"noopener noreferrer\"><img loading=\"lazy\" src=\"https:\/\/www.lespetitsbaroudeurs.com\/blog\/wp-content\/uploads\/2021\/03\/elixir-4-msr.jpg\" alt=\"tente-randonnee-itinerante-queyras\" class=\"wp-image-5666\" width=\"300\" height=\"300\" srcset=\"https:\/\/www.lespetitsbaroudeurs.com\/blog\/wp-content\/uploads\/2021\/03\/elixir-4-msr.jpg 800w, https:\/\/www.lespetitsbaroudeurs.com\/blog\/wp-content\/uploads\/2021\/03\/elixir-4-msr-300x300.jpg 300w, https:\/\/www.lespetitsbaroudeurs.com\/blog\/wp-content\/uploads\/2021\/03\/elixir-4-msr-150x150.jpg 150w, https:\/\/www.lespetitsbaroudeurs.com\/blog\/wp-content\/uploads\/2021\/03\/elixir-4-msr-768x768.jpg 768w, https:\/\/www.lespetitsbaroudeurs.com\/blog\/wp-content\/uploads\/2021\/03\/elixir-4-msr-270x270.jpg 270w, https:\/\/www.lespetitsbaroudeurs.com\/blog\/wp-content\/uploads\/2021\/03\/elixir-4-msr-540x540.jpg 540w, https:\/\/www.lespetitsbaroudeurs.com\/blog\/wp-content\/uploads\/2021\/03\/elixir-4-msr-580x580.jpg 580w\" sizes=\"(max-width: 300px) 100vw, 300px\" \/><\/a><figcaption>Tentes de randonn\u00e9e l\u00e9g\u00e8res<br><a href=\"https:\/\/www.lespetitsbaroudeurs.com\/tente-randonnee-legere-famille-89\" target=\"_blank\" rel=\"noreferrer noopener\">Je d\u00e9couvre<\/a><\/figcaption><\/figure>\n\n\n\n<div class=\"wp-block-buttons\"><\/div>\n<\/div>\n\n\n\n<div class=\"wp-block-column\">\n<figure class=\"wp-block-image size-large is-resized\"><a href=\"https:\/\/www.lespetitsbaroudeurs.com\/chaussure-randonnee-enfant-51\" target=\"_blank\" rel=\"noopener noreferrer\"><img loading=\"lazy\" src=\"https:\/\/www.lespetitsbaroudeurs.com\/blog\/wp-content\/uploads\/2021\/02\/chaussure-randonnee-enfant-kimberfeel-kangri-1.jpg\" alt=\"chaussures-pour-randonnee-itinerante-queyras\" class=\"wp-image-5406\" width=\"300\" height=\"300\" srcset=\"https:\/\/www.lespetitsbaroudeurs.com\/blog\/wp-content\/uploads\/2021\/02\/chaussure-randonnee-enfant-kimberfeel-kangri-1.jpg 800w, https:\/\/www.lespetitsbaroudeurs.com\/blog\/wp-content\/uploads\/2021\/02\/chaussure-randonnee-enfant-kimberfeel-kangri-1-300x300.jpg 300w, https:\/\/www.lespetitsbaroudeurs.com\/blog\/wp-content\/uploads\/2021\/02\/chaussure-randonnee-enfant-kimberfeel-kangri-1-150x150.jpg 150w, https:\/\/www.lespetitsbaroudeurs.com\/blog\/wp-content\/uploads\/2021\/02\/chaussure-randonnee-enfant-kimberfeel-kangri-1-768x768.jpg 768w, https:\/\/www.lespetitsbaroudeurs.com\/blog\/wp-content\/uploads\/2021\/02\/chaussure-randonnee-enfant-kimberfeel-kangri-1-270x270.jpg 270w, https:\/\/www.lespetitsbaroudeurs.com\/blog\/wp-content\/uploads\/2021\/02\/chaussure-randonnee-enfant-kimberfeel-kangri-1-540x540.jpg 540w, https:\/\/www.lespetitsbaroudeurs.com\/blog\/wp-content\/uploads\/2021\/02\/chaussure-randonnee-enfant-kimberfeel-kangri-1-580x580.jpg 580w\" sizes=\"(max-width: 300px) 100vw, 300px\" \/><\/a><figcaption>Chaussures de randonn\u00e9es enfant<br><a href=\"https:\/\/www.lespetitsbaroudeurs.com\/chaussure-randonnee-enfant-51\" target=\"_blank\" rel=\"noreferrer noopener\">Je d\u00e9couvre<\/a><\/figcaption><\/figure>\n\n\n\n<div class=\"wp-block-buttons\"><\/div>\n<\/div>\n\n\n\n<div class=\"wp-block-column\">\n<figure class=\"wp-block-image size-large is-resized\"><a href=\"https:\/\/www.lespetitsbaroudeurs.com\/sac-couchage-bebe-enfant-duvet-53\" target=\"_blank\" rel=\"noopener noreferrer\"><img loading=\"lazy\" src=\"https:\/\/www.lespetitsbaroudeurs.com\/blog\/wp-content\/uploads\/2021\/03\/sac-couchage-enfant-husky-kids-magic.jpg\" alt=\"sac-de-couchage-pour-randonnee-itinerante-queyras\" class=\"wp-image-5744\" width=\"300\" height=\"300\" srcset=\"https:\/\/www.lespetitsbaroudeurs.com\/blog\/wp-content\/uploads\/2021\/03\/sac-couchage-enfant-husky-kids-magic.jpg 800w, https:\/\/www.lespetitsbaroudeurs.com\/blog\/wp-content\/uploads\/2021\/03\/sac-couchage-enfant-husky-kids-magic-300x300.jpg 300w, https:\/\/www.lespetitsbaroudeurs.com\/blog\/wp-content\/uploads\/2021\/03\/sac-couchage-enfant-husky-kids-magic-150x150.jpg 150w, https:\/\/www.lespetitsbaroudeurs.com\/blog\/wp-content\/uploads\/2021\/03\/sac-couchage-enfant-husky-kids-magic-768x768.jpg 768w, https:\/\/www.lespetitsbaroudeurs.com\/blog\/wp-content\/uploads\/2021\/03\/sac-couchage-enfant-husky-kids-magic-270x270.jpg 270w, https:\/\/www.lespetitsbaroudeurs.com\/blog\/wp-content\/uploads\/2021\/03\/sac-couchage-enfant-husky-kids-magic-540x540.jpg 540w, https:\/\/www.lespetitsbaroudeurs.com\/blog\/wp-content\/uploads\/2021\/03\/sac-couchage-enfant-husky-kids-magic-580x580.jpg 580w\" sizes=\"(max-width: 300px) 100vw, 300px\" \/><\/a><figcaption>Sacs de couchage enfant<br><a href=\"https:\/\/www.lespetitsbaroudeurs.com\/sac-couchage-bebe-enfant-duvet-53\" target=\"_blank\" rel=\"noreferrer noopener\">Je d\u00e9couvre<\/a><\/figcaption><\/figure>\n\n\n\n<div class=\"wp-block-buttons\"><\/div>\n<\/div>\n<\/div>\n<\/div><\/div>\n","protected":false},"excerpt":{"rendered":"<p>Une randonn\u00e9e itin\u00e9rante de 8 jours dans le Queyras, test\u00e9e et approuv\u00e9e par les Belges Bourlingueurs, qui nous avaient d\u00e9j\u00e0 partag\u00e9 leur micro-aventure du c\u00f4t\u00e9 du Morvan. Ce parc naturel r\u00e9gional situ\u00e9 au c\u0153ur des Hautes-Alpes est une p\u00e9pite regorgeant de magnifiques paysages et de villages traditionnels.&nbsp; En bref Activit\u00e9 : \u26fa\ufe0f randonn\u00e9e itin\u00e9rante Lieu [&hellip;]<\/p>\n","protected":false},"author":60,"featured_media":5750,"comment_status":"open","ping_status":"open","sticky":false,"template":"","format":"standard","meta":[],"categories":[150,184,149],"tags":[],"yoast_head":"<!-- This site is optimized with the Yoast SEO plugin v14.9 - https:\/\/yoast.com\/wordpress\/plugins\/seo\/ -->\n<title>Randonn\u00e9e itin\u00e9rante en famille dans le Queyras - Les Petits Baroudeurs<\/title>\n<meta name=\"description\" content=\"Cette fois-ci, les Belges Bourlingueurs nous emm\u00e8nent du c\u00f4t\u00e9 du Queyras, pour une randonn\u00e9e itin\u00e9rante en famille. D\u00e9couvrez leur micro-aventure !\" \/>\n<meta name=\"robots\" content=\"index, follow, max-snippet:-1, max-image-preview:large, max-video-preview:-1\" \/>\n<link rel=\"canonical\" href=\"https:\/\/www.lespetitsbaroudeurs.com\/blog\/randonnee-itinerante-en-famille-dans-le-queyras\/\" \/>\n<meta property=\"og:locale\" content=\"fr_FR\" \/>\n<meta property=\"og:type\" content=\"article\" \/>\n<meta property=\"og:title\" content=\"Randonn\u00e9e itin\u00e9rante en famille dans le Queyras - Les Petits Baroudeurs\" \/>\n<meta property=\"og:description\" content=\"Cette fois-ci, les Belges Bourlingueurs nous emm\u00e8nent du c\u00f4t\u00e9 du Queyras, pour une randonn\u00e9e itin\u00e9rante en famille. D\u00e9couvrez leur micro-aventure !\" \/>\n<meta property=\"og:url\" content=\"https:\/\/www.lespetitsbaroudeurs.com\/blog\/randonnee-itinerante-en-famille-dans-le-queyras\/\" \/>\n<meta property=\"og:site_name\" content=\"Les Petits Baroudeurs\" \/>\n<meta property=\"article:publisher\" content=\"https:\/\/www.facebook.com\/lespetitsbaroudeurs\/\" \/>\n<meta property=\"article:published_time\" content=\"2021-04-08T14:00:28+00:00\" \/>\n<meta property=\"article:modified_time\" content=\"2023-03-10T10:30:53+00:00\" \/>\n<meta property=\"og:image\" content=\"https:\/\/www.lespetitsbaroudeurs.com\/blog\/wp-content\/uploads\/2021\/03\/banniere-rando-queyras.png\" \/>\n\t<meta property=\"og:image:width\" content=\"1136\" \/>\n\t<meta property=\"og:image:height\" content=\"530\" \/>\n<meta name=\"twitter:card\" content=\"summary_large_image\" \/>\n<script type=\"application\/ld+json\" class=\"yoast-schema-graph\">{\"@context\":\"https:\/\/schema.org\",\"@graph\":[{\"@type\":\"WebSite\",\"@id\":\"https:\/\/www.lespetitsbaroudeurs.com\/blog\/#website\",\"url\":\"https:\/\/www.lespetitsbaroudeurs.com\/blog\/\",\"name\":\"Les Petits Baroudeurs\",\"description\":\"Le Blog de l&#039;aventure en famille !\",\"potentialAction\":[{\"@type\":\"SearchAction\",\"target\":\"https:\/\/www.lespetitsbaroudeurs.com\/blog\/?s={search_term_string}\",\"query-input\":\"required name=search_term_string\"}],\"inLanguage\":\"fr-FR\"},{\"@type\":\"ImageObject\",\"@id\":\"https:\/\/www.lespetitsbaroudeurs.com\/blog\/randonnee-itinerante-en-famille-dans-le-queyras\/#primaryimage\",\"inLanguage\":\"fr-FR\",\"url\":\"https:\/\/www.lespetitsbaroudeurs.com\/blog\/wp-content\/uploads\/2021\/03\/banniere-rando-queyras.png\",\"width\":1136,\"height\":530},{\"@type\":\"WebPage\",\"@id\":\"https:\/\/www.lespetitsbaroudeurs.com\/blog\/randonnee-itinerante-en-famille-dans-le-queyras\/#webpage\",\"url\":\"https:\/\/www.lespetitsbaroudeurs.com\/blog\/randonnee-itinerante-en-famille-dans-le-queyras\/\",\"name\":\"Randonn\\u00e9e itin\\u00e9rante en famille dans le Queyras - Les Petits Baroudeurs\",\"isPartOf\":{\"@id\":\"https:\/\/www.lespetitsbaroudeurs.com\/blog\/#website\"},\"primaryImageOfPage\":{\"@id\":\"https:\/\/www.lespetitsbaroudeurs.com\/blog\/randonnee-itinerante-en-famille-dans-le-queyras\/#primaryimage\"},\"author\":{\"@id\":\"https:\/\/www.lespetitsbaroudeurs.com\/blog\/#\/schema\/person\/475127990999db2590b4264430c2dbb6\"},\"description\":\"Cette fois-ci, les Belges Bourlingueurs nous emm\\u00e8nent du c\\u00f4t\\u00e9 du Queyras, pour une randonn\\u00e9e itin\\u00e9rante en famille. D\\u00e9couvrez leur micro-aventure !\",\"inLanguage\":\"fr-FR\",\"potentialAction\":[{\"@type\":\"ReadAction\",\"target\":[\"https:\/\/www.lespetitsbaroudeurs.com\/blog\/randonnee-itinerante-en-famille-dans-le-queyras\/\"]}]},{\"@type\":\"Person\",\"@id\":\"https:\/\/www.lespetitsbaroudeurs.com\/blog\/#\/schema\/person\/475127990999db2590b4264430c2dbb6\",\"name\":\"Les Belges Bourlingueurs\",\"image\":{\"@type\":\"ImageObject\",\"@id\":\"https:\/\/www.lespetitsbaroudeurs.com\/blog\/#personlogo\",\"inLanguage\":\"fr-FR\",\"url\":\"https:\/\/secure.gravatar.com\/avatar\/476e7d2fb542460b956d1bd2b7845321?s=96&d=mm&r=g\",\"caption\":\"Les Belges Bourlingueurs\"}}]}<\/script>\n<!-- \/ Yoast SEO plugin. -->","_links":{"self":[{"href":"https:\/\/www.lespetitsbaroudeurs.com\/blog\/wp-json\/wp\/v2\/posts\/5695"}],"collection":[{"href":"https:\/\/www.lespetitsbaroudeurs.com\/blog\/wp-json\/wp\/v2\/posts"}],"about":[{"href":"https:\/\/www.lespetitsbaroudeurs.com\/blog\/wp-json\/wp\/v2\/types\/post"}],"author":[{"embeddable":true,"href":"https:\/\/www.lespetitsbaroudeurs.com\/blog\/wp-json\/wp\/v2\/users\/60"}],"replies":[{"embeddable":true,"href":"https:\/\/www.lespetitsbaroudeurs.com\/blog\/wp-json\/wp\/v2\/comments?post=5695"}],"version-history":[{"count":29,"href":"https:\/\/www.lespetitsbaroudeurs.com\/blog\/wp-json\/wp\/v2\/posts\/5695\/revisions"}],"predecessor-version":[{"id":6443,"href":"https:\/\/www.lespetitsbaroudeurs.com\/blog\/wp-json\/wp\/v2\/posts\/5695\/revisions\/6443"}],"wp:featuredmedia":[{"embeddable":true,"href":"https:\/\/www.lespetitsbaroudeurs.com\/blog\/wp-json\/wp\/v2\/media\/5750"}],"wp:attachment":[{"href":"https:\/\/www.lespetitsbaroudeurs.com\/blog\/wp-json\/wp\/v2\/media?parent=5695"}],"wp:term":[{"taxonomy":"category","embeddable":true,"href":"https:\/\/www.lespetitsbaroudeurs.com\/blog\/wp-json\/wp\/v2\/categories?post=5695"},{"taxonomy":"post_tag","embeddable":true,"href":"https:\/\/www.lespetitsbaroudeurs.com\/blog\/wp-json\/wp\/v2\/tags?post=5695"}],"curies":[{"name":"wp","href":"https:\/\/api.w.org\/{rel}","templated":true}]}}