{"id":5758,"date":"2021-10-14T10:00:26","date_gmt":"2021-10-14T08:00:26","guid":{"rendered":"https:\/\/www.lespetitsbaroudeurs.com\/blog\/?p=5758"},"modified":"2023-03-10T11:30:52","modified_gmt":"2023-03-10T10:30:52","slug":"faire-le-plein-dactivites-au-grand-air-a-la-montagne-en-famille","status":"publish","type":"post","link":"https:\/\/www.lespetitsbaroudeurs.com\/blog\/faire-le-plein-dactivites-au-grand-air-a-la-montagne-en-famille\/","title":{"rendered":"Faire le plein d&rsquo;activit\u00e9s au grand air \u00e0 la montagne en famille"},"content":{"rendered":"\n<p><em>Nos Ambassadeurs, la famille Kids Outdoor Trips, baroudeurs et sportifs dans l&rsquo;\u00e2me et parents de deux oursons (2015 et 2019), vont nous d\u00e9montrer \u00e0 travers ce r\u00e9cit que s\u00e9jour \u00e0 la montagne, ne rime pas qu&rsquo;avec ski ! Au-del\u00e0 des pistes, la montagne offre des activit\u00e9s vari\u00e9es pour rendre vos vacances en famille inoubliables. Sport, nature ou d\u00e9couverte, voici des activit\u00e9s \u00e0 faire \u00e0 la montagne en famille en hiver !<\/em><\/p>\n\n\n\n<p>Cette ann\u00e9e, la situation sanitaire nous a priv\u00e9 des remont\u00e9es m\u00e9caniques dans nos stations pour la pratique du ski alpin. Mais finalement, n\u2019\u00e9tait-ce pas un <strong>mal pour un bien\u00a0pour la nature<\/strong> ou juste pour <strong>diversifier les activit\u00e9s<\/strong> ?<\/p>\n\n\n\n<p>Comme pour quasiment toutes les<strong> vacances scolaires<\/strong>, nous avons quitt\u00e9 Toulouse et pris la route vers les <strong>Hautes-Alpes<\/strong>, plus pr\u00e9cis\u00e9ment \u00e0 <strong>Cr\u00e9voux<\/strong>.<\/p>\n\n\n\n<h2><strong>Cr\u00e9voux, village station hors du temps<\/strong><\/h2>\n\n\n\n<h3><strong>Au c\u0153ur des montagnes sauvages<\/strong><\/h3>\n\n\n\n<p>Situ\u00e9 dans une vall\u00e9e au-dessus d\u2019Embrun, le petit <strong>village station de Cr\u00e9voux<\/strong> est rest\u00e9 hors du temps.<\/p>\n\n\n\n<p>Nous pouvons en attester, car mon grand-p\u00e8re a fait construire notre <strong>chalet familial<\/strong> l\u00e0-bas en 1962, et depuis, \u00e0 part l\u2019installation de deux \u00ab\u00a0nouveaux\u00a0\u00bb t\u00e9l\u00e9skis en 1995 et en 2010, il ne s\u2019est pas d\u00e9roul\u00e9 grand-chose\u2026\u00a0<\/p>\n\n\n\n<p>Surprenant, car <strong>Cr\u00e9voux<\/strong> a tout de m\u00eame \u00e9t\u00e9 la 2<sup>\u00e8me<\/sup> <strong>station de ski des Hautes-Alpes<\/strong> \u00e0 ouvrir en 1937, et m\u00eame inaugur\u00e9e par l\u2019\u00e9pouse de Mr L\u00e9o Lagrange, sous-secr\u00e9taire d&rsquo;\u00c9tat aux sports et \u00e0 l&rsquo;organisation des loisirs \u00e0 l\u2019\u00e9poque.<\/p>\n\n\n\n<figure class=\"wp-block-image size-large\"><img loading=\"lazy\" width=\"1024\" height=\"732\" src=\"https:\/\/www.lespetitsbaroudeurs.com\/blog\/wp-content\/uploads\/2021\/03\/ski-de-fond-freres-chalp.png\" alt=\"Ski de fond au domaine de la Chalp\" class=\"wp-image-5806\" srcset=\"https:\/\/www.lespetitsbaroudeurs.com\/blog\/wp-content\/uploads\/2021\/03\/ski-de-fond-freres-chalp.png 1024w, https:\/\/www.lespetitsbaroudeurs.com\/blog\/wp-content\/uploads\/2021\/03\/ski-de-fond-freres-chalp-300x214.png 300w, https:\/\/www.lespetitsbaroudeurs.com\/blog\/wp-content\/uploads\/2021\/03\/ski-de-fond-freres-chalp-768x549.png 768w\" sizes=\"(max-width: 1024px) 100vw, 1024px\" \/><figcaption><em>Ski de fond entre fr\u00e8res<\/em><\/figcaption><\/figure>\n\n\n\n<p>Un mal pour un bien&nbsp;? Je pense que oui, car aujourd\u2019hui, Cr\u00e9voux se vante de ses <strong>espaces prot\u00e9g\u00e9s et naturels<\/strong>, \u00ab&nbsp;<strong>Cr\u00e9voux montagnes sauvages<\/strong>&nbsp;\u00bb, et c\u2019est bien vrai.<\/p>\n\n\n\n<p>Peut-\u00eatre que Cr\u00e9voux sera de nouveau une station pionni\u00e8re qui va s\u2019orienter vers du <strong>tourisme vert hivernal<\/strong>\u00a0? Je l\u2019esp\u00e8re, car c\u2019est l\u00e0 son plus gros point fort.<\/p>\n\n\n\n<p>Donc pour tous les parents qui recherchent du <strong>vintage<\/strong>, du <strong>sauvage<\/strong>, de l\u2019<strong>authentique<\/strong> et du <strong>naturel<\/strong> loin des foules des grandes stations, vous \u00eates au bon endroit\u00a0!<\/p>\n\n\n\n<h2><strong>Ski de fond <\/strong><\/h2>\n\n\n\n<h3><strong>Au domaine de La Chalp<\/strong><\/h3>\n\n\n\n<p>Cette ann\u00e9e, pas de ski alpin, les t\u00e9l\u00e9skis sont rest\u00e9s silencieux.<\/p>\n\n\n\n<p>Albin a donc pris des <strong>cours de ski \u00e0 l\u2019ESF de La Chalp<\/strong> pour d\u00e9couvrir cette autre discipline de glisse. Un peu dur au d\u00e9but, mais apr\u00e8s 2 jours de pratique, c\u2019est devenu amusant.<\/p>\n\n\n\n<p>Et encore plus lorsque je le tire \u00e0 l\u2019arri\u00e8re de la <strong>pulka<\/strong>\u00a0avec son harnais int\u00e9gral Ouistiti !<\/p>\n\n\n\n<p>Le <strong>domaine de ski de fond de La Chalp offre des parcours pour tous les niveaux<\/strong> avec un grand <strong>espace d\u00e9butant<\/strong> en plein soleil entour\u00e9 par des <strong>montagnes min\u00e9rales et des for\u00eats<\/strong>.<\/p>\n\n\n\n<figure class=\"wp-block-gallery columns-2 is-cropped\"><ul class=\"blocks-gallery-grid\"><li class=\"blocks-gallery-item\"><figure><img loading=\"lazy\" width=\"799\" height=\"1024\" src=\"https:\/\/www.lespetitsbaroudeurs.com\/blog\/wp-content\/uploads\/2021\/03\/ski-de-fond-hautes-alpes-1-799x1024.png\" alt=\"\" data-id=\"5813\" data-full-url=\"https:\/\/www.lespetitsbaroudeurs.com\/blog\/wp-content\/uploads\/2021\/03\/ski-de-fond-hautes-alpes-1.png\" data-link=\"https:\/\/www.lespetitsbaroudeurs.com\/blog\/?attachment_id=5813\" class=\"wp-image-5813\" srcset=\"https:\/\/www.lespetitsbaroudeurs.com\/blog\/wp-content\/uploads\/2021\/03\/ski-de-fond-hautes-alpes-1-799x1024.png 799w, https:\/\/www.lespetitsbaroudeurs.com\/blog\/wp-content\/uploads\/2021\/03\/ski-de-fond-hautes-alpes-1-234x300.png 234w, https:\/\/www.lespetitsbaroudeurs.com\/blog\/wp-content\/uploads\/2021\/03\/ski-de-fond-hautes-alpes-1-768x984.png 768w, https:\/\/www.lespetitsbaroudeurs.com\/blog\/wp-content\/uploads\/2021\/03\/ski-de-fond-hautes-alpes-1.png 1080w\" sizes=\"(max-width: 799px) 100vw, 799px\" \/><\/figure><\/li><li class=\"blocks-gallery-item\"><figure><img loading=\"lazy\" width=\"651\" height=\"1024\" src=\"https:\/\/www.lespetitsbaroudeurs.com\/blog\/wp-content\/uploads\/2021\/03\/ski-de-fond-pulka-hautes-alpes-1-651x1024.png\" alt=\"\" data-id=\"5814\" data-full-url=\"https:\/\/www.lespetitsbaroudeurs.com\/blog\/wp-content\/uploads\/2021\/03\/ski-de-fond-pulka-hautes-alpes-1.png\" data-link=\"https:\/\/www.lespetitsbaroudeurs.com\/blog\/?attachment_id=5814\" class=\"wp-image-5814\" srcset=\"https:\/\/www.lespetitsbaroudeurs.com\/blog\/wp-content\/uploads\/2021\/03\/ski-de-fond-pulka-hautes-alpes-1-651x1024.png 651w, https:\/\/www.lespetitsbaroudeurs.com\/blog\/wp-content\/uploads\/2021\/03\/ski-de-fond-pulka-hautes-alpes-1-191x300.png 191w, https:\/\/www.lespetitsbaroudeurs.com\/blog\/wp-content\/uploads\/2021\/03\/ski-de-fond-pulka-hautes-alpes-1-768x1207.png 768w, https:\/\/www.lespetitsbaroudeurs.com\/blog\/wp-content\/uploads\/2021\/03\/ski-de-fond-pulka-hautes-alpes-1-977x1536.png 977w, https:\/\/www.lespetitsbaroudeurs.com\/blog\/wp-content\/uploads\/2021\/03\/ski-de-fond-pulka-hautes-alpes-1.png 1080w\" sizes=\"(max-width: 651px) 100vw, 651px\" \/><\/figure><\/li><\/ul><figcaption class=\"blocks-gallery-caption\"><em>Ski de fond au domaine de la Chalp<\/em><\/figcaption><\/figure>\n\n\n\n<h2>Ski Pulka<\/h2>\n\n\n\n<h3>Le plateau de <strong>Cr\u00e9voux<\/strong><\/h3>\n\n\n\n<p>Un autre point fort de ce <strong>village<\/strong>, c\u2019est l\u2019acc\u00e8s facile <strong>skis aux pieds<\/strong> au <strong>plateau du ch\u00e2teau<\/strong> sur lequel est trac\u00e9 un <strong>itin\u00e9raire dam\u00e9 gratuit pi\u00e9ton\/ raquettes\/chien de tra\u00eeneau<\/strong> o\u00f9 il est possible de se d\u00e9placer en <strong>ski pulka<\/strong>. La boucle n\u2019est pas tr\u00e8s grande, mais le <strong>cadre est magnifique<\/strong> <strong>et sauvage<\/strong>. On est presque <strong>seul au monde<\/strong>, sauf lorsque l\u2019on croise les <strong>chiens de tra\u00eeneau<\/strong> en plein \u00e9lan. Effet garanti sur les enfants\u00a0!<\/p>\n\n\n\n<figure class=\"wp-block-gallery columns-2 is-cropped\"><ul class=\"blocks-gallery-grid\"><li class=\"blocks-gallery-item\"><figure><img loading=\"lazy\" width=\"731\" height=\"1024\" src=\"https:\/\/www.lespetitsbaroudeurs.com\/blog\/wp-content\/uploads\/2021\/03\/ski-pulka-crevoux-731x1024.jpg\" alt=\"\" data-id=\"5801\" data-full-url=\"https:\/\/www.lespetitsbaroudeurs.com\/blog\/wp-content\/uploads\/2021\/03\/ski-pulka-crevoux.jpg\" data-link=\"https:\/\/www.lespetitsbaroudeurs.com\/blog\/?attachment_id=5801\" class=\"wp-image-5801\" srcset=\"https:\/\/www.lespetitsbaroudeurs.com\/blog\/wp-content\/uploads\/2021\/03\/ski-pulka-crevoux-731x1024.jpg 731w, https:\/\/www.lespetitsbaroudeurs.com\/blog\/wp-content\/uploads\/2021\/03\/ski-pulka-crevoux-214x300.jpg 214w, https:\/\/www.lespetitsbaroudeurs.com\/blog\/wp-content\/uploads\/2021\/03\/ski-pulka-crevoux-768x1075.jpg 768w, https:\/\/www.lespetitsbaroudeurs.com\/blog\/wp-content\/uploads\/2021\/03\/ski-pulka-crevoux-1097x1536.jpg 1097w, https:\/\/www.lespetitsbaroudeurs.com\/blog\/wp-content\/uploads\/2021\/03\/ski-pulka-crevoux.jpg 1425w\" sizes=\"(max-width: 731px) 100vw, 731px\" \/><\/figure><\/li><li class=\"blocks-gallery-item\"><figure><img loading=\"lazy\" width=\"768\" height=\"1024\" src=\"https:\/\/www.lespetitsbaroudeurs.com\/blog\/wp-content\/uploads\/2021\/03\/ski-pulka-mere-fils-768x1024.jpg\" alt=\"\" data-id=\"5802\" data-full-url=\"https:\/\/www.lespetitsbaroudeurs.com\/blog\/wp-content\/uploads\/2021\/03\/ski-pulka-mere-fils-scaled.jpg\" data-link=\"https:\/\/www.lespetitsbaroudeurs.com\/blog\/?attachment_id=5802\" class=\"wp-image-5802\" srcset=\"https:\/\/www.lespetitsbaroudeurs.com\/blog\/wp-content\/uploads\/2021\/03\/ski-pulka-mere-fils-768x1024.jpg 768w, https:\/\/www.lespetitsbaroudeurs.com\/blog\/wp-content\/uploads\/2021\/03\/ski-pulka-mere-fils-225x300.jpg 225w, https:\/\/www.lespetitsbaroudeurs.com\/blog\/wp-content\/uploads\/2021\/03\/ski-pulka-mere-fils-1152x1536.jpg 1152w, https:\/\/www.lespetitsbaroudeurs.com\/blog\/wp-content\/uploads\/2021\/03\/ski-pulka-mere-fils-1536x2048.jpg 1536w, https:\/\/www.lespetitsbaroudeurs.com\/blog\/wp-content\/uploads\/2021\/03\/ski-pulka-mere-fils-scaled.jpg 1920w\" sizes=\"(max-width: 768px) 100vw, 768px\" \/><\/figure><\/li><\/ul><figcaption class=\"blocks-gallery-caption\"><em>Ski Pulka sur le plateau de Cr\u00e9voux<\/em><\/figcaption><\/figure>\n\n\n\n<p>Je partais du chalet skis aux pieds et en 15 minutes de mont\u00e9e (+100m positif, oui c\u2019est lent avec une pulka et 2 enfants dedans\u00a0\ud83d\ude0a ), j\u2019\u00e9tais sur le plateau au soleil, le <strong>top du top pour les go\u00fbters des enfants<\/strong>.<\/p>\n\n\n\n<figure class=\"wp-block-image size-large\"><img loading=\"lazy\" width=\"1024\" height=\"768\" src=\"https:\/\/www.lespetitsbaroudeurs.com\/blog\/wp-content\/uploads\/2021\/03\/ski-pulka-pause-gouter.png\" alt=\"Le plateau de Cr\u00e9voux\" class=\"wp-image-5800\" srcset=\"https:\/\/www.lespetitsbaroudeurs.com\/blog\/wp-content\/uploads\/2021\/03\/ski-pulka-pause-gouter.png 1024w, https:\/\/www.lespetitsbaroudeurs.com\/blog\/wp-content\/uploads\/2021\/03\/ski-pulka-pause-gouter-300x225.png 300w, https:\/\/www.lespetitsbaroudeurs.com\/blog\/wp-content\/uploads\/2021\/03\/ski-pulka-pause-gouter-768x576.png 768w\" sizes=\"(max-width: 1024px) 100vw, 1024px\" \/><figcaption><em>L&rsquo;heure du go\u00fbter sur le plateau de Cr\u00e9voux<\/em><\/figcaption><\/figure>\n\n\n\n<p>Depuis le <strong>plateau du ch\u00e2teau de Cr\u00e9voux<\/strong>, il est possible de rejoindre les <strong>pistes de ski de fond de La Chalp<\/strong> pour r\u00e9aliser une boucle plus longue, \u00e0 la journ\u00e9e par exemple (mais il faudra payer le forfait).&nbsp;<\/p>\n\n\n\n<p>Il faut savoir qu\u2019il n\u2019y a pas d\u2019interdiction \u00e0 la <strong>pratique du ski pulka<\/strong> sur les pistes\u00a0!<\/p>\n\n\n\n<h2>Ski de randonn\u00e9e<\/h2>\n\n\n\n<h3>Avec des enfants<\/h3>\n\n\n\n<p><strong>Cr\u00e9voux est id\u00e9al pour l\u2019initiation au ski de randonn\u00e9e ou pour la pratique avec des enfants, car le site est s\u00e9curis\u00e9 avec les for\u00eats de m\u00e9l\u00e8zes.<\/strong><\/p>\n\n\n\n<p>Lorsque Fabien (le papa) est venu nous rejoindre lors de la deuxi\u00e8me semaine des vacances, nous partions tous ensemble en <strong>ski de randonn\u00e9e sur les chemins forestiers<\/strong> ou sur les pistes ferm\u00e9s, <strong>Ma\u00ebl dans la pulka<\/strong> ou en <strong>porte-b\u00e9b\u00e9<\/strong> et <strong>Albin en ski alpin<\/strong> tir\u00e9 en harnais ouistiti par Fabien.<\/p>\n\n\n\n<p>Il ne restait plus qu\u2019\u00e0 descendre en <strong>mini hors-piste<\/strong>, avec son <strong>lot de gamelles et de rigolades<\/strong>. C\u2019\u00e9tait finalement bien plus amusant que partager le ski de cette fa\u00e7on qu\u2019en ski alpin classique.<\/p>\n\n\n\n<figure class=\"wp-block-image size-large\"><img loading=\"lazy\" width=\"1024\" height=\"576\" src=\"https:\/\/www.lespetitsbaroudeurs.com\/blog\/wp-content\/uploads\/2021\/03\/ski-randonnee-enfant-tire-en-baudrier-oustiti-petzl.png\" alt=\"ski de randonn\u00e9e avec enfants\" class=\"wp-image-5796\" srcset=\"https:\/\/www.lespetitsbaroudeurs.com\/blog\/wp-content\/uploads\/2021\/03\/ski-randonnee-enfant-tire-en-baudrier-oustiti-petzl.png 1024w, https:\/\/www.lespetitsbaroudeurs.com\/blog\/wp-content\/uploads\/2021\/03\/ski-randonnee-enfant-tire-en-baudrier-oustiti-petzl-300x169.png 300w, https:\/\/www.lespetitsbaroudeurs.com\/blog\/wp-content\/uploads\/2021\/03\/ski-randonnee-enfant-tire-en-baudrier-oustiti-petzl-768x432.png 768w\" sizes=\"(max-width: 1024px) 100vw, 1024px\" \/><figcaption><em>Ski de randonn\u00e9e <\/em><\/figcaption><\/figure>\n\n\n\n<h2>Chien de tra\u00eeneau<\/h2>\n\n\n\n<h3><strong>Wild Exp\u00e9riences Cr\u00e9voux<\/strong><\/h3>\n\n\n\n<p><strong>L\u2019incontournable cet hiver pour les enfants<\/strong>, le chien de tra\u00eeneau !\u00a0Pour la 3<sup>\u00e8me<\/sup> ann\u00e9e cons\u00e9cutive, Albin a pu profiter d\u2019un tour de <strong>chien de tra\u00eeneau<\/strong> avec <strong>Wild Exp\u00e9riences<\/strong>, malgr\u00e9 le planning complet. Morgan est un <strong>jeune musher passionn\u00e9<\/strong> et c\u2019est un vrai plaisir de r\u00e9aliser cette exp\u00e9rience avec lui.<\/p>\n\n\n\n<figure class=\"wp-block-image size-large\"><img loading=\"lazy\" width=\"1024\" height=\"576\" src=\"https:\/\/www.lespetitsbaroudeurs.com\/blog\/wp-content\/uploads\/2021\/03\/chien-de-traineau-crevoux-wild-experience-2.png\" alt=\"Chien de tra\u00eeneau Cr\u00e9voux\" class=\"wp-image-5787\" srcset=\"https:\/\/www.lespetitsbaroudeurs.com\/blog\/wp-content\/uploads\/2021\/03\/chien-de-traineau-crevoux-wild-experience-2.png 1024w, https:\/\/www.lespetitsbaroudeurs.com\/blog\/wp-content\/uploads\/2021\/03\/chien-de-traineau-crevoux-wild-experience-2-300x169.png 300w, https:\/\/www.lespetitsbaroudeurs.com\/blog\/wp-content\/uploads\/2021\/03\/chien-de-traineau-crevoux-wild-experience-2-768x432.png 768w\" sizes=\"(max-width: 1024px) 100vw, 1024px\" \/><figcaption><em>Chien de tra\u00eeneau<\/em><\/figcaption><\/figure>\n\n\n\n<h2>Construction d&rsquo;igloo <\/h2>\n\n\n\n<p>Autre th\u00e8me favori de cet hiver, la <strong>construction d\u2019igloo<\/strong> !<\/p>\n\n\n\n<p>Suite \u00e0 notre apprentissage dans les Pyr\u00e9n\u00e9es, nous avons mis nos connaissances en pratique. R\u00e9sultat positif, puisque l\u2019igloo est rest\u00e9 debout\u00a0!<\/p>\n\n\n\n<p><strong>Sans oublier l\u2019incontournable bonhomme de neige<\/strong>\u00a0!\u00a0\ud83d\ude0a<\/p>\n\n\n\n<figure class=\"wp-block-gallery columns-2 is-cropped\"><ul class=\"blocks-gallery-grid\"><li class=\"blocks-gallery-item\"><figure><img loading=\"lazy\" width=\"663\" height=\"1024\" src=\"https:\/\/www.lespetitsbaroudeurs.com\/blog\/wp-content\/uploads\/2021\/03\/bonhomme-de-neige-crevoux-1-663x1024.jpg\" alt=\"\" data-id=\"5817\" data-full-url=\"https:\/\/www.lespetitsbaroudeurs.com\/blog\/wp-content\/uploads\/2021\/03\/bonhomme-de-neige-crevoux-1-scaled.jpg\" data-link=\"https:\/\/www.lespetitsbaroudeurs.com\/blog\/?attachment_id=5817\" class=\"wp-image-5817\" srcset=\"https:\/\/www.lespetitsbaroudeurs.com\/blog\/wp-content\/uploads\/2021\/03\/bonhomme-de-neige-crevoux-1-663x1024.jpg 663w, https:\/\/www.lespetitsbaroudeurs.com\/blog\/wp-content\/uploads\/2021\/03\/bonhomme-de-neige-crevoux-1-194x300.jpg 194w, https:\/\/www.lespetitsbaroudeurs.com\/blog\/wp-content\/uploads\/2021\/03\/bonhomme-de-neige-crevoux-1-768x1185.jpg 768w, https:\/\/www.lespetitsbaroudeurs.com\/blog\/wp-content\/uploads\/2021\/03\/bonhomme-de-neige-crevoux-1-995x1536.jpg 995w, https:\/\/www.lespetitsbaroudeurs.com\/blog\/wp-content\/uploads\/2021\/03\/bonhomme-de-neige-crevoux-1-1327x2048.jpg 1327w, https:\/\/www.lespetitsbaroudeurs.com\/blog\/wp-content\/uploads\/2021\/03\/bonhomme-de-neige-crevoux-1-scaled.jpg 1659w\" sizes=\"(max-width: 663px) 100vw, 663px\" \/><\/figure><\/li><li class=\"blocks-gallery-item\"><figure><img loading=\"lazy\" width=\"669\" height=\"1024\" src=\"https:\/\/www.lespetitsbaroudeurs.com\/blog\/wp-content\/uploads\/2021\/03\/igloo-crevoux-1-669x1024.jpg\" alt=\"\" data-id=\"5818\" data-full-url=\"https:\/\/www.lespetitsbaroudeurs.com\/blog\/wp-content\/uploads\/2021\/03\/igloo-crevoux-1-scaled.jpg\" data-link=\"https:\/\/www.lespetitsbaroudeurs.com\/blog\/?attachment_id=5818\" class=\"wp-image-5818\" srcset=\"https:\/\/www.lespetitsbaroudeurs.com\/blog\/wp-content\/uploads\/2021\/03\/igloo-crevoux-1-669x1024.jpg 669w, https:\/\/www.lespetitsbaroudeurs.com\/blog\/wp-content\/uploads\/2021\/03\/igloo-crevoux-1-196x300.jpg 196w, https:\/\/www.lespetitsbaroudeurs.com\/blog\/wp-content\/uploads\/2021\/03\/igloo-crevoux-1-768x1176.jpg 768w, https:\/\/www.lespetitsbaroudeurs.com\/blog\/wp-content\/uploads\/2021\/03\/igloo-crevoux-1-1003x1536.jpg 1003w, https:\/\/www.lespetitsbaroudeurs.com\/blog\/wp-content\/uploads\/2021\/03\/igloo-crevoux-1-1338x2048.jpg 1338w, https:\/\/www.lespetitsbaroudeurs.com\/blog\/wp-content\/uploads\/2021\/03\/igloo-crevoux-1-scaled.jpg 1672w\" sizes=\"(max-width: 669px) 100vw, 669px\" \/><\/figure><\/li><\/ul><figcaption class=\"blocks-gallery-caption\"><em>Construction d&rsquo;igloo et bonhomme de neige ! <\/em><\/figcaption><\/figure>\n\n\n\n<h2>Infos pratiques<\/h2>\n\n\n\n<h3>H\u00e9bergement <\/h3>\n\n\n\n<p><strong>Cr\u00e9voux est un tout petit village station<\/strong>, il n\u2019y a qu\u2019un h\u00f4tel dans la vall\u00e9e, il s\u2019agit de l\u2019h\u00f4tel <a href=\"https:\/\/www.leparpaillon.fr\/\">Le Parpaillon<\/a> tenu par une famille tr\u00e8s sympathique.<\/p>\n\n\n\n<p>Le reste des logements disponibles sur Cr\u00e9voux sont des <strong>g\u00eetes ou des locations d\u2019appartements dans le village<\/strong> ou dans le b\u00e2timent construit aux pieds des pistes.<\/p>\n\n\n\n<p>Il existe aussi des g\u00eetes \u00e0 louer sur les villages de Praveyral et de La Chalp.<\/p>\n\n\n\n<h2><strong>Activit\u00e9s dans la vall\u00e9e de Cr\u00e9voux<\/strong><\/h2>\n\n\n\n<h3>En hiver<\/h3>\n\n\n\n<ul><li><strong>Ski alpin<\/strong> avec du freeride dans les m\u00e9l\u00e8zes,<\/li><li><strong>Ski de fond<\/strong> au village de la Chalp,<\/li><li>Des itin\u00e9raires de <strong>raquettes<\/strong>,<\/li><li>Du <strong>chien de tra\u00eeneau<\/strong> avec Wild Exp\u00e9riences,<\/li><li>La vall\u00e9e est aussi connue pour un site de <strong>cascade de glace<\/strong>.<\/li><\/ul>\n\n\n\n<h3>En \u00e9t\u00e9<\/h3>\n\n\n\n<ul><li>De la <strong>randonn\u00e9e,<\/strong><\/li><li>Du <strong>VTT<\/strong> sur les sentiers forestiers,<\/li><li>De la <strong>cani-rando<\/strong> avec Wild Exp\u00e9riences,<\/li><li>De la<strong> trottinette tout-terrain <\/strong>sur la route du Parpaillon avec Chastan Sport,<\/li><li>Sans compter la <strong>vie rurale avec des producteurs de fromages bio de montagne<\/strong>.<\/li><\/ul>\n\n\n\n<h2>Le mat\u00e9riel utilis\u00e9<\/h2>\n\n\n\n<h3>Pour Albin (5 ans)<\/h3>\n\n\n\n<ul><li>Veste et salopette de ski,<\/li><li>Lunettes de soleil,<\/li><li>Casquette Hello Hossy,<\/li><li>Baudrier Ouistiti de Petzl,<\/li><li>Chaussures de ski Lange,<\/li><li>Bottes de neige Kimberfeel,<\/li><li>Sous-v\u00eatement thermique et technique type laine m\u00e9rinos.<\/li><\/ul>\n\n\n\n<h3>Pour Ma\u00ebl (1 an)<\/h3>\n\n\n\n<ul><li>Combinaison de ski int\u00e9grale,<\/li><li>Lunettes de soleil bandeau,<\/li><li>Casquette Hello Hossy,<\/li><li>Bottes de neige Kimberfeel,<\/li><li>Sous-v\u00eatement thermique et technique type laine m\u00e9rinos.<\/li><\/ul>\n\n\n\n<p><em><em>Cet article relate une s\u00e9lection d&rsquo;activit\u00e9s \u00e0 faire \u00e0 la montagne en famille. Il fait partie du programme Ambassadeurs o\u00f9 nous invitons des familles baroudeuses \u00e0 partager leurs exp\u00e9riences avec la communaut\u00e9 des Petits Baroudeurs.<\/em><\/em><\/p>\n\n\n\n<h2>HEY, SI ON \u00c9QUIPAIT VOS PETITS BAROUDEURS ?<\/h2>\n\n\n\n<p>Chez les Petits Baroudeurs, nous&nbsp;<strong>d\u00e9nichons avec soin et amour<\/strong>&nbsp;les produits utiles \u00e0 vos aventures en famille.&nbsp;<strong>Nous les testons<\/strong>&nbsp;avec nos Oursons, les cousins, les amis de nos loupiots \u2013 quand nos enfants sont trop grands pour tester eux m\u00eame. Et&nbsp;<strong>nous ne s\u00e9lectionnons que les meilleurs produits&nbsp;<\/strong>pour vous les proposer.<\/p>\n\n\n\n<p>Voici donc la s\u00e9lection de notre boutique pour profiter de la <strong>montagne en famille<\/strong> :<\/p>\n\n\n\n<div class=\"wp-block-group alignwide\"><div class=\"wp-block-group__inner-container\"><\/div><\/div>\n\n\n\n<div class=\"wp-block-group alignwide\"><div class=\"wp-block-group__inner-container\">\n<div class=\"wp-block-columns alignwide\">\n<div class=\"wp-block-column\">\n<figure class=\"wp-block-image size-large\"><a href=\"https:\/\/www.lespetitsbaroudeurs.com\/sous-vetement-hiver-enfant-bebe-thermique-66\" target=\"_blank\" rel=\"noopener noreferrer\"><img loading=\"lazy\" width=\"800\" height=\"800\" src=\"https:\/\/www.lespetitsbaroudeurs.com\/blog\/wp-content\/uploads\/2021\/03\/odlo-enfant-ensemble-active-warm-kids.jpg\" alt=\"\" class=\"wp-image-5821\" srcset=\"https:\/\/www.lespetitsbaroudeurs.com\/blog\/wp-content\/uploads\/2021\/03\/odlo-enfant-ensemble-active-warm-kids.jpg 800w, https:\/\/www.lespetitsbaroudeurs.com\/blog\/wp-content\/uploads\/2021\/03\/odlo-enfant-ensemble-active-warm-kids-300x300.jpg 300w, https:\/\/www.lespetitsbaroudeurs.com\/blog\/wp-content\/uploads\/2021\/03\/odlo-enfant-ensemble-active-warm-kids-150x150.jpg 150w, https:\/\/www.lespetitsbaroudeurs.com\/blog\/wp-content\/uploads\/2021\/03\/odlo-enfant-ensemble-active-warm-kids-768x768.jpg 768w, https:\/\/www.lespetitsbaroudeurs.com\/blog\/wp-content\/uploads\/2021\/03\/odlo-enfant-ensemble-active-warm-kids-270x270.jpg 270w, https:\/\/www.lespetitsbaroudeurs.com\/blog\/wp-content\/uploads\/2021\/03\/odlo-enfant-ensemble-active-warm-kids-540x540.jpg 540w, https:\/\/www.lespetitsbaroudeurs.com\/blog\/wp-content\/uploads\/2021\/03\/odlo-enfant-ensemble-active-warm-kids-580x580.jpg 580w\" sizes=\"(max-width: 800px) 100vw, 800px\" \/><\/a><figcaption><em>Sous-v\u00eatement thermique enfant <br><a href=\"https:\/\/www.lespetitsbaroudeurs.com\/sous-vetement-hiver-enfant-bebe-thermique-66\" target=\"_blank\" rel=\"noreferrer noopener\">\u27b3Je d\u00e9couvre<\/a><\/em><\/figcaption><\/figure>\n<\/div>\n\n\n\n<div class=\"wp-block-column\">\n<figure class=\"wp-block-image size-large\"><a href=\"https:\/\/www.lespetitsbaroudeurs.com\/botte-neige-enfant-bebe-60\" target=\"_blank\" rel=\"noopener noreferrer\"><img loading=\"lazy\" width=\"800\" height=\"800\" src=\"https:\/\/www.lespetitsbaroudeurs.com\/blog\/wp-content\/uploads\/2021\/03\/apres-ski-enfant-kimberfeel-avalanche.jpg\" alt=\"Bottes de neige enfant\" class=\"wp-image-5779\" srcset=\"https:\/\/www.lespetitsbaroudeurs.com\/blog\/wp-content\/uploads\/2021\/03\/apres-ski-enfant-kimberfeel-avalanche.jpg 800w, https:\/\/www.lespetitsbaroudeurs.com\/blog\/wp-content\/uploads\/2021\/03\/apres-ski-enfant-kimberfeel-avalanche-300x300.jpg 300w, https:\/\/www.lespetitsbaroudeurs.com\/blog\/wp-content\/uploads\/2021\/03\/apres-ski-enfant-kimberfeel-avalanche-150x150.jpg 150w, https:\/\/www.lespetitsbaroudeurs.com\/blog\/wp-content\/uploads\/2021\/03\/apres-ski-enfant-kimberfeel-avalanche-768x768.jpg 768w, https:\/\/www.lespetitsbaroudeurs.com\/blog\/wp-content\/uploads\/2021\/03\/apres-ski-enfant-kimberfeel-avalanche-270x270.jpg 270w, https:\/\/www.lespetitsbaroudeurs.com\/blog\/wp-content\/uploads\/2021\/03\/apres-ski-enfant-kimberfeel-avalanche-540x540.jpg 540w, https:\/\/www.lespetitsbaroudeurs.com\/blog\/wp-content\/uploads\/2021\/03\/apres-ski-enfant-kimberfeel-avalanche-580x580.jpg 580w\" sizes=\"(max-width: 800px) 100vw, 800px\" \/><\/a><figcaption><em>Bottes de neige<br><a href=\"https:\/\/www.lespetitsbaroudeurs.com\/botte-neige-enfant-bebe-60\" target=\"_blank\" rel=\"noreferrer noopener\">\u27b3Je d\u00e9couvre<\/a><\/em><\/figcaption><\/figure>\n<\/div>\n\n\n\n<div class=\"wp-block-column\">\n<figure class=\"wp-block-image size-large\"><a href=\"https:\/\/www.lespetitsbaroudeurs.com\/lunettes-soleil-bebe-enfant-13\" target=\"_blank\" rel=\"noopener noreferrer\"><img loading=\"lazy\" width=\"800\" height=\"800\" src=\"https:\/\/www.lespetitsbaroudeurs.com\/blog\/wp-content\/uploads\/2021\/03\/lunettes-soleil-bebe-sans-branche-chouka-de-cebe-bleu-marine.jpg\" alt=\"Lunettes de soleil enfant\" class=\"wp-image-5778\" srcset=\"https:\/\/www.lespetitsbaroudeurs.com\/blog\/wp-content\/uploads\/2021\/03\/lunettes-soleil-bebe-sans-branche-chouka-de-cebe-bleu-marine.jpg 800w, https:\/\/www.lespetitsbaroudeurs.com\/blog\/wp-content\/uploads\/2021\/03\/lunettes-soleil-bebe-sans-branche-chouka-de-cebe-bleu-marine-300x300.jpg 300w, https:\/\/www.lespetitsbaroudeurs.com\/blog\/wp-content\/uploads\/2021\/03\/lunettes-soleil-bebe-sans-branche-chouka-de-cebe-bleu-marine-150x150.jpg 150w, https:\/\/www.lespetitsbaroudeurs.com\/blog\/wp-content\/uploads\/2021\/03\/lunettes-soleil-bebe-sans-branche-chouka-de-cebe-bleu-marine-768x768.jpg 768w, https:\/\/www.lespetitsbaroudeurs.com\/blog\/wp-content\/uploads\/2021\/03\/lunettes-soleil-bebe-sans-branche-chouka-de-cebe-bleu-marine-270x270.jpg 270w, https:\/\/www.lespetitsbaroudeurs.com\/blog\/wp-content\/uploads\/2021\/03\/lunettes-soleil-bebe-sans-branche-chouka-de-cebe-bleu-marine-540x540.jpg 540w, https:\/\/www.lespetitsbaroudeurs.com\/blog\/wp-content\/uploads\/2021\/03\/lunettes-soleil-bebe-sans-branche-chouka-de-cebe-bleu-marine-580x580.jpg 580w\" sizes=\"(max-width: 800px) 100vw, 800px\" \/><\/a><figcaption><em>Lunettes de soleil enfant<\/em><br><em><a href=\"https:\/\/www.lespetitsbaroudeurs.com\/lunettes-soleil-bebe-enfant-13\" target=\"_blank\" rel=\"noreferrer noopener\">\u27b3Je d\u00e9couvre<\/a><\/em><\/figcaption><\/figure>\n<\/div>\n<\/div>\n<\/div><\/div>\n","protected":false},"excerpt":{"rendered":"<p>Nos Ambassadeurs, la famille Kids Outdoor Trips, baroudeurs et sportifs dans l&rsquo;\u00e2me et parents de deux oursons (2015 et 2019), vont nous d\u00e9montrer \u00e0 travers ce r\u00e9cit que s\u00e9jour \u00e0 la montagne, ne rime pas qu&rsquo;avec ski ! Au-del\u00e0 des pistes, la montagne offre des activit\u00e9s vari\u00e9es pour rendre vos vacances en famille inoubliables. Sport, [&hellip;]<\/p>\n","protected":false},"author":71,"featured_media":5785,"comment_status":"open","ping_status":"open","sticky":false,"template":"","format":"standard","meta":[],"categories":[150,184,149],"tags":[160],"yoast_head":"<!-- This site is optimized with the Yoast SEO plugin v14.9 - https:\/\/yoast.com\/wordpress\/plugins\/seo\/ -->\n<title>Faire le plein d&#039;activit\u00e9s au grand air \u00e0 la montagne en famille<\/title>\n<meta name=\"description\" content=\"S\u00e9jour \u00e0 la montagne, ne rime pas qu&#039;avec ski ! Sport, nature ou d\u00e9couverte, voici des activit\u00e9s \u00e0 faire \u00e0 la montagne en famille en hiver...\" \/>\n<meta name=\"robots\" content=\"index, follow, max-snippet:-1, max-image-preview:large, max-video-preview:-1\" \/>\n<link rel=\"canonical\" href=\"https:\/\/www.lespetitsbaroudeurs.com\/blog\/faire-le-plein-dactivites-au-grand-air-a-la-montagne-en-famille\/\" \/>\n<meta property=\"og:locale\" content=\"fr_FR\" \/>\n<meta property=\"og:type\" content=\"article\" \/>\n<meta property=\"og:title\" content=\"Faire le plein d&#039;activit\u00e9s au grand air \u00e0 la montagne en famille\" \/>\n<meta property=\"og:description\" content=\"S\u00e9jour \u00e0 la montagne, ne rime pas qu&#039;avec ski ! Sport, nature ou d\u00e9couverte, voici des activit\u00e9s \u00e0 faire \u00e0 la montagne en famille en hiver...\" \/>\n<meta property=\"og:url\" content=\"https:\/\/www.lespetitsbaroudeurs.com\/blog\/faire-le-plein-dactivites-au-grand-air-a-la-montagne-en-famille\/\" \/>\n<meta property=\"og:site_name\" content=\"Les Petits Baroudeurs\" \/>\n<meta property=\"article:publisher\" content=\"https:\/\/www.facebook.com\/lespetitsbaroudeurs\/\" \/>\n<meta property=\"article:published_time\" content=\"2021-10-14T08:00:26+00:00\" \/>\n<meta property=\"article:modified_time\" content=\"2023-03-10T10:30:52+00:00\" \/>\n<meta property=\"og:image\" content=\"https:\/\/www.lespetitsbaroudeurs.com\/blog\/wp-content\/uploads\/2021\/03\/Montagne-autrement.png\" \/>\n\t<meta property=\"og:image:width\" content=\"1136\" \/>\n\t<meta property=\"og:image:height\" content=\"530\" \/>\n<meta name=\"twitter:card\" content=\"summary_large_image\" \/>\n<script type=\"application\/ld+json\" class=\"yoast-schema-graph\">{\"@context\":\"https:\/\/schema.org\",\"@graph\":[{\"@type\":\"WebSite\",\"@id\":\"https:\/\/www.lespetitsbaroudeurs.com\/blog\/#website\",\"url\":\"https:\/\/www.lespetitsbaroudeurs.com\/blog\/\",\"name\":\"Les Petits Baroudeurs\",\"description\":\"Le Blog de l&#039;aventure en famille !\",\"potentialAction\":[{\"@type\":\"SearchAction\",\"target\":\"https:\/\/www.lespetitsbaroudeurs.com\/blog\/?s={search_term_string}\",\"query-input\":\"required name=search_term_string\"}],\"inLanguage\":\"fr-FR\"},{\"@type\":\"ImageObject\",\"@id\":\"https:\/\/www.lespetitsbaroudeurs.com\/blog\/faire-le-plein-dactivites-au-grand-air-a-la-montagne-en-famille\/#primaryimage\",\"inLanguage\":\"fr-FR\",\"url\":\"https:\/\/www.lespetitsbaroudeurs.com\/blog\/wp-content\/uploads\/2021\/03\/Montagne-autrement.png\",\"width\":1136,\"height\":530,\"caption\":\"La montagne sans remont\\u00e9es\"},{\"@type\":\"WebPage\",\"@id\":\"https:\/\/www.lespetitsbaroudeurs.com\/blog\/faire-le-plein-dactivites-au-grand-air-a-la-montagne-en-famille\/#webpage\",\"url\":\"https:\/\/www.lespetitsbaroudeurs.com\/blog\/faire-le-plein-dactivites-au-grand-air-a-la-montagne-en-famille\/\",\"name\":\"Faire le plein d'activit\\u00e9s au grand air \\u00e0 la montagne en famille\",\"isPartOf\":{\"@id\":\"https:\/\/www.lespetitsbaroudeurs.com\/blog\/#website\"},\"primaryImageOfPage\":{\"@id\":\"https:\/\/www.lespetitsbaroudeurs.com\/blog\/faire-le-plein-dactivites-au-grand-air-a-la-montagne-en-famille\/#primaryimage\"},\"author\":{\"@id\":\"https:\/\/www.lespetitsbaroudeurs.com\/blog\/#\/schema\/person\/6b744c5bbd4bc3f698e68f290dfe471c\"},\"description\":\"S\\u00e9jour \\u00e0 la montagne, ne rime pas qu'avec ski ! Sport, nature ou d\\u00e9couverte, voici des activit\\u00e9s \\u00e0 faire \\u00e0 la montagne en famille en hiver...\",\"inLanguage\":\"fr-FR\",\"potentialAction\":[{\"@type\":\"ReadAction\",\"target\":[\"https:\/\/www.lespetitsbaroudeurs.com\/blog\/faire-le-plein-dactivites-au-grand-air-a-la-montagne-en-famille\/\"]}]},{\"@type\":\"Person\",\"@id\":\"https:\/\/www.lespetitsbaroudeurs.com\/blog\/#\/schema\/person\/6b744c5bbd4bc3f698e68f290dfe471c\",\"name\":\"Kids Outdoor Trips\",\"image\":{\"@type\":\"ImageObject\",\"@id\":\"https:\/\/www.lespetitsbaroudeurs.com\/blog\/#personlogo\",\"inLanguage\":\"fr-FR\",\"url\":\"https:\/\/secure.gravatar.com\/avatar\/ee8061db1c8c40c00d4e2384fb996a56?s=96&d=mm&r=g\",\"caption\":\"Kids Outdoor Trips\"},\"description\":\"Nous sommes Edwige, Fabien, Albin et Ma\\u00ebl. Passionn\\u00e9s de voyages et d\\u2019outdoor, notre histoire a commenc\\u00e9 en Nouvelle-Z\\u00e9lande en van et s\\u2019\\u00e9crit aujourd\\u2019hui \\u00e0 Toulouse. No\\u00ebl 2015, le P\\u00e8re-No\\u00ebl bouleverse nos habitudes de baroudeurs et de sportifs (Fabien est marathonien et j\\u2019ai \\u00e9t\\u00e9 skieuse en comp\\u00e9tition et monitrice de ski) avec l\\u2019arriv\\u00e9e d\\u2019Albin. Mais, l\\u2019outdoor et les voyages faisant partie de notre mode de vie et de nos valeurs, nous n\\u2019allions pas y renoncer ! No\\u00ebl 2019, le P\\u00e8re-No\\u00ebl bouleverse de nouveau le rythme de la famille avec l\\u2019arriv\\u00e9e de Ma\\u00ebl. Partager nos passions avec eux et leur enseigner nos connaissances de la nature est tr\\u00e8s important. Toujours en qu\\u00eate de sortie outdoor (surtout sous la neige), je ne manque pas d\\u2019imagination pour les faire avec eux : escalade, ski, pulka, randonn\\u00e9e, VTT\\u2026 surtout dans le chalet familial des Hautes-Alpes.\"}]}<\/script>\n<!-- \/ Yoast SEO plugin. -->","_links":{"self":[{"href":"https:\/\/www.lespetitsbaroudeurs.com\/blog\/wp-json\/wp\/v2\/posts\/5758"}],"collection":[{"href":"https:\/\/www.lespetitsbaroudeurs.com\/blog\/wp-json\/wp\/v2\/posts"}],"about":[{"href":"https:\/\/www.lespetitsbaroudeurs.com\/blog\/wp-json\/wp\/v2\/types\/post"}],"author":[{"embeddable":true,"href":"https:\/\/www.lespetitsbaroudeurs.com\/blog\/wp-json\/wp\/v2\/users\/71"}],"replies":[{"embeddable":true,"href":"https:\/\/www.lespetitsbaroudeurs.com\/blog\/wp-json\/wp\/v2\/comments?post=5758"}],"version-history":[{"count":23,"href":"https:\/\/www.lespetitsbaroudeurs.com\/blog\/wp-json\/wp\/v2\/posts\/5758\/revisions"}],"predecessor-version":[{"id":5826,"href":"https:\/\/www.lespetitsbaroudeurs.com\/blog\/wp-json\/wp\/v2\/posts\/5758\/revisions\/5826"}],"wp:featuredmedia":[{"embeddable":true,"href":"https:\/\/www.lespetitsbaroudeurs.com\/blog\/wp-json\/wp\/v2\/media\/5785"}],"wp:attachment":[{"href":"https:\/\/www.lespetitsbaroudeurs.com\/blog\/wp-json\/wp\/v2\/media?parent=5758"}],"wp:term":[{"taxonomy":"category","embeddable":true,"href":"https:\/\/www.lespetitsbaroudeurs.com\/blog\/wp-json\/wp\/v2\/categories?post=5758"},{"taxonomy":"post_tag","embeddable":true,"href":"https:\/\/www.lespetitsbaroudeurs.com\/blog\/wp-json\/wp\/v2\/tags?post=5758"}],"curies":[{"name":"wp","href":"https:\/\/api.w.org\/{rel}","templated":true}]}}