{"id":6383,"date":"2021-04-30T10:06:21","date_gmt":"2021-04-30T08:06:21","guid":{"rendered":"https:\/\/www.lespetitsbaroudeurs.com\/blog\/?p=6383"},"modified":"2023-03-10T11:31:24","modified_gmt":"2023-03-10T10:31:24","slug":"vantrip-sur-les-plages-de-la-cote-dopale","status":"publish","type":"post","link":"https:\/\/www.lespetitsbaroudeurs.com\/blog\/vantrip-sur-les-plages-de-la-cote-dopale\/","title":{"rendered":"Vantrip sur les plages de la C\u00f4te d&rsquo;Opale"},"content":{"rendered":"\n<p><strong>Un vantrip sur les plages de la C\u00f4te d\u2019Opale \u00e7a vous dit ? Si vous ne connaissez pas encore ces belles \u00e9tendues de sable blanc qui s\u2019\u00e9talent \u00e0 perte de vue, vous n\u2019allez pas \u00eatre d\u00e9\u00e7us ! En effet, elles font partie des plus belles plages de France. Boubou, Crapouillou et leurs parents nous emm\u00e8nent avec eux pour cette micro-aventure de 3 jours dans la Baie de Somme. Alors, en route !<\/strong><\/p>\n\n\n\n<figure class=\"wp-block-image size-large\"><img loading=\"lazy\" width=\"1024\" height=\"768\" src=\"https:\/\/www.lespetitsbaroudeurs.com\/blog\/wp-content\/uploads\/2021\/04\/vantrip-cote-d-opale-plage-enfants.jpg\" alt=\"vantrip-plage-cote-d-opale-mer\" class=\"wp-image-6400\" srcset=\"https:\/\/www.lespetitsbaroudeurs.com\/blog\/wp-content\/uploads\/2021\/04\/vantrip-cote-d-opale-plage-enfants.jpg 1024w, https:\/\/www.lespetitsbaroudeurs.com\/blog\/wp-content\/uploads\/2021\/04\/vantrip-cote-d-opale-plage-enfants-300x225.jpg 300w, https:\/\/www.lespetitsbaroudeurs.com\/blog\/wp-content\/uploads\/2021\/04\/vantrip-cote-d-opale-plage-enfants-768x576.jpg 768w\" sizes=\"(max-width: 1024px) 100vw, 1024px\" \/><figcaption>\u00ab\u00a0Faces \u00e0 la mer\u00a0\u00bb <br>Cr\u00e9dits photos : <em>@boubou_et_crapouillou<\/em><\/figcaption><\/figure>\n\n\n\n<h2><strong>En bref :<\/strong><\/h2>\n\n\n\n<ul><li><strong>Activit\u00e9<\/strong> : \ud83d\ude90 vantrip<\/li><li><strong>Lieu<\/strong> : \ud83c\udfd6\ufe0f plages du Nord (Baie de Somme et alentours)<\/li><li><strong>\u00c2ge des enfants<\/strong> : \ud83d\udc67\ud83e\uddd2 3 et 5 ans<\/li><li><strong>Saison<\/strong> : \u2744\ufe0f hiver<\/li><li><strong>Dur\u00e9e<\/strong> : \u23f0&nbsp;3 jours et 2 nuits<\/li><li><strong>Difficult\u00e9<\/strong> : \ud83d\udcaa accessible<\/li><li><strong>Budget<\/strong> : \u20ac\u20ac (location du van)<\/li><\/ul>\n\n\n\n<h2><strong>La feuille de route :<\/strong><\/h2>\n\n\n\n<h3>L\u2019acc\u00e8s au point de d\u00e9part <\/h3>\n\n\n\n<p>Le <strong>d\u00e9part de cette aventure<\/strong> se fait \u00e0 <strong>Cap Blanc Nez<\/strong>, sur la Cote d\u2019Opale. Situ\u00e9 pr\u00e8s de la commune d\u2019Escalles, ce cap comporte une plage accessible \u00e0 mar\u00e9e basse, class\u00e9e <strong>plus belle plage de France en 2016<\/strong>. De quoi faire r\u00eaver notre petite famille <strong>d\u2019apprentis vanlifers !<\/strong><\/p>\n\n\n\n<h3>L\u2019itin\u00e9raire<\/h3>\n\n\n\n<p>Voil\u00e0 <strong>l\u2019itin\u00e9raire emprunt\u00e9<\/strong> par nos baroudeurs pour ce vantrip sur les plages de la C\u00f4te d&rsquo;Opale. Ils ont fait le choix de partir <strong>en basse saison<\/strong> en f\u00e9vrier afin d&rsquo;\u00eatre tranquille pour <strong>s\u2019\u00e9vader sur les grands espaces !<\/strong> Mais attention, ce s\u00e9jour peut tout de m\u00eame \u00eatre moins agr\u00e9able en cas de vents forts.<\/p>\n\n\n\n<ul><li><strong>Jour 1<\/strong> : D\u00e9part au Cap Blanc Nez puis 1\u00e8re nuit \u00e0 la <strong>ferme de l\u2019Horloge<\/strong> \u00e0 Tardinghen<\/li><li><strong>Jour 2<\/strong> : De la ferme de l\u2019Horloge au 2\u00e8me spot : la <strong>plage d&rsquo;Onival<\/strong>, en faisant un petit passage \u00e0 v\u00e9lo sur la Baie de Somme (entre le Cayeux et la Pointe du Hourdel)<\/li><li><strong>Jour 3<\/strong> : Visite dans les alentours de Le Crotoy, o\u00f9 avec un peu de chance vous pourrez <strong>apercevoir des phoques<\/strong> !<\/li><\/ul>\n\n\n\n<p><iframe src=\"https:\/\/www.google.com\/maps\/d\/u\/2\/embed?mid=1Ud9Eelr76MT3ofPxVENjuNumA6TK8utn\" width=\"640\" height=\"480\"><\/p><\/iframe><\/p>\n\n\n\n<h2>Les coups de c\u0153ur et les coups de mou<\/h2>\n\n\n\n<h3>Les coups de c\u0153ur<\/h3>\n\n\n\n<ul><li>Le <strong>coucher de soleil<\/strong> \u00e0 couper le souffle du 2\u00e8me jour<\/li><li>Les <strong>grands espaces<\/strong> qui font <strong>du bien au moral<\/strong> surtout en cette p\u00e9riode<\/li><li>Les <strong>plages et la vie en van<\/strong> pour les enfants<\/li><\/ul>\n\n\n\n<figure class=\"wp-block-image size-large\"><img loading=\"lazy\" width=\"1024\" height=\"768\" src=\"https:\/\/www.lespetitsbaroudeurs.com\/blog\/wp-content\/uploads\/2021\/04\/vantrip-cote-d-opale-marmots.jpg\" alt=\"vantrip-plage-cote-d-opale-combi-pluie\" class=\"wp-image-6392\" srcset=\"https:\/\/www.lespetitsbaroudeurs.com\/blog\/wp-content\/uploads\/2021\/04\/vantrip-cote-d-opale-marmots.jpg 1024w, https:\/\/www.lespetitsbaroudeurs.com\/blog\/wp-content\/uploads\/2021\/04\/vantrip-cote-d-opale-marmots-300x225.jpg 300w, https:\/\/www.lespetitsbaroudeurs.com\/blog\/wp-content\/uploads\/2021\/04\/vantrip-cote-d-opale-marmots-768x576.jpg 768w\" sizes=\"(max-width: 1024px) 100vw, 1024px\" \/><figcaption>On reste au sec avec les combinaisons de pluie ! <\/figcaption><\/figure>\n\n\n\n<h3>Les coups de mou<\/h3>\n\n\n\n<ul><li><strong>Rien \u00e0 d\u00e9plorer<\/strong> sur un court s\u00e9jour comme celui-l\u00e0 \u00e0 part la difficult\u00e9 qu\u2019on peut trouver \u00e0 <strong>organiser le petit espace du van<\/strong> afin de le rendre vivable<\/li><\/ul>\n\n\n\n<h2>Les 3 indispensables<\/h2>\n\n\n\n<p>Selon notre petite famille, les <strong>3 indispensables<\/strong> \u00e0 prendre sont <strong>du papier toilette<\/strong> (et oui, au cas o\u00f9 vous oublieriez!), la <strong>combinaison des enfants<\/strong>, bien utile pour \u00e9viter de finir tremp\u00e9 lorsqu\u2019on joue sur la plage et bien s\u00fbr <strong>le doudou<\/strong> ! Obligatoire pour pallier les crises de larmes.<\/p>\n\n\n\n<h2>L&rsquo;aventure<\/h2>\n\n\n\n<p>A d\u00e9faut de partir pour un <strong>Tour du Monde<\/strong> comme pr\u00e9vu initialement, c\u2019est finalement vers <strong>les plages du Nord<\/strong> que notre petite troupe s\u2019est rabattue. Moins attrayant vous pensez ? D\u00e9trompez-vous ! Ayant pour projet <strong>d\u2019acheter un van<\/strong> pour faire <strong>de plus longues excursions<\/strong>, il fallait d\u2019abord v\u00e9rifier que cela <strong>plairait aux enfants<\/strong>. Quoi de mieux que de tester ce mode de transport lors <strong>d\u2019un mini vantrip<\/strong> pr\u00e8s de chez eux ? Aussit\u00f4t dit, aussit\u00f4t fait ! La petite famille d\u00e9cide de louer un v\u00e9hicule et se met en route <strong>pour 3 jours d\u2019aventure<\/strong>. Ils nous recommandent d\u2019ailleurs <strong><a href=\"https:\/\/www.van-away.com\/agences\/41-agences\/35-location-van-lille-hauts-de-france\" target=\"_blank\" rel=\"noreferrer noopener\">l\u2019agence Van Away de Lille<\/a><\/strong> pour leurs bons conseils et leurs <strong>vans tout \u00e9quip\u00e9s<\/strong>.&nbsp;<\/p>\n\n\n\n<p>Entre <strong>promenade \u00e0 v\u00e9lo<\/strong> sur la route blanche qui sillonne les Dunes du Nord et <strong>coucher de soleil en bord de mer<\/strong>, ce vantrip sur les plages de la C\u00f4te d&rsquo;Opale a conquis toute la famille. Ils ont m\u00eame eu la chance <strong>de voir des phoques !&nbsp;<\/strong>&nbsp;<\/p>\n\n\n\n<figure class=\"wp-block-gallery columns-2 is-cropped\"><ul class=\"blocks-gallery-grid\"><li class=\"blocks-gallery-item\"><figure><img loading=\"lazy\" width=\"768\" height=\"1024\" src=\"https:\/\/www.lespetitsbaroudeurs.com\/blog\/wp-content\/uploads\/2021\/04\/vantrip-cote-d-opale-jeu-plage-768x1024.jpg\" alt=\"\" data-id=\"6396\" data-link=\"https:\/\/www.lespetitsbaroudeurs.com\/blog\/?attachment_id=6396\" class=\"wp-image-6396\" srcset=\"https:\/\/www.lespetitsbaroudeurs.com\/blog\/wp-content\/uploads\/2021\/04\/vantrip-cote-d-opale-jeu-plage-768x1024.jpg 768w, https:\/\/www.lespetitsbaroudeurs.com\/blog\/wp-content\/uploads\/2021\/04\/vantrip-cote-d-opale-jeu-plage-225x300.jpg 225w, https:\/\/www.lespetitsbaroudeurs.com\/blog\/wp-content\/uploads\/2021\/04\/vantrip-cote-d-opale-jeu-plage.jpg 800w\" sizes=\"(max-width: 768px) 100vw, 768px\" \/><\/figure><\/li><li class=\"blocks-gallery-item\"><figure><img loading=\"lazy\" width=\"750\" height=\"1000\" src=\"https:\/\/www.lespetitsbaroudeurs.com\/blog\/wp-content\/uploads\/2021\/04\/vantrip-cote-d-opale-carriole-velo.jpg\" alt=\"\" data-id=\"6397\" data-full-url=\"https:\/\/www.lespetitsbaroudeurs.com\/blog\/wp-content\/uploads\/2021\/04\/vantrip-cote-d-opale-carriole-velo.jpg\" data-link=\"https:\/\/www.lespetitsbaroudeurs.com\/blog\/?attachment_id=6397\" class=\"wp-image-6397\" srcset=\"https:\/\/www.lespetitsbaroudeurs.com\/blog\/wp-content\/uploads\/2021\/04\/vantrip-cote-d-opale-carriole-velo.jpg 750w, https:\/\/www.lespetitsbaroudeurs.com\/blog\/wp-content\/uploads\/2021\/04\/vantrip-cote-d-opale-carriole-velo-225x300.jpg 225w\" sizes=\"(max-width: 750px) 100vw, 750px\" \/><\/figure><\/li><\/ul><figcaption class=\"blocks-gallery-caption\">Un s\u00e9jour multi-activit\u00e9s <br><\/figcaption><\/figure>\n\n\n\n<p>Au final, les enfants ont ador\u00e9 <strong>la vanlife<\/strong> et pouvoir <strong>mettre les pieds dans l\u2019eau<\/strong> au bord de la plage. Et puis, avec <strong>les bottes et les combinaisons de pluie<\/strong>, plus besoin d\u2019avoir peur de se mouiller !&nbsp;<\/p>\n\n\n\n<h3>Une aventure parfaitement accessible avec des enfants<\/h3>\n\n\n\n<p>Alors, si vous aussi vous voulez <strong>profiter de couchers de soleil \u00e0 couper le souffle<\/strong> et que vous \u00eates <strong>en mal de grands espaces<\/strong>, dirigez-vous les yeux ferm\u00e9s vers cette micro-aventure ! En plus, c\u2019est parfaitement accessible aux familles car se d\u00e9placer en van permet d\u2019adopter un <strong>mode slow life<\/strong> et de <strong>suivre le rythme des enfants<\/strong>. Pour cette aventure, Boubou, Crapouillou, et leurs parents ont privil\u00e9gi\u00e9 <strong>des points de vue et promenades facilement accessibles<\/strong> plut\u00f4t que de l\u2019endurance mais chacun est bien s\u00fbr libre d\u2019aller \u00e0 son propre rythme.&nbsp;<\/p>\n\n\n\n<figure class=\"wp-block-image size-large\"><img loading=\"lazy\" width=\"1024\" height=\"768\" src=\"https:\/\/www.lespetitsbaroudeurs.com\/blog\/wp-content\/uploads\/2021\/04\/vantrip-cote-d-opale-coucher-soleil.jpg\" alt=\"vantrip-plage-cote-d-opale-coucher-soleil\" class=\"wp-image-6393\" srcset=\"https:\/\/www.lespetitsbaroudeurs.com\/blog\/wp-content\/uploads\/2021\/04\/vantrip-cote-d-opale-coucher-soleil.jpg 1024w, https:\/\/www.lespetitsbaroudeurs.com\/blog\/wp-content\/uploads\/2021\/04\/vantrip-cote-d-opale-coucher-soleil-300x225.jpg 300w, https:\/\/www.lespetitsbaroudeurs.com\/blog\/wp-content\/uploads\/2021\/04\/vantrip-cote-d-opale-coucher-soleil-768x576.jpg 768w\" sizes=\"(max-width: 1024px) 100vw, 1024px\" \/><figcaption>Un superbe coucher de soleil<br><\/figcaption><\/figure>\n\n\n\n<p>En tout cas, ce qui est s\u00fbr c\u2019est que cette micro-aventure aura suffit \u00e0 d\u00e9cider cette <strong>famille de baroudeurs<\/strong> \u00e0 se lancer <strong>dans l\u2019investissement d\u2019un van am\u00e9nag\u00e9<\/strong>. Et que les enfants sont press\u00e9s de repartir ! Ils ont m\u00eame dans l\u2019id\u00e9e de troquer la maison pour <strong>ce nouveau mode de transport<\/strong>.<\/p>\n\n\n\n<h2>Niveau budget <\/h2>\n\n\n\n<p>Hormis <strong>la location du van<\/strong> (nos baroudeurs sont pass\u00e9s par VanAway, pour 250\u20ac environ), cette micro-aventure ne vous co\u00fbtera pas grand chose. Vous aurez juste \u00e0 d\u00e9bourser quelques euros pour<strong> l\u2019emplacement de la premi\u00e8re nuit<\/strong> et si vous d\u00e9cidez de <strong>louer des v\u00e9los<\/strong> pour faire un petit bout de chemin en p\u00e9dalant. C\u00f4t\u00e9 aires de stationnement, la famille de Boubou et Crapouillou a opt\u00e9 pour un <strong>h\u00e9bergement semi-autonome<\/strong> \u00e0 la ferme de l\u2019Horloge pour la premi\u00e8re nuit. Ainsi, vous pourrez b\u00e9n\u00e9ficier de <strong>l\u2019aire d\u2019accueil am\u00e9nag\u00e9e<\/strong> propos\u00e9e par cette charmante exploitation agricole, o\u00f9 il vous sera possible de <strong>vous approvisionner en eau et en \u00e9lectricit\u00e9.&nbsp;<\/strong><\/p>\n\n\n\n<figure class=\"wp-block-image size-large\"><img loading=\"lazy\" width=\"1024\" height=\"768\" src=\"https:\/\/www.lespetitsbaroudeurs.com\/blog\/wp-content\/uploads\/2021\/04\/vantrip-cote-d-opale-dans-le-van.jpg\" alt=\"vantrip-plage-cote-d-opale-van\" class=\"wp-image-6394\" srcset=\"https:\/\/www.lespetitsbaroudeurs.com\/blog\/wp-content\/uploads\/2021\/04\/vantrip-cote-d-opale-dans-le-van.jpg 1024w, https:\/\/www.lespetitsbaroudeurs.com\/blog\/wp-content\/uploads\/2021\/04\/vantrip-cote-d-opale-dans-le-van-300x225.jpg 300w, https:\/\/www.lespetitsbaroudeurs.com\/blog\/wp-content\/uploads\/2021\/04\/vantrip-cote-d-opale-dans-le-van-768x576.jpg 768w\" sizes=\"(max-width: 1024px) 100vw, 1024px\" \/><figcaption>Bien install\u00e9s dans le van ! <\/figcaption><\/figure>\n\n\n\n<p>Pour la deuxi\u00e8me nuit, un parking en bord de digue gratuit <strong>avec coucher de soleil en prime<\/strong> a tr\u00e8s bien fait l\u2019affaire ! Facilement accessible, ce <strong>spot id\u00e9al entre marais et plage<\/strong> aura de quoi vous donner <strong>l\u2019impression d\u2019\u00eatre seuls au monde.<\/strong>&nbsp;<\/p>\n\n\n\n<p>Pour les repas, nos vanlifers avaient tout pr\u00e9vu mais vous trouverez s\u00fbrement de quoi vous restaurer le long du chemin.<\/p>\n\n\n\n<h2>En conclusion<\/h2>\n\n\n\n<p>Si comme nos aventuriers, vous avez besoin :<\/p>\n\n\n\n<ul><li>De <strong>vous \u00e9vader<\/strong> ;&nbsp;<\/li><li>De <strong>retourner \u00e0 l&rsquo;essentiel<\/strong> en passant du temps qualitatif en famille ;<\/li><li>De ne pas r\u00e9server en amont vos h\u00e9bergements ou de pouvoir <strong>changer vos plans<\/strong> \u00e0 la derni\u00e8re minute ;&nbsp;&nbsp;<\/li><li>De vous \u00e9merveiller <strong>des paysages et des joies simples<\/strong> que nous offrent nos <strong>jolis coins de France<\/strong>&nbsp;;<\/li><li>De voir des \u00e9toiles dans les yeux de vos enfants&#8230; et dans les v\u00f4tres ;<\/li><\/ul>\n\n\n\n<p>Alors <strong>FONCEZ<\/strong> vers cette micro-aventure en famille !<\/p>\n\n\n\n<div class=\"wp-block-group\"><div class=\"wp-block-group__inner-container\"><\/div><\/div>\n\n\n\n<figure class=\"wp-block-image size-large\"><img loading=\"lazy\" width=\"1024\" height=\"768\" src=\"https:\/\/www.lespetitsbaroudeurs.com\/blog\/wp-content\/uploads\/2021\/04\/vantrip-somme-montage.jpg\" alt=\"Van-trip-plages-cote-d-opale-montage\" class=\"wp-image-6391\" srcset=\"https:\/\/www.lespetitsbaroudeurs.com\/blog\/wp-content\/uploads\/2021\/04\/vantrip-somme-montage.jpg 1024w, https:\/\/www.lespetitsbaroudeurs.com\/blog\/wp-content\/uploads\/2021\/04\/vantrip-somme-montage-300x225.jpg 300w, https:\/\/www.lespetitsbaroudeurs.com\/blog\/wp-content\/uploads\/2021\/04\/vantrip-somme-montage-768x576.jpg 768w\" sizes=\"(max-width: 1024px) 100vw, 1024px\" \/><figcaption>De chouettes souvenirs ! <\/figcaption><\/figure>\n\n\n\n<p>Un grand merci \u00e0 No\u00e9mie, de nous avoir partag\u00e9 son exp\u00e9rience en famille !  Vous pouvez suivre ses aventures juste <a href=\"https:\/\/www.instagram.com\/boubou_et_crapouillou\/\" target=\"_blank\" rel=\"noreferrer noopener\">ici<\/a>. Si vous aussi vous avez envie de nous raconter\u00a0<strong>un bivouac, un trek, une itin\u00e9rance \u00e0 v\u00e9lo, un vantrip ou encore une nuit dans un h\u00e9bergement insolite<\/strong>, vous pouvez le faire\u00a0<a rel=\"noreferrer noopener\" href=\"https:\/\/lespetitsbaroudeurs.typeform.com\/to\/XuiSDdhe\" target=\"_blank\">juste ici<\/a>. Venez nous aider \u00e0\u00a0<strong>promouvoir l\u2019aventure en famille !<\/strong><\/p>\n\n\n\n<h2>HEY, SI ON \u00c9QUIPAIT VOS PETITS BAROUDEURS ?<\/h2>\n\n\n\n<p>Chez les Petits Baroudeurs, nous&nbsp;<strong>d\u00e9nichons avec soin et amour<\/strong>&nbsp;les produits utiles \u00e0 vos aventures en famille.&nbsp;<strong>Nous les testons<\/strong>&nbsp;avec nos Oursons, les cousins, les amis de nos loupiots \u2013 quand nos enfants sont trop grands pour tester eux m\u00eame. Et&nbsp;<strong>nous ne s\u00e9lectionnons que les meilleurs produits&nbsp;<\/strong>pour vous les proposer.<\/p>\n\n\n\n<p>Voici donc la s\u00e9lection de notre boutique pour un<strong> van trip en famille :<\/strong><\/p>\n\n\n\n<div class=\"wp-block-group alignwide\"><div class=\"wp-block-group__inner-container\">\n<div class=\"wp-block-columns alignwide\">\n<div class=\"wp-block-column\">\n<figure class=\"wp-block-image size-large\"><a href=\"https:\/\/www.lespetitsbaroudeurs.com\/bottes-pluie-enfant-57\"><img loading=\"lazy\" width=\"300\" height=\"300\" src=\"https:\/\/www.lespetitsbaroudeurs.com\/blog\/wp-content\/uploads\/2021\/04\/waders-enfant-goodyear-kidsplay-fisherman-300-300.jpg\" alt=\"\" class=\"wp-image-6413\" srcset=\"https:\/\/www.lespetitsbaroudeurs.com\/blog\/wp-content\/uploads\/2021\/04\/waders-enfant-goodyear-kidsplay-fisherman-300-300.jpg 300w, https:\/\/www.lespetitsbaroudeurs.com\/blog\/wp-content\/uploads\/2021\/04\/waders-enfant-goodyear-kidsplay-fisherman-300-300-150x150.jpg 150w, https:\/\/www.lespetitsbaroudeurs.com\/blog\/wp-content\/uploads\/2021\/04\/waders-enfant-goodyear-kidsplay-fisherman-300-300-270x270.jpg 270w\" sizes=\"(max-width: 300px) 100vw, 300px\" \/><\/a><figcaption>Salopettes de pluie<br><a href=\"https:\/\/www.lespetitsbaroudeurs.com\/bottes-pluie-enfant-57\" target=\"_blank\" rel=\"noreferrer noopener\"><em>Je d\u00e9couvre<\/em> <\/a><\/figcaption><\/figure>\n<\/div>\n\n\n\n<div class=\"wp-block-column\">\n<figure class=\"wp-block-image size-large\"><a href=\"https:\/\/www.lespetitsbaroudeurs.com\/sac-a-dos-randonnee-enfant-17\"><img loading=\"lazy\" width=\"300\" height=\"300\" src=\"https:\/\/www.lespetitsbaroudeurs.com\/blog\/wp-content\/uploads\/2021\/04\/sac-a-dos-bebe-affenzahn-petits-amis-bobo-ours-300-300.jpg\" alt=\"\" class=\"wp-image-6412\" srcset=\"https:\/\/www.lespetitsbaroudeurs.com\/blog\/wp-content\/uploads\/2021\/04\/sac-a-dos-bebe-affenzahn-petits-amis-bobo-ours-300-300.jpg 300w, https:\/\/www.lespetitsbaroudeurs.com\/blog\/wp-content\/uploads\/2021\/04\/sac-a-dos-bebe-affenzahn-petits-amis-bobo-ours-300-300-150x150.jpg 150w, https:\/\/www.lespetitsbaroudeurs.com\/blog\/wp-content\/uploads\/2021\/04\/sac-a-dos-bebe-affenzahn-petits-amis-bobo-ours-300-300-270x270.jpg 270w\" sizes=\"(max-width: 300px) 100vw, 300px\" \/><\/a><figcaption>Sac \u00e0 dos enfant<br><em><a href=\"https:\/\/www.lespetitsbaroudeurs.com\/sac-a-dos-randonnee-enfant-17\" target=\"_blank\" rel=\"noreferrer noopener\">Je d\u00e9couvre<\/a><\/em><\/figcaption><\/figure>\n<\/div>\n\n\n\n<div class=\"wp-block-column\">\n<figure class=\"wp-block-image size-large\"><a href=\"https:\/\/www.lespetitsbaroudeurs.com\/combinaison-impermeable-bebe-40\"><img loading=\"lazy\" width=\"300\" height=\"300\" src=\"https:\/\/www.lespetitsbaroudeurs.com\/blog\/wp-content\/uploads\/2021\/04\/combinaison-pluie-enfant-bebe-impermeable-puddle-bleu-300-300.jpg\" alt=\"\" class=\"wp-image-6414\" srcset=\"https:\/\/www.lespetitsbaroudeurs.com\/blog\/wp-content\/uploads\/2021\/04\/combinaison-pluie-enfant-bebe-impermeable-puddle-bleu-300-300.jpg 300w, https:\/\/www.lespetitsbaroudeurs.com\/blog\/wp-content\/uploads\/2021\/04\/combinaison-pluie-enfant-bebe-impermeable-puddle-bleu-300-300-150x150.jpg 150w, https:\/\/www.lespetitsbaroudeurs.com\/blog\/wp-content\/uploads\/2021\/04\/combinaison-pluie-enfant-bebe-impermeable-puddle-bleu-300-300-270x270.jpg 270w\" sizes=\"(max-width: 300px) 100vw, 300px\" \/><\/a><figcaption>Combinaisons de pluie<br><em><a href=\"https:\/\/www.lespetitsbaroudeurs.com\/combinaison-impermeable-bebe-40\" target=\"_blank\" rel=\"noreferrer noopener\">Je d\u00e9couvre<\/a><\/em><\/figcaption><\/figure>\n<\/div>\n<\/div>\n<\/div><\/div>\n\n\n\n<p><\/p>\n","protected":false},"excerpt":{"rendered":"<p>Un vantrip sur les plages de la C\u00f4te d\u2019Opale \u00e7a vous dit ? Si vous ne connaissez pas encore ces belles \u00e9tendues de sable blanc qui s\u2019\u00e9talent \u00e0 perte de vue, vous n\u2019allez pas \u00eatre d\u00e9\u00e7us ! En effet, elles font partie des plus belles plages de France. Boubou, Crapouillou et leurs parents nous emm\u00e8nent [&hellip;]<\/p>\n","protected":false},"author":75,"featured_media":6406,"comment_status":"open","ping_status":"open","sticky":false,"template":"","format":"standard","meta":[],"categories":[150,185,149],"tags":[183],"yoast_head":"<!-- This site is optimized with the Yoast SEO plugin v14.9 - https:\/\/yoast.com\/wordpress\/plugins\/seo\/ -->\n<title>Vantrip sur les plages de la C\u00f4te d&#039;Opale - Les Petits Baroudeurs<\/title>\n<meta name=\"description\" content=\"Envie de partir pour un vantrip sur les plages de la C\u00f4te d&#039;Opale ? Inspirez-vous du r\u00e9cit d&#039;une famille qui a test\u00e9 la vanlife pendant 3 jours !\" \/>\n<meta name=\"robots\" content=\"index, follow, max-snippet:-1, max-image-preview:large, max-video-preview:-1\" \/>\n<link rel=\"canonical\" href=\"https:\/\/www.lespetitsbaroudeurs.com\/blog\/vantrip-sur-les-plages-de-la-cote-dopale\/\" \/>\n<meta property=\"og:locale\" content=\"fr_FR\" \/>\n<meta property=\"og:type\" content=\"article\" \/>\n<meta property=\"og:title\" content=\"Vantrip sur les plages de la C\u00f4te d&#039;Opale - Les Petits Baroudeurs\" \/>\n<meta property=\"og:description\" content=\"Envie de partir pour un vantrip sur les plages de la C\u00f4te d&#039;Opale ? Inspirez-vous du r\u00e9cit d&#039;une famille qui a test\u00e9 la vanlife pendant 3 jours !\" \/>\n<meta property=\"og:url\" content=\"https:\/\/www.lespetitsbaroudeurs.com\/blog\/vantrip-sur-les-plages-de-la-cote-dopale\/\" \/>\n<meta property=\"og:site_name\" content=\"Les Petits Baroudeurs\" \/>\n<meta property=\"article:publisher\" content=\"https:\/\/www.facebook.com\/lespetitsbaroudeurs\/\" \/>\n<meta property=\"article:published_time\" content=\"2021-04-30T08:06:21+00:00\" \/>\n<meta property=\"article:modified_time\" content=\"2023-03-10T10:31:24+00:00\" \/>\n<meta property=\"og:image\" content=\"https:\/\/www.lespetitsbaroudeurs.com\/blog\/wp-content\/uploads\/2021\/04\/header-vantrip-cote-d-opale.jpg\" \/>\n\t<meta property=\"og:image:width\" content=\"1136\" \/>\n\t<meta property=\"og:image:height\" content=\"530\" \/>\n<meta name=\"twitter:card\" content=\"summary_large_image\" \/>\n<script type=\"application\/ld+json\" class=\"yoast-schema-graph\">{\"@context\":\"https:\/\/schema.org\",\"@graph\":[{\"@type\":\"WebSite\",\"@id\":\"https:\/\/www.lespetitsbaroudeurs.com\/blog\/#website\",\"url\":\"https:\/\/www.lespetitsbaroudeurs.com\/blog\/\",\"name\":\"Les Petits Baroudeurs\",\"description\":\"Le Blog de l&#039;aventure en famille !\",\"potentialAction\":[{\"@type\":\"SearchAction\",\"target\":\"https:\/\/www.lespetitsbaroudeurs.com\/blog\/?s={search_term_string}\",\"query-input\":\"required name=search_term_string\"}],\"inLanguage\":\"fr-FR\"},{\"@type\":\"ImageObject\",\"@id\":\"https:\/\/www.lespetitsbaroudeurs.com\/blog\/vantrip-sur-les-plages-de-la-cote-dopale\/#primaryimage\",\"inLanguage\":\"fr-FR\",\"url\":\"https:\/\/www.lespetitsbaroudeurs.com\/blog\/wp-content\/uploads\/2021\/04\/header-vantrip-cote-d-opale.jpg\",\"width\":1136,\"height\":530},{\"@type\":\"WebPage\",\"@id\":\"https:\/\/www.lespetitsbaroudeurs.com\/blog\/vantrip-sur-les-plages-de-la-cote-dopale\/#webpage\",\"url\":\"https:\/\/www.lespetitsbaroudeurs.com\/blog\/vantrip-sur-les-plages-de-la-cote-dopale\/\",\"name\":\"Vantrip sur les plages de la C\\u00f4te d'Opale - Les Petits Baroudeurs\",\"isPartOf\":{\"@id\":\"https:\/\/www.lespetitsbaroudeurs.com\/blog\/#website\"},\"primaryImageOfPage\":{\"@id\":\"https:\/\/www.lespetitsbaroudeurs.com\/blog\/vantrip-sur-les-plages-de-la-cote-dopale\/#primaryimage\"},\"author\":{\"@id\":\"https:\/\/www.lespetitsbaroudeurs.com\/blog\/#\/schema\/person\/8807c694416e6468a0ba8b61ee7f6ef3\"},\"description\":\"Envie de partir pour un vantrip sur les plages de la C\\u00f4te d'Opale ? Inspirez-vous du r\\u00e9cit d'une famille qui a test\\u00e9 la vanlife pendant 3 jours !\",\"inLanguage\":\"fr-FR\",\"potentialAction\":[{\"@type\":\"ReadAction\",\"target\":[\"https:\/\/www.lespetitsbaroudeurs.com\/blog\/vantrip-sur-les-plages-de-la-cote-dopale\/\"]}]},{\"@type\":\"Person\",\"@id\":\"https:\/\/www.lespetitsbaroudeurs.com\/blog\/#\/schema\/person\/8807c694416e6468a0ba8b61ee7f6ef3\",\"name\":\"La famille de Boubou et Crapouillou\",\"image\":{\"@type\":\"ImageObject\",\"@id\":\"https:\/\/www.lespetitsbaroudeurs.com\/blog\/#personlogo\",\"inLanguage\":\"fr-FR\",\"url\":\"https:\/\/secure.gravatar.com\/avatar\/a75ac288fa3cbd1db0b5f0e87cc4fce3?s=96&d=mm&r=g\",\"caption\":\"La famille de Boubou et Crapouillou\"}}]}<\/script>\n<!-- \/ Yoast SEO plugin. -->","_links":{"self":[{"href":"https:\/\/www.lespetitsbaroudeurs.com\/blog\/wp-json\/wp\/v2\/posts\/6383"}],"collection":[{"href":"https:\/\/www.lespetitsbaroudeurs.com\/blog\/wp-json\/wp\/v2\/posts"}],"about":[{"href":"https:\/\/www.lespetitsbaroudeurs.com\/blog\/wp-json\/wp\/v2\/types\/post"}],"author":[{"embeddable":true,"href":"https:\/\/www.lespetitsbaroudeurs.com\/blog\/wp-json\/wp\/v2\/users\/75"}],"replies":[{"embeddable":true,"href":"https:\/\/www.lespetitsbaroudeurs.com\/blog\/wp-json\/wp\/v2\/comments?post=6383"}],"version-history":[{"count":28,"href":"https:\/\/www.lespetitsbaroudeurs.com\/blog\/wp-json\/wp\/v2\/posts\/6383\/revisions"}],"predecessor-version":[{"id":6763,"href":"https:\/\/www.lespetitsbaroudeurs.com\/blog\/wp-json\/wp\/v2\/posts\/6383\/revisions\/6763"}],"wp:featuredmedia":[{"embeddable":true,"href":"https:\/\/www.lespetitsbaroudeurs.com\/blog\/wp-json\/wp\/v2\/media\/6406"}],"wp:attachment":[{"href":"https:\/\/www.lespetitsbaroudeurs.com\/blog\/wp-json\/wp\/v2\/media?parent=6383"}],"wp:term":[{"taxonomy":"category","embeddable":true,"href":"https:\/\/www.lespetitsbaroudeurs.com\/blog\/wp-json\/wp\/v2\/categories?post=6383"},{"taxonomy":"post_tag","embeddable":true,"href":"https:\/\/www.lespetitsbaroudeurs.com\/blog\/wp-json\/wp\/v2\/tags?post=6383"}],"curies":[{"name":"wp","href":"https:\/\/api.w.org\/{rel}","templated":true}]}}