{"id":6504,"date":"2021-05-20T15:25:02","date_gmt":"2021-05-20T13:25:02","guid":{"rendered":"https:\/\/www.lespetitsbaroudeurs.com\/blog\/?p=6504"},"modified":"2021-05-27T11:20:16","modified_gmt":"2021-05-27T09:20:16","slug":"trois-semaines-ditinerance-en-bretagne-sud-a-bord-dun-voilier","status":"publish","type":"post","link":"https:\/\/www.lespetitsbaroudeurs.com\/blog\/trois-semaines-ditinerance-en-bretagne-sud-a-bord-dun-voilier\/","title":{"rendered":"Trois semaines d\u2019itin\u00e9rance en Bretagne sud \u00e0 bord d\u2019un voilier"},"content":{"rendered":"\n<p><em>La famille Gully, baroudeurs dans l&rsquo;\u00e2me, que ce soit en montagne ou en mer, autant en hiver qu\u2019en \u00e9t\u00e9, met les voiles pour trois semaines d&rsquo;itin\u00e9rance en Bretagne sud \u00e0 bord d&rsquo;un voilier avec leurs deux marmots et nous partagent leur superbe exp\u00e9rience en famille ! <\/em><\/p>\n\n\n\n<h2>Participants<\/h2>\n\n\n\n<p>Soline, 3 ans (2017), moussaillon en second. <br>Victor, 5 ans (2015), chef moussaillon.<br>Marion, maman et co skipper<br>Mathieu, papa et skipper<\/p>\n\n\n\n<figure class=\"wp-block-image size-large\"><img loading=\"lazy\" width=\"1024\" height=\"768\" src=\"https:\/\/www.lespetitsbaroudeurs.com\/blog\/wp-content\/uploads\/2021\/05\/2020-07-24-13.38.07.jpg\" alt=\"itin\u00e9rance en Bretagne sud \u00e0 bord d\u2019un voilier\" class=\"wp-image-6510\" srcset=\"https:\/\/www.lespetitsbaroudeurs.com\/blog\/wp-content\/uploads\/2021\/05\/2020-07-24-13.38.07.jpg 1024w, https:\/\/www.lespetitsbaroudeurs.com\/blog\/wp-content\/uploads\/2021\/05\/2020-07-24-13.38.07-300x225.jpg 300w, https:\/\/www.lespetitsbaroudeurs.com\/blog\/wp-content\/uploads\/2021\/05\/2020-07-24-13.38.07-768x576.jpg 768w\" sizes=\"(max-width: 1024px) 100vw, 1024px\" \/><figcaption><em>Famille Gully<\/em><\/figcaption><\/figure>\n\n\n\n<h2>Destination<\/h2>\n\n\n\n<p>Apr\u00e8s l\u2019<strong>exp\u00e9rience r\u00e9ussie de l\u2019an pass\u00e9<\/strong> (<em><a href=\"https:\/\/www.lespetitsbaroudeurs.com\/blog\/partir-en-voilier-en-famille\/\" target=\"_blank\" rel=\"noreferrer noopener\">\u27b3Je d\u00e9couvre<\/a><\/em>), nous avons d\u00e9cid\u00e9 de voir un peu plus grand : <strong>allonger l\u2019itin\u00e9raire jusqu&rsquo;\u00e0 Concarneau<\/strong> et surtout de <strong>partir un peu plus longtemps<\/strong> : 3 semaines, profitant de cong\u00e9s exceptionnellement allong\u00e9s cet \u00e9t\u00e9. <\/p>\n\n\n\n<p><strong>Partis de la Trinit\u00e9 sur mer<\/strong>, et afin d\u2019\u00e9viter aux enfants les grandes travers\u00e9es <strong>nous avons emmen\u00e9 le voilier \u00e0 deux jusqu\u2019\u00e0 Concarneau<\/strong> (en 2 longues navigations de 7 et 9h), <strong>les grand-parents nous ont \u201clivr\u00e9\u201d les 2 moussaillons \u00e0 Concarneau<\/strong> pour entamer le p\u00e9riple en famille. <\/p>\n\n\n\n<figure class=\"wp-block-image size-large\"><img loading=\"lazy\" width=\"1024\" height=\"768\" src=\"https:\/\/www.lespetitsbaroudeurs.com\/blog\/wp-content\/uploads\/2021\/05\/2020-07-17-11.48.27.jpg\" alt=\"itin\u00e9rance en Bretagne sud \u00e0 bord d\u2019un voilier\" class=\"wp-image-6527\" srcset=\"https:\/\/www.lespetitsbaroudeurs.com\/blog\/wp-content\/uploads\/2021\/05\/2020-07-17-11.48.27.jpg 1024w, https:\/\/www.lespetitsbaroudeurs.com\/blog\/wp-content\/uploads\/2021\/05\/2020-07-17-11.48.27-300x225.jpg 300w, https:\/\/www.lespetitsbaroudeurs.com\/blog\/wp-content\/uploads\/2021\/05\/2020-07-17-11.48.27-768x576.jpg 768w\" sizes=\"(max-width: 1024px) 100vw, 1024px\" \/><figcaption><em>Repas du soir dans le cockpit<\/em><\/figcaption><\/figure>\n\n\n\n<p>Nous pouvions ainsi <strong>\u201credescendre\u201d par petits sauts jusqu\u2019\u00e0 la Trinit\u00e9<\/strong>, qui plus est avec les <strong>vents dominants favorables<\/strong>. Cette ann\u00e9e, nous avons \u00e9t\u00e9 <strong>accompagn\u00e9s par famille et amis<\/strong> sur des portions de voyage ! Le r\u00e9cit de nos aventures 2019 a suscit\u00e9 des envies !<\/p>\n\n\n\n<figure class=\"wp-block-image size-large\"><img loading=\"lazy\" width=\"1024\" height=\"768\" src=\"https:\/\/www.lespetitsbaroudeurs.com\/blog\/wp-content\/uploads\/2021\/05\/2020-07-23-20.58.46.jpg\" alt=\"itin\u00e9rance en Bretagne sud \u00e0 bord d\u2019un voilier\" class=\"wp-image-6514\" srcset=\"https:\/\/www.lespetitsbaroudeurs.com\/blog\/wp-content\/uploads\/2021\/05\/2020-07-23-20.58.46.jpg 1024w, https:\/\/www.lespetitsbaroudeurs.com\/blog\/wp-content\/uploads\/2021\/05\/2020-07-23-20.58.46-300x225.jpg 300w, https:\/\/www.lespetitsbaroudeurs.com\/blog\/wp-content\/uploads\/2021\/05\/2020-07-23-20.58.46-768x576.jpg 768w\" sizes=\"(max-width: 1024px) 100vw, 1024px\" \/><figcaption><em>Bretagne sud en famille<\/em><\/figcaption><\/figure>\n\n\n\n<h2>Itin\u00e9raire effectu\u00e9<\/h2>\n\n\n\n<p><strong>Avant le d\u00e9part<\/strong> : La Trinit\u00e9 sur Mer &#8211; Prise en main du bateau \u00e0 16h<br><strong>J1 <\/strong>: La Trinit\u00e9 sur Mer \u2192 Lorient &#8211; \u00c9tat des lieux, 7h de navigation (sans enfant)<br><strong>J2<\/strong> : Lorient \u2192 Concarneau &#8211; 9h de navigation (sans enfant)<br><strong>J3<\/strong> : Concarneau &#8211; Visite de la ville<br><strong>J4<\/strong> : Concarneau &#8211; Sortie en mer pour p\u00eacher (2h)<br><strong>J5<\/strong> : Concarneau \u2192 Benodet : 3h30 de navigation<br><strong>J6<\/strong> : B\u00e9nodet &#8211; Visite de B\u00e9nodet et plage<br><strong>J7<\/strong> : B\u00e9nodet \u2192 Concarneau &#8211; 3h de navigation<br><strong>J8<\/strong> : Concarneau &#8211; Visite et plage<br><strong>J9<\/strong> : Concarneau \u2192 \u00cele Saint Nicolas (Gl\u00e9nan) &#8211; 3h de navigation \/ Archipel des Gl\u00e9nans \u2192 Lorient &#8211; 5h30 de navigation de nuit !<br><strong>J10<\/strong> : Lorient &#8211; Visite de Lorient<br><strong>J11<\/strong> : Lorient \u2192 Port Tudy (\u00cele de Groix) &#8211; 2h de navigation<br><strong>J12<\/strong> : Port Tudy (\u00cele de Groix) &#8211; Tour de l\u2019\u00eele \u00e0 v\u00e9lo (24km)<br><strong>J13<\/strong> : Port Tudy (\u00cele de Groix) &#8211; Sentier c\u00f4tier \u00e0 pied<br><strong>J14<\/strong> : Port Tudy \u2192 Plage des Sables Rouges \u2192 Port Kernevel (Lorient) &#8211; 2h30 de navigation<br><strong>J15<\/strong> : Port Kernevel \u2192 Port Louis (Lorient) &#8211; Mini travers\u00e9e pour changer de port car avis de temp\u00eate<br><strong>J16<\/strong> : Lorient \u2192 Groix \u2192 Belle \u00eele &#8211; 5h de navigation<br><strong>J17<\/strong> : Belle \u00eele \u2192 Port Haliguen (Quiberon) &#8211; 3h30 de navigation<br><strong>J18<\/strong> : Port Haliguen \u2192 \u00cele de Houat \u2192 La Trinit\u00e9 sur Mer &#8211; 2h + 2h30 de navigation<br><strong>J19<\/strong> : La Trinit\u00e9 sur Mer &#8211; C&rsquo;est la fin, snif ! <\/p>\n\n\n\n<figure class=\"wp-block-image size-large\"><img loading=\"lazy\" width=\"1024\" height=\"656\" src=\"https:\/\/www.lespetitsbaroudeurs.com\/blog\/wp-content\/uploads\/2021\/05\/itineraire.jpg\" alt=\"itin\u00e9rance en Bretagne sud \u00e0 bord d\u2019un voilier\" class=\"wp-image-6511\" srcset=\"https:\/\/www.lespetitsbaroudeurs.com\/blog\/wp-content\/uploads\/2021\/05\/itineraire.jpg 1024w, https:\/\/www.lespetitsbaroudeurs.com\/blog\/wp-content\/uploads\/2021\/05\/itineraire-300x192.jpg 300w, https:\/\/www.lespetitsbaroudeurs.com\/blog\/wp-content\/uploads\/2021\/05\/itineraire-768x492.jpg 768w\" sizes=\"(max-width: 1024px) 100vw, 1024px\" \/><figcaption><em>Itin\u00e9rance en Bretagne sud \u00e0 bord d\u2019un voilier<\/em><\/figcaption><\/figure>\n\n\n\n<h2>Les coups de coeur <\/h2>\n\n\n\n<ul><li><strong>Observer des<\/strong> <strong>dauphins <\/strong>sauter pr\u00e8s de notre coque.<\/li><li><strong>Naviguer de nuit <\/strong>et regarder les \u00e9toiles aux jumelles.<\/li><li>Siroter une <strong>tisane dans son duvet<\/strong> dans le cockpit aux <strong>sons de la<\/strong> <strong>guitare <\/strong>de Papa.<\/li><li><strong>P\u00eacher <\/strong>d&rsquo;\u00e9normes maquereaux pour son repas.<\/li><li><strong>Nager autour du bateau<\/strong> avec les enfants apr\u00e8s avoir jet\u00e9 l\u2019ancre pr\u00e8s d\u2019une plage.<\/li><li><strong>Explorer <\/strong>les c\u00f4tes pour d\u00e9couvrir des plages secr\u00e8tes.<\/li><li>D\u00e9couvrir des <strong>eaux turquoise<\/strong> et courir dans l\u2019eau en rigolant.<\/li><li>Se <strong>balader au coucher de soleil<\/strong> avant d\u2019aller au dodo.<\/li><li>Laisser <strong>Victor piloter l\u2019annexe<\/strong>.<\/li><\/ul>\n\n\n\n<figure class=\"wp-block-image size-large\"><img loading=\"lazy\" width=\"1024\" height=\"768\" src=\"https:\/\/www.lespetitsbaroudeurs.com\/blog\/wp-content\/uploads\/2021\/05\/2020-07-26-12.03.38.jpg\" alt=\"itin\u00e9rance en Bretagne sud \u00e0 bord d\u2019un voilier\" class=\"wp-image-6515\" srcset=\"https:\/\/www.lespetitsbaroudeurs.com\/blog\/wp-content\/uploads\/2021\/05\/2020-07-26-12.03.38.jpg 1024w, https:\/\/www.lespetitsbaroudeurs.com\/blog\/wp-content\/uploads\/2021\/05\/2020-07-26-12.03.38-300x225.jpg 300w, https:\/\/www.lespetitsbaroudeurs.com\/blog\/wp-content\/uploads\/2021\/05\/2020-07-26-12.03.38-768x576.jpg 768w\" sizes=\"(max-width: 1024px) 100vw, 1024px\" \/><figcaption><em>Itin\u00e9rance en Bretagne sud \u00e0 bord d\u2019un voilier<\/em><\/figcaption><\/figure>\n\n\n\n<h2><strong>La vie sur le bateau avec des enfants<\/strong><\/h2>\n\n\n\n<h3>Bateau de 35 pieds<\/h3>\n\n\n\n<p>Cette ann\u00e9e, nous avons lou\u00e9 un <strong>bateau de 35 pieds<\/strong> (soit un peu plus de 10m) <strong>avec 3 cabines<\/strong>, pouvant accueillir <strong>8 personnes au maximum<\/strong>. Le but \u00e9tait de pouvoir <strong>partager des bouts de notre aventure avec famille et amis.<\/strong><\/p>\n\n\n\n<p>Cette <strong>petite maison flottante<\/strong> <strong>est tr\u00e8s confortable<\/strong>, car elle comporte eau courante (gr\u00e2ce \u00e0 un gros r\u00e9servoir, et m\u00eame chaude), toilettes, \u00e9lectricit\u00e9, feux \u00e0 gaz, et m\u00eame un frigo. Au port, on peut tr\u00e8s souvent <strong>se brancher \u00e0 l&rsquo;\u00e9lectricit\u00e9<\/strong> et ainsi recharger les batteries essentielles pour la navigation.&nbsp;&nbsp;<\/p>\n\n\n\n<p>Les enfants sont ravis de vivre dans un petit espace o\u00f9 tout est \u00e0 leur port\u00e9e. <strong>Les cabanes sont faciles \u00e0 faire au fond des cabines<\/strong> !<\/p>\n\n\n\n<figure class=\"wp-block-image size-large\"><img loading=\"lazy\" width=\"1024\" height=\"576\" src=\"https:\/\/www.lespetitsbaroudeurs.com\/blog\/wp-content\/uploads\/2021\/05\/20200717_153355.jpg\" alt=\"itin\u00e9rance en Bretagne sud \u00e0 bord d\u2019un voilier\" class=\"wp-image-6516\" srcset=\"https:\/\/www.lespetitsbaroudeurs.com\/blog\/wp-content\/uploads\/2021\/05\/20200717_153355.jpg 1024w, https:\/\/www.lespetitsbaroudeurs.com\/blog\/wp-content\/uploads\/2021\/05\/20200717_153355-300x169.jpg 300w, https:\/\/www.lespetitsbaroudeurs.com\/blog\/wp-content\/uploads\/2021\/05\/20200717_153355-768x432.jpg 768w\" sizes=\"(max-width: 1024px) 100vw, 1024px\" \/><figcaption><em>Amarr\u00e9s au port de B\u00e9nodet<\/em><\/figcaption><\/figure>\n\n\n\n<h3>La navigation<\/h3>\n\n\n\n<p>Concernant la navigation, nous avions l\u2019an pass\u00e9 essay\u00e9 de limiter autant que possible \u00e0 <strong>2-3h maximum en navigant tous les 2-3 jours<\/strong>. Avec une ann\u00e9e de plus, <strong>nous avons tent\u00e9 des navigations plus grandes et plus fr\u00e9quentes<\/strong> tout en essayant d&rsquo;adapter les moments de navigation (se caler sur une sieste par ex). Bien \u00e9videmment, il y a d\u2019autres contraintes \u00e0 g\u00e9rer : <strong>heures des mar\u00e9es, orientation et force du vent, distances entre 2 ports, place disponible dans les ports&#8230;<\/strong><\/p>\n\n\n\n<h3>La s\u00e9curit\u00e9<\/h3>\n\n\n\n<p>Pour la s\u00e9curit\u00e9 des enfants, ils avaient un <strong>gilet de sauvetage compl\u00e9t\u00e9 en navigation par une longe attach\u00e9e \u00e0 une ligne de vie<\/strong> s\u2019ils devaient se d\u00e9placer \u00e0 l&rsquo;ext\u00e9rieur sur le bateau. Globalement, <strong>en mer, les enfants sont assez impressionn\u00e9s et ne bougent pas trop<\/strong>, en revanche au port, ils ont plus confiance et nous devions \u00eatre <strong>beaucoup plus vigilants<\/strong>.<\/p>\n\n\n\n<figure class=\"wp-block-image size-large\"><img loading=\"lazy\" width=\"1024\" height=\"768\" src=\"https:\/\/www.lespetitsbaroudeurs.com\/blog\/wp-content\/uploads\/2021\/05\/2020-07-23-09.37.08.jpg\" alt=\"itin\u00e9rance en Bretagne sud \u00e0 bord d\u2019un voilier\" class=\"wp-image-6518\" srcset=\"https:\/\/www.lespetitsbaroudeurs.com\/blog\/wp-content\/uploads\/2021\/05\/2020-07-23-09.37.08.jpg 1024w, https:\/\/www.lespetitsbaroudeurs.com\/blog\/wp-content\/uploads\/2021\/05\/2020-07-23-09.37.08-300x225.jpg 300w, https:\/\/www.lespetitsbaroudeurs.com\/blog\/wp-content\/uploads\/2021\/05\/2020-07-23-09.37.08-768x576.jpg 768w\" sizes=\"(max-width: 1024px) 100vw, 1024px\" \/><figcaption><em>&nbsp;En s\u00e9curit\u00e9 pour profiter de la vue<\/em><\/figcaption><\/figure>\n\n\n\n<p><strong>En mer, Mathieu savait manipuler seul le bateau,<\/strong> aid\u00e9 parfois par le pilote automatique (ou m\u00eame Marion qui commence \u00e0 barrer !). Marion s\u2019occupe de g\u00e9rer les enfants ou simplement de profiter. On anticipe les man\u0153uvres de ports afin que <strong>tout le monde soit en s\u00e9curit\u00e9 au moment d\u2019accoster<\/strong>, seul moment o\u00f9 nous avions besoin d\u2019\u00eatre 2.<\/p>\n\n\n\n<h3>Mal de mer <\/h3>\n\n\n\n<p>Nous avons souvent eu la question : <strong>mais les enfants ne sont pas malades en mer ?<\/strong> Victor a eu une fois mal au ventre au moment de partir de l\u2019archipel des Gl\u00e9nans pour notre navigation de nuit, <strong>il avait faim et \u00e9tait fatigu\u00e9<\/strong>. Tout marin sait qu\u2019il faut<strong> lutter contre les 5 F : le Froid, la Faim, la Fatigue, la soif et la Frousse.<\/strong> Donc on avait mal anticip\u00e9 cette faim, mais <strong>apr\u00e8s avoir r\u00e9gl\u00e9 le probl\u00e8me de la faim et de la fatigue, il s\u2019est endormi <\/strong>! <\/p>\n\n\n\n<figure class=\"wp-block-image size-large\"><img loading=\"lazy\" width=\"1024\" height=\"768\" src=\"https:\/\/www.lespetitsbaroudeurs.com\/blog\/wp-content\/uploads\/2021\/05\/2020-07-23-21.47.30.jpg\" alt=\"itin\u00e9rance en Bretagne sud \u00e0 bord d\u2019un voilier\" class=\"wp-image-6526\" srcset=\"https:\/\/www.lespetitsbaroudeurs.com\/blog\/wp-content\/uploads\/2021\/05\/2020-07-23-21.47.30.jpg 1024w, https:\/\/www.lespetitsbaroudeurs.com\/blog\/wp-content\/uploads\/2021\/05\/2020-07-23-21.47.30-300x225.jpg 300w, https:\/\/www.lespetitsbaroudeurs.com\/blog\/wp-content\/uploads\/2021\/05\/2020-07-23-21.47.30-768x576.jpg 768w\" sizes=\"(max-width: 1024px) 100vw, 1024px\" \/><figcaption><em>Siroter une tisane dans son duvet dans le cockpit aux sons de la guitare de Papa<\/em><\/figcaption><\/figure>\n\n\n\n<p>Donc, pour les enfants, <strong>il ne faut pas trop lutter contre la Fatigue<\/strong>, car s&rsquo;ils s\u2019endorment, c\u2019est gagn\u00e9 ! Par pr\u00e9vention, nous avons achet\u00e9 des m\u00e9dicaments et <strong>pour le plus grand bonheur des enfants, il s\u2019agissait de sucette<\/strong> (au gingembre). <strong>En pr\u00e9vision de longues navigation<\/strong>, nous en donnions un peu avant de partir et tout s\u2019est bien pass\u00e9. <strong>Soline, quant \u00e0 elle, n\u2019avait aucun probl\u00e8me de ce genre<\/strong>, m\u00eame \u00e0 l\u2019int\u00e9rieur, elle pouvait y passer des heures et <strong>s\u2019amusait m\u00eame \u00e0 faire du toboggan<\/strong> sur le plancher int\u00e9rieur du bateau lorsque celui-ci g\u00eetait.<\/p>\n\n\n\n<h3>Les d\u00e9placements<\/h3>\n\n\n\n<p>Pour les d\u00e9placements, cette ann\u00e9e, nous avons <strong>abandonn\u00e9 la poussette et le porte-b\u00e9b\u00e9<\/strong> ! <strong>Les petites jambes ont bien couru<\/strong> et nous avions aussi <strong>2 draisiennes<\/strong>. M\u00eame pour les enfants plus grands qui savent faire du v\u00e9lo, on trouve cela id\u00e9al, car cela va moins vite pour nous qui \u00e9tions \u00e0 pied (quoique il a fallu courir plus d\u2019une fois, surtout \u00e0 proximit\u00e9 de l\u2019eau !).<\/p>\n\n\n\n<figure class=\"wp-block-image size-large\"><img loading=\"lazy\" width=\"1024\" height=\"576\" src=\"https:\/\/www.lespetitsbaroudeurs.com\/blog\/wp-content\/uploads\/2021\/05\/20200721_101024.jpg\" alt=\"itin\u00e9rance en Bretagne sud \u00e0 bord d\u2019un voilier\" class=\"wp-image-6517\" srcset=\"https:\/\/www.lespetitsbaroudeurs.com\/blog\/wp-content\/uploads\/2021\/05\/20200721_101024.jpg 1024w, https:\/\/www.lespetitsbaroudeurs.com\/blog\/wp-content\/uploads\/2021\/05\/20200721_101024-300x169.jpg 300w, https:\/\/www.lespetitsbaroudeurs.com\/blog\/wp-content\/uploads\/2021\/05\/20200721_101024-768x432.jpg 768w\" sizes=\"(max-width: 1024px) 100vw, 1024px\" \/><figcaption><em>\u00c0 fond sur les draisiennes<\/em><\/figcaption><\/figure>\n\n\n\n<h3>Place au port pour le bateau<\/h3>\n\n\n\n<p>Concernant les frais, <strong>la place au port<\/strong> pour un bateau de notre taille <strong>co\u00fbte environ 30-35\u20ac<\/strong> <strong>et la location 1350\u20ac\/semaine<\/strong> environ. Nous avons cette ann\u00e9e choisi <strong>CFC location<\/strong> et nous avons \u00e9t\u00e9 tr\u00e8s satisfaits par la qualit\u00e9 de la flotte et le service.<\/p>\n\n\n\n<h2><strong>Plages paradisiaques<\/strong><\/h2>\n\n\n\n<p>Chuuuuut ! Il ne faut pas trop le dire, mais <strong>la Bretagne compte parmi ses plages<\/strong> de lieux hors du temps avec <strong>des&nbsp;eaux turquoise dignes des cara\u00efbes<\/strong> (sauf en ce qui concerne la temp\u00e9rature !) ! On en prend plein les yeux. Plusieurs plages restent grav\u00e9es dans nos esprits : <strong>l\u2019\u00eele saint Nicolas <\/strong>(Archipel de Gl\u00e9nan),<strong> la plage des sables rouges<\/strong> (Groix), et <strong>les plages de l\u2019\u00eele de Houat<\/strong>, et d\u2019autres petites <strong>plages top secr\u00e8tes<\/strong>.&nbsp;<\/p>\n\n\n\n<p>Nous avons \u00e9galement \u00e9t\u00e9 bien aid\u00e9s par une <strong>magnifique m\u00e9t\u00e9o<\/strong>, avec une seule journ\u00e9e de (vraie) pluie sur nos trois semaines de vacances.<\/p>\n\n\n\n<div class=\"wp-block-image\"><figure class=\"alignleft size-large\"><img loading=\"lazy\" width=\"958\" height=\"718\" src=\"https:\/\/www.lespetitsbaroudeurs.com\/blog\/wp-content\/uploads\/2021\/05\/2020-07-30-15.10.23.jpg\" alt=\"itin\u00e9rance en Bretagne sud \u00e0 bord d\u2019un voilier\" class=\"wp-image-6519\" srcset=\"https:\/\/www.lespetitsbaroudeurs.com\/blog\/wp-content\/uploads\/2021\/05\/2020-07-30-15.10.23.jpg 958w, https:\/\/www.lespetitsbaroudeurs.com\/blog\/wp-content\/uploads\/2021\/05\/2020-07-30-15.10.23-300x225.jpg 300w, https:\/\/www.lespetitsbaroudeurs.com\/blog\/wp-content\/uploads\/2021\/05\/2020-07-30-15.10.23-768x576.jpg 768w\" sizes=\"(max-width: 958px) 100vw, 958px\" \/><figcaption><em>\u00cele de Houat, au mouillage devant Saint Gildas<\/em><\/figcaption><\/figure><\/div>\n\n\n\n<h2>Archipel de Gl\u00e9nan<\/h2>\n\n\n\n<p>Au d\u00e9part de Concarneau, nous avons pris le <strong>large pour l\u2019Archipel de Gl\u00e9nan<\/strong>, afin d\u2019y passer la journ\u00e9e voire la nuit. Un bon vent nous y am\u00e8ne rapidement, on r\u00e9cup\u00e8re la derni\u00e8re bou\u00e9e disponible au mouillage et <strong>p\u00eachons 2 maquereaux en route <\/strong>! Malheureusement, <strong>le mouillage est situ\u00e9 dans des eaux trop peu profondes<\/strong> pour y passer la nuit, les coefficients de mar\u00e9es \u00e9tant importants nous n\u2019aurions pas eu assez d\u2019eau \u00e0 mar\u00e9e basse ! <strong>Nous d\u00e9barquons quand m\u00eame sur la plage en annexe<\/strong> afin de <strong>profiter de la plage et des eaux magnifiques<\/strong> avant de reprendre notre route.<\/p>\n\n\n\n<figure class=\"wp-block-image size-large\"><img loading=\"lazy\" width=\"1000\" height=\"750\" src=\"https:\/\/www.lespetitsbaroudeurs.com\/blog\/wp-content\/uploads\/2021\/05\/2020-07-21-18.17.08.jpg\" alt=\"itin\u00e9rance en Bretagne sud \u00e0 bord d\u2019un voilier\" class=\"wp-image-6521\" srcset=\"https:\/\/www.lespetitsbaroudeurs.com\/blog\/wp-content\/uploads\/2021\/05\/2020-07-21-18.17.08.jpg 1000w, https:\/\/www.lespetitsbaroudeurs.com\/blog\/wp-content\/uploads\/2021\/05\/2020-07-21-18.17.08-300x225.jpg 300w, https:\/\/www.lespetitsbaroudeurs.com\/blog\/wp-content\/uploads\/2021\/05\/2020-07-21-18.17.08-768x576.jpg 768w\" sizes=\"(max-width: 1000px) 100vw, 1000px\" \/><figcaption><em>Arriv\u00e9e \u00e0 l&rsquo;\u00eele Saint Nicolas au mouillage et d\u00e9barquement en annexe<\/em><\/figcaption><\/figure>\n\n\n\n<h2>Navigation de nuit<\/h2>\n\n\n\n<p>En repartant de l\u2019archipel, au lieu de rentrer comme pr\u00e9vu \u00e0 Concarneau, nous profitons d\u2019un <strong>vent favorable pour poursuivre jusqu\u2019\u00e0 Lorient<\/strong>. En bateau, il faut savoir adapter son programme aux conditions ! Partis vers 19h de l\u2019\u00eele saint Nicolas, avec une<strong> mer agit\u00e9e, mais un vent favorable<\/strong>, le bateau g\u00eete, nous devons cuisiner \u00e0 bord (la p\u00eache du jour !) et <strong>faire manger les enfants, les coucher&#8230; ce qui n\u2019est pas simple<\/strong>. L\u2019acc\u00e8s \u00e0 l\u2019int\u00e9rieur du bateau est particuli\u00e8rement mouvement\u00e9 quand la mer est agit\u00e9e. Il est alors difficile de mettre un enfant en pyjama tellement \u00e7a bouge ! Mais nous avan\u00e7ons bien. <strong>Nous assisterons \u00e0 un superbe coucher de soleil en mer<\/strong> !<\/p>\n\n\n\n<figure class=\"wp-block-image size-large\"><img loading=\"lazy\" width=\"1024\" height=\"768\" src=\"https:\/\/www.lespetitsbaroudeurs.com\/blog\/wp-content\/uploads\/2021\/05\/2020-07-21-22.21.35.jpg\" alt=\"Bretagne sud \u00e0 bord d\u2019un voilier\" class=\"wp-image-6523\" srcset=\"https:\/\/www.lespetitsbaroudeurs.com\/blog\/wp-content\/uploads\/2021\/05\/2020-07-21-22.21.35.jpg 1024w, https:\/\/www.lespetitsbaroudeurs.com\/blog\/wp-content\/uploads\/2021\/05\/2020-07-21-22.21.35-300x225.jpg 300w, https:\/\/www.lespetitsbaroudeurs.com\/blog\/wp-content\/uploads\/2021\/05\/2020-07-21-22.21.35-768x576.jpg 768w\" sizes=\"(max-width: 1024px) 100vw, 1024px\" \/><figcaption><em>Navigation au coucher de soleil. La nuit il est pr\u00e9f\u00e9rable de s&rsquo;attacher au bateau, y compris pour les adultes !<\/em><\/figcaption><\/figure>\n\n\n\n<p><strong>Victor s\u2019endormira en gilet de sauvetage dans son duvet au milieu du cockpit en regardant les \u00e9toiles<\/strong> ! On encha\u00eenera ensuite avec une navigation de nuit avec une <strong>superbe nuit \u00e9toil\u00e9e<\/strong>. Quoi de mieux que d&rsquo;<strong>observer la voie lact\u00e9e et les \u00e9toiles<\/strong> sans aucune perturbation visuelle ! Nous sommes en plus exactement \u00e0 la p\u00e9riode o\u00f9 une <strong>com\u00e8te \u00e9tait visible aux jumelles<\/strong>. L\u2019arriv\u00e9e dans le chenal de Lorient \u00e0 1h30 du matin restera un super souvenir : <strong>naviguer aux feux des balises, aid\u00e9 du GPS, des fois doubl\u00e9s par des bateaux de p\u00eacheurs<\/strong>, et surtout transportant nos <strong>2 petits moussaillons qui dorment \u00e0 poings ferm\u00e9s.<\/strong><\/p>\n\n\n\n<h2><strong>Tour de l\u2019\u00eele de Groix en v\u00e9lo<\/strong><\/h2>\n\n\n\n<p><strong>23km avec un peu de d\u00e9nivel\u00e9<\/strong> (300m) <strong>le tour de l\u2019\u00eele de Groix est id\u00e9al \u00e0 faire \u00e0 v\u00e9lo en famille<\/strong>. Nous avons choisi de prendre <strong>2 si\u00e8ges enfant<\/strong> pour que cela soit plus facile pour les enfants. Il y a des multitudes de loueurs \u00e0 Port Tudy, pour des prix raisonnables. Nous avons suivi un <strong>itin\u00e9raire balis\u00e9<\/strong> qui nous permettait de <strong>d\u00e9couvrir quasiment toute l\u2019\u00eele<\/strong>. L\u2019itin\u00e9raire emprunte de <strong>nombreuses portions d\u2019un sentier c\u00f4tier offrant de superbes points de vue<\/strong>. D\u00e9j\u00e0 venus il y a quelques ann\u00e9es, cela nous a rappel\u00e9 de bons souvenirs.<\/p>\n\n\n\n<figure class=\"wp-block-image size-large\"><img loading=\"lazy\" width=\"1024\" height=\"768\" src=\"https:\/\/www.lespetitsbaroudeurs.com\/blog\/wp-content\/uploads\/2021\/05\/2020-07-24-13.25.09.jpg\" alt=\"tour de l'\u00eele de croix \u00e0 v\u00e9lo\" class=\"wp-image-6524\" srcset=\"https:\/\/www.lespetitsbaroudeurs.com\/blog\/wp-content\/uploads\/2021\/05\/2020-07-24-13.25.09.jpg 1024w, https:\/\/www.lespetitsbaroudeurs.com\/blog\/wp-content\/uploads\/2021\/05\/2020-07-24-13.25.09-300x225.jpg 300w, https:\/\/www.lespetitsbaroudeurs.com\/blog\/wp-content\/uploads\/2021\/05\/2020-07-24-13.25.09-768x576.jpg 768w\" sizes=\"(max-width: 1024px) 100vw, 1024px\" \/><figcaption><em>Tour de l\u2019\u00eele de Groix en v\u00e9lo<\/em><\/figcaption><\/figure>\n\n\n\n<h2>HEY, SI ON \u00c9QUIPAIT VOS PETITS BAROUDEURS ?<\/h2>\n\n\n\n<p>Chez les Petits Baroudeurs, nous&nbsp;<strong>d\u00e9nichons avec soin et amour<\/strong>&nbsp;les produits utiles \u00e0 vos aventures en famille.&nbsp;<strong>Nous les testons<\/strong>&nbsp;avec nos Oursons, les cousins, les amis de nos loupiots \u2013 quand nos enfants sont trop grands pour tester eux m\u00eame. Et&nbsp;<strong>nous ne s\u00e9lectionnons que les meilleurs produits&nbsp;<\/strong>pour vous les proposer.<\/p>\n\n\n\n<p>Voici donc la s\u00e9lection de notre boutique pour <strong>trois semaines d\u2019itin\u00e9rance en Bretagne sud \u00e0 bord d\u2019un voilier<\/strong> : <\/p>\n\n\n\n<div class=\"wp-block-group alignwide\"><div class=\"wp-block-group__inner-container\">\n<div class=\"wp-block-columns alignwide\">\n<div class=\"wp-block-column\">\n<figure class=\"wp-block-image size-large\"><a href=\"https:\/\/www.lespetitsbaroudeurs.com\/chapeaux-soleil-bebe-48\" target=\"_blank\" rel=\"noopener noreferrer\"><img loading=\"lazy\" width=\"800\" height=\"800\" src=\"https:\/\/www.lespetitsbaroudeurs.com\/blog\/wp-content\/uploads\/2021\/05\/chapeau-enfant-anti-uv-buff-bob-kumkara-multi.jpg\" alt=\"Chapeau anti-uv enfant\n\" class=\"wp-image-6554\" srcset=\"https:\/\/www.lespetitsbaroudeurs.com\/blog\/wp-content\/uploads\/2021\/05\/chapeau-enfant-anti-uv-buff-bob-kumkara-multi.jpg 800w, https:\/\/www.lespetitsbaroudeurs.com\/blog\/wp-content\/uploads\/2021\/05\/chapeau-enfant-anti-uv-buff-bob-kumkara-multi-300x300.jpg 300w, https:\/\/www.lespetitsbaroudeurs.com\/blog\/wp-content\/uploads\/2021\/05\/chapeau-enfant-anti-uv-buff-bob-kumkara-multi-150x150.jpg 150w, https:\/\/www.lespetitsbaroudeurs.com\/blog\/wp-content\/uploads\/2021\/05\/chapeau-enfant-anti-uv-buff-bob-kumkara-multi-768x768.jpg 768w, https:\/\/www.lespetitsbaroudeurs.com\/blog\/wp-content\/uploads\/2021\/05\/chapeau-enfant-anti-uv-buff-bob-kumkara-multi-270x270.jpg 270w, https:\/\/www.lespetitsbaroudeurs.com\/blog\/wp-content\/uploads\/2021\/05\/chapeau-enfant-anti-uv-buff-bob-kumkara-multi-540x540.jpg 540w, https:\/\/www.lespetitsbaroudeurs.com\/blog\/wp-content\/uploads\/2021\/05\/chapeau-enfant-anti-uv-buff-bob-kumkara-multi-580x580.jpg 580w\" sizes=\"(max-width: 800px) 100vw, 800px\" \/><\/a><figcaption><em>Chapeau anti-uv enfant<\/em><br><em><a href=\"https:\/\/www.lespetitsbaroudeurs.com\/chapeaux-soleil-bebe-48\" target=\"_blank\" rel=\"noreferrer noopener\">\u27b3Je d\u00e9couvre<\/a><\/em><\/figcaption><\/figure>\n<\/div>\n\n\n\n<div class=\"wp-block-column\">\n<figure class=\"wp-block-image size-large\"><a href=\"https:\/\/www.lespetitsbaroudeurs.com\/vetement-anti-uv-maillot-de-bain-37\" target=\"_blank\" rel=\"noopener noreferrer\"><img loading=\"lazy\" width=\"800\" height=\"800\" src=\"https:\/\/www.lespetitsbaroudeurs.com\/blog\/wp-content\/uploads\/2021\/05\/lycra-anti-uv-enfant-camiguin-reima.jpg\" alt=\"V\u00eatement anti-uv enfant\n\" class=\"wp-image-6555\" srcset=\"https:\/\/www.lespetitsbaroudeurs.com\/blog\/wp-content\/uploads\/2021\/05\/lycra-anti-uv-enfant-camiguin-reima.jpg 800w, https:\/\/www.lespetitsbaroudeurs.com\/blog\/wp-content\/uploads\/2021\/05\/lycra-anti-uv-enfant-camiguin-reima-300x300.jpg 300w, https:\/\/www.lespetitsbaroudeurs.com\/blog\/wp-content\/uploads\/2021\/05\/lycra-anti-uv-enfant-camiguin-reima-150x150.jpg 150w, https:\/\/www.lespetitsbaroudeurs.com\/blog\/wp-content\/uploads\/2021\/05\/lycra-anti-uv-enfant-camiguin-reima-768x768.jpg 768w, https:\/\/www.lespetitsbaroudeurs.com\/blog\/wp-content\/uploads\/2021\/05\/lycra-anti-uv-enfant-camiguin-reima-270x270.jpg 270w, https:\/\/www.lespetitsbaroudeurs.com\/blog\/wp-content\/uploads\/2021\/05\/lycra-anti-uv-enfant-camiguin-reima-540x540.jpg 540w, https:\/\/www.lespetitsbaroudeurs.com\/blog\/wp-content\/uploads\/2021\/05\/lycra-anti-uv-enfant-camiguin-reima-580x580.jpg 580w\" sizes=\"(max-width: 800px) 100vw, 800px\" \/><\/a><figcaption><em>V\u00eatement anti-uv<\/em> <em>enfant<\/em><br><em><a href=\"https:\/\/www.lespetitsbaroudeurs.com\/vetement-anti-uv-maillot-de-bain-37\" target=\"_blank\" rel=\"noreferrer noopener\">\u27b3Je d\u00e9couvre<\/a><\/em><\/figcaption><\/figure>\n<\/div>\n\n\n\n<div class=\"wp-block-column\">\n<figure class=\"wp-block-image size-large\"><a href=\"https:\/\/www.lespetitsbaroudeurs.com\/lunettes-soleil-bebe-enfant-13\" target=\"_blank\" rel=\"noopener noreferrer\"><img loading=\"lazy\" width=\"800\" height=\"800\" src=\"https:\/\/www.lespetitsbaroudeurs.com\/blog\/wp-content\/uploads\/2021\/05\/lunettes-soleil-enfant-cebe-spies-matte-pink-powder-white.jpg\" alt=\"Lunettes de soleil enfant\" class=\"wp-image-6556\" srcset=\"https:\/\/www.lespetitsbaroudeurs.com\/blog\/wp-content\/uploads\/2021\/05\/lunettes-soleil-enfant-cebe-spies-matte-pink-powder-white.jpg 800w, https:\/\/www.lespetitsbaroudeurs.com\/blog\/wp-content\/uploads\/2021\/05\/lunettes-soleil-enfant-cebe-spies-matte-pink-powder-white-300x300.jpg 300w, https:\/\/www.lespetitsbaroudeurs.com\/blog\/wp-content\/uploads\/2021\/05\/lunettes-soleil-enfant-cebe-spies-matte-pink-powder-white-150x150.jpg 150w, https:\/\/www.lespetitsbaroudeurs.com\/blog\/wp-content\/uploads\/2021\/05\/lunettes-soleil-enfant-cebe-spies-matte-pink-powder-white-768x768.jpg 768w, https:\/\/www.lespetitsbaroudeurs.com\/blog\/wp-content\/uploads\/2021\/05\/lunettes-soleil-enfant-cebe-spies-matte-pink-powder-white-270x270.jpg 270w, https:\/\/www.lespetitsbaroudeurs.com\/blog\/wp-content\/uploads\/2021\/05\/lunettes-soleil-enfant-cebe-spies-matte-pink-powder-white-540x540.jpg 540w, https:\/\/www.lespetitsbaroudeurs.com\/blog\/wp-content\/uploads\/2021\/05\/lunettes-soleil-enfant-cebe-spies-matte-pink-powder-white-580x580.jpg 580w\" sizes=\"(max-width: 800px) 100vw, 800px\" \/><\/a><figcaption><em>Lunettes de soleil enfant<\/em><br><em><a href=\"https:\/\/www.lespetitsbaroudeurs.com\/lunettes-soleil-bebe-enfant-13\" target=\"_blank\" rel=\"noreferrer noopener\">\u27b3Je d\u00e9couvre<\/a><\/em><\/figcaption><\/figure>\n<\/div>\n<\/div>\n\n\n\n<p><\/p>\n<\/div><\/div>\n","protected":false},"excerpt":{"rendered":"<p>La famille Gully, baroudeurs dans l&rsquo;\u00e2me, que ce soit en montagne ou en mer, autant en hiver qu\u2019en \u00e9t\u00e9, met les voiles pour trois semaines d&rsquo;itin\u00e9rance en Bretagne sud \u00e0 bord d&rsquo;un voilier avec leurs deux marmots et nous partagent leur superbe exp\u00e9rience en famille ! Participants Soline, 3 ans (2017), moussaillon en second. Victor, [&hellip;]<\/p>\n","protected":false},"author":59,"featured_media":6571,"comment_status":"open","ping_status":"open","sticky":false,"template":"","format":"standard","meta":[],"categories":[150,149],"tags":[160,168],"yoast_head":"<!-- This site is optimized with the Yoast SEO plugin v14.9 - https:\/\/yoast.com\/wordpress\/plugins\/seo\/ -->\n<title>Itin\u00e9rance en Bretagne sud \u00e0 bord d\u2019un voilier en famille durant 3 semaines<\/title>\n<meta name=\"description\" content=\"La famille Gully met les voiles pour trois semaines d&#039;itin\u00e9rance en Bretagne sud \u00e0 bord d&#039;un voilier avec leurs deux marmots !\" \/>\n<meta name=\"robots\" content=\"index, follow, max-snippet:-1, max-image-preview:large, max-video-preview:-1\" \/>\n<link rel=\"canonical\" href=\"https:\/\/www.lespetitsbaroudeurs.com\/blog\/trois-semaines-ditinerance-en-bretagne-sud-a-bord-dun-voilier\/\" \/>\n<meta property=\"og:locale\" content=\"fr_FR\" \/>\n<meta property=\"og:type\" content=\"article\" \/>\n<meta property=\"og:title\" content=\"Itin\u00e9rance en Bretagne sud \u00e0 bord d\u2019un voilier en famille durant 3 semaines\" \/>\n<meta property=\"og:description\" content=\"La famille Gully met les voiles pour trois semaines d&#039;itin\u00e9rance en Bretagne sud \u00e0 bord d&#039;un voilier avec leurs deux marmots !\" \/>\n<meta property=\"og:url\" content=\"https:\/\/www.lespetitsbaroudeurs.com\/blog\/trois-semaines-ditinerance-en-bretagne-sud-a-bord-dun-voilier\/\" \/>\n<meta property=\"og:site_name\" content=\"Les Petits Baroudeurs\" \/>\n<meta property=\"article:publisher\" content=\"https:\/\/www.facebook.com\/lespetitsbaroudeurs\/\" \/>\n<meta property=\"article:published_time\" content=\"2021-05-20T13:25:02+00:00\" \/>\n<meta property=\"article:modified_time\" content=\"2021-05-27T09:20:16+00:00\" \/>\n<meta property=\"og:image\" content=\"https:\/\/www.lespetitsbaroudeurs.com\/blog\/wp-content\/uploads\/2021\/05\/BRETAGNE-VOILIER.jpg\" \/>\n\t<meta property=\"og:image:width\" content=\"1136\" \/>\n\t<meta property=\"og:image:height\" content=\"530\" \/>\n<meta name=\"twitter:card\" content=\"summary_large_image\" \/>\n<script type=\"application\/ld+json\" class=\"yoast-schema-graph\">{\"@context\":\"https:\/\/schema.org\",\"@graph\":[{\"@type\":\"WebSite\",\"@id\":\"https:\/\/www.lespetitsbaroudeurs.com\/blog\/#website\",\"url\":\"https:\/\/www.lespetitsbaroudeurs.com\/blog\/\",\"name\":\"Les Petits Baroudeurs\",\"description\":\"Le Blog de l&#039;aventure en famille !\",\"potentialAction\":[{\"@type\":\"SearchAction\",\"target\":\"https:\/\/www.lespetitsbaroudeurs.com\/blog\/?s={search_term_string}\",\"query-input\":\"required name=search_term_string\"}],\"inLanguage\":\"fr-FR\"},{\"@type\":\"ImageObject\",\"@id\":\"https:\/\/www.lespetitsbaroudeurs.com\/blog\/trois-semaines-ditinerance-en-bretagne-sud-a-bord-dun-voilier\/#primaryimage\",\"inLanguage\":\"fr-FR\",\"url\":\"https:\/\/www.lespetitsbaroudeurs.com\/blog\/wp-content\/uploads\/2021\/05\/BRETAGNE-VOILIER.jpg\",\"width\":1136,\"height\":530,\"caption\":\"Bretagne voilier\"},{\"@type\":\"WebPage\",\"@id\":\"https:\/\/www.lespetitsbaroudeurs.com\/blog\/trois-semaines-ditinerance-en-bretagne-sud-a-bord-dun-voilier\/#webpage\",\"url\":\"https:\/\/www.lespetitsbaroudeurs.com\/blog\/trois-semaines-ditinerance-en-bretagne-sud-a-bord-dun-voilier\/\",\"name\":\"Itin\\u00e9rance en Bretagne sud \\u00e0 bord d\\u2019un voilier en famille durant 3 semaines\",\"isPartOf\":{\"@id\":\"https:\/\/www.lespetitsbaroudeurs.com\/blog\/#website\"},\"primaryImageOfPage\":{\"@id\":\"https:\/\/www.lespetitsbaroudeurs.com\/blog\/trois-semaines-ditinerance-en-bretagne-sud-a-bord-dun-voilier\/#primaryimage\"},\"author\":{\"@id\":\"https:\/\/www.lespetitsbaroudeurs.com\/blog\/#\/schema\/person\/5e14445c8217fa1f78340344b2d056b3\"},\"description\":\"La famille Gully met les voiles pour trois semaines d'itin\\u00e9rance en Bretagne sud \\u00e0 bord d'un voilier avec leurs deux marmots !\",\"inLanguage\":\"fr-FR\",\"potentialAction\":[{\"@type\":\"ReadAction\",\"target\":[\"https:\/\/www.lespetitsbaroudeurs.com\/blog\/trois-semaines-ditinerance-en-bretagne-sud-a-bord-dun-voilier\/\"]}]},{\"@type\":\"Person\",\"@id\":\"https:\/\/www.lespetitsbaroudeurs.com\/blog\/#\/schema\/person\/5e14445c8217fa1f78340344b2d056b3\",\"name\":\"La famille Gully-Genvodant\",\"image\":{\"@type\":\"ImageObject\",\"@id\":\"https:\/\/www.lespetitsbaroudeurs.com\/blog\/#personlogo\",\"inLanguage\":\"fr-FR\",\"url\":\"https:\/\/secure.gravatar.com\/avatar\/09dcef891709474fb4bd64638307f62c?s=96&d=mm&r=g\",\"caption\":\"La famille Gully-Genvodant\"},\"description\":\"Nous sommes Marion (montagnarde de Grenoble) et Mathieu (naviguateur de la c\\u00f4te ouest) et 2 petits moussaillons : Victor (2015) et Soline (2017), nous habitons pr\\u00e8s de Grenoble. Nous aimons barouder autant en montagne que sur la mer, autant en hiver qu'en \\u00e9t\\u00e9. Adeptes des randonn\\u00e9es \\u00e0 pied, \\u00e0 v\\u00e9lo, mais aussi sur des ski de fond, ou simplement \\u00e0 la recherche de champignons. Nous partageons aussi notre temps avec des aventures marines : propri\\u00e9taires d'un petit voilier de 6m jusqu'en 2018, nous partons avec notre mini maison flottante et nos enfants pour d\\u00e9couvrir les plaisirs de la mer. A pr\\u00e9sent nous louons un peu plus grand pour des s\\u00e9jours de plus en plus long sur les c\\u00f4tes fran\\u00e7aises...\"}]}<\/script>\n<!-- \/ Yoast SEO plugin. -->","_links":{"self":[{"href":"https:\/\/www.lespetitsbaroudeurs.com\/blog\/wp-json\/wp\/v2\/posts\/6504"}],"collection":[{"href":"https:\/\/www.lespetitsbaroudeurs.com\/blog\/wp-json\/wp\/v2\/posts"}],"about":[{"href":"https:\/\/www.lespetitsbaroudeurs.com\/blog\/wp-json\/wp\/v2\/types\/post"}],"author":[{"embeddable":true,"href":"https:\/\/www.lespetitsbaroudeurs.com\/blog\/wp-json\/wp\/v2\/users\/59"}],"replies":[{"embeddable":true,"href":"https:\/\/www.lespetitsbaroudeurs.com\/blog\/wp-json\/wp\/v2\/comments?post=6504"}],"version-history":[{"count":33,"href":"https:\/\/www.lespetitsbaroudeurs.com\/blog\/wp-json\/wp\/v2\/posts\/6504\/revisions"}],"predecessor-version":[{"id":6578,"href":"https:\/\/www.lespetitsbaroudeurs.com\/blog\/wp-json\/wp\/v2\/posts\/6504\/revisions\/6578"}],"wp:featuredmedia":[{"embeddable":true,"href":"https:\/\/www.lespetitsbaroudeurs.com\/blog\/wp-json\/wp\/v2\/media\/6571"}],"wp:attachment":[{"href":"https:\/\/www.lespetitsbaroudeurs.com\/blog\/wp-json\/wp\/v2\/media?parent=6504"}],"wp:term":[{"taxonomy":"category","embeddable":true,"href":"https:\/\/www.lespetitsbaroudeurs.com\/blog\/wp-json\/wp\/v2\/categories?post=6504"},{"taxonomy":"post_tag","embeddable":true,"href":"https:\/\/www.lespetitsbaroudeurs.com\/blog\/wp-json\/wp\/v2\/tags?post=6504"}],"curies":[{"name":"wp","href":"https:\/\/api.w.org\/{rel}","templated":true}]}}