{"id":7574,"date":"2021-09-16T11:49:53","date_gmt":"2021-09-16T09:49:53","guid":{"rendered":"https:\/\/www.lespetitsbaroudeurs.com\/blog\/?p=7574"},"modified":"2021-09-16T15:54:29","modified_gmt":"2021-09-16T13:54:29","slug":"se-deplacer-autrement-travail-ou-ecole-choisissez-la-mobilite-douce","status":"publish","type":"post","link":"https:\/\/www.lespetitsbaroudeurs.com\/blog\/se-deplacer-autrement-travail-ou-ecole-choisissez-la-mobilite-douce\/","title":{"rendered":"Se d\u00e9placer autrement : travail ou \u00e9cole, choisissez la mobilit\u00e9 douce !"},"content":{"rendered":"\n<p><em>La voiture est un vrai fl\u00e9au pour la plan\u00e8te, mais aussi pour notre bien-\u00eatre&nbsp;! On la prend pour un oui ou pour un non, oubliant qu\u2019il y a d\u2019autres moyens de se d\u00e9placer. Et si vous adoptiez un mode d\u00e9placement doux avec vos enfants&nbsp;? Si cela vous para\u00eet peu confortable ou compliqu\u00e9, lisez ceci&nbsp;: vous allez changer d\u2019avis\u2026 et peut-\u00eatre m\u00eame vous convertir&nbsp;\u00e0 la mobilit\u00e9 douce !<\/em><\/p>\n\n\n\n<h2><strong>Les bonnes raisons d\u2019opter pour la mobilit\u00e9 douce<\/strong><\/h2>\n\n\n\n<p><strong>Troquer la voiture pour un autre mode de d\u00e9placement <\/strong>compte de nombreux avantages. Cela vous permettra tout d\u2019abord d\u2019\u00eatre plus en contact avec la nature, en choisissant un <strong>itin\u00e9raire qui passe par un parc, une for\u00eat ou encore au bord d\u2019un cours d\u2019eau<\/strong>. <\/p>\n\n\n\n<figure class=\"wp-block-image size-large\"><img loading=\"lazy\" width=\"1024\" height=\"752\" src=\"https:\/\/www.lespetitsbaroudeurs.com\/blog\/wp-content\/uploads\/2021\/09\/MG_0176.jpg\" alt=\"Mobilit\u00e9 douce \" class=\"wp-image-7575\" srcset=\"https:\/\/www.lespetitsbaroudeurs.com\/blog\/wp-content\/uploads\/2021\/09\/MG_0176.jpg 1024w, https:\/\/www.lespetitsbaroudeurs.com\/blog\/wp-content\/uploads\/2021\/09\/MG_0176-300x220.jpg 300w, https:\/\/www.lespetitsbaroudeurs.com\/blog\/wp-content\/uploads\/2021\/09\/MG_0176-768x564.jpg 768w\" sizes=\"(max-width: 1024px) 100vw, 1024px\" \/><figcaption><em>Mobilit\u00e9 douce : les bonnes raisons d&rsquo;opter pour ce mode de d\u00e9placement<\/em><\/figcaption><\/figure>\n\n\n\n<p>Mais il y a aussi d\u2019autres points positifs&nbsp;:<\/p>\n\n\n\n<ul id=\"block-493e31e3-c660-4934-82e2-6f384aa9a071\"><li>Vous <strong>r\u00e9duisez le temps de vos trajets \u00e9cole-maison-travail<\/strong>, surtout si vous habitez en ville&nbsp;;<\/li><li>Cela permet d&rsquo;<strong>augmenter l\u2019activit\u00e9 physique<\/strong> quotidienne de vos enfants&nbsp;;<\/li><li>D&rsquo;am\u00e9liorer leur <strong>bien-\u00eatre g\u00e9n\u00e9ral<\/strong> ;<\/li><li>De <strong>d\u00e9couvrir votre ville <\/strong>autrement&nbsp;;<\/li><li>Et c\u2019est <strong>bon pour la plan\u00e8te<\/strong>&nbsp;!<\/li><\/ul>\n\n\n\n<h2><strong>Le v\u00e9lo ou la draisienne<\/strong><\/h2>\n\n\n\n<p>Avec les diff\u00e9rents confinements, <strong>le v\u00e9lo a repris ses droits sur la route<\/strong>&nbsp;! Et pour cause&nbsp;: c\u2019est le <strong>moyen id\u00e9al pour faire des petits trajets quotidiens<\/strong> en autonomie et sans d\u00e9pendre du trafic. <\/p>\n\n\n\n<figure class=\"wp-block-image size-large\"><img loading=\"lazy\" width=\"1024\" height=\"768\" src=\"https:\/\/www.lespetitsbaroudeurs.com\/blog\/wp-content\/uploads\/2021\/09\/strider.jpg\" alt=\"Mobilit\u00e9 douce : v\u00e9lo ou draisienne\" class=\"wp-image-7576\" srcset=\"https:\/\/www.lespetitsbaroudeurs.com\/blog\/wp-content\/uploads\/2021\/09\/strider.jpg 1024w, https:\/\/www.lespetitsbaroudeurs.com\/blog\/wp-content\/uploads\/2021\/09\/strider-300x225.jpg 300w, https:\/\/www.lespetitsbaroudeurs.com\/blog\/wp-content\/uploads\/2021\/09\/strider-768x576.jpg 768w\" sizes=\"(max-width: 1024px) 100vw, 1024px\" \/><figcaption>Mobilit\u00e9 douce : v\u00e9lo ou draisienne<\/figcaption><\/figure>\n\n\n\n<p>Accessible \u00e0 tous, il est aussi \u00e9conomique. <strong>D\u00e8s 3 ans, les enfants peuvent p\u00e9daler et parcourir 2-3 kilom\u00e8tres<\/strong>, mais ce n\u2019est pas le cas de tous les minis&nbsp;: il faut alors s\u2019\u00e9quiper pour les transporter ou les tracter. <strong>Pour les petits bouts qui ne ma\u00eetrisent pas encore le v\u00e9lo, la draisienne est une super id\u00e9e<\/strong>\u2026 mais encore faut-il avoir le temps de rouler au rythme de votre petit bouchon&nbsp;!<\/p>\n\n\n\n<h3>Quel \u00e9quipement&nbsp;?<\/h3>\n\n\n\n<ul><li><strong>Un casque<\/strong>, quel que soit l\u2019\u00e2ge de l\u2019enfant&nbsp;: il est <a href=\"https:\/\/www.lespetitsbaroudeurs.com\/blog\/casque-velo-obligatoire-enfants-moins-12-ans\/\">obligatoire pour les moins de 12 ans<\/a> depuis mars 2017.<\/li><li><strong>Un \u00e9carteur de danger<\/strong> pour obliger les v\u00e9hicules \u00e0 d\u00e9passer \u00e0 une distance assurant une s\u00e9curit\u00e9.<\/li><li><strong>Un panier ou des sacoches<\/strong> pour votre v\u00e9lo afin de transporter sacs et affaires des enfants.<\/li><li><strong>Des v\u00eatements color\u00e9s<\/strong> pour vos marmots, avec des <strong>\u00e9l\u00e9ments r\u00e9fl\u00e9chissants<\/strong> pour \u00eatre bien vus par les automobilistes par lumi\u00e8re basse.<\/li><\/ul>\n\n\n\n<div class=\"wp-block-group alignwide\"><div class=\"wp-block-group__inner-container\">\n<div class=\"wp-block-columns alignwide\">\n<div class=\"wp-block-column\">\n<figure class=\"wp-block-image size-large\"><a href=\"https:\/\/www.lespetitsbaroudeurs.com\/draisienne-enfant-79\" target=\"_blank\" rel=\"noopener noreferrer\"><img loading=\"lazy\" width=\"800\" height=\"800\" src=\"https:\/\/www.lespetitsbaroudeurs.com\/blog\/wp-content\/uploads\/2021\/09\/draisienne-air-classic-125-rebel-kidz-vert-fonce.jpg\" alt=\"Mobilit\u00e9 douce : v\u00e9lo draisienne\" class=\"wp-image-7586\" srcset=\"https:\/\/www.lespetitsbaroudeurs.com\/blog\/wp-content\/uploads\/2021\/09\/draisienne-air-classic-125-rebel-kidz-vert-fonce.jpg 800w, https:\/\/www.lespetitsbaroudeurs.com\/blog\/wp-content\/uploads\/2021\/09\/draisienne-air-classic-125-rebel-kidz-vert-fonce-300x300.jpg 300w, https:\/\/www.lespetitsbaroudeurs.com\/blog\/wp-content\/uploads\/2021\/09\/draisienne-air-classic-125-rebel-kidz-vert-fonce-150x150.jpg 150w, https:\/\/www.lespetitsbaroudeurs.com\/blog\/wp-content\/uploads\/2021\/09\/draisienne-air-classic-125-rebel-kidz-vert-fonce-768x768.jpg 768w, https:\/\/www.lespetitsbaroudeurs.com\/blog\/wp-content\/uploads\/2021\/09\/draisienne-air-classic-125-rebel-kidz-vert-fonce-270x270.jpg 270w, https:\/\/www.lespetitsbaroudeurs.com\/blog\/wp-content\/uploads\/2021\/09\/draisienne-air-classic-125-rebel-kidz-vert-fonce-540x540.jpg 540w, https:\/\/www.lespetitsbaroudeurs.com\/blog\/wp-content\/uploads\/2021\/09\/draisienne-air-classic-125-rebel-kidz-vert-fonce-580x580.jpg 580w\" sizes=\"(max-width: 800px) 100vw, 800px\" \/><\/a><figcaption><em>Draisienne enfant<\/em><br><em><a href=\"https:\/\/www.lespetitsbaroudeurs.com\/draisienne-enfant-79\" target=\"_blank\" rel=\"noreferrer noopener\">\u27b3Je d\u00e9couvre<\/a><\/em><\/figcaption><\/figure>\n<\/div>\n\n\n\n<div class=\"wp-block-column\">\n<figure class=\"wp-block-image size-large\"><a href=\"https:\/\/www.lespetitsbaroudeurs.com\/velo-et-vtt-enfant-93\" target=\"_blank\" rel=\"noopener noreferrer\"><img loading=\"lazy\" width=\"800\" height=\"800\" src=\"https:\/\/www.lespetitsbaroudeurs.com\/blog\/wp-content\/uploads\/2021\/09\/puky-ls-pro-20-velo-20-moins-de-6-kg-orange-silver.jpg\" alt=\"Mobilit\u00e9 douce : v\u00e9lo enfant\" class=\"wp-image-7587\" srcset=\"https:\/\/www.lespetitsbaroudeurs.com\/blog\/wp-content\/uploads\/2021\/09\/puky-ls-pro-20-velo-20-moins-de-6-kg-orange-silver.jpg 800w, https:\/\/www.lespetitsbaroudeurs.com\/blog\/wp-content\/uploads\/2021\/09\/puky-ls-pro-20-velo-20-moins-de-6-kg-orange-silver-300x300.jpg 300w, https:\/\/www.lespetitsbaroudeurs.com\/blog\/wp-content\/uploads\/2021\/09\/puky-ls-pro-20-velo-20-moins-de-6-kg-orange-silver-150x150.jpg 150w, https:\/\/www.lespetitsbaroudeurs.com\/blog\/wp-content\/uploads\/2021\/09\/puky-ls-pro-20-velo-20-moins-de-6-kg-orange-silver-768x768.jpg 768w, https:\/\/www.lespetitsbaroudeurs.com\/blog\/wp-content\/uploads\/2021\/09\/puky-ls-pro-20-velo-20-moins-de-6-kg-orange-silver-270x270.jpg 270w, https:\/\/www.lespetitsbaroudeurs.com\/blog\/wp-content\/uploads\/2021\/09\/puky-ls-pro-20-velo-20-moins-de-6-kg-orange-silver-540x540.jpg 540w, https:\/\/www.lespetitsbaroudeurs.com\/blog\/wp-content\/uploads\/2021\/09\/puky-ls-pro-20-velo-20-moins-de-6-kg-orange-silver-580x580.jpg 580w\" sizes=\"(max-width: 800px) 100vw, 800px\" \/><\/a><figcaption>V\u00e9lo enfant<br><em><a href=\"https:\/\/www.lespetitsbaroudeurs.com\/velo-et-vtt-enfant-93\" target=\"_blank\" rel=\"noreferrer noopener\">\u27b3Je d\u00e9couvre<\/a><\/em><\/figcaption><\/figure>\n<\/div>\n<\/div>\n<\/div><\/div>\n\n\n\n<h2><strong>Se d\u00e9placer \u00e0 v\u00e9lo avec un petit bout<\/strong><\/h2>\n\n\n\n<p>Si vous avez envie d\u2019opter pour la mobilit\u00e9 douce \u00e0 v\u00e9lo, mais que vous avez un <strong>enfant qui n\u2019est pas en \u00e2ge de rouler tout seul<\/strong> ou que le trajet est un peu long ou difficile pour lui, il y a plusieurs possibilit\u00e9s&nbsp;:<\/p>\n\n\n\n<figure class=\"wp-block-image size-large\"><img loading=\"lazy\" width=\"1024\" height=\"683\" src=\"https:\/\/www.lespetitsbaroudeurs.com\/blog\/wp-content\/uploads\/2021\/09\/croozer-keeke.jpg\" alt=\"Mobilit\u00e9 douce : se d\u00e9placer \u00e0 v\u00e9lo \" class=\"wp-image-7577\" srcset=\"https:\/\/www.lespetitsbaroudeurs.com\/blog\/wp-content\/uploads\/2021\/09\/croozer-keeke.jpg 1024w, https:\/\/www.lespetitsbaroudeurs.com\/blog\/wp-content\/uploads\/2021\/09\/croozer-keeke-300x200.jpg 300w, https:\/\/www.lespetitsbaroudeurs.com\/blog\/wp-content\/uploads\/2021\/09\/croozer-keeke-768x512.jpg 768w\" sizes=\"(max-width: 1024px) 100vw, 1024px\" \/><figcaption><em>Mobilit\u00e9 douce : se d\u00e9placer \u00e0 v\u00e9lo <\/em><\/figcaption><\/figure>\n\n\n\n<ul><li><strong>Le si\u00e8ge v\u00e9lo, \u00e0 l\u2019arri\u00e8re ou \u00e0 l\u2019avant<\/strong>, associ\u00e9 \u00e0 un poncho pour si\u00e8ge de v\u00e9lo afin de le prot\u00e9ger de la pluie, du vent et du froid&nbsp;;<\/li><li><strong>Une remorque<\/strong>, qui abrite de la pluie et offre un excellent confort, permettant une <strong>utilisation en itin\u00e9rance sur de longs trajets<\/strong>, mais surtout de <strong>transporter deux enfants \u00e0 la fois<\/strong> si vous avez des enfants rapproch\u00e9s ou des jumeaux.<strong> Elle offre aussi un espace de rangement<\/strong>, ce qui est plut\u00f4t int\u00e9ressant en cas de petites courses&nbsp;;<\/li><li><strong>Une barre de traction<\/strong>, de type FollowMe, pour tracter votre minot sur son v\u00e9lo.<\/li><\/ul>\n\n\n\n<p><strong>Il existe \u00e9galement des v\u00e9los cargo deux roues ou trois roues, pour transporter plus de deux enfants<\/strong>\u2026 mais il faut pouvoir tracter le poids&nbsp;de vos loulous plus celui du v\u00e9lo, plus important qu\u2019un v\u00e9lo de ville classique.&nbsp;<\/p>\n\n\n\n<div class=\"wp-block-group alignwide\"><div class=\"wp-block-group__inner-container\">\n<div class=\"wp-block-columns alignwide\">\n<div class=\"wp-block-column\">\n<figure class=\"wp-block-image size-large\"><a href=\"https:\/\/www.lespetitsbaroudeurs.com\/remorque-velo-enfant-80\" target=\"_blank\" rel=\"noopener noreferrer\"><img loading=\"lazy\" width=\"800\" height=\"800\" src=\"https:\/\/www.lespetitsbaroudeurs.com\/blog\/wp-content\/uploads\/2021\/09\/croozer-keeke-2.jpg\" alt=\"remorque v\u00e9lo enfant\" class=\"wp-image-7584\" srcset=\"https:\/\/www.lespetitsbaroudeurs.com\/blog\/wp-content\/uploads\/2021\/09\/croozer-keeke-2.jpg 800w, https:\/\/www.lespetitsbaroudeurs.com\/blog\/wp-content\/uploads\/2021\/09\/croozer-keeke-2-300x300.jpg 300w, https:\/\/www.lespetitsbaroudeurs.com\/blog\/wp-content\/uploads\/2021\/09\/croozer-keeke-2-150x150.jpg 150w, https:\/\/www.lespetitsbaroudeurs.com\/blog\/wp-content\/uploads\/2021\/09\/croozer-keeke-2-768x768.jpg 768w, https:\/\/www.lespetitsbaroudeurs.com\/blog\/wp-content\/uploads\/2021\/09\/croozer-keeke-2-270x270.jpg 270w, https:\/\/www.lespetitsbaroudeurs.com\/blog\/wp-content\/uploads\/2021\/09\/croozer-keeke-2-540x540.jpg 540w, https:\/\/www.lespetitsbaroudeurs.com\/blog\/wp-content\/uploads\/2021\/09\/croozer-keeke-2-580x580.jpg 580w\" sizes=\"(max-width: 800px) 100vw, 800px\" \/><\/a><figcaption><em>Remorque v\u00e9lo<br><a href=\"https:\/\/www.lespetitsbaroudeurs.com\/remorque-velo-enfant-80\" target=\"_blank\" rel=\"noreferrer noopener\">\u27b3Je d\u00e9couvre<\/a><\/em><\/figcaption><\/figure>\n<\/div>\n\n\n\n<div class=\"wp-block-column\">\n<figure class=\"wp-block-image size-large\"><a href=\"https:\/\/www.lespetitsbaroudeurs.com\/siege-velo-enfant-bebe-110\" target=\"_blank\" rel=\"noopener noreferrer\"><img loading=\"lazy\" width=\"800\" height=\"800\" src=\"https:\/\/www.lespetitsbaroudeurs.com\/blog\/wp-content\/uploads\/2021\/09\/hamax-zenith-siege-velo-enfant-fixation-cadre.jpg\" alt=\"si\u00e8ge v\u00e9lo enfant\" class=\"wp-image-7583\" srcset=\"https:\/\/www.lespetitsbaroudeurs.com\/blog\/wp-content\/uploads\/2021\/09\/hamax-zenith-siege-velo-enfant-fixation-cadre.jpg 800w, https:\/\/www.lespetitsbaroudeurs.com\/blog\/wp-content\/uploads\/2021\/09\/hamax-zenith-siege-velo-enfant-fixation-cadre-300x300.jpg 300w, https:\/\/www.lespetitsbaroudeurs.com\/blog\/wp-content\/uploads\/2021\/09\/hamax-zenith-siege-velo-enfant-fixation-cadre-150x150.jpg 150w, https:\/\/www.lespetitsbaroudeurs.com\/blog\/wp-content\/uploads\/2021\/09\/hamax-zenith-siege-velo-enfant-fixation-cadre-768x768.jpg 768w, https:\/\/www.lespetitsbaroudeurs.com\/blog\/wp-content\/uploads\/2021\/09\/hamax-zenith-siege-velo-enfant-fixation-cadre-270x270.jpg 270w, https:\/\/www.lespetitsbaroudeurs.com\/blog\/wp-content\/uploads\/2021\/09\/hamax-zenith-siege-velo-enfant-fixation-cadre-540x540.jpg 540w, https:\/\/www.lespetitsbaroudeurs.com\/blog\/wp-content\/uploads\/2021\/09\/hamax-zenith-siege-velo-enfant-fixation-cadre-580x580.jpg 580w\" sizes=\"(max-width: 800px) 100vw, 800px\" \/><\/a><figcaption><em>Si\u00e8ge v\u00e9lo<br><a href=\"https:\/\/www.lespetitsbaroudeurs.com\/siege-velo-enfant-bebe-110\" target=\"_blank\" rel=\"noreferrer noopener\">\u27b3Je d\u00e9couvre<\/a><\/em><\/figcaption><\/figure>\n<\/div>\n\n\n\n<div class=\"wp-block-column\">\n<figure class=\"wp-block-image size-large\"><a href=\"https:\/\/www.lespetitsbaroudeurs.com\/cyclo-equipement-velo-pour-toute-la-famille-92\" target=\"_blank\" rel=\"noopener noreferrer\"><img loading=\"lazy\" width=\"800\" height=\"800\" src=\"https:\/\/www.lespetitsbaroudeurs.com\/blog\/wp-content\/uploads\/2021\/09\/follow-me.jpg\" alt=\"barre de traction v\u00e9lo\" class=\"wp-image-7585\" srcset=\"https:\/\/www.lespetitsbaroudeurs.com\/blog\/wp-content\/uploads\/2021\/09\/follow-me.jpg 800w, https:\/\/www.lespetitsbaroudeurs.com\/blog\/wp-content\/uploads\/2021\/09\/follow-me-300x300.jpg 300w, https:\/\/www.lespetitsbaroudeurs.com\/blog\/wp-content\/uploads\/2021\/09\/follow-me-150x150.jpg 150w, https:\/\/www.lespetitsbaroudeurs.com\/blog\/wp-content\/uploads\/2021\/09\/follow-me-768x768.jpg 768w, https:\/\/www.lespetitsbaroudeurs.com\/blog\/wp-content\/uploads\/2021\/09\/follow-me-270x270.jpg 270w, https:\/\/www.lespetitsbaroudeurs.com\/blog\/wp-content\/uploads\/2021\/09\/follow-me-540x540.jpg 540w, https:\/\/www.lespetitsbaroudeurs.com\/blog\/wp-content\/uploads\/2021\/09\/follow-me-580x580.jpg 580w\" sizes=\"(max-width: 800px) 100vw, 800px\" \/><\/a><figcaption><em>Barre de traction<\/em><br><a href=\"https:\/\/www.lespetitsbaroudeurs.com\/cyclo-equipement-velo-pour-toute-la-famille-92\" target=\"_blank\" rel=\"noreferrer noopener\"><em>\u27b3Je d\u00e9couvre<\/em><\/a><\/figcaption><\/figure>\n<\/div>\n<\/div>\n<\/div><\/div>\n\n\n\n<h2><strong>La trottinette<\/strong><\/h2>\n\n\n\n<p><strong>Les enfants adorent se d\u00e9placer \u00e0 trottinette\u00a0!<\/strong> C\u2019est m\u00eame l\u2019id\u00e9al pour les trajets quotidiens, particuli\u00e8rement si votre loulou est un rider dans l\u2019\u00e2me. <strong>Privil\u00e9giez les trottinettes deux roues pour les plus grands<\/strong>\u00a0: les aventuriers en culotte courte pourront <strong>se d\u00e9placer en toute s\u00e9curit\u00e9 avec une trottinette \u00e0 3 roues, et ce, d\u00e8s 2 ans.<\/strong><\/p>\n\n\n\n<h3>Quel \u00e9quipement&nbsp;?<\/h3>\n\n\n\n<ul><li><strong>Un casque, qui n\u2019est pas obligatoire, mais est vivement conseill\u00e9&nbsp;<\/strong>: votre enfant n\u2019est pas \u00e0 l\u2019abri d\u2019une chute.<\/li><li><strong>Des protections<\/strong> s\u2019il d\u00e9bute.<\/li><\/ul>\n\n\n\n<div class=\"wp-block-group alignwide\"><div class=\"wp-block-group__inner-container\">\n<div class=\"wp-block-columns alignwide\">\n<div class=\"wp-block-column\">\n<figure class=\"wp-block-image size-large\"><a href=\"https:\/\/www.lespetitsbaroudeurs.com\/trottinette-enfant-99\" target=\"_blank\" rel=\"noopener noreferrer\"><img loading=\"lazy\" width=\"800\" height=\"800\" src=\"https:\/\/www.lespetitsbaroudeurs.com\/blog\/wp-content\/uploads\/2021\/09\/micro-trottinette-evolutive-mini-3-en-1-push-rouge.jpg\" alt=\"Mobilit\u00e9 douce : trottinette \u00e9volutive\" class=\"wp-image-7589\" srcset=\"https:\/\/www.lespetitsbaroudeurs.com\/blog\/wp-content\/uploads\/2021\/09\/micro-trottinette-evolutive-mini-3-en-1-push-rouge.jpg 800w, https:\/\/www.lespetitsbaroudeurs.com\/blog\/wp-content\/uploads\/2021\/09\/micro-trottinette-evolutive-mini-3-en-1-push-rouge-300x300.jpg 300w, https:\/\/www.lespetitsbaroudeurs.com\/blog\/wp-content\/uploads\/2021\/09\/micro-trottinette-evolutive-mini-3-en-1-push-rouge-150x150.jpg 150w, https:\/\/www.lespetitsbaroudeurs.com\/blog\/wp-content\/uploads\/2021\/09\/micro-trottinette-evolutive-mini-3-en-1-push-rouge-768x768.jpg 768w, https:\/\/www.lespetitsbaroudeurs.com\/blog\/wp-content\/uploads\/2021\/09\/micro-trottinette-evolutive-mini-3-en-1-push-rouge-270x270.jpg 270w, https:\/\/www.lespetitsbaroudeurs.com\/blog\/wp-content\/uploads\/2021\/09\/micro-trottinette-evolutive-mini-3-en-1-push-rouge-540x540.jpg 540w, https:\/\/www.lespetitsbaroudeurs.com\/blog\/wp-content\/uploads\/2021\/09\/micro-trottinette-evolutive-mini-3-en-1-push-rouge-580x580.jpg 580w\" sizes=\"(max-width: 800px) 100vw, 800px\" \/><\/a><figcaption><em>Trottinette \u00e9volutive<br><a href=\"https:\/\/www.lespetitsbaroudeurs.com\/trottinette-enfant-99\" target=\"_blank\" rel=\"noreferrer noopener\">\u27b3Je d\u00e9couvre<\/a><\/em><\/figcaption><\/figure>\n<\/div>\n\n\n\n<div class=\"wp-block-column\">\n<figure class=\"wp-block-image size-large\"><a href=\"https:\/\/www.lespetitsbaroudeurs.com\/trottinette-enfant-99\" target=\"_blank\" rel=\"noopener noreferrer\"><img loading=\"lazy\" width=\"800\" height=\"800\" src=\"https:\/\/www.lespetitsbaroudeurs.com\/blog\/wp-content\/uploads\/2021\/09\/micro-trottinette-mini-classique.jpg\" alt=\"Mobilit\u00e9 douce : trottinette\" class=\"wp-image-7590\" srcset=\"https:\/\/www.lespetitsbaroudeurs.com\/blog\/wp-content\/uploads\/2021\/09\/micro-trottinette-mini-classique.jpg 800w, https:\/\/www.lespetitsbaroudeurs.com\/blog\/wp-content\/uploads\/2021\/09\/micro-trottinette-mini-classique-300x300.jpg 300w, https:\/\/www.lespetitsbaroudeurs.com\/blog\/wp-content\/uploads\/2021\/09\/micro-trottinette-mini-classique-150x150.jpg 150w, https:\/\/www.lespetitsbaroudeurs.com\/blog\/wp-content\/uploads\/2021\/09\/micro-trottinette-mini-classique-768x768.jpg 768w, https:\/\/www.lespetitsbaroudeurs.com\/blog\/wp-content\/uploads\/2021\/09\/micro-trottinette-mini-classique-270x270.jpg 270w, https:\/\/www.lespetitsbaroudeurs.com\/blog\/wp-content\/uploads\/2021\/09\/micro-trottinette-mini-classique-540x540.jpg 540w, https:\/\/www.lespetitsbaroudeurs.com\/blog\/wp-content\/uploads\/2021\/09\/micro-trottinette-mini-classique-580x580.jpg 580w\" sizes=\"(max-width: 800px) 100vw, 800px\" \/><\/a><figcaption><em>Trottinette<br><a href=\"https:\/\/www.lespetitsbaroudeurs.com\/trottinette-enfant-99\" target=\"_blank\" rel=\"noreferrer noopener\">\u27b3Je d\u00e9couvre<\/a><\/em><\/figcaption><\/figure>\n<\/div>\n<\/div>\n<\/div><\/div>\n\n\n\n<h2><strong>Quelle solution choisir pour votre famille&nbsp;?<\/strong><\/h2>\n\n\n\n<p>Le choix de votre mode de d\u00e9placement quotidien va d\u00e9pendre de plusieurs facteurs&nbsp;:<\/p>\n\n\n\n<ul><li><strong>le nombre d\u2019enfants<\/strong> que vous avez&nbsp;;<\/li><li>leur <strong>\u00e2ge<\/strong>&nbsp;;<\/li><li>la <strong>distance quotidienne<\/strong> \u00e0 parcourir&nbsp;;<\/li><li>la <strong>pratique envisag\u00e9e<\/strong>&nbsp;: si vous avez envie de balades le week-end, <strong>un \u00e9quipement qui permet de rouler plusieurs heures est pr\u00e9f\u00e9rable<\/strong>. Cela vous \u00e9vitera de multiplier les d\u00e9penses.<\/li><\/ul>\n\n\n\n<p>Il est bien s\u00fbr possible de mixer les solutions, par exemple en utilisant \u00e0 la fois une <strong>remorque pour le plus petit de la fratrie<\/strong>, et la <strong>trottinette&nbsp;pour l\u2019a\u00een\u00e9<\/strong> : \u00e0 vous de trouver la solution qui correspond le mieux \u00e0 votre petite famille de baroudeurs&nbsp;!<\/p>\n\n\n\n<p>Enfin, quelle que soit la solution choisie, <strong>si vous souhaitez en profiter toute l\u2019ann\u00e9e, il faudra \u00e9quiper vos aventuriers en herbe<\/strong> d\u2019une veste ainsi que d\u2019un pantalon imperm\u00e9able afin de les garder au sec. Pour terminer, pensez \u00e0 <strong>r\u00e9viser r\u00e9guli\u00e8rement les freins des v\u00e9los<\/strong>, le <strong>gonflage des pneus<\/strong> ou encore le <strong>syst\u00e8me d\u2019attache de la remorque ou du si\u00e8ge v\u00e9lo<\/strong> pour une question de s\u00e9curit\u00e9.<\/p>\n\n\n\n<h2>HEY, SI ON \u00c9QUIPAIT VOS PETITS BAROUDEURS ?<\/h2>\n\n\n\n<p>Chez les Petits Baroudeurs, nous&nbsp;<strong>d\u00e9nichons avec soin et amour<\/strong>&nbsp;les produits utiles \u00e0 vos aventures en famille.&nbsp;<strong>Nous les testons<\/strong>&nbsp;avec nos Oursons, les cousins, les amis de nos loupiots \u2013 quand nos enfants sont trop grands pour tester eux m\u00eame. Et&nbsp;<strong>nous ne s\u00e9lectionnons que les meilleurs produits&nbsp;<\/strong>pour vous les proposer.<\/p>\n\n\n\n<p>Voici donc la s\u00e9lection de notre boutique pour&nbsp;<strong>un mode de d\u00e9placement<\/strong> <strong>doux toute l&rsquo;ann\u00e9e<\/strong>&nbsp;:<\/p>\n\n\n\n<div class=\"wp-block-group alignwide\"><div class=\"wp-block-group__inner-container\">\n<div class=\"wp-block-columns alignwide\">\n<div class=\"wp-block-column\">\n<figure class=\"wp-block-image size-large\"><a href=\"https:\/\/www.lespetitsbaroudeurs.com\/casque-velo-enfant-88\" target=\"_blank\" rel=\"noopener noreferrer\"><img loading=\"lazy\" width=\"800\" height=\"800\" src=\"https:\/\/www.lespetitsbaroudeurs.com\/blog\/wp-content\/uploads\/2021\/09\/casque-bol-enfant-micro-rose.jpg\" alt=\"casque v\u00e9lo enfant\" class=\"wp-image-7592\" srcset=\"https:\/\/www.lespetitsbaroudeurs.com\/blog\/wp-content\/uploads\/2021\/09\/casque-bol-enfant-micro-rose.jpg 800w, https:\/\/www.lespetitsbaroudeurs.com\/blog\/wp-content\/uploads\/2021\/09\/casque-bol-enfant-micro-rose-300x300.jpg 300w, https:\/\/www.lespetitsbaroudeurs.com\/blog\/wp-content\/uploads\/2021\/09\/casque-bol-enfant-micro-rose-150x150.jpg 150w, https:\/\/www.lespetitsbaroudeurs.com\/blog\/wp-content\/uploads\/2021\/09\/casque-bol-enfant-micro-rose-768x768.jpg 768w, https:\/\/www.lespetitsbaroudeurs.com\/blog\/wp-content\/uploads\/2021\/09\/casque-bol-enfant-micro-rose-270x270.jpg 270w, https:\/\/www.lespetitsbaroudeurs.com\/blog\/wp-content\/uploads\/2021\/09\/casque-bol-enfant-micro-rose-540x540.jpg 540w, https:\/\/www.lespetitsbaroudeurs.com\/blog\/wp-content\/uploads\/2021\/09\/casque-bol-enfant-micro-rose-580x580.jpg 580w\" sizes=\"(max-width: 800px) 100vw, 800px\" \/><\/a><figcaption><em>Casque enfant<br><a href=\"https:\/\/www.lespetitsbaroudeurs.com\/casque-velo-enfant-88\" target=\"_blank\" rel=\"noreferrer noopener\">\u27b3Je d\u00e9couvre<\/a><\/em><\/figcaption><\/figure>\n<\/div>\n\n\n\n<div class=\"wp-block-column\">\n<figure class=\"wp-block-image size-large\"><a href=\"https:\/\/www.lespetitsbaroudeurs.com\/vetement-impermeable-enfant-bebe-34\" target=\"_blank\" rel=\"noopener noreferrer\"><img loading=\"lazy\" width=\"800\" height=\"800\" src=\"https:\/\/www.lespetitsbaroudeurs.com\/blog\/wp-content\/uploads\/2021\/09\/ensemble-pluie-enfant-dakota-liewood-rainbow-love-sandy-2.jpg\" alt=\"veste de pluie\" class=\"wp-image-7598\" srcset=\"https:\/\/www.lespetitsbaroudeurs.com\/blog\/wp-content\/uploads\/2021\/09\/ensemble-pluie-enfant-dakota-liewood-rainbow-love-sandy-2.jpg 800w, https:\/\/www.lespetitsbaroudeurs.com\/blog\/wp-content\/uploads\/2021\/09\/ensemble-pluie-enfant-dakota-liewood-rainbow-love-sandy-2-300x300.jpg 300w, https:\/\/www.lespetitsbaroudeurs.com\/blog\/wp-content\/uploads\/2021\/09\/ensemble-pluie-enfant-dakota-liewood-rainbow-love-sandy-2-150x150.jpg 150w, https:\/\/www.lespetitsbaroudeurs.com\/blog\/wp-content\/uploads\/2021\/09\/ensemble-pluie-enfant-dakota-liewood-rainbow-love-sandy-2-768x768.jpg 768w, https:\/\/www.lespetitsbaroudeurs.com\/blog\/wp-content\/uploads\/2021\/09\/ensemble-pluie-enfant-dakota-liewood-rainbow-love-sandy-2-270x270.jpg 270w, https:\/\/www.lespetitsbaroudeurs.com\/blog\/wp-content\/uploads\/2021\/09\/ensemble-pluie-enfant-dakota-liewood-rainbow-love-sandy-2-540x540.jpg 540w, https:\/\/www.lespetitsbaroudeurs.com\/blog\/wp-content\/uploads\/2021\/09\/ensemble-pluie-enfant-dakota-liewood-rainbow-love-sandy-2-580x580.jpg 580w\" sizes=\"(max-width: 800px) 100vw, 800px\" \/><\/a><figcaption><em>V\u00eatements imperm\u00e9ables<br><a href=\"https:\/\/www.lespetitsbaroudeurs.com\/vetement-impermeable-enfant-bebe-34\" target=\"_blank\" rel=\"noreferrer noopener\">\u27b3Je d\u00e9couvre<\/a><\/em><\/figcaption><\/figure>\n<\/div>\n\n\n\n<div class=\"wp-block-column\">\n<figure class=\"wp-block-image size-large\"><a href=\"https:\/\/www.lespetitsbaroudeurs.com\/chaussure-randonnee-enfant-51\" target=\"_blank\" rel=\"noopener noreferrer\"><img loading=\"lazy\" width=\"800\" height=\"800\" src=\"https:\/\/www.lespetitsbaroudeurs.com\/blog\/wp-content\/uploads\/2021\/09\/chaussure-salomon-enfant-xa-pro-3d-kid-cswp-2.jpg\" alt=\"chaussures salomon\" class=\"wp-image-7596\" srcset=\"https:\/\/www.lespetitsbaroudeurs.com\/blog\/wp-content\/uploads\/2021\/09\/chaussure-salomon-enfant-xa-pro-3d-kid-cswp-2.jpg 800w, https:\/\/www.lespetitsbaroudeurs.com\/blog\/wp-content\/uploads\/2021\/09\/chaussure-salomon-enfant-xa-pro-3d-kid-cswp-2-300x300.jpg 300w, https:\/\/www.lespetitsbaroudeurs.com\/blog\/wp-content\/uploads\/2021\/09\/chaussure-salomon-enfant-xa-pro-3d-kid-cswp-2-150x150.jpg 150w, https:\/\/www.lespetitsbaroudeurs.com\/blog\/wp-content\/uploads\/2021\/09\/chaussure-salomon-enfant-xa-pro-3d-kid-cswp-2-768x768.jpg 768w, https:\/\/www.lespetitsbaroudeurs.com\/blog\/wp-content\/uploads\/2021\/09\/chaussure-salomon-enfant-xa-pro-3d-kid-cswp-2-270x270.jpg 270w, https:\/\/www.lespetitsbaroudeurs.com\/blog\/wp-content\/uploads\/2021\/09\/chaussure-salomon-enfant-xa-pro-3d-kid-cswp-2-540x540.jpg 540w, https:\/\/www.lespetitsbaroudeurs.com\/blog\/wp-content\/uploads\/2021\/09\/chaussure-salomon-enfant-xa-pro-3d-kid-cswp-2-580x580.jpg 580w\" sizes=\"(max-width: 800px) 100vw, 800px\" \/><\/a><figcaption><em>Chaussures imperm\u00e9ables<br><a href=\"https:\/\/www.lespetitsbaroudeurs.com\/chaussure-randonnee-enfant-51\" target=\"_blank\" rel=\"noreferrer noopener\">\u27b3Je d\u00e9couvre<\/a><\/em><\/figcaption><\/figure>\n<\/div>\n<\/div>\n<\/div><\/div>\n\n\n\n<p><\/p>\n","protected":false},"excerpt":{"rendered":"<p>La voiture est un vrai fl\u00e9au pour la plan\u00e8te, mais aussi pour notre bien-\u00eatre&nbsp;! On la prend pour un oui ou pour un non, oubliant qu\u2019il y a d\u2019autres moyens de se d\u00e9placer. Et si vous adoptiez un mode d\u00e9placement doux avec vos enfants&nbsp;? Si cela vous para\u00eet peu confortable ou compliqu\u00e9, lisez ceci&nbsp;: vous [&hellip;]<\/p>\n","protected":false},"author":36,"featured_media":7604,"comment_status":"open","ping_status":"open","sticky":false,"template":"","format":"standard","meta":[],"categories":[136],"tags":[],"yoast_head":"<!-- This site is optimized with the Yoast SEO plugin v14.9 - https:\/\/yoast.com\/wordpress\/plugins\/seo\/ -->\n<title>Se d\u00e9placer autrement : travail ou \u00e9cole, choisissez la mobilit\u00e9 douce !<\/title>\n<meta name=\"description\" content=\"Et si vous adoptiez la mobilit\u00e9 douce avec vos enfants ? Si cela vous para\u00eet compliqu\u00e9, lisez ceci : vous allez changer d\u2019avis\u2026\" \/>\n<meta name=\"robots\" content=\"index, follow, max-snippet:-1, max-image-preview:large, max-video-preview:-1\" \/>\n<link rel=\"canonical\" href=\"https:\/\/www.lespetitsbaroudeurs.com\/blog\/se-deplacer-autrement-travail-ou-ecole-choisissez-la-mobilite-douce\/\" \/>\n<meta property=\"og:locale\" content=\"fr_FR\" \/>\n<meta property=\"og:type\" content=\"article\" \/>\n<meta property=\"og:title\" content=\"Se d\u00e9placer autrement : travail ou \u00e9cole, choisissez la mobilit\u00e9 douce !\" \/>\n<meta property=\"og:description\" content=\"Et si vous adoptiez la mobilit\u00e9 douce avec vos enfants ? Si cela vous para\u00eet compliqu\u00e9, lisez ceci : vous allez changer d\u2019avis\u2026\" \/>\n<meta property=\"og:url\" content=\"https:\/\/www.lespetitsbaroudeurs.com\/blog\/se-deplacer-autrement-travail-ou-ecole-choisissez-la-mobilite-douce\/\" \/>\n<meta property=\"og:site_name\" content=\"Les Petits Baroudeurs\" \/>\n<meta property=\"article:publisher\" content=\"https:\/\/www.facebook.com\/lespetitsbaroudeurs\/\" \/>\n<meta property=\"article:published_time\" content=\"2021-09-16T09:49:53+00:00\" \/>\n<meta property=\"article:modified_time\" content=\"2021-09-16T13:54:29+00:00\" \/>\n<meta property=\"og:image\" content=\"https:\/\/www.lespetitsbaroudeurs.com\/blog\/wp-content\/uploads\/2021\/09\/mobilite-douce.jpg\" \/>\n\t<meta property=\"og:image:width\" content=\"1136\" \/>\n\t<meta property=\"og:image:height\" content=\"530\" \/>\n<meta name=\"twitter:card\" content=\"summary_large_image\" \/>\n<script type=\"application\/ld+json\" class=\"yoast-schema-graph\">{\"@context\":\"https:\/\/schema.org\",\"@graph\":[{\"@type\":\"WebSite\",\"@id\":\"https:\/\/www.lespetitsbaroudeurs.com\/blog\/#website\",\"url\":\"https:\/\/www.lespetitsbaroudeurs.com\/blog\/\",\"name\":\"Les Petits Baroudeurs\",\"description\":\"Le Blog de l&#039;aventure en famille !\",\"potentialAction\":[{\"@type\":\"SearchAction\",\"target\":\"https:\/\/www.lespetitsbaroudeurs.com\/blog\/?s={search_term_string}\",\"query-input\":\"required name=search_term_string\"}],\"inLanguage\":\"fr-FR\"},{\"@type\":\"ImageObject\",\"@id\":\"https:\/\/www.lespetitsbaroudeurs.com\/blog\/se-deplacer-autrement-travail-ou-ecole-choisissez-la-mobilite-douce\/#primaryimage\",\"inLanguage\":\"fr-FR\",\"url\":\"https:\/\/www.lespetitsbaroudeurs.com\/blog\/wp-content\/uploads\/2021\/09\/mobilite-douce.jpg\",\"width\":1136,\"height\":530,\"caption\":\"mobilit\\u00e9 douce\"},{\"@type\":\"WebPage\",\"@id\":\"https:\/\/www.lespetitsbaroudeurs.com\/blog\/se-deplacer-autrement-travail-ou-ecole-choisissez-la-mobilite-douce\/#webpage\",\"url\":\"https:\/\/www.lespetitsbaroudeurs.com\/blog\/se-deplacer-autrement-travail-ou-ecole-choisissez-la-mobilite-douce\/\",\"name\":\"Se d\\u00e9placer autrement : travail ou \\u00e9cole, choisissez la mobilit\\u00e9 douce !\",\"isPartOf\":{\"@id\":\"https:\/\/www.lespetitsbaroudeurs.com\/blog\/#website\"},\"primaryImageOfPage\":{\"@id\":\"https:\/\/www.lespetitsbaroudeurs.com\/blog\/se-deplacer-autrement-travail-ou-ecole-choisissez-la-mobilite-douce\/#primaryimage\"},\"author\":{\"@id\":\"https:\/\/www.lespetitsbaroudeurs.com\/blog\/#\/schema\/person\/074061ec8b5473878afb9cce3c002d69\"},\"description\":\"Et si vous adoptiez la mobilit\\u00e9 douce avec vos enfants ? Si cela vous para\\u00eet compliqu\\u00e9, lisez ceci : vous allez changer d\\u2019avis\\u2026\",\"inLanguage\":\"fr-FR\",\"potentialAction\":[{\"@type\":\"ReadAction\",\"target\":[\"https:\/\/www.lespetitsbaroudeurs.com\/blog\/se-deplacer-autrement-travail-ou-ecole-choisissez-la-mobilite-douce\/\"]}]},{\"@type\":\"Person\",\"@id\":\"https:\/\/www.lespetitsbaroudeurs.com\/blog\/#\/schema\/person\/074061ec8b5473878afb9cce3c002d69\",\"name\":\"C\\u00e9line Lacombe\",\"image\":{\"@type\":\"ImageObject\",\"@id\":\"https:\/\/www.lespetitsbaroudeurs.com\/blog\/#personlogo\",\"inLanguage\":\"fr-FR\",\"url\":\"https:\/\/secure.gravatar.com\/avatar\/f3196c6923379068e921575c340f8486?s=96&d=mm&r=g\",\"caption\":\"C\\u00e9line Lacombe\"},\"description\":\"Amoureuse des montagnes et des voyages, C\\u00e9line est heureuse dans sa tribu familiale avec ses mini baroudeurs et son homme. La cr\\u00e9ation des Petits Baroudeurs est la suite logique de sa passion pour sa famille et pour l'outdoor.\"}]}<\/script>\n<!-- \/ Yoast SEO plugin. -->","_links":{"self":[{"href":"https:\/\/www.lespetitsbaroudeurs.com\/blog\/wp-json\/wp\/v2\/posts\/7574"}],"collection":[{"href":"https:\/\/www.lespetitsbaroudeurs.com\/blog\/wp-json\/wp\/v2\/posts"}],"about":[{"href":"https:\/\/www.lespetitsbaroudeurs.com\/blog\/wp-json\/wp\/v2\/types\/post"}],"author":[{"embeddable":true,"href":"https:\/\/www.lespetitsbaroudeurs.com\/blog\/wp-json\/wp\/v2\/users\/36"}],"replies":[{"embeddable":true,"href":"https:\/\/www.lespetitsbaroudeurs.com\/blog\/wp-json\/wp\/v2\/comments?post=7574"}],"version-history":[{"count":12,"href":"https:\/\/www.lespetitsbaroudeurs.com\/blog\/wp-json\/wp\/v2\/posts\/7574\/revisions"}],"predecessor-version":[{"id":7607,"href":"https:\/\/www.lespetitsbaroudeurs.com\/blog\/wp-json\/wp\/v2\/posts\/7574\/revisions\/7607"}],"wp:featuredmedia":[{"embeddable":true,"href":"https:\/\/www.lespetitsbaroudeurs.com\/blog\/wp-json\/wp\/v2\/media\/7604"}],"wp:attachment":[{"href":"https:\/\/www.lespetitsbaroudeurs.com\/blog\/wp-json\/wp\/v2\/media?parent=7574"}],"wp:term":[{"taxonomy":"category","embeddable":true,"href":"https:\/\/www.lespetitsbaroudeurs.com\/blog\/wp-json\/wp\/v2\/categories?post=7574"},{"taxonomy":"post_tag","embeddable":true,"href":"https:\/\/www.lespetitsbaroudeurs.com\/blog\/wp-json\/wp\/v2\/tags?post=7574"}],"curies":[{"name":"wp","href":"https:\/\/api.w.org\/{rel}","templated":true}]}}