{"id":8128,"date":"2022-03-02T17:59:37","date_gmt":"2022-03-02T16:59:37","guid":{"rendered":"https:\/\/www.lespetitsbaroudeurs.com\/blog\/?p=8128"},"modified":"2022-03-10T16:38:38","modified_gmt":"2022-03-10T15:38:38","slug":"15-jours-en-famille-sur-la-veloscenie-en-quete-de-michel","status":"publish","type":"post","link":"https:\/\/www.lespetitsbaroudeurs.com\/blog\/15-jours-en-famille-sur-la-veloscenie-en-quete-de-michel\/","title":{"rendered":"15 jours en famille sur la V\u00e9losc\u00e9nie, en qu\u00eate de Michel !"},"content":{"rendered":"\n<p><em>On ne vous pr\u00e9sente plus nos Ambassadeurs de longue date, la famille Niaudet, passionn\u00e9e de marche et de montagne ! Ils aiment partir \u00e0 la d\u00e9couverte d\u2019autres cultures et s\u2019\u00e9chapper vers de nouveaux horizons. D\u00e9couvrez \u00e0 travers ce r\u00e9cit, leur parcours\u00a0de 530km \u00e0 travers la V\u00e9losc\u00e9nie en famille, qui relie Paris au Mont-Saint-Michel. <\/em><\/p>\n\n\n\n<h2><strong>J1&nbsp;: Top d\u00e9part&nbsp;\/ de Maisons-Laffitte \u00e0 Versailles, par Notre-Dame de Paris&nbsp;! (45km)<\/strong><\/h2>\n\n\n\n<h3>\u00c0 bord ! <\/h3>\n\n\n\n<p>Benoit avait <strong>tout pr\u00e9par\u00e9 la veille au soir<\/strong> pour que nous puissions partir apr\u00e8s le petit-d\u00e9jeuner. <strong>C\u2019\u00e9tait sans compter la crevaison de mon pneu avant\u2026 faux-d\u00e9part<\/strong>&nbsp;! Le temps d\u2019une rustine, de nouvelles embrassades, une photo de d\u00e9part et nous \u00e9tions partis. <strong>Direction la gare de Maisons-Laffitte.<\/strong> C\u2019est toujours le d\u00e9part du combattant&nbsp;pour gagner le bon quai et monter tous ensemble avec <strong>les v\u00e9los, la Thule et les enfants dans le m\u00eame wagon&nbsp;! <\/strong><\/p>\n\n\n\n<h3>En passant par Paris<\/h3>\n\n\n\n<p>Heureusement le train nous d\u00e9barque \u00e0 Saint-Lazare\u2026 De l\u00e0, <strong>nous gagnons Notre-Dame par les beaux quartiers&nbsp;: l\u2019Op\u00e9ra, les Tuileries et sa roue d\u2019\u00e9t\u00e9, Le Louvre et l\u2019Ile de la Cit\u00e9<\/strong>. On savoure notre capitale retrouv\u00e9e, m\u00eame si on n\u2019a pas vu autant de monde depuis longtemps, <strong>ses nouvelles pistes cyclables et l\u2019ambiance estivale<\/strong>. Notre-Dame n\u2019est pas des plus jolies en ce moment, mais on voulait toutefois <strong>partir du \u00ab&nbsp;point z\u00e9ro&nbsp;\u00bb symbolique.<\/strong> Les enfants sont aux anges. <\/p>\n\n\n\n<figure class=\"wp-block-gallery columns-2 is-cropped\"><ul class=\"blocks-gallery-grid\"><li class=\"blocks-gallery-item\"><figure><img loading=\"lazy\" width=\"576\" height=\"768\" src=\"https:\/\/www.lespetitsbaroudeurs.com\/blog\/wp-content\/uploads\/2022\/02\/J1-Paris-Rue-de-Rivoli-pour-rejoindre-le-point-0.jpg\" alt=\"\" data-id=\"8152\" data-full-url=\"https:\/\/www.lespetitsbaroudeurs.com\/blog\/wp-content\/uploads\/2022\/02\/J1-Paris-Rue-de-Rivoli-pour-rejoindre-le-point-0.jpg\" data-link=\"https:\/\/www.lespetitsbaroudeurs.com\/blog\/?attachment_id=8152\" class=\"wp-image-8152\" srcset=\"https:\/\/www.lespetitsbaroudeurs.com\/blog\/wp-content\/uploads\/2022\/02\/J1-Paris-Rue-de-Rivoli-pour-rejoindre-le-point-0.jpg 576w, https:\/\/www.lespetitsbaroudeurs.com\/blog\/wp-content\/uploads\/2022\/02\/J1-Paris-Rue-de-Rivoli-pour-rejoindre-le-point-0-225x300.jpg 225w\" sizes=\"(max-width: 576px) 100vw, 576px\" \/><\/figure><\/li><li class=\"blocks-gallery-item\"><figure><img loading=\"lazy\" width=\"562\" height=\"768\" src=\"https:\/\/www.lespetitsbaroudeurs.com\/blog\/wp-content\/uploads\/2022\/02\/J1.jpg\" alt=\"\" data-id=\"8153\" data-full-url=\"https:\/\/www.lespetitsbaroudeurs.com\/blog\/wp-content\/uploads\/2022\/02\/J1.jpg\" data-link=\"https:\/\/www.lespetitsbaroudeurs.com\/blog\/?attachment_id=8153\" class=\"wp-image-8153\" srcset=\"https:\/\/www.lespetitsbaroudeurs.com\/blog\/wp-content\/uploads\/2022\/02\/J1.jpg 562w, https:\/\/www.lespetitsbaroudeurs.com\/blog\/wp-content\/uploads\/2022\/02\/J1-220x300.jpg 220w\" sizes=\"(max-width: 562px) 100vw, 562px\" \/><\/figure><\/li><\/ul><figcaption class=\"blocks-gallery-caption\"><em>Passage dans Paris<\/em><\/figcaption><\/figure>\n\n\n\n<p>Ici, difficile de trouver la trace de la V\u00e9losc\u00e9nie, alors <strong>on suit comme on peut l\u2019itin\u00e9raire en passant le Panth\u00e9on<\/strong>, o\u00f9 reposent deux a\u00efeuls, puis <strong>le Jardin du Luxembourg pour rejoindre le quartier Montparnasse<\/strong>. Niels et Anouck filent droit derri\u00e8re leur p\u00e8re, je boucle la marche&nbsp;avec Swann !<\/p>\n\n\n\n<p>Pour moi, <strong>l\u2019aventure commence vraiment ici&nbsp;: Place de la Catalogne, quand nous voyons le premier panneau directionnel&nbsp;: Mont-Saint-Michel<\/strong>&nbsp;! Pour se remettre de nos \u00e9motions, nous nous arr\u00eatons au square du Cardinal Wyszynski tout \u00e9quip\u00e9 pour le bonheur des enfants&nbsp;!<\/p>\n\n\n\n<figure class=\"wp-block-image size-large\"><img loading=\"lazy\" width=\"1024\" height=\"768\" src=\"https:\/\/www.lespetitsbaroudeurs.com\/blog\/wp-content\/uploads\/2022\/02\/J1-Parc-de-Sceaux.jpg\" alt=\"V\u00e9losc\u00e9nie en famille\" class=\"wp-image-8151\" srcset=\"https:\/\/www.lespetitsbaroudeurs.com\/blog\/wp-content\/uploads\/2022\/02\/J1-Parc-de-Sceaux.jpg 1024w, https:\/\/www.lespetitsbaroudeurs.com\/blog\/wp-content\/uploads\/2022\/02\/J1-Parc-de-Sceaux-300x225.jpg 300w, https:\/\/www.lespetitsbaroudeurs.com\/blog\/wp-content\/uploads\/2022\/02\/J1-Parc-de-Sceaux-768x576.jpg 768w\" sizes=\"(max-width: 1024px) 100vw, 1024px\" \/><figcaption><em>Parc de Sceaux<\/em><\/figcaption><\/figure>\n\n\n\n<h3>1\u00e8re nuit en tente Canadienne au camping Huttopia <\/h3>\n\n\n\n<p>Une belle mise en jambe pour commencer et s\u2019\u00e9chapper de la capitale par <strong>la voie verte qui rejoint les Vallons de la Bi\u00e8vre de la Porte de Vanves \u00e0 Massy.<\/strong> Sur les traces de notre pass\u00e9, <strong>nous nous sommes arr\u00eat\u00e9s aux Murs Blancs, \u00e0 Chatenay-Malabry<\/strong>, o\u00f9 a grandi la maman de Benoit, avant de <strong>poser devant le Domaine de Sceaux<\/strong>, un parc que nous appr\u00e9cions particuli\u00e8rement au printemps, les cerisiers en fleurs. <\/p>\n\n\n\n<p>Nous poursuivons notre trace <strong>vers Versailles en tournant \u00e0 la gare du Petit-Jouy les Loges<\/strong> et une belle mont\u00e9e nous attend, r\u00e9compens\u00e9e d\u2019une belle descente pour <strong>rejoindre le camping Huttopia<\/strong>, non loin de l\u00e0. <strong>Ce soir, nous dormons dans la for\u00eat, en tente canadienne<\/strong>. Comme il fait beau, nous proposons aux enfants une <strong>baignade dans la piscine chauff\u00e9e avant de diner en terrasse<\/strong>, sur place&nbsp;! Les vacances commencent&nbsp;!<\/p>\n\n\n\n<figure class=\"wp-block-image size-large\"><img loading=\"lazy\" width=\"1024\" height=\"768\" src=\"https:\/\/www.lespetitsbaroudeurs.com\/blog\/wp-content\/uploads\/2022\/02\/J1-Nuit-a-Huttopia.jpg\" alt=\"V\u00e9losc\u00e9nie en famille : camping huttopia\" class=\"wp-image-8154\" srcset=\"https:\/\/www.lespetitsbaroudeurs.com\/blog\/wp-content\/uploads\/2022\/02\/J1-Nuit-a-Huttopia.jpg 1024w, https:\/\/www.lespetitsbaroudeurs.com\/blog\/wp-content\/uploads\/2022\/02\/J1-Nuit-a-Huttopia-300x225.jpg 300w, https:\/\/www.lespetitsbaroudeurs.com\/blog\/wp-content\/uploads\/2022\/02\/J1-Nuit-a-Huttopia-768x576.jpg 768w\" sizes=\"(max-width: 1024px) 100vw, 1024px\" \/><figcaption><em>Nuit \u00e0 Huttopia<\/em><\/figcaption><\/figure>\n\n\n\n<h2><strong>J2&nbsp;: De vall\u00e9e en vall\u00e9e\/ Versailles- Saint-R\u00e9my-l\u00e8s-Chevreuse (28km)<\/strong><\/h2>\n\n\n\n<h3>D\u00e9part sous la pluie<\/h3>\n\n\n\n<p>Ce matin, c\u2019est l\u2019averse&nbsp;! <strong>On est bien content de ne pas avoir \u00e0 replier la tente\u2026<\/strong> Tout est pr\u00eat, mais <strong>on attend l\u2019accalmie pour ne pas partir tremp\u00e9s<\/strong>. Ce n\u2019est pas aujourd\u2019hui que nous retournerons au Ch\u00e2teau de Versailles&nbsp;!<strong> Nous pr\u00e9f\u00e9rons prendre la route en raison de la m\u00e9t\u00e9o incertaine<\/strong>. Nous revenons sur nos pas, et remontons la pente&nbsp;! Devant, j\u2019entends un fracas terrible et me retourne effray\u00e9e&nbsp;! Un camion vient de taper sa benne sous le pont et de la perdre. <\/p>\n\n\n\n<figure class=\"wp-block-gallery columns-2 is-cropped\"><ul class=\"blocks-gallery-grid\"><li class=\"blocks-gallery-item\"><figure><img loading=\"lazy\" width=\"576\" height=\"768\" src=\"https:\/\/www.lespetitsbaroudeurs.com\/blog\/wp-content\/uploads\/2022\/02\/J2-1.jpg\" alt=\"\" data-id=\"8158\" data-full-url=\"https:\/\/www.lespetitsbaroudeurs.com\/blog\/wp-content\/uploads\/2022\/02\/J2-1.jpg\" data-link=\"https:\/\/www.lespetitsbaroudeurs.com\/blog\/?attachment_id=8158\" class=\"wp-image-8158\" srcset=\"https:\/\/www.lespetitsbaroudeurs.com\/blog\/wp-content\/uploads\/2022\/02\/J2-1.jpg 576w, https:\/\/www.lespetitsbaroudeurs.com\/blog\/wp-content\/uploads\/2022\/02\/J2-1-225x300.jpg 225w\" sizes=\"(max-width: 576px) 100vw, 576px\" \/><\/figure><\/li><li class=\"blocks-gallery-item\"><figure><img loading=\"lazy\" width=\"576\" height=\"768\" src=\"https:\/\/www.lespetitsbaroudeurs.com\/blog\/wp-content\/uploads\/2022\/02\/J2-2.jpg\" alt=\"\" data-id=\"8159\" data-full-url=\"https:\/\/www.lespetitsbaroudeurs.com\/blog\/wp-content\/uploads\/2022\/02\/J2-2.jpg\" data-link=\"https:\/\/www.lespetitsbaroudeurs.com\/blog\/?attachment_id=8159\" class=\"wp-image-8159\" srcset=\"https:\/\/www.lespetitsbaroudeurs.com\/blog\/wp-content\/uploads\/2022\/02\/J2-2.jpg 576w, https:\/\/www.lespetitsbaroudeurs.com\/blog\/wp-content\/uploads\/2022\/02\/J2-2-225x300.jpg 225w\" sizes=\"(max-width: 576px) 100vw, 576px\" \/><\/figure><\/li><\/ul><figcaption class=\"blocks-gallery-caption\"><em>De vall\u00e9e en vall\u00e9e<\/em><\/figcaption><\/figure>\n\n\n\n<p>Heureusement, tout le monde est pass\u00e9 et Benoit, en bon citoyen, commence \u00e0 faire la circulation\u2026&nbsp; mais <strong>plusieurs vall\u00e9es nous attendent&nbsp;: un prunier g\u00e9n\u00e9reux pour faire une cueillette miraculeuse avant de nous engager dans la Vall\u00e9e M\u00e9rantaise<\/strong> puis la Haute Vall\u00e9e de Chevreuse o\u00f9 nous alternerons <strong>pistes cyclables, chemins et routes partag\u00e9es en mont\u00e9es, descentes<\/strong>. <\/p>\n\n\n\n<h3>Halte \u00e0 la ferme et nuit au g\u00eete <\/h3>\n\n\n\n<p>En chemin, nous ferons une <strong>halte \u00e0 la Ferme de Coubertin prendre du ch\u00e8vre frais, du g\u00e2teau au fromage frais et voir les animaux<\/strong>, puis au parc de jeux de Saint-R\u00e9my&nbsp;; l\u2019occasion de faire un petit ravitaillement pour ce soir. <\/p>\n\n\n\n<figure class=\"wp-block-image size-large\"><img loading=\"lazy\" width=\"1024\" height=\"768\" src=\"https:\/\/www.lespetitsbaroudeurs.com\/blog\/wp-content\/uploads\/2022\/02\/J2-a-la-Ferme-de-Coubertin.jpg\" alt=\"V\u00e9losc\u00e9nie en famille : ferme de Coubertin\" class=\"wp-image-8156\" srcset=\"https:\/\/www.lespetitsbaroudeurs.com\/blog\/wp-content\/uploads\/2022\/02\/J2-a-la-Ferme-de-Coubertin.jpg 1024w, https:\/\/www.lespetitsbaroudeurs.com\/blog\/wp-content\/uploads\/2022\/02\/J2-a-la-Ferme-de-Coubertin-300x225.jpg 300w, https:\/\/www.lespetitsbaroudeurs.com\/blog\/wp-content\/uploads\/2022\/02\/J2-a-la-Ferme-de-Coubertin-768x576.jpg 768w\" sizes=\"(max-width: 1024px) 100vw, 1024px\" \/><figcaption><em>Ferme de Coubertin<\/em><\/figcaption><\/figure>\n\n\n\n<p><strong>Nous dormons au g\u00eete de l\u2019Auberge des 3 Hameaux<\/strong>, face \u00e0 l\u2019une des entr\u00e9es du Parc de Breteuil. En fin de journ\u00e9e, avant le retour de l\u2019orage, <strong>nous partirons au pays des contes de f\u00e9es d\u00e9couvrir les sc\u00e9nettes anim\u00e9es dans le parc, le labyrinthe et le jardin<\/strong> avant de rentrer, sous la pluie&nbsp;!<\/p>\n\n\n\n<figure class=\"wp-block-image size-large\"><img loading=\"lazy\" width=\"1024\" height=\"768\" src=\"https:\/\/www.lespetitsbaroudeurs.com\/blog\/wp-content\/uploads\/2022\/02\/J2-Les-biches-du-Chateau-de-Breteuil.jpg\" alt=\"V\u00e9losc\u00e9nie en famille : ch\u00e2teau de Breteuil \" class=\"wp-image-8157\" srcset=\"https:\/\/www.lespetitsbaroudeurs.com\/blog\/wp-content\/uploads\/2022\/02\/J2-Les-biches-du-Chateau-de-Breteuil.jpg 1024w, https:\/\/www.lespetitsbaroudeurs.com\/blog\/wp-content\/uploads\/2022\/02\/J2-Les-biches-du-Chateau-de-Breteuil-300x225.jpg 300w, https:\/\/www.lespetitsbaroudeurs.com\/blog\/wp-content\/uploads\/2022\/02\/J2-Les-biches-du-Chateau-de-Breteuil-768x576.jpg 768w\" sizes=\"(max-width: 1024px) 100vw, 1024px\" \/><figcaption><em>Les biches du Ch\u00e2teau de Breteuil<\/em><\/figcaption><\/figure>\n\n\n\n<h2><strong>J3&nbsp;: \u00ab&nbsp;Maman, je suis tout mouill\u00e9&nbsp;\u00bb \/ Saint-R\u00e9my-l\u00e8s-Chevreuse \u2013 Rambouillet (24km)<\/strong><\/h2>\n\n\n\n<h3>Commencer la journ\u00e9e par un bon petit-d\u00e9jeuner<\/h3>\n\n\n\n<p><strong>La journ\u00e9e commence par un petit-d\u00e9jeuner 5 \u00e9toiles \u00e0 l\u2019Auberge des 3 Hameaux<\/strong>, de quoi charger nos batteries pour affronter une premi\u00e8re pente, faire flancher Niels et motiver Anouck&nbsp;! <strong>Malheureusement, nous n\u2019avons pas pass\u00e9 Cernay que la pluie tombe en trombe<\/strong>. Nous sommes oblig\u00e9s de nous mettre sous un abri bus le temps que le ciel se calme. Nous sortons les livres, jouons aux devinettes en guettant notre application f\u00e9tiche \u00ab&nbsp;RainToday&nbsp;\u00bb. <strong>Les escargots sont \u00e0 la f\u00eate&nbsp;! <\/strong><\/p>\n\n\n\n<figure class=\"wp-block-image size-large\"><img loading=\"lazy\" width=\"1024\" height=\"768\" src=\"https:\/\/www.lespetitsbaroudeurs.com\/blog\/wp-content\/uploads\/2022\/02\/J3-Petit-dejeuner-au-Gite-des-3-Hameaux.jpg\" alt=\"V\u00e9losc\u00e9nie en famille : g\u00eete des 3 hameaux\" class=\"wp-image-8160\" srcset=\"https:\/\/www.lespetitsbaroudeurs.com\/blog\/wp-content\/uploads\/2022\/02\/J3-Petit-dejeuner-au-Gite-des-3-Hameaux.jpg 1024w, https:\/\/www.lespetitsbaroudeurs.com\/blog\/wp-content\/uploads\/2022\/02\/J3-Petit-dejeuner-au-Gite-des-3-Hameaux-300x225.jpg 300w, https:\/\/www.lespetitsbaroudeurs.com\/blog\/wp-content\/uploads\/2022\/02\/J3-Petit-dejeuner-au-Gite-des-3-Hameaux-768x576.jpg 768w\" sizes=\"(max-width: 1024px) 100vw, 1024px\" \/><figcaption><em>Petit d\u00e9jeuner au G\u00eete des 3 Hameaux<\/em><\/figcaption><\/figure>\n\n\n\n<p><strong>Par chance, nous n\u2019avons pas tellement de kilom\u00e8tres \u00e0 faire<\/strong>. Pour simplifier la reprise, Anouck file en t\u00eate, suivie par Benoit et nous fermons la marche avec Niels en FollowMe derri\u00e8re Swann et moi, sur un axe partag\u00e9. <strong>Compte tenu du temps, nous ne jouerons pas les prolongations en passant par les Vaux de Cernay, ni par l\u2019Espace Rambouillet <\/strong>que nous souhaitions faire l\u2019apr\u00e8s-midi. <\/p>\n\n\n\n<figure class=\"wp-block-image size-large\"><img loading=\"lazy\" width=\"1024\" height=\"768\" src=\"https:\/\/www.lespetitsbaroudeurs.com\/blog\/wp-content\/uploads\/2022\/02\/J3-1.jpg\" alt=\"V\u00e9losc\u00e9nie en famille : Rambouillet\" class=\"wp-image-8162\" srcset=\"https:\/\/www.lespetitsbaroudeurs.com\/blog\/wp-content\/uploads\/2022\/02\/J3-1.jpg 1024w, https:\/\/www.lespetitsbaroudeurs.com\/blog\/wp-content\/uploads\/2022\/02\/J3-1-300x225.jpg 300w, https:\/\/www.lespetitsbaroudeurs.com\/blog\/wp-content\/uploads\/2022\/02\/J3-1-768x576.jpg 768w\" sizes=\"(max-width: 1024px) 100vw, 1024px\" \/><figcaption><em>Direction Rambouillet sous la pluie<\/em><\/figcaption><\/figure>\n\n\n\n<h3>Au sec !<\/h3>\n\n\n\n<p>Notre objectif unique est de gagner notre logement du soir pour faire s\u00e9cher nos affaires. <strong>Les enfants sont tremp\u00e9s de la t\u00eate aux pieds&nbsp;! <\/strong>Nous d\u00e9tonnons un peu \u00e0 l\u2019h\u00f4tel Mercure, mais on aime les contrastes&nbsp;! <strong>La douche chaude aura rarement \u00e9t\u00e9 si savoureuse<\/strong>. <\/p>\n\n\n\n<figure class=\"wp-block-image size-large is-resized\"><img loading=\"lazy\" src=\"https:\/\/www.lespetitsbaroudeurs.com\/blog\/wp-content\/uploads\/2022\/02\/J3-Visite-du-parc-de-Rambouillet-les-ghats...-sous-la-mousson.jpg\" alt=\"V\u00e9losc\u00e9nie en famille : parc de rambouillet\" class=\"wp-image-8163\" width=\"580\" height=\"435\" srcset=\"https:\/\/www.lespetitsbaroudeurs.com\/blog\/wp-content\/uploads\/2022\/02\/J3-Visite-du-parc-de-Rambouillet-les-ghats...-sous-la-mousson.jpg 1024w, https:\/\/www.lespetitsbaroudeurs.com\/blog\/wp-content\/uploads\/2022\/02\/J3-Visite-du-parc-de-Rambouillet-les-ghats...-sous-la-mousson-300x225.jpg 300w, https:\/\/www.lespetitsbaroudeurs.com\/blog\/wp-content\/uploads\/2022\/02\/J3-Visite-du-parc-de-Rambouillet-les-ghats...-sous-la-mousson-768x576.jpg 768w\" sizes=\"(max-width: 580px) 100vw, 580px\" \/><figcaption><em>Visite du parc de Rambouillet<\/em><\/figcaption><\/figure>\n\n\n\n<p>Les pieds au sec, nous sortons d\u00e9jeuner \u00e0 la <strong>cr\u00eaperie du Roy<\/strong>. Il est 15h&nbsp;! <strong>Demain, nous retrouvons la famille pour quatre jours<\/strong> pr\u00e9vus de longue date \u2013 en attendant le soleil, avant de reprendre la route&nbsp;!&nbsp;<\/p>\n\n\n\n<figure class=\"wp-block-image size-large is-resized\"><img loading=\"lazy\" src=\"https:\/\/www.lespetitsbaroudeurs.com\/blog\/wp-content\/uploads\/2022\/02\/J3Bis-Espace-Rambouillet-4.jpg\" alt=\"V\u00e9losc\u00e9nie en famille : espace rambouillet\" class=\"wp-image-8165\" width=\"580\" height=\"435\" srcset=\"https:\/\/www.lespetitsbaroudeurs.com\/blog\/wp-content\/uploads\/2022\/02\/J3Bis-Espace-Rambouillet-4.jpg 1024w, https:\/\/www.lespetitsbaroudeurs.com\/blog\/wp-content\/uploads\/2022\/02\/J3Bis-Espace-Rambouillet-4-300x225.jpg 300w, https:\/\/www.lespetitsbaroudeurs.com\/blog\/wp-content\/uploads\/2022\/02\/J3Bis-Espace-Rambouillet-4-768x576.jpg 768w\" sizes=\"(max-width: 580px) 100vw, 580px\" \/><figcaption><em>Espace Rambouillet<\/em><\/figcaption><\/figure>\n\n\n\n<h2><strong>J4&nbsp;: Le Tour de France\/ Rambouillet \u2013 Maintenon (35km)<\/strong><\/h2>\n\n\n\n<h3>Des Yvelines \u00e0 l&rsquo;Eure-et-Loir<\/h3>\n\n\n\n<p>Petit sondage des troupes&nbsp;pour s\u2019assurer que tout le monde repart bien sur le chemin, \u00e0 v\u00e9lo\u2026 <strong>Plus que jamais les enfants sont motiv\u00e9s pour voir la mer<\/strong>\u2026 alors, malgr\u00e9 l\u2019arr\u00eat de la circulation sur la r\u00e9gion parisienne en raison du passage du Tour de France, <strong>nous regagnons tant bien que mal Rambouillet pour retrouver nos montures&nbsp;! <\/strong><\/p>\n\n\n\n<figure class=\"wp-block-image size-large\"><img loading=\"lazy\" width=\"1024\" height=\"768\" src=\"https:\/\/www.lespetitsbaroudeurs.com\/blog\/wp-content\/uploads\/2022\/02\/J4.jpg\" alt=\"V\u00e9losc\u00e9nie en famille : ch\u00e2teau de Maintenon \" class=\"wp-image-8166\" srcset=\"https:\/\/www.lespetitsbaroudeurs.com\/blog\/wp-content\/uploads\/2022\/02\/J4.jpg 1024w, https:\/\/www.lespetitsbaroudeurs.com\/blog\/wp-content\/uploads\/2022\/02\/J4-300x225.jpg 300w, https:\/\/www.lespetitsbaroudeurs.com\/blog\/wp-content\/uploads\/2022\/02\/J4-768x576.jpg 768w\" sizes=\"(max-width: 1024px) 100vw, 1024px\" \/><figcaption><em>Direction le ch\u00e2teau de Maintenon<\/em><\/figcaption><\/figure>\n\n\n\n<p><strong>Une belle journ\u00e9e s\u2019annonce&nbsp;!<\/strong> Anouck p\u00e9dale comme une cheffe, Niels, in situ, d\u00e9cide de faire gr\u00e8ve&nbsp;! Qu\u2019importe, avec le Follow-Me, les kilom\u00e8tres d\u00e9filent sous le soleil et <strong>nous quittons par les chemins ruraux, les Yvelines, pour l\u2019Eure-et-Loir, le long de la Drouette pour rejoindre Maintenon et son ch\u00e2teau<\/strong>, lieu des amours secrets de Louis XIV avec Fran\u00e7oise d\u2019Aubign\u00e9.<\/p>\n\n\n\n<h3>Visite du ch\u00e2teau de Maintenon<\/h3>\n\n\n\n<p>Nous avons la possibilit\u00e9 de rentrer les v\u00e9los dans la cour, le temps de la visite du ch\u00e2teau et des jardins. <strong>Les enfants sont invit\u00e9s \u00e0 participer \u00e0 un parcours d\u2019\u00e9nigmes et re\u00e7oivent en prime, un cahier d\u2019activit\u00e9s li\u00e9es au lieu.<\/strong> Apr\u00e8s deux bonnes heures, nous r\u00e9cup\u00e9rons nos v\u00e9los pour rejoindre notre <strong>chambre d\u2019accueil, chez Gis\u00e8le et G\u00e9rard, un havre de paix.<\/strong><\/p>\n\n\n\n<figure class=\"wp-block-image size-large\"><img loading=\"lazy\" width=\"1024\" height=\"768\" src=\"https:\/\/www.lespetitsbaroudeurs.com\/blog\/wp-content\/uploads\/2022\/02\/J4-Chateau-de-Maintenon.jpg\" alt=\"V\u00e9losc\u00e9nie en famille : ch\u00e2teau de maintenon\" class=\"wp-image-8167\" srcset=\"https:\/\/www.lespetitsbaroudeurs.com\/blog\/wp-content\/uploads\/2022\/02\/J4-Chateau-de-Maintenon.jpg 1024w, https:\/\/www.lespetitsbaroudeurs.com\/blog\/wp-content\/uploads\/2022\/02\/J4-Chateau-de-Maintenon-300x225.jpg 300w, https:\/\/www.lespetitsbaroudeurs.com\/blog\/wp-content\/uploads\/2022\/02\/J4-Chateau-de-Maintenon-768x576.jpg 768w\" sizes=\"(max-width: 1024px) 100vw, 1024px\" \/><figcaption><em>Visite du ch\u00e2teau de Maintenon<\/em><\/figcaption><\/figure>\n\n\n\n<h2><strong>J5&nbsp;: La journ\u00e9e tant attendue \/ Maintenon \u2013 Chartres (30 km)<\/strong><\/h2>\n\n\n\n<h3>Direction Chartres<\/h3>\n\n\n\n<p><strong>Rien de plus d\u00e9licieux qu\u2019un petit d\u00e9jeuner au jardin, pr\u00e8s de la fontaine\u2026 <\/strong>Nos h\u00f4tes \u00e9taient adorables et nous esp\u00e9rons avoir leur m\u00eame sant\u00e9 \u00e0 la retraite&nbsp;! <strong>Une courte \u00e9tape ombrag\u00e9e, le long de l\u2019Eure<\/strong> nous attend aujourd\u2019hui&nbsp;pour <strong>rejoindre Chartres<\/strong>, en passant sous <strong>le majestueux aqueduc de Maintenon. <\/strong><\/p>\n\n\n\n<figure class=\"wp-block-image size-large\"><img loading=\"lazy\" width=\"1024\" height=\"768\" src=\"https:\/\/www.lespetitsbaroudeurs.com\/blog\/wp-content\/uploads\/2022\/02\/J4-Chateau-de-Maintenon-et-son-aqueduc.jpg\" alt=\"V\u00e9losc\u00e9nie en famille : aqueduc de maintenon\" class=\"wp-image-8169\" srcset=\"https:\/\/www.lespetitsbaroudeurs.com\/blog\/wp-content\/uploads\/2022\/02\/J4-Chateau-de-Maintenon-et-son-aqueduc.jpg 1024w, https:\/\/www.lespetitsbaroudeurs.com\/blog\/wp-content\/uploads\/2022\/02\/J4-Chateau-de-Maintenon-et-son-aqueduc-300x225.jpg 300w, https:\/\/www.lespetitsbaroudeurs.com\/blog\/wp-content\/uploads\/2022\/02\/J4-Chateau-de-Maintenon-et-son-aqueduc-768x576.jpg 768w\" sizes=\"(max-width: 1024px) 100vw, 1024px\" \/><figcaption><em>Aqueduc de Maintenon<\/em><\/figcaption><\/figure>\n\n\n\n<p><strong>Ce midi, nous d\u00e9jeunons au Caf\u00e9 Bleu, devant la cath\u00e9drale<\/strong>, de belles assiettes copieuses et d\u00e9licieuses. Pour dig\u00e9rer, <strong>nous visitons la cath\u00e9drale&nbsp;: son sol labyrinthique, ses vitraux en rosace et le ch\u0153ur sculpt\u00e9e<\/strong> de 6m de haut et 100m de long racontant l\u2019histoire de J\u00e9sus et Marie. <\/p>\n\n\n\n<figure class=\"wp-block-image size-large\"><img loading=\"lazy\" width=\"576\" height=\"768\" src=\"https:\/\/www.lespetitsbaroudeurs.com\/blog\/wp-content\/uploads\/2022\/02\/J5-dans-la-Cathedrale-de-Chartres.jpg\" alt=\"V\u00e9losc\u00e9nie en famille : cath\u00e9drale de Chartres\" class=\"wp-image-8170\" srcset=\"https:\/\/www.lespetitsbaroudeurs.com\/blog\/wp-content\/uploads\/2022\/02\/J5-dans-la-Cathedrale-de-Chartres.jpg 576w, https:\/\/www.lespetitsbaroudeurs.com\/blog\/wp-content\/uploads\/2022\/02\/J5-dans-la-Cathedrale-de-Chartres-225x300.jpg 225w\" sizes=\"(max-width: 576px) 100vw, 576px\" \/><figcaption><em>Cath\u00e9drale de Chartres<\/em><\/figcaption><\/figure>\n\n\n\n<p><strong>Ce soir, nous dormons au camping municipal<\/strong>, alors avant de poursuivre les visites, nous partons <strong>nous installer et nous d\u00e9lester des poids superflus.<\/strong> Les enfants participent au campement, \u00e0 l\u2019exception de Swann qui fait sa sieste. <strong>Le site est simple, nature, mais bien pens\u00e9<\/strong>. C\u2019est l\u2019occasion de lancer une machine \u00e0 la main, avant de repartir&nbsp;! <\/p>\n\n\n\n<h3>Sortie d\u00e9couverte \u00e0 v\u00e9lo <\/h3>\n\n\n\n<p><strong>Premi\u00e8re sortie d\u00e9couverte \u00e0 v\u00e9lo, l\u2019incroyable maison Picassiette<\/strong>, digne \u00e0 mon sens du Facteur Cheval en raison de la folie de son auteur, puis <strong>Accrocamp au parc Andr\u00e9 Gagnon<\/strong>&nbsp;! <\/p>\n\n\n\n<figure class=\"wp-block-gallery columns-2 is-cropped\"><ul class=\"blocks-gallery-grid\"><li class=\"blocks-gallery-item\"><figure><img loading=\"lazy\" width=\"576\" height=\"768\" src=\"https:\/\/www.lespetitsbaroudeurs.com\/blog\/wp-content\/uploads\/2022\/02\/J5-Niels-chez-Picassiette-1.jpg\" alt=\"\" data-id=\"8172\" data-full-url=\"https:\/\/www.lespetitsbaroudeurs.com\/blog\/wp-content\/uploads\/2022\/02\/J5-Niels-chez-Picassiette-1.jpg\" data-link=\"https:\/\/www.lespetitsbaroudeurs.com\/blog\/?attachment_id=8172\" class=\"wp-image-8172\" srcset=\"https:\/\/www.lespetitsbaroudeurs.com\/blog\/wp-content\/uploads\/2022\/02\/J5-Niels-chez-Picassiette-1.jpg 576w, https:\/\/www.lespetitsbaroudeurs.com\/blog\/wp-content\/uploads\/2022\/02\/J5-Niels-chez-Picassiette-1-225x300.jpg 225w\" sizes=\"(max-width: 576px) 100vw, 576px\" \/><\/figure><\/li><li class=\"blocks-gallery-item\"><figure><img loading=\"lazy\" width=\"576\" height=\"768\" src=\"https:\/\/www.lespetitsbaroudeurs.com\/blog\/wp-content\/uploads\/2022\/02\/J5-Swann-chez-Picassiette-2.jpg\" alt=\"\" data-id=\"8173\" data-full-url=\"https:\/\/www.lespetitsbaroudeurs.com\/blog\/wp-content\/uploads\/2022\/02\/J5-Swann-chez-Picassiette-2.jpg\" data-link=\"https:\/\/www.lespetitsbaroudeurs.com\/blog\/?attachment_id=8173\" class=\"wp-image-8173\" srcset=\"https:\/\/www.lespetitsbaroudeurs.com\/blog\/wp-content\/uploads\/2022\/02\/J5-Swann-chez-Picassiette-2.jpg 576w, https:\/\/www.lespetitsbaroudeurs.com\/blog\/wp-content\/uploads\/2022\/02\/J5-Swann-chez-Picassiette-2-225x300.jpg 225w\" sizes=\"(max-width: 576px) 100vw, 576px\" \/><\/figure><\/li><\/ul><figcaption class=\"blocks-gallery-caption\"><em>Maison Picassiette<\/em><\/figcaption><\/figure>\n\n\n\n<p>Depuis le temps que <strong>les enfants r\u00eavaient de remonter aux arbres<\/strong>\u2026&nbsp; Seul Swann reste avec moi, au sol, jouer avec un b\u00e2ton de bois, les yeux riv\u00e9s en l\u2019air&nbsp;! <strong>Benoit se r\u00e9gale tout autant, un peu \u00e0 l\u2019\u00e9troit sur les parcours enfants<\/strong>, il se lance rapidement avant la fermeture, sur le plus grand parcours avec sa longue tyrolienne, acclam\u00e9 des trois&nbsp;! <\/p>\n\n\n\n<figure class=\"wp-block-image size-large\"><img loading=\"lazy\" width=\"1024\" height=\"768\" src=\"https:\/\/www.lespetitsbaroudeurs.com\/blog\/wp-content\/uploads\/2022\/02\/J5-Anouck-sur-laccrocamp.jpg\" alt=\"V\u00e9losc\u00e9nie en famille : accrocamp\" class=\"wp-image-8174\" srcset=\"https:\/\/www.lespetitsbaroudeurs.com\/blog\/wp-content\/uploads\/2022\/02\/J5-Anouck-sur-laccrocamp.jpg 1024w, https:\/\/www.lespetitsbaroudeurs.com\/blog\/wp-content\/uploads\/2022\/02\/J5-Anouck-sur-laccrocamp-300x225.jpg 300w, https:\/\/www.lespetitsbaroudeurs.com\/blog\/wp-content\/uploads\/2022\/02\/J5-Anouck-sur-laccrocamp-768x576.jpg 768w\" sizes=\"(max-width: 1024px) 100vw, 1024px\" \/><figcaption><em>Accrocamp<\/em><\/figcaption><\/figure>\n\n\n\n<h3>Finir en beaut\u00e9<\/h3>\n\n\n\n<p>Pour finir en beaut\u00e9 cette journ\u00e9e de r\u00eave, <strong>nous passons un peu de temps \u00e0 l\u2019aire de jeux<\/strong>, avant de sonner l\u2019heure du d\u00eener&nbsp;! <strong>Ce soir, ce sera italien sur la place du Cygne<\/strong>\u2026 J\u2019aurai bien jou\u00e9 les prolongations jusqu\u2019aux illuminations, mais les trois peinent \u00e0 finir leurs assiettes. Il vaut mieux rentrer\u2026&nbsp;<\/p>\n\n\n\n<h2><strong>J6&nbsp;: \u00c0 la recherche du temps perdu&nbsp;\/ Chartres \u2013 Illiers-Combray (32km)<\/strong> <\/h2>\n\n\n\n<h3>Sous le soleil <\/h3>\n\n\n\n<p><strong>Ce matin, le soleil est toujours l\u00e0<\/strong>&nbsp;! Oh joie, nous pouvons replier facilement la tente et commencer le chargement. Pendant ce temps, les enfants remplissent les bouteilles d\u2019eau&nbsp;! <strong>Pendant que nous prenons le petit d\u00e9jeuner, la temp\u00e9rature grimpe&#8230;<\/strong> <\/p>\n\n\n\n<figure class=\"wp-block-image size-large\"><img loading=\"lazy\" width=\"1024\" height=\"768\" src=\"https:\/\/www.lespetitsbaroudeurs.com\/blog\/wp-content\/uploads\/2022\/03\/J6-1.jpg\" alt=\"V\u00e9losc\u00e9nie en famille Chartres\" class=\"wp-image-8177\" srcset=\"https:\/\/www.lespetitsbaroudeurs.com\/blog\/wp-content\/uploads\/2022\/03\/J6-1.jpg 1024w, https:\/\/www.lespetitsbaroudeurs.com\/blog\/wp-content\/uploads\/2022\/03\/J6-1-300x225.jpg 300w, https:\/\/www.lespetitsbaroudeurs.com\/blog\/wp-content\/uploads\/2022\/03\/J6-1-768x576.jpg 768w\" sizes=\"(max-width: 1024px) 100vw, 1024px\" \/><figcaption><em>D\u00e9part de Chartres<\/em><\/figcaption><\/figure>\n\n\n\n<p>On se serait bien arr\u00eat\u00e9 aux \u00e9tangs de Fontenay-sur-Eure, mais <strong>nous sentons au fur et \u00e0 mesure des jours qu\u2019il vaut mieux avancer tant que nous pouvons le matin, pour lib\u00e9rer notre apr\u00e8s-midi.<\/strong> Dans la Beauce, il fait chaud&nbsp;et nous manquons d\u2019ombres. <strong>En chemin, une d\u00e9viation est propos\u00e9e<\/strong>. Nous sommes plusieurs familles \u00e0 se demander si nous devons la suivre ou rester sur notre itin\u00e9raire. <strong>Finalement, nous pr\u00e9f\u00e9rons garder notre cap<\/strong>. <\/p>\n\n\n\n<h3>Logis de France : les Aub\u00e9pines<\/h3>\n\n\n\n<p>Arriv\u00e9s au <strong>Logis de France, les Aub\u00e9pines<\/strong>, nous profitons d\u2019un petit temps pour nous doucher et nous reposer. Mes parents nous font la surprise de d\u00e9barquer pour le go\u00fbter. Les enfants sont enchant\u00e9s&nbsp;et d\u2019autant plus contents de repartir aux bras de leurs grands-parents pour de nouvelles visites&nbsp;: <strong>la maison de tante L\u00e9onie et le Pr\u00e9 Catelan, sur les traces de Marcel Proust et de ses \u0153uvres&nbsp;!<\/strong> Le d\u00e9cor est plant\u00e9. <\/p>\n\n\n\n<figure class=\"wp-block-image size-large\"><img loading=\"lazy\" width=\"682\" height=\"768\" src=\"https:\/\/www.lespetitsbaroudeurs.com\/blog\/wp-content\/uploads\/2022\/03\/J6-Pre-Catelan.jpg\" alt=\"V\u00e9losc\u00e9nie en famille : pr\u00e9 cat\u00e9lan\" class=\"wp-image-8176\" srcset=\"https:\/\/www.lespetitsbaroudeurs.com\/blog\/wp-content\/uploads\/2022\/03\/J6-Pre-Catelan.jpg 682w, https:\/\/www.lespetitsbaroudeurs.com\/blog\/wp-content\/uploads\/2022\/03\/J6-Pre-Catelan-266x300.jpg 266w\" sizes=\"(max-width: 682px) 100vw, 682px\" \/><figcaption><em>Pr\u00e9 Catelan<\/em><\/figcaption><\/figure>\n\n\n\n<p>De retour au Logis, nous jouons dans le jardin et regardons les enfants increvables, courir encore et encore, quand mauvaise surprise, mon pneu est de nouveau \u00e0 plat\u2026 <strong>Ce soir, nous f\u00eatons en famille les 200km<\/strong>. Le chef est au petit soin et nous r\u00e9gale de son <strong>saumon marin\u00e9, son bar et de nougat glac\u00e9, c\u2019est autre chose que le pique-nique<\/strong>&nbsp;!<\/p>\n\n\n\n<h2><strong>J7&nbsp;: Un grand bol d\u2019air&nbsp;\/ Illiers-Combray \u2013 Thiron-Gardais (25km)<\/strong><\/h2>\n\n\n\n<h3>Quitter la Beauce pour le Perche<\/h3>\n\n\n\n<p><strong>Ce matin, c\u2019est petit-d\u00e9jeuner en famille&nbsp;!<\/strong> On profite de la pr\u00e9sence de mes parents jusqu\u2019aux derniers instants. Ils nous promettent de revenir, par surprise, nous voir un de ces jours, sur notre parcours, pour la plus grande joie des enfants qui les guetteront \u00e0 chaque arr\u00eat. Eux repartent, nous, <strong>nous quittons la gare et par l\u00e0-m\u00eame, la Beauce pour le Perche, ses for\u00eats, ses paysages vallonn\u00e9s et verdoyants. <\/strong><\/p>\n\n\n\n<figure class=\"wp-block-image size-large\"><img loading=\"lazy\" width=\"1024\" height=\"768\" src=\"https:\/\/www.lespetitsbaroudeurs.com\/blog\/wp-content\/uploads\/2022\/03\/J7.jpg\" alt=\"V\u00e9losc\u00e9nie en famille\" class=\"wp-image-8182\" srcset=\"https:\/\/www.lespetitsbaroudeurs.com\/blog\/wp-content\/uploads\/2022\/03\/J7.jpg 1024w, https:\/\/www.lespetitsbaroudeurs.com\/blog\/wp-content\/uploads\/2022\/03\/J7-300x225.jpg 300w, https:\/\/www.lespetitsbaroudeurs.com\/blog\/wp-content\/uploads\/2022\/03\/J7-768x576.jpg 768w\" sizes=\"(max-width: 1024px) 100vw, 1024px\" \/><figcaption><em>La Beauce pour le Perche<\/em><\/figcaption><\/figure>\n\n\n\n<p><strong>En traversant Fraz\u00e9, nous nous arr\u00eatons pour voir le ch\u00e2teau et son \u00e9glise avant de repartir<\/strong>. Nous d\u00e9jeunerons plus tard au camping de l\u2019\u00e9tang de Thiron-Gardais, \u00e0 l\u2019ombre \u00e0 ramasser des plumes, des bois pour fabriquer la cabane de nos r\u00eaves. <strong>Apr\u00e8s s\u2019\u00eatre bien d\u00e9foul\u00e9, nous repartons pour faire un temps calme et nous rafraichir dans notre Logis<\/strong>, poser les affaires avant de visiter l\u2019Abbaye et le Coll\u00e8ge. <\/p>\n\n\n\n<figure class=\"wp-block-image size-large\"><img loading=\"lazy\" width=\"576\" height=\"768\" src=\"https:\/\/www.lespetitsbaroudeurs.com\/blog\/wp-content\/uploads\/2022\/03\/J7-Chateau-de-Fraze-depuis-la-route.jpg\" alt=\"V\u00e9losc\u00e9nie en famille : ch\u00e2teau de Fraz\u00e9\" class=\"wp-image-8179\" srcset=\"https:\/\/www.lespetitsbaroudeurs.com\/blog\/wp-content\/uploads\/2022\/03\/J7-Chateau-de-Fraze-depuis-la-route.jpg 576w, https:\/\/www.lespetitsbaroudeurs.com\/blog\/wp-content\/uploads\/2022\/03\/J7-Chateau-de-Fraze-depuis-la-route-225x300.jpg 225w\" sizes=\"(max-width: 576px) 100vw, 576px\" \/><figcaption><em>Ch\u00e2teau de Fraz\u00e9<\/em><\/figcaption><\/figure>\n\n\n\n<h3>Visite de l&rsquo;Abbaye et l&rsquo;un des 12 coll\u00e8ges royaux de France<\/h3>\n\n\n\n<p>Dans <strong>les jardins de l\u2019Abbaye, ouverts aux publics<\/strong>, des QR codes permettent de suivre \u00e0 travers les discussions entre Renard et Ysengrin, l\u2019histoire du lieu racont\u00e9 aux enfants. Les jardins th\u00e9matiques sont somptueux. <strong>Pour le go\u00fbter, nous partagerons quelques glaces avant d\u2019entrer dans un des 12 coll\u00e8ges royaux de France<\/strong>, r\u00e9cemment restaur\u00e9 par 50 artisans gr\u00e2ce au soutien financier de St\u00e9phane Bern. <\/p>\n\n\n\n<figure class=\"wp-block-image size-large\"><img loading=\"lazy\" width=\"1024\" height=\"768\" src=\"https:\/\/www.lespetitsbaroudeurs.com\/blog\/wp-content\/uploads\/2022\/03\/J7-visite-de-lAbbaye.jpg\" alt=\"V\u00e9losc\u00e9nie en famille : jardins de l'abbaye\" class=\"wp-image-8180\" srcset=\"https:\/\/www.lespetitsbaroudeurs.com\/blog\/wp-content\/uploads\/2022\/03\/J7-visite-de-lAbbaye.jpg 1024w, https:\/\/www.lespetitsbaroudeurs.com\/blog\/wp-content\/uploads\/2022\/03\/J7-visite-de-lAbbaye-300x225.jpg 300w, https:\/\/www.lespetitsbaroudeurs.com\/blog\/wp-content\/uploads\/2022\/03\/J7-visite-de-lAbbaye-768x576.jpg 768w\" sizes=\"(max-width: 1024px) 100vw, 1024px\" \/><figcaption><em>Jardins de l&rsquo;Abbaye<\/em><\/figcaption><\/figure>\n\n\n\n<p>Dans le hall de classes, <strong>une exposition rappelle la vie de ces enfants Victor, Durnot, leurs rythmes, leurs trousseaux, les menus\u2026<\/strong> et une vid\u00e9o retrace les \u00e9tapes de la longue restauration du monument. C\u2019est passionnant&nbsp;! Pour la 2<sup>e<\/sup> partie de la visite, <strong>Anouck et Niels participent \u00e0 une nouvelle s\u00e9rie de questions sur le jardin<\/strong>. Si nous finissons \u00e0 temps, nous pourrons recevoir en cadeau, une jolie plante des serres qui nous suivra, sur le chemin, dans le panier de Niels. <\/p>\n\n\n\n<figure class=\"wp-block-image size-large\"><img loading=\"lazy\" width=\"1024\" height=\"768\" src=\"https:\/\/www.lespetitsbaroudeurs.com\/blog\/wp-content\/uploads\/2022\/03\/J7-Jardin-du-College-de-Thiron-Gardais.jpg\" alt=\"V\u00e9losc\u00e9nie en famille : coll\u00e8ge de Thiron-gardais\" class=\"wp-image-8181\" srcset=\"https:\/\/www.lespetitsbaroudeurs.com\/blog\/wp-content\/uploads\/2022\/03\/J7-Jardin-du-College-de-Thiron-Gardais.jpg 1024w, https:\/\/www.lespetitsbaroudeurs.com\/blog\/wp-content\/uploads\/2022\/03\/J7-Jardin-du-College-de-Thiron-Gardais-300x225.jpg 300w, https:\/\/www.lespetitsbaroudeurs.com\/blog\/wp-content\/uploads\/2022\/03\/J7-Jardin-du-College-de-Thiron-Gardais-768x576.jpg 768w\" sizes=\"(max-width: 1024px) 100vw, 1024px\" \/><figcaption><em>Jardin du Coll\u00e8ge de Thiron-Gardais<\/em><\/figcaption><\/figure>\n\n\n\n<p><strong>En fin de journ\u00e9e, nous profiterons un peu du jardin<\/strong> en attendant de passer \u00e0 table pour d\u00e9guster une entr\u00e9e aux petit-pois et du turbo aux courgettes. <strong>Les enfants commencent \u00e0 prendre go\u00fbt aux diners&nbsp;gourmets !<\/strong><\/p>\n\n\n\n<h2><strong>J8&nbsp;: Le torticolis\/ Thiron-Gardais \u2013 Condeau (30km)<\/strong><\/h2>\n\n\n\n<h3>D\u00e9part pour le <strong>ch\u00e2teau m\u00e9di\u00e9val des comtes du Perche<\/strong><\/h3>\n\n\n\n<p><strong>Ce matin, on est r\u00e9veill\u00e9 par les hurlements de Niels qui a attrap\u00e9 un torticolis. Il ne peut plus bouger\u2026<\/strong> On le cale dans notre lit en attendant de rassembler nos affaires et de trouver quelques solutions de d\u00e9part. <strong>M\u00eame le d\u00e9placement, en pyjama, de la chambre au petit-d\u00e9jeuner est un supplice.<\/strong><\/p>\n\n\n\n<p>La journ\u00e9e va \u00eatre difficile&nbsp;et longue&nbsp;! <strong>Nous n\u2019avons pas le choix que de lui faire une petite place dans la carriole <\/strong>et de prendre son v\u00e9lo en Follow-me. <strong>Par chance notre h\u00f4te nous offre le tour de cou de ses filles<\/strong> pour qu\u2019il puisse \u00eatre maintenu malgr\u00e9 les secousses, <strong>un accessoire cl\u00e9 pour les prochains jours. <\/strong><\/p>\n\n\n\n<figure class=\"wp-block-image size-large\"><img loading=\"lazy\" width=\"1024\" height=\"768\" src=\"https:\/\/www.lespetitsbaroudeurs.com\/blog\/wp-content\/uploads\/2022\/03\/J8-1.jpg\" alt=\"V\u00e9losc\u00e9nie en famille\" class=\"wp-image-8183\" srcset=\"https:\/\/www.lespetitsbaroudeurs.com\/blog\/wp-content\/uploads\/2022\/03\/J8-1.jpg 1024w, https:\/\/www.lespetitsbaroudeurs.com\/blog\/wp-content\/uploads\/2022\/03\/J8-1-300x225.jpg 300w, https:\/\/www.lespetitsbaroudeurs.com\/blog\/wp-content\/uploads\/2022\/03\/J8-1-768x576.jpg 768w\" sizes=\"(max-width: 1024px) 100vw, 1024px\" \/><figcaption><em>Direction Nogent-le-Rotrou<\/em><\/figcaption><\/figure>\n\n\n\n<p>Exceptionnellement, pour d\u00e9marrer, il \u00e9coutera les aventures de Mowgli pour oublier un peu la douleur et <strong>Benoit passera tous les trottoirs au pas jusqu\u2019au ch\u00e2teau m\u00e9di\u00e9val des comtes du Perche<\/strong>, \u00e0 Nogent-le-Rotrou, o\u00f9 nous d\u00e9jeunerons apr\u00e8s quelques pentes ardues, en surplomb de l\u2019Huisne. <strong>\u00c0 d\u00e9faut de visiter le ch\u00e2teau, nous en faisons le tour<\/strong>, ne serait-ce que pour <strong>voir paitre les moutons dans les douves<\/strong> et d\u00e9couvrir les curieuses latrines.<\/p>\n\n\n\n<figure class=\"wp-block-image size-large\"><img loading=\"lazy\" width=\"576\" height=\"768\" src=\"https:\/\/www.lespetitsbaroudeurs.com\/blog\/wp-content\/uploads\/2022\/03\/J8-Chateau-Saint-Jean-a-Nogent-le-Rotrou.jpg\" alt=\"V\u00e9losc\u00e9nie en famille : ch\u00e2teau m\u00e9di\u00e9val des comtes du perche\" class=\"wp-image-8184\" srcset=\"https:\/\/www.lespetitsbaroudeurs.com\/blog\/wp-content\/uploads\/2022\/03\/J8-Chateau-Saint-Jean-a-Nogent-le-Rotrou.jpg 576w, https:\/\/www.lespetitsbaroudeurs.com\/blog\/wp-content\/uploads\/2022\/03\/J8-Chateau-Saint-Jean-a-Nogent-le-Rotrou-225x300.jpg 225w\" sizes=\"(max-width: 576px) 100vw, 576px\" \/><figcaption><em>Ch\u00e2teau m\u00e9di\u00e9val des comtes du Perche<\/em><\/figcaption><\/figure>\n\n\n\n<h3>Villeray, l&rsquo;un des villages les plus pittoresques du Perche<\/h3>\n\n\n\n<p><strong>Nous devons encore rejoindre Condeau et monter \u00e0 l\u2019Angeli\u00e8re dans l\u2019un des villages les plus pittoresques du Perche, Villeray<\/strong>. Swann est compl\u00e8tement endormi quand nous arrivons dans <strong>la jolie demeure familiale de Cl\u00e9mentine, Olivier et leur chienne Marie<\/strong> qui aura un vrai effet curatif sur Niels&nbsp;! L\u2019endroit est un <strong>v\u00e9ritable havre de paix avec un sublime jardin<\/strong>, un pr\u00e9au d\u2019\u00e9cole avec <strong>de nombreux jeux d\u2019enfants<\/strong>. On se sentira rapidement \u00ab&nbsp;comme \u00e0 la maison&nbsp;\u00bb&nbsp;! <\/p>\n\n\n\n<figure class=\"wp-block-image size-large\"><img loading=\"lazy\" width=\"1024\" height=\"768\" src=\"https:\/\/www.lespetitsbaroudeurs.com\/blog\/wp-content\/uploads\/2022\/03\/J8-L_angeliere.jpg\" alt=\"V\u00e9losc\u00e9nie en famille.: l'Angeli\u00e8re\" class=\"wp-image-8185\" srcset=\"https:\/\/www.lespetitsbaroudeurs.com\/blog\/wp-content\/uploads\/2022\/03\/J8-L_angeliere.jpg 1024w, https:\/\/www.lespetitsbaroudeurs.com\/blog\/wp-content\/uploads\/2022\/03\/J8-L_angeliere-300x225.jpg 300w, https:\/\/www.lespetitsbaroudeurs.com\/blog\/wp-content\/uploads\/2022\/03\/J8-L_angeliere-768x576.jpg 768w\" sizes=\"(max-width: 1024px) 100vw, 1024px\" \/><figcaption><em>L\u2019Angeli\u00e8re<\/em><\/figcaption><\/figure>\n\n\n\n<p>Apr\u00e8s nous \u00eatre \u00e9tablis, <strong>nous avons fait le tour du village pour d\u00e9couvrir les jolis d\u00e9tails religieux, architecturaux et floraux<\/strong> et voir l\u2019aube du moulin du village. Ce soir nous dinerons avec nos h\u00f4tes pour refaire le monde jusqu\u2019\u00e0 la tomb\u00e9e de la nuit\u2026 <strong>en esp\u00e9rant que le torticolis disparaisse&nbsp;!<\/strong><\/p>\n\n\n\n<figure class=\"wp-block-image size-large\"><img loading=\"lazy\" width=\"1024\" height=\"768\" src=\"https:\/\/www.lespetitsbaroudeurs.com\/blog\/wp-content\/uploads\/2022\/03\/J8-Partie-de-Ping-Pong-a-l_Angeliere.jpg\" alt=\"V\u00e9losc\u00e9nie en famille\" class=\"wp-image-8186\" srcset=\"https:\/\/www.lespetitsbaroudeurs.com\/blog\/wp-content\/uploads\/2022\/03\/J8-Partie-de-Ping-Pong-a-l_Angeliere.jpg 1024w, https:\/\/www.lespetitsbaroudeurs.com\/blog\/wp-content\/uploads\/2022\/03\/J8-Partie-de-Ping-Pong-a-l_Angeliere-300x225.jpg 300w, https:\/\/www.lespetitsbaroudeurs.com\/blog\/wp-content\/uploads\/2022\/03\/J8-Partie-de-Ping-Pong-a-l_Angeliere-768x576.jpg 768w\" sizes=\"(max-width: 1024px) 100vw, 1024px\" \/><figcaption><em>G\u00eete de Cl\u00e9mentine et Olivier<\/em><\/figcaption><\/figure>\n\n\n\n<h2><strong>J9 : Les rois du boudin&nbsp;! Condeau \u2013 Mortagne-au-Perche (34km)<\/strong><\/h2>\n\n\n\n<h3><strong>67 km de voie verte<\/strong><\/h3>\n\n\n\n<p><strong>Ce matin, nos habits sentent bons la lessive&nbsp;et le torticolis va mieux ! <\/strong>Nous peinons malgr\u00e9 tout \u00e0 quitter nos h\u00f4tes apr\u00e8s le petit-d\u00e9jeuner tant on se sent bien ici, mais <strong>savons que d\u2019autres rencontres et aventures nous attendent&nbsp;!<\/strong> <\/p>\n\n\n\n<p>Cette fois, la journ\u00e9e commencera par une pente descendante et beaucoup de plat&#8230; <strong>De Cond\u00e9-sur-Huisne jusqu\u2019Alen\u00e7on, 67km de voie verte s\u2019ouvre \u00e0 nous<\/strong>, avec ses gares, ses bureaux de poste, ses salles d\u2019attente et ses salles de chef de gare&nbsp;! <\/p>\n\n\n\n<figure class=\"wp-block-gallery columns-2 is-cropped\"><ul class=\"blocks-gallery-grid\"><li class=\"blocks-gallery-item\"><figure><img loading=\"lazy\" width=\"576\" height=\"768\" src=\"https:\/\/www.lespetitsbaroudeurs.com\/blog\/wp-content\/uploads\/2022\/03\/J9-3.jpg\" alt=\"\" data-id=\"8187\" data-full-url=\"https:\/\/www.lespetitsbaroudeurs.com\/blog\/wp-content\/uploads\/2022\/03\/J9-3.jpg\" data-link=\"https:\/\/www.lespetitsbaroudeurs.com\/blog\/?attachment_id=8187\" class=\"wp-image-8187\" srcset=\"https:\/\/www.lespetitsbaroudeurs.com\/blog\/wp-content\/uploads\/2022\/03\/J9-3.jpg 576w, https:\/\/www.lespetitsbaroudeurs.com\/blog\/wp-content\/uploads\/2022\/03\/J9-3-225x300.jpg 225w\" sizes=\"(max-width: 576px) 100vw, 576px\" \/><\/figure><\/li><li class=\"blocks-gallery-item\"><figure><img loading=\"lazy\" width=\"576\" height=\"768\" src=\"https:\/\/www.lespetitsbaroudeurs.com\/blog\/wp-content\/uploads\/2022\/03\/J9-troc-de-pommes.jpg\" alt=\"\" data-id=\"8188\" data-full-url=\"https:\/\/www.lespetitsbaroudeurs.com\/blog\/wp-content\/uploads\/2022\/03\/J9-troc-de-pommes.jpg\" data-link=\"https:\/\/www.lespetitsbaroudeurs.com\/blog\/?attachment_id=8188\" class=\"wp-image-8188\" srcset=\"https:\/\/www.lespetitsbaroudeurs.com\/blog\/wp-content\/uploads\/2022\/03\/J9-troc-de-pommes.jpg 576w, https:\/\/www.lespetitsbaroudeurs.com\/blog\/wp-content\/uploads\/2022\/03\/J9-troc-de-pommes-225x300.jpg 225w\" sizes=\"(max-width: 576px) 100vw, 576px\" \/><\/figure><\/li><\/ul><figcaption class=\"blocks-gallery-caption\"><em>67km de voie verte<\/em><\/figcaption><\/figure>\n\n\n\n<h3><strong>Mortagne-en-Perche, la capitale du boudin<\/strong><\/h3>\n\n\n\n<p>Ici aussi, c\u2019est la fenaison. <strong>Les enfants n\u2019ont qu\u2019une envie&nbsp;: monter sur les boules en regardant le tracteur travailler<\/strong>. Nous trouvons un joli champ, un peu apr\u00e8s la Maison de cidre Ferr\u00e9 pour pique-niquer et <strong>arrivons en d\u00e9but d\u2019apr\u00e8s-midi \u00e0 Mortagne-en-Perche, la capitale du boudin<\/strong>. Il parait qu\u2019ici, les habitants mangent du boudin une fois par semaine&nbsp;! <\/p>\n\n\n\n<figure class=\"wp-block-image size-large\"><img loading=\"lazy\" width=\"1024\" height=\"768\" src=\"https:\/\/www.lespetitsbaroudeurs.com\/blog\/wp-content\/uploads\/2022\/03\/J9-2.jpg\" alt=\"V\u00e9losc\u00e9nie en famille : Mortagne-en-Perche\" class=\"wp-image-8189\" srcset=\"https:\/\/www.lespetitsbaroudeurs.com\/blog\/wp-content\/uploads\/2022\/03\/J9-2.jpg 1024w, https:\/\/www.lespetitsbaroudeurs.com\/blog\/wp-content\/uploads\/2022\/03\/J9-2-300x225.jpg 300w, https:\/\/www.lespetitsbaroudeurs.com\/blog\/wp-content\/uploads\/2022\/03\/J9-2-768x576.jpg 768w\" sizes=\"(max-width: 1024px) 100vw, 1024px\" \/><figcaption><em>Mortagne-en-Perche<\/em><\/figcaption><\/figure>\n\n\n\n<p>L\u00e0 encore, la cit\u00e9 de caract\u00e8re est perch\u00e9e&nbsp;! <strong>Un circuit du patrimoine est propos\u00e9 \u00e0 l\u2019Office du Tourisme<\/strong>. Il nous permettra de faire une <strong>pause gourmande chez le glacier renomm\u00e9 R10 et de d\u00e9couvrir, au passage, l\u2019exposition de Fanny Ferr\u00e9<\/strong> dans diff\u00e9rents lieux de la ville&nbsp;: le jardin municipal, la crypte, la maison des Comtes de Perche et le clo\u00eetre. <\/p>\n\n\n\n<figure class=\"wp-block-image size-large\"><img loading=\"lazy\" width=\"1024\" height=\"768\" src=\"https:\/\/www.lespetitsbaroudeurs.com\/blog\/wp-content\/uploads\/2022\/03\/J9-Mortagne-en-Perche-expo-de-Fanny.jpg\" alt=\"V\u00e9losc\u00e9nie en famille : exposition Fanny Ferr\u00e9\" class=\"wp-image-8190\" srcset=\"https:\/\/www.lespetitsbaroudeurs.com\/blog\/wp-content\/uploads\/2022\/03\/J9-Mortagne-en-Perche-expo-de-Fanny.jpg 1024w, https:\/\/www.lespetitsbaroudeurs.com\/blog\/wp-content\/uploads\/2022\/03\/J9-Mortagne-en-Perche-expo-de-Fanny-300x225.jpg 300w, https:\/\/www.lespetitsbaroudeurs.com\/blog\/wp-content\/uploads\/2022\/03\/J9-Mortagne-en-Perche-expo-de-Fanny-768x576.jpg 768w\" sizes=\"(max-width: 1024px) 100vw, 1024px\" \/><figcaption><em>Exposition de Fanny Ferr\u00e9<\/em><\/figcaption><\/figure>\n\n\n\n<p><strong>Pour finir, nous poussons la Porte-Rouge.<\/strong> La maison d\u2019h\u00f4te est tenue par deux charmants retrait\u00e9s anglais, heureux de <strong>voir nos enfants s\u2019emparer de leur jardin pour devenir ma\u00eetre d\u2019h\u00f4tel et jouer les cuisiniers&nbsp;! <\/strong>Naturellement et comme je le souhaitais, le repas sera v\u00e9g\u00e9tarien&nbsp;et d\u00e9licieux&nbsp;!<\/p>\n\n\n\n<figure class=\"wp-block-image size-large\"><img loading=\"lazy\" width=\"1024\" height=\"768\" src=\"https:\/\/www.lespetitsbaroudeurs.com\/blog\/wp-content\/uploads\/2022\/03\/J9-Jardin-de-la-Porte-Rouge.jpg\" alt=\"V\u00e9losc\u00e9nie en famille : jardin de la porte-rouge\" class=\"wp-image-8191\" srcset=\"https:\/\/www.lespetitsbaroudeurs.com\/blog\/wp-content\/uploads\/2022\/03\/J9-Jardin-de-la-Porte-Rouge.jpg 1024w, https:\/\/www.lespetitsbaroudeurs.com\/blog\/wp-content\/uploads\/2022\/03\/J9-Jardin-de-la-Porte-Rouge-300x225.jpg 300w, https:\/\/www.lespetitsbaroudeurs.com\/blog\/wp-content\/uploads\/2022\/03\/J9-Jardin-de-la-Porte-Rouge-768x576.jpg 768w\" sizes=\"(max-width: 1024px) 100vw, 1024px\" \/><figcaption><em>Jardin de la Porte-Rouge<\/em><\/figcaption><\/figure>\n\n\n\n<h2><strong>J10&nbsp;: Les Alpes ne sont pas celles que l\u2019on pense \/ Mortagne-au-Perche \u2013 Gandelain (60km)<\/strong><\/h2>\n\n\n\n<h3><strong>Rejoindre le G\u00eete de France de Simone \u00e0 Gandelain<\/strong><\/h3>\n\n\n\n<p>Bye-Bye Jill et Colin, au revoir le Perche&nbsp;! <strong>Nous entrons dans le Parc naturel r\u00e9gional Normandie-Maine en suivant la voie verte, par la for\u00eat de la Bourse<\/strong>. Notre objectif ce matin est d\u2019arriver \u00e0 Alen\u00e7on. Niels n\u2019a qu\u2019une h\u00e2te, quitter ce chemin. <strong>Il faut dire, 40km sur une m\u00eame voie, c\u2019est long&nbsp;!<\/strong> Affam\u00e9s, nous faisons une course rapide en arrivant \u00e0 Alen\u00e7on pour d\u00e9jeuner dans un parc. <\/p>\n\n\n\n<figure class=\"wp-block-gallery columns-2 is-cropped\"><ul class=\"blocks-gallery-grid\"><li class=\"blocks-gallery-item\"><figure><img loading=\"lazy\" width=\"576\" height=\"768\" src=\"https:\/\/www.lespetitsbaroudeurs.com\/blog\/wp-content\/uploads\/2022\/03\/J10-Nous-quittons-la-Porte-Rouge.jpg\" alt=\"\" data-id=\"8193\" data-full-url=\"https:\/\/www.lespetitsbaroudeurs.com\/blog\/wp-content\/uploads\/2022\/03\/J10-Nous-quittons-la-Porte-Rouge.jpg\" data-link=\"https:\/\/www.lespetitsbaroudeurs.com\/blog\/?attachment_id=8193\" class=\"wp-image-8193\" srcset=\"https:\/\/www.lespetitsbaroudeurs.com\/blog\/wp-content\/uploads\/2022\/03\/J10-Nous-quittons-la-Porte-Rouge.jpg 576w, https:\/\/www.lespetitsbaroudeurs.com\/blog\/wp-content\/uploads\/2022\/03\/J10-Nous-quittons-la-Porte-Rouge-225x300.jpg 225w\" sizes=\"(max-width: 576px) 100vw, 576px\" \/><\/figure><\/li><li class=\"blocks-gallery-item\"><figure><img loading=\"lazy\" width=\"576\" height=\"768\" src=\"https:\/\/www.lespetitsbaroudeurs.com\/blog\/wp-content\/uploads\/2022\/03\/J10-Parc-d_Alencon.jpg\" alt=\"\" data-id=\"8194\" data-full-url=\"https:\/\/www.lespetitsbaroudeurs.com\/blog\/wp-content\/uploads\/2022\/03\/J10-Parc-d_Alencon.jpg\" data-link=\"https:\/\/www.lespetitsbaroudeurs.com\/blog\/?attachment_id=8194\" class=\"wp-image-8194\" srcset=\"https:\/\/www.lespetitsbaroudeurs.com\/blog\/wp-content\/uploads\/2022\/03\/J10-Parc-d_Alencon.jpg 576w, https:\/\/www.lespetitsbaroudeurs.com\/blog\/wp-content\/uploads\/2022\/03\/J10-Parc-d_Alencon-225x300.jpg 225w\" sizes=\"(max-width: 576px) 100vw, 576px\" \/><\/figure><\/li><\/ul><figcaption class=\"blocks-gallery-caption\"><em>Perche &#8211; Alen\u00e7on<\/em><\/figcaption><\/figure>\n\n\n\n<p><strong>Le Mus\u00e9e des Beaux-Arts et de la Dentelle m\u2019inspire.<\/strong> Je suis curieuse de d\u00e9couvrir ce patrimoine culturel immat\u00e9riel et surprise de voir le temps que requiert les denteli\u00e8res pour faire 1cm2 (7h&nbsp;!). J\u2019avais un peu peur de ne pas r\u00e9ussir \u00e0 capter l\u2019attention de tout le monde, mais par chance, <strong>ce mus\u00e9e fait partie des partenaires de Mom\u2019Art et propose des kits Mus\u00e9ojeux<\/strong>, de quoi nous occuper pendant une grosse averse. <\/p>\n\n\n\n<figure class=\"wp-block-image size-large\"><img loading=\"lazy\" width=\"1024\" height=\"768\" src=\"https:\/\/www.lespetitsbaroudeurs.com\/blog\/wp-content\/uploads\/2022\/03\/J10-Anouck-au-musee-de-la-dentelle.jpg\" alt=\"V\u00e9losc\u00e9nie en famille : mus\u00e9e de la dentelle\" class=\"wp-image-8195\" srcset=\"https:\/\/www.lespetitsbaroudeurs.com\/blog\/wp-content\/uploads\/2022\/03\/J10-Anouck-au-musee-de-la-dentelle.jpg 1024w, https:\/\/www.lespetitsbaroudeurs.com\/blog\/wp-content\/uploads\/2022\/03\/J10-Anouck-au-musee-de-la-dentelle-300x225.jpg 300w, https:\/\/www.lespetitsbaroudeurs.com\/blog\/wp-content\/uploads\/2022\/03\/J10-Anouck-au-musee-de-la-dentelle-768x576.jpg 768w\" sizes=\"(max-width: 1024px) 100vw, 1024px\" \/><figcaption><em>Mus\u00e9e de la Dentelle<\/em><\/figcaption><\/figure>\n\n\n\n<p><strong>Il nous reste une bonne dizaine de bornes pour rejoindre le G\u00eete de France de Simone \u00e0 Gandelain<\/strong>. La batterie de Benoit est \u00e0 plat. Il pleut. Nous mangerons tranquillement nos p\u00e2tes, abrit\u00e9s dans le garage, heureux d\u2019\u00eatre bien arriv\u00e9 et de dormir au chaud&nbsp;!<\/p>\n\n\n\n<h2><strong>J11&nbsp;: Il pleut, il mouille, c\u2019est la f\u00eate \u00e0 la grenouille&nbsp;\/ Gandelain \u2013 Madr\u00e9 (30km)<\/strong><\/h2>\n\n\n\n<h3>De la pluie et encore de la pluie&#8230; <\/h3>\n\n\n\n<p><strong>On pensait la pluie derri\u00e8re nous, mais visiblement, nous n\u2019avons pas p\u00e9dal\u00e9 assez vite&nbsp;!<\/strong> En pr\u00e9parant le voyage, je comptais prendre un peu de temps pour d\u00e9couvrir les Alpes d\u2019ici et le Mont des Avaloirs, mais <strong>la pluie a eu raison de nous&nbsp;: nous tra\u00e7ons. <\/strong><\/p>\n\n\n\n<figure class=\"wp-block-gallery columns-2 is-cropped\"><ul class=\"blocks-gallery-grid\"><li class=\"blocks-gallery-item\"><figure><img loading=\"lazy\" width=\"576\" height=\"768\" src=\"https:\/\/www.lespetitsbaroudeurs.com\/blog\/wp-content\/uploads\/2022\/03\/J11-2.jpg\" alt=\"\" data-id=\"8196\" data-full-url=\"https:\/\/www.lespetitsbaroudeurs.com\/blog\/wp-content\/uploads\/2022\/03\/J11-2.jpg\" data-link=\"https:\/\/www.lespetitsbaroudeurs.com\/blog\/?attachment_id=8196\" class=\"wp-image-8196\" srcset=\"https:\/\/www.lespetitsbaroudeurs.com\/blog\/wp-content\/uploads\/2022\/03\/J11-2.jpg 576w, https:\/\/www.lespetitsbaroudeurs.com\/blog\/wp-content\/uploads\/2022\/03\/J11-2-225x300.jpg 225w\" sizes=\"(max-width: 576px) 100vw, 576px\" \/><\/figure><\/li><li class=\"blocks-gallery-item\"><figure><img loading=\"lazy\" width=\"576\" height=\"768\" src=\"https:\/\/www.lespetitsbaroudeurs.com\/blog\/wp-content\/uploads\/2022\/03\/J11-3.jpg\" alt=\"\" data-id=\"8197\" data-full-url=\"https:\/\/www.lespetitsbaroudeurs.com\/blog\/wp-content\/uploads\/2022\/03\/J11-3.jpg\" data-link=\"https:\/\/www.lespetitsbaroudeurs.com\/blog\/?attachment_id=8197\" class=\"wp-image-8197\" srcset=\"https:\/\/www.lespetitsbaroudeurs.com\/blog\/wp-content\/uploads\/2022\/03\/J11-3.jpg 576w, https:\/\/www.lespetitsbaroudeurs.com\/blog\/wp-content\/uploads\/2022\/03\/J11-3-225x300.jpg 225w\" sizes=\"(max-width: 576px) 100vw, 576px\" \/><\/figure><\/li><\/ul><figcaption class=\"blocks-gallery-caption\"><em>Il pleut, il mouille&#8230;<\/em><\/figcaption><\/figure>\n\n\n\n<p>Swann philosophe ne cesse de me dire que son short va s\u00e9cher, mais Niels et Anouck vivent le parcours du combattant digne d\u2019un Mudday. <strong>La voie-verte est en faux-plats<\/strong>. Difficile de motiver les troupes. <strong>Nous profitons du rayon de soleil de midi pour acheter le pique-nique \u00e0 Pr\u00e9-en-Pail mais la pluie est de retour. <\/strong><\/p>\n\n\n\n<h3>Logis La Ferme du Chemin<\/h3>\n\n\n\n<p><strong>Nous tirons les derniers kilom\u00e8tres jusque Madr\u00e9 pour rejoindre notre logis&nbsp;: La Ferme du Chemin<\/strong>. Les propri\u00e9taires nous installeront au sec dans le restaurant, une ancienne \u00e9curie&nbsp;! <strong>Malgr\u00e9 l\u2019heure avanc\u00e9e, nous nous autorisons une bonne sieste<\/strong>. <\/p>\n\n\n\n<p>Au r\u00e9veil, <strong>le propri\u00e9taire nous invite \u00e0 faire un tour en attelage avec Uriel, un superbe cob normand<\/strong>. Les enfants sont ravis de monter dans le carrosse, m\u00eame si on prendra encore une petite douche en chemin&nbsp;! \u00c0 la 6<sup>e<\/sup> averse, on ne sent plus la pluie&nbsp;! <strong>Au retour, nous allons saluer Luciole, la jeune pouliche de la ferme.<\/strong> Il en faut peu pour \u00eatre heureux&nbsp;!<\/p>\n\n\n\n<figure class=\"wp-block-gallery columns-2 is-cropped\"><ul class=\"blocks-gallery-grid\"><li class=\"blocks-gallery-item\"><figure><img loading=\"lazy\" width=\"589\" height=\"776\" src=\"https:\/\/www.lespetitsbaroudeurs.com\/blog\/wp-content\/uploads\/2022\/03\/J11-rencontres-au-centre-equestre.jpg\" alt=\"\" data-id=\"8198\" data-full-url=\"https:\/\/www.lespetitsbaroudeurs.com\/blog\/wp-content\/uploads\/2022\/03\/J11-rencontres-au-centre-equestre.jpg\" data-link=\"https:\/\/www.lespetitsbaroudeurs.com\/blog\/?attachment_id=8198\" class=\"wp-image-8198\" srcset=\"https:\/\/www.lespetitsbaroudeurs.com\/blog\/wp-content\/uploads\/2022\/03\/J11-rencontres-au-centre-equestre.jpg 589w, https:\/\/www.lespetitsbaroudeurs.com\/blog\/wp-content\/uploads\/2022\/03\/J11-rencontres-au-centre-equestre-228x300.jpg 228w\" sizes=\"(max-width: 589px) 100vw, 589px\" \/><\/figure><\/li><li class=\"blocks-gallery-item\"><figure><img loading=\"lazy\" width=\"576\" height=\"768\" src=\"https:\/\/www.lespetitsbaroudeurs.com\/blog\/wp-content\/uploads\/2022\/03\/J11-Uriel-arrive-pour-la-caleche.jpg\" alt=\"\" data-id=\"8199\" data-full-url=\"https:\/\/www.lespetitsbaroudeurs.com\/blog\/wp-content\/uploads\/2022\/03\/J11-Uriel-arrive-pour-la-caleche.jpg\" data-link=\"https:\/\/www.lespetitsbaroudeurs.com\/blog\/?attachment_id=8199\" class=\"wp-image-8199\" srcset=\"https:\/\/www.lespetitsbaroudeurs.com\/blog\/wp-content\/uploads\/2022\/03\/J11-Uriel-arrive-pour-la-caleche.jpg 576w, https:\/\/www.lespetitsbaroudeurs.com\/blog\/wp-content\/uploads\/2022\/03\/J11-Uriel-arrive-pour-la-caleche-225x300.jpg 225w\" sizes=\"(max-width: 576px) 100vw, 576px\" \/><\/figure><\/li><\/ul><figcaption class=\"blocks-gallery-caption\"><em>Tour en cal\u00e8che<\/em><\/figcaption><\/figure>\n\n\n\n<h2><strong>J12&nbsp;: Une journ\u00e9e bien remplie\/ Madr\u00e9 \u2013 Domfront (35km + 5km en rail)<\/strong><\/h2>\n\n\n\n<h3>V\u00e9lo-rail<\/h3>\n\n\n\n<p><strong>Une nouvelle journ\u00e9e d\u2019activit\u00e9s nous attend&nbsp;! <\/strong>Heureusement le propri\u00e9taire nous assure que le beau temps revient\u2026 <strong>Le timing du jour est un peu serr\u00e9<\/strong> du coup, nous avons mis le r\u00e9veil. Nous n\u2019avons pas de peine \u00e0 r\u00e9veiller <strong>les enfants qui sont impatients de faire du v\u00e9lo-rail<\/strong>&nbsp;! Le rendez-vous est \u00e0 10h \u00e0 Bagnoles-de-l\u2019Orne&nbsp;! <strong>On p\u00e9dale comme des fous&nbsp;!<\/strong><\/p>\n\n\n\n<figure class=\"wp-block-image size-large\"><img loading=\"lazy\" width=\"576\" height=\"768\" src=\"https:\/\/www.lespetitsbaroudeurs.com\/blog\/wp-content\/uploads\/2022\/03\/J12-Velorail.jpg\" alt=\"V\u00e9losc\u00e9nie en famille : v\u00e9lo-rail\" class=\"wp-image-8200\" srcset=\"https:\/\/www.lespetitsbaroudeurs.com\/blog\/wp-content\/uploads\/2022\/03\/J12-Velorail.jpg 576w, https:\/\/www.lespetitsbaroudeurs.com\/blog\/wp-content\/uploads\/2022\/03\/J12-Velorail-225x300.jpg 225w\" sizes=\"(max-width: 576px) 100vw, 576px\" \/><figcaption><em>V\u00e9lo-rail<\/em><\/figcaption><\/figure>\n\n\n\n<p>Une station thermale ici, <strong>cela ressemble \u00e0 un d\u00e9cor de cin\u00e9ma<\/strong> tant elle d\u00e9note avec tout ce que nous avons vu jusqu\u2019alors. Nous sommes les premiers et les seuls sur ce cr\u00e9neau. <strong>Ni une ni deux, Benoit et moi enfourchons les v\u00e9los et emmenons tout notre petit monde \u00e0 travers la for\u00eat des Andaines<\/strong>, mais tr\u00e8s vite <strong>Niels et Anouck nous arrachent le guidon et nous profitons pour une fois d\u2019\u00eatre tir\u00e9 <\/strong>sur les 2,5km restants. <\/p>\n\n\n\n<h3>Balade \u00e0 cheval<\/h3>\n\n\n\n<p>Niels en redemande mais<strong> nous avons rendez-vous \u00e0 la Tour de Bonvouloir du XVe si\u00e8cle, pour une promenade \u00e0 cheval<\/strong>, alors on poursuit notre route, en quittant <strong>le joli lac et le casino<\/strong>. La Tour aurait \u00e9t\u00e9 un phare dans la for\u00eat. Le site est si bien pr\u00e9serv\u00e9 qu\u2019<strong>on regrette de ne pas avoir pris le pique-nique<\/strong>, la cr\u00eaperie \u00e9tant ferm\u00e9e. <\/p>\n\n\n\n<figure class=\"wp-block-image size-large\"><img loading=\"lazy\" width=\"576\" height=\"768\" src=\"https:\/\/www.lespetitsbaroudeurs.com\/blog\/wp-content\/uploads\/2022\/03\/J12-Tour-de-Bonvouloir.jpg\" alt=\"V\u00e9losc\u00e9nie en famille\" class=\"wp-image-8201\" srcset=\"https:\/\/www.lespetitsbaroudeurs.com\/blog\/wp-content\/uploads\/2022\/03\/J12-Tour-de-Bonvouloir.jpg 576w, https:\/\/www.lespetitsbaroudeurs.com\/blog\/wp-content\/uploads\/2022\/03\/J12-Tour-de-Bonvouloir-225x300.jpg 225w\" sizes=\"(max-width: 576px) 100vw, 576px\" \/><figcaption><em>Promenade \u00e0 cheval<\/em><\/figcaption><\/figure>\n\n\n\n<h3>Domfront : son ch\u00e2teau et ses maisons m\u00e9di\u00e9vales<\/h3>\n\n\n\n<p>\u00c0 la fin de notre tour, une surprise nous attend&nbsp;!<strong> Mes parents sont de retour&nbsp;!<\/strong> Pour f\u00eater leur venue, <strong>on se retrouve tous ensemble \u00e0 la Maison d\u2019Andaines&nbsp;!<\/strong> Cet apr\u00e8s-midi, pendant que nous roulons, ils vont visiter la belle Bagnoles-de-l\u2019Orne. On se retrouvera plus tard \u00e0 <strong>Domfront pour visiter ensemble le ch\u00e2teau, ses maisons m\u00e9di\u00e9vales, son \u00e9glise<\/strong> et r\u00e9aliser un parcours sur le site du tertre de Saint-Anne&nbsp;! <\/p>\n\n\n\n<figure class=\"wp-block-image size-large\"><img loading=\"lazy\" width=\"1024\" height=\"768\" src=\"https:\/\/www.lespetitsbaroudeurs.com\/blog\/wp-content\/uploads\/2022\/03\/J12-2.jpg\" alt=\"V\u00e9losc\u00e9nie en famille : Domfront\" class=\"wp-image-8202\" srcset=\"https:\/\/www.lespetitsbaroudeurs.com\/blog\/wp-content\/uploads\/2022\/03\/J12-2.jpg 1024w, https:\/\/www.lespetitsbaroudeurs.com\/blog\/wp-content\/uploads\/2022\/03\/J12-2-300x225.jpg 300w, https:\/\/www.lespetitsbaroudeurs.com\/blog\/wp-content\/uploads\/2022\/03\/J12-2-768x576.jpg 768w\" sizes=\"(max-width: 1024px) 100vw, 1024px\" \/><figcaption><em>Domfront<\/em><\/figcaption><\/figure>\n\n\n\n<p><strong>Ce soir, nous logeons dans la ville basse<\/strong>, juste \u00e0 c\u00f4t\u00e9 de notre v\u00e9lo-route, par\u00e9s pour demain&nbsp;! Nous sommes \u00e0 moins de 100km du Mont-Saint-Michel&nbsp;!<\/p>\n\n\n\n<h2><strong>J13&nbsp;: Comme \u00e0 la maison\/ Domfront \u2013 Mortain (35km)<\/strong><\/h2>\n\n\n\n<h3>La course contre la pluie<\/h3>\n\n\n\n<p><strong>Le soleil \u00e9tait l\u00e0 \u00e0 5h du matin<\/strong>\u2026 Encore un rendez-vous manqu\u00e9&nbsp;! Pas d\u2019empressement, ce matin&nbsp;&#8230; <strong>Le petit-d\u00e9jeuner est g\u00e9n\u00e9reux<\/strong>, mes parents sont encore avec nous pour quelques heures, nous profitons. <strong>Vers 10h, chacun ram\u00e8ne son sac, on charge la carriole, on enfile les kways et les tongs.<\/strong> Derniers c\u00e2lins et bisous avant de quitter mes parents qui repartent pour retrouver mon parrain dans le Perche, <strong>nous filons sur la voie verte humide<\/strong>. <\/p>\n\n\n\n<figure class=\"wp-block-image size-large\"><img loading=\"lazy\" width=\"1024\" height=\"768\" src=\"https:\/\/www.lespetitsbaroudeurs.com\/blog\/wp-content\/uploads\/2022\/03\/J13-1.jpg\" alt=\"V\u00e9losc\u00e9nie en famille\" class=\"wp-image-8204\" srcset=\"https:\/\/www.lespetitsbaroudeurs.com\/blog\/wp-content\/uploads\/2022\/03\/J13-1.jpg 1024w, https:\/\/www.lespetitsbaroudeurs.com\/blog\/wp-content\/uploads\/2022\/03\/J13-1-300x225.jpg 300w, https:\/\/www.lespetitsbaroudeurs.com\/blog\/wp-content\/uploads\/2022\/03\/J13-1-768x576.jpg 768w\" sizes=\"(max-width: 1024px) 100vw, 1024px\" \/><figcaption><em>Voie verte humide<\/em><\/figcaption><\/figure>\n\n\n\n<p><strong>Nous sommes toujours sur le chemin de fer<\/strong> si bien qu\u2019on ne traverse pas beaucoup de village, ni de commerce. <strong>\u00c0 l\u2019approche de Barenton, Benoit n\u2019a plus que 15 minutes pour trouver de quoi pique-niquer<\/strong>. Le groupe de jeunes qui nous suit arrivera trop tard et devra prolonger sa route pour d\u00e9jeuner&nbsp;! <\/p>\n\n\n\n<p><strong>Tant qu\u2019il ne pleut pas, autant avancer, mais quelques kilom\u00e8tres plus loin, c\u2019est de nouveau l\u2019averse.<\/strong> On s\u2019est abrit\u00e9 sous les arbres, Anouck a froid\u2026 Notre application nous indique que dans 15 minutes, il ne pleut plus\u2026 <strong>Alors on repart, mais \u00e0 la barri\u00e8re de Bion, Anouck glisse et se blesse au genou<\/strong>. Il est temps de faire une pause avant la grosse mont\u00e9e de Mortain (312m) et \u00e7a tombe bien <strong>un espace pique-nique est am\u00e9nag\u00e9 pr\u00e8s du square<\/strong>. Anouck se remet de ses \u00e9motions \u00e0 coup de tomates cerises&nbsp;et nous repartons. <\/p>\n\n\n\n<figure class=\"wp-block-image size-large\"><img loading=\"lazy\" width=\"1024\" height=\"768\" src=\"https:\/\/www.lespetitsbaroudeurs.com\/blog\/wp-content\/uploads\/2022\/03\/J13-3.jpg\" alt=\"V\u00e9losc\u00e9nie en famille :Barenton\" class=\"wp-image-8205\" srcset=\"https:\/\/www.lespetitsbaroudeurs.com\/blog\/wp-content\/uploads\/2022\/03\/J13-3.jpg 1024w, https:\/\/www.lespetitsbaroudeurs.com\/blog\/wp-content\/uploads\/2022\/03\/J13-3-300x225.jpg 300w, https:\/\/www.lespetitsbaroudeurs.com\/blog\/wp-content\/uploads\/2022\/03\/J13-3-768x576.jpg 768w\" sizes=\"(max-width: 1024px) 100vw, 1024px\" \/><figcaption><em>Approche de Barenton<\/em><\/figcaption><\/figure>\n\n\n\n<h3>Pause bien m\u00e9rit\u00e9e <\/h3>\n\n\n\n<p>Nous tracterons les enfants sur toute la mont\u00e9e. <strong>Le centre \u00e9questre est \u00e0 gauche juste \u00e0 c\u00f4t\u00e9 de la maison de Sylvie et Gilles, une jolie maison entour\u00e9e d\u2019hortensia bleus.<\/strong> Gilles est sur le d\u00e9part avec son camion, <strong>Sylvie nous fait visiter le haras.<\/strong> <\/p>\n\n\n\n<p>En fin de journ\u00e9e, elle nous embarque pour nous montrer<strong> les cascades et la chapelle Saint-Michel, d\u2019o\u00f9 l\u2019on peut apercevoir le Mont Saint Michel<\/strong>. Il est dit que s\u2019il fait beau sur la baie, il fera mauvais le lendemain et si la vue est obstru\u00e9e, c\u2019est signe de beau temps. L\u00e0, c\u2019est mitig\u00e9\u2026 <strong>Croisons les doigts pour demain&nbsp;! <\/strong><\/p>\n\n\n\n<figure class=\"wp-block-image size-large\"><img loading=\"lazy\" width=\"1024\" height=\"768\" src=\"https:\/\/www.lespetitsbaroudeurs.com\/blog\/wp-content\/uploads\/2022\/03\/J13-cascades-de-Mortain.jpg\" alt=\"V\u00e9losc\u00e9nie en famille : chapelle Saint-Michel\" class=\"wp-image-8203\" srcset=\"https:\/\/www.lespetitsbaroudeurs.com\/blog\/wp-content\/uploads\/2022\/03\/J13-cascades-de-Mortain.jpg 1024w, https:\/\/www.lespetitsbaroudeurs.com\/blog\/wp-content\/uploads\/2022\/03\/J13-cascades-de-Mortain-300x225.jpg 300w, https:\/\/www.lespetitsbaroudeurs.com\/blog\/wp-content\/uploads\/2022\/03\/J13-cascades-de-Mortain-768x576.jpg 768w\" sizes=\"(max-width: 1024px) 100vw, 1024px\" \/><figcaption><em>Cascades et la chapelle Saint-Michel<\/em><\/figcaption><\/figure>\n\n\n\n<p>Nous recevons en fin de journ\u00e9e des nouvelles de nos amis qui nous rejoignent avec ma filleule. Ils n\u2019ont plus assez de batterie pour nous rejoindre et sont oblig\u00e9s de dormir au village pr\u00e9c\u00e9dent. <strong>Niels, Anouck et Swann s\u2019endormiront sur les histoires de Sylvie<\/strong>. On est une fois encore comme \u00e0 la maison&nbsp;!<\/p>\n\n\n\n<h2><strong>J14&nbsp;: Les amis d\u2019abord\/ Mortain- Ducey (30km)<\/strong><\/h2>\n\n\n\n<h3>Pouliches et chevaux <\/h3>\n\n\n\n<p>Ce matin, nous sommes r\u00e9veill\u00e9s t\u00f4t par une voisine. Notre heure d\u00e9pend \u00e0 pr\u00e9sent de l\u2019avanc\u00e9e de nos camarades de v\u00e9lo-rando. Apr\u00e8s le petit-d\u00e9jeuner, <strong>le temps nous permet d\u2019aller voir les pouliches, les chevaux \u00e0 l\u2019entrainement, et de croiser le poissonnier ambulant<\/strong>&nbsp;! On a beaucoup de chance car chez Sylvie, il descend m\u00eame prendre le caf\u00e9 ! <\/p>\n\n\n\n<p><strong>En discutant, co\u00efncidence, on s\u2019aper\u00e7oit qu\u2019il a rencontr\u00e9 la veille nos amis<\/strong>&nbsp;! Nous ne lui prendrons pas de crevettes aujourd\u2019hui de peur de les perdre, mais on se serait bien laiss\u00e9 tent\u00e9 par ses produits&nbsp;! <\/p>\n\n\n\n<figure class=\"wp-block-image size-large\"><img loading=\"lazy\" width=\"1024\" height=\"768\" src=\"https:\/\/www.lespetitsbaroudeurs.com\/blog\/wp-content\/uploads\/2022\/03\/J14-1.jpg\" alt=\"V\u00e9losc\u00e9nie en famille voie verte\" class=\"wp-image-8235\" srcset=\"https:\/\/www.lespetitsbaroudeurs.com\/blog\/wp-content\/uploads\/2022\/03\/J14-1.jpg 1024w, https:\/\/www.lespetitsbaroudeurs.com\/blog\/wp-content\/uploads\/2022\/03\/J14-1-300x225.jpg 300w, https:\/\/www.lespetitsbaroudeurs.com\/blog\/wp-content\/uploads\/2022\/03\/J14-1-768x576.jpg 768w\" sizes=\"(max-width: 1024px) 100vw, 1024px\" \/><figcaption><em>Repartir sur la voie verte<\/em><\/figcaption><\/figure>\n\n\n\n<p>Top d\u00e9part, nos amis sont en route&nbsp;! <strong>On remercie chaleureusement Sylvie pour son accueil<\/strong>, en esp\u00e9rant la revoir bient\u00f4t&nbsp;et <strong>reprenons la voie verte un peu plus bas<\/strong>. Aude et Ary sont l\u00e0&nbsp;! <strong>La motivation est de nouveau au solstice chez les enfants<\/strong>, trop contents de rouler avec Ary et la marraine d\u2019Anouck. <strong>Niels s\u2019\u00e9mancipe du Follow-Me&nbsp;pour rouler libre&nbsp;! <\/strong><\/p>\n\n\n\n<h3>Ch\u00e2teau des Montgommery<\/h3>\n\n\n\n<p>On arrive tout juste avant la fin du <strong>march\u00e9 de Saint-Hilaire r\u00e9put\u00e9 pour sa galette saucisse ou andouille<\/strong>, Vire n\u2019\u00e9tant pas si loin\u2026 En raison de l\u2019affluence, nous n\u2019aurons <strong>plus assez de temps pour descendre au plan d\u2019eau du Prieur\u00e9<\/strong>. \u00c0 16h, nous devons \u00eatre au <strong>ch\u00e2teau des Montgommery de Ducey o\u00f9 une \u00e9nigme et un voyage dans le temps<\/strong>, nous attend&nbsp;! Sans aucun probl\u00e8me, la troupe s\u2019\u00e9lance de plus belle et arrive juste \u00e0 l\u2019heure&nbsp;pour le jeu&nbsp;! <\/p>\n\n\n\n<figure class=\"wp-block-gallery columns-2 is-cropped\"><ul class=\"blocks-gallery-grid\"><li class=\"blocks-gallery-item\"><figure><img loading=\"lazy\" width=\"576\" height=\"768\" src=\"https:\/\/www.lespetitsbaroudeurs.com\/blog\/wp-content\/uploads\/2022\/03\/J14-3-1.jpg\" alt=\"\" data-id=\"8208\" data-full-url=\"https:\/\/www.lespetitsbaroudeurs.com\/blog\/wp-content\/uploads\/2022\/03\/J14-3-1.jpg\" data-link=\"https:\/\/www.lespetitsbaroudeurs.com\/blog\/?attachment_id=8208\" class=\"wp-image-8208\" srcset=\"https:\/\/www.lespetitsbaroudeurs.com\/blog\/wp-content\/uploads\/2022\/03\/J14-3-1.jpg 576w, https:\/\/www.lespetitsbaroudeurs.com\/blog\/wp-content\/uploads\/2022\/03\/J14-3-1-225x300.jpg 225w\" sizes=\"(max-width: 576px) 100vw, 576px\" \/><\/figure><\/li><li class=\"blocks-gallery-item\"><figure><img loading=\"lazy\" width=\"576\" height=\"768\" src=\"https:\/\/www.lespetitsbaroudeurs.com\/blog\/wp-content\/uploads\/2022\/03\/J14-au-Chateau-de-Ducey-1.jpg\" alt=\"\" data-id=\"8209\" data-full-url=\"https:\/\/www.lespetitsbaroudeurs.com\/blog\/wp-content\/uploads\/2022\/03\/J14-au-Chateau-de-Ducey-1.jpg\" data-link=\"https:\/\/www.lespetitsbaroudeurs.com\/blog\/?attachment_id=8209\" class=\"wp-image-8209\" srcset=\"https:\/\/www.lespetitsbaroudeurs.com\/blog\/wp-content\/uploads\/2022\/03\/J14-au-Chateau-de-Ducey-1.jpg 576w, https:\/\/www.lespetitsbaroudeurs.com\/blog\/wp-content\/uploads\/2022\/03\/J14-au-Chateau-de-Ducey-1-225x300.jpg 225w\" sizes=\"(max-width: 576px) 100vw, 576px\" \/><\/figure><\/li><\/ul><figcaption class=\"blocks-gallery-caption\"><em>Ch\u00e2teau des Montgommery<\/em><\/figcaption><\/figure>\n\n\n\n<p><strong>Le ch\u00e2teau est incroyable et son histoire l\u2019est encore plus&nbsp;!<\/strong> On passera pr\u00e8s de 2 heures sur place, mais <strong>il reste encore le parcours en ext\u00e9rieur<\/strong>. L\u2019heure de la douche a sonn\u00e9&#8230; <strong>Nous d\u00eenerons ce soir tous ensemble<\/strong> un d\u00eener gastronomique au S\u00e9lune, avant de nous coucher.<\/p>\n\n\n\n<h2><strong>J15&nbsp;: C\u2019est d\u00e9j\u00e0 la fin\/ Ducey \u2013 Mont Saint Michel (30km)<\/strong><\/h2>\n\n\n\n<h3>Derni\u00e8re ligne droite<\/h3>\n\n\n\n<p><strong>Dernier jour de p\u00e9dalage, enfin presque\u2026<\/strong> Sur le chemin, on passe les pr\u00e9s-sal\u00e9s et entrons progressivement dans la baie. Les enfants sont impatients. <strong>Au loin, le Mont Saint Michel joue \u00e0 cache-cache avec nous<\/strong>. Il parait si petit, comme pos\u00e9 sur la mer. <\/p>\n\n\n\n<figure class=\"wp-block-image size-large\"><img loading=\"lazy\" width=\"1024\" height=\"768\" src=\"https:\/\/www.lespetitsbaroudeurs.com\/blog\/wp-content\/uploads\/2022\/03\/J15-3.jpg\" alt=\"V\u00e9losc\u00e9nie en famille Mont-Saint-michel\" class=\"wp-image-8212\" srcset=\"https:\/\/www.lespetitsbaroudeurs.com\/blog\/wp-content\/uploads\/2022\/03\/J15-3.jpg 1024w, https:\/\/www.lespetitsbaroudeurs.com\/blog\/wp-content\/uploads\/2022\/03\/J15-3-300x225.jpg 300w, https:\/\/www.lespetitsbaroudeurs.com\/blog\/wp-content\/uploads\/2022\/03\/J15-3-768x576.jpg 768w\" sizes=\"(max-width: 1024px) 100vw, 1024px\" \/><figcaption><em>Le Mont-Saint-Michel au loin<\/em><\/figcaption><\/figure>\n\n\n\n<p><strong>En chemin, nous ferons une escale par la Pointe de la Roche Torin. C\u2019est spectaculaire&nbsp;!<\/strong> J\u2019aurai bien ramass\u00e9 un peu de salicorne, mais les enfants ont d\u00e9j\u00e0 faim et pour ce midi, <strong>nous avons promis un barbecue g\u00e9ant au Marquis de la Guintre, un bon rep\u00e8re de routards qui propose le fameux agneau grill\u00e9&nbsp;!<\/strong> Attention aux portions, on est chez Gargantua, mieux vaut partager et se resservir, si besoin, surtout avec les minis. <\/p>\n\n\n\n<figure class=\"wp-block-image size-large\"><img loading=\"lazy\" width=\"1024\" height=\"768\" src=\"https:\/\/www.lespetitsbaroudeurs.com\/blog\/wp-content\/uploads\/2022\/03\/J15-les-pres-sales.jpg\" alt=\"V\u00e9losc\u00e9nie en famille : pr\u00e9s sal\u00e9s\" class=\"wp-image-8211\" srcset=\"https:\/\/www.lespetitsbaroudeurs.com\/blog\/wp-content\/uploads\/2022\/03\/J15-les-pres-sales.jpg 1024w, https:\/\/www.lespetitsbaroudeurs.com\/blog\/wp-content\/uploads\/2022\/03\/J15-les-pres-sales-300x225.jpg 300w, https:\/\/www.lespetitsbaroudeurs.com\/blog\/wp-content\/uploads\/2022\/03\/J15-les-pres-sales-768x576.jpg 768w\" sizes=\"(max-width: 1024px) 100vw, 1024px\" \/><figcaption><em>Les pr\u00e9s sal\u00e9s<\/em><\/figcaption><\/figure>\n\n\n\n<p>\u00c9tonnamment, le sentier <strong>nous \u00e9loigne de la baie pour s\u2019aventurer dans l\u2019arri\u00e8re-pays et revenir \u00e0 Beauvoir<\/strong>, pour longer le canal. <strong>\u00c0 partir de l\u00e0, c\u2019est un peu Eurodisney pour nous <\/strong>qui avons pass\u00e9 des jours dans<strong> le calme de la campagne et des petits villages pittoresques<\/strong>, mais on oublie vite le monde car Michel est enfin l\u00e0, devant nous. <\/p>\n\n\n\n<figure class=\"wp-block-image size-large\"><img loading=\"lazy\" width=\"1024\" height=\"768\" src=\"https:\/\/www.lespetitsbaroudeurs.com\/blog\/wp-content\/uploads\/2022\/03\/J15-8.jpg\" alt=\"V\u00e9losc\u00e9nie en famille : Mont-Saint-Michel\" class=\"wp-image-8213\" srcset=\"https:\/\/www.lespetitsbaroudeurs.com\/blog\/wp-content\/uploads\/2022\/03\/J15-8.jpg 1024w, https:\/\/www.lespetitsbaroudeurs.com\/blog\/wp-content\/uploads\/2022\/03\/J15-8-300x225.jpg 300w, https:\/\/www.lespetitsbaroudeurs.com\/blog\/wp-content\/uploads\/2022\/03\/J15-8-768x576.jpg 768w\" sizes=\"(max-width: 1024px) 100vw, 1024px\" \/><figcaption><em>Mont-Saint-Michel<\/em><\/figcaption><\/figure>\n\n\n\n<h3><strong>Mont-Saint-Michel<\/strong><\/h3>\n\n\n\n<p><strong>On s\u2019installe \u00e0 l\u2019h\u00f4tel Gabriel, \u00e0 la Caserne, pour s\u2019all\u00e9ger des v\u00e9los et de nos affaires. <\/strong>Quelques heures plus tard, nous repartons en baskets, en mode pi\u00e9ton, pour suivre la passerelle qui m\u00e8ne \u00e0 l\u2019abbaye. Avec nos amis, <strong>nous empruntons le chemin des remparts et profitons de la vue, la mer.<\/strong> <\/p>\n\n\n\n<figure class=\"wp-block-image size-large\"><img loading=\"lazy\" width=\"1024\" height=\"768\" src=\"https:\/\/www.lespetitsbaroudeurs.com\/blog\/wp-content\/uploads\/2022\/03\/J15-on-part-pour-le-Mont-Saint-Michel-a-pied.jpg\" alt=\"V\u00e9losc\u00e9nie en famille : mont-Saint-Michel\" class=\"wp-image-8210\" srcset=\"https:\/\/www.lespetitsbaroudeurs.com\/blog\/wp-content\/uploads\/2022\/03\/J15-on-part-pour-le-Mont-Saint-Michel-a-pied.jpg 1024w, https:\/\/www.lespetitsbaroudeurs.com\/blog\/wp-content\/uploads\/2022\/03\/J15-on-part-pour-le-Mont-Saint-Michel-a-pied-300x225.jpg 300w, https:\/\/www.lespetitsbaroudeurs.com\/blog\/wp-content\/uploads\/2022\/03\/J15-on-part-pour-le-Mont-Saint-Michel-a-pied-768x576.jpg 768w\" sizes=\"(max-width: 1024px) 100vw, 1024px\" \/><figcaption><em>Mont-Saint-Michel<\/em><\/figcaption><\/figure>\n\n\n\n<p><strong>Le dernier d\u00eener se fera \u00e0 la Ferme Saint-Michel, juste \u00e0 c\u00f4t\u00e9 des Jardins d\u2019Anouck<\/strong>, un des rares restaurants ouverts\u2026 Il faut dire que beaucoup d\u2019\u00e9tablissements ont ferm\u00e9 leur porte en raison de la p\u00e9nurie de touristes \u00e9trangers et du COVID. Je n\u2019ose pas imaginer le monde en temps normal&nbsp;! <strong>Le soir, les foules rentrent chez elles et l\u2019abbaye reste, majestueuse.<\/strong><\/p>\n\n\n\n<h2><strong>J16&nbsp;: Un jour sans fin \/ Mont Saint Michel \u2013 Pontorson \u2013 Maisons-Laffite (30km)<\/strong><\/h2>\n\n\n\n<h3>Direction la gare pour le retour<\/h3>\n\n\n\n<p><strong>Dans le voyage, le but n\u2019est pas souvent l\u2019ultime \u00e9tape\u2026 et le retour est parfois plus p\u00e9rilleux que le chemin lui-m\u00eame&nbsp;!<\/strong> Avec l\u2019exp\u00e9rience, on sait que nous devons garder des forces pour accomplir ces journ\u00e9es\u2026 alors ce matin, <strong>nous avons salu\u00e9 nos amis qui repartaient chez eux, dans le Cotentin, et profit\u00e9 de la plage<\/strong>. <\/p>\n\n\n\n<figure class=\"wp-block-gallery columns-2 is-cropped\"><ul class=\"blocks-gallery-grid\"><li class=\"blocks-gallery-item\"><figure><img loading=\"lazy\" width=\"576\" height=\"768\" src=\"https:\/\/www.lespetitsbaroudeurs.com\/blog\/wp-content\/uploads\/2022\/03\/J16-avant-de-partir.jpg\" alt=\"\" data-id=\"8215\" data-full-url=\"https:\/\/www.lespetitsbaroudeurs.com\/blog\/wp-content\/uploads\/2022\/03\/J16-avant-de-partir.jpg\" data-link=\"https:\/\/www.lespetitsbaroudeurs.com\/blog\/?attachment_id=8215\" class=\"wp-image-8215\" srcset=\"https:\/\/www.lespetitsbaroudeurs.com\/blog\/wp-content\/uploads\/2022\/03\/J16-avant-de-partir.jpg 576w, https:\/\/www.lespetitsbaroudeurs.com\/blog\/wp-content\/uploads\/2022\/03\/J16-avant-de-partir-225x300.jpg 225w\" sizes=\"(max-width: 576px) 100vw, 576px\" \/><\/figure><\/li><li class=\"blocks-gallery-item\"><figure><img loading=\"lazy\" width=\"576\" height=\"768\" src=\"https:\/\/www.lespetitsbaroudeurs.com\/blog\/wp-content\/uploads\/2022\/03\/J16-avant-le-depart-plage.jpg\" alt=\"\" data-id=\"8216\" data-full-url=\"https:\/\/www.lespetitsbaroudeurs.com\/blog\/wp-content\/uploads\/2022\/03\/J16-avant-le-depart-plage.jpg\" data-link=\"https:\/\/www.lespetitsbaroudeurs.com\/blog\/?attachment_id=8216\" class=\"wp-image-8216\" srcset=\"https:\/\/www.lespetitsbaroudeurs.com\/blog\/wp-content\/uploads\/2022\/03\/J16-avant-le-depart-plage.jpg 576w, https:\/\/www.lespetitsbaroudeurs.com\/blog\/wp-content\/uploads\/2022\/03\/J16-avant-le-depart-plage-225x300.jpg 225w\" sizes=\"(max-width: 576px) 100vw, 576px\" \/><\/figure><\/li><\/ul><figcaption class=\"blocks-gallery-caption\"><em>Avant le d\u00e9part<\/em><\/figcaption><\/figure>\n\n\n\n<p>On a fait un pique-nique tardif avant de nous lancer sur la derni\u00e8re piste&nbsp;: la gare, car <strong>Pontorson-Mont Saint Michel n\u2019est pas si proche de l\u2019Abbaye, c\u2019est \u00e0 10km&nbsp;!<\/strong> Si pr\u00e8s du but, je mets mon v\u00e9lo sur b\u00e9quille et demande \u00e0 Niels de le tenir le temps d\u2019une pause technique\u2026 <strong>pas de bol, Swann bouge trop et le v\u00e9lo tombe avec Swann dessus, plus de peur que de mal<\/strong>, mais le syst\u00e8me d\u2019accroche du Hamax est cass\u00e9. <\/p>\n\n\n\n<p>La gare n\u2019est plus tr\u00e8s loin. Nous avons de l\u2019avance (comme souvent avec moi et mes tocs de d\u00e9part). <strong>Pour les enfants, rentrer en train, c\u2019est la r\u00e9compense&nbsp;! <\/strong>Quand le train arrive, <strong>nous d\u00e9couvrons que seuls 6 emplacements sont pr\u00e9vus pour les v\u00e9los, or, sur le quai, nous sommes une vingtaine \u00e0 \u00eatre en deux-roues<\/strong> et \u00e0 vouloir charger. Chercher l\u2019erreur&nbsp;! Pire, le Nomad est omnibus, d\u2019autres cyclistes vont monter en route&nbsp;! <\/p>\n\n\n\n<h3>Les p\u00e9rip\u00e9ties avant le retour \u00e0 la maison<\/h3>\n\n\n\n<p><strong>Par chance, les contr\u00f4leurs sont habitu\u00e9s \u00e0 cette situation et sont m\u00eame tr\u00e8s aidants.<\/strong> Le train arrive \u00e0 Montparnasse \u00e0 22h. Il faut d\u00e9charger le train, remonter la carriole, trouver l\u2019unique sortie accessible en v\u00e9lo. <strong>Les enfants sont ext\u00e9nu\u00e9s, mais nous leur offrons une sortie \u00e0 Paris, de nuit&nbsp;<\/strong>pour regagner la gare Saint-Lazare. <strong>C\u2019est beau Paris, la nuit&nbsp;! <\/strong><\/p>\n\n\n\n<p>Quai 6, le train part pour Sartrouville \u2013 <strong>arriv\u00e9e 23h40, nous finirons les derniers kilom\u00e8tres \u00e0 v\u00e9lo<\/strong>, mais l\u00e0, point de rampe, nous devons descendre un \u00e0 un les v\u00e9los et nos extensions, avec l\u2019ascenseur, par chance fonctionnel. Heureusement, ce soir la porte est ouverte, <strong>on peut reprendre la route avec un dormeur, une assoupie et un r\u00eaveur<\/strong>. Dans une derni\u00e8re pente, le Follow-Me tombe, il faut le resserrer \u00e0 la frontale, <strong>minuit 30, on est \u00e0 la maison&nbsp;! Tout le monde au lit&nbsp;!<\/strong><\/p>\n\n\n\n<figure class=\"wp-block-image size-large\"><img loading=\"lazy\" width=\"1024\" height=\"530\" src=\"https:\/\/www.lespetitsbaroudeurs.com\/blog\/wp-content\/uploads\/2022\/03\/J16.jpg\" alt=\"V\u00e9losc\u00e9nie en famille\" class=\"wp-image-8214\" srcset=\"https:\/\/www.lespetitsbaroudeurs.com\/blog\/wp-content\/uploads\/2022\/03\/J16.jpg 1024w, https:\/\/www.lespetitsbaroudeurs.com\/blog\/wp-content\/uploads\/2022\/03\/J16-300x155.jpg 300w, https:\/\/www.lespetitsbaroudeurs.com\/blog\/wp-content\/uploads\/2022\/03\/J16-768x398.jpg 768w\" sizes=\"(max-width: 1024px) 100vw, 1024px\" \/><figcaption><em>V\u00e9loscenie : 530km <\/em><\/figcaption><\/figure>\n\n\n\n<h2><strong>Nos coups de c\u0153ur sur la V\u00e9losc\u00e9nie<\/strong><\/h2>\n\n\n\n<h3><strong>Un spectacle quotidien<\/strong><\/h3>\n\n\n\n<p>La V\u00e9losc\u00e9nie m\u00e9rite bien son nom et du temps pour s\u2019attarder sur son grand spectacle&nbsp;! <strong>Tous les jours nous avons \u00e9t\u00e9 servis d\u2019histoires remarquables, \u00e0 voir, des ch\u00e2teaux, une \u00e9glise ou une cath\u00e9drale, un jardin\u2026 <\/strong><\/p>\n\n\n\n<p>Si nous devions n\u2019en citer que 3, ce serait <strong>le Mont-Saint-Michel<\/strong> <strong>qui semble \u00eatre pos\u00e9 l\u00e0, totalement irr\u00e9el<\/strong> dans le paysage, <strong>la cath\u00e9drale de Chartres<\/strong>, <strong>pos\u00e9e elle aussi en haut de sa colline<\/strong>, imposante sur une jolie place m\u00e9di\u00e9vale et <strong>le ch\u00e2teau de Maintenon pour son charme et son cadre<\/strong> exceptionnel. Sans oublier Notre-Dame de Paris&nbsp;!<\/p>\n\n\n\n<h3><strong>Des sp\u00e9cialit\u00e9s culinaires<\/strong><\/h3>\n\n\n\n<p>On a pr\u00e9f\u00e9r\u00e9 go\u00fbter <strong>la glace de Mortagne-au-Perche chez R21<\/strong> au <strong>boudin noir, dont la ville est la capitale<\/strong>, mais on a rat\u00e9 <strong>le cake au citron, le camembert de Domfront<\/strong> \u2013 \u00ab&nbsp;Champsecret&nbsp;\u00bb (on y retournera par la suite, en voiture&nbsp;! On recommande pour les amateurs&nbsp;!), <strong>la cr\u00eape saucisse du march\u00e9 de Saint-Hilaire<\/strong>, <strong>l\u2019agneau pr\u00e9-sal\u00e9<\/strong> avant d\u2019arriver au Mont Saint Michel.<\/p>\n\n\n\n<h3><strong>Le calme et les coins retranch\u00e9s<\/strong><\/h3>\n\n\n\n<p><strong>On s\u2019est souvent senti loin de tout, dans la vraie nature<\/strong>. Peu de voitures, de cyclistes, de marcheurs, mais de superbes for\u00eats, des bocages, des champs travers\u00e9s<\/p>\n\n\n\n<h3><strong>Les rencontres&#8230;<\/strong><\/h3>\n\n\n\n<p><strong>\u00c0 dormir en chambre d\u2019h\u00f4tes, logis\u2026<\/strong> nous rencontrons et partageons m\u00eame parfois le diner avec nos h\u00f4tes&nbsp;! Pour nos enfants, comme pour nous, <strong>c\u2019est une formidable exp\u00e9rience d\u2019ouverture<\/strong>.<\/p>\n\n\n\n<h3><strong>Ce qu\u2019ils ont aim\u00e9<\/strong><\/h3>\n\n\n\n<p><strong>D\u00e9couvrir chaque jour et chaque soir un nouveau lieu<\/strong> et les cartes postales des organisateurs de la V\u00e9losc\u00e9nie, <strong>aller au<\/strong> <strong>restaurant<\/strong>, faire diff\u00e9rentes <strong>activit\u00e9s en chemin<\/strong>.<\/p>\n\n\n\n<h3><strong>Ce qu\u2019ils n\u2019ont pas aim\u00e9<\/strong><\/h3>\n\n\n\n<p><strong>Les jours de pluie<\/strong>, que <strong>le menu enfant se r\u00e9sume souvent \u00e0 un steak-frite<\/strong> et qu\u2019ils ne puissent pas avoir des mignardises ou des <strong>hors d\u2019\u0153uvre de d\u00e9gustation comme les parents&nbsp;!<\/strong><\/p>\n\n\n\n<h2><strong>Infos pratiques<\/strong><\/h2>\n\n\n\n<p><strong>Le parcours est globalement tr\u00e8s bien balis\u00e9&nbsp;!<\/strong> On avait n\u00e9anmoins en back-up t\u00e9l\u00e9charg\u00e9 les <strong>itin\u00e9raires du jour que nous pouvions suivre sur Visorando et Komoot, <\/strong>nos applications pr\u00e9f\u00e9r\u00e9es&nbsp;! <strong>Le d\u00e9nivel\u00e9 est tout de m\u00eame cons\u00e9quent pour une famille avec de jeunes enfants<\/strong>, surtout s\u2019ils veulent p\u00e9daler&nbsp;! Pour ceux qui ont l\u2019habitude de suivre nos aventures, <strong>ce voyage \u00e9tait diff\u00e9rent des pr\u00e9c\u00e9dents. <\/strong><\/p>\n\n\n\n<p><strong>Pour la premi\u00e8re fois, deux de nos enfants \u00e9taient en autonomie<\/strong>&nbsp;: Anouk 7 ans et Niels, 5 ans. <strong>Benoit et moi avons opt\u00e9 pour des v\u00e9los \u00e9lectriques <\/strong>pour pouvoir transporter le chargement, aider, tracter les enfants avec un Follow-me et une sangle en temps voulu et sur les pentes importantes. <\/p>\n\n\n\n<p><strong>Le but du voyage n\u2019\u00e9tait pas une \u00e9preuve \u00ab&nbsp;sportive&nbsp;\u00bb<\/strong> comme les pr\u00e9c\u00e9dentes, mais de <strong>vivre une aventure familiale<\/strong>, accessible et plaisante pour tous, et de profiter de la V\u00e9losc\u00e9nie. <strong>Bien des fois, nous aurions aim\u00e9 rester plus qu\u2019une demi-journ\u00e9e<\/strong> et prendre encore du temps pour visiter ou randonner\u2026&nbsp;<\/p>\n\n\n\n<h2><strong>Nos h\u00e9bergements<\/strong> lors de cette V\u00e9losc\u00e9nie <\/h2>\n\n\n\n<p>Mieux repos\u00e9, on est plus dispos\u00e9&nbsp;! <strong>Nous avons pu r\u00e9aliser cette aventure \u00e0 v\u00e9lo, en famille, gr\u00e2ce aux \u00e9quipes de la V\u00e9losc\u00e9nie et aux diff\u00e9rents offices du tourisme<\/strong> des d\u00e9partements travers\u00e9s qui ont particip\u00e9 \u00e0 l\u2019<strong>organisation et au financement de cette aventure<\/strong>. C\u2019\u00e9tait pour nous l\u2019occasion de tester un autre mode de vacances, sans doute plus <strong>adapt\u00e9 aux familles pour profiter du chemin&nbsp;et de cette exp\u00e9rience.<\/strong><\/p>\n\n\n\n<p>Un voyage tr\u00e8s appr\u00e9ci\u00e9 du fait de l\u2019incertitude encore planante de la situation sanitaire qui a boulevers\u00e9 les vacances de plus d\u2019un, de la m\u00e9t\u00e9o particuli\u00e8rement capricieuse de cet \u00e9t\u00e9 2021 et de mon \u00e9tat, enceinte de 4 mois, du 4e. D\u2019autres alternatives auraient sans doute pu \u00eatre envisag\u00e9es, mais <strong>nous avons privil\u00e9gi\u00e9 des logements \u00ab&nbsp;accueil v\u00e9lo&nbsp;\u00bb, au sec, avec la plupart du temps, une demi-pension qui ont bien all\u00e9g\u00e9 notre chargement<\/strong> et notre charge mentale&nbsp;de fin de journ\u00e9e&nbsp;!<\/p>\n\n\n\n<figure class=\"wp-block-gallery columns-3 is-cropped\"><ul class=\"blocks-gallery-grid\"><li class=\"blocks-gallery-item\"><figure><img loading=\"lazy\" width=\"576\" height=\"768\" src=\"https:\/\/www.lespetitsbaroudeurs.com\/blog\/wp-content\/uploads\/2022\/03\/J5-preparation-du-camp-de-base-au-camping-municipal.jpg\" alt=\"\" data-id=\"8221\" data-full-url=\"https:\/\/www.lespetitsbaroudeurs.com\/blog\/wp-content\/uploads\/2022\/03\/J5-preparation-du-camp-de-base-au-camping-municipal.jpg\" data-link=\"https:\/\/www.lespetitsbaroudeurs.com\/blog\/?attachment_id=8221\" class=\"wp-image-8221\" srcset=\"https:\/\/www.lespetitsbaroudeurs.com\/blog\/wp-content\/uploads\/2022\/03\/J5-preparation-du-camp-de-base-au-camping-municipal.jpg 576w, https:\/\/www.lespetitsbaroudeurs.com\/blog\/wp-content\/uploads\/2022\/03\/J5-preparation-du-camp-de-base-au-camping-municipal-225x300.jpg 225w\" sizes=\"(max-width: 576px) 100vw, 576px\" \/><\/figure><\/li><li class=\"blocks-gallery-item\"><figure><img loading=\"lazy\" width=\"576\" height=\"768\" src=\"https:\/\/www.lespetitsbaroudeurs.com\/blog\/wp-content\/uploads\/2022\/03\/J9-Jardin-de-la-Porte-Rouge-2.jpg\" alt=\"\" data-id=\"8222\" data-full-url=\"https:\/\/www.lespetitsbaroudeurs.com\/blog\/wp-content\/uploads\/2022\/03\/J9-Jardin-de-la-Porte-Rouge-2.jpg\" data-link=\"https:\/\/www.lespetitsbaroudeurs.com\/blog\/?attachment_id=8222\" class=\"wp-image-8222\" srcset=\"https:\/\/www.lespetitsbaroudeurs.com\/blog\/wp-content\/uploads\/2022\/03\/J9-Jardin-de-la-Porte-Rouge-2.jpg 576w, https:\/\/www.lespetitsbaroudeurs.com\/blog\/wp-content\/uploads\/2022\/03\/J9-Jardin-de-la-Porte-Rouge-2-225x300.jpg 225w\" sizes=\"(max-width: 576px) 100vw, 576px\" \/><\/figure><\/li><li class=\"blocks-gallery-item\"><figure><img loading=\"lazy\" width=\"576\" height=\"768\" src=\"https:\/\/www.lespetitsbaroudeurs.com\/blog\/wp-content\/uploads\/2022\/03\/J15-on-quitte-notre-Logis.jpg\" alt=\"\" data-id=\"8223\" data-full-url=\"https:\/\/www.lespetitsbaroudeurs.com\/blog\/wp-content\/uploads\/2022\/03\/J15-on-quitte-notre-Logis.jpg\" data-link=\"https:\/\/www.lespetitsbaroudeurs.com\/blog\/?attachment_id=8223\" class=\"wp-image-8223\" srcset=\"https:\/\/www.lespetitsbaroudeurs.com\/blog\/wp-content\/uploads\/2022\/03\/J15-on-quitte-notre-Logis.jpg 576w, https:\/\/www.lespetitsbaroudeurs.com\/blog\/wp-content\/uploads\/2022\/03\/J15-on-quitte-notre-Logis-225x300.jpg 225w\" sizes=\"(max-width: 576px) 100vw, 576px\" \/><\/figure><\/li><\/ul><figcaption class=\"blocks-gallery-caption\"><em>H\u00e9bergements<\/em><\/figcaption><\/figure>\n\n\n\n<h3>Versailles : camping Huttopia<\/h3>\n\n\n\n<p><strong>3 \u00e9toiles, nuit en tente canadienne 5 places<\/strong>, toute \u00e9quip\u00e9e, <strong>au c\u0153ur de la for\u00eat domaniale du Ch\u00e2teau de Versailles<\/strong> (\u00e0 3km), avec piscine couverte et chauff\u00e9e, aire de jeux pour les enfants et espace restauration, bien pratique pour les petits d\u00e9jeuners pluvieux&nbsp;!<\/p>\n\n\n\n<h3><strong>Choisel&nbsp;:<\/strong> Auberge des 3 hameaux<\/h3>\n\n\n\n<p>Nouveau <strong>g\u00eete de 80m\u00b2 &#8211; 6 places, avec son salon, sa cuisine pour \u00eatre autonome, sa salle de bain et ses 4 chambres<\/strong> enti\u00e8rement r\u00e9nov\u00e9 avec go\u00fbt, situ\u00e9 \u00e0 l&rsquo;\u00e9tage de l&rsquo;Auberge, seul commerce du village repris r\u00e9cemment par la ville pour revitaliser le centre-bourg et g\u00e9r\u00e9 par Soazig Seguis et son mari, Didier, tous deux tr\u00e8s investis dans la vie municipale. <\/p>\n\n\n\n<p><strong>Il est id\u00e9alement situ\u00e9 au c\u0153ur du village de Choisel, aux portes du ch\u00e2teau et des jardins de Breteuil.<\/strong> Mention sp\u00e9ciale pour la d\u00e9coration du lieu et le petit-d\u00e9jeuner de roi&nbsp;! Nous avons fait honneur au d\u00e9licieux pain aux c\u00e9r\u00e9ales et aux yaourts de la ferme de Coubertin. L\u2019auberge sert aussi le couvert midi et soir, mais pas les lundis, dommage car la carte du chef, St\u00e9phane Porte, a l\u2019air bistronomiquement bonne&nbsp;!<\/p>\n\n\n\n<h3><strong>Rambouillet&nbsp;:<\/strong> Mercure Relays du ch\u00e2teau<\/h3>\n\n\n\n<p><strong>4 \u00e9toiles, nuit en chambre aux portes du ch\u00e2teau, dans l\u2019ancien relais de poste du XVII\u00e8me.<\/strong> Il accueille aujourd\u2019hui 83 chambres, un bar et un restaurant. Le petit-d\u00e9jeuner propose de nombreuses options&nbsp;: pancakes, \u0153ufs, fromages, jambons, c\u00e9r\u00e9ales, fruits et croissanteries, de quoi recharger les batteries pour la journ\u00e9e&nbsp;!<\/p>\n\n\n\n<h3><strong>Maintenon&nbsp;:<\/strong> Chez Gis\u00e8le et G\u00e9rard <\/h3>\n\n\n\n<p><strong>Chambre d\u2019h\u00f4te pour 3 ou 4 personnes, situ\u00e9e dans un quartier r\u00e9sidentiel bien calme, \u00e0 quelques minutes \u00e0 pied, du centre de Maintenon<\/strong>. Gis\u00e8le nous a accueillie avec une d\u00e9licieuse limonade maison&nbsp;! Au petit matin, nous avons pu profiter du jardin pour prendre le petit-d\u00e9jeuner et d\u2019\u00e9changer avec le couple, qui aime beaucoup voyager, de leurs futurs projets, dont la V\u00e9losc\u00e9nie fait partie&nbsp;!<\/p>\n\n\n\n<h3><strong>Chartres&nbsp;:<\/strong> Camping repris par l&rsquo;Office de Tourisme de Chartres M\u00e9tropole<\/h3>\n\n\n\n<p><strong>2 \u00e9toiles, nuit en tente dans un \u00e9crin de verdure, sur les bords de l\u2019Eure. Un box est pr\u00e9vu pour les v\u00e9los,<\/strong> avec la possibilit\u00e9 de les r\u00e9parer sur place. Le soir, un food truck propose quelques d\u00e9lices de la R\u00e9union, mais nous avions plut\u00f4t une faim de loup\u2026 Au petit matin, nous aurions pu commander la veille pain et croissanterie, mais on a oubli\u00e9. Heureusement, la boulangerie n\u2019est pas loin&nbsp;!<\/p>\n\n\n\n<h3><strong>Illiers Combray&nbsp;:<\/strong> Auberge Les Aub\u00e9pines<\/h3>\n\n\n\n<p><strong>Une grande chambre pour toute la famille dans ce Logis de France situ\u00e9 devant la gare du pays du Combray, o\u00f9 descendait Marcel Proust, enfant<\/strong>. Le jardin et le patio sont agr\u00e9ables pour profiter de la soir\u00e9e. On y d\u00eene sublimement, une cuisine terroir originale et de saison&nbsp;!<\/p>\n\n\n\n<h3><strong>Thiron-Gardais&nbsp;: Auberge de l&rsquo;Abbaye <\/strong><\/h3>\n\n\n\n<p><strong>Maison de pierre des ann\u00e9es 1850, la gendarmerie est devenue Logis de France&nbsp;!<\/strong> Elle permet de profiter du quartier historique de Thiron-Gardais, son \u00e9glise abbatiale et l\u2019ancien Coll\u00e8ge Royal et Militaire de St\u00e9phane Bern, au c\u0153ur du Perche \u2026 <strong>Sept chambres et un restaurant<\/strong>, tenus par deux fr\u00e8res tr\u00e8s accueillants, l\u2019un aux fourneaux d\u2019une cuisine fine et cr\u00e9ative, R\u00e9mi, l\u2019autre en salle, Simon, et un jardin o\u00f9 il fait bon prendre un verre avant de passer \u00e0 table. <strong>Nous avons rarement si bien tous mang\u00e9<\/strong>&nbsp;(et pourtant la barre \u00e9tait haute&nbsp;!)<\/p>\n\n\n\n<p>L\u2019alternative baroudeurs&nbsp;: <a href=\"http:\/\/www.nowwego.fr\/annonces\/chambres-d-hotes\/28400-gaudaine\/1410181-la-carrilliere-maison-dhotes-sur-la-veloscenie\">http:\/\/www.nowwego.fr\/annonces\/chambres-d-hotes\/28400-gaudaine\/1410181-la-carrilliere-maison-dhotes-sur-la-veloscenie<\/a> ou <a href=\"http:\/\/www.campingdeletang.fr\/\">http:\/\/www.campingdeletang.fr<\/a><\/p>\n\n\n\n<h3><strong>Villeray&nbsp;:<\/strong> L&rsquo;Angeli\u00e8re <\/h3>\n\n\n\n<p><strong>L\u2019Angeli\u00e8re est un Airbnb. Cl\u00e9mentine nous re\u00e7oit dans la maison de sa grand-m\u00e8re, une maison familiale, de charme, face au ch\u00e2teau du village, sans doute un des plus beaux du Perche<\/strong>\u2026 Nous avons \u00e9t\u00e9 re\u00e7us comme des princes par Cl\u00e9mentine, Olivier et Mary&nbsp;dans leur petit paradis&nbsp;! Les enfants ont ador\u00e9 jouer dans le pr\u00e9au de l\u2019ancienne \u00e9cole, qui ne manque pas de cachet et courir dans le jardin magnifique&nbsp;! <strong>Nous avons pass\u00e9 tous ensemble une douce soir\u00e9e \u00e9toil\u00e9e<\/strong>, \u00e0 nous r\u00e9galer, \u00e0 discuter cuisine et \u00e0 refaire le monde.<\/p>\n\n\n\n<h3><strong>Mortagne-au-Perche&nbsp;:<\/strong> La Porte Rouge<\/h3>\n\n\n\n<p><strong>La Porte Rouge, une chambre d\u2019h\u00f4te dans un jardin anglais\u2026<\/strong> Nous avons choisi de nous arr\u00eater chez Jill et Collin pour avoir une table v\u00e9g\u00e9tarienne et le plaisir de parler anglais avec nos h\u00f4tes&nbsp;! <strong>Nous ignorions alors que leur jardin fleuri est un but de visite en soi o\u00f9 Jill fait salon de th\u00e9 l\u2019apr\u00e8s-midi, sauf le jeudi&nbsp;!<\/strong><\/p>\n\n\n\n<h3><strong>Gandelain&nbsp;:<\/strong> Les Bruy\u00e8res <\/h3>\n\n\n\n<p><strong>Les Bruy\u00e8res, chambre familiale dans un G\u00eete de France 3 \u00e9pis. Pas de chance cette fois, nous sommes arriv\u00e9s chez Simone avec la pluie et repartis avec\u2026<\/strong> Apr\u00e8s une belle petite c\u00f4te (on commence \u00e0 \u00eatre habitu\u00e9&nbsp;!), la maison situ\u00e9e sur la butte Chaumont, offre pour r\u00e9compense, <strong>une vue sur la for\u00eat de Multonne et le Mont des Avaloirs\u2026 <\/strong>Mais pour nous, c\u2019\u00e9tait tout gris et \u00ab&nbsp;c\u2019est simple, quand on ne voit pas, c\u2019est qu\u2019il va pleuvoir toute la journ\u00e9e&nbsp;\u00bb&nbsp;! On \u00e9tait pr\u00e9venu. Sur place, notre h\u00f4te met \u00e0 disposition un garage et une kitchenette pour \u00eatre autonome sur le d\u00eener. Le petit-d\u00e9jeuner gargantuesque se partage au salon, avec les autres invit\u00e9s.<\/p>\n\n\n\n<h3><strong>Madr\u00e9&nbsp;:<\/strong> La ferme du Chemin<\/h3>\n\n\n\n<p><strong>Chambre familiale \u00e0 la <a href=\"http:\/\/www.legrandchemin.com\/\">Ferme du Chemin<\/a>, au c\u0153ur de la Mayenne. La ferme est un relais o\u00f9 l\u2019on vient \u00e0 pied, \u00e0 v\u00e9lo ou \u00e0 cheval, parfois aussi en voiture ou en bus&nbsp;!<\/strong> Et si ce n\u2019est pas encore la saison pour Jean-Yves et Pascale qui tiennent la ferme familiale depuis 3 g\u00e9n\u00e9rations, <strong>on est accueilli \u00e0 bras ouvert dans leur ranch car ici, c\u2019est le paradis \u00e9questre\u2026 avec la possibilit\u00e9 de faire un tour \u00e0 cheval ou en attelage&nbsp;<\/strong>! On dine m\u00eame dans l\u2019ancienne \u00e9curie&nbsp;apr\u00e8s avoir visit\u00e9 la pouliche Luciole\u2026<\/p>\n\n\n\n<h3><strong>Domfront&nbsp;: H\u00f4tel de France<\/strong><\/h3>\n\n\n\n<p><strong>Situ\u00e9 dans la ville basse de Domfront, le long de la rivi\u00e8re, cet h\u00f4tel restaurant, 2 \u00e9toiles, dispose de 15 chambres<\/strong>, dont deux contig\u00fces \u2013 les n\u00f4tres, pour accueillir randonneurs, p\u00e8lerins, cyclistes et routiers. <strong>Il propose une cuisine traditionnelle et des grillades au feu de bois<\/strong>, sauf les lundis soirs, o\u00f9 c\u2019est plat unique pour tous les convives. Pour la plus grande joie de Niels, c\u2019est encore un Logis de France&nbsp;\u263a&nbsp;!<\/p>\n\n\n\n<p>L\u2019alternative Baroudeurs&nbsp;: <a href=\"https:\/\/www.veloscenie.com\/hebergements\/chambres-d-hotes\/chambre-d-hotes-yourte-sous-les-poiriers\">https:\/\/www.veloscenie.com\/hebergements\/chambres-d-hotes\/chambre-d-hotes-yourte-sous-les-poiriers<\/a><\/p>\n\n\n\n<h3><strong>Ducey&nbsp;: Auberge de S\u00e9lune <\/strong><\/h3>\n\n\n\n<p><strong>Nous avons dormi dans une grande chambre familiale dans ce joli h\u00f4tel-restaurant 2 \u00e9toiles \u2013 labellis\u00e9 lui aussi Logis de France, de 20 chambres<\/strong>, tenu par la m\u00eame famille depuis 4 g\u00e9n\u00e9rations (1907&nbsp;!). Situ\u00e9 \u00e0 deux pas du ch\u00e2teau des Montgomerry, il borde la rivi\u00e8re S\u00e9lune. <strong>Le d\u00eener comme le petit-d\u00e9jeuner \u00e9taient gastronomiques, avec une jolie vue sur le jardin&nbsp;!<\/strong><\/p>\n\n\n\n<h3><strong>Mont Saint Michel&nbsp;: H\u00f4tel Gabriel <\/strong><\/h3>\n\n\n\n<p><strong>Ambiance Pop pour cet h\u00f4tel 3 \u00e9toiles, r\u00e9ouvert en juin 2021&nbsp;! Id\u00e9alement situ\u00e9 pour visiter le Mont Saint-Michel, \u00e0 l\u2019entr\u00e9e de la Caserne, nous avions pris une grande chambre duplex et laiss\u00e9 les v\u00e9los sous l\u2019escalier. <\/strong>Le personnel est tr\u00e8s aidant, il faut dire, \u00e0 la veille du 1<sup>er<\/sup> ao\u00fbt, avec la g\u00e9n\u00e9ralisation du Pass Sanitaire, il n\u2019y a pas foule.<\/p>\n\n\n\n<p>D\u2019ailleurs nombre d\u2019h\u00f4tels et de restaurants alentours sont ferm\u00e9s&nbsp;! Pendant que nous d\u00e9chargeons, les enfants s\u2019auto-gardent, absorb\u00e9s par l\u2019\u00e9cran de l\u2019entr\u00e9e qui tourne en boucle sur les JO&nbsp;! Heureusement, l\u2019attrait du Mont-Saint-Michel est plus important que les JO \u00e0 l\u2019autre bout de la terre\u2026 <strong>Le petit d\u00e9jeuner sera g\u00e9n\u00e9reux et en libre-service&nbsp;!<\/strong><\/p>\n\n\n\n<h2>Activit\u00e9s \u00e0 d\u00e9couvrir en chemin<\/h2>\n\n\n\n<p><em>Quelques suggestions d\u2019activit\u00e9s pour petits et grands, \u00e0 d\u00e9couvrir en chemin <\/em><\/p>\n\n\n\n<figure class=\"wp-block-gallery columns-3 is-cropped\"><ul class=\"blocks-gallery-grid\"><li class=\"blocks-gallery-item\"><figure><img loading=\"lazy\" width=\"576\" height=\"768\" src=\"https:\/\/www.lespetitsbaroudeurs.com\/blog\/wp-content\/uploads\/2022\/03\/J4-Chateau-de-Maintenon-2.jpg\" alt=\"\" data-id=\"8224\" data-full-url=\"https:\/\/www.lespetitsbaroudeurs.com\/blog\/wp-content\/uploads\/2022\/03\/J4-Chateau-de-Maintenon-2.jpg\" data-link=\"https:\/\/www.lespetitsbaroudeurs.com\/blog\/?attachment_id=8224\" class=\"wp-image-8224\" srcset=\"https:\/\/www.lespetitsbaroudeurs.com\/blog\/wp-content\/uploads\/2022\/03\/J4-Chateau-de-Maintenon-2.jpg 576w, https:\/\/www.lespetitsbaroudeurs.com\/blog\/wp-content\/uploads\/2022\/03\/J4-Chateau-de-Maintenon-2-225x300.jpg 225w\" sizes=\"(max-width: 576px) 100vw, 576px\" \/><\/figure><\/li><li class=\"blocks-gallery-item\"><figure><img loading=\"lazy\" width=\"576\" height=\"768\" src=\"https:\/\/www.lespetitsbaroudeurs.com\/blog\/wp-content\/uploads\/2022\/03\/J5-Benoit-sur-le-grand-parcours-au-dessus-du-Boulevard.jpg\" alt=\"\" data-id=\"8225\" data-full-url=\"https:\/\/www.lespetitsbaroudeurs.com\/blog\/wp-content\/uploads\/2022\/03\/J5-Benoit-sur-le-grand-parcours-au-dessus-du-Boulevard.jpg\" data-link=\"https:\/\/www.lespetitsbaroudeurs.com\/blog\/?attachment_id=8225\" class=\"wp-image-8225\" srcset=\"https:\/\/www.lespetitsbaroudeurs.com\/blog\/wp-content\/uploads\/2022\/03\/J5-Benoit-sur-le-grand-parcours-au-dessus-du-Boulevard.jpg 576w, https:\/\/www.lespetitsbaroudeurs.com\/blog\/wp-content\/uploads\/2022\/03\/J5-Benoit-sur-le-grand-parcours-au-dessus-du-Boulevard-225x300.jpg 225w\" sizes=\"(max-width: 576px) 100vw, 576px\" \/><\/figure><\/li><li class=\"blocks-gallery-item\"><figure><img loading=\"lazy\" width=\"576\" height=\"768\" src=\"https:\/\/www.lespetitsbaroudeurs.com\/blog\/wp-content\/uploads\/2022\/03\/J16-avant-le-depart-plage-1.jpg\" alt=\"\" data-id=\"8226\" data-full-url=\"https:\/\/www.lespetitsbaroudeurs.com\/blog\/wp-content\/uploads\/2022\/03\/J16-avant-le-depart-plage-1.jpg\" data-link=\"https:\/\/www.lespetitsbaroudeurs.com\/blog\/?attachment_id=8226\" class=\"wp-image-8226\" srcset=\"https:\/\/www.lespetitsbaroudeurs.com\/blog\/wp-content\/uploads\/2022\/03\/J16-avant-le-depart-plage-1.jpg 576w, https:\/\/www.lespetitsbaroudeurs.com\/blog\/wp-content\/uploads\/2022\/03\/J16-avant-le-depart-plage-1-225x300.jpg 225w\" sizes=\"(max-width: 576px) 100vw, 576px\" \/><\/figure><\/li><\/ul><figcaption class=\"blocks-gallery-caption\"><em>Activit\u00e9s<\/em><\/figcaption><\/figure>\n\n\n\n<h2><strong>De Paris \u00e0 Rambouillet<\/strong><\/h2>\n\n\n\n<h3>Le Domaine de Sceaux<\/h3>\n\n\n\n<p><a href=\"https:\/\/domaine-de-sceaux.hauts-de-seine.fr\/\">Le Domaine de Sceaux<\/a> et ses <strong>jardins dessin\u00e9s par Le N\u00f4tre<\/strong>. 4 aires de jeux composent un parcours ludique et th\u00e9matique pour les enfants&nbsp;: <strong>l\u2019\u00e9dification, la culture, les guerres et la paix<\/strong>.<\/p>\n\n\n\n<h3>L&rsquo;arboretum de la Vall\u00e9e au loup<\/h3>\n\n\n\n<p><a href=\"https:\/\/vallee-aux-loups.hauts-de-seine.fr\/\">L\u2019arboretum de la Vall\u00e9e au loup<\/a> permet de <strong>se promener au vert, au milieu de 500 esp\u00e8ces d\u2019arbres et d\u2019arbustes \u00e0 Ch\u00e2tenay-Malabry<\/strong> (d\u00e9tour de 3 km A\/R).<\/p>\n\n\n\n<h3>Ch\u00e2teau de Versailles<\/h3>\n\n\n\n<p>Le tour du grand canal du <a href=\"https:\/\/www.chateauversailles.fr\/\">ch\u00e2teau de Versailles<\/a>, \u00e0 v\u00e9lo (gratuit \u2013 d\u00e9tour de 10km A\/R) permet de <strong>profiter de belles perspectives sur le ch\u00e2teau du Roi Soleil<\/strong>, \u00e0 l\u2019ombre des arbres ou de faire un tour romantique en barque.<\/p>\n\n\n\n<h3>Village de Chevreuse<\/h3>\n\n\n\n<p>La promenade des <strong>22 petits ponts fleuris au-dessus de la rivi\u00e8re des tanneurs<\/strong> dans le pittoresque village de Chevreuse.<\/p>\n\n\n\n<h3>La ferme de Coubertin<\/h3>\n\n\n\n<p>La<a href=\"https:\/\/ferme-de-coubertin.fr\/\"> ferme de Coubertin<\/a>, une exploitation agricole familiale avec son <strong>troupeau de vaches, ses ch\u00e8vres, ses lapins<\/strong>&#8230; Vente directe des produits de la ferme&nbsp;: yaourts, fromages et autres produits locaux.<\/p>\n\n\n\n<h3>Le ch\u00e2teau de Breteuil<\/h3>\n\n\n\n<p>Le <a href=\"https:\/\/www.breteuil.fr\/\">ch\u00e2teau de Breteuil<\/a> qui <strong>appartient depuis 410 ans \u00e0 la m\u00eame famille<\/strong>. Nous avons aim\u00e9 <strong>nous promener dans la for\u00eat, les jardins, nous perdre dans le labyrinthe et chercher les 8 sc\u00e9nettes de contes <\/strong>dispers\u00e9es dans le parc&nbsp;: le Petit Poucet, les F\u00e9es, le Petit Chaperon Rouge, Peau d\u2019\u00c2ne, Barbe Bleue\u2026 Si vous avez le temps, <strong>vous pouvez aussi visiter le ch\u00e2teau et voir les biches blanches qui dorment dans ses douves&nbsp;!<\/strong><\/p>\n\n\n\n<h3>Vaux de Cernay<\/h3>\n\n\n\n<p><strong>Le Moulin et la cascade artificielle<\/strong> de 2m de Vaux de Cernay, non loin de l\u2019Abbaye.<\/p>\n\n\n\n<h3>L&rsquo;Espace Rambouillet<\/h3>\n\n\n\n<p><a href=\"https:\/\/www.espacerambouillet.fr\/\">L\u2019Espace Rambouillet<\/a>. Pour profiter pleinement du <strong>parc animalier, au c\u0153ur de la for\u00eat, nous avons pris le sentier de la for\u00eat sauvage<\/strong> o\u00f9 une \u00e9nigme vous attend en chemin. C\u2019est aussi l\u2019endroit id\u00e9al pour <strong>\u00eatre \u00e0 l\u2019aff\u00fbt des chevreuils avec leurs petits<\/strong>. Apr\u00e8s le pique-nique, nous avons pris place dans l\u2019<strong>ar\u00e8ne des rapaces diurnes et nocturnes.<\/strong> <\/p>\n\n\n\n<p>Le spectacle est extraordinaire et les enfants \u00e9taient ravis de <strong>voir les pygargues voler au-dessus de leurs t\u00eates et les chouettes faire un t\u00eate-\u00e0-t\u00eate avec eux sur le banc voisin<\/strong>&nbsp;! On est tous tomb\u00e9 en pamoison devant le serpentaire et son dr\u00f4le de maquillage. Pour la suite, nous avons suivi la for\u00eat des cerfs. L\u00e0, <strong>vous aurez la certitude d\u2019apercevoir des biches et des cerfs<\/strong>, brouter en famille et finir dans la canop\u00e9e avec l\u2019Odyss\u00e9e Verte. Pour en profiter vraiment, <strong>nous pr\u00e9conisons de pr\u00e9voir une bonne journ\u00e9e<\/strong>&nbsp;(d\u00e9tour de 8km A\/R)&nbsp;!<\/p>\n\n\n\n<h3>La Bergerie Nationale<\/h3>\n\n\n\n<p>La Bergerie Nationale. <strong>Au fond du parc du ch\u00e2teau de Rambouillet, la bergerie<\/strong>, riche de deux si\u00e8cles d\u2019histoire, <strong>pr\u00e9sente le fonctionnement d\u2019une exploitation agricole<\/strong>. Le temps n\u2019\u00e9tait pas au rendez-vous lors de notre passage, mais depuis 2021, <strong>le jardin de Montorgueil a ouvert ses portes pour une promenade sensorielle \u00e0 explorer\u2026 nus pieds<\/strong>&nbsp;!<\/p>\n\n\n\n<h2><strong>De Rambouillet \u00e0 Madr\u00e9<\/strong><\/h2>\n\n\n\n<h3>Le ch\u00e2teau de Maintenon<\/h3>\n\n\n\n<p>Le <a href=\"http:\/\/www.chateaudemaintenon.fr\/\">Ch\u00e2teau de Maintenon<\/a>. Le <strong>ch\u00e2teau de l\u2019amour secret du Roi Louis XIV avec Fran\u00e7oise d\u2019Aubign\u00e9, dite Madame de Maintenon<\/strong>. A l\u2019int\u00e9rieur et dans les jardins, en fonction de l\u2019\u00e2ge des enfants, <strong>deux parcours sont propos\u00e9s&nbsp;: l\u2019un avec des \u00e9nigmes autour des instruments de musique, l\u2019autre \u00e0 travers un cahier d\u2019activit\u00e9s<\/strong> qui prolonge la visite et permet aux enfants de s\u2019int\u00e9resser aux diff\u00e9rentes pi\u00e8ces meubl\u00e9es et d\u00e9cor\u00e9es de costumes d\u2019\u00e9poque. <strong>Compter 2 bonnes heures de visite et m\u00eame un peu plus<\/strong> si l\u2019envie vous dit de vous assoupir \u00e0 l\u2019ombre des tilleuls du jardin, avec vue sur l\u2019aqueduc&nbsp;!<\/p>\n\n\n\n<h3>L&rsquo;Accrocamp de Chartres<\/h3>\n\n\n\n<p><a href=\"https:\/\/www.accrocamp.com\/parcs-accrobranche\/chartres\/\">L\u2019Accrocamp de Chartres<\/a>. R\u00e9cemment <strong>un accrobranche s\u2019est install\u00e9 dans le Parc Gagnon, au pied de la jolie ville de Chartres<\/strong>. Sa particularit\u00e9, c\u2019est que deux des six parcours \u00e9voluent au-dessus de la ceinture de la ville.<\/p>\n\n\n\n<h3>La Maison Picassiette<\/h3>\n\n\n\n<p>La <a href=\"https:\/\/www.chartres.fr\/maison-picassiette\/\">Maison Picassiette<\/a>. <strong>Au bout d\u2019une all\u00e9e secr\u00e8te se cache une dr\u00f4le de maison\u2026<\/strong> La maison de Raymond Isidore, un artiste m\u00e9connu, qui a consacr\u00e9 35 ans de sa vie \u00e0 couvrir sa maison, du sol au plafond, de tessons d\u2019assiettes cass\u00e9es. <strong>Un lieu in\u00e9dit et surprenant<\/strong>&nbsp;duquel nous sortons, piqu\u00e9s un peu de cette folle envie de reprendre la mosa\u00efque&nbsp;!<\/p>\n\n\n\n<h3>La cath\u00e9drale de Chartres<\/h3>\n\n\n\n<p><strong>La cath\u00e9drale de Chartres est consid\u00e9r\u00e9e comme la cath\u00e9drale gothique la mieux conserv\u00e9e de France<\/strong>&nbsp;! Nous avons \u00e9t\u00e9 compl\u00e8tement s\u00e9duits par sa taille, ses vitraux, mais surtout par le ch\u0153ur sculpt\u00e9, qui raconte comme une BD de pierre, la vie de J\u00e9sus et de la Vierge Marie. <strong>Elle fait partie des premiers monuments inscrits au patrimoine mondial de l\u2019UNESCO en 1979<\/strong>. Pour les plus grands, ou les plus motiv\u00e9s, Notre-Dame se d\u00e9voile aussi de nuit gr\u00e2ce aux magnifiques illuminations de <a href=\"https:\/\/www.chartresenlumieres.com\/fr\/\">Chartres en lumi\u00e8re<\/a>. De notre c\u00f4t\u00e9, nous avons pr\u00e9f\u00e9r\u00e9 notre lit pour repartir \u00e0 la fra\u00eeche, les enfants \u00e9taient trop fatigu\u00e9s pour ressortir.<\/p>\n\n\n\n<h3>Maison de Tante L\u00e9onie<\/h3>\n\n\n\n<p>Sur les traces de l\u2019enfance de Marcel Proust, <strong>nous d\u00e9couvrons l\u2019authentique <a href=\"http:\/\/musees.regioncentre.fr\/les-musees\/musee-marcel-proust-maison-de-tante-leonie\">maison de Tante L\u00e9onie<\/a><\/strong>, devenue mus\u00e9e et le <a href=\"https:\/\/www.parcsetjardins.fr\/jardins\/409-le-pre-catelan\">jardin du Pr\u00e9 Catelan<\/a>, un <strong>jardin romantique ouvert \u00e0 tous<\/strong>, autour de la \u00ab&nbsp;Serpentine&nbsp;\u00bb, pr\u00e8s du Loir.<\/p>\n\n\n\n<h3>Le ch\u00e2teau de Fraz\u00e9<\/h3>\n\n\n\n<p><strong>Le Ch\u00e2teau de Fraz\u00e9<\/strong>, un ch\u00e2teau d\u00e9fensif m\u00e9di\u00e9val, \u00e0 voir en chemin depuis la route&nbsp;!&nbsp;<\/p>\n\n\n\n<h3>Domaine de l&rsquo;Abbaye de Thiron Gardais<\/h3>\n\n\n\n<p><strong>Le Domaine de l\u2019<a href=\"https:\/\/www.ledomainedelabbaye.net\/\">Abbaye de Thiron Gardais<\/a><\/strong>, sa nef romane d\u2019inspiration m\u00e9di\u00e9vale et ses jardins th\u00e9matiques, parmi lesquels son potager extraordinaire, mais surtout son <strong>parcours comment\u00e9 pour les enfants<\/strong>, par les joyeux Renard et Ysengrin, sortis tout droit du Roman de Renard. Les enfants ont ador\u00e9.<\/p>\n\n\n\n<h3>Coll\u00e8ge Royal et militaire<\/h3>\n\n\n\n<p>Le <a href=\"https:\/\/www.collegeroyal-thirongardais.com\/\">Coll\u00e8ge Royal et militaire<\/a>, magnifiquement remis en \u00e9tat gr\u00e2ce \u00e0 St\u00e9phane Bern dont on visite les salles de classe et les jardins. <strong>Anouck a r\u00e9solu toutes les \u00e9nigmes du lieu et a gagn\u00e9 une plante en souvenir<\/strong>&nbsp;! Il nous aura manqu\u00e9 un peu de temps pour profiter du salon de th\u00e9 au fond du jardin, pr\u00e8s de l\u2019orangerie.<\/p>\n\n\n\n<h3>Ch\u00e2teau des Comtes du Perche<\/h3>\n\n\n\n<p>Le <a href=\"https:\/\/www.ville-nogentlerotrou.fr\/culture\/le-chateau-des-comtes-du-perche\/\">ch\u00e2teau des Comtes du Perche<\/a>, appel\u00e9 Saint-Jean, \u00e0 Nogent-le-Rotrou. <strong>Un lieu tr\u00e8s agr\u00e9able le temps d\u2019un pique-nique au vert<\/strong> et pour visiter, si vous avez le temps. De notre c\u00f4t\u00e9, nous avons juste fait le tour du ch\u00e2teau pour d\u00e9couvrir quelques histoires truculentes, notamment celle des cabinets&nbsp;!<\/p>\n\n\n\n<h3>Maison Ferr\u00e9<\/h3>\n\n\n\n<p><a href=\"https:\/\/www.lamaisonferre.fr\/\">Maison Ferr\u00e9<\/a>, une <strong>cidrerie familiale, sur le chemin<\/strong>, mais que nous n\u2019avons pas pu visiter, tout comme le Mus\u00e9e du Poirais quelques kilom\u00e8tres plus loin, \u00e0 Barenton. Il faut dire, nous allons \u00e9viter de nous charger trop inutilement&nbsp;!<\/p>\n\n\n\n<h3>Mortagne-au-Perche<\/h3>\n\n\n\n<p><strong>La Ville de Mortagne-au-Perche a scell\u00e9 ses 4km de <a href=\"https:\/\/petitescitesdecaractere.com\/sites\/default\/files\/user\/122\/uploads\/broch_15_patrimoine_mortagne-au-perche.pdf\">parcours du patrimoine<\/a> gr\u00e2ce \u00e0 200 clous repr\u00e9sentant une arche<\/strong>, en bronze, pour rappeler la porte Saint-Denis de Mortagne, \u00e0 suivre au d\u00e9part de l\u2019Office du Tourisme jusqu\u2019au clo\u00eetre de l\u2019h\u00f4pital. Petits et grands peuvent aussi participer au Cherche et Trouve pour rep\u00e9rer les indices qui pourront aider le commissaire \u00e0 r\u00e9soudre son enqu\u00eate&nbsp;! Tout cela avec l\u2019exposition de la sculptrice Fanny Ferr\u00e9, nous \u00e9tions bien occup\u00e9s&nbsp;!<\/p>\n\n\n\n<h3>Mus\u00e9e des Beaux-Arts et de la Dentelle<\/h3>\n\n\n\n<p>Le <a href=\"https:\/\/museedentelle.cu-alencon.fr\/\">mus\u00e9e des Beaux-Arts et de la Dentelle<\/a> d\u2019Alen\u00e7on, gratuit jusqu\u2019au 19 septembre, nous a permis de <strong>d\u00e9couvrir le mus\u00e9e et le travail de l\u2019atelier conservatoire d\u2019un savoir-faire dentellier unique au monde<\/strong> : la dentelle au Point d\u2019Alen\u00e7on, vieux de 400 ans \u2013 n\u00e9cessitant 7h \u00e0 15h de travail pour un ouvrage de la taille d\u2019un timbre et <strong>class\u00e9 au Patrimoine culturel immat\u00e9riel de l\u2019UNESCO depuis 2010<\/strong>. De nombreuses activit\u00e9s sont pr\u00e9vues \u00e0 tous les niveaux, pour les enfants, gr\u00e2ce au kit <a href=\"https:\/\/mom-art.org\/petits-doigts-de-fee-au-musee-des-beaux-arts-et-de-la-dentelle-dalencon\/\">Mus\u00e9oJeux<\/a>&nbsp;!<\/p>\n\n\n\n<h3>Mus\u00e9e du v\u00e9lo<\/h3>\n\n\n\n<p><strong>Le mus\u00e9e du v\u00e9lo, \u00ab&nbsp;la belle \u00e9chapp\u00e9e&nbsp;\u00bb, permet par un d\u00e9tour de 12 kilom\u00e8tres A\/R<\/strong>, de revivre l&rsquo;histoire du cyclisme et du Tour de 1890 \u00e0 nos jours.&nbsp;<\/p>\n\n\n\n<h3>Ferme du Chemin<\/h3>\n\n\n\n<p><strong>Promenade en attelage \u00e0 la Ferme du Chemin<\/strong>. Apr\u00e8s avoir bross\u00e9 et pr\u00e9par\u00e9 Uriel, entre deux ond\u00e9es, nous sommes mont\u00e9s en voiture et avons fait le tour de Madr\u00e9 et sa campagne&nbsp;!&nbsp;<\/p>\n\n\n\n<h2><strong>De Madr\u00e9 au Mont-Saint-Michel<\/strong><\/h2>\n\n\n\n<h3>Chapelle Notre-Dame de Lignou<\/h3>\n\n\n\n<p>Nous n\u2019avons pas pris le temps d\u2019une pause au <strong>ch\u00e2teau de Couterne<\/strong>, mais un petit stop \u00e0 la <strong>chapelle Notre-Dame de Lignou<\/strong>, n\u00e9o-byzantine suite \u00e0 <a href=\"http:\/\/r.gallier.free.fr\/communes\/couterne%20lignou.htm\">sa l\u00e9gende<\/a>\u2026<\/p>\n\n\n\n<h3>V\u00e9lo-rail<\/h3>\n\n\n\n<p><a href=\"https:\/\/www.bagnolesdelorne.com\/mes-envies\/en-famille\/une-balade-en-velo-rail\/\">V\u00e9lo-rail de Bagnoles de l\u2019Orne<\/a>. Grande premi\u00e8re pour nous&nbsp;! Apr\u00e8s avoir p\u00e9dal\u00e9 pr\u00e8s de 350km, nous n\u2019\u00e9tions plus \u00e0 5km pr\u00e8s, d\u2019autant plus quand ils sont faits sur rail et en famille, <strong>le long de l\u2019ancienne voie ferr\u00e9e, au c\u0153ur de la for\u00eat des Andaines<\/strong>&nbsp;! Et puis, cette fois, ce sont les enfants qui ont p\u00e9dal\u00e9, surtout au retour.<\/p>\n\n\n\n<h3>Jardin retir\u00e9<\/h3>\n\n\n\n<p><a href=\"http:\/\/lejardinretire.fr\/fr\/home\/\">Le Jardin retir\u00e9<\/a>. Nous aurions aim\u00e9 prolonger cette <strong>charmante halte dans la station thermale de Bagnoles<\/strong>, par la visite du jardin \u00e0 l\u2019anglaise d\u2019Anne Blanchet, malheureusement ferm\u00e9 le lundi&nbsp;!<\/p>\n\n\n\n<h3>La Tour de Bonvouloir<\/h3>\n\n\n\n<p><strong>Promenade d\u2019une heure, \u00e0 poneys, sur le magnifique site de la <a href=\"https:\/\/www.bagnolesdelorne.com\/mes-envies\/remonter-le-temps\/sur-les-traces-des-chateaux\/la-tour-de-bonvouloir\/\">Tour de Bonvouloir<\/a>.<\/strong> On peut normalement y manger une cr\u00eape dans un d\u00e9cor m\u00e9di\u00e9val, mais le lundi aussi c\u2019est ferm\u00e9. Heureusement, il y a une <strong>tr\u00e8s bonne adresse de routards \u00e0 Juvigny<\/strong>, La maison d\u2019Andaine avec un menu midi complet et un large choix pour 13\u20ac&nbsp;!<\/p>\n\n\n\n<h3>Domfront<\/h3>\n\n\n\n<p><strong>Visite de la ville de Domfront, son incroyable \u00e9glise byzantine de Saint-Julien ou la chapelle les pieds dans l\u2019eau d\u2019un autre \u00e2ge&nbsp;! <\/strong>Mais pour d\u00e9couvrir la ville sous une autre facette, nous avons opt\u00e9 pour l\u2019une des trois chasses au tr\u00e9sor propos\u00e9es par l\u2019Office du Tourisme : le Tertre de Sainte-Anne, dans le site naturel de la ville basse. Normalement cela aurait d\u00fb nous prendre 1h30, mais on s\u2019est un peu perdu\u2026 <strong>Un bel itin\u00e9raire malgr\u00e9 tout en pleine nature&nbsp;!<\/strong> On a n\u00e9anmoins remport\u00e9 notre lot&nbsp;! Dommage qu\u2019elles soient payantes (2\u20ac)\u2026<\/p>\n\n\n\n<h3>Mortains <\/h3>\n\n\n\n<p><strong>Les cascades de Mortain sont une petite merveille dans la Manche.<\/strong> Le chemin est parfaitement am\u00e9nag\u00e9 pour les randonneurs pour admirer les 25m de chute de la grande Cascade. Une journ\u00e9e sera n\u00e9cessaire pour voir l\u2019ensemble : <strong>la petite et la grande cascade, mais aussi l\u2019Abbaye blanche et la petite chapelle Saint-Michel dans la for\u00eat d\u2019\u00e9pic\u00e9as<\/strong> que les habitants ont replant\u00e9 suite \u00e0 la temp\u00eate de 1999, mais attention, \u00e7a grimpe. De tout l\u00e0-haut, on peut voir d\u00e9j\u00e0 la baie se d\u00e9couper&nbsp;!&nbsp;<\/p>\n\n\n\n<h3>Saint-Hilaire-du-Harcou\u00ebt<\/h3>\n\n\n\n<p>Le march\u00e9 et le plan d\u2019eau de <strong>Saint-Hilaire-du-Harcou\u00ebt<\/strong>.<\/p>\n\n\n\n<h3>Ch\u00e2teau de Ducey<\/h3>\n\n\n\n<p><strong>Le ch\u00e2teau de Ducey et son \u00ab&nbsp;Ducey Code&nbsp;\u00bb<\/strong>, un jeu d\u2019enqu\u00eate \u00e0 r\u00e9soudre en famille, dans le ch\u00e2teau et les jardins o\u00f9 se tient une exposition photo de paysages du coin.<\/p>\n\n\n\n<h3>Mont-Saint-Michel<\/h3>\n\n\n\n<p><strong>Le Mont-Saint-Michel, ses remparts et la vue depuis la mer retir\u00e9e<\/strong>. L\u2019acc\u00e8s est gratuit, une navette peut m\u00eame vous y conduire depuis la Caserne. Seul l\u2019acc\u00e8s \u00e0 l\u2019Abbaye est payant.<\/p>\n\n\n\n<h2>\u00c9quipement<\/h2>\n\n\n\n<ul><li>2 VTC \u00e9lectriques&nbsp;: 1 Winora \u2013 batterie Yamaha, 1 Kakelhoff \u2013 batterie Bosch<\/li><li>2 v\u00e9los 20\u2019\u2019 dont l\u2019un \u00e9quip\u00e9 d\u2019un follow-me<\/li><li>remorque Thule Cheetah 2 places<\/li><li>si\u00e8ge b\u00e9b\u00e9 Hamax pour son inclinaison, pour les siestes.<\/li><li>Un tote-bag par personne, 1 pour les pyjamas, 1 pour le linge sale, 1 pour les k-way et affaires de soleil, 1 pour les chaussures&nbsp;: baskets et sandales de marche pour tous<\/li><li>Une tente MSR 4 places, sacs \u00e0 viande, 2 tapis de sol, 2 duvets et 2 plaids (un peu light, mais peu utilis\u00e9s)<\/li><li>Une sangle pour tirer un v\u00e9lo sur les pentes ardues ou les longs faux-plats<\/li><li>enceinte Bluetooth et 9h de playlist musicale&nbsp;!!!<\/li><\/ul>\n\n\n\n<h2>HEY, SI ON \u00c9QUIPAIT VOS PETITS BAROUDEURS ?<\/h2>\n\n\n\n<p>Chez les Petits Baroudeurs, nous&nbsp;<strong>d\u00e9nichons avec soin et amour<\/strong>&nbsp;les produits utiles \u00e0 vos aventures en famille.&nbsp;<strong>Nous les testons<\/strong>&nbsp;avec nos Oursons, les cousins, les amis de nos loupiots \u2013 quand nos enfants sont trop grands pour tester eux m\u00eame. Et&nbsp;<strong>nous ne s\u00e9lectionnons que les meilleurs produits&nbsp;<\/strong>pour vous les proposer.<\/p>\n\n\n\n<p>Voici donc la s\u00e9lection de notre boutique pour un&nbsp;s\u00e9jour sur la <strong>V\u00e9losc\u00e9nie en<\/strong> <strong>famille<\/strong>&nbsp;:<\/p>\n\n\n\n<div class=\"wp-block-group alignwide\"><div class=\"wp-block-group__inner-container\">\n<div class=\"wp-block-columns alignwide\">\n<div class=\"wp-block-column\">\n<figure class=\"wp-block-image size-large\"><a href=\"https:\/\/www.lespetitsbaroudeurs.com\/bivouac-camping-enfant-famille-76\" target=\"_blank\" rel=\"noopener noreferrer\"><img loading=\"lazy\" width=\"800\" height=\"800\" src=\"https:\/\/www.lespetitsbaroudeurs.com\/blog\/wp-content\/uploads\/2021\/03\/elixir-4-msr.jpg\" alt=\"\" class=\"wp-image-5666\" srcset=\"https:\/\/www.lespetitsbaroudeurs.com\/blog\/wp-content\/uploads\/2021\/03\/elixir-4-msr.jpg 800w, https:\/\/www.lespetitsbaroudeurs.com\/blog\/wp-content\/uploads\/2021\/03\/elixir-4-msr-300x300.jpg 300w, https:\/\/www.lespetitsbaroudeurs.com\/blog\/wp-content\/uploads\/2021\/03\/elixir-4-msr-150x150.jpg 150w, https:\/\/www.lespetitsbaroudeurs.com\/blog\/wp-content\/uploads\/2021\/03\/elixir-4-msr-768x768.jpg 768w, https:\/\/www.lespetitsbaroudeurs.com\/blog\/wp-content\/uploads\/2021\/03\/elixir-4-msr-270x270.jpg 270w, https:\/\/www.lespetitsbaroudeurs.com\/blog\/wp-content\/uploads\/2021\/03\/elixir-4-msr-540x540.jpg 540w, https:\/\/www.lespetitsbaroudeurs.com\/blog\/wp-content\/uploads\/2021\/03\/elixir-4-msr-580x580.jpg 580w\" sizes=\"(max-width: 800px) 100vw, 800px\" \/><\/a><figcaption><em>Tente de randonn\u00e9e 4 places<\/em><br><em><a href=\"https:\/\/www.lespetitsbaroudeurs.com\/bivouac-camping-enfant-famille-76\" target=\"_blank\" rel=\"noreferrer noopener\">\u27b3Je d\u00e9couvre<\/a><\/em><\/figcaption><\/figure>\n<\/div>\n\n\n\n<div class=\"wp-block-column\">\n<figure class=\"wp-block-image size-large\"><a href=\"https:\/\/www.lespetitsbaroudeurs.com\/remorque-velo-enfant-80\" target=\"_blank\" rel=\"noopener noreferrer\"><img loading=\"lazy\" width=\"800\" height=\"800\" src=\"https:\/\/www.lespetitsbaroudeurs.com\/blog\/wp-content\/uploads\/2021\/04\/thule-chariot-cab.jpg\" alt=\"remorque enfant\" class=\"wp-image-5943\" srcset=\"https:\/\/www.lespetitsbaroudeurs.com\/blog\/wp-content\/uploads\/2021\/04\/thule-chariot-cab.jpg 800w, https:\/\/www.lespetitsbaroudeurs.com\/blog\/wp-content\/uploads\/2021\/04\/thule-chariot-cab-300x300.jpg 300w, https:\/\/www.lespetitsbaroudeurs.com\/blog\/wp-content\/uploads\/2021\/04\/thule-chariot-cab-150x150.jpg 150w, https:\/\/www.lespetitsbaroudeurs.com\/blog\/wp-content\/uploads\/2021\/04\/thule-chariot-cab-768x768.jpg 768w, https:\/\/www.lespetitsbaroudeurs.com\/blog\/wp-content\/uploads\/2021\/04\/thule-chariot-cab-270x270.jpg 270w, https:\/\/www.lespetitsbaroudeurs.com\/blog\/wp-content\/uploads\/2021\/04\/thule-chariot-cab-540x540.jpg 540w, https:\/\/www.lespetitsbaroudeurs.com\/blog\/wp-content\/uploads\/2021\/04\/thule-chariot-cab-580x580.jpg 580w\" sizes=\"(max-width: 800px) 100vw, 800px\" \/><\/a><figcaption><em>Remorque v\u00e9lo enfant<br><a href=\"https:\/\/www.lespetitsbaroudeurs.com\/remorque-velo-enfant-80\" target=\"_blank\" rel=\"noreferrer noopener\">\u27b3Je d\u00e9couvre<\/a><\/em><\/figcaption><\/figure>\n<\/div>\n\n\n\n<div class=\"wp-block-column\">\n<figure class=\"wp-block-image size-large\"><a href=\"https:\/\/www.lespetitsbaroudeurs.com\/follow-me-1052.html\" target=\"_blank\" rel=\"noopener noreferrer\"><img loading=\"lazy\" width=\"800\" height=\"800\" src=\"https:\/\/www.lespetitsbaroudeurs.com\/blog\/wp-content\/uploads\/2021\/09\/follow-me.jpg\" alt=\"barre de traction v\u00e9lo\" class=\"wp-image-7585\" srcset=\"https:\/\/www.lespetitsbaroudeurs.com\/blog\/wp-content\/uploads\/2021\/09\/follow-me.jpg 800w, https:\/\/www.lespetitsbaroudeurs.com\/blog\/wp-content\/uploads\/2021\/09\/follow-me-300x300.jpg 300w, https:\/\/www.lespetitsbaroudeurs.com\/blog\/wp-content\/uploads\/2021\/09\/follow-me-150x150.jpg 150w, https:\/\/www.lespetitsbaroudeurs.com\/blog\/wp-content\/uploads\/2021\/09\/follow-me-768x768.jpg 768w, https:\/\/www.lespetitsbaroudeurs.com\/blog\/wp-content\/uploads\/2021\/09\/follow-me-270x270.jpg 270w, https:\/\/www.lespetitsbaroudeurs.com\/blog\/wp-content\/uploads\/2021\/09\/follow-me-540x540.jpg 540w, https:\/\/www.lespetitsbaroudeurs.com\/blog\/wp-content\/uploads\/2021\/09\/follow-me-580x580.jpg 580w\" sizes=\"(max-width: 800px) 100vw, 800px\" \/><\/a><figcaption><em>Follow-me tandem<\/em><br><em><a href=\"https:\/\/www.lespetitsbaroudeurs.com\/follow-me-1052.html\" target=\"_blank\" rel=\"noreferrer noopener\">\u27b3Je d\u00e9couvre<\/a><\/em><\/figcaption><\/figure>\n<\/div>\n<\/div>\n<\/div><\/div>\n","protected":false},"excerpt":{"rendered":"<p>On ne vous pr\u00e9sente plus nos Ambassadeurs de longue date, la famille Niaudet, passionn\u00e9e de marche et de montagne ! Ils aiment partir \u00e0 la d\u00e9couverte d\u2019autres cultures et s\u2019\u00e9chapper vers de nouveaux horizons. D\u00e9couvrez \u00e0 travers ce r\u00e9cit, leur parcours\u00a0de 530km \u00e0 travers la V\u00e9losc\u00e9nie en famille, qui relie Paris au Mont-Saint-Michel. J1&nbsp;: Top [&hellip;]<\/p>\n","protected":false},"author":41,"featured_media":8237,"comment_status":"open","ping_status":"open","sticky":false,"template":"","format":"standard","meta":[],"categories":[153,149],"tags":[],"yoast_head":"<!-- This site is optimized with the Yoast SEO plugin v14.9 - https:\/\/yoast.com\/wordpress\/plugins\/seo\/ -->\n<title>15 jours en famille sur la V\u00e9losc\u00e9nie, en qu\u00eate de Michel !<\/title>\n<meta name=\"description\" content=\"Partez \u00e0 la d\u00e9couverte des voies vertes de la V\u00e9losc\u00e9nie en famille, pour un parcours qui relie Paris au Mont-Saint-Michel.\" \/>\n<meta name=\"robots\" content=\"index, follow, max-snippet:-1, max-image-preview:large, max-video-preview:-1\" \/>\n<link rel=\"canonical\" href=\"https:\/\/www.lespetitsbaroudeurs.com\/blog\/15-jours-en-famille-sur-la-veloscenie-en-quete-de-michel\/\" \/>\n<meta property=\"og:locale\" content=\"fr_FR\" \/>\n<meta property=\"og:type\" content=\"article\" \/>\n<meta property=\"og:title\" content=\"15 jours en famille sur la V\u00e9losc\u00e9nie, en qu\u00eate de Michel !\" \/>\n<meta property=\"og:description\" content=\"Partez \u00e0 la d\u00e9couverte des voies vertes de la V\u00e9losc\u00e9nie en famille, pour un parcours qui relie Paris au Mont-Saint-Michel.\" \/>\n<meta property=\"og:url\" content=\"https:\/\/www.lespetitsbaroudeurs.com\/blog\/15-jours-en-famille-sur-la-veloscenie-en-quete-de-michel\/\" \/>\n<meta property=\"og:site_name\" content=\"Les Petits Baroudeurs\" \/>\n<meta property=\"article:publisher\" content=\"https:\/\/www.facebook.com\/lespetitsbaroudeurs\/\" \/>\n<meta property=\"article:published_time\" content=\"2022-03-02T16:59:37+00:00\" \/>\n<meta property=\"article:modified_time\" content=\"2022-03-10T15:38:38+00:00\" \/>\n<meta property=\"og:image\" content=\"https:\/\/www.lespetitsbaroudeurs.com\/blog\/wp-content\/uploads\/2022\/03\/veloscenie.png\" \/>\n\t<meta property=\"og:image:width\" content=\"1136\" \/>\n\t<meta property=\"og:image:height\" content=\"530\" \/>\n<meta name=\"twitter:card\" content=\"summary_large_image\" \/>\n<script type=\"application\/ld+json\" class=\"yoast-schema-graph\">{\"@context\":\"https:\/\/schema.org\",\"@graph\":[{\"@type\":\"WebSite\",\"@id\":\"https:\/\/www.lespetitsbaroudeurs.com\/blog\/#website\",\"url\":\"https:\/\/www.lespetitsbaroudeurs.com\/blog\/\",\"name\":\"Les Petits Baroudeurs\",\"description\":\"Le Blog de l&#039;aventure en famille !\",\"potentialAction\":[{\"@type\":\"SearchAction\",\"target\":\"https:\/\/www.lespetitsbaroudeurs.com\/blog\/?s={search_term_string}\",\"query-input\":\"required name=search_term_string\"}],\"inLanguage\":\"fr-FR\"},{\"@type\":\"ImageObject\",\"@id\":\"https:\/\/www.lespetitsbaroudeurs.com\/blog\/15-jours-en-famille-sur-la-veloscenie-en-quete-de-michel\/#primaryimage\",\"inLanguage\":\"fr-FR\",\"url\":\"https:\/\/www.lespetitsbaroudeurs.com\/blog\/wp-content\/uploads\/2022\/03\/veloscenie.png\",\"width\":1136,\"height\":530,\"caption\":\"v\\u00e9losc\\u00e9nie - mont saint michel\"},{\"@type\":\"WebPage\",\"@id\":\"https:\/\/www.lespetitsbaroudeurs.com\/blog\/15-jours-en-famille-sur-la-veloscenie-en-quete-de-michel\/#webpage\",\"url\":\"https:\/\/www.lespetitsbaroudeurs.com\/blog\/15-jours-en-famille-sur-la-veloscenie-en-quete-de-michel\/\",\"name\":\"15 jours en famille sur la V\\u00e9losc\\u00e9nie, en qu\\u00eate de Michel !\",\"isPartOf\":{\"@id\":\"https:\/\/www.lespetitsbaroudeurs.com\/blog\/#website\"},\"primaryImageOfPage\":{\"@id\":\"https:\/\/www.lespetitsbaroudeurs.com\/blog\/15-jours-en-famille-sur-la-veloscenie-en-quete-de-michel\/#primaryimage\"},\"author\":{\"@id\":\"https:\/\/www.lespetitsbaroudeurs.com\/blog\/#\/schema\/person\/f3473036f50f1384f22606bf6ac1dc9d\"},\"description\":\"Partez \\u00e0 la d\\u00e9couverte des voies vertes de la V\\u00e9losc\\u00e9nie en famille, pour un parcours qui relie Paris au Mont-Saint-Michel.\",\"inLanguage\":\"fr-FR\",\"potentialAction\":[{\"@type\":\"ReadAction\",\"target\":[\"https:\/\/www.lespetitsbaroudeurs.com\/blog\/15-jours-en-famille-sur-la-veloscenie-en-quete-de-michel\/\"]}]},{\"@type\":\"Person\",\"@id\":\"https:\/\/www.lespetitsbaroudeurs.com\/blog\/#\/schema\/person\/f3473036f50f1384f22606bf6ac1dc9d\",\"name\":\"La famille Niaudet\",\"image\":{\"@type\":\"ImageObject\",\"@id\":\"https:\/\/www.lespetitsbaroudeurs.com\/blog\/#personlogo\",\"inLanguage\":\"fr-FR\",\"url\":\"https:\/\/secure.gravatar.com\/avatar\/6e7c55c7bd63327b4f23e71e5f7e9b8b?s=96&d=mm&r=g\",\"caption\":\"La famille Niaudet\"},\"description\":\"Moi, c\\u2019est Vanessa, lui, c\\u2019est Benoit. Mordus de nature, on est tomb\\u00e9 amoureux l\\u2019un de l\\u2019autre gr\\u00e2ce \\u00e0 nos passions communes pour la marche, la montagne et la d\\u00e9couverte d\\u2019autres cultures et de nouveaux horizons. Apr\\u00e8s avoir bien profit\\u00e9 des sentiers \\u00e0 deux, nous sommes rentr\\u00e9s du Cameroun \\u00e0 3... D'abord, Anouck, n\\u00e9e en 2013, a \\u00e9t\\u00e9 de toutes nos excursions, en \\u00e9charpe, \\u00e0 pied puis \\u00e0 v\\u00e9lo. Elle aime \\u00eatre libre, r\\u00eave de traverser un pays \\u00e0 pied, moins arr\\u00eater de sucer ses deux doigts. Deux ans apr\\u00e8s, Niels est arriv\\u00e9 ! Apr\\u00e8s la marche, le v\\u00e9lo, l'accrobranche, le ski lui r\\u00e9ussit! Le ski aussi, le ski aussi\\u2026 Il aime passer des heures dans la nature et jardiner, moins le centre a\\u00e9r\\u00e9. Deux ans plus tard, c'est Swann qui rejoint la tribu. Le sourire aux l\\u00e8vres, il a d\\u00e9j\\u00e0 vadrouill\\u00e9 sur les Chemins de Compostelle, puis du Pays Basque \\u00e0 la Galice, pris l\\u2019air des Alpes Italiennes et Helv\\u00e8tes avant d'atterrir \\u00e0 Chamb\\u00e9ry. Il aime les myrtilles sauvages, moins le soleil \\u2013 Shame la peau de roux ! Le dernier de la cord\\u00e9e nous a rejoint cet hiver. Grace \\u00e0 notre amour des Alpes et des grands espaces, S\\u00f6ren sera le seul \\u00e0 pouvoir revendiquer son origine savoyarde. Il aime les promenades en portage et cumule d\\u00e9j\\u00e0 bon nombre de kilom\\u00e8tres \\u00e0 son podom\\u00e8tre !\"}]}<\/script>\n<!-- \/ Yoast SEO plugin. -->","_links":{"self":[{"href":"https:\/\/www.lespetitsbaroudeurs.com\/blog\/wp-json\/wp\/v2\/posts\/8128"}],"collection":[{"href":"https:\/\/www.lespetitsbaroudeurs.com\/blog\/wp-json\/wp\/v2\/posts"}],"about":[{"href":"https:\/\/www.lespetitsbaroudeurs.com\/blog\/wp-json\/wp\/v2\/types\/post"}],"author":[{"embeddable":true,"href":"https:\/\/www.lespetitsbaroudeurs.com\/blog\/wp-json\/wp\/v2\/users\/41"}],"replies":[{"embeddable":true,"href":"https:\/\/www.lespetitsbaroudeurs.com\/blog\/wp-json\/wp\/v2\/comments?post=8128"}],"version-history":[{"count":44,"href":"https:\/\/www.lespetitsbaroudeurs.com\/blog\/wp-json\/wp\/v2\/posts\/8128\/revisions"}],"predecessor-version":[{"id":8241,"href":"https:\/\/www.lespetitsbaroudeurs.com\/blog\/wp-json\/wp\/v2\/posts\/8128\/revisions\/8241"}],"wp:featuredmedia":[{"embeddable":true,"href":"https:\/\/www.lespetitsbaroudeurs.com\/blog\/wp-json\/wp\/v2\/media\/8237"}],"wp:attachment":[{"href":"https:\/\/www.lespetitsbaroudeurs.com\/blog\/wp-json\/wp\/v2\/media?parent=8128"}],"wp:term":[{"taxonomy":"category","embeddable":true,"href":"https:\/\/www.lespetitsbaroudeurs.com\/blog\/wp-json\/wp\/v2\/categories?post=8128"},{"taxonomy":"post_tag","embeddable":true,"href":"https:\/\/www.lespetitsbaroudeurs.com\/blog\/wp-json\/wp\/v2\/tags?post=8128"}],"curies":[{"name":"wp","href":"https:\/\/api.w.org\/{rel}","templated":true}]}}