{"id":8311,"date":"2022-05-10T14:33:56","date_gmt":"2022-05-10T12:33:56","guid":{"rendered":"https:\/\/www.lespetitsbaroudeurs.com\/blog\/?p=8311"},"modified":"2022-05-10T18:00:23","modified_gmt":"2022-05-10T16:00:23","slug":"la-corse-en-famille","status":"publish","type":"post","link":"https:\/\/www.lespetitsbaroudeurs.com\/blog\/la-corse-en-famille\/","title":{"rendered":"La Corse en famille"},"content":{"rendered":"\n<p><em>La famille Colosimo vous embarque \u00e0 destination de l&rsquo;\u00cele de Beaut\u00e9, entre mer et montagnes. D\u00e9couvrez ses villages typiques, ses chemins de randonn\u00e9e adapt\u00e9s aux familles, ses plages de r\u00eave et ses paysages sauvages. Vous ne pourrez plus r\u00e9sister \u00e0 l&rsquo;envie de d\u00e9couvrir la Corse en famille \u00e0 la fin de ce r\u00e9cit&#8230; <\/em><\/p>\n\n\n\n<p>La Corse est clairement l&rsquo;une de <strong>nos destinations pr\u00e9f\u00e9r\u00e9es<\/strong>.&nbsp;<\/p>\n\n\n\n<p>Cette petite \u00eele du bout de la France porte en elle une <strong>multitude de tr\u00e9sors<\/strong>.\u00a0 Des <strong>plages de sable fin<\/strong>, une <strong>mer cristalline<\/strong>, une <strong>nature riche et luxuriante<\/strong> (le fameux maquis Corse), des <strong>montagnes<\/strong>, des petits <strong>villages au charme fou<\/strong> et surtout un <strong>littoral sublimement pr\u00e9serv\u00e9<\/strong>.\u00a0<\/p>\n\n\n\n<p>Nous y sommes d\u00e9j\u00e0 all\u00e9s plusieurs fois ce qui nous a permis de <strong>d\u00e9couvrir plusieurs r\u00e9gions, du nord au sud et d\u2019est en ouest.<\/strong> L\u2019\u00eele de Beaut\u00e9, nous la pr\u00e9f\u00e9rons <strong>hors saison, pour \u00e9viter \u00e0 la fois les fortes chaleurs et la foule de vacanciers.<\/strong> Mettre les pieds sur une plage paradisiaque quasi d\u00e9serte (voire d\u00e9serte) offre un <strong>sentiment de libert\u00e9 assez savoureux<\/strong>.\u00a0<\/p>\n\n\n\n<p>Notre derni\u00e8re escapade \u00e9tait en <strong>mai dernier<\/strong>, durant quelques jours. Nous sommes retourn\u00e9s dans <strong>un de nos endroits pr\u00e9f\u00e9r\u00e9s\u00a0: la baie de Santa Giulia <\/strong>et ses environs. C\u2019est une destination vraiment <strong>agr\u00e9able avec des enfants<\/strong>. Il est facile de trouver des <strong>randonn\u00e9es accessibles<\/strong> et la mer reste toujours un <strong>terrain de jeu et de d\u00e9tente formidable<\/strong>.\u00a0<\/p>\n\n\n\n<figure class=\"wp-block-gallery columns-2 is-cropped\"><ul class=\"blocks-gallery-grid\"><li class=\"blocks-gallery-item\"><figure><img loading=\"lazy\" width=\"562\" height=\"768\" src=\"https:\/\/www.lespetitsbaroudeurs.com\/blog\/wp-content\/uploads\/2022\/04\/image00003.jpeg\" alt=\"\" data-id=\"8412\" data-full-url=\"https:\/\/www.lespetitsbaroudeurs.com\/blog\/wp-content\/uploads\/2022\/04\/image00003.jpeg\" data-link=\"https:\/\/www.lespetitsbaroudeurs.com\/blog\/?attachment_id=8412\" class=\"wp-image-8412\" srcset=\"https:\/\/www.lespetitsbaroudeurs.com\/blog\/wp-content\/uploads\/2022\/04\/image00003.jpeg 562w, https:\/\/www.lespetitsbaroudeurs.com\/blog\/wp-content\/uploads\/2022\/04\/image00003-220x300.jpeg 220w\" sizes=\"(max-width: 562px) 100vw, 562px\" \/><\/figure><\/li><li class=\"blocks-gallery-item\"><figure><img loading=\"lazy\" width=\"562\" height=\"768\" src=\"https:\/\/www.lespetitsbaroudeurs.com\/blog\/wp-content\/uploads\/2022\/04\/IMG_2474.jpg\" alt=\"\" data-id=\"8413\" data-full-url=\"https:\/\/www.lespetitsbaroudeurs.com\/blog\/wp-content\/uploads\/2022\/04\/IMG_2474.jpg\" data-link=\"https:\/\/www.lespetitsbaroudeurs.com\/blog\/?attachment_id=8413\" class=\"wp-image-8413\" srcset=\"https:\/\/www.lespetitsbaroudeurs.com\/blog\/wp-content\/uploads\/2022\/04\/IMG_2474.jpg 562w, https:\/\/www.lespetitsbaroudeurs.com\/blog\/wp-content\/uploads\/2022\/04\/IMG_2474-220x300.jpg 220w\" sizes=\"(max-width: 562px) 100vw, 562px\" \/><\/figure><\/li><\/ul><figcaption class=\"blocks-gallery-caption\"><em>La Corse en famille<\/em><\/figcaption><\/figure>\n\n\n\n<h2><strong>Se rendre en Corse<\/strong><\/h2>\n\n\n\n<p><strong>Nous prenons toujours le bateau, avec la compagnie Corsica Ferries<\/strong>. Il est possible de partir depuis Toulon ou Nice et d\u2019arriver \u00e0 Bastia, Ile Rousse, Ajaccio ou Porto Vecchio.<\/p>\n\n\n\n<p><strong>C\u2019est un moyen de transport \u00e0 la fois \u00e9conomique et agr\u00e9able<\/strong>. Nous traversons la France en voiture sur la journ\u00e9e pour embarquer le soir (avec notre v\u00e9hicule) et ainsi <strong>dormir sur le bateau<\/strong>. La travers\u00e9e passe plus vite, (20h-7h en g\u00e9n\u00e9ral)<strong> pour des enfants, c\u2019est l\u2019id\u00e9al<\/strong>. Par contre, attendez-vous \u00e0 un <strong>r\u00e9veil tr\u00e8s matinal, entre 5h et 6h\u00a0<\/strong>!\u00a0<\/p>\n\n\n\n<p>Il existe des <strong>cabines familiales<\/strong>, elles sont petites mais confortables.\u00a0<\/p>\n\n\n\n<p>Vous trouverez tout ce qu\u2019il faut sur le bateau\u00a0: <strong>restaurants, family room,<\/strong> mais le plus sympa bien s\u00fbr, c\u2019est de<strong> se promener sur les diff\u00e9rents ponts<\/strong>. Nos enfants adorent\u00a0! Si le temps est cl\u00e9ment, vous assisterez m\u00eame \u00e0 un <strong>magnifique coucher de soleil<\/strong>. Rien de mieux pour <strong>se sentir d\u00e9j\u00e0 en vacances\u00a0!\u00a0\u00a0<\/strong><\/p>\n\n\n\n<p>Vous pouvez bien s\u00fbr <strong>prendre un bateau de jour<\/strong> avec une travers\u00e9e plus rapide ou <strong>prendre l\u2019avion<\/strong>.\u00a0<\/p>\n\n\n\n<figure class=\"wp-block-image size-large\"><img loading=\"lazy\" width=\"562\" height=\"768\" src=\"https:\/\/www.lespetitsbaroudeurs.com\/blog\/wp-content\/uploads\/2022\/04\/IMG_1649.jpg\" alt=\"La Corse en famille\" class=\"wp-image-8398\" srcset=\"https:\/\/www.lespetitsbaroudeurs.com\/blog\/wp-content\/uploads\/2022\/04\/IMG_1649.jpg 562w, https:\/\/www.lespetitsbaroudeurs.com\/blog\/wp-content\/uploads\/2022\/04\/IMG_1649-220x300.jpg 220w\" sizes=\"(max-width: 562px) 100vw, 562px\" \/><figcaption><em>Direction la Corse en famille avec la compagnie Corsica Ferries<\/em><\/figcaption><\/figure>\n\n\n\n<h2><strong>Alors que faire en Corse&nbsp;?&nbsp;<\/strong><\/h2>\n\n\n\n<p>Sachez que de <strong>nombreuses activit\u00e9s sont possibles<\/strong>. De notre c\u00f4t\u00e9, nous avons pr\u00e9f\u00e9r\u00e9 <strong>profiter tout simplement de ce que la nature nous offrait<\/strong>. Et il y a de quoi faire\u00a0!\u00a0<\/p>\n\n\n\n<p>(Notez qu\u2019un v\u00e9hicule est indispensable.)<\/p>\n\n\n\n<p>Il y a bien s\u00fbr les plages, qui sont nombreuses et magnifiques. Celles de <strong>Santa Giulia et de Palombaggia<\/strong> sont parmi les plus connues, mais aussi <strong>parmi les plus belles<\/strong> selon nous. Donc <strong>tr\u00e8s fr\u00e9quent\u00e9es en haute saison<\/strong>. Mais rien ne vous emp\u00eache de <strong>rouler le long de la c\u00f4te et de vous arr\u00eater lorsque vous apercevez un petit coin de plage<\/strong> ou une petite crique accessible. Vous ne serez jamais d\u00e9\u00e7us\u00a0!<\/p>\n\n\n\n<p>Il y a aussi <strong>la plage dans la baie de Rondinara<\/strong>, qui offre m\u00eame une petite balade. <\/p>\n\n\n\n<figure class=\"wp-block-gallery columns-2 is-cropped\"><ul class=\"blocks-gallery-grid\"><li class=\"blocks-gallery-item\"><figure><img loading=\"lazy\" width=\"562\" height=\"768\" src=\"https:\/\/www.lespetitsbaroudeurs.com\/blog\/wp-content\/uploads\/2022\/04\/IMG_2208.jpg\" alt=\"\" data-id=\"8400\" data-full-url=\"https:\/\/www.lespetitsbaroudeurs.com\/blog\/wp-content\/uploads\/2022\/04\/IMG_2208.jpg\" data-link=\"https:\/\/www.lespetitsbaroudeurs.com\/blog\/?attachment_id=8400\" class=\"wp-image-8400\" srcset=\"https:\/\/www.lespetitsbaroudeurs.com\/blog\/wp-content\/uploads\/2022\/04\/IMG_2208.jpg 562w, https:\/\/www.lespetitsbaroudeurs.com\/blog\/wp-content\/uploads\/2022\/04\/IMG_2208-220x300.jpg 220w\" sizes=\"(max-width: 562px) 100vw, 562px\" \/><\/figure><\/li><li class=\"blocks-gallery-item\"><figure><img loading=\"lazy\" width=\"562\" height=\"768\" src=\"https:\/\/www.lespetitsbaroudeurs.com\/blog\/wp-content\/uploads\/2022\/04\/IMG_2211.jpg\" alt=\"\" data-id=\"8401\" data-full-url=\"https:\/\/www.lespetitsbaroudeurs.com\/blog\/wp-content\/uploads\/2022\/04\/IMG_2211.jpg\" data-link=\"https:\/\/www.lespetitsbaroudeurs.com\/blog\/?attachment_id=8401\" class=\"wp-image-8401\" srcset=\"https:\/\/www.lespetitsbaroudeurs.com\/blog\/wp-content\/uploads\/2022\/04\/IMG_2211.jpg 562w, https:\/\/www.lespetitsbaroudeurs.com\/blog\/wp-content\/uploads\/2022\/04\/IMG_2211-220x300.jpg 220w\" sizes=\"(max-width: 562px) 100vw, 562px\" \/><\/figure><\/li><\/ul><figcaption class=\"blocks-gallery-caption\"><em>La baie de Rondinara<\/em><\/figcaption><\/figure>\n\n\n\n<p>Si comme nous, vous adorez \u00e9galement <strong>la montagne et la randonn\u00e9e<\/strong>, la Corse regorge de <strong>magnifiques balades<\/strong>.\u00a0<\/p>\n\n\n\n<h2><strong>Voici quelques id\u00e9es de randonn\u00e9es&nbsp;\u00e0 faire en Corse :&nbsp;<\/strong><\/h2>\n\n\n\n<h3>La cascade de Piscia di Gallu&nbsp;&nbsp;<\/h3>\n\n\n\n<p><strong>Direction la for\u00eat de l\u2019Osp\u00e9dale et son lac<\/strong>. C\u2019est vrai que c\u2019est une <strong>randonn\u00e9e tr\u00e8s fr\u00e9quent\u00e9e de l\u2019Alta Rocca<\/strong>, mais encore une fois, <strong>hors saison, vous serez plut\u00f4t tranquilles<\/strong>. Elle a l\u2019avantage d\u2019\u00eatre <strong>facile pour des enfants<\/strong>, m\u00eame si <strong>l\u2019acc\u00e8s \u00e0 la cascade sera plus compliqu\u00e9<\/strong> pour les touts petits qu\u2019il faudra peut-\u00eatre porter.<\/p>\n\n\n\n<p><strong>Compter 2h30 aller-retour avec des enfants.\u00a0<\/strong><\/p>\n\n\n\n<figure class=\"wp-block-gallery columns-2 is-cropped\"><ul class=\"blocks-gallery-grid\"><li class=\"blocks-gallery-item\"><figure><img loading=\"lazy\" width=\"562\" height=\"768\" src=\"https:\/\/www.lespetitsbaroudeurs.com\/blog\/wp-content\/uploads\/2022\/04\/IMG_1830.jpg\" alt=\"\" data-id=\"8403\" data-full-url=\"https:\/\/www.lespetitsbaroudeurs.com\/blog\/wp-content\/uploads\/2022\/04\/IMG_1830.jpg\" data-link=\"https:\/\/www.lespetitsbaroudeurs.com\/blog\/?attachment_id=8403\" class=\"wp-image-8403\" srcset=\"https:\/\/www.lespetitsbaroudeurs.com\/blog\/wp-content\/uploads\/2022\/04\/IMG_1830.jpg 562w, https:\/\/www.lespetitsbaroudeurs.com\/blog\/wp-content\/uploads\/2022\/04\/IMG_1830-220x300.jpg 220w\" sizes=\"(max-width: 562px) 100vw, 562px\" \/><\/figure><\/li><li class=\"blocks-gallery-item\"><figure><img loading=\"lazy\" width=\"562\" height=\"768\" src=\"https:\/\/www.lespetitsbaroudeurs.com\/blog\/wp-content\/uploads\/2022\/04\/IMG_7818.jpg\" alt=\"\" data-id=\"8404\" data-full-url=\"https:\/\/www.lespetitsbaroudeurs.com\/blog\/wp-content\/uploads\/2022\/04\/IMG_7818.jpg\" data-link=\"https:\/\/www.lespetitsbaroudeurs.com\/blog\/?attachment_id=8404\" class=\"wp-image-8404\" srcset=\"https:\/\/www.lespetitsbaroudeurs.com\/blog\/wp-content\/uploads\/2022\/04\/IMG_7818.jpg 562w, https:\/\/www.lespetitsbaroudeurs.com\/blog\/wp-content\/uploads\/2022\/04\/IMG_7818-220x300.jpg 220w\" sizes=\"(max-width: 562px) 100vw, 562px\" \/><\/figure><\/li><\/ul><figcaption class=\"blocks-gallery-caption\"><em>La for\u00eat de l\u2019Osp\u00e9dale et la cascade de Piscia di Gallu&nbsp;&nbsp;<\/em><\/figcaption><\/figure>\n\n\n\n<p>Le d\u00e9part se fait depuis un parking (payant) environ 4km apr\u00e8s le lac. Le balisage est bien visible. <strong>La premi\u00e8re partie est facile<\/strong>, vous marchez sous de grands pins pour ensuite <strong>arpenter un sentier avec un d\u00e9nivel\u00e9 l\u00e9ger<\/strong> qui offre un <strong>d\u00e9cor montagneux rocailleux superbe<\/strong>. <strong>Le rocher sentinelle <\/strong>est un point d\u2019\u00e9tape sympa. Il s\u2019agit d\u2019un \u00e9norme rocher qui semble tenir en \u00e9quilibre sur la falaise. <strong>Ici aussi, panorama superbe.\u00a0<\/strong><\/p>\n\n\n\n<p><strong>La deuxi\u00e8me partie de la balade se fait par une pente assez raide<\/strong>, am\u00e9nag\u00e9e au d\u00e9but, qui am\u00e8ne directement face \u00e0 la <strong>cascade sortant d\u2019une falaise rocheuse de plus de 70 m de haut<\/strong>. Pour descendre au pied de la cascade, il vous faudra descendre pas \u00e0 pas les gros rochers qui y m\u00e8nent. <strong>Le retour se fait par le m\u00eame chemin qu\u2019\u00e0 l\u2019aller<\/strong>.<\/p>\n\n\n\n<figure class=\"wp-block-gallery columns-2 is-cropped\"><ul class=\"blocks-gallery-grid\"><li class=\"blocks-gallery-item\"><figure><img loading=\"lazy\" width=\"562\" height=\"768\" src=\"https:\/\/www.lespetitsbaroudeurs.com\/blog\/wp-content\/uploads\/2022\/04\/IMG_2423.jpg\" alt=\"\" data-id=\"8409\" data-full-url=\"https:\/\/www.lespetitsbaroudeurs.com\/blog\/wp-content\/uploads\/2022\/04\/IMG_2423.jpg\" data-link=\"https:\/\/www.lespetitsbaroudeurs.com\/blog\/?attachment_id=8409\" class=\"wp-image-8409\" srcset=\"https:\/\/www.lespetitsbaroudeurs.com\/blog\/wp-content\/uploads\/2022\/04\/IMG_2423.jpg 562w, https:\/\/www.lespetitsbaroudeurs.com\/blog\/wp-content\/uploads\/2022\/04\/IMG_2423-220x300.jpg 220w\" sizes=\"(max-width: 562px) 100vw, 562px\" \/><\/figure><\/li><li class=\"blocks-gallery-item\"><figure><img loading=\"lazy\" width=\"562\" height=\"768\" src=\"https:\/\/www.lespetitsbaroudeurs.com\/blog\/wp-content\/uploads\/2022\/04\/IMG_7820.jpg\" alt=\"\" data-id=\"8410\" data-full-url=\"https:\/\/www.lespetitsbaroudeurs.com\/blog\/wp-content\/uploads\/2022\/04\/IMG_7820.jpg\" data-link=\"https:\/\/www.lespetitsbaroudeurs.com\/blog\/?attachment_id=8410\" class=\"wp-image-8410\" srcset=\"https:\/\/www.lespetitsbaroudeurs.com\/blog\/wp-content\/uploads\/2022\/04\/IMG_7820.jpg 562w, https:\/\/www.lespetitsbaroudeurs.com\/blog\/wp-content\/uploads\/2022\/04\/IMG_7820-220x300.jpg 220w\" sizes=\"(max-width: 562px) 100vw, 562px\" \/><\/figure><\/li><\/ul><figcaption class=\"blocks-gallery-caption\"><em>La Corse en famille : \u00e9tape au rocher sentinelle<\/em><\/figcaption><\/figure>\n\n\n\n<h3>Punta di a Vacca Morta<\/h3>\n\n\n\n<p>Cette randonn\u00e9e a l\u2019avantage d\u2019offrir tr\u00e8s rapidement un <strong>panorama grandiose<\/strong>. C\u2019est un parcours aller-retour dont le <strong>d\u00e9part se fait depuis le hameau de Cartalavonu.<\/strong> (Suivre le balisage orange du sentier Mare \u00e0 Mare Sud. Panneau indiquant Carbini et Levie).\u00a0<\/p>\n\n\n\n<p><strong>Compter environ 2h30 avec des enfants<\/strong>.<\/p>\n\n\n\n<p>Encore une fois, c\u2019est une <strong>balade tout \u00e0 fait faisable avec des enfants <\/strong>(les n\u00f4tres ont 3, 5, 9 et 10 ans) m\u00eame si <strong>elle grimpe un peu plus \u00e0 la fin<\/strong>. Tr\u00e8s rapidement, on se trouve sur un <strong>plateau \u00e0 environ 1 300 m d\u2019altitude avec une vue \u00e0 360 degr\u00e9s sur la baie de Porto-Vecchio<\/strong>, sur le barrage de l\u2019Osp\u00e9dale, le massif de Bavella, le golfe de Valinco.\u00a0<\/p>\n\n\n\n<figure class=\"wp-block-gallery columns-2 is-cropped\"><ul class=\"blocks-gallery-grid\"><li class=\"blocks-gallery-item\"><figure><img loading=\"lazy\" width=\"562\" height=\"768\" src=\"https:\/\/www.lespetitsbaroudeurs.com\/blog\/wp-content\/uploads\/2022\/04\/IMG_2095.jpg\" alt=\"\" data-id=\"8405\" data-full-url=\"https:\/\/www.lespetitsbaroudeurs.com\/blog\/wp-content\/uploads\/2022\/04\/IMG_2095.jpg\" data-link=\"https:\/\/www.lespetitsbaroudeurs.com\/blog\/?attachment_id=8405\" class=\"wp-image-8405\" srcset=\"https:\/\/www.lespetitsbaroudeurs.com\/blog\/wp-content\/uploads\/2022\/04\/IMG_2095.jpg 562w, https:\/\/www.lespetitsbaroudeurs.com\/blog\/wp-content\/uploads\/2022\/04\/IMG_2095-220x300.jpg 220w\" sizes=\"(max-width: 562px) 100vw, 562px\" \/><\/figure><\/li><li class=\"blocks-gallery-item\"><figure><img loading=\"lazy\" width=\"562\" height=\"768\" src=\"https:\/\/www.lespetitsbaroudeurs.com\/blog\/wp-content\/uploads\/2022\/04\/IMG_2120.jpg\" alt=\"\" data-id=\"8406\" data-full-url=\"https:\/\/www.lespetitsbaroudeurs.com\/blog\/wp-content\/uploads\/2022\/04\/IMG_2120.jpg\" data-link=\"https:\/\/www.lespetitsbaroudeurs.com\/blog\/?attachment_id=8406\" class=\"wp-image-8406\" srcset=\"https:\/\/www.lespetitsbaroudeurs.com\/blog\/wp-content\/uploads\/2022\/04\/IMG_2120.jpg 562w, https:\/\/www.lespetitsbaroudeurs.com\/blog\/wp-content\/uploads\/2022\/04\/IMG_2120-220x300.jpg 220w\" sizes=\"(max-width: 562px) 100vw, 562px\" \/><\/figure><\/li><\/ul><figcaption class=\"blocks-gallery-caption\"><em>Punta di a Vacca Morta<\/em><\/figcaption><\/figure>\n\n\n\n<h3>Punta di Rondinara<\/h3>\n\n\n\n<p><strong>Sentier facile, peu fr\u00e9quent\u00e9<\/strong>, dans le magnifique golfe de Rondinara, dans la <strong>r\u00e9serve naturelle des bouches de Bonifacio<\/strong>. Encore une fois, <strong>une balade qui en met plein la vue,<\/strong> avec des couleurs particuli\u00e8rement belles, une <strong>eau turquoise, du sable clair, des rochers ocres<\/strong>, et qui nous emm\u00e8ne sur la pointe de la presqu\u2019\u00eele de la baie. <strong>La v\u00e9g\u00e9tation y est dense, odorante, color\u00e9e et on adore\u00a0!<\/strong> Apr\u00e8s la balade, il ne reste plus qu\u2019\u00e0 l\u00e9zarder sur la plage o\u00f9 l\u2019on peut trouver de l\u2019ombre et s\u2019abriter du vent.<\/p>\n\n\n\n<p>D\u00e9part depuis le petit parking avant la plage.&nbsp;&nbsp;<\/p>\n\n\n\n<p><strong>Compter 45 mn avec des enfants.<\/strong><\/p>\n\n\n\n<figure class=\"wp-block-gallery columns-2 is-cropped\"><ul class=\"blocks-gallery-grid\"><li class=\"blocks-gallery-item\"><figure><img loading=\"lazy\" width=\"562\" height=\"768\" src=\"https:\/\/www.lespetitsbaroudeurs.com\/blog\/wp-content\/uploads\/2022\/04\/IMG_2293.jpg\" alt=\"\" data-id=\"8407\" data-full-url=\"https:\/\/www.lespetitsbaroudeurs.com\/blog\/wp-content\/uploads\/2022\/04\/IMG_2293.jpg\" data-link=\"https:\/\/www.lespetitsbaroudeurs.com\/blog\/?attachment_id=8407\" class=\"wp-image-8407\" srcset=\"https:\/\/www.lespetitsbaroudeurs.com\/blog\/wp-content\/uploads\/2022\/04\/IMG_2293.jpg 562w, https:\/\/www.lespetitsbaroudeurs.com\/blog\/wp-content\/uploads\/2022\/04\/IMG_2293-220x300.jpg 220w\" sizes=\"(max-width: 562px) 100vw, 562px\" \/><\/figure><\/li><li class=\"blocks-gallery-item\"><figure><img loading=\"lazy\" width=\"562\" height=\"768\" src=\"https:\/\/www.lespetitsbaroudeurs.com\/blog\/wp-content\/uploads\/2022\/04\/IMG_2303.jpg\" alt=\"\" data-id=\"8408\" data-full-url=\"https:\/\/www.lespetitsbaroudeurs.com\/blog\/wp-content\/uploads\/2022\/04\/IMG_2303.jpg\" data-link=\"https:\/\/www.lespetitsbaroudeurs.com\/blog\/?attachment_id=8408\" class=\"wp-image-8408\" srcset=\"https:\/\/www.lespetitsbaroudeurs.com\/blog\/wp-content\/uploads\/2022\/04\/IMG_2303.jpg 562w, https:\/\/www.lespetitsbaroudeurs.com\/blog\/wp-content\/uploads\/2022\/04\/IMG_2303-220x300.jpg 220w\" sizes=\"(max-width: 562px) 100vw, 562px\" \/><\/figure><\/li><\/ul><figcaption class=\"blocks-gallery-caption\"><em>Punta di Rondinara<\/em><\/figcaption><\/figure>\n\n\n\n<p><strong>La Corse se r\u00e9v\u00e8le aussi \u00e0 travers ses villages qui sont de vraies p\u00e9pites<\/strong>, n\u2019h\u00e9sitez pas \u00e0 vous y promener. M\u00eame dans ceux qui ne sont pas les plus connus ou les plus touristiques. <strong>Vous y ressentirez l\u2019identit\u00e9 forte des Corses, in\u00e9galable\u00a0!\u00a0<\/strong><\/p>\n\n\n\n<p><\/p>\n\n\n\n<h2>HEY, SI ON \u00c9QUIPAIT VOS PETITS BAROUDEURS ?<\/h2>\n\n\n\n<p>Chez les Petits Baroudeurs, nous&nbsp;<strong>d\u00e9nichons avec soin et amour<\/strong>&nbsp;les produits utiles \u00e0 vos aventures en famille.&nbsp;<strong>Nous les testons<\/strong>&nbsp;avec nos Oursons, les cousins, les amis de nos loupiots \u2013 quand nos enfants sont trop grands pour tester eux m\u00eame. Et&nbsp;<strong>nous ne s\u00e9lectionnons que les meilleurs produits&nbsp;<\/strong>pour vous les proposer.<\/p>\n\n\n\n<p>Voici donc la s\u00e9lection de notre boutique pour&nbsp;<strong>d\u00e9couvrir la Corse en famille<\/strong>&nbsp;:<\/p>\n\n\n\n<div class=\"wp-block-group alignwide\"><div class=\"wp-block-group__inner-container\">\n<div class=\"wp-block-columns alignwide\">\n<div class=\"wp-block-column\">\n<figure class=\"wp-block-image size-large\"><a href=\"https:\/\/www.lespetitsbaroudeurs.com\/chapeaux-soleil-bebe-48\" target=\"_blank\" rel=\"noopener noreferrer\"><img loading=\"lazy\" width=\"800\" height=\"800\" src=\"https:\/\/www.lespetitsbaroudeurs.com\/blog\/wp-content\/uploads\/2022\/04\/casquette-enfant-patagonia-kids-trucker-plume-grey-1.jpg\" alt=\"\" class=\"wp-image-8420\" srcset=\"https:\/\/www.lespetitsbaroudeurs.com\/blog\/wp-content\/uploads\/2022\/04\/casquette-enfant-patagonia-kids-trucker-plume-grey-1.jpg 800w, https:\/\/www.lespetitsbaroudeurs.com\/blog\/wp-content\/uploads\/2022\/04\/casquette-enfant-patagonia-kids-trucker-plume-grey-1-300x300.jpg 300w, https:\/\/www.lespetitsbaroudeurs.com\/blog\/wp-content\/uploads\/2022\/04\/casquette-enfant-patagonia-kids-trucker-plume-grey-1-150x150.jpg 150w, https:\/\/www.lespetitsbaroudeurs.com\/blog\/wp-content\/uploads\/2022\/04\/casquette-enfant-patagonia-kids-trucker-plume-grey-1-768x768.jpg 768w, https:\/\/www.lespetitsbaroudeurs.com\/blog\/wp-content\/uploads\/2022\/04\/casquette-enfant-patagonia-kids-trucker-plume-grey-1-270x270.jpg 270w, https:\/\/www.lespetitsbaroudeurs.com\/blog\/wp-content\/uploads\/2022\/04\/casquette-enfant-patagonia-kids-trucker-plume-grey-1-540x540.jpg 540w, https:\/\/www.lespetitsbaroudeurs.com\/blog\/wp-content\/uploads\/2022\/04\/casquette-enfant-patagonia-kids-trucker-plume-grey-1-580x580.jpg 580w\" sizes=\"(max-width: 800px) 100vw, 800px\" \/><\/a><figcaption><em>Casquette enfant<\/em> <br><a rel=\"noreferrer noopener\" href=\"https:\/\/www.lespetitsbaroudeurs.com\/chapeaux-soleil-bebe-48\" target=\"_blank\"><em>\u27b3Je d\u00e9couvre<\/em><\/a><\/figcaption><\/figure>\n<\/div>\n\n\n\n<div class=\"wp-block-column\">\n<figure class=\"wp-block-image size-large\"><a href=\"https:\/\/www.lespetitsbaroudeurs.com\/pantalon-randonnee-enfant-44\" target=\"_blank\" rel=\"noopener noreferrer\"><img loading=\"lazy\" width=\"800\" height=\"800\" src=\"https:\/\/www.lespetitsbaroudeurs.com\/blog\/wp-content\/uploads\/2022\/04\/pantalon-short-leger-rando-et-voyage-reima.jpg\" alt=\"\" class=\"wp-image-8426\" srcset=\"https:\/\/www.lespetitsbaroudeurs.com\/blog\/wp-content\/uploads\/2022\/04\/pantalon-short-leger-rando-et-voyage-reima.jpg 800w, https:\/\/www.lespetitsbaroudeurs.com\/blog\/wp-content\/uploads\/2022\/04\/pantalon-short-leger-rando-et-voyage-reima-300x300.jpg 300w, https:\/\/www.lespetitsbaroudeurs.com\/blog\/wp-content\/uploads\/2022\/04\/pantalon-short-leger-rando-et-voyage-reima-150x150.jpg 150w, https:\/\/www.lespetitsbaroudeurs.com\/blog\/wp-content\/uploads\/2022\/04\/pantalon-short-leger-rando-et-voyage-reima-768x768.jpg 768w, https:\/\/www.lespetitsbaroudeurs.com\/blog\/wp-content\/uploads\/2022\/04\/pantalon-short-leger-rando-et-voyage-reima-270x270.jpg 270w, https:\/\/www.lespetitsbaroudeurs.com\/blog\/wp-content\/uploads\/2022\/04\/pantalon-short-leger-rando-et-voyage-reima-540x540.jpg 540w, https:\/\/www.lespetitsbaroudeurs.com\/blog\/wp-content\/uploads\/2022\/04\/pantalon-short-leger-rando-et-voyage-reima-580x580.jpg 580w\" sizes=\"(max-width: 800px) 100vw, 800px\" \/><\/a><figcaption>Pantalon-short de randonn\u00e9e <br><a href=\"https:\/\/www.lespetitsbaroudeurs.com\/pantalon-randonnee-enfant-44\" target=\"_blank\" rel=\"noreferrer noopener\"><em>\u27b3Je d\u00e9couvre<\/em><\/a><\/figcaption><\/figure>\n<\/div>\n\n\n\n<div class=\"wp-block-column\">\n<figure class=\"wp-block-image size-large\"><a href=\"https:\/\/www.lespetitsbaroudeurs.com\/sac-a-dos-randonnee-enfant-17\" target=\"_blank\" rel=\"noopener noreferrer\"><img loading=\"lazy\" width=\"800\" height=\"800\" src=\"https:\/\/www.lespetitsbaroudeurs.com\/blog\/wp-content\/uploads\/2022\/04\/sac-a-dos-enfant-kikki-deuter.jpg\" alt=\"sac \u00e0 dos\" class=\"wp-image-8424\" srcset=\"https:\/\/www.lespetitsbaroudeurs.com\/blog\/wp-content\/uploads\/2022\/04\/sac-a-dos-enfant-kikki-deuter.jpg 800w, https:\/\/www.lespetitsbaroudeurs.com\/blog\/wp-content\/uploads\/2022\/04\/sac-a-dos-enfant-kikki-deuter-300x300.jpg 300w, https:\/\/www.lespetitsbaroudeurs.com\/blog\/wp-content\/uploads\/2022\/04\/sac-a-dos-enfant-kikki-deuter-150x150.jpg 150w, https:\/\/www.lespetitsbaroudeurs.com\/blog\/wp-content\/uploads\/2022\/04\/sac-a-dos-enfant-kikki-deuter-768x768.jpg 768w, https:\/\/www.lespetitsbaroudeurs.com\/blog\/wp-content\/uploads\/2022\/04\/sac-a-dos-enfant-kikki-deuter-270x270.jpg 270w, https:\/\/www.lespetitsbaroudeurs.com\/blog\/wp-content\/uploads\/2022\/04\/sac-a-dos-enfant-kikki-deuter-540x540.jpg 540w, https:\/\/www.lespetitsbaroudeurs.com\/blog\/wp-content\/uploads\/2022\/04\/sac-a-dos-enfant-kikki-deuter-580x580.jpg 580w\" sizes=\"(max-width: 800px) 100vw, 800px\" \/><\/a><figcaption><em>Sac \u00e0 dos de randonn\u00e9e&nbsp;<br><\/em><a href=\"https:\/\/www.lespetitsbaroudeurs.com\/sac-a-dos-randonnee-enfant-17\" target=\"_blank\" rel=\"noreferrer noopener\"><em>\u27b3Je d\u00e9couvre<\/em><\/a><\/figcaption><\/figure>\n<\/div>\n<\/div>\n<\/div><\/div>\n","protected":false},"excerpt":{"rendered":"<p>La famille Colosimo vous embarque \u00e0 destination de l&rsquo;\u00cele de Beaut\u00e9, entre mer et montagnes. D\u00e9couvrez ses villages typiques, ses chemins de randonn\u00e9e adapt\u00e9s aux familles, ses plages de r\u00eave et ses paysages sauvages. Vous ne pourrez plus r\u00e9sister \u00e0 l&rsquo;envie de d\u00e9couvrir la Corse en famille \u00e0 la fin de ce r\u00e9cit&#8230; La Corse [&hellip;]<\/p>\n","protected":false},"author":69,"featured_media":8414,"comment_status":"open","ping_status":"open","sticky":false,"template":"","format":"standard","meta":[],"categories":[150,149,137],"tags":[],"yoast_head":"<!-- This site is optimized with the Yoast SEO plugin v14.9 - https:\/\/yoast.com\/wordpress\/plugins\/seo\/ -->\n<title>La Corse en famille - D\u00e9couverte de l&#039;\u00eele de beaut\u00e9<\/title>\n<meta name=\"description\" content=\"Partez \u00e0 la d\u00e9ouverte de la Corse en famille : plages de r\u00eave, randonn\u00e9es adapt\u00e9s aux enfants... L\u00eele de beaut\u00e9 est source de d\u00e9paysement !\" \/>\n<meta name=\"robots\" content=\"index, follow, max-snippet:-1, max-image-preview:large, max-video-preview:-1\" \/>\n<link rel=\"canonical\" href=\"https:\/\/www.lespetitsbaroudeurs.com\/blog\/la-corse-en-famille\/\" \/>\n<meta property=\"og:locale\" content=\"fr_FR\" \/>\n<meta property=\"og:type\" content=\"article\" \/>\n<meta property=\"og:title\" content=\"La Corse en famille - D\u00e9couverte de l&#039;\u00eele de beaut\u00e9\" \/>\n<meta property=\"og:description\" content=\"Partez \u00e0 la d\u00e9ouverte de la Corse en famille : plages de r\u00eave, randonn\u00e9es adapt\u00e9s aux enfants... L\u00eele de beaut\u00e9 est source de d\u00e9paysement !\" \/>\n<meta property=\"og:url\" content=\"https:\/\/www.lespetitsbaroudeurs.com\/blog\/la-corse-en-famille\/\" \/>\n<meta property=\"og:site_name\" content=\"Les Petits Baroudeurs\" \/>\n<meta property=\"article:publisher\" content=\"https:\/\/www.facebook.com\/lespetitsbaroudeurs\/\" \/>\n<meta property=\"article:published_time\" content=\"2022-05-10T12:33:56+00:00\" \/>\n<meta property=\"article:modified_time\" content=\"2022-05-10T16:00:23+00:00\" \/>\n<meta property=\"og:image\" content=\"https:\/\/www.lespetitsbaroudeurs.com\/blog\/wp-content\/uploads\/2022\/04\/CORSE-EN-FAMILLE.png\" \/>\n\t<meta property=\"og:image:width\" content=\"1136\" \/>\n\t<meta property=\"og:image:height\" content=\"530\" \/>\n<meta name=\"twitter:card\" content=\"summary_large_image\" \/>\n<script type=\"application\/ld+json\" class=\"yoast-schema-graph\">{\"@context\":\"https:\/\/schema.org\",\"@graph\":[{\"@type\":\"WebSite\",\"@id\":\"https:\/\/www.lespetitsbaroudeurs.com\/blog\/#website\",\"url\":\"https:\/\/www.lespetitsbaroudeurs.com\/blog\/\",\"name\":\"Les Petits Baroudeurs\",\"description\":\"Le Blog de l&#039;aventure en famille !\",\"potentialAction\":[{\"@type\":\"SearchAction\",\"target\":\"https:\/\/www.lespetitsbaroudeurs.com\/blog\/?s={search_term_string}\",\"query-input\":\"required name=search_term_string\"}],\"inLanguage\":\"fr-FR\"},{\"@type\":\"ImageObject\",\"@id\":\"https:\/\/www.lespetitsbaroudeurs.com\/blog\/la-corse-en-famille\/#primaryimage\",\"inLanguage\":\"fr-FR\",\"url\":\"https:\/\/www.lespetitsbaroudeurs.com\/blog\/wp-content\/uploads\/2022\/04\/CORSE-EN-FAMILLE.png\",\"width\":1136,\"height\":530,\"caption\":\"corse en famille\"},{\"@type\":\"WebPage\",\"@id\":\"https:\/\/www.lespetitsbaroudeurs.com\/blog\/la-corse-en-famille\/#webpage\",\"url\":\"https:\/\/www.lespetitsbaroudeurs.com\/blog\/la-corse-en-famille\/\",\"name\":\"La Corse en famille - D\\u00e9couverte de l'\\u00eele de beaut\\u00e9\",\"isPartOf\":{\"@id\":\"https:\/\/www.lespetitsbaroudeurs.com\/blog\/#website\"},\"primaryImageOfPage\":{\"@id\":\"https:\/\/www.lespetitsbaroudeurs.com\/blog\/la-corse-en-famille\/#primaryimage\"},\"author\":{\"@id\":\"https:\/\/www.lespetitsbaroudeurs.com\/blog\/#\/schema\/person\/93d64c6673d802269a1ef8f6e90e9b43\"},\"description\":\"Partez \\u00e0 la d\\u00e9ouverte de la Corse en famille : plages de r\\u00eave, randonn\\u00e9es adapt\\u00e9s aux enfants... L\\u00eele de beaut\\u00e9 est source de d\\u00e9paysement !\",\"inLanguage\":\"fr-FR\",\"potentialAction\":[{\"@type\":\"ReadAction\",\"target\":[\"https:\/\/www.lespetitsbaroudeurs.com\/blog\/la-corse-en-famille\/\"]}]},{\"@type\":\"Person\",\"@id\":\"https:\/\/www.lespetitsbaroudeurs.com\/blog\/#\/schema\/person\/93d64c6673d802269a1ef8f6e90e9b43\",\"name\":\"La Famille Colo\",\"image\":{\"@type\":\"ImageObject\",\"@id\":\"https:\/\/www.lespetitsbaroudeurs.com\/blog\/#personlogo\",\"inLanguage\":\"fr-FR\",\"url\":\"https:\/\/secure.gravatar.com\/avatar\/cdf3b7b3dc78c7b48b1694d6e58fdf7d?s=96&d=mm&r=g\",\"caption\":\"La Famille Colo\"},\"description\":\"Nous sommes une tribu de 6. Rachel, Romain et Edmond, 9 ans, Sim\\u00e9on 8 ans, Fleur 4 ans et Madeleine 2 ans. Chez nous, c\\u2019est toujours anim\\u00e9 et nos enfants d\\u00e9bordent d\\u2019\\u00e9nergie. Nous adorons nous balader pr\\u00e8s de chez nous au quotidien alors en vacances, nous bougeons beaucoup aussi ! Nous vivons au rythme de nos exp\\u00e9ditions, que ce soit le temps d\\u2019un week-end ou pour plusieurs semaines. La montagne est notre destination privil\\u00e9gi\\u00e9e l\\u2019\\u00e9t\\u00e9 (les Alpes) ainsi que l\\u2019Italie mais nous essayons aussi de d\\u00e9couvrir au maximum de nouveaux pays. Nous faisons toujours nos voyages en famille, quelque soit l\\u2019\\u00e2ge du petit dernier. C\\u2019est tellement enrichissant pour eux et un plaisir pour nous de leur faire d\\u00e9couvrir le monde ! \\u00ab Un pour tous, tous pour un ! \\u00bb\\u00a0\"}]}<\/script>\n<!-- \/ Yoast SEO plugin. -->","_links":{"self":[{"href":"https:\/\/www.lespetitsbaroudeurs.com\/blog\/wp-json\/wp\/v2\/posts\/8311"}],"collection":[{"href":"https:\/\/www.lespetitsbaroudeurs.com\/blog\/wp-json\/wp\/v2\/posts"}],"about":[{"href":"https:\/\/www.lespetitsbaroudeurs.com\/blog\/wp-json\/wp\/v2\/types\/post"}],"author":[{"embeddable":true,"href":"https:\/\/www.lespetitsbaroudeurs.com\/blog\/wp-json\/wp\/v2\/users\/69"}],"replies":[{"embeddable":true,"href":"https:\/\/www.lespetitsbaroudeurs.com\/blog\/wp-json\/wp\/v2\/comments?post=8311"}],"version-history":[{"count":19,"href":"https:\/\/www.lespetitsbaroudeurs.com\/blog\/wp-json\/wp\/v2\/posts\/8311\/revisions"}],"predecessor-version":[{"id":8436,"href":"https:\/\/www.lespetitsbaroudeurs.com\/blog\/wp-json\/wp\/v2\/posts\/8311\/revisions\/8436"}],"wp:featuredmedia":[{"embeddable":true,"href":"https:\/\/www.lespetitsbaroudeurs.com\/blog\/wp-json\/wp\/v2\/media\/8414"}],"wp:attachment":[{"href":"https:\/\/www.lespetitsbaroudeurs.com\/blog\/wp-json\/wp\/v2\/media?parent=8311"}],"wp:term":[{"taxonomy":"category","embeddable":true,"href":"https:\/\/www.lespetitsbaroudeurs.com\/blog\/wp-json\/wp\/v2\/categories?post=8311"},{"taxonomy":"post_tag","embeddable":true,"href":"https:\/\/www.lespetitsbaroudeurs.com\/blog\/wp-json\/wp\/v2\/tags?post=8311"}],"curies":[{"name":"wp","href":"https:\/\/api.w.org\/{rel}","templated":true}]}}