{"id":9171,"date":"2023-02-03T16:43:01","date_gmt":"2023-02-03T15:43:01","guid":{"rendered":"https:\/\/www.lespetitsbaroudeurs.com\/blog\/?p=9171"},"modified":"2023-03-17T15:07:50","modified_gmt":"2023-03-17T14:07:50","slug":"dormir-dans-une-cabane-en-hiver-et-en-famille","status":"publish","type":"post","link":"https:\/\/www.lespetitsbaroudeurs.com\/blog\/dormir-dans-une-cabane-en-hiver-et-en-famille\/","title":{"rendered":"Dormir dans une cabane en hiver et en famille"},"content":{"rendered":"\n<p>Quand vient l\u2019hiver, les opportunit\u00e9s pour partir \u00e0 l\u2019aventure en famille s\u2019amenuisent : il fait plus froid et cela devient un peu plus compliqu\u00e9 d\u2019amener ses enfants en pleine nature. Pourtant, en cherchant bien, on peut trouver la perle rare, et dormir dans une cabane en hiver en famille, comme ici au plateau du Gu\u00e9ry. <\/p>\n\n\n\n<figure class=\"wp-block-image size-large\"><img loading=\"lazy\" width=\"1024\" height=\"683\" src=\"https:\/\/www.lespetitsbaroudeurs.com\/blog\/wp-content\/uploads\/2023\/02\/cabane-guery-2.jpeg\" alt=\"cabane hiver\" class=\"wp-image-9201\" srcset=\"https:\/\/www.lespetitsbaroudeurs.com\/blog\/wp-content\/uploads\/2023\/02\/cabane-guery-2.jpeg 1024w, https:\/\/www.lespetitsbaroudeurs.com\/blog\/wp-content\/uploads\/2023\/02\/cabane-guery-2-300x200.jpeg 300w, https:\/\/www.lespetitsbaroudeurs.com\/blog\/wp-content\/uploads\/2023\/02\/cabane-guery-2-768x512.jpeg 768w\" sizes=\"(max-width: 1024px) 100vw, 1024px\" \/><figcaption>Dormir dans une cabane en hiver<\/figcaption><\/figure>\n\n\n\n<p>Id\u00e9alement plac\u00e9es entre la cha\u00eene des Puys et le massif du Sancy, ce plateau sauvage perch\u00e9 \u00e0 1200 m\u00e8tres d\u2019altitude a tout pour vous d\u00e9payser le temps d\u2019un week-end. C\u2019est un endroit peu connu (pour ceux qui ne sont pas du coin), et que l\u2019on affectionne particuli\u00e8rement (on y est all\u00e9s \u00e0 toutes saisons). La premi\u00e8re fois, nous avons choisi d\u2019y aller en plein hiver, alors que le plateau \u00e9tait recouvert d\u2019un \u00e9pais manteau neigeux.&nbsp;<\/p>\n\n\n\n<h2>En bref<\/h2>\n\n\n\n<h3><strong>Acc\u00e8s<\/strong> <\/h3>\n\n\n\n<p>Auvergne Rh\u00f4ne Alpes, Savoie <br>Puy de D\u00f4me <br>Lac de Gu\u00e9ry<\/p>\n\n\n\n<h3><strong>Dur\u00e9e<\/strong> <\/h3>\n\n\n\n<p>2&nbsp; jours<\/p>\n\n\n\n<h3><strong>Saison id\u00e9ale<\/strong> <\/h3>\n\n\n\n<p>En toute saison.&nbsp; <br>Mais pour nous gros coup de coeur en hiver.<\/p>\n\n\n\n<h3><strong>Informations pratiques<\/strong> <\/h3>\n\n\n\n<p>Pour louer les cabanes du Gu\u00e9ry, il faudra vous renseigner aupr\u00e8s du Centre Montagnard Cap Guery.&nbsp; <br>Il en est de m\u00eame pour la location des skis et pulka.&nbsp;<\/p>\n\n\n\n<h3><strong>\u00c2ge des marmots<\/strong> <\/h3>\n\n\n\n<p>A tout \u00e2ge pour dormir dans la cabane.&nbsp; <br>A partir de 12 mois pour la pulka.&nbsp;<\/p>\n\n\n\n<h3><strong>Pr\u00e9cautions<\/strong> <\/h3>\n\n\n\n<p>Si vous venez en hiver, pensez \u00e0 prendre des v\u00eatements bien chauds \u00e0 la fois pour la journ\u00e9e et pour la nuit.&nbsp; <br>N\u2019oubliez pas non plus les frontales, bien utiles.&nbsp; <br>Il faudra \u00eatre autonomes en nourriture.&nbsp;<\/p>\n\n\n\n<h3><strong>Nos coups de coeur<\/strong> sur le domaine de Gu\u00e9ry<\/h3>\n\n\n\n<p>Dormir dans une vraie cabane de trappeurs en rondins. <br>Passer un moment dans une nature pr\u00e9serv\u00e9e et sauvage. <br>D\u00e9couvrir les hauts plateaux d\u2019Auvergne en ski de randonn\u00e9e nordique.<\/p>\n\n\n\n<h3><strong>Coups de mou<\/strong> <\/h3>\n\n\n\n<p>En hiver, s\u2019il fait tr\u00e8s froid, il faut recharger le po\u00eale dans la nuit si on ne veut pas avoir trop froid au r\u00e9veil. <br>Il n\u2019y a pas d\u2019eau aux cabanes et les sanitaires sont \u00e0 5min de marche, donc il faut bien anticiper et \u00e9conomiser.&nbsp; <\/p>\n\n\n\n<h2>D\u00e9couverte des lieux<\/h2>\n\n\n\n<h3>Arriv\u00e9e aux cabanes du Gu\u00e9ry<\/h3>\n\n\n\n<p>A peine arriv\u00e9s au centre montagnard, comme souvent, nous commen\u00e7ons par un pique-nique. Au chaud, dans la salle hors sac tr\u00e8s agr\u00e9able qui nous plonge d\u00e9j\u00e0 dans un univers nordique que l\u2019on adore : du bois, du bois et encore du bois ! Les enfants sont petits : pour affronter le froid, il faut un ventre bien garni donc on ne l\u00e9sine pas sur les calories. Puis, nous louons le mat\u00e9riel qui va nous permettre d\u2019aller explorer le plateau. Nous optons pour des skis de randonn\u00e9e nordique. Ils sont plus larges que des skis de fond et permettent d\u2019aller hors des pistes dam\u00e9es, dans la poudreuse. <\/p>\n\n\n\n<figure class=\"wp-block-image size-large\"><img loading=\"lazy\" width=\"1024\" height=\"683\" src=\"https:\/\/www.lespetitsbaroudeurs.com\/blog\/wp-content\/uploads\/2023\/02\/cabane-guery-14.jpeg\" alt=\"ski de randonn\u00e9e nordique en famille\" class=\"wp-image-9209\" srcset=\"https:\/\/www.lespetitsbaroudeurs.com\/blog\/wp-content\/uploads\/2023\/02\/cabane-guery-14.jpeg 1024w, https:\/\/www.lespetitsbaroudeurs.com\/blog\/wp-content\/uploads\/2023\/02\/cabane-guery-14-300x200.jpeg 300w, https:\/\/www.lespetitsbaroudeurs.com\/blog\/wp-content\/uploads\/2023\/02\/cabane-guery-14-768x512.jpeg 768w\" sizes=\"(max-width: 1024px) 100vw, 1024px\" \/><figcaption>Et c&rsquo;est parti pour un tour en ski de rando nordique<\/figcaption><\/figure>\n\n\n\n<p>Ils sont taill\u00e9s pour l\u2019exploration hors des sentiers battus. Pour nos loupiots, ce sera une pulka chacun o\u00f9 nous les installons bien \u00e9quip\u00e9s et chaudement habill\u00e9s pour \u00eatre prot\u00e9g\u00e9s du froid. <br>Pour partir en famille full ski de rando, d\u00e9couvrez <span style=\"text-decoration: underline;\"><a href=\"https:\/\/www.lespetitsbaroudeurs.com\/blog\/faire-du-ski-de-rando-avec-les-enfants\/\">nos conseils<\/a><\/span>. <\/p>\n\n\n\n<h2>Balade sur le haut plateau du Gu\u00e9ry <\/h2>\n\n\n\n<h3><em>Boucle en ski de randonn\u00e9e nordique et Pulka : 2h<\/em><\/h3>\n\n\n\n<p>Une fois pr\u00eats, c\u2019est parti pour le grand nord ! Comme pour accentuer le c\u00f4t\u00e9 extr\u00eame, il ne fait pas particuli\u00e8rement beau, le ciel est gris et donne \u00e0 notre sortie un caract\u00e8re d\u2019autant plus aventureux. Rapidement, les enfants bien emmitoufl\u00e9s dans leurs duvets, s\u2019endorment, berc\u00e9s par nos pas.&nbsp; <\/p>\n\n\n\n<figure class=\"wp-block-image size-large\"><img loading=\"lazy\" width=\"1024\" height=\"683\" src=\"https:\/\/www.lespetitsbaroudeurs.com\/blog\/wp-content\/uploads\/2023\/02\/cabane-guery-9.jpeg\" alt=\"ski de rando nordique enfant\" class=\"wp-image-9208\" srcset=\"https:\/\/www.lespetitsbaroudeurs.com\/blog\/wp-content\/uploads\/2023\/02\/cabane-guery-9.jpeg 1024w, https:\/\/www.lespetitsbaroudeurs.com\/blog\/wp-content\/uploads\/2023\/02\/cabane-guery-9-300x200.jpeg 300w, https:\/\/www.lespetitsbaroudeurs.com\/blog\/wp-content\/uploads\/2023\/02\/cabane-guery-9-768x512.jpeg 768w\" sizes=\"(max-width: 1024px) 100vw, 1024px\" \/><figcaption>Les loupiots dans le traineau !<\/figcaption><\/figure>\n\n\n\n<h3>Toujours plus loin<\/h3>\n\n\n\n<p>Nous en profitons pour pousser plus loin notre exploration et d\u00e9couvrir les paysages aux airs de grand nord de ce magnifique plateau. Mais les journ\u00e9es sont courtes en hiver alors nous prenons le chemin du retour.&nbsp;<\/p>\n\n\n\n<h2>Notre cabane au fond des bois<\/h2>\n\n\n\n<h3>Etablissement dans nos quartiers<\/h3>\n\n\n\n<p>Une fois le mat\u00e9riel de ski d\u00e9pos\u00e9, nous r\u00e9cup\u00e9rons nos affaires \u00e0 la voiture pour prendre possession de notre cabane. Nous avions pr\u00e9vu le coup et avons des luges pour nous aider \u00e0 transporter \u00e0 la fois le mat\u00e9riel et les enfants.&nbsp;<\/p>\n\n\n\n<h3>Plus loin dans la for\u00eat<\/h3>\n\n\n\n<p>Les cabanes du Gu\u00e9ry sont \u00e0 plus de 300 m\u00e8tres du centre montagnard, donc mieux vaut ne rien oublier. Cela dit cette distance permet surtout d\u2019avoir le sentiment d\u2019\u00eatre coup\u00e9 de toute civilisation d\u2019autant plus que les cabanes en rondins sont perdues dans la for\u00eat. Ainsi au d\u00e9tour d\u2019un arbre, nous appara\u00eet notre foyer pour la nuit. C&rsquo;est dans cette cabane que nous allons dormir cette nuit malgr\u00e9 le froid de l&rsquo;hiver. <\/p>\n\n\n\n<figure class=\"wp-block-image size-large\"><img loading=\"lazy\" width=\"1024\" height=\"683\" src=\"https:\/\/www.lespetitsbaroudeurs.com\/blog\/wp-content\/uploads\/2023\/02\/cabane-guery-5.jpeg\" alt=\"Cabane hiver enfant\" class=\"wp-image-9205\" srcset=\"https:\/\/www.lespetitsbaroudeurs.com\/blog\/wp-content\/uploads\/2023\/02\/cabane-guery-5.jpeg 1024w, https:\/\/www.lespetitsbaroudeurs.com\/blog\/wp-content\/uploads\/2023\/02\/cabane-guery-5-300x200.jpeg 300w, https:\/\/www.lespetitsbaroudeurs.com\/blog\/wp-content\/uploads\/2023\/02\/cabane-guery-5-768x512.jpeg 768w\" sizes=\"(max-width: 1024px) 100vw, 1024px\" \/><figcaption>L&rsquo;arrive \u00e0 la cabane<\/figcaption><\/figure>\n\n\n\n<h3>Retour au naturel<\/h3>\n\n\n\n<p>Attention, on est ici sur un confort rudimentaire. Il n\u2019y a pas d\u2019eau, l\u2019\u00e9quipement est r\u00e9duit au minimum et les toilettes s\u00e8ches sont \u00e0 l\u2019ext\u00e9rieur de la cabane. Mais c\u2019est justement ce retour \u00e0 un confort spartiate qui permet de go\u00fbter au mieux l\u2019aventure et de savourer la beaut\u00e9 des lieux et la nature qui nous entourent. Et dormir dans une cabane en hiver et en famille, c&rsquo;est une v\u00e9ritable exp\u00e9rience !<\/p>\n\n\n\n<h2>Une nuit en cabane en hiver<\/h2>\n\n\n\n<h3>Repli au chaud<\/h3>\n\n\n\n<p>Alors que les enfants jouent dans la neige autour de la cabane, nous organisons notre nid douillet. D\u00e8s qu\u2019il fait nuit (et plus froid), nous nous replions \u00e0 l\u2019int\u00e9rieur au coin du po\u00eale \u00e0 bois. <\/p>\n\n\n\n<figure class=\"wp-block-image size-large\"><img loading=\"lazy\" width=\"1024\" height=\"683\" src=\"https:\/\/www.lespetitsbaroudeurs.com\/blog\/wp-content\/uploads\/2023\/02\/cabane-guery-1.jpeg\" alt=\"Dormir en cabane avec des enfants\" class=\"wp-image-9203\" srcset=\"https:\/\/www.lespetitsbaroudeurs.com\/blog\/wp-content\/uploads\/2023\/02\/cabane-guery-1.jpeg 1024w, https:\/\/www.lespetitsbaroudeurs.com\/blog\/wp-content\/uploads\/2023\/02\/cabane-guery-1-300x200.jpeg 300w, https:\/\/www.lespetitsbaroudeurs.com\/blog\/wp-content\/uploads\/2023\/02\/cabane-guery-1-768x512.jpeg 768w\" sizes=\"(max-width: 1024px) 100vw, 1024px\" \/><figcaption>Au chaud dans la cabane<\/figcaption><\/figure>\n\n\n\n<h3>Sans oublier le d\u00eener salvateur<\/h3>\n\n\n\n<p>Nous savourons une bonne assiette de p\u00e2tes (je vous l\u2019ai s\u00fbrement d\u00e9j\u00e0 dit, les p\u00e2tes avec les enfants, c\u2019est la vie !). Puis il est temps de nous pelotonner dans nos duvets pour raconter une histoire aux marmots et de plonger dans un sommeil r\u00e9parateur. <\/p>\n\n\n\n<figure class=\"wp-block-image size-large\"><img loading=\"lazy\" width=\"1024\" height=\"683\" src=\"https:\/\/www.lespetitsbaroudeurs.com\/blog\/wp-content\/uploads\/2023\/02\/cabane-guery-4.jpeg\" alt=\"cabane en famille\" class=\"wp-image-9204\" srcset=\"https:\/\/www.lespetitsbaroudeurs.com\/blog\/wp-content\/uploads\/2023\/02\/cabane-guery-4.jpeg 1024w, https:\/\/www.lespetitsbaroudeurs.com\/blog\/wp-content\/uploads\/2023\/02\/cabane-guery-4-300x200.jpeg 300w, https:\/\/www.lespetitsbaroudeurs.com\/blog\/wp-content\/uploads\/2023\/02\/cabane-guery-4-768x512.jpeg 768w\" sizes=\"(max-width: 1024px) 100vw, 1024px\" \/><figcaption>Cela se voit qu&rsquo;on est super contents ? \ud83d\ude09 <\/figcaption><\/figure>\n\n\n\n<h2>P\u00eache blanche <\/h2>\n\n\n\n<h3>Le lac de Gu\u00e9ry<\/h3>\n\n\n\n<figure class=\"wp-block-image size-large\"><img loading=\"lazy\" width=\"1024\" height=\"683\" src=\"https:\/\/www.lespetitsbaroudeurs.com\/blog\/wp-content\/uploads\/2023\/02\/cabane-guery-8.jpeg\" alt=\"neige enfants\" class=\"wp-image-9207\" srcset=\"https:\/\/www.lespetitsbaroudeurs.com\/blog\/wp-content\/uploads\/2023\/02\/cabane-guery-8.jpeg 1024w, https:\/\/www.lespetitsbaroudeurs.com\/blog\/wp-content\/uploads\/2023\/02\/cabane-guery-8-300x200.jpeg 300w, https:\/\/www.lespetitsbaroudeurs.com\/blog\/wp-content\/uploads\/2023\/02\/cabane-guery-8-768x512.jpeg 768w\" sizes=\"(max-width: 1024px) 100vw, 1024px\" \/><figcaption>A fond dans la poudreuse<\/figcaption><\/figure>\n\n\n\n<p>Aujourd\u2019hui, un beau programme nous attend : partir explorer le lac de Gu\u00e9ry que nous avons \u00e0 peine aper\u00e7u la veille et chausser les raquettes pour une randonn\u00e9e dans la neige. A peine habill\u00e9s de leurs v\u00eatements de neige, les loupiots sont d\u00e9j\u00e0 dehors en train de jouer autour de la cabane. Le temps est radieux et une fois les affaires boucl\u00e9es, direction le lac de Gu\u00e9ry, non loin des cabanes. Coup de chance, un p\u00eacheur est sur la glace, il montre aux enfants sa technique : on creuse un trou et on y d\u00e9pose la ligne. Et pile au moment o\u00f9 nous y \u00e9tions, le p\u00eacheur sort un poisson : les marmots sont impressionn\u00e9s.&nbsp;<\/p>\n\n\n\n<figure class=\"wp-block-image size-large\"><img loading=\"lazy\" width=\"1024\" height=\"683\" src=\"https:\/\/www.lespetitsbaroudeurs.com\/blog\/wp-content\/uploads\/2023\/02\/cabane-guery-7.jpeg\" alt=\"p\u00eache blanche avec des enfants\" class=\"wp-image-9206\" srcset=\"https:\/\/www.lespetitsbaroudeurs.com\/blog\/wp-content\/uploads\/2023\/02\/cabane-guery-7.jpeg 1024w, https:\/\/www.lespetitsbaroudeurs.com\/blog\/wp-content\/uploads\/2023\/02\/cabane-guery-7-300x200.jpeg 300w, https:\/\/www.lespetitsbaroudeurs.com\/blog\/wp-content\/uploads\/2023\/02\/cabane-guery-7-768x512.jpeg 768w\" sizes=\"(max-width: 1024px) 100vw, 1024px\" \/><figcaption>Qu&rsquo;y a-t-il au son du trou ? <\/figcaption><\/figure>\n\n\n\n<h2>Randonn\u00e9e en raquettes autour du domaine de Gu\u00e9ry<\/h2>\n\n\n\n<p><em>Centre montagnard de Cap Guery &#8211; Pessade 15 min de route <\/em><br><em>Boucle en raquette \u00e0 Pessade : 3h<\/em><\/p>\n\n\n\n<h3>Le domaine de Pessade en raquettes<\/h3>\n\n\n\n<p>On quitte le domaine nordique du Gu\u00e9ry pour celui de Pessade \u00e0 moins de 20 minutes de l\u00e0. Cette fois-ci, nous troquons les skis, pour des raquettes et les enfants s\u2019installent dans une remorque sur ski que l\u2019on tracte \u00e0 tour de r\u00f4le. Les paysages sont \u00e0 nouveau magnifiques : for\u00eat, vall\u00e9es, et il y a peu de monde. Ainsi, nous profitons d\u2019une vraie immersion dans la nature.&nbsp;<\/p>\n\n\n\n<h3>D\u00e9tente<\/h3>\n\n\n\n<p>Nous d\u00e9nichons un endroit \u00e0 la vue d\u00e9gag\u00e9e pour le pique-nique. Les rayons du soleil offrent une douceur toute bienvenue. Nous jouons \u00e0 cache cache avec nos marmots heureux de se d\u00e9gourdir les jambes.&nbsp;<\/p>\n\n\n\n<p>Cette aventure aux accents de grand nord nous a enchant\u00e9s, mais elle a surtout prouv\u00e9 que l\u2019on pouvait vadrouiller dans la neige et la nature sauvage avec de tr\u00e8s jeunes enfants (5 ans et 2 ans et demi). <\/p>\n\n\n\n<p>D\u00e9couvrez d&rsquo;autres <a href=\"https:\/\/www.lespetitsbaroudeurs.com\/blog\/raquettes-dans-le-vercors-avec-nuit-hivernale-en-cabane-non-gardee\/\">sorties raquettes<\/a> en France et en famille. <\/p>\n\n\n\n<h2>HEY, SI ON \u00c9QUIPAIT VOS PETITS BAROUDEURS ?<\/h2>\n\n\n\n<p>Chez les Petits Baroudeurs, nous&nbsp;<strong>d\u00e9nichons avec soin et amour<\/strong>&nbsp;les produits utiles \u00e0 vos aventures en famille.&nbsp;<strong>Nous les testons<\/strong>&nbsp;avec nos Oursons, les cousins, les amis de nos loupiots \u2013 quand nos enfants sont trop grands pour tester eux m\u00eame. Et&nbsp;<strong>nous ne s\u00e9lectionnons que les meilleurs produits&nbsp;<\/strong>pour vous les proposer.<\/p>\n\n\n\n<p>Voici donc la s\u00e9lection de notre boutique pour&nbsp;une<strong>&nbsp;Randonn\u00e9e en ski et raquettes dans le domaine du Gu\u00e9ry :<\/strong><\/p>\n\n\n\n<div class=\"wp-block-group alignwide\"><div class=\"wp-block-group__inner-container\">\n<div class=\"wp-block-columns alignwide\">\n<div class=\"wp-block-column\">\n<figure class=\"wp-block-image size-large\"><img src=\"https:\/\/www.lespetitsbaroudeurs.com\/blog\/wp-content\/uploads\/2023\/02\/Capture-d\u00e9cran-2023-02-02-\u00e0-16.54.52-768x1024.png\" alt=\"\" class=\"wp-image-9187\"\/><figcaption><strong>Sous-v\u00eatement thermique &#8211; Lani &#8211; Reima &#8211; Black Melange<\/strong><\/figcaption><\/figure>\n\n\n\n<p class=\"has-text-align-center\"><strong><a href=\"https:\/\/www.lespetitsbaroudeurs.com\/sous-vetement-thermique-lani-reima-2896.html\">Je d\u00e9couvre<\/a><\/strong><\/p>\n\n\n\n<p class=\"has-text-align-center\"><\/p>\n<\/div>\n\n\n\n<div class=\"wp-block-column\">\n<figure class=\"wp-block-image size-large\"><img src=\"https:\/\/www.lespetitsbaroudeurs.com\/blog\/wp-content\/uploads\/2023\/02\/Capture-d\u00e9cran-2023-02-02-\u00e0-16.56.22-531x1024.png\" alt=\"\" class=\"wp-image-9188\"\/><figcaption><strong>Salopette ski b\u00e9b\u00e9 &#8211; 18 mois \u00e0 5 ans &#8211; Snowy pants &#8211; Picture Organic Clothing &#8211; A-Blue &#8211; 2023<\/strong><\/figcaption><\/figure>\n\n\n\n<p class=\"has-text-align-center\"><strong><a href=\"https:\/\/www.lespetitsbaroudeurs.com\/snowy-pants-picture-organic-clothing-1403.html\">Je d\u00e9couvre<\/a><\/strong><\/p>\n<\/div>\n\n\n\n<div class=\"wp-block-column\">\n<figure class=\"wp-block-image size-large\"><img src=\"https:\/\/www.lespetitsbaroudeurs.com\/blog\/wp-content\/uploads\/2023\/02\/Capture-d\u00e9cran-2023-02-02-\u00e0-16.57.46-1024x885.png\" alt=\"\" class=\"wp-image-9189\"\/><figcaption><strong>Botte neige enfant Sorel Yoot Pac Nylon &#8211; Pulse Black<\/strong><\/figcaption><\/figure>\n\n\n\n<p class=\"has-text-align-center\"><strong><a href=\"https:\/\/www.lespetitsbaroudeurs.com\/botte-neige-enfant-sorel-yoot-pac-nylon-pulse-black-3863.html\">Je d\u00e9couvre<\/a><\/strong><\/p>\n<\/div>\n<\/div>\n<\/div><\/div>\n","protected":false},"excerpt":{"rendered":"<p>Quand vient l\u2019hiver, les opportunit\u00e9s pour partir \u00e0 l\u2019aventure en famille s\u2019amenuisent : il fait plus froid et cela devient un peu plus compliqu\u00e9 d\u2019amener ses enfants en pleine nature. Pourtant, en cherchant bien, on peut trouver la perle rare, et dormir dans une cabane en hiver en famille, comme ici au plateau du Gu\u00e9ry. [&hellip;]<\/p>\n","protected":false},"author":36,"featured_media":9186,"comment_status":"open","ping_status":"open","sticky":false,"template":"","format":"standard","meta":[],"categories":[150,186,149],"tags":[],"yoast_head":"<!-- This site is optimized with the Yoast SEO plugin v14.9 - https:\/\/yoast.com\/wordpress\/plugins\/seo\/ -->\n<title>Dormir dans une cabane en hiver et en famille<\/title>\n<meta name=\"description\" content=\"Dormir dans une cabane en hiver en famille au plateau du Gu\u00e9ry. Balades en ski nordique aux alentours sur le plateau de 1200m tout enneig\u00e9.\" \/>\n<meta name=\"robots\" content=\"index, follow, max-snippet:-1, max-image-preview:large, max-video-preview:-1\" \/>\n<link rel=\"canonical\" href=\"https:\/\/www.lespetitsbaroudeurs.com\/blog\/dormir-dans-une-cabane-en-hiver-et-en-famille\/\" \/>\n<meta property=\"og:locale\" content=\"fr_FR\" \/>\n<meta property=\"og:type\" content=\"article\" \/>\n<meta property=\"og:title\" content=\"Dormir dans une cabane en hiver et en famille\" \/>\n<meta property=\"og:description\" content=\"Dormir dans une cabane en hiver en famille au plateau du Gu\u00e9ry. Balades en ski nordique aux alentours sur le plateau de 1200m tout enneig\u00e9.\" \/>\n<meta property=\"og:url\" content=\"https:\/\/www.lespetitsbaroudeurs.com\/blog\/dormir-dans-une-cabane-en-hiver-et-en-famille\/\" \/>\n<meta property=\"og:site_name\" content=\"Les Petits Baroudeurs\" \/>\n<meta property=\"article:publisher\" content=\"https:\/\/www.facebook.com\/lespetitsbaroudeurs\/\" \/>\n<meta property=\"article:published_time\" content=\"2023-02-03T15:43:01+00:00\" \/>\n<meta property=\"article:modified_time\" content=\"2023-03-17T14:07:50+00:00\" \/>\n<meta property=\"og:image\" content=\"https:\/\/www.lespetitsbaroudeurs.com\/blog\/wp-content\/uploads\/2023\/02\/cabanes-gue\u0301ry.jpg\" \/>\n\t<meta property=\"og:image:width\" content=\"1136\" \/>\n\t<meta property=\"og:image:height\" content=\"530\" \/>\n<meta name=\"twitter:card\" content=\"summary_large_image\" \/>\n<script type=\"application\/ld+json\" class=\"yoast-schema-graph\">{\"@context\":\"https:\/\/schema.org\",\"@graph\":[{\"@type\":\"WebSite\",\"@id\":\"https:\/\/www.lespetitsbaroudeurs.com\/blog\/#website\",\"url\":\"https:\/\/www.lespetitsbaroudeurs.com\/blog\/\",\"name\":\"Les Petits Baroudeurs\",\"description\":\"Le Blog de l&#039;aventure en famille !\",\"potentialAction\":[{\"@type\":\"SearchAction\",\"target\":\"https:\/\/www.lespetitsbaroudeurs.com\/blog\/?s={search_term_string}\",\"query-input\":\"required name=search_term_string\"}],\"inLanguage\":\"fr-FR\"},{\"@type\":\"ImageObject\",\"@id\":\"https:\/\/www.lespetitsbaroudeurs.com\/blog\/dormir-dans-une-cabane-en-hiver-et-en-famille\/#primaryimage\",\"inLanguage\":\"fr-FR\",\"url\":\"https:\/\/www.lespetitsbaroudeurs.com\/blog\/wp-content\/uploads\/2023\/02\/cabanes-gue\\u0301ry.jpg\",\"width\":1136,\"height\":530},{\"@type\":\"WebPage\",\"@id\":\"https:\/\/www.lespetitsbaroudeurs.com\/blog\/dormir-dans-une-cabane-en-hiver-et-en-famille\/#webpage\",\"url\":\"https:\/\/www.lespetitsbaroudeurs.com\/blog\/dormir-dans-une-cabane-en-hiver-et-en-famille\/\",\"name\":\"Dormir dans une cabane en hiver et en famille\",\"isPartOf\":{\"@id\":\"https:\/\/www.lespetitsbaroudeurs.com\/blog\/#website\"},\"primaryImageOfPage\":{\"@id\":\"https:\/\/www.lespetitsbaroudeurs.com\/blog\/dormir-dans-une-cabane-en-hiver-et-en-famille\/#primaryimage\"},\"author\":{\"@id\":\"https:\/\/www.lespetitsbaroudeurs.com\/blog\/#\/schema\/person\/074061ec8b5473878afb9cce3c002d69\"},\"description\":\"Dormir dans une cabane en hiver en famille au plateau du Gu\\u00e9ry. Balades en ski nordique aux alentours sur le plateau de 1200m tout enneig\\u00e9.\",\"inLanguage\":\"fr-FR\",\"potentialAction\":[{\"@type\":\"ReadAction\",\"target\":[\"https:\/\/www.lespetitsbaroudeurs.com\/blog\/dormir-dans-une-cabane-en-hiver-et-en-famille\/\"]}]},{\"@type\":\"Person\",\"@id\":\"https:\/\/www.lespetitsbaroudeurs.com\/blog\/#\/schema\/person\/074061ec8b5473878afb9cce3c002d69\",\"name\":\"C\\u00e9line Lacombe\",\"image\":{\"@type\":\"ImageObject\",\"@id\":\"https:\/\/www.lespetitsbaroudeurs.com\/blog\/#personlogo\",\"inLanguage\":\"fr-FR\",\"url\":\"https:\/\/secure.gravatar.com\/avatar\/f3196c6923379068e921575c340f8486?s=96&d=mm&r=g\",\"caption\":\"C\\u00e9line Lacombe\"},\"description\":\"Amoureuse des montagnes et des voyages, C\\u00e9line est heureuse dans sa tribu familiale avec ses mini baroudeurs et son homme. La cr\\u00e9ation des Petits Baroudeurs est la suite logique de sa passion pour sa famille et pour l'outdoor.\"}]}<\/script>\n<!-- \/ Yoast SEO plugin. -->","_links":{"self":[{"href":"https:\/\/www.lespetitsbaroudeurs.com\/blog\/wp-json\/wp\/v2\/posts\/9171"}],"collection":[{"href":"https:\/\/www.lespetitsbaroudeurs.com\/blog\/wp-json\/wp\/v2\/posts"}],"about":[{"href":"https:\/\/www.lespetitsbaroudeurs.com\/blog\/wp-json\/wp\/v2\/types\/post"}],"author":[{"embeddable":true,"href":"https:\/\/www.lespetitsbaroudeurs.com\/blog\/wp-json\/wp\/v2\/users\/36"}],"replies":[{"embeddable":true,"href":"https:\/\/www.lespetitsbaroudeurs.com\/blog\/wp-json\/wp\/v2\/comments?post=9171"}],"version-history":[{"count":17,"href":"https:\/\/www.lespetitsbaroudeurs.com\/blog\/wp-json\/wp\/v2\/posts\/9171\/revisions"}],"predecessor-version":[{"id":9215,"href":"https:\/\/www.lespetitsbaroudeurs.com\/blog\/wp-json\/wp\/v2\/posts\/9171\/revisions\/9215"}],"wp:featuredmedia":[{"embeddable":true,"href":"https:\/\/www.lespetitsbaroudeurs.com\/blog\/wp-json\/wp\/v2\/media\/9186"}],"wp:attachment":[{"href":"https:\/\/www.lespetitsbaroudeurs.com\/blog\/wp-json\/wp\/v2\/media?parent=9171"}],"wp:term":[{"taxonomy":"category","embeddable":true,"href":"https:\/\/www.lespetitsbaroudeurs.com\/blog\/wp-json\/wp\/v2\/categories?post=9171"},{"taxonomy":"post_tag","embeddable":true,"href":"https:\/\/www.lespetitsbaroudeurs.com\/blog\/wp-json\/wp\/v2\/tags?post=9171"}],"curies":[{"name":"wp","href":"https:\/\/api.w.org\/{rel}","templated":true}]}}