{"id":9437,"date":"2023-09-05T17:22:27","date_gmt":"2023-09-05T15:22:27","guid":{"rendered":"https:\/\/www.lespetitsbaroudeurs.com\/blog\/?p=9437"},"modified":"2023-10-06T15:56:38","modified_gmt":"2023-10-06T13:56:38","slug":"trek-au-maroc-en-famille","status":"publish","type":"post","link":"https:\/\/www.lespetitsbaroudeurs.com\/blog\/trek-au-maroc-en-famille\/","title":{"rendered":"Trek au Maroc en famille : notre folle exp\u00e9rience"},"content":{"rendered":"\n<p>Avec des <strong>images de cin\u00e9ma <\/strong>ancr\u00e9es dans ma t\u00eate depuis des ann\u00e9es (Le patient anglais, Laurence d\u2019Arabie, Hidalgo\u2026) je r\u00eavais de d\u00e9couvrir le <strong>d\u00e9sert<\/strong>, le vrai, celui o\u00f9 on ne voit que des dunes et des plateaux arides \u00e0 perte de vue. Il a fallu rallier toute la famille \u00e0 cette vision qui ne les transcendait gu\u00e8re au d\u00e9part. Eux voyaient plus la chaleur, le manque d\u2019eau, la monotonie\u2026&nbsp;Puis quand Allibert Trekking m\u2019a propos\u00e9 ce <strong>trek au Maroc en famille<\/strong>, au coeur du d\u00e9sert, j\u2019ai soumis \u00e0 nouveau mon id\u00e9e, forte de nouveaux arguments : d\u00e9connexion, dromadaires, nuits \u00e0 la belle \u00e9toile\u2026<strong> Et la magie a op\u00e9r\u00e9, nous \u00e9tions tous partants pour aller marcher une semaine dans le d\u00e9sert marocain.&nbsp;<\/strong><\/p>\n\n\n\n<h2>En bref<\/h2>\n\n\n\n<ul><li>Nous sommes partis sur le trek <a href=\"https:\/\/www.allibert-trekking.com\/voyage\/desert-marocain-caravane-dans-le-desert\">Le Petit Prince propos\u00e9 par Allibert<\/a>.&nbsp;<\/li><li><span style=\"text-decoration: underline;\">Lieu<\/span> : Sud Est de Ouarzazate, au d\u00e9part de Tagounite<\/li><li><span style=\"text-decoration: underline;\">Dur\u00e9e du voyage<\/span> : 9 jours avec les trajets dont 5 jours de trek<\/li><li><span style=\"text-decoration: underline;\">Dur\u00e9e de vol jusqu\u2019\u00e0 Ourzazate<\/span>&nbsp;: 5 \u00e0 6h incluant une escale \u00e0 Casablanca<\/li><li><span style=\"text-decoration: underline;\">D\u00e9calage horaire<\/span>&nbsp;: 1h<\/li><li><span style=\"text-decoration: underline;\">Activit\u00e9s<\/span>&nbsp;: randonn\u00e9e, kyte surf, surf, d\u00e9couvertes \u2026&nbsp;<\/li><li><span style=\"text-decoration: underline;\">Saisons id\u00e9ales<\/span>&nbsp;: printemps, automne, hiver<\/li><li><span style=\"text-decoration: underline;\">Langue parl\u00e9e<\/span>&nbsp;: fran\u00e7ais, arable, berb\u00e8re<\/li><li><span style=\"text-decoration: underline;\">Age des enfants<\/span> : \u00e0 partir de 6 ans pour des enfants ayant l\u2019habitude de marcher.&nbsp;(les n\u00f4tres avaient 10 et 11 ans)<\/li><\/ul>\n\n\n\n<figure class=\"wp-block-image size-large\"><img loading=\"lazy\" width=\"1024\" height=\"768\" src=\"https:\/\/www.lespetitsbaroudeurs.com\/blog\/wp-content\/uploads\/2023\/10\/Trek-maroc-famille-dromadaires.jpg\" alt=\"Trek-maroc-famille-dromadaires\" class=\"wp-image-9448\" srcset=\"https:\/\/www.lespetitsbaroudeurs.com\/blog\/wp-content\/uploads\/2023\/10\/Trek-maroc-famille-dromadaires.jpg 1024w, https:\/\/www.lespetitsbaroudeurs.com\/blog\/wp-content\/uploads\/2023\/10\/Trek-maroc-famille-dromadaires-300x225.jpg 300w, https:\/\/www.lespetitsbaroudeurs.com\/blog\/wp-content\/uploads\/2023\/10\/Trek-maroc-famille-dromadaires-768x576.jpg 768w\" sizes=\"(max-width: 1024px) 100vw, 1024px\" \/><figcaption>Ces paysages de r\u00eave \u00e0 perte de vue<\/figcaption><\/figure>\n\n\n\n<h2>Nos coups de coeurs de ce trek dans le d\u00e9sert<\/h2>\n\n\n\n<h3>C\u00f4t\u00e9 parents&nbsp;<\/h3>\n\n\n\n<ul><li>Se <strong>d\u00e9connecter<\/strong> pour de vrai : v\u00e9ritable immersion dans le d\u00e9sert o\u00f9 on est loin de tout, coup\u00e9 du monde (et du r\u00e9seau)&nbsp;<\/li><li>S\u2019enivrer de <strong>paysages grandioses et envo\u00fbtants<\/strong> qui donnent un sentiment d\u2019immensit\u00e9&nbsp;<\/li><li>Se <strong>baigner<\/strong> au milieu du d\u00e9sert<\/li><li>Se r\u00e9galer de <strong>plats succulents <\/strong>cuisin\u00e9s par notre cuisinier Youssef au milieu du d\u00e9sert.&nbsp;<\/li><li><strong>Dormir \u00e0 la belle \u00e9toile<\/strong>&nbsp;<\/li><li>Tout simplement <strong>marcher<\/strong> et savourer ce moment propice au <strong>partage avec nos loupiots<\/strong> et avec les autres familles<\/li><li><strong>Rencontrer<\/strong> d\u2019autres familles avec qui on a plaisir \u00e0 \u00e9changer.&nbsp;<\/li><\/ul>\n\n\n\n<h3>C\u00f4t\u00e9&nbsp;enfants<\/h3>\n\n\n\n<ul><li><strong>Marcher sur les cr\u00eates des dunes<\/strong> (c\u2019est tr\u00e8s pr\u00e9cis, mais c\u2019est quand m\u00eame ce qui est ressorti en premier, ceux qui savent, savent)<\/li><li>Monter sur les <strong>dromadaires<\/strong><\/li><li>Faire des <strong>feux dans les dunes<\/strong> et s\u2019installer autour&nbsp;<\/li><li><strong>Jouer<\/strong> en haut des dunes (balle assises, loup\u2026)<\/li><li>Se faire plein de <strong>nouveaux copains<\/strong> dans le groupe<\/li><li>Tout simplement \u00eatre dans le d\u00e9sert<\/li><li><strong>Dormir \u00e0 la belle \u00e9toile&nbsp;<\/strong><\/li><li>Jouer au <strong>foot<\/strong> sur la place devant la Kasbah Taourit<\/li><li>Echanger avec l&rsquo;\u00e9quipe des chameliers dont <strong>nous avons tous ador\u00e9 la gentillesse et la pr\u00e9venance. <\/strong><\/li><\/ul>\n\n\n\n<figure class=\"wp-block-image size-large\"><img loading=\"lazy\" width=\"1024\" height=\"768\" src=\"https:\/\/www.lespetitsbaroudeurs.com\/blog\/wp-content\/uploads\/2023\/10\/Trek-maroc-famille-cretes-dunes.jpg\" alt=\"Trek-maroc-famille-crete des dunes\" class=\"wp-image-9445\" srcset=\"https:\/\/www.lespetitsbaroudeurs.com\/blog\/wp-content\/uploads\/2023\/10\/Trek-maroc-famille-cretes-dunes.jpg 1024w, https:\/\/www.lespetitsbaroudeurs.com\/blog\/wp-content\/uploads\/2023\/10\/Trek-maroc-famille-cretes-dunes-300x225.jpg 300w, https:\/\/www.lespetitsbaroudeurs.com\/blog\/wp-content\/uploads\/2023\/10\/Trek-maroc-famille-cretes-dunes-768x576.jpg 768w\" sizes=\"(max-width: 1024px) 100vw, 1024px\" \/><figcaption>Marcher sur la cr\u00eate des dunes<\/figcaption><\/figure>\n\n\n\n<h3>Ce que nous avons moins aim\u00e9<\/h3>\n\n\n\n<ul><li>La chaleur \u00e9crasante du jour 4<\/li><li>Peu de contact avec les locaux (moins que sur notre <a href=\"https:\/\/www.lespetitsbaroudeurs.com\/blog\/trek-au-cap-vert-en-famille\/\">voyage au Cap Vert<\/a>)<\/li><\/ul>\n\n\n\n<p>Au del\u00e0 de nos coups de coeurs, nous sommes maintenant <strong>pleinement convaincus par ce type de voyage.&nbsp;<\/strong>Nous avons trouv\u00e9 un <strong>vrai int\u00e9r\u00eat \u00e0 \u00eatre avec un guide tout le temps<\/strong> qui nous apprend des tas de choses sur le pays, la nature. Et qui r\u00e9pond \u00e0 toutes les questions de enfants (Y a t il des serpents ? Combien de temps dure une temp\u00eate de sable ? Quels sont les animaux qu\u2019on peut trouver dans le d\u00e9sert ? )&nbsp;<\/p>\n\n\n\n<p>Autre int\u00e9r\u00eat avec les enfants : <strong>la magie du groupe<\/strong> ! Les enfants marchent et ne rallent jamais, ils se motivent entre eux, passent beaucoup de temps \u00e0 bavarder et adorent monter sur les dromadaires.&nbsp;<\/p>\n\n\n\n<figure class=\"wp-block-image size-large\"><img loading=\"lazy\" width=\"1024\" height=\"768\" src=\"https:\/\/www.lespetitsbaroudeurs.com\/blog\/wp-content\/uploads\/2023\/10\/Trek-maroc-famille-groupe.jpg\" alt=\"Trek en groupe avec des enfants au Maroc \" class=\"wp-image-9453\" srcset=\"https:\/\/www.lespetitsbaroudeurs.com\/blog\/wp-content\/uploads\/2023\/10\/Trek-maroc-famille-groupe.jpg 1024w, https:\/\/www.lespetitsbaroudeurs.com\/blog\/wp-content\/uploads\/2023\/10\/Trek-maroc-famille-groupe-300x225.jpg 300w, https:\/\/www.lespetitsbaroudeurs.com\/blog\/wp-content\/uploads\/2023\/10\/Trek-maroc-famille-groupe-768x576.jpg 768w\" sizes=\"(max-width: 1024px) 100vw, 1024px\" \/><figcaption>Une belle petite troupe<\/figcaption><\/figure>\n\n\n\n<p>Enfin, un voyage comme celui-ci est sans aucun doute une <strong>vraie parenth\u00e8se de d\u00e9tente pour les parents <\/strong>: le planning est parfait, les temps de marche bien dos\u00e9s, il n\u2019y a pas de repas \u00e0 pr\u00e9parer ni de courses \u00e0 faire.&nbsp;<\/p>\n\n\n\n<h2>Comment se passe une journ\u00e9e type lors d\u2019un trek dans le d\u00e9sert<\/h2>\n\n\n\n<ul><li>R\u00e9veil \u00e0 5:45<\/li><li>Petit d\u00e9jeuner \u00e0 6:30<\/li><li>D\u00e9part \u00e0 7:00<\/li><li>Marche pendant 4h avec pause \u00ab&nbsp;graine&nbsp;\u00bb<\/li><li>D\u00e9jeuner avec th\u00e9 \u00e0 la menthe et sieste \u00e0 l\u2019ombre<\/li><li>Reprise de la marche pour 1h vers 16:30<\/li><li>Arriv\u00e9e au camp, th\u00e9 \u00e0 la menthe et petits g\u00e2teaux&nbsp;<\/li><li>Installation dans les tentes et jeux dans les dunes<\/li><li>D\u00eener vers 18:45<\/li><li>Veill\u00e9e au coin du feu et observation des \u00e9toiles&nbsp;<\/li><\/ul>\n\n\n\n<p>Notre <strong>caravane<\/strong> \u00e9tait constitu\u00e9e de :&nbsp;<\/p>\n\n\n\n<ul><li>1 guide<\/li><li>1 cuisinier<\/li><li>5 chameliers<\/li><li>10 dromadaires dont 2 de selle<\/li><\/ul>\n\n\n\n<h2>Le r\u00e9cit de notre trek au Maroc en famille<\/h2>\n\n\n\n<h3>Jour 1&nbsp;: Lyon &#8211; Ouarzazate<\/h3>\n\n\n\n<p>Pour nous ce sera un d\u00e9part en fin de journ\u00e9e de Lyon pour arriver tardivement \u00e0 Ouarzazate. Un transfert nous attend \u00e0 l\u2019a\u00e9roport pour filer \u00e0 l\u2019h\u00f4tel et passer une bonne nuit.&nbsp;<\/p>\n\n\n\n<h3>Jour 2 : Ouarzazate<\/h3>\n\n\n\n<p>Apr\u00e8s un r\u00e9veil tardif, et un <strong>petit d\u00e9jeuner gargantuesque <\/strong>(les cr\u00eapes marocaines, appel\u00e9es msemen, font tout de suite l\u2019unanimit\u00e9) nous partons <strong>visiter Ouarzazate<\/strong> et sa c\u00e9l\u00e8bre Kazbat. Pour les enfants, c\u2019est une <strong>vraie d\u00e9couverte du pays<\/strong>, des gens, de la ville. Ils sont curieux et nous interrogent sur l\u2019insistance des vendeurs de tapis, la pr\u00e9sence de cigognes en haut des minarets\u2026&nbsp;<\/p>\n\n\n\n<p>On anticipe le trek \u00e0 venir et on ach\u00e8te des ch\u00e8ches en se disant qu\u2019au mieux, ils nous serviront pendant quelques jours, au pire, cela nous fera un chouette souvenir. Bref, nous voici bien \u00e9quip\u00e9s pour notre trek au Maroc en famille. <\/p>\n\n\n\n<p>Bref, cette journ\u00e9e d\u2019acclimation est parfaite pour d\u00e9buter notre s\u00e9jour.&nbsp;<\/p>\n\n\n\n<h3>Jour 3 &nbsp;: Vall\u00e9e du Draa &#8211; Village d\u2019A\u00eft Issfoul &#8211; Dunes de Bougayir<\/h3>\n\n\n\n<p>Apr\u00e8s avoir <strong>fait connaissance avec le groupe<\/strong> au petit d\u00e9jeuner, nous prenons tous ensemble la route dans un mini bus pour acc\u00e9der au d\u00e9part de notre trek. Le trajet devrait durer 3h.&nbsp;<\/p>\n\n\n\n<p>Nous longeons la vall\u00e9e du drap et les paysages sont somptueux et tellement diff\u00e9rents de notre Haute-Savoie. En traversant un village, notre chauffeur s\u2019arr\u00eate : renseignement pris, c\u2019est une anticipation sur une petite panne potentielle. Nous mettons \u00e0 profit cette pause pour faire un tour dehors et aller boire notre <strong>premier th\u00e9 \u00e0 la menthe.<\/strong> Mais cette pause est surtout pour nous l\u2019occasion de faire connaissance et \u00e7a c\u2019est plut\u00f4t chouette.&nbsp;<\/p>\n\n\n\n<figure class=\"wp-block-image size-large\"><img loading=\"lazy\" width=\"1024\" height=\"768\" src=\"https:\/\/www.lespetitsbaroudeurs.com\/blog\/wp-content\/uploads\/2023\/10\/Trek-maroc-famille-pique-nique-1024x768.jpg\" alt=\"Trek au Maroc, pique-nique\" class=\"wp-image-9457\" srcset=\"https:\/\/www.lespetitsbaroudeurs.com\/blog\/wp-content\/uploads\/2023\/10\/Trek-maroc-famille-pique-nique-1024x768.jpg 1024w, https:\/\/www.lespetitsbaroudeurs.com\/blog\/wp-content\/uploads\/2023\/10\/Trek-maroc-famille-pique-nique-300x225.jpg 300w, https:\/\/www.lespetitsbaroudeurs.com\/blog\/wp-content\/uploads\/2023\/10\/Trek-maroc-famille-pique-nique-768x576.jpg 768w, https:\/\/www.lespetitsbaroudeurs.com\/blog\/wp-content\/uploads\/2023\/10\/Trek-maroc-famille-pique-nique.jpg 1080w\" sizes=\"(max-width: 1024px) 100vw, 1024px\" \/><figcaption>Pique-nique am\u00e9lior\u00e9<\/figcaption><\/figure>\n\n\n\n<p>Nous repartons assez vite pour arriver dans une palmeraie o\u00f9 l\u2019\u00e9quipe des chamelier est d\u00e9j\u00e0 arriv\u00e9e,<strong> le repas pr\u00e9par\u00e9 et les dromadaires pr\u00eats \u00e0 partir.<\/strong> Loin du pique-nique \u00ab chips et sandwich&nbsp;\u00bb, c\u2019est un <strong>v\u00e9ritable festin <\/strong>auquel nous avons droit ! Et encore, nous ne sommes qu\u2019au d\u00e9but des r\u00e9jouissances gastronomiques ! Tous les midis, nous nous installerons ainsi sur des nattes et matelas pos\u00e9s au sol pour une entr\u00e9e, un plat chaud et un dessert\u2026 Un truc de fou, je vous le dis.&nbsp;<\/p>\n\n\n\n<p>Puis c\u2019est la mise en route tant attendue de la caravane. <strong>Nous progressons \u00e0 travers les palmiers dattiers<\/strong> et profitons encore de l\u2019ombre des arbres. Nous marchons quelques 3 heures, passons \u00e0 c\u00f4t\u00e9 d\u2019<strong>un puit d\u2019o\u00f9 nous tirons un peu d\u2019eau <\/strong>et en profitons pour rafraichir. Il faut dire les enfants r\u00e9alisent vite \u00e0 quel point l\u2019eau est pr\u00e9cieuse.&nbsp;<\/p>\n\n\n\n<p>Nous d\u00e9couvrons ensuite nos <strong>premi\u00e8res dunes<\/strong>. D\u2019ailleurs, les enfants en profitent pour y faire des acrobaties . Nich\u00e9 au creux des dunes, <strong>nous d\u00e9couvrons notre camp pour la nuit<\/strong>. Le lieu est <strong>idyllique<\/strong> : les dunes, les palmiers, le ciel bleu, les tentes, les dromadaires, une vraie carte postale.&nbsp;<\/p>\n\n\n\n<p>Nous dinons puis, d\u00e8s la tomb\u00e9e de la nuit, les enfants font un grand feu qui rivalise avec le ciel \u00e9toil\u00e9.&nbsp;<\/p>\n\n\n\n<figure class=\"wp-block-image size-large\"><img loading=\"lazy\" width=\"1024\" height=\"768\" src=\"https:\/\/www.lespetitsbaroudeurs.com\/blog\/wp-content\/uploads\/2023\/10\/Trek-maroc-famille-camp-palmeraie.jpg\" alt=\"Camp trek Maroc famille\" class=\"wp-image-9442\" srcset=\"https:\/\/www.lespetitsbaroudeurs.com\/blog\/wp-content\/uploads\/2023\/10\/Trek-maroc-famille-camp-palmeraie.jpg 1024w, https:\/\/www.lespetitsbaroudeurs.com\/blog\/wp-content\/uploads\/2023\/10\/Trek-maroc-famille-camp-palmeraie-300x225.jpg 300w, https:\/\/www.lespetitsbaroudeurs.com\/blog\/wp-content\/uploads\/2023\/10\/Trek-maroc-famille-camp-palmeraie-768x576.jpg 768w\" sizes=\"(max-width: 1024px) 100vw, 1024px\" \/><figcaption>Notre premier camp<\/figcaption><\/figure>\n\n\n\n<h3><strong>Jour 4<\/strong> : Village Fortifi\u00e9, dunes de Bougayir et Tidri<\/h3>\n\n\n\n<p>Ce matin, nous continuons dans les dunes quelques heures, puis apr\u00e8s avoir travers\u00e9 un <strong>plateau min\u00e9ral<\/strong>, nous atteignons un <strong>village fortifi\u00e9<\/strong>, le dernier avant de quitter la civilisation pour un moment. Nous faisons une petite pause dans une minuscule \u00e9choppe o\u00f9 nous achetons des boissons fraiches aux enfants, les derni\u00e8res avant quelques temps. Les 4 loulous juch\u00e9s sur les dromadaires n\u2019en descendent m\u00eame pas pour boire leur soda tant ils sont heureux d\u2019\u00eatre perch\u00e9s sur leur monture.&nbsp;<\/p>\n\n\n\n<p>Peu apr\u00e8s le village, nous traversons une palmeraie et y faisons halte pour le d\u00e9jeuner. Encore une fois, le cuisinier fait des miracles et nous sert une succulente salade de tomate suivie d\u2019un riz aux \u00e9pices et aux l\u00e9gumes.&nbsp;<\/p>\n\n\n\n<p>Nous quittons les palmiers et tout signe de civilisation pour nous avancer d\u2019avantage dans le d\u00e9sert et <strong>cela devient magique<\/strong>. Nous traversons \u00e0 nouveau plateau min\u00e9ral avant d\u2019arriver aux dunes qui abriterons notre bivouac ce soir. Ici il n\u2019y a plus de palmier mais un bouquet d\u2019\u00e9pineux qui nous fait un peu d\u2019ombre.&nbsp;<\/p>\n\n\n\n<p>A l\u2019arriv\u00e9e au camp, <strong>L\u00e9o est HS, s\u00fbrement une petite insolation<\/strong>. Malgr\u00e9 le ch\u00e8che qui nous prot\u00e8ge bien du soleil, il n\u2019a pas assez bu et pour les jours qui suivent, il ne fera pas la m\u00eame erreur. Il faut dire que nous avons march\u00e9 5h environ, l\u2019hydratation est capitale.&nbsp;<\/p>\n\n\n\n<p>Pas de chance pour lui, ce soir, c\u2019est son plat pr\u00e9f\u00e9r\u00e9 au menu : <strong>un couscous succulent, le meilleur qu\u2019on n\u2019ait jamais mang\u00e9.&nbsp;<\/strong><\/p>\n\n\n\n<figure class=\"wp-block-image size-large\"><img loading=\"lazy\" width=\"1024\" height=\"768\" src=\"https:\/\/www.lespetitsbaroudeurs.com\/blog\/wp-content\/uploads\/2023\/10\/Trek-maroc-famille-feu-de-camp.jpg\" alt=\"Feu de camp trek Maroc\" class=\"wp-image-9452\" srcset=\"https:\/\/www.lespetitsbaroudeurs.com\/blog\/wp-content\/uploads\/2023\/10\/Trek-maroc-famille-feu-de-camp.jpg 1024w, https:\/\/www.lespetitsbaroudeurs.com\/blog\/wp-content\/uploads\/2023\/10\/Trek-maroc-famille-feu-de-camp-300x225.jpg 300w, https:\/\/www.lespetitsbaroudeurs.com\/blog\/wp-content\/uploads\/2023\/10\/Trek-maroc-famille-feu-de-camp-768x576.jpg 768w\" sizes=\"(max-width: 1024px) 100vw, 1024px\" \/><figcaption>Les enfants autour du feu<\/figcaption><\/figure>\n\n\n\n<p>Pas grave, il vit encore sa&nbsp;\u00bb meilleure vie\u00bb,&nbsp; une fois requinqu\u00e9, en faisant un <strong>nouveau feu de camp avec ses nouveau copains<\/strong>. Ce soir, notre guide Mohamed nous r\u00e9unit pour notre brief quotidien : demain, il va faire tr\u00e8s chaud, il pr\u00e9f\u00e8re que nous partions plus t\u00f4t, soit vers 7h00 pour profiter d\u2019un peu de fraicheur du matin. Toutefois, il nous indique qu\u2019il y aura peut-\u00eatre de l\u2019eau en route\u2026 <strong>on glisse donc un maillot de bain dans notre sac de rando journ\u00e9e. <\/strong>On ne sait jamais, on aura peut-\u00eatre une bonne surprise.&nbsp;<\/p>\n\n\n\n<h3><strong>Jour 5 : Collines de Tidri &#8211; Dunes de l\u2019Erg Essahel<\/strong><\/h3>\n\n\n\n<h4>Antilope et baignade<\/h4>\n\n\n\n<p>A l\u2019aube, nous sommes pr\u00eat pour cette grosse journ\u00e9e. Nous savons qu\u2019il fera chaud et que nous avons 5h de marche, mais nous sommes plus que jamais motiv\u00e9s et joyeux pour cette belle \u00e9tape.&nbsp;<\/p>\n\n\n\n<p>Apr\u00e8s la travers\u00e9e de l\u2019oued Draa, nous atteignons un site autrefois r\u00e9put\u00e9 de <strong>gravures rupestres. <\/strong>L\u2019\u00e9rosion, le temps, mais surtout la main de l\u2019homme, ont compl\u00e8tement d\u00e9grad\u00e9 les gravures.&nbsp;Nous apercevons quand m\u00eame un bout de gravure d\u2019antilope. <strong>Mais la vraie surprise vient ensuite<\/strong>\u2026&nbsp;<\/p>\n\n\n\n<figure class=\"wp-block-image size-large\"><img loading=\"lazy\" width=\"1024\" height=\"768\" src=\"https:\/\/www.lespetitsbaroudeurs.com\/blog\/wp-content\/uploads\/2023\/10\/Trek-maroc-famille-baignade.jpg\" alt=\"Baignade au milieu du d\u00e9sert\" class=\"wp-image-9440\" srcset=\"https:\/\/www.lespetitsbaroudeurs.com\/blog\/wp-content\/uploads\/2023\/10\/Trek-maroc-famille-baignade.jpg 1024w, https:\/\/www.lespetitsbaroudeurs.com\/blog\/wp-content\/uploads\/2023\/10\/Trek-maroc-famille-baignade-300x225.jpg 300w, https:\/\/www.lespetitsbaroudeurs.com\/blog\/wp-content\/uploads\/2023\/10\/Trek-maroc-famille-baignade-768x576.jpg 768w\" sizes=\"(max-width: 1024px) 100vw, 1024px\" \/><\/figure>\n\n\n\n<p>Mohamed nous avait promis de l\u2019eau, il n\u2019avait pas menti ! <strong>Nous d\u00e9couvrons avec surprise et joie une piscine naturelle<\/strong>. Et avec cette chaleur, nous n\u2019h\u00e9sitons pas longtemps avant d\u2019y plonger. C\u2019est tout simplement fabuleux de se baigner ainsi au coeur du d\u00e9sert et d\u2019autant plus qu\u2019il fait extr\u00eamement chaud ! On emmagasine le plus de \u00ab&nbsp;frais&nbsp;\u00bb possible avant de nous habiller et de poursuivre la marche au sommet d\u2019une colline. La vue est grandiose, mais on se pr\u00e9parer \u00e0 la travers\u00e9e du reg qui s\u2019annonce \u00e9prouvante : il fait vraiment <strong>tr\u00e8s tr\u00e8s chaud et un vent soul\u00e8ve le sable. <\/strong>Les ch\u00e8ches se r\u00e9v\u00e8lent indispensables pour prot\u00e9ger nos visages du sable. <strong>Cette travers\u00e9e prend des allures de Mad Max.&nbsp;<\/strong><\/p>\n\n\n\n<figure class=\"wp-block-image size-large\"><img loading=\"lazy\" width=\"1024\" height=\"768\" src=\"https:\/\/www.lespetitsbaroudeurs.com\/blog\/wp-content\/uploads\/2023\/10\/Trek-maroc-famille-Erg-mineral.jpg\" alt=\"Plateau mineral trek Maroc\" class=\"wp-image-9451\" srcset=\"https:\/\/www.lespetitsbaroudeurs.com\/blog\/wp-content\/uploads\/2023\/10\/Trek-maroc-famille-Erg-mineral.jpg 1024w, https:\/\/www.lespetitsbaroudeurs.com\/blog\/wp-content\/uploads\/2023\/10\/Trek-maroc-famille-Erg-mineral-300x225.jpg 300w, https:\/\/www.lespetitsbaroudeurs.com\/blog\/wp-content\/uploads\/2023\/10\/Trek-maroc-famille-Erg-mineral-768x576.jpg 768w\" sizes=\"(max-width: 1024px) 100vw, 1024px\" \/><\/figure>\n\n\n\n<h4>Du vent, de la chaleur, mais tellement de bonheur<\/h4>\n\n\n\n<p>Enfin nous atteignons les dunes, notre refuge pour le reste de la journ\u00e9e. L\u00e0, une nouvelle \u00e9preuve nous attend\u2026 Il est midi, nous avons aval\u00e9 nos 5h de marche dans la matin\u00e9e et avons l\u2019apr\u00e8s midi pour nous reposer. Sauf qu\u2019il n\u2019y a pas d\u2019ombre et que le <strong>vent souffle en continu<\/strong>. Nous nous installons donc dans la tente mess qui se transforme donc en sauna. Apr\u00e8s le repas, nous disons les matelas pour une <strong>sieste collective <\/strong>et surtout de belles parties de Loup Garou. Mais malgr\u00e9 le vent (et surtout \u00e0 cause de la chaleur)&nbsp; je ne r\u00e9siste pas \u00e0 partir explorer les environs.<strong> <\/strong><\/p>\n\n\n\n<figure class=\"wp-block-image size-large\"><img loading=\"lazy\" width=\"1024\" height=\"768\" src=\"https:\/\/www.lespetitsbaroudeurs.com\/blog\/wp-content\/uploads\/2023\/10\/Trek-maroc-famille-camp-tente.jpg\" alt=\"Dans la tente Mess\" class=\"wp-image-9443\" srcset=\"https:\/\/www.lespetitsbaroudeurs.com\/blog\/wp-content\/uploads\/2023\/10\/Trek-maroc-famille-camp-tente.jpg 1024w, https:\/\/www.lespetitsbaroudeurs.com\/blog\/wp-content\/uploads\/2023\/10\/Trek-maroc-famille-camp-tente-300x225.jpg 300w, https:\/\/www.lespetitsbaroudeurs.com\/blog\/wp-content\/uploads\/2023\/10\/Trek-maroc-famille-camp-tente-768x576.jpg 768w\" sizes=\"(max-width: 1024px) 100vw, 1024px\" \/><\/figure>\n\n\n\n<p><strong>Cet endroit est exceptionnel !<\/strong> Les dunes, tel un \u00e9crin de notre campement, se dressent majestueusement \u00e0 perte de vue. <strong>Le vent trace dans le sable des sillons \u00e0 la g\u00e9om\u00e9trie parfaite, <\/strong>c\u2019est magnifique. Avec Eva nous partons marcher sur les cr\u00eates des dunes pour monter sur la plus haute. De l\u00e0, on voir la <strong>fronti\u00e8re avec l\u2019Alg\u00e9rie<\/strong>.&nbsp;<\/p>\n\n\n\n<p>Incontestablement, ce <strong>bivouac est tout simplement magique<\/strong>. Nous passons des heures \u00e0 tout simplement ne rien faire d\u2019autre que profiter de ces paysages, de cette ambiance. <strong>Les enfants, explorent, jouent dans le sable, <\/strong>montent sur les dunes, glissent, courent, remontent, jamais fatigu\u00e9s et eu aussi subjugu\u00e9s par le lieu.&nbsp;<\/p>\n\n\n\n<h4>Au rythme des chants berb\u00e8res sous les \u00e9toiles<\/h4>\n\n\n\n<figure class=\"wp-block-image size-large\"><img loading=\"lazy\" width=\"1024\" height=\"768\" src=\"https:\/\/www.lespetitsbaroudeurs.com\/blog\/wp-content\/uploads\/2023\/10\/Trek-maroc-famille-diner-au-camp.jpg\" alt=\"diner camp Trek Maroc famille\" class=\"wp-image-9446\" srcset=\"https:\/\/www.lespetitsbaroudeurs.com\/blog\/wp-content\/uploads\/2023\/10\/Trek-maroc-famille-diner-au-camp.jpg 1024w, https:\/\/www.lespetitsbaroudeurs.com\/blog\/wp-content\/uploads\/2023\/10\/Trek-maroc-famille-diner-au-camp-300x225.jpg 300w, https:\/\/www.lespetitsbaroudeurs.com\/blog\/wp-content\/uploads\/2023\/10\/Trek-maroc-famille-diner-au-camp-768x576.jpg 768w\" sizes=\"(max-width: 1024px) 100vw, 1024px\" \/><\/figure>\n\n\n\n<p>En fin de journ\u00e9e, le vent se calme et nous profitons d\u2019un <strong>diner au coucher de soleil<\/strong>. A la nuit tomb\u00e9e, les chameliers nous font la surprise d\u2019allumer un grand feu \u00e0 leur tour, comme s\u2019ils r\u00e9pondaient aux enfant du groupe qui adorent cela, et engagent ainsi un \u00e9change. Toute la journ\u00e9e, ils ont collect\u00e9 du bois et nous sommes contents et surpris de ce cadeau qu\u2019ils nous offrent car il n\u2019y a aucun arbre autour de nous.&nbsp;<\/p>\n\n\n\n<p><strong>Et pour parfaire le moment, ils se mettent \u00e0 chanter des air berb\u00e8res, c\u2019est magnifique<\/strong>. Alors pour continuer le dialogue, nous chantons \u00e0 notre tour (beaucoup moins bien, certes) mais quelle beau moment d\u2019\u00e9change !<\/p>\n\n\n\n<figure class=\"wp-block-image size-large\"><img loading=\"lazy\" width=\"1024\" height=\"768\" src=\"https:\/\/www.lespetitsbaroudeurs.com\/blog\/wp-content\/uploads\/2023\/10\/Trek-maroc-famille-chants-berberes.jpg\" alt=\"Chants Berb\u00e8re trek Maroc\" class=\"wp-image-9444\" srcset=\"https:\/\/www.lespetitsbaroudeurs.com\/blog\/wp-content\/uploads\/2023\/10\/Trek-maroc-famille-chants-berberes.jpg 1024w, https:\/\/www.lespetitsbaroudeurs.com\/blog\/wp-content\/uploads\/2023\/10\/Trek-maroc-famille-chants-berberes-300x225.jpg 300w, https:\/\/www.lespetitsbaroudeurs.com\/blog\/wp-content\/uploads\/2023\/10\/Trek-maroc-famille-chants-berberes-768x576.jpg 768w\" sizes=\"(max-width: 1024px) 100vw, 1024px\" \/><\/figure>\n\n\n\n<p>Ce soir, avec L\u00e9o, nous pr\u00e9f\u00e9rons le grand air \u00e0 la tente et <strong>nous nous endormons sous les milliers d\u2019\u00e9toiles qui scintillent, <\/strong>comme dans un r\u00eave.&nbsp;<\/p>\n\n\n\n<h3>Jour 6 : Erg Essahel &#8211; Dunes de Lanithie<\/h3>\n\n\n\n<h4>Dessine moi un arbre<\/h4>\n\n\n\n<p>D\u00e8s les premi\u00e8res lueurs de l\u2019aube, nous profitons des <strong>lumi\u00e8res sur les dunes<\/strong>. Instant suspendu, c\u2019est tout simplement magique. Ce matin , \u00e0 nouveau, nous nous mettons en route de bonne heure car les temp\u00e9ratures vont encore grimper.&nbsp; Nous avan\u00e7ons dans le <strong>reg<\/strong>, un plateau min\u00e9ral parsem\u00e9 de tamaris et d\u2019acacias, arbres qui r\u00e9sistent \u00e0 des climats extr\u00eamement secs. Ils sont pos\u00e9s l\u00e0, au milieu de nulle part, c\u2019est <strong>assez surr\u00e9aliste comme paysage<\/strong>. Nous faisons une pause sous l\u2019un deux et les enfants ne manquent pas d\u2019y <strong>grimper<\/strong>. Plus loin et apr\u00e8s quelques heures de marche, nous nous arr\u00eatons au pied d\u2019un grand acacia pour le d\u00e9jeuner qui nous attend. Il n\u2019y a pas un autre arbre \u00e0 la ronde.&nbsp;<\/p>\n\n\n\n<figure class=\"wp-block-image size-large\"><img loading=\"lazy\" width=\"1024\" height=\"768\" src=\"https:\/\/www.lespetitsbaroudeurs.com\/blog\/wp-content\/uploads\/2023\/10\/Trek-maroc-famille-Accacia.jpg\" alt=\"Trek D\u00e9sert en famille\" class=\"wp-image-9439\" srcset=\"https:\/\/www.lespetitsbaroudeurs.com\/blog\/wp-content\/uploads\/2023\/10\/Trek-maroc-famille-Accacia.jpg 1024w, https:\/\/www.lespetitsbaroudeurs.com\/blog\/wp-content\/uploads\/2023\/10\/Trek-maroc-famille-Accacia-300x225.jpg 300w, https:\/\/www.lespetitsbaroudeurs.com\/blog\/wp-content\/uploads\/2023\/10\/Trek-maroc-famille-Accacia-768x576.jpg 768w\" sizes=\"(max-width: 1024px) 100vw, 1024px\" \/><figcaption>Et l\u00e0, un petit arbre<\/figcaption><\/figure>\n\n\n\n<p>En arrivant au camp ce soir, toujours dans des dunes enchanteresses, les enfants redoublent d\u2019\u00e9nergie, comme s\u2019ils savaient qu\u2019il fallait vraiment profiter de ce dernier bivouac en pleine nature. <strong>Ils jouent pendant des heures<\/strong>, tant\u00f4t au rugby, tant\u00f4t \u00e0 la balle assise, tant\u00f4t \u00e0 faire la course en descendant les dunes.&nbsp;<\/p>\n\n\n\n<h4>Pain au sable et nuit \u00e0 la belle<\/h4>\n\n\n\n<p>En fin de journ\u00e9e, les chameliers nous invitent \u00e0 venir voir la <strong>cuisson originale du pain dans le sable<\/strong> : apr\u00e8s avoir fait un grand feu sur le sable, ils d\u00e9calent un peu les braises et enterrent dessous de la p\u00e2te \u00e0 pain, \u00e0 m\u00eame le sol. Quand ils d\u00e9terrent le pain quelques minutes plus tard, il est parfaitement cuit et, apr\u00e8s un brossage succinct, n\u2019a plus aucun grain de sable et surtout est d\u00e9licieux.&nbsp;<\/p>\n\n\n\n<p>Ce soir, la plus grande partie de la troupe d\u00e9cide de <strong>dormir \u00e0 la belle \u00e9toile<\/strong>. Les enfants se regroupent pour dormir tous ensemble. Leur meilleur nuit, nous diront-ils le lendemain.&nbsp;<\/p>\n\n\n\n<figure class=\"wp-block-image size-large\"><img loading=\"lazy\" width=\"1024\" height=\"768\" src=\"https:\/\/www.lespetitsbaroudeurs.com\/blog\/wp-content\/uploads\/2023\/10\/Trek-maroc-famille-Erg-Essahel.jpg\" alt=\"Camp dunes trek Maroc\" class=\"wp-image-9450\" srcset=\"https:\/\/www.lespetitsbaroudeurs.com\/blog\/wp-content\/uploads\/2023\/10\/Trek-maroc-famille-Erg-Essahel.jpg 1024w, https:\/\/www.lespetitsbaroudeurs.com\/blog\/wp-content\/uploads\/2023\/10\/Trek-maroc-famille-Erg-Essahel-300x225.jpg 300w, https:\/\/www.lespetitsbaroudeurs.com\/blog\/wp-content\/uploads\/2023\/10\/Trek-maroc-famille-Erg-Essahel-768x576.jpg 768w\" sizes=\"(max-width: 1024px) 100vw, 1024px\" \/><\/figure>\n\n\n\n<p>En r\u00e9alit\u00e9, ce soir l\u00e0, nous avons quand m\u00eame eu une petite frayeur en d\u00e9couvrant un <strong>scorpion<\/strong> dans le campement. Mais apr\u00e8s les explications de notre guide, il s\u2019est av\u00e9r\u00e9 que la piqure de l\u2019animal pouvait \u00eatre douloureuse, mais pas dangereuse. <strong>Vivre et dormir en pleine nature peut aussi r\u00e9server quelques surprises\u2026&nbsp;<\/strong><\/p>\n\n\n\n<figure class=\"wp-block-image size-large\"><img loading=\"lazy\" width=\"1024\" height=\"768\" src=\"https:\/\/www.lespetitsbaroudeurs.com\/blog\/wp-content\/uploads\/2023\/10\/Trek-maroc-famille-nuit-belle-etoile.jpg\" alt=\"nuit \u00e0 la belle \u00e9toile trek Maroc\" class=\"wp-image-9455\" srcset=\"https:\/\/www.lespetitsbaroudeurs.com\/blog\/wp-content\/uploads\/2023\/10\/Trek-maroc-famille-nuit-belle-etoile.jpg 1024w, https:\/\/www.lespetitsbaroudeurs.com\/blog\/wp-content\/uploads\/2023\/10\/Trek-maroc-famille-nuit-belle-etoile-300x225.jpg 300w, https:\/\/www.lespetitsbaroudeurs.com\/blog\/wp-content\/uploads\/2023\/10\/Trek-maroc-famille-nuit-belle-etoile-768x576.jpg 768w\" sizes=\"(max-width: 1024px) 100vw, 1024px\" \/><\/figure>\n\n\n\n<h3>Jour 7 : Dunes de Lanithie &#8211; Palmeraie d\u2019Oued Driss<\/h3>\n\n\n\n<p>Aujourd\u2019hui, <strong>nous savourons nos derni\u00e8res heures de d\u00e9sert et de dromadaires<\/strong> avant de retour \u00e0 la civilisation.&nbsp;<\/p>\n\n\n\n<p>En fin de matin\u00e9e, nous visitons un<strong> ancien village en pis\u00e9 <\/strong>et notre guide nous explique la vie dans ces villages, l\u2019architecture et l\u2019histoire. Puis \u00e0 midi, nous atteignons notre camp\/lodge pour le reste de la journ\u00e9e et la nuit. Apr\u00e8s le d\u00e9jeuner, nous profitons d\u2019un apr\u00e8s-midi d\u00e9tente et prenons une <strong>bonne douche<\/strong> bien m\u00e9rit\u00e9e.&nbsp;<\/p>\n\n\n\n<p>En fin de journ\u00e9e, nous visitons Ouled Driss et ses ruelles typiques.&nbsp;<\/p>\n\n\n\n<h3>Jour 8 : Ouled Driss &#8211; Ksar Tamnougalte &#8211; Ouarzazate<\/h3>\n\n\n\n<figure class=\"wp-block-image size-large\"><img loading=\"lazy\" width=\"1024\" height=\"768\" src=\"https:\/\/www.lespetitsbaroudeurs.com\/blog\/wp-content\/uploads\/2023\/10\/Trek-maroc-famille-palmeraie-Tamnougalte.jpg\" alt=\"Palmeraie\" class=\"wp-image-9456\" srcset=\"https:\/\/www.lespetitsbaroudeurs.com\/blog\/wp-content\/uploads\/2023\/10\/Trek-maroc-famille-palmeraie-Tamnougalte.jpg 1024w, https:\/\/www.lespetitsbaroudeurs.com\/blog\/wp-content\/uploads\/2023\/10\/Trek-maroc-famille-palmeraie-Tamnougalte-300x225.jpg 300w, https:\/\/www.lespetitsbaroudeurs.com\/blog\/wp-content\/uploads\/2023\/10\/Trek-maroc-famille-palmeraie-Tamnougalte-768x576.jpg 768w\" sizes=\"(max-width: 1024px) 100vw, 1024px\" \/><figcaption>Le retour \u00e0 la verdure<\/figcaption><\/figure>\n\n\n\n<p>Ce matin, nous ne partons pas \u00e0 pied, mais en minibus. <strong>On sait d\u00e9j\u00e0 que le d\u00e9sert va nous manquer.<\/strong> Nous remontons la vall\u00e9e du Draa et d\u00e9couvrons le Ksar Tamnougalte, ancienne capitale de la tribu Mezguita. Nous nous arr\u00eatons pour partir explorer la palmeraie. Celle-ci est bien plus verte et cultiv\u00e9e que toutes celles que nous avons vues jusqu\u2019\u00e0 lors. La grosse diff\u00e9rence : ici, <strong>il y a de l\u2019eau <\/strong>(irrigation depuis le fleuve du Draa) Ce voyage nous aura d\u2019ailleurs permis \u00e0 tous de bien comprendre \u00e0 quel point l\u2019eau est pr\u00e9cieuse.&nbsp;<\/p>\n\n\n\n<figure class=\"wp-block-image size-large\"><img loading=\"lazy\" width=\"1024\" height=\"768\" src=\"https:\/\/www.lespetitsbaroudeurs.com\/blog\/wp-content\/uploads\/2023\/10\/Trek-maroc-famille-ksar-Tamnougalte.jpg\" alt=\"Ksar\" class=\"wp-image-9454\" srcset=\"https:\/\/www.lespetitsbaroudeurs.com\/blog\/wp-content\/uploads\/2023\/10\/Trek-maroc-famille-ksar-Tamnougalte.jpg 1024w, https:\/\/www.lespetitsbaroudeurs.com\/blog\/wp-content\/uploads\/2023\/10\/Trek-maroc-famille-ksar-Tamnougalte-300x225.jpg 300w, https:\/\/www.lespetitsbaroudeurs.com\/blog\/wp-content\/uploads\/2023\/10\/Trek-maroc-famille-ksar-Tamnougalte-768x576.jpg 768w\" sizes=\"(max-width: 1024px) 100vw, 1024px\" \/><figcaption>Ksar Tamnougalte<\/figcaption><\/figure>\n\n\n\n<p>Puis c\u2019est le retour \u00e0 Ouarzazate, o\u00f9 les enfants sont aussi bien contents de retrouver la jolie <strong>piscine<\/strong> de l\u2019h\u00f4tel. Apr\u00e8s 6 jours de grosse chaleur et sans eau, ils en r\u00eavaient (et nous aussi un peu d\u2019ailleurs)<\/p>\n\n\n\n<h3>Jour 9 : Ouarzazate<\/h3>\n\n\n\n<p>Nous profitons de cette derni\u00e8re journ\u00e9e avec une autre famille rest\u00e9e elle aussi un jour de plus sur place. Nous nous mettons rapidement d\u2019accord sur le programme du jour : ce sera <strong>visite des studios de cin\u00e9ma de Ouarzazate.<\/strong> Car oui, cet endroit est tr\u00e8s r\u00e9put\u00e9 pour les tournages de film, on le surnomme m\u00eame Ouarzawood ! La visite est tr\u00e8s plaisante avec des enfants (entre 10 et 13 ans dans notre cas) et pour les grands, f\u00e9rus de cin\u00e9ma, c\u2019est aussi un r\u00e9gal de se balader dans les d\u00e9cors de \u00ab&nbsp;Ast\u00e9rix, Mission Cl\u00e9opatre&nbsp;\u00bb, \u00ab&nbsp;Gladiator&nbsp;\u00bb, \u00ab&nbsp;Babel&nbsp;\u00bb\u2026<\/p>\n\n\n\n<p>Le soir, c\u2019est la fin du ramadan, donc la f\u00eate un peu partout dans la ville en pleine effervescence.&nbsp;<\/p>\n\n\n\n<h3>Jour 10 : Ouarzazate &#8211; Lyon<\/h3>\n\n\n\n<p>Jour de retour, jour de s\u00e9paration, jour de fin de voyage\u2026<br><strong>On n\u2019a tous les quatre qu\u2019une envie : repartir !<\/strong><\/p>\n\n\n\n<h2>Nos conseils de baroudeurs pour un trek au Maroc en famille<\/h2>\n\n\n\n<h3>Le ch\u00e8che, un truc de touristes ?&nbsp;<\/h3>\n\n\n\n<p>Loin d\u2019\u00eatre un clich\u00e9 du touriste, <strong>il s\u2019av\u00e8re bigrement utile<\/strong>. Et d\u2019ailleurs, il est port\u00e9 par tout les chameliers ici. En voile de coton, il est tr\u00e8s l\u00e9ger, couvre la nuque, et peut couvrir le visage en cas de temp\u00eate de sable : <strong>indispensable<\/strong> !<\/p>\n\n\n\n<div class=\"wp-block-group\"><div class=\"wp-block-group__inner-container\">\n<figure class=\"wp-block-gallery columns-2 is-cropped\"><ul class=\"blocks-gallery-grid\"><li class=\"blocks-gallery-item\"><figure><img loading=\"lazy\" width=\"768\" height=\"1024\" src=\"https:\/\/www.lespetitsbaroudeurs.com\/blog\/wp-content\/uploads\/2023\/10\/scarabe-trek-maroc.jpg\" alt=\"\" data-id=\"9468\" data-full-url=\"https:\/\/www.lespetitsbaroudeurs.com\/blog\/wp-content\/uploads\/2023\/10\/scarabe-trek-maroc.jpg\" data-link=\"https:\/\/www.lespetitsbaroudeurs.com\/blog\/?attachment_id=9468\" class=\"wp-image-9468\" srcset=\"https:\/\/www.lespetitsbaroudeurs.com\/blog\/wp-content\/uploads\/2023\/10\/scarabe-trek-maroc.jpg 768w, https:\/\/www.lespetitsbaroudeurs.com\/blog\/wp-content\/uploads\/2023\/10\/scarabe-trek-maroc-225x300.jpg 225w\" sizes=\"(max-width: 768px) 100vw, 768px\" \/><\/figure><\/li><li class=\"blocks-gallery-item\"><figure><img loading=\"lazy\" width=\"768\" height=\"1024\" src=\"https:\/\/www.lespetitsbaroudeurs.com\/blog\/wp-content\/uploads\/2023\/10\/cheche-trek-maroc.jpg\" alt=\"\" data-id=\"9469\" data-full-url=\"https:\/\/www.lespetitsbaroudeurs.com\/blog\/wp-content\/uploads\/2023\/10\/cheche-trek-maroc.jpg\" data-link=\"https:\/\/www.lespetitsbaroudeurs.com\/blog\/?attachment_id=9469\" class=\"wp-image-9469\" srcset=\"https:\/\/www.lespetitsbaroudeurs.com\/blog\/wp-content\/uploads\/2023\/10\/cheche-trek-maroc.jpg 768w, https:\/\/www.lespetitsbaroudeurs.com\/blog\/wp-content\/uploads\/2023\/10\/cheche-trek-maroc-225x300.jpg 225w\" sizes=\"(max-width: 768px) 100vw, 768px\" \/><\/figure><\/li><\/ul><figcaption class=\"blocks-gallery-caption\">Jamais sans mon ch\u00e8che<\/figcaption><\/figure>\n\n\n\n<p><\/p>\n<\/div><\/div>\n\n\n\n<h3>Que prendre comme v\u00eatements ?&nbsp;<\/h3>\n\n\n\n<p>Comme souvent quand on part, on prend trop de v\u00eatement\u2026 En r\u00e9alit\u00e9, <strong>une tenue pour marcher<\/strong> (avec quelques tee-shirts en plus quand m\u00eame) et <strong>une tenue confortable pour le soir suffisent<\/strong>. Et pour la p\u00e9riode o\u00f9 nous y sommes all\u00e9s, inutile de prendre grosse polaire et doudoune, un simple sweat-shirt ou polaire l\u00e9g\u00e8re suffisent.&nbsp;<\/p>\n\n\n\n<p>Pour les hauts, \u00e9vitez quand m\u00eame les d\u00e9bardeur au risque de cramer sur les \u00e9paules (ou alors pr\u00e9voyez plus large en cr\u00e8me solaire). Pour les bas, short long ou bermuda sont impeccables, mais un pantalon l\u00e9ger sera aussi parfait.&nbsp;<\/p>\n\n\n\n<h3>Chaussures de marche tige haute ou tige basse ?&nbsp;<\/h3>\n\n\n\n<p>On avait pris des basses l\u00e9g\u00e8res et c\u2019\u00e9tait parfait, m\u00eame s\u2019il fallait r\u00e9guli\u00e8rement les vider. Avec des chaussures de randonn\u00e9e montantes, le sable rentrera moins, mais vous aurez plus chaud\u2026 A vous de choisir.&nbsp;<\/p>\n\n\n\n<h3>Il fait chaud comment ?&nbsp;<\/h3>\n\n\n\n<p>Nous sommes partis fin avril et il a fait <strong>tr\u00e8s tr\u00e8s chaud<\/strong> : plus de 40 certains jours. Mais en fait, la chaleur \u00e9tant tr\u00e8s s\u00e8che, c\u2019est finalement largement supportable. Notre guide a parfaitement su adapter les horaires de marche et <strong>personne n\u2019a finalement souffert de la chaleur<\/strong>.&nbsp;<\/p>\n\n\n\n<h3>Poche \u00e0 eau ou gourde ?&nbsp;<\/h3>\n\n\n\n<p>En voil\u00e0 une bonne question ! Nous avions tous les quatre des <strong>poches \u00e0 eau qui nous permettaient de boire en continu <\/strong>et clairement, c\u2019est indispensable. Nous avions aussi des <strong>gourdes isothermes<\/strong>, gr\u00e2ce auxquelles nous pouvions boire de l\u2019eau fraiche lors des pauses. Bref, les deux mon capitaine seraient la bonne r\u00e9ponse \u00e0 cette question selon moi.&nbsp;<\/p>\n\n\n\n<h3>Batteries pour photo<\/h3>\n\n\n\n<p>Les paysages sont tellement \u00e9poustouflant qu\u2019on a envie de prendre des photos tout le temps. Nous avions donc pris de quoi rechercher nos t\u00e9l\u00e9phones pendant ces six jours en autonomie : d\u2019une part une batterie externe qui chargeaient les appareils la nuit et d\u2019autre part un chargeur solaire qui chargeait la batterie externe le jour.&nbsp;<\/p>\n\n\n\n<h3>Lingettes ou gant de toilette ?&nbsp;<\/h3>\n\n\n\n<p>Lorsque les enfants \u00e9taient b\u00e9b\u00e9s d\u00e9j\u00e0 nous n\u2019utilisions que tr\u00e8s rarement des lingettes et, sur nos bivouacs en montagne, nous n\u2019en prenons jamais. N\u00e9anmoins, lors de ce trek, nous en avions et elles nous ont \u00e9t\u00e9 utile un ou deux soirs. Tout baroudeurs que nous sommes, nous adorons faire notre <strong>toilette de chat<\/strong> \u00e0 l\u2019arriv\u00e9e au campement. Sur les 4 nuits dans le d\u00e9sert, nous avons eu droit \u00e0 une petite bassine d\u2019eau par famille 3 soirs. Nous avons ainsi pu faire une toilette de chat au gant, digne d\u2019une vraie douche. Sur le camp le plus \u00e9loign\u00e9, faute d\u2019eau (elle \u00e9tait exclusivement dessin\u00e9e \u00e0 remplir nos gourdes et cuisiner) nous nous sommes rabattus sur les lingettes.&nbsp;<\/p>\n\n\n\n<h3>Que boit-on pendant un trek dans le d\u00e9sert ?&nbsp;<\/h3>\n\n\n\n<p>Spontan\u00e9ment, je vous dirais : des<strong> litres de th\u00e9<\/strong> ! Et \u00e7a tombe bien car il est d\u00e9licieux.&nbsp;<\/p>\n\n\n\n<p>Et sinon, l\u2019eau destin\u00e9e \u00e0 notre consommation n\u2019est pas tir\u00e9e des puits car trop risqu\u00e9e, mais elle est achet\u00e9e en bouteille. Donc nous n\u2019avons pas eu besoin de filtre ni de pastille pour purifier l\u2019eau.&nbsp;<\/p>\n\n\n\n<h2>Ce que l\u2019on gardera de ce voyage dans le d\u00e9sert<\/h2>\n\n\n\n<p><strong>Nous avons vraiment tous les 4 ador\u00e9 ce voyage<\/strong> et allons en parler pendant longtemps. Si les<strong> nuits \u00e0 la belle \u00e9toile<\/strong>, les marches \u00e0 dos de dromadaire et les jeux dans les dunes restent les temps forts de ce s\u00e9jour, c\u2019est peut \u00eatre encore plus ce sentiment de vraie nature sauvage, rude et presque hostile qui nous a envout\u00e9, charm\u00e9. Et en montagne comme dans le d\u00e9sert, <strong>nous adorons d\u00e9finitivement l\u2019itin\u00e9rance<\/strong> : dormir dans un lieu diff\u00e9rent chaque soir, avancer un peu tous les jours, s\u2019inscrit un gage de <strong>promesse chaque jour renouvel\u00e9e de d\u00e9couvrir des merveilles<\/strong>.&nbsp;<\/p>\n\n\n\n<p>Vous l\u2019aurez compris, <strong>on ne peut que vous conseiller de vous lancer dans cette aventure en famille<\/strong>.&nbsp;<\/p>\n\n\n\n<p><em>Ce voyage a \u00e9t\u00e9 r\u00e9alis\u00e9 dans le cadre d\u2019une collaboration avec Allibert Trekking, n\u2019h\u00e9sitez pas \u00e0 les contacter et dites leur que vous venez de notre part !<\/em><\/p>\n","protected":false},"excerpt":{"rendered":"<p>Avec des images de cin\u00e9ma ancr\u00e9es dans ma t\u00eate depuis des ann\u00e9es (Le patient anglais, Laurence d\u2019Arabie, Hidalgo\u2026) je r\u00eavais de d\u00e9couvrir le d\u00e9sert, le vrai, celui o\u00f9 on ne voit que des dunes et des plateaux arides \u00e0 perte de vue. Il a fallu rallier toute la famille \u00e0 cette vision qui ne les [&hellip;]<\/p>\n","protected":false},"author":36,"featured_media":9462,"comment_status":"open","ping_status":"open","sticky":false,"template":"","format":"standard","meta":[],"categories":[151],"tags":[],"yoast_head":"<!-- This site is optimized with the Yoast SEO plugin v14.9 - https:\/\/yoast.com\/wordpress\/plugins\/seo\/ -->\n<title>Trek au Maroc en famille : notre folle exp\u00e9rience - Les Petits Baroudeurs<\/title>\n<meta name=\"description\" content=\"Dormir \u00e0 la belle \u00e9toile, marcher dans le d\u00e9sert au rythme des dromadaires, on vous raconte notre innoubliable trek au Maroc en famille.\" \/>\n<meta name=\"robots\" content=\"index, follow, max-snippet:-1, max-image-preview:large, max-video-preview:-1\" \/>\n<link rel=\"canonical\" href=\"https:\/\/www.lespetitsbaroudeurs.com\/blog\/trek-au-maroc-en-famille\/\" \/>\n<meta property=\"og:locale\" content=\"fr_FR\" \/>\n<meta property=\"og:type\" content=\"article\" \/>\n<meta property=\"og:title\" content=\"Trek au Maroc en famille : notre folle exp\u00e9rience - Les Petits Baroudeurs\" \/>\n<meta property=\"og:description\" content=\"Dormir \u00e0 la belle \u00e9toile, marcher dans le d\u00e9sert au rythme des dromadaires, on vous raconte notre innoubliable trek au Maroc en famille.\" \/>\n<meta property=\"og:url\" content=\"https:\/\/www.lespetitsbaroudeurs.com\/blog\/trek-au-maroc-en-famille\/\" \/>\n<meta property=\"og:site_name\" content=\"Les Petits Baroudeurs\" \/>\n<meta property=\"article:publisher\" content=\"https:\/\/www.facebook.com\/lespetitsbaroudeurs\/\" \/>\n<meta property=\"article:published_time\" content=\"2023-09-05T15:22:27+00:00\" \/>\n<meta property=\"article:modified_time\" content=\"2023-10-06T13:56:38+00:00\" \/>\n<meta property=\"og:image\" content=\"https:\/\/www.lespetitsbaroudeurs.com\/blog\/wp-content\/uploads\/2023\/10\/Trek-maroc-famille.jpg\" \/>\n\t<meta property=\"og:image:width\" content=\"1136\" \/>\n\t<meta property=\"og:image:height\" content=\"530\" \/>\n<meta name=\"twitter:card\" content=\"summary_large_image\" \/>\n<script type=\"application\/ld+json\" class=\"yoast-schema-graph\">{\"@context\":\"https:\/\/schema.org\",\"@graph\":[{\"@type\":\"WebSite\",\"@id\":\"https:\/\/www.lespetitsbaroudeurs.com\/blog\/#website\",\"url\":\"https:\/\/www.lespetitsbaroudeurs.com\/blog\/\",\"name\":\"Les Petits Baroudeurs\",\"description\":\"Le Blog de l&#039;aventure en famille !\",\"potentialAction\":[{\"@type\":\"SearchAction\",\"target\":\"https:\/\/www.lespetitsbaroudeurs.com\/blog\/?s={search_term_string}\",\"query-input\":\"required name=search_term_string\"}],\"inLanguage\":\"fr-FR\"},{\"@type\":\"ImageObject\",\"@id\":\"https:\/\/www.lespetitsbaroudeurs.com\/blog\/trek-au-maroc-en-famille\/#primaryimage\",\"inLanguage\":\"fr-FR\",\"url\":\"https:\/\/www.lespetitsbaroudeurs.com\/blog\/wp-content\/uploads\/2023\/10\/Trek-maroc-famille.jpg\",\"width\":1136,\"height\":530,\"caption\":\"Trek au Maroc en famille\"},{\"@type\":\"WebPage\",\"@id\":\"https:\/\/www.lespetitsbaroudeurs.com\/blog\/trek-au-maroc-en-famille\/#webpage\",\"url\":\"https:\/\/www.lespetitsbaroudeurs.com\/blog\/trek-au-maroc-en-famille\/\",\"name\":\"Trek au Maroc en famille : notre folle exp\\u00e9rience - Les Petits Baroudeurs\",\"isPartOf\":{\"@id\":\"https:\/\/www.lespetitsbaroudeurs.com\/blog\/#website\"},\"primaryImageOfPage\":{\"@id\":\"https:\/\/www.lespetitsbaroudeurs.com\/blog\/trek-au-maroc-en-famille\/#primaryimage\"},\"author\":{\"@id\":\"https:\/\/www.lespetitsbaroudeurs.com\/blog\/#\/schema\/person\/074061ec8b5473878afb9cce3c002d69\"},\"description\":\"Dormir \\u00e0 la belle \\u00e9toile, marcher dans le d\\u00e9sert au rythme des dromadaires, on vous raconte notre innoubliable trek au Maroc en famille.\",\"inLanguage\":\"fr-FR\",\"potentialAction\":[{\"@type\":\"ReadAction\",\"target\":[\"https:\/\/www.lespetitsbaroudeurs.com\/blog\/trek-au-maroc-en-famille\/\"]}]},{\"@type\":\"Person\",\"@id\":\"https:\/\/www.lespetitsbaroudeurs.com\/blog\/#\/schema\/person\/074061ec8b5473878afb9cce3c002d69\",\"name\":\"C\\u00e9line Lacombe\",\"image\":{\"@type\":\"ImageObject\",\"@id\":\"https:\/\/www.lespetitsbaroudeurs.com\/blog\/#personlogo\",\"inLanguage\":\"fr-FR\",\"url\":\"https:\/\/secure.gravatar.com\/avatar\/f3196c6923379068e921575c340f8486?s=96&d=mm&r=g\",\"caption\":\"C\\u00e9line Lacombe\"},\"description\":\"Amoureuse des montagnes et des voyages, C\\u00e9line est heureuse dans sa tribu familiale avec ses mini baroudeurs et son homme. La cr\\u00e9ation des Petits Baroudeurs est la suite logique de sa passion pour sa famille et pour l'outdoor.\"}]}<\/script>\n<!-- \/ Yoast SEO plugin. -->","_links":{"self":[{"href":"https:\/\/www.lespetitsbaroudeurs.com\/blog\/wp-json\/wp\/v2\/posts\/9437"}],"collection":[{"href":"https:\/\/www.lespetitsbaroudeurs.com\/blog\/wp-json\/wp\/v2\/posts"}],"about":[{"href":"https:\/\/www.lespetitsbaroudeurs.com\/blog\/wp-json\/wp\/v2\/types\/post"}],"author":[{"embeddable":true,"href":"https:\/\/www.lespetitsbaroudeurs.com\/blog\/wp-json\/wp\/v2\/users\/36"}],"replies":[{"embeddable":true,"href":"https:\/\/www.lespetitsbaroudeurs.com\/blog\/wp-json\/wp\/v2\/comments?post=9437"}],"version-history":[{"count":10,"href":"https:\/\/www.lespetitsbaroudeurs.com\/blog\/wp-json\/wp\/v2\/posts\/9437\/revisions"}],"predecessor-version":[{"id":9475,"href":"https:\/\/www.lespetitsbaroudeurs.com\/blog\/wp-json\/wp\/v2\/posts\/9437\/revisions\/9475"}],"wp:featuredmedia":[{"embeddable":true,"href":"https:\/\/www.lespetitsbaroudeurs.com\/blog\/wp-json\/wp\/v2\/media\/9462"}],"wp:attachment":[{"href":"https:\/\/www.lespetitsbaroudeurs.com\/blog\/wp-json\/wp\/v2\/media?parent=9437"}],"wp:term":[{"taxonomy":"category","embeddable":true,"href":"https:\/\/www.lespetitsbaroudeurs.com\/blog\/wp-json\/wp\/v2\/categories?post=9437"},{"taxonomy":"post_tag","embeddable":true,"href":"https:\/\/www.lespetitsbaroudeurs.com\/blog\/wp-json\/wp\/v2\/tags?post=9437"}],"curies":[{"name":"wp","href":"https:\/\/api.w.org\/{rel}","templated":true}]}}