{"id":90,"name":"Lucie et J\u00e9r\u00e9my","url":"","description":"Il n'y a pas d'\u00e2ge pour vivre l'aventure. \r\n\r\nHabitant au pied des montagnes (Hautes-Alpes), Lucie 31 ans, J\u00e9r\u00e9my 35 ans et Cl\u00e9ment (2021) aiment passer du temps \u00e0 crapahuter en montagne \u00e0 pied ou \u00e0 v\u00e9lo.\r\n\r\nDurant sa premi\u00e8re ann\u00e9e de vie le mini baroudeur Cl\u00e9ment, s\u2019est \u00e9lanc\u00e9 avec ses parents pour son premier grand voyage de 5 mois : un road trip en van en Scandinavie, se terminant par 15 jours d\u2019itin\u00e9rance \u00e0 v\u00e9lo en Bretagne. \r\n\r\nAdepte d\u2019activit\u00e9s outdoor mais aussi de nuits sous tente, cette petite famille aime relever de nouveaux challenges et bien s\u00fbr ils n\u2019ont qu\u2019une h\u00e2te : repartir \u00e0 l\u2019aventure en famille ! Leurs prochaines escapades s\u2019accompagneront de leur toute nouvelle tente de toit.","link":"https:\/\/www.lespetitsbaroudeurs.com\/blog\/author\/dodosoustente\/","slug":"dodosoustente","avatar_urls":{"24":"https:\/\/secure.gravatar.com\/avatar\/ff8099b297db075be653dafd8277fa84?s=24&d=mm&r=g","48":"https:\/\/secure.gravatar.com\/avatar\/ff8099b297db075be653dafd8277fa84?s=48&d=mm&r=g","96":"https:\/\/secure.gravatar.com\/avatar\/ff8099b297db075be653dafd8277fa84?s=96&d=mm&r=g"},"meta":[],"yoast_head":"<!-- This site is optimized with the Yoast SEO plugin v14.9 - https:\/\/yoast.com\/wordpress\/plugins\/seo\/ -->\n<title>Lucie et J\u00e9r\u00e9my, auteur sur Les Petits Baroudeurs<\/title>\n<meta name=\"description\" content=\"Il n&#039;y a pas d&#039;\u00e2ge pour vivre l&#039;aventure. Habitant au pied des montagnes (Hautes-Alpes), Lucie 32 ans, J\u00e9r\u00e9my 36 ans et Cl\u00e9ment (2021) aiment passer du temps \u00e0 crapahuter en montagne \u00e0 pied ou \u00e0 v\u00e9lo. Durant sa premi\u00e8re ann\u00e9e de vie le mini baroudeur Cl\u00e9ment, s\u2019est \u00e9lanc\u00e9 avec ses parents pour son premier grand voyage de 5 mois : un road trip en van en Scandinavie, se terminant par 15 jours d\u2019itin\u00e9rance \u00e0 v\u00e9lo en Bretagne. Adepte d\u2019activit\u00e9s outdoor mais aussi de nuits sous tente, cette petite famille aime relever de nouveaux challenges et bien s\u00fbr ils n\u2019ont qu\u2019une h\u00e2te : repartir \u00e0 l\u2019aventure en famille ! Leurs prochaines escapades s\u2019accompagneront de leur toute nouvelle tente de toit.\" \/>\n<meta name=\"robots\" content=\"index, follow, max-snippet:-1, max-image-preview:large, max-video-preview:-1\" \/>\n<link rel=\"canonical\" href=\"https:\/\/www.lespetitsbaroudeurs.com\/blog\/author\/dodosoustente\/\" \/>\n<meta property=\"og:locale\" content=\"fr_FR\" \/>\n<meta property=\"og:type\" content=\"profile\" \/>\n<meta property=\"og:title\" content=\"Lucie et J\u00e9r\u00e9my, auteur sur Les Petits Baroudeurs\" \/>\n<meta property=\"og:description\" content=\"Il n&#039;y a pas d&#039;\u00e2ge pour vivre l&#039;aventure. Habitant au pied des montagnes (Hautes-Alpes), Lucie 32 ans, J\u00e9r\u00e9my 36 ans et Cl\u00e9ment (2021) aiment passer du temps \u00e0 crapahuter en montagne \u00e0 pied ou \u00e0 v\u00e9lo. Durant sa premi\u00e8re ann\u00e9e de vie le mini baroudeur Cl\u00e9ment, s\u2019est \u00e9lanc\u00e9 avec ses parents pour son premier grand voyage de 5 mois : un road trip en van en Scandinavie, se terminant par 15 jours d\u2019itin\u00e9rance \u00e0 v\u00e9lo en Bretagne. Adepte d\u2019activit\u00e9s outdoor mais aussi de nuits sous tente, cette petite famille aime relever de nouveaux challenges et bien s\u00fbr ils n\u2019ont qu\u2019une h\u00e2te : repartir \u00e0 l\u2019aventure en famille ! Leurs prochaines escapades s\u2019accompagneront de leur toute nouvelle tente de toit.\" \/>\n<meta property=\"og:url\" content=\"https:\/\/www.lespetitsbaroudeurs.com\/blog\/author\/dodosoustente\/\" \/>\n<meta property=\"og:site_name\" content=\"Les Petits Baroudeurs\" \/>\n<meta property=\"og:image\" content=\"https:\/\/secure.gravatar.com\/avatar\/ff8099b297db075be653dafd8277fa84?s=500&#038;d=mm&#038;r=g\" \/>\n<meta name=\"twitter:card\" content=\"summary_large_image\" \/>\n<script type=\"application\/ld+json\" class=\"yoast-schema-graph\">{\"@context\":\"https:\/\/schema.org\",\"@graph\":[{\"@type\":\"WebSite\",\"@id\":\"https:\/\/www.lespetitsbaroudeurs.com\/blog\/#website\",\"url\":\"https:\/\/www.lespetitsbaroudeurs.com\/blog\/\",\"name\":\"Les Petits Baroudeurs\",\"description\":\"Le Blog de l&#039;aventure en famille !\",\"potentialAction\":[{\"@type\":\"SearchAction\",\"target\":\"https:\/\/www.lespetitsbaroudeurs.com\/blog\/?s={search_term_string}\",\"query-input\":\"required name=search_term_string\"}],\"inLanguage\":\"fr-FR\"},{\"@type\":\"ProfilePage\",\"@id\":\"https:\/\/www.lespetitsbaroudeurs.com\/blog\/author\/dodosoustente\/#webpage\",\"url\":\"https:\/\/www.lespetitsbaroudeurs.com\/blog\/author\/dodosoustente\/\",\"name\":\"Lucie et J\\u00e9r\\u00e9my, auteur sur Les Petits Baroudeurs\",\"isPartOf\":{\"@id\":\"https:\/\/www.lespetitsbaroudeurs.com\/blog\/#website\"},\"description\":\"Il n'y a pas d'\\u00e2ge pour vivre l'aventure. Habitant au pied des montagnes (Hautes-Alpes), Lucie 32 ans, J\\u00e9r\\u00e9my 36 ans et Cl\\u00e9ment (2021) aiment passer du temps \\u00e0 crapahuter en montagne \\u00e0 pied ou \\u00e0 v\\u00e9lo. Durant sa premi\\u00e8re ann\\u00e9e de vie le mini baroudeur Cl\\u00e9ment, s\\u2019est \\u00e9lanc\\u00e9 avec ses parents pour son premier grand voyage de 5 mois : un road trip en van en Scandinavie, se terminant par 15 jours d\\u2019itin\\u00e9rance \\u00e0 v\\u00e9lo en Bretagne. Adepte d\\u2019activit\\u00e9s outdoor mais aussi de nuits sous tente, cette petite famille aime relever de nouveaux challenges et bien s\\u00fbr ils n\\u2019ont qu\\u2019une h\\u00e2te : repartir \\u00e0 l\\u2019aventure en famille ! Leurs prochaines escapades s\\u2019accompagneront de leur toute nouvelle tente de toit.\",\"inLanguage\":\"fr-FR\",\"potentialAction\":[{\"@type\":\"ReadAction\",\"target\":[\"https:\/\/www.lespetitsbaroudeurs.com\/blog\/author\/dodosoustente\/\"]}]},{\"@type\":\"Person\",\"@id\":\"https:\/\/www.lespetitsbaroudeurs.com\/blog\/#\/schema\/person\/4ade34525a26dc5a2b50a57fec21b2e9\",\"name\":\"Lucie et J\\u00e9r\\u00e9my\",\"image\":{\"@type\":\"ImageObject\",\"@id\":\"https:\/\/www.lespetitsbaroudeurs.com\/blog\/#personlogo\",\"inLanguage\":\"fr-FR\",\"url\":\"https:\/\/secure.gravatar.com\/avatar\/ff8099b297db075be653dafd8277fa84?s=96&d=mm&r=g\",\"caption\":\"Lucie et J\\u00e9r\\u00e9my\"},\"description\":\"Il n'y a pas d'\\u00e2ge pour vivre l'aventure. Habitant au pied des montagnes (Hautes-Alpes), Lucie 31 ans, J\\u00e9r\\u00e9my 35 ans et Cl\\u00e9ment (2021) aiment passer du temps \\u00e0 crapahuter en montagne \\u00e0 pied ou \\u00e0 v\\u00e9lo. Durant sa premi\\u00e8re ann\\u00e9e de vie le mini baroudeur Cl\\u00e9ment, s\\u2019est \\u00e9lanc\\u00e9 avec ses parents pour son premier grand voyage de 5 mois : un road trip en van en Scandinavie, se terminant par 15 jours d\\u2019itin\\u00e9rance \\u00e0 v\\u00e9lo en Bretagne. Adepte d\\u2019activit\\u00e9s outdoor mais aussi de nuits sous tente, cette petite famille aime relever de nouveaux challenges et bien s\\u00fbr ils n\\u2019ont qu\\u2019une h\\u00e2te : repartir \\u00e0 l\\u2019aventure en famille ! Leurs prochaines escapades s\\u2019accompagneront de leur toute nouvelle tente de toit.\",\"mainEntityOfPage\":{\"@id\":\"https:\/\/www.lespetitsbaroudeurs.com\/blog\/author\/dodosoustente\/#webpage\"}}]}<\/script>\n<!-- \/ Yoast SEO plugin. -->","_links":{"self":[{"href":"https:\/\/www.lespetitsbaroudeurs.com\/blog\/wp-json\/wp\/v2\/users\/90"}],"collection":[{"href":"https:\/\/www.lespetitsbaroudeurs.com\/blog\/wp-json\/wp\/v2\/users"}]}}