{"id":98,"name":"La Cedi and Clo family","url":"","description":"Nous, c\u2019est C\u00e9dric &amp; Chlo\u00e9, on a la bougeotte dans l\u2019\u00e2me. On essaie de transmettre notre go\u00fbt pour la d\u00e9couverte et l\u2019aventure \u00e0 notre petite tribu. On est tomb\u00e9 amoureux tout jeune l\u2019un de l\u2019autre gr\u00e2ce \u00e0 nos passions communes pour le go\u00fbt de l\u2019aventure, de la montagne et la d\u00e9couverte de nouveaux horizons.\r\nApr\u00e8s avoir bien bourlingu\u00e9 \u00e0 deux (2 ans de tour du monde et autres micro-aventures), nous avons cr\u00e9\u00e9 notre famille\u2026\r\n\r\nNoa (8 ans), ouvre le bal, en sac de portage, en carriole, en weehoo, \u00e0 pied puis \u00e0 v\u00e9lo. Il aime la nature, r\u00eave en permanence, aimerait gravir un maximum de sommet. C\u2019est un aventurier dans l\u2019\u00e2me mais moins dans la pratique.\r\nDeux ans et demi apr\u00e8s, Ma\u00ebl (5 ans) est arriv\u00e9 ! Il commence t\u00f4t la vadrouille d\u2019abord en portage puis en wehoo derri\u00e8re nous, en v\u00e9lo et la marche un vrai petit Izard\u2026 Il aime partir \u00e0 l\u2019aventure en v\u00e9lo, dormir dans la voiture en road trip. Mais d\u00e9teste nous quitter.\r\nQuatre ans plus tard, c\u2019est Lou (9 mois) qui vient de nous rejoindre et cl\u00f4t la tribu. Notre petit rayon de soleil, il a le sourire aux l\u00e8vres, il a d\u00e9j\u00e0 vadrouill\u00e9 \u00e0 v\u00e9lo en Vend\u00e9e, puis fait de nombreuses randonn\u00e9es dans les Pyr\u00e9n\u00e9es atlantiques, dormit sous les \u00e9toiles en tente de toit tout l\u2019\u00e9t\u00e9 ! Il aime manger tout ce qui lui passe sous la main ! Les promenades en portage et cumule d\u00e9j\u00e0 bon nombre de kilom\u00e8tres \u00e0 son compteur !","link":"https:\/\/www.lespetitsbaroudeurs.com\/blog\/author\/la-cedi-and-clo-family\/","slug":"la-cedi-and-clo-family","avatar_urls":{"24":"https:\/\/secure.gravatar.com\/avatar\/de69f6a4699a4f42b211cf3b491e30b9?s=24&d=mm&r=g","48":"https:\/\/secure.gravatar.com\/avatar\/de69f6a4699a4f42b211cf3b491e30b9?s=48&d=mm&r=g","96":"https:\/\/secure.gravatar.com\/avatar\/de69f6a4699a4f42b211cf3b491e30b9?s=96&d=mm&r=g"},"meta":[],"yoast_head":"<!-- This site is optimized with the Yoast SEO plugin v14.9 - https:\/\/yoast.com\/wordpress\/plugins\/seo\/ -->\n<title>La Cedi and Clo family, auteur sur Les Petits Baroudeurs<\/title>\n<meta name=\"robots\" content=\"index, follow, max-snippet:-1, max-image-preview:large, max-video-preview:-1\" \/>\n<link rel=\"canonical\" href=\"https:\/\/www.lespetitsbaroudeurs.com\/blog\/author\/la-cedi-and-clo-family\/\" \/>\n<meta property=\"og:locale\" content=\"fr_FR\" \/>\n<meta property=\"og:type\" content=\"profile\" \/>\n<meta property=\"og:title\" content=\"La Cedi and Clo family, auteur sur Les Petits Baroudeurs\" \/>\n<meta property=\"og:url\" content=\"https:\/\/www.lespetitsbaroudeurs.com\/blog\/author\/la-cedi-and-clo-family\/\" \/>\n<meta property=\"og:site_name\" content=\"Les Petits Baroudeurs\" \/>\n<meta property=\"og:image\" content=\"https:\/\/secure.gravatar.com\/avatar\/de69f6a4699a4f42b211cf3b491e30b9?s=500&#038;d=mm&#038;r=g\" \/>\n<meta name=\"twitter:card\" content=\"summary_large_image\" \/>\n<script type=\"application\/ld+json\" class=\"yoast-schema-graph\">{\"@context\":\"https:\/\/schema.org\",\"@graph\":[{\"@type\":\"WebSite\",\"@id\":\"https:\/\/www.lespetitsbaroudeurs.com\/blog\/#website\",\"url\":\"https:\/\/www.lespetitsbaroudeurs.com\/blog\/\",\"name\":\"Les Petits Baroudeurs\",\"description\":\"Le Blog de l&#039;aventure en famille !\",\"potentialAction\":[{\"@type\":\"SearchAction\",\"target\":\"https:\/\/www.lespetitsbaroudeurs.com\/blog\/?s={search_term_string}\",\"query-input\":\"required name=search_term_string\"}],\"inLanguage\":\"fr-FR\"},{\"@type\":\"ProfilePage\",\"@id\":\"https:\/\/www.lespetitsbaroudeurs.com\/blog\/author\/la-cedi-and-clo-family\/#webpage\",\"url\":\"https:\/\/www.lespetitsbaroudeurs.com\/blog\/author\/la-cedi-and-clo-family\/\",\"name\":\"La Cedi and Clo family, auteur sur Les Petits Baroudeurs\",\"isPartOf\":{\"@id\":\"https:\/\/www.lespetitsbaroudeurs.com\/blog\/#website\"},\"inLanguage\":\"fr-FR\",\"potentialAction\":[{\"@type\":\"ReadAction\",\"target\":[\"https:\/\/www.lespetitsbaroudeurs.com\/blog\/author\/la-cedi-and-clo-family\/\"]}]},{\"@type\":\"Person\",\"@id\":\"https:\/\/www.lespetitsbaroudeurs.com\/blog\/#\/schema\/person\/8871de4d95ddcc6c2a41d40d736c6a68\",\"name\":\"La Cedi and Clo family\",\"image\":{\"@type\":\"ImageObject\",\"@id\":\"https:\/\/www.lespetitsbaroudeurs.com\/blog\/#personlogo\",\"inLanguage\":\"fr-FR\",\"url\":\"https:\/\/secure.gravatar.com\/avatar\/de69f6a4699a4f42b211cf3b491e30b9?s=96&d=mm&r=g\",\"caption\":\"La Cedi and Clo family\"},\"description\":\"Nous, c\\u2019est C\\u00e9dric &amp; Chlo\\u00e9, on a la bougeotte dans l\\u2019\\u00e2me. On essaie de transmettre notre go\\u00fbt pour la d\\u00e9couverte et l\\u2019aventure \\u00e0 notre petite tribu. On est tomb\\u00e9 amoureux tout jeune l\\u2019un de l\\u2019autre gr\\u00e2ce \\u00e0 nos passions communes pour le go\\u00fbt de l\\u2019aventure, de la montagne et la d\\u00e9couverte de nouveaux horizons. Apr\\u00e8s avoir bien bourlingu\\u00e9 \\u00e0 deux (2 ans de tour du monde et autres micro-aventures), nous avons cr\\u00e9\\u00e9 notre famille\\u2026 Noa (8 ans), ouvre le bal, en sac de portage, en carriole, en weehoo, \\u00e0 pied puis \\u00e0 v\\u00e9lo. Il aime la nature, r\\u00eave en permanence, aimerait gravir un maximum de sommet. C\\u2019est un aventurier dans l\\u2019\\u00e2me mais moins dans la pratique. Deux ans et demi apr\\u00e8s, Ma\\u00ebl (5 ans) est arriv\\u00e9 ! Il commence t\\u00f4t la vadrouille d\\u2019abord en portage puis en wehoo derri\\u00e8re nous, en v\\u00e9lo et la marche un vrai petit Izard\\u2026 Il aime partir \\u00e0 l\\u2019aventure en v\\u00e9lo, dormir dans la voiture en road trip. Mais d\\u00e9teste nous quitter. Quatre ans plus tard, c\\u2019est Lou (9 mois) qui vient de nous rejoindre et cl\\u00f4t la tribu. Notre petit rayon de soleil, il a le sourire aux l\\u00e8vres, il a d\\u00e9j\\u00e0 vadrouill\\u00e9 \\u00e0 v\\u00e9lo en Vend\\u00e9e, puis fait de nombreuses randonn\\u00e9es dans les Pyr\\u00e9n\\u00e9es atlantiques, dormit sous les \\u00e9toiles en tente de toit tout l\\u2019\\u00e9t\\u00e9 ! Il aime manger tout ce qui lui passe sous la main ! Les promenades en portage et cumule d\\u00e9j\\u00e0 bon nombre de kilom\\u00e8tres \\u00e0 son compteur !\",\"sameAs\":[\"https:\/\/www.instagram.com\/cediandclo_family\/?hl=fr\"],\"mainEntityOfPage\":{\"@id\":\"https:\/\/www.lespetitsbaroudeurs.com\/blog\/author\/la-cedi-and-clo-family\/#webpage\"}}]}<\/script>\n<!-- \/ Yoast SEO plugin. -->","_links":{"self":[{"href":"https:\/\/www.lespetitsbaroudeurs.com\/blog\/wp-json\/wp\/v2\/users\/98"}],"collection":[{"href":"https:\/\/www.lespetitsbaroudeurs.com\/blog\/wp-json\/wp\/v2\/users"}]}}